{"id":4056,"date":"2021-05-15T08:36:39","date_gmt":"2021-05-15T12:36:39","guid":{"rendered":"https:\/\/www.eldiario.net\/portal\/?p=4056"},"modified":"2021-05-15T08:36:39","modified_gmt":"2021-05-15T12:36:39","slug":"exdiputado-denuncia-persecucion-del-gobierno-contra-miembros-de-la-policia","status":"publish","type":"post","link":"https:\/\/www.eldiario.net\/portal\/2021\/05\/15\/exdiputado-denuncia-persecucion-del-gobierno-contra-miembros-de-la-policia\/","title":{"rendered":"Exdiputado denuncia persecuci\u00f3n del  Gobierno contra miembros de la Polic\u00eda"},"content":{"rendered":"<p>Tras denunciar que desde el Gobierno se instruy\u00f3 elaborar listas de los efectivos policiales que estuvieron de servicio durante los hechos de octubre y noviembre de 2019, el exdiputado Am\u00edlcar Barral se\u00f1al\u00f3 que mediante el Viceministerio de Descolonizaci\u00f3n se pretende amedrentar y perseguir a los polic\u00edas que defendieron a la poblaci\u00f3n de grupos delincuenciales que ejerc\u00edan violencia.<br \/>\nDesde su cuenta de Twitter, el exparlamentario hizo p\u00fablico un memor\u00e1ndum en el que se instruye a distintas unidades de la Polic\u00eda Boliviana elaborar un listado de todos los uniformados que estuvieron de servicio durante la llegada de Luis Fernando Camacho a la sede de Gobierno, el d\u00eda del mot\u00edn a nivel nacional, cuando se produjo el desconocimiento a la wiphala y cuando se impidi\u00f3 el paso de la exsenadora Adriana Salvatierra a plaza Murillo.<br \/>\nBarral se\u00f1al\u00f3 que el Gobierno usa el Viceministerio de Descolonizaci\u00f3n para obtener informaci\u00f3n de los polic\u00edas que se encontraban de servicio durante las jornadas de crisis post electoral vividas en el a\u00f1o 2019.<br \/>\n\u201cEl Gobierno utilizando a su Viceministro de Descolonizaci\u00f3n, inician persecuci\u00f3n pol\u00edtica contra polic\u00edas y oficiales que defendieron la democracia del fraude del 2019, cuando delincuentes atacaban a personas, domicilios e instituciones\u201d, comparti\u00f3 desde sus redes sociales.<br \/>\nLa exautoridad se\u00f1al\u00f3 que la ciudadan\u00eda no permitir\u00e1 que se persiga a los efectivos policiales que protegieron a la ciudad de grupos de personas que con violencia intentaron sembrar el terror para desestabilizar al Estado, y de ser necesario \u201cla poblaci\u00f3n defender\u00e1 en las calles a su Polic\u00eda\u201d, dijo.<br \/>\nAdem\u00e1s, desafi\u00f3 p\u00fablicamente al viceministro de Descolonizaci\u00f3n Pelagio Condori Yana, a debatir sobre los hechos sucedidos en el pa\u00eds tras el fraude electoral que deriv\u00f3 en la renuncia de Evo Morales.<\/p>\n","protected":false},"excerpt":{"rendered":"<p>Tras denunciar que desde el Gobierno se instruy\u00f3 elaborar listas de los efectivos policiales que estuvieron de servicio durante los hechos de octubre y noviembre de 2019, el exdiputado Am\u00edlcar Barral se\u00f1al\u00f3 que mediante el Viceministerio de Descolonizaci\u00f3n se pretende amedrentar y perseguir a los polic\u00edas que defendieron a la poblaci\u00f3n de grupos delincuenciales que [&hellip;]<\/p>\n","protected":false},"author":1,"featured_media":0,"comment_status":"closed","ping_status":"closed","sticky":false,"template":"","format":"standard","meta":{"_acf_changed":false,"footnotes":""},"categories":[14],"tags":[],"class_list":["post-4056","post","type-post","status-publish","format-standard","category-politica"],"acf":{"antetitulo":""},"yoast_head":"<!-- This site is optimized with the Yoast SEO plugin v28.3 - https:\/\/yoast.com\/product\/yoast-seo-wordpress\/ -->\n<title>Exdiputado denuncia persecuci\u00f3n del Gobierno contra miembros de la Polic\u00eda - El Diario - Bolivia<\/title>\n<meta name=\"robots\" content=\"index, follow, max-snippet:-1, max-image-preview:large, max-video-preview:-1\" \/>\n<link rel=\"canonical\" href=\"https:\/\/www.eldiario.net\/portal\/2021\/05\/15\/exdiputado-denuncia-persecucion-del-gobierno-contra-miembros-de-la-policia\/\" \/>\n<meta property=\"og:locale\" content=\"es_ES\" \/>\n<meta property=\"og:type\" content=\"article\" \/>\n<meta property=\"og:title\" content=\"Exdiputado denuncia persecuci\u00f3n del Gobierno contra miembros de la Polic\u00eda - El Diario - Bolivia\" \/>\n<meta property=\"og:description\" content=\"Tras denunciar que desde el Gobierno se instruy\u00f3 elaborar listas de los efectivos policiales que estuvieron de servicio durante los hechos de octubre y noviembre de 2019, el exdiputado Am\u00edlcar Barral se\u00f1al\u00f3 que mediante el Viceministerio de Descolonizaci\u00f3n se pretende amedrentar y perseguir a los polic\u00edas que defendieron a la poblaci\u00f3n de grupos delincuenciales que [&hellip;]\" \/>\n<meta property=\"og:url\" content=\"https:\/\/www.eldiario.net\/portal\/2021\/05\/15\/exdiputado-denuncia-persecucion-del-gobierno-contra-miembros-de-la-policia\/\" \/>\n<meta property=\"og:site_name\" content=\"El Diario - Bolivia\" \/>\n<meta property=\"article:publisher\" content=\"https:\/\/www.facebook.com\/eldiario.bolivia\/\" \/>\n<meta property=\"article:published_time\" content=\"2021-05-15T12:36:39+00:00\" \/>\n<meta name=\"author\" content=\"Jeanette\" \/>\n<meta name=\"twitter:card\" content=\"summary_large_image\" \/>\n<meta name=\"twitter:creator\" content=\"@eldiario_net\" \/>\n<meta name=\"twitter:site\" content=\"@eldiario_net\" \/>\n<meta name=\"twitter:label1\" content=\"Escrito por\" \/>\n\t<meta name=\"twitter:data1\" content=\"Jeanette\" \/>\n\t<meta name=\"twitter:label2\" content=\"Tiempo de lectura\" \/>\n\t<meta name=\"twitter:data2\" content=\"2 minutos\" \/>\n<script type=\"application\/ld+json\" class=\"yoast-schema-graph\">{\"@context\":\"https:\\\/\\\/schema.org\",\"@graph\":[{\"@type\":\"Article\",\"@id\":\"https:\\\/\\\/www.eldiario.net\\\/portal\\\/2021\\\/05\\\/15\\\/exdiputado-denuncia-persecucion-del-gobierno-contra-miembros-de-la-policia\\\/#article\",\"isPartOf\":{\"@id\":\"https:\\\/\\\/www.eldiario.net\\\/portal\\\/2021\\\/05\\\/15\\\/exdiputado-denuncia-persecucion-del-gobierno-contra-miembros-de-la-policia\\\/\"},\"author\":{\"name\":\"Jeanette\",\"@id\":\"https:\\\/\\\/www.eldiario.net\\\/portal\\\/#\\\/schema\\\/person\\\/f46445640444750d7d753ccd04ae01b7\"},\"headline\":\"Exdiputado denuncia persecuci\u00f3n del Gobierno contra miembros de la Polic\u00eda\",\"datePublished\":\"2021-05-15T12:36:39+00:00\",\"mainEntityOfPage\":{\"@id\":\"https:\\\/\\\/www.eldiario.net\\\/portal\\\/2021\\\/05\\\/15\\\/exdiputado-denuncia-persecucion-del-gobierno-contra-miembros-de-la-policia\\\/\"},\"wordCount\":318,\"publisher\":{\"@id\":\"https:\\\/\\\/www.eldiario.net\\\/portal\\\/#organization\"},\"articleSection\":[\"Pol\u00edtica\"],\"inLanguage\":\"es\"},{\"@type\":\"WebPage\",\"@id\":\"https:\\\/\\\/www.eldiario.net\\\/portal\\\/2021\\\/05\\\/15\\\/exdiputado-denuncia-persecucion-del-gobierno-contra-miembros-de-la-policia\\\/\",\"url\":\"https:\\\/\\\/www.eldiario.net\\\/portal\\\/2021\\\/05\\\/15\\\/exdiputado-denuncia-persecucion-del-gobierno-contra-miembros-de-la-policia\\\/\",\"name\":\"Exdiputado denuncia persecuci\u00f3n del Gobierno contra miembros de la Polic\u00eda - El Diario - Bolivia\",\"isPartOf\":{\"@id\":\"https:\\\/\\\/www.eldiario.net\\\/portal\\\/#website\"},\"datePublished\":\"2021-05-15T12:36:39+00:00\",\"breadcrumb\":{\"@id\":\"https:\\\/\\\/www.eldiario.net\\\/portal\\\/2021\\\/05\\\/15\\\/exdiputado-denuncia-persecucion-del-gobierno-contra-miembros-de-la-policia\\\/#breadcrumb\"},\"inLanguage\":\"es\",\"potentialAction\":[{\"@type\":\"ReadAction\",\"target\":[\"https:\\\/\\\/www.eldiario.net\\\/portal\\\/2021\\\/05\\\/15\\\/exdiputado-denuncia-persecucion-del-gobierno-contra-miembros-de-la-policia\\\/\"]}]},{\"@type\":\"BreadcrumbList\",\"@id\":\"https:\\\/\\\/www.eldiario.net\\\/portal\\\/2021\\\/05\\\/15\\\/exdiputado-denuncia-persecucion-del-gobierno-contra-miembros-de-la-policia\\\/#breadcrumb\",\"itemListElement\":[{\"@type\":\"ListItem\",\"position\":1,\"name\":\"Portada\",\"item\":\"https:\\\/\\\/www.eldiario.net\\\/portal\\\/\"},{\"@type\":\"ListItem\",\"position\":2,\"name\":\"Exdiputado denuncia persecuci\u00f3n del Gobierno contra miembros de la Polic\u00eda\"}]},{\"@type\":\"WebSite\",\"@id\":\"https:\\\/\\\/www.eldiario.net\\\/portal\\\/#website\",\"url\":\"https:\\\/\\\/www.eldiario.net\\\/portal\\\/\",\"name\":\"El Diario - Decano de la prensa nacional\",\"description\":\"El Diario - Decano de la prensa nacional\",\"publisher\":{\"@id\":\"https:\\\/\\\/www.eldiario.net\\\/portal\\\/#organization\"},\"potentialAction\":[{\"@type\":\"SearchAction\",\"target\":{\"@type\":\"EntryPoint\",\"urlTemplate\":\"https:\\\/\\\/www.eldiario.net\\\/portal\\\/?s={search_term_string}\"},\"query-input\":{\"@type\":\"PropertyValueSpecification\",\"valueRequired\":true,\"valueName\":\"search_term_string\"}}],\"inLanguage\":\"es\"},{\"@type\":\"Organization\",\"@id\":\"https:\\\/\\\/www.eldiario.net\\\/portal\\\/#organization\",\"name\":\"El Diario - Decano de la prensa nacional\",\"url\":\"https:\\\/\\\/www.eldiario.net\\\/portal\\\/\",\"logo\":{\"@type\":\"ImageObject\",\"inLanguage\":\"es\",\"@id\":\"https:\\\/\\\/www.eldiario.net\\\/portal\\\/#\\\/schema\\\/logo\\\/image\\\/\",\"url\":\"https:\\\/\\\/www.eldiario.net\\\/portal\\\/wp-content\\\/uploads\\\/2023\\\/07\\\/logo_ED.jpg\",\"contentUrl\":\"https:\\\/\\\/www.eldiario.net\\\/portal\\\/wp-content\\\/uploads\\\/2023\\\/07\\\/logo_ED.jpg\",\"width\":272,\"height\":52,\"caption\":\"El Diario - Decano de la prensa nacional\"},\"image\":{\"@id\":\"https:\\\/\\\/www.eldiario.net\\\/portal\\\/#\\\/schema\\\/logo\\\/image\\\/\"},\"sameAs\":[\"https:\\\/\\\/www.facebook.com\\\/eldiario.bolivia\\\/\",\"https:\\\/\\\/x.com\\\/eldiario_net\"]},{\"@type\":\"Person\",\"@id\":\"https:\\\/\\\/www.eldiario.net\\\/portal\\\/#\\\/schema\\\/person\\\/f46445640444750d7d753ccd04ae01b7\",\"name\":\"Jeanette\",\"image\":{\"@type\":\"ImageObject\",\"inLanguage\":\"es\",\"@id\":\"https:\\\/\\\/secure.gravatar.com\\\/avatar\\\/3ea2118a5f7dad2b7138b1187a6b7ee55f160b9968b66013c3a3ef39dd7e5798?s=96&d=mm&r=g\",\"url\":\"https:\\\/\\\/secure.gravatar.com\\\/avatar\\\/3ea2118a5f7dad2b7138b1187a6b7ee55f160b9968b66013c3a3ef39dd7e5798?s=96&d=mm&r=g\",\"contentUrl\":\"https:\\\/\\\/secure.gravatar.com\\\/avatar\\\/3ea2118a5f7dad2b7138b1187a6b7ee55f160b9968b66013c3a3ef39dd7e5798?s=96&d=mm&r=g\",\"caption\":\"Jeanette\"},\"sameAs\":[\"https:\\\/\\\/www.eldiario.net\\\/portal\"],\"url\":\"https:\\\/\\\/www.eldiario.net\\\/portal\\\/author\\\/jeanette\\\/\"}]}<\/script>\n<!-- \/ Yoast SEO plugin. -->","yoast_head_json":{"title":"Exdiputado denuncia persecuci\u00f3n del Gobierno contra miembros de la Polic\u00eda - El Diario - Bolivia","robots":{"index":"index","follow":"follow","max-snippet":"max-snippet:-1","max-image-preview":"max-image-preview:large","max-video-preview":"max-video-preview:-1"},"canonical":"https:\/\/www.eldiario.net\/portal\/2021\/05\/15\/exdiputado-denuncia-persecucion-del-gobierno-contra-miembros-de-la-policia\/","og_locale":"es_ES","og_type":"article","og_title":"Exdiputado denuncia persecuci\u00f3n del Gobierno contra miembros de la Polic\u00eda - El Diario - Bolivia","og_description":"Tras denunciar que desde el Gobierno se instruy\u00f3 elaborar listas de los efectivos policiales que estuvieron de servicio durante los hechos de octubre y noviembre de 2019, el exdiputado Am\u00edlcar Barral se\u00f1al\u00f3 que mediante el Viceministerio de Descolonizaci\u00f3n se pretende amedrentar y perseguir a los polic\u00edas que defendieron a la poblaci\u00f3n de grupos delincuenciales que [&hellip;]","og_url":"https:\/\/www.eldiario.net\/portal\/2021\/05\/15\/exdiputado-denuncia-persecucion-del-gobierno-contra-miembros-de-la-policia\/","og_site_name":"El Diario - Bolivia","article_publisher":"https:\/\/www.facebook.com\/eldiario.bolivia\/","article_published_time":"2021-05-15T12:36:39+00:00","author":"Jeanette","twitter_card":"summary_large_image","twitter_creator":"@eldiario_net","twitter_site":"@eldiario_net","twitter_misc":{"Escrito por":"Jeanette","Tiempo de lectura":"2 minutos"},"schema":{"@context":"https:\/\/schema.org","@graph":[{"@type":"Article","@id":"https:\/\/www.eldiario.net\/portal\/2021\/05\/15\/exdiputado-denuncia-persecucion-del-gobierno-contra-miembros-de-la-policia\/#article","isPartOf":{"@id":"https:\/\/www.eldiario.net\/portal\/2021\/05\/15\/exdiputado-denuncia-persecucion-del-gobierno-contra-miembros-de-la-policia\/"},"author":{"name":"Jeanette","@id":"https:\/\/www.eldiario.net\/portal\/#\/schema\/person\/f46445640444750d7d753ccd04ae01b7"},"headline":"Exdiputado denuncia persecuci\u00f3n del Gobierno contra miembros de la Polic\u00eda","datePublished":"2021-05-15T12:36:39+00:00","mainEntityOfPage":{"@id":"https:\/\/www.eldiario.net\/portal\/2021\/05\/15\/exdiputado-denuncia-persecucion-del-gobierno-contra-miembros-de-la-policia\/"},"wordCount":318,"publisher":{"@id":"https:\/\/www.eldiario.net\/portal\/#organization"},"articleSection":["Pol\u00edtica"],"inLanguage":"es"},{"@type":"WebPage","@id":"https:\/\/www.eldiario.net\/portal\/2021\/05\/15\/exdiputado-denuncia-persecucion-del-gobierno-contra-miembros-de-la-policia\/","url":"https:\/\/www.eldiario.net\/portal\/2021\/05\/15\/exdiputado-denuncia-persecucion-del-gobierno-contra-miembros-de-la-policia\/","name":"Exdiputado denuncia persecuci\u00f3n del Gobierno contra miembros de la Polic\u00eda - El Diario - Bolivia","isPartOf":{"@id":"https:\/\/www.eldiario.net\/portal\/#website"},"datePublished":"2021-05-15T12:36:39+00:00","breadcrumb":{"@id":"https:\/\/www.eldiario.net\/portal\/2021\/05\/15\/exdiputado-denuncia-persecucion-del-gobierno-contra-miembros-de-la-policia\/#breadcrumb"},"inLanguage":"es","potentialAction":[{"@type":"ReadAction","target":["https:\/\/www.eldiario.net\/portal\/2021\/05\/15\/exdiputado-denuncia-persecucion-del-gobierno-contra-miembros-de-la-policia\/"]}]},{"@type":"BreadcrumbList","@id":"https:\/\/www.eldiario.net\/portal\/2021\/05\/15\/exdiputado-denuncia-persecucion-del-gobierno-contra-miembros-de-la-policia\/#breadcrumb","itemListElement":[{"@type":"ListItem","position":1,"name":"Portada","item":"https:\/\/www.eldiario.net\/portal\/"},{"@type":"ListItem","position":2,"name":"Exdiputado denuncia persecuci\u00f3n del Gobierno contra miembros de la Polic\u00eda"}]},{"@type":"WebSite","@id":"https:\/\/www.eldiario.net\/portal\/#website","url":"https:\/\/www.eldiario.net\/portal\/","name":"El Diario - Decano de la prensa nacional","description":"El Diario - Decano de la prensa nacional","publisher":{"@id":"https:\/\/www.eldiario.net\/portal\/#organization"},"potentialAction":[{"@type":"SearchAction","target":{"@type":"EntryPoint","urlTemplate":"https:\/\/www.eldiario.net\/portal\/?s={search_term_string}"},"query-input":{"@type":"PropertyValueSpecification","valueRequired":true,"valueName":"search_term_string"}}],"inLanguage":"es"},{"@type":"Organization","@id":"https:\/\/www.eldiario.net\/portal\/#organization","name":"El Diario - Decano de la prensa nacional","url":"https:\/\/www.eldiario.net\/portal\/","logo":{"@type":"ImageObject","inLanguage":"es","@id":"https:\/\/www.eldiario.net\/portal\/#\/schema\/logo\/image\/","url":"https:\/\/www.eldiario.net\/portal\/wp-content\/uploads\/2023\/07\/logo_ED.jpg","contentUrl":"https:\/\/www.eldiario.net\/portal\/wp-content\/uploads\/2023\/07\/logo_ED.jpg","width":272,"height":52,"caption":"El Diario - Decano de la prensa nacional"},"image":{"@id":"https:\/\/www.eldiario.net\/portal\/#\/schema\/logo\/image\/"},"sameAs":["https:\/\/www.facebook.com\/eldiario.bolivia\/","https:\/\/x.com\/eldiario_net"]},{"@type":"Person","@id":"https:\/\/www.eldiario.net\/portal\/#\/schema\/person\/f46445640444750d7d753ccd04ae01b7","name":"Jeanette","image":{"@type":"ImageObject","inLanguage":"es","@id":"https:\/\/secure.gravatar.com\/avatar\/3ea2118a5f7dad2b7138b1187a6b7ee55f160b9968b66013c3a3ef39dd7e5798?s=96&d=mm&r=g","url":"https:\/\/secure.gravatar.com\/avatar\/3ea2118a5f7dad2b7138b1187a6b7ee55f160b9968b66013c3a3ef39dd7e5798?s=96&d=mm&r=g","contentUrl":"https:\/\/secure.gravatar.com\/avatar\/3ea2118a5f7dad2b7138b1187a6b7ee55f160b9968b66013c3a3ef39dd7e5798?s=96&d=mm&r=g","caption":"Jeanette"},"sameAs":["https:\/\/www.eldiario.net\/portal"],"url":"https:\/\/www.eldiario.net\/portal\/author\/jeanette\/"}]}},"_links":{"self":[{"href":"https:\/\/www.eldiario.net\/portal\/wp-json\/wp\/v2\/posts\/4056","targetHints":{"allow":["GET"]}}],"collection":[{"href":"https:\/\/www.eldiario.net\/portal\/wp-json\/wp\/v2\/posts"}],"about":[{"href":"https:\/\/www.eldiario.net\/portal\/wp-json\/wp\/v2\/types\/post"}],"author":[{"embeddable":true,"href":"https:\/\/www.eldiario.net\/portal\/wp-json\/wp\/v2\/users\/1"}],"replies":[{"embeddable":true,"href":"https:\/\/www.eldiario.net\/portal\/wp-json\/wp\/v2\/comments?post=4056"}],"version-history":[{"count":0,"href":"https:\/\/www.eldiario.net\/portal\/wp-json\/wp\/v2\/posts\/4056\/revisions"}],"wp:attachment":[{"href":"https:\/\/www.eldiario.net\/portal\/wp-json\/wp\/v2\/media?parent=4056"}],"wp:term":[{"taxonomy":"category","embeddable":true,"href":"https:\/\/www.eldiario.net\/portal\/wp-json\/wp\/v2\/categories?post=4056"},{"taxonomy":"post_tag","embeddable":true,"href":"https:\/\/www.eldiario.net\/portal\/wp-json\/wp\/v2\/tags?post=4056"}],"curies":[{"name":"wp","href":"https:\/\/api.w.org\/{rel}","templated":true}]}}