{"id":4053,"date":"2021-05-15T08:35:49","date_gmt":"2021-05-15T12:35:49","guid":{"rendered":"https:\/\/www.eldiario.net\/portal\/?p=4053"},"modified":"2021-05-15T08:35:49","modified_gmt":"2021-05-15T12:35:49","slug":"exviceministro-de-anez-con-detencion-preventiva","status":"publish","type":"post","link":"https:\/\/www.eldiario.net\/portal\/2021\/05\/15\/exviceministro-de-anez-con-detencion-preventiva\/","title":{"rendered":"Exviceministro de A\u00f1ez  con detenci\u00f3n preventiva"},"content":{"rendered":"<p>El exviceministro de Transparencia, Guido M., fue enviado ayer con detenci\u00f3n preventiva al penal de San Pedro de La Paz, por cuatro meses, imputado por los presuntos delitos de uso indebido de influencias y resoluciones contrarias a la Constituci\u00f3n y las leyes.<br \/>\nEl jueves, la exautoridad se present\u00f3 a declarar ante la Fiscal\u00eda y qued\u00f3 aprehendido en celdas de la Fuerza Especial de Lucha Contra el Crimen (Felcc) a la espera de su imputaci\u00f3n y anoche la justicia defini\u00f3 su situaci\u00f3n jur\u00eddica.<br \/>\nEn diciembre de 2020, el ministro de Gobierno, Eduardo del Castillo, denunci\u00f3 a Melgar por acceder a la informaci\u00f3n de 592 personas relacionadas con actos de corrupci\u00f3n durante el gobierno de Evo Morales, sin tener autorizaci\u00f3n.<br \/>\nPor este caso tambi\u00e9n son procesados otros dos exfuncionarios del Servicio General de Identificaci\u00f3n Personal (Segip), quienes habr\u00edan facilitado los datos.<br \/>\nEn entrevista anterior con EL DIARIO, el abogado Eusebio Vera explic\u00f3 que la sanci\u00f3n por los delitos que est\u00e1 denunciado la exautoridad es de dos a seis a\u00f1os de privaci\u00f3n de libertad.<br \/>\nTras su aprehensi\u00f3n, el jueves, Guido M. asegur\u00f3 su inocencia aclarando que sus actuados respondieron a un consejo que aprob\u00f3 las listas.<br \/>\n\u201cHubo un consejo que aprob\u00f3 las listas, lo \u00fanico que hice fue solicitar el n\u00famero de carn\u00e9 de identidad de las personas, nada m\u00e1s, ese fue el delito. Creo que es una injusticia. Solicit\u00e9 las listas al Segip dentro de un programa de lucha contra la corrupci\u00f3n establecido en la Ley Marcelo Quiroga Santa Cruz\u201d, aclar\u00f3 Melgar.<br \/>\nEn su gesti\u00f3n, Guido M. fue quien present\u00f3 dos denuncias contra Evo Morales por presunto estupro.<\/p>\n<p>DATOS<br \/>\nImputados por supuestos delitos, con Guido M. son ocho exautoridades de la gesti\u00f3n de la presidente Jeanine A\u00f1ez que fueron enviados con detenci\u00f3n preventiva. Dos extitulares de Salud guardan detenci\u00f3n domiciliaria y existe \u00f3rdenes de aprehensi\u00f3n contra al menos cuatro exministros. La misma expresidenta se encuentra tras las rejas por un presunto golpe de Estado.<br \/>\nLas aprehensiones y posterior encarcelamiento de exautoridades iniciaron diez despu\u00e9s de que Luis Arce jurara como presidente del Estado.<br \/>\nEl primero de la lista fue el exdirector de Migraci\u00f3n, Marcel Rivas, quien fue aprehendido el 19 de noviembre de 2020 y enviado con detenci\u00f3n preventiva un d\u00eda despu\u00e9s, al penal de San Pedro de La Paz.<\/p>\n","protected":false},"excerpt":{"rendered":"<p>El exviceministro de Transparencia, Guido M., fue enviado ayer con detenci\u00f3n preventiva al penal de San Pedro de La Paz, por cuatro meses, imputado por los presuntos delitos de uso indebido de influencias y resoluciones contrarias a la Constituci\u00f3n y las leyes. El jueves, la exautoridad se present\u00f3 a declarar ante la Fiscal\u00eda y qued\u00f3 [&hellip;]<\/p>\n","protected":false},"author":1,"featured_media":4054,"comment_status":"closed","ping_status":"closed","sticky":false,"template":"","format":"standard","meta":{"_acf_changed":false,"footnotes":""},"categories":[39],"tags":[],"class_list":["post-4053","post","type-post","status-publish","format-standard","has-post-thumbnail","category-sociedad"],"acf":{"antetitulo":""},"yoast_head":"<!-- This site is optimized with the Yoast SEO plugin v28.3 - https:\/\/yoast.com\/product\/yoast-seo-wordpress\/ -->\n<title>Exviceministro de A\u00f1ez con detenci\u00f3n preventiva - El Diario - Bolivia<\/title>\n<meta name=\"robots\" content=\"index, follow, max-snippet:-1, max-image-preview:large, max-video-preview:-1\" \/>\n<link rel=\"canonical\" href=\"https:\/\/www.eldiario.net\/portal\/2021\/05\/15\/exviceministro-de-anez-con-detencion-preventiva\/\" \/>\n<meta property=\"og:locale\" content=\"es_ES\" \/>\n<meta property=\"og:type\" content=\"article\" \/>\n<meta property=\"og:title\" content=\"Exviceministro de A\u00f1ez con detenci\u00f3n preventiva - El Diario - Bolivia\" \/>\n<meta property=\"og:description\" content=\"El exviceministro de Transparencia, Guido M., fue enviado ayer con detenci\u00f3n preventiva al penal de San Pedro de La Paz, por cuatro meses, imputado por los presuntos delitos de uso indebido de influencias y resoluciones contrarias a la Constituci\u00f3n y las leyes. El jueves, la exautoridad se present\u00f3 a declarar ante la Fiscal\u00eda y qued\u00f3 [&hellip;]\" \/>\n<meta property=\"og:url\" content=\"https:\/\/www.eldiario.net\/portal\/2021\/05\/15\/exviceministro-de-anez-con-detencion-preventiva\/\" \/>\n<meta property=\"og:site_name\" content=\"El Diario - Bolivia\" \/>\n<meta property=\"article:publisher\" content=\"https:\/\/www.facebook.com\/eldiario.bolivia\/\" \/>\n<meta property=\"article:published_time\" content=\"2021-05-15T12:35:49+00:00\" \/>\n<meta name=\"author\" content=\"Jeanette\" \/>\n<meta name=\"twitter:card\" content=\"summary_large_image\" \/>\n<meta name=\"twitter:creator\" content=\"@eldiario_net\" \/>\n<meta name=\"twitter:site\" content=\"@eldiario_net\" \/>\n<meta name=\"twitter:label1\" content=\"Escrito por\" \/>\n\t<meta name=\"twitter:data1\" content=\"Jeanette\" \/>\n\t<meta name=\"twitter:label2\" content=\"Tiempo de lectura\" \/>\n\t<meta name=\"twitter:data2\" content=\"2 minutos\" \/>\n<script type=\"application\/ld+json\" class=\"yoast-schema-graph\">{\"@context\":\"https:\\\/\\\/schema.org\",\"@graph\":[{\"@type\":\"Article\",\"@id\":\"https:\\\/\\\/www.eldiario.net\\\/portal\\\/2021\\\/05\\\/15\\\/exviceministro-de-anez-con-detencion-preventiva\\\/#article\",\"isPartOf\":{\"@id\":\"https:\\\/\\\/www.eldiario.net\\\/portal\\\/2021\\\/05\\\/15\\\/exviceministro-de-anez-con-detencion-preventiva\\\/\"},\"author\":{\"name\":\"Jeanette\",\"@id\":\"https:\\\/\\\/www.eldiario.net\\\/portal\\\/#\\\/schema\\\/person\\\/f46445640444750d7d753ccd04ae01b7\"},\"headline\":\"Exviceministro de A\u00f1ez con detenci\u00f3n preventiva\",\"datePublished\":\"2021-05-15T12:35:49+00:00\",\"mainEntityOfPage\":{\"@id\":\"https:\\\/\\\/www.eldiario.net\\\/portal\\\/2021\\\/05\\\/15\\\/exviceministro-de-anez-con-detencion-preventiva\\\/\"},\"wordCount\":412,\"publisher\":{\"@id\":\"https:\\\/\\\/www.eldiario.net\\\/portal\\\/#organization\"},\"image\":{\"@id\":\"https:\\\/\\\/www.eldiario.net\\\/portal\\\/2021\\\/05\\\/15\\\/exviceministro-de-anez-con-detencion-preventiva\\\/#primaryimage\"},\"thumbnailUrl\":\"\",\"articleSection\":[\"Sociedad - Seguridad\"],\"inLanguage\":\"es\"},{\"@type\":\"WebPage\",\"@id\":\"https:\\\/\\\/www.eldiario.net\\\/portal\\\/2021\\\/05\\\/15\\\/exviceministro-de-anez-con-detencion-preventiva\\\/\",\"url\":\"https:\\\/\\\/www.eldiario.net\\\/portal\\\/2021\\\/05\\\/15\\\/exviceministro-de-anez-con-detencion-preventiva\\\/\",\"name\":\"Exviceministro de A\u00f1ez con detenci\u00f3n preventiva - El Diario - Bolivia\",\"isPartOf\":{\"@id\":\"https:\\\/\\\/www.eldiario.net\\\/portal\\\/#website\"},\"primaryImageOfPage\":{\"@id\":\"https:\\\/\\\/www.eldiario.net\\\/portal\\\/2021\\\/05\\\/15\\\/exviceministro-de-anez-con-detencion-preventiva\\\/#primaryimage\"},\"image\":{\"@id\":\"https:\\\/\\\/www.eldiario.net\\\/portal\\\/2021\\\/05\\\/15\\\/exviceministro-de-anez-con-detencion-preventiva\\\/#primaryimage\"},\"thumbnailUrl\":\"\",\"datePublished\":\"2021-05-15T12:35:49+00:00\",\"breadcrumb\":{\"@id\":\"https:\\\/\\\/www.eldiario.net\\\/portal\\\/2021\\\/05\\\/15\\\/exviceministro-de-anez-con-detencion-preventiva\\\/#breadcrumb\"},\"inLanguage\":\"es\",\"potentialAction\":[{\"@type\":\"ReadAction\",\"target\":[\"https:\\\/\\\/www.eldiario.net\\\/portal\\\/2021\\\/05\\\/15\\\/exviceministro-de-anez-con-detencion-preventiva\\\/\"]}]},{\"@type\":\"ImageObject\",\"inLanguage\":\"es\",\"@id\":\"https:\\\/\\\/www.eldiario.net\\\/portal\\\/2021\\\/05\\\/15\\\/exviceministro-de-anez-con-detencion-preventiva\\\/#primaryimage\",\"url\":\"\",\"contentUrl\":\"\"},{\"@type\":\"BreadcrumbList\",\"@id\":\"https:\\\/\\\/www.eldiario.net\\\/portal\\\/2021\\\/05\\\/15\\\/exviceministro-de-anez-con-detencion-preventiva\\\/#breadcrumb\",\"itemListElement\":[{\"@type\":\"ListItem\",\"position\":1,\"name\":\"Portada\",\"item\":\"https:\\\/\\\/www.eldiario.net\\\/portal\\\/\"},{\"@type\":\"ListItem\",\"position\":2,\"name\":\"Exviceministro de A\u00f1ez con detenci\u00f3n preventiva\"}]},{\"@type\":\"WebSite\",\"@id\":\"https:\\\/\\\/www.eldiario.net\\\/portal\\\/#website\",\"url\":\"https:\\\/\\\/www.eldiario.net\\\/portal\\\/\",\"name\":\"El Diario - Decano de la prensa nacional\",\"description\":\"El Diario - Decano de la prensa nacional\",\"publisher\":{\"@id\":\"https:\\\/\\\/www.eldiario.net\\\/portal\\\/#organization\"},\"potentialAction\":[{\"@type\":\"SearchAction\",\"target\":{\"@type\":\"EntryPoint\",\"urlTemplate\":\"https:\\\/\\\/www.eldiario.net\\\/portal\\\/?s={search_term_string}\"},\"query-input\":{\"@type\":\"PropertyValueSpecification\",\"valueRequired\":true,\"valueName\":\"search_term_string\"}}],\"inLanguage\":\"es\"},{\"@type\":\"Organization\",\"@id\":\"https:\\\/\\\/www.eldiario.net\\\/portal\\\/#organization\",\"name\":\"El Diario - Decano de la prensa nacional\",\"url\":\"https:\\\/\\\/www.eldiario.net\\\/portal\\\/\",\"logo\":{\"@type\":\"ImageObject\",\"inLanguage\":\"es\",\"@id\":\"https:\\\/\\\/www.eldiario.net\\\/portal\\\/#\\\/schema\\\/logo\\\/image\\\/\",\"url\":\"https:\\\/\\\/www.eldiario.net\\\/portal\\\/wp-content\\\/uploads\\\/2023\\\/07\\\/logo_ED.jpg\",\"contentUrl\":\"https:\\\/\\\/www.eldiario.net\\\/portal\\\/wp-content\\\/uploads\\\/2023\\\/07\\\/logo_ED.jpg\",\"width\":272,\"height\":52,\"caption\":\"El Diario - Decano de la prensa nacional\"},\"image\":{\"@id\":\"https:\\\/\\\/www.eldiario.net\\\/portal\\\/#\\\/schema\\\/logo\\\/image\\\/\"},\"sameAs\":[\"https:\\\/\\\/www.facebook.com\\\/eldiario.bolivia\\\/\",\"https:\\\/\\\/x.com\\\/eldiario_net\"]},{\"@type\":\"Person\",\"@id\":\"https:\\\/\\\/www.eldiario.net\\\/portal\\\/#\\\/schema\\\/person\\\/f46445640444750d7d753ccd04ae01b7\",\"name\":\"Jeanette\",\"image\":{\"@type\":\"ImageObject\",\"inLanguage\":\"es\",\"@id\":\"https:\\\/\\\/secure.gravatar.com\\\/avatar\\\/3ea2118a5f7dad2b7138b1187a6b7ee55f160b9968b66013c3a3ef39dd7e5798?s=96&d=mm&r=g\",\"url\":\"https:\\\/\\\/secure.gravatar.com\\\/avatar\\\/3ea2118a5f7dad2b7138b1187a6b7ee55f160b9968b66013c3a3ef39dd7e5798?s=96&d=mm&r=g\",\"contentUrl\":\"https:\\\/\\\/secure.gravatar.com\\\/avatar\\\/3ea2118a5f7dad2b7138b1187a6b7ee55f160b9968b66013c3a3ef39dd7e5798?s=96&d=mm&r=g\",\"caption\":\"Jeanette\"},\"sameAs\":[\"https:\\\/\\\/www.eldiario.net\\\/portal\"],\"url\":\"https:\\\/\\\/www.eldiario.net\\\/portal\\\/author\\\/jeanette\\\/\"}]}<\/script>\n<!-- \/ Yoast SEO plugin. -->","yoast_head_json":{"title":"Exviceministro de A\u00f1ez con detenci\u00f3n preventiva - El Diario - Bolivia","robots":{"index":"index","follow":"follow","max-snippet":"max-snippet:-1","max-image-preview":"max-image-preview:large","max-video-preview":"max-video-preview:-1"},"canonical":"https:\/\/www.eldiario.net\/portal\/2021\/05\/15\/exviceministro-de-anez-con-detencion-preventiva\/","og_locale":"es_ES","og_type":"article","og_title":"Exviceministro de A\u00f1ez con detenci\u00f3n preventiva - El Diario - Bolivia","og_description":"El exviceministro de Transparencia, Guido M., fue enviado ayer con detenci\u00f3n preventiva al penal de San Pedro de La Paz, por cuatro meses, imputado por los presuntos delitos de uso indebido de influencias y resoluciones contrarias a la Constituci\u00f3n y las leyes. El jueves, la exautoridad se present\u00f3 a declarar ante la Fiscal\u00eda y qued\u00f3 [&hellip;]","og_url":"https:\/\/www.eldiario.net\/portal\/2021\/05\/15\/exviceministro-de-anez-con-detencion-preventiva\/","og_site_name":"El Diario - Bolivia","article_publisher":"https:\/\/www.facebook.com\/eldiario.bolivia\/","article_published_time":"2021-05-15T12:35:49+00:00","author":"Jeanette","twitter_card":"summary_large_image","twitter_creator":"@eldiario_net","twitter_site":"@eldiario_net","twitter_misc":{"Escrito por":"Jeanette","Tiempo de lectura":"2 minutos"},"schema":{"@context":"https:\/\/schema.org","@graph":[{"@type":"Article","@id":"https:\/\/www.eldiario.net\/portal\/2021\/05\/15\/exviceministro-de-anez-con-detencion-preventiva\/#article","isPartOf":{"@id":"https:\/\/www.eldiario.net\/portal\/2021\/05\/15\/exviceministro-de-anez-con-detencion-preventiva\/"},"author":{"name":"Jeanette","@id":"https:\/\/www.eldiario.net\/portal\/#\/schema\/person\/f46445640444750d7d753ccd04ae01b7"},"headline":"Exviceministro de A\u00f1ez con detenci\u00f3n preventiva","datePublished":"2021-05-15T12:35:49+00:00","mainEntityOfPage":{"@id":"https:\/\/www.eldiario.net\/portal\/2021\/05\/15\/exviceministro-de-anez-con-detencion-preventiva\/"},"wordCount":412,"publisher":{"@id":"https:\/\/www.eldiario.net\/portal\/#organization"},"image":{"@id":"https:\/\/www.eldiario.net\/portal\/2021\/05\/15\/exviceministro-de-anez-con-detencion-preventiva\/#primaryimage"},"thumbnailUrl":"","articleSection":["Sociedad - Seguridad"],"inLanguage":"es"},{"@type":"WebPage","@id":"https:\/\/www.eldiario.net\/portal\/2021\/05\/15\/exviceministro-de-anez-con-detencion-preventiva\/","url":"https:\/\/www.eldiario.net\/portal\/2021\/05\/15\/exviceministro-de-anez-con-detencion-preventiva\/","name":"Exviceministro de A\u00f1ez con detenci\u00f3n preventiva - El Diario - Bolivia","isPartOf":{"@id":"https:\/\/www.eldiario.net\/portal\/#website"},"primaryImageOfPage":{"@id":"https:\/\/www.eldiario.net\/portal\/2021\/05\/15\/exviceministro-de-anez-con-detencion-preventiva\/#primaryimage"},"image":{"@id":"https:\/\/www.eldiario.net\/portal\/2021\/05\/15\/exviceministro-de-anez-con-detencion-preventiva\/#primaryimage"},"thumbnailUrl":"","datePublished":"2021-05-15T12:35:49+00:00","breadcrumb":{"@id":"https:\/\/www.eldiario.net\/portal\/2021\/05\/15\/exviceministro-de-anez-con-detencion-preventiva\/#breadcrumb"},"inLanguage":"es","potentialAction":[{"@type":"ReadAction","target":["https:\/\/www.eldiario.net\/portal\/2021\/05\/15\/exviceministro-de-anez-con-detencion-preventiva\/"]}]},{"@type":"ImageObject","inLanguage":"es","@id":"https:\/\/www.eldiario.net\/portal\/2021\/05\/15\/exviceministro-de-anez-con-detencion-preventiva\/#primaryimage","url":"","contentUrl":""},{"@type":"BreadcrumbList","@id":"https:\/\/www.eldiario.net\/portal\/2021\/05\/15\/exviceministro-de-anez-con-detencion-preventiva\/#breadcrumb","itemListElement":[{"@type":"ListItem","position":1,"name":"Portada","item":"https:\/\/www.eldiario.net\/portal\/"},{"@type":"ListItem","position":2,"name":"Exviceministro de A\u00f1ez con detenci\u00f3n preventiva"}]},{"@type":"WebSite","@id":"https:\/\/www.eldiario.net\/portal\/#website","url":"https:\/\/www.eldiario.net\/portal\/","name":"El Diario - Decano de la prensa nacional","description":"El Diario - Decano de la prensa nacional","publisher":{"@id":"https:\/\/www.eldiario.net\/portal\/#organization"},"potentialAction":[{"@type":"SearchAction","target":{"@type":"EntryPoint","urlTemplate":"https:\/\/www.eldiario.net\/portal\/?s={search_term_string}"},"query-input":{"@type":"PropertyValueSpecification","valueRequired":true,"valueName":"search_term_string"}}],"inLanguage":"es"},{"@type":"Organization","@id":"https:\/\/www.eldiario.net\/portal\/#organization","name":"El Diario - Decano de la prensa nacional","url":"https:\/\/www.eldiario.net\/portal\/","logo":{"@type":"ImageObject","inLanguage":"es","@id":"https:\/\/www.eldiario.net\/portal\/#\/schema\/logo\/image\/","url":"https:\/\/www.eldiario.net\/portal\/wp-content\/uploads\/2023\/07\/logo_ED.jpg","contentUrl":"https:\/\/www.eldiario.net\/portal\/wp-content\/uploads\/2023\/07\/logo_ED.jpg","width":272,"height":52,"caption":"El Diario - Decano de la prensa nacional"},"image":{"@id":"https:\/\/www.eldiario.net\/portal\/#\/schema\/logo\/image\/"},"sameAs":["https:\/\/www.facebook.com\/eldiario.bolivia\/","https:\/\/x.com\/eldiario_net"]},{"@type":"Person","@id":"https:\/\/www.eldiario.net\/portal\/#\/schema\/person\/f46445640444750d7d753ccd04ae01b7","name":"Jeanette","image":{"@type":"ImageObject","inLanguage":"es","@id":"https:\/\/secure.gravatar.com\/avatar\/3ea2118a5f7dad2b7138b1187a6b7ee55f160b9968b66013c3a3ef39dd7e5798?s=96&d=mm&r=g","url":"https:\/\/secure.gravatar.com\/avatar\/3ea2118a5f7dad2b7138b1187a6b7ee55f160b9968b66013c3a3ef39dd7e5798?s=96&d=mm&r=g","contentUrl":"https:\/\/secure.gravatar.com\/avatar\/3ea2118a5f7dad2b7138b1187a6b7ee55f160b9968b66013c3a3ef39dd7e5798?s=96&d=mm&r=g","caption":"Jeanette"},"sameAs":["https:\/\/www.eldiario.net\/portal"],"url":"https:\/\/www.eldiario.net\/portal\/author\/jeanette\/"}]}},"_links":{"self":[{"href":"https:\/\/www.eldiario.net\/portal\/wp-json\/wp\/v2\/posts\/4053","targetHints":{"allow":["GET"]}}],"collection":[{"href":"https:\/\/www.eldiario.net\/portal\/wp-json\/wp\/v2\/posts"}],"about":[{"href":"https:\/\/www.eldiario.net\/portal\/wp-json\/wp\/v2\/types\/post"}],"author":[{"embeddable":true,"href":"https:\/\/www.eldiario.net\/portal\/wp-json\/wp\/v2\/users\/1"}],"replies":[{"embeddable":true,"href":"https:\/\/www.eldiario.net\/portal\/wp-json\/wp\/v2\/comments?post=4053"}],"version-history":[{"count":0,"href":"https:\/\/www.eldiario.net\/portal\/wp-json\/wp\/v2\/posts\/4053\/revisions"}],"wp:attachment":[{"href":"https:\/\/www.eldiario.net\/portal\/wp-json\/wp\/v2\/media?parent=4053"}],"wp:term":[{"taxonomy":"category","embeddable":true,"href":"https:\/\/www.eldiario.net\/portal\/wp-json\/wp\/v2\/categories?post=4053"},{"taxonomy":"post_tag","embeddable":true,"href":"https:\/\/www.eldiario.net\/portal\/wp-json\/wp\/v2\/tags?post=4053"}],"curies":[{"name":"wp","href":"https:\/\/api.w.org\/{rel}","templated":true}]}}