{"id":405247,"date":"2026-06-19T09:51:18","date_gmt":"2026-06-19T13:51:18","guid":{"rendered":"https:\/\/www.eldiario.net\/portal\/?p=405247"},"modified":"2026-06-19T09:51:18","modified_gmt":"2026-06-19T13:51:18","slug":"exposicion-a-dispositivos-digitales-educacion-o-simple-sobreexposicion-6","status":"publish","type":"post","link":"https:\/\/www.eldiario.net\/portal\/2026\/06\/19\/exposicion-a-dispositivos-digitales-educacion-o-simple-sobreexposicion-6\/","title":{"rendered":"Exposici\u00f3n a dispositivos digitales Educaci\u00f3n o simple sobreexposici\u00f3n"},"content":{"rendered":"<p><strong>Sexta Parte<\/strong><\/p>\n<p><strong>Por. Lic. H\u00e9ctor Molina<\/strong><\/p>\n<p>&nbsp;<\/p>\n<p><strong>Recordemos que\u2026<\/strong><\/p>\n<p>&nbsp;<\/p>\n<p>La comprensi\u00f3n del cerebro humano en la era contempor\u00e1nea exige un an\u00e1lisis profundo de c\u00f3mo los entornos artificiales modifican la arquitectura neuronal. La exposici\u00f3n a dispositivos digitales se define como el proceso de interacci\u00f3n sensorial, cognitiva y motriz entre un individuo y una interfaz electr\u00f3nica (smartphones, tablets, computadoras o consolas). Desde la biolog\u00eda celular y las neurociencias, esta interacci\u00f3n no es un acto pasivo; es un bombardeo de est\u00edmulos que activa circuitos espec\u00edficos y puede reconfigurar la sinapsis mediante la neuroplasticidad.<\/p>\n<p>&nbsp;<\/p>\n<p>La exposici\u00f3n a entornos digitales se ha convertido en un eje central de la vida de los adolescentes, influyendo de manera directa en su desarrollo cognitivo, emocional y social. Desde la perspectiva de las neurociencias y la psicolog\u00eda educativa, este fen\u00f3meno presenta una dualidad compleja que impacta la plasticidad cerebral, es decir, la capacidad del cerebro para adaptarse y reorganizarse seg\u00fan las experiencias vividas.<\/p>\n<p>&nbsp;<\/p>\n<p><strong>Cu\u00e1les son las edades para una exposici\u00f3n digital adecuada<\/strong><\/p>\n<p>&nbsp;<\/p>\n<p>La evoluci\u00f3n del cerebro humano es un proceso fascinante que no se detiene hasta bien entrada la tercera d\u00e9cada de vida. En la era actual, este desarrollo biol\u00f3gico se encuentra de frente con un entorno digital dise\u00f1ado meticulosamente para capturar la atenci\u00f3n. Desde las neurociencias y la psicolog\u00eda evolutiva, se comprende que la exposici\u00f3n a las pantallas no es simplemente una cuesti\u00f3n de tiempo de uso, sino de c\u00f3mo los est\u00edmulos digitales interact\u00faan con una estructura cerebral en plena formaci\u00f3n.<\/p>\n<p>&nbsp;<\/p>\n<p>Para entender cu\u00e1ndo y c\u00f3mo es adecuado interactuar con la tecnolog\u00eda, la comunidad cient\u00edfica, incluyendo la Organizaci\u00f3n Mundial de la Salud (OMS) y la Academia Americana de Pediatr\u00eda (AAP), ha establecido pautas basadas en la maduraci\u00f3n corteza prefrontal, la gesti\u00f3n de los neurotransmisores como la dopamina y la necesidad de experiencias motrices y sociales directas.<\/p>\n<p>&nbsp;<\/p>\n<p><strong>La primera infancia, cero a dos a\u00f1os &#8211; El imperativo de la tridimensionalidad<\/strong><\/p>\n<p>&nbsp;<\/p>\n<p>Durante los primeros veinticuatro meses de vida, el cerebro experimenta una sinaptog\u00e9nesis, creaci\u00f3n de conexiones neuronales, a una velocidad que jam\u00e1s se repetir\u00e1. La psicolog\u00eda evolutiva demuestra que los beb\u00e9s aprenden a trav\u00e9s de la interacci\u00f3n bidireccional y tridimensional: tocando objetos, midiendo distancias y leyendo las microexpresiones faciales de sus cuidadores.<\/p>\n<p>&nbsp;<\/p>\n<p>Las directrices de la OMS son determinantes al respecto: antes de los dieciocho meses, la exposici\u00f3n a pantallas debe ser nula, con la \u00fanica excepci\u00f3n de videollamadas breves con familiares, siempre que un adulto est\u00e9 presente para co-regular la experiencia. Entre los dieciocho y los veinticuatro meses, la AAP se\u00f1ala que el cerebro infantil a\u00fan padece el llamado \u201cd\u00e9ficit de transferencia\u201d, un fen\u00f3meno cognitivo por el cual un ni\u00f1o peque\u00f1o es incapaz de aplicar lo que ve en una pantalla bidimensional al mundo real. Por ende, la exposici\u00f3n en esta etapa debe ser m\u00ednima y limitarse exclusivamente a contenidos educativos de alta calidad, visualizados en compa\u00f1\u00eda de un adulto que traduzca el est\u00edmulo digital en palabras y acciones concretas.<\/p>\n<p>&nbsp;<\/p>\n<p><strong>La edad preescolar, tres a cinco a\u00f1os &#8211; El riesgo de la sobreestimulaci\u00f3n<\/strong><\/p>\n<p>&nbsp;<\/p>\n<p>A partir de los tres a\u00f1os, el cerebro ha avanzado en su capacidad de procesamiento visual y lenguaje, lo que permite aprovechar ciertos contenidos educativos interactivos. Sin embargo, los l\u00edmites siguen siendo estrictos. Tanto la OMS como la AAP recomiendan un m\u00e1ximo de una hora diaria de pantalla en d\u00edas laborables.<\/p>\n<p>&nbsp;<\/p>\n<p>El enfoque neurocient\u00edfico en esta etapa advierte sobre el dise\u00f1o de las aplicaciones y programas. Los contenidos con transiciones r\u00e1pidas, luces parpadeantes y sonidos estridentes pueden sobreestimular el sistema de recompensa del cerebro, habitu\u00e1ndolo a niveles de dopamina artificialmente altos. Esto puede traducirse, a corto plazo, en dificultades para mantener la atenci\u00f3n en actividades anal\u00f3gicas que poseen un ritmo natural m\u00e1s pausado, como la lectura de un libro o el juego libre, esenciales para el desarrollo de la paciencia y la tolerancia a la frustraci\u00f3n.<\/p>\n<p>&nbsp;<\/p>\n<p><strong>La ni\u00f1ez media, seis a doce a\u00f1os &#8211; La transici\u00f3n hacia la autonom\u00eda regulada<\/strong><\/p>\n<p>&nbsp;<\/p>\n<p>Con el inicio de la escolarizaci\u00f3n formal, las demandas cognitivas cambian. Las pantallas se transforman en herramientas de aprendizaje e investigaci\u00f3n. En este per\u00edodo, las recomendaciones cient\u00edficas internacionales sugieren un l\u00edmite de hasta dos horas diarias de entretenimiento digital recreativo.<\/p>\n<p>&nbsp;<\/p>\n<p>Desde la perspectiva pedag\u00f3gica, el peligro principal en este rango de edad no es el uso de la tecnolog\u00eda en s\u00ed, sino el \u201ccosto de oportunidad\u201d o lo que la neurociencia denomina el desplazamiento de actividades esenciales. Un cerebro de entre seis y doce a\u00f1os necesita un promedio de entre nueve y once horas de sue\u00f1o reparador y un m\u00ednimo de una hora de actividad f\u00edsica diaria. Cuando el uso de dispositivos digitales invade las horas de sue\u00f1o, altera los ritmos circadianos debido a la emisi\u00f3n de luz azul, la cual inhibe la secreci\u00f3n de melatonina, la hormona responsable de inducir el descanso. Un sue\u00f1o fragmentado afecta directamente la consolidaci\u00f3n de la memoria y el rendimiento acad\u00e9mico.<\/p>\n<p>&nbsp;<\/p>\n<p><strong>La adolescencia, trece a dieciocho a\u00f1os &#8211; La b\u00fasqueda de identidad en el entorno algor\u00edtmico<\/strong><\/p>\n<p>&nbsp;<\/p>\n<p>En la adolescencia, el cerebro experimenta una profunda remodelaci\u00f3n, caracterizada por la poda sin\u00e1ptica y la maduraci\u00f3n de la corteza prefrontal, la regi\u00f3n responsable del control de impulsos, la planificaci\u00f3n a largo plazo y la autoevaluaci\u00f3n. Al mismo tiempo, el sistema l\u00edmbico, que procesa las emociones y la b\u00fasqueda de aceptaci\u00f3n social, se encuentra altamente sensible.<\/p>\n<p>&nbsp;<\/p>\n<p>Las pautas contempor\u00e1neas de la AAP para esta etapa han dejado de centrarse en un n\u00famero r\u00edgido de horas para enfocarse en la calidad del contenido, el contexto y la salud mental. Los entornos digitales y las redes sociales ofrecen oportunidades leg\u00edtimas para la expresi\u00f3n de la identidad, el aprendizaje aut\u00f3nomo y la conexi\u00f3n con pares. No obstante, los algoritmos de las plataformas est\u00e1n dise\u00f1ados bajo la premisa de la \u201ceconom\u00eda de la atenci\u00f3n\u201d, utilizando sistemas de refuerzo intermitente que imitan los mecanismos de los juegos de azar, disparando pulsos de dopamina ante cada interacci\u00f3n o notificaci\u00f3n.<\/p>\n<p>&nbsp;<\/p>\n<p>El riesgo neuropsicol\u00f3gico se intensifica en la temprana adolescencia (entre los once y catorce a\u00f1os), una ventana de alta vulnerabilidad donde la comparaci\u00f3n social digital puede impactar la autoestima. La recomendaci\u00f3n cient\u00edfica actual dicta que el uso tecnol\u00f3gico debe estar sujeto a un plan de bienestar digital que garantice:<\/p>\n<p>&nbsp;<\/p>\n<p><strong>La desconexi\u00f3n absoluta de las pantallas al menos una hora antes de dormir <\/strong><\/p>\n<p>&nbsp;<\/p>\n<p>La preservaci\u00f3n de espacios libres de tecnolog\u00eda, como los momentos de alimentaci\u00f3n en familia y las horas de estudio concentrado.<\/p>\n<p>&nbsp;<\/p>\n<p>El desarrollo de la metacognici\u00f3n, es decir, la capacidad del propio adolescente para identificar cu\u00e1ndo el uso de un dispositivo ha dejado de ser un entretenimiento saludable y se ha convertido en un mecanismo de evasi\u00f3n o una fuente de ansiedad.<\/p>\n<p>&nbsp;<\/p>\n<p>La madurez digital no se alcanza al cumplir una edad determinada, sino mediante el entrenamiento gradual de las funciones ejecutivas, permitiendo que la tecnolog\u00eda funcione como un amplificador del potencial cognitivo y no como un limitador del desarrollo humano.<img loading=\"lazy\" decoding=\"async\" class=\"aligncenter size-full wp-image-405248\" src=\"https:\/\/www.eldiario.net\/portal\/wp-content\/uploads\/2026\/06\/Socio-El-riesgo-de-la-sobreestimulacion-copia.webp\" alt=\"\" width=\"1024\" height=\"559\" srcset=\"https:\/\/www.eldiario.net\/portal\/wp-content\/uploads\/2026\/06\/Socio-El-riesgo-de-la-sobreestimulacion-copia.webp 1024w, https:\/\/www.eldiario.net\/portal\/wp-content\/uploads\/2026\/06\/Socio-El-riesgo-de-la-sobreestimulacion-copia-300x164.webp 300w, https:\/\/www.eldiario.net\/portal\/wp-content\/uploads\/2026\/06\/Socio-El-riesgo-de-la-sobreestimulacion-copia-768x419.webp 768w, https:\/\/www.eldiario.net\/portal\/wp-content\/uploads\/2026\/06\/Socio-El-riesgo-de-la-sobreestimulacion-copia-769x420.webp 769w, https:\/\/www.eldiario.net\/portal\/wp-content\/uploads\/2026\/06\/Socio-El-riesgo-de-la-sobreestimulacion-copia-150x82.webp 150w, https:\/\/www.eldiario.net\/portal\/wp-content\/uploads\/2026\/06\/Socio-El-riesgo-de-la-sobreestimulacion-copia-696x380.webp 696w\" sizes=\"auto, (max-width: 1024px) 100vw, 1024px\" \/> <img loading=\"lazy\" decoding=\"async\" class=\"aligncenter size-full wp-image-405249\" src=\"https:\/\/www.eldiario.net\/portal\/wp-content\/uploads\/2026\/06\/Socio-Desconexion-absoluta-de-las-pantallas-copia.webp\" alt=\"\" width=\"330\" height=\"173\" srcset=\"https:\/\/www.eldiario.net\/portal\/wp-content\/uploads\/2026\/06\/Socio-Desconexion-absoluta-de-las-pantallas-copia.webp 330w, https:\/\/www.eldiario.net\/portal\/wp-content\/uploads\/2026\/06\/Socio-Desconexion-absoluta-de-las-pantallas-copia-300x157.webp 300w, https:\/\/www.eldiario.net\/portal\/wp-content\/uploads\/2026\/06\/Socio-Desconexion-absoluta-de-las-pantallas-copia-150x79.webp 150w\" sizes=\"auto, (max-width: 330px) 100vw, 330px\" \/><\/p>\n","protected":false},"excerpt":{"rendered":"<p>Sexta Parte Por. Lic. H\u00e9ctor Molina &nbsp; Recordemos que\u2026 &nbsp; La comprensi\u00f3n del cerebro humano en la era contempor\u00e1nea exige un an\u00e1lisis profundo de c\u00f3mo los entornos artificiales modifican la arquitectura neuronal. La exposici\u00f3n a dispositivos digitales se define como el proceso de interacci\u00f3n sensorial, cognitiva y motriz entre un individuo y una interfaz electr\u00f3nica [&hellip;]<\/p>\n","protected":false},"author":2,"featured_media":405248,"comment_status":"closed","ping_status":"open","sticky":false,"template":"","format":"standard","meta":{"_acf_changed":false,"footnotes":""},"categories":[43],"tags":[],"class_list":["post-405247","post","type-post","status-publish","format-standard","has-post-thumbnail","category-nuevos-horizontes"],"acf":{"antetitulo":""},"yoast_head":"<!-- This site is optimized with the Yoast SEO plugin v28.4 - https:\/\/yoast.com\/product\/yoast-seo-wordpress\/ -->\n<title>Exposici\u00f3n a dispositivos digitales Educaci\u00f3n o simple sobreexposici\u00f3n - El Diario - Bolivia<\/title>\n<meta name=\"robots\" content=\"index, follow, max-snippet:-1, max-image-preview:large, max-video-preview:-1\" \/>\n<link rel=\"canonical\" href=\"https:\/\/www.eldiario.net\/portal\/2026\/06\/19\/exposicion-a-dispositivos-digitales-educacion-o-simple-sobreexposicion-6\/\" \/>\n<meta property=\"og:locale\" content=\"es_ES\" \/>\n<meta property=\"og:type\" content=\"article\" \/>\n<meta property=\"og:title\" content=\"Exposici\u00f3n a dispositivos digitales Educaci\u00f3n o simple sobreexposici\u00f3n - El Diario - Bolivia\" \/>\n<meta property=\"og:description\" content=\"Sexta Parte Por. Lic. H\u00e9ctor Molina &nbsp; Recordemos que\u2026 &nbsp; La comprensi\u00f3n del cerebro humano en la era contempor\u00e1nea exige un an\u00e1lisis profundo de c\u00f3mo los entornos artificiales modifican la arquitectura neuronal. La exposici\u00f3n a dispositivos digitales se define como el proceso de interacci\u00f3n sensorial, cognitiva y motriz entre un individuo y una interfaz electr\u00f3nica [&hellip;]\" \/>\n<meta property=\"og:url\" content=\"https:\/\/www.eldiario.net\/portal\/2026\/06\/19\/exposicion-a-dispositivos-digitales-educacion-o-simple-sobreexposicion-6\/\" \/>\n<meta property=\"og:site_name\" content=\"El Diario - Bolivia\" \/>\n<meta property=\"article:publisher\" content=\"https:\/\/www.facebook.com\/eldiario.bolivia\/\" \/>\n<meta property=\"article:published_time\" content=\"2026-06-19T13:51:18+00:00\" \/>\n<meta property=\"og:image\" content=\"https:\/\/www.eldiario.net\/portal\/wp-content\/uploads\/2026\/06\/Socio-El-riesgo-de-la-sobreestimulacion-copia.webp\" \/>\n\t<meta property=\"og:image:width\" content=\"1024\" \/>\n\t<meta property=\"og:image:height\" content=\"559\" \/>\n\t<meta property=\"og:image:type\" content=\"image\/webp\" \/>\n<meta name=\"author\" content=\"luis Camacho\" \/>\n<meta name=\"twitter:card\" content=\"summary_large_image\" \/>\n<meta name=\"twitter:creator\" content=\"@eldiario_net\" \/>\n<meta name=\"twitter:site\" content=\"@eldiario_net\" \/>\n<meta name=\"twitter:label1\" content=\"Escrito por\" \/>\n\t<meta name=\"twitter:data1\" content=\"luis Camacho\" \/>\n\t<meta name=\"twitter:label2\" content=\"Tiempo de lectura\" \/>\n\t<meta name=\"twitter:data2\" content=\"6 minutos\" \/>\n<script type=\"application\/ld+json\" class=\"yoast-schema-graph\">{\"@context\":\"https:\\\/\\\/schema.org\",\"@graph\":[{\"@type\":\"Article\",\"@id\":\"https:\\\/\\\/www.eldiario.net\\\/portal\\\/2026\\\/06\\\/19\\\/exposicion-a-dispositivos-digitales-educacion-o-simple-sobreexposicion-6\\\/#article\",\"isPartOf\":{\"@id\":\"https:\\\/\\\/www.eldiario.net\\\/portal\\\/2026\\\/06\\\/19\\\/exposicion-a-dispositivos-digitales-educacion-o-simple-sobreexposicion-6\\\/\"},\"author\":{\"name\":\"luis Camacho\",\"@id\":\"https:\\\/\\\/www.eldiario.net\\\/portal\\\/#\\\/schema\\\/person\\\/c1a5d38e458b10c8ebd62f4189b82bbc\"},\"headline\":\"Exposici\u00f3n a dispositivos digitales Educaci\u00f3n o simple sobreexposici\u00f3n\",\"datePublished\":\"2026-06-19T13:51:18+00:00\",\"mainEntityOfPage\":{\"@id\":\"https:\\\/\\\/www.eldiario.net\\\/portal\\\/2026\\\/06\\\/19\\\/exposicion-a-dispositivos-digitales-educacion-o-simple-sobreexposicion-6\\\/\"},\"wordCount\":1296,\"publisher\":{\"@id\":\"https:\\\/\\\/www.eldiario.net\\\/portal\\\/#organization\"},\"image\":{\"@id\":\"https:\\\/\\\/www.eldiario.net\\\/portal\\\/2026\\\/06\\\/19\\\/exposicion-a-dispositivos-digitales-educacion-o-simple-sobreexposicion-6\\\/#primaryimage\"},\"thumbnailUrl\":\"https:\\\/\\\/www.eldiario.net\\\/portal\\\/wp-content\\\/uploads\\\/2026\\\/06\\\/Socio-El-riesgo-de-la-sobreestimulacion-copia.webp\",\"articleSection\":[\"Nuevos Horizontes\"],\"inLanguage\":\"es\"},{\"@type\":\"WebPage\",\"@id\":\"https:\\\/\\\/www.eldiario.net\\\/portal\\\/2026\\\/06\\\/19\\\/exposicion-a-dispositivos-digitales-educacion-o-simple-sobreexposicion-6\\\/\",\"url\":\"https:\\\/\\\/www.eldiario.net\\\/portal\\\/2026\\\/06\\\/19\\\/exposicion-a-dispositivos-digitales-educacion-o-simple-sobreexposicion-6\\\/\",\"name\":\"Exposici\u00f3n a dispositivos digitales Educaci\u00f3n o simple sobreexposici\u00f3n - El Diario - Bolivia\",\"isPartOf\":{\"@id\":\"https:\\\/\\\/www.eldiario.net\\\/portal\\\/#website\"},\"primaryImageOfPage\":{\"@id\":\"https:\\\/\\\/www.eldiario.net\\\/portal\\\/2026\\\/06\\\/19\\\/exposicion-a-dispositivos-digitales-educacion-o-simple-sobreexposicion-6\\\/#primaryimage\"},\"image\":{\"@id\":\"https:\\\/\\\/www.eldiario.net\\\/portal\\\/2026\\\/06\\\/19\\\/exposicion-a-dispositivos-digitales-educacion-o-simple-sobreexposicion-6\\\/#primaryimage\"},\"thumbnailUrl\":\"https:\\\/\\\/www.eldiario.net\\\/portal\\\/wp-content\\\/uploads\\\/2026\\\/06\\\/Socio-El-riesgo-de-la-sobreestimulacion-copia.webp\",\"datePublished\":\"2026-06-19T13:51:18+00:00\",\"breadcrumb\":{\"@id\":\"https:\\\/\\\/www.eldiario.net\\\/portal\\\/2026\\\/06\\\/19\\\/exposicion-a-dispositivos-digitales-educacion-o-simple-sobreexposicion-6\\\/#breadcrumb\"},\"inLanguage\":\"es\",\"potentialAction\":[{\"@type\":\"ReadAction\",\"target\":[\"https:\\\/\\\/www.eldiario.net\\\/portal\\\/2026\\\/06\\\/19\\\/exposicion-a-dispositivos-digitales-educacion-o-simple-sobreexposicion-6\\\/\"]}]},{\"@type\":\"ImageObject\",\"inLanguage\":\"es\",\"@id\":\"https:\\\/\\\/www.eldiario.net\\\/portal\\\/2026\\\/06\\\/19\\\/exposicion-a-dispositivos-digitales-educacion-o-simple-sobreexposicion-6\\\/#primaryimage\",\"url\":\"https:\\\/\\\/www.eldiario.net\\\/portal\\\/wp-content\\\/uploads\\\/2026\\\/06\\\/Socio-El-riesgo-de-la-sobreestimulacion-copia.webp\",\"contentUrl\":\"https:\\\/\\\/www.eldiario.net\\\/portal\\\/wp-content\\\/uploads\\\/2026\\\/06\\\/Socio-El-riesgo-de-la-sobreestimulacion-copia.webp\",\"width\":1024,\"height\":559},{\"@type\":\"BreadcrumbList\",\"@id\":\"https:\\\/\\\/www.eldiario.net\\\/portal\\\/2026\\\/06\\\/19\\\/exposicion-a-dispositivos-digitales-educacion-o-simple-sobreexposicion-6\\\/#breadcrumb\",\"itemListElement\":[{\"@type\":\"ListItem\",\"position\":1,\"name\":\"Portada\",\"item\":\"https:\\\/\\\/www.eldiario.net\\\/portal\\\/\"},{\"@type\":\"ListItem\",\"position\":2,\"name\":\"Exposici\u00f3n a dispositivos digitales Educaci\u00f3n o simple sobreexposici\u00f3n\"}]},{\"@type\":\"WebSite\",\"@id\":\"https:\\\/\\\/www.eldiario.net\\\/portal\\\/#website\",\"url\":\"https:\\\/\\\/www.eldiario.net\\\/portal\\\/\",\"name\":\"El Diario - Decano de la prensa nacional\",\"description\":\"El Diario - Decano de la prensa nacional\",\"publisher\":{\"@id\":\"https:\\\/\\\/www.eldiario.net\\\/portal\\\/#organization\"},\"potentialAction\":[{\"@type\":\"SearchAction\",\"target\":{\"@type\":\"EntryPoint\",\"urlTemplate\":\"https:\\\/\\\/www.eldiario.net\\\/portal\\\/?s={search_term_string}\"},\"query-input\":{\"@type\":\"PropertyValueSpecification\",\"valueRequired\":true,\"valueName\":\"search_term_string\"}}],\"inLanguage\":\"es\"},{\"@type\":\"Organization\",\"@id\":\"https:\\\/\\\/www.eldiario.net\\\/portal\\\/#organization\",\"name\":\"El Diario - Decano de la prensa nacional\",\"url\":\"https:\\\/\\\/www.eldiario.net\\\/portal\\\/\",\"logo\":{\"@type\":\"ImageObject\",\"inLanguage\":\"es\",\"@id\":\"https:\\\/\\\/www.eldiario.net\\\/portal\\\/#\\\/schema\\\/logo\\\/image\\\/\",\"url\":\"https:\\\/\\\/www.eldiario.net\\\/portal\\\/wp-content\\\/uploads\\\/2023\\\/07\\\/logo_ED.jpg\",\"contentUrl\":\"https:\\\/\\\/www.eldiario.net\\\/portal\\\/wp-content\\\/uploads\\\/2023\\\/07\\\/logo_ED.jpg\",\"width\":272,\"height\":52,\"caption\":\"El Diario - Decano de la prensa nacional\"},\"image\":{\"@id\":\"https:\\\/\\\/www.eldiario.net\\\/portal\\\/#\\\/schema\\\/logo\\\/image\\\/\"},\"sameAs\":[\"https:\\\/\\\/www.facebook.com\\\/eldiario.bolivia\\\/\",\"https:\\\/\\\/x.com\\\/eldiario_net\"]},{\"@type\":\"Person\",\"@id\":\"https:\\\/\\\/www.eldiario.net\\\/portal\\\/#\\\/schema\\\/person\\\/c1a5d38e458b10c8ebd62f4189b82bbc\",\"name\":\"luis Camacho\",\"image\":{\"@type\":\"ImageObject\",\"inLanguage\":\"es\",\"@id\":\"https:\\\/\\\/secure.gravatar.com\\\/avatar\\\/69ecb836b3826d5a2501bf06ab2a2f2c8ab211cc846758f395df21684cb38313?s=96&d=mm&r=g\",\"url\":\"https:\\\/\\\/secure.gravatar.com\\\/avatar\\\/69ecb836b3826d5a2501bf06ab2a2f2c8ab211cc846758f395df21684cb38313?s=96&d=mm&r=g\",\"contentUrl\":\"https:\\\/\\\/secure.gravatar.com\\\/avatar\\\/69ecb836b3826d5a2501bf06ab2a2f2c8ab211cc846758f395df21684cb38313?s=96&d=mm&r=g\",\"caption\":\"luis Camacho\"},\"url\":\"https:\\\/\\\/www.eldiario.net\\\/portal\\\/author\\\/luis\\\/\"}]}<\/script>\n<!-- \/ Yoast SEO plugin. -->","yoast_head_json":{"title":"Exposici\u00f3n a dispositivos digitales Educaci\u00f3n o simple sobreexposici\u00f3n - El Diario - Bolivia","robots":{"index":"index","follow":"follow","max-snippet":"max-snippet:-1","max-image-preview":"max-image-preview:large","max-video-preview":"max-video-preview:-1"},"canonical":"https:\/\/www.eldiario.net\/portal\/2026\/06\/19\/exposicion-a-dispositivos-digitales-educacion-o-simple-sobreexposicion-6\/","og_locale":"es_ES","og_type":"article","og_title":"Exposici\u00f3n a dispositivos digitales Educaci\u00f3n o simple sobreexposici\u00f3n - El Diario - Bolivia","og_description":"Sexta Parte Por. Lic. H\u00e9ctor Molina &nbsp; Recordemos que\u2026 &nbsp; La comprensi\u00f3n del cerebro humano en la era contempor\u00e1nea exige un an\u00e1lisis profundo de c\u00f3mo los entornos artificiales modifican la arquitectura neuronal. La exposici\u00f3n a dispositivos digitales se define como el proceso de interacci\u00f3n sensorial, cognitiva y motriz entre un individuo y una interfaz electr\u00f3nica [&hellip;]","og_url":"https:\/\/www.eldiario.net\/portal\/2026\/06\/19\/exposicion-a-dispositivos-digitales-educacion-o-simple-sobreexposicion-6\/","og_site_name":"El Diario - Bolivia","article_publisher":"https:\/\/www.facebook.com\/eldiario.bolivia\/","article_published_time":"2026-06-19T13:51:18+00:00","og_image":[{"width":1024,"height":559,"url":"https:\/\/www.eldiario.net\/portal\/wp-content\/uploads\/2026\/06\/Socio-El-riesgo-de-la-sobreestimulacion-copia.webp","type":"image\/webp"}],"author":"luis Camacho","twitter_card":"summary_large_image","twitter_creator":"@eldiario_net","twitter_site":"@eldiario_net","twitter_misc":{"Escrito por":"luis Camacho","Tiempo de lectura":"6 minutos"},"schema":{"@context":"https:\/\/schema.org","@graph":[{"@type":"Article","@id":"https:\/\/www.eldiario.net\/portal\/2026\/06\/19\/exposicion-a-dispositivos-digitales-educacion-o-simple-sobreexposicion-6\/#article","isPartOf":{"@id":"https:\/\/www.eldiario.net\/portal\/2026\/06\/19\/exposicion-a-dispositivos-digitales-educacion-o-simple-sobreexposicion-6\/"},"author":{"name":"luis Camacho","@id":"https:\/\/www.eldiario.net\/portal\/#\/schema\/person\/c1a5d38e458b10c8ebd62f4189b82bbc"},"headline":"Exposici\u00f3n a dispositivos digitales Educaci\u00f3n o simple sobreexposici\u00f3n","datePublished":"2026-06-19T13:51:18+00:00","mainEntityOfPage":{"@id":"https:\/\/www.eldiario.net\/portal\/2026\/06\/19\/exposicion-a-dispositivos-digitales-educacion-o-simple-sobreexposicion-6\/"},"wordCount":1296,"publisher":{"@id":"https:\/\/www.eldiario.net\/portal\/#organization"},"image":{"@id":"https:\/\/www.eldiario.net\/portal\/2026\/06\/19\/exposicion-a-dispositivos-digitales-educacion-o-simple-sobreexposicion-6\/#primaryimage"},"thumbnailUrl":"https:\/\/www.eldiario.net\/portal\/wp-content\/uploads\/2026\/06\/Socio-El-riesgo-de-la-sobreestimulacion-copia.webp","articleSection":["Nuevos Horizontes"],"inLanguage":"es"},{"@type":"WebPage","@id":"https:\/\/www.eldiario.net\/portal\/2026\/06\/19\/exposicion-a-dispositivos-digitales-educacion-o-simple-sobreexposicion-6\/","url":"https:\/\/www.eldiario.net\/portal\/2026\/06\/19\/exposicion-a-dispositivos-digitales-educacion-o-simple-sobreexposicion-6\/","name":"Exposici\u00f3n a dispositivos digitales Educaci\u00f3n o simple sobreexposici\u00f3n - El Diario - Bolivia","isPartOf":{"@id":"https:\/\/www.eldiario.net\/portal\/#website"},"primaryImageOfPage":{"@id":"https:\/\/www.eldiario.net\/portal\/2026\/06\/19\/exposicion-a-dispositivos-digitales-educacion-o-simple-sobreexposicion-6\/#primaryimage"},"image":{"@id":"https:\/\/www.eldiario.net\/portal\/2026\/06\/19\/exposicion-a-dispositivos-digitales-educacion-o-simple-sobreexposicion-6\/#primaryimage"},"thumbnailUrl":"https:\/\/www.eldiario.net\/portal\/wp-content\/uploads\/2026\/06\/Socio-El-riesgo-de-la-sobreestimulacion-copia.webp","datePublished":"2026-06-19T13:51:18+00:00","breadcrumb":{"@id":"https:\/\/www.eldiario.net\/portal\/2026\/06\/19\/exposicion-a-dispositivos-digitales-educacion-o-simple-sobreexposicion-6\/#breadcrumb"},"inLanguage":"es","potentialAction":[{"@type":"ReadAction","target":["https:\/\/www.eldiario.net\/portal\/2026\/06\/19\/exposicion-a-dispositivos-digitales-educacion-o-simple-sobreexposicion-6\/"]}]},{"@type":"ImageObject","inLanguage":"es","@id":"https:\/\/www.eldiario.net\/portal\/2026\/06\/19\/exposicion-a-dispositivos-digitales-educacion-o-simple-sobreexposicion-6\/#primaryimage","url":"https:\/\/www.eldiario.net\/portal\/wp-content\/uploads\/2026\/06\/Socio-El-riesgo-de-la-sobreestimulacion-copia.webp","contentUrl":"https:\/\/www.eldiario.net\/portal\/wp-content\/uploads\/2026\/06\/Socio-El-riesgo-de-la-sobreestimulacion-copia.webp","width":1024,"height":559},{"@type":"BreadcrumbList","@id":"https:\/\/www.eldiario.net\/portal\/2026\/06\/19\/exposicion-a-dispositivos-digitales-educacion-o-simple-sobreexposicion-6\/#breadcrumb","itemListElement":[{"@type":"ListItem","position":1,"name":"Portada","item":"https:\/\/www.eldiario.net\/portal\/"},{"@type":"ListItem","position":2,"name":"Exposici\u00f3n a dispositivos digitales Educaci\u00f3n o simple sobreexposici\u00f3n"}]},{"@type":"WebSite","@id":"https:\/\/www.eldiario.net\/portal\/#website","url":"https:\/\/www.eldiario.net\/portal\/","name":"El Diario - Decano de la prensa nacional","description":"El Diario - Decano de la prensa nacional","publisher":{"@id":"https:\/\/www.eldiario.net\/portal\/#organization"},"potentialAction":[{"@type":"SearchAction","target":{"@type":"EntryPoint","urlTemplate":"https:\/\/www.eldiario.net\/portal\/?s={search_term_string}"},"query-input":{"@type":"PropertyValueSpecification","valueRequired":true,"valueName":"search_term_string"}}],"inLanguage":"es"},{"@type":"Organization","@id":"https:\/\/www.eldiario.net\/portal\/#organization","name":"El Diario - Decano de la prensa nacional","url":"https:\/\/www.eldiario.net\/portal\/","logo":{"@type":"ImageObject","inLanguage":"es","@id":"https:\/\/www.eldiario.net\/portal\/#\/schema\/logo\/image\/","url":"https:\/\/www.eldiario.net\/portal\/wp-content\/uploads\/2023\/07\/logo_ED.jpg","contentUrl":"https:\/\/www.eldiario.net\/portal\/wp-content\/uploads\/2023\/07\/logo_ED.jpg","width":272,"height":52,"caption":"El Diario - Decano de la prensa nacional"},"image":{"@id":"https:\/\/www.eldiario.net\/portal\/#\/schema\/logo\/image\/"},"sameAs":["https:\/\/www.facebook.com\/eldiario.bolivia\/","https:\/\/x.com\/eldiario_net"]},{"@type":"Person","@id":"https:\/\/www.eldiario.net\/portal\/#\/schema\/person\/c1a5d38e458b10c8ebd62f4189b82bbc","name":"luis Camacho","image":{"@type":"ImageObject","inLanguage":"es","@id":"https:\/\/secure.gravatar.com\/avatar\/69ecb836b3826d5a2501bf06ab2a2f2c8ab211cc846758f395df21684cb38313?s=96&d=mm&r=g","url":"https:\/\/secure.gravatar.com\/avatar\/69ecb836b3826d5a2501bf06ab2a2f2c8ab211cc846758f395df21684cb38313?s=96&d=mm&r=g","contentUrl":"https:\/\/secure.gravatar.com\/avatar\/69ecb836b3826d5a2501bf06ab2a2f2c8ab211cc846758f395df21684cb38313?s=96&d=mm&r=g","caption":"luis Camacho"},"url":"https:\/\/www.eldiario.net\/portal\/author\/luis\/"}]}},"_links":{"self":[{"href":"https:\/\/www.eldiario.net\/portal\/wp-json\/wp\/v2\/posts\/405247","targetHints":{"allow":["GET"]}}],"collection":[{"href":"https:\/\/www.eldiario.net\/portal\/wp-json\/wp\/v2\/posts"}],"about":[{"href":"https:\/\/www.eldiario.net\/portal\/wp-json\/wp\/v2\/types\/post"}],"author":[{"embeddable":true,"href":"https:\/\/www.eldiario.net\/portal\/wp-json\/wp\/v2\/users\/2"}],"replies":[{"embeddable":true,"href":"https:\/\/www.eldiario.net\/portal\/wp-json\/wp\/v2\/comments?post=405247"}],"version-history":[{"count":1,"href":"https:\/\/www.eldiario.net\/portal\/wp-json\/wp\/v2\/posts\/405247\/revisions"}],"predecessor-version":[{"id":405250,"href":"https:\/\/www.eldiario.net\/portal\/wp-json\/wp\/v2\/posts\/405247\/revisions\/405250"}],"wp:featuredmedia":[{"embeddable":true,"href":"https:\/\/www.eldiario.net\/portal\/wp-json\/wp\/v2\/media\/405248"}],"wp:attachment":[{"href":"https:\/\/www.eldiario.net\/portal\/wp-json\/wp\/v2\/media?parent=405247"}],"wp:term":[{"taxonomy":"category","embeddable":true,"href":"https:\/\/www.eldiario.net\/portal\/wp-json\/wp\/v2\/categories?post=405247"},{"taxonomy":"post_tag","embeddable":true,"href":"https:\/\/www.eldiario.net\/portal\/wp-json\/wp\/v2\/tags?post=405247"}],"curies":[{"name":"wp","href":"https:\/\/api.w.org\/{rel}","templated":true}]}}