{"id":405242,"date":"2026-06-19T09:49:13","date_gmt":"2026-06-19T13:49:13","guid":{"rendered":"https:\/\/www.eldiario.net\/portal\/?p=405242"},"modified":"2026-06-19T09:49:13","modified_gmt":"2026-06-19T13:49:13","slug":"argumentacion-y-debate-el-poder-de-la-persuasion-3","status":"publish","type":"post","link":"https:\/\/www.eldiario.net\/portal\/2026\/06\/19\/argumentacion-y-debate-el-poder-de-la-persuasion-3\/","title":{"rendered":"Argumentaci\u00f3n y debate El poder de la persuasi\u00f3n"},"content":{"rendered":"<p><strong>Cuarta Parte<\/strong><\/p>\n<p><strong>Por. Lic. H\u00e9ctor Molina<\/strong><\/p>\n<p>&nbsp;<\/p>\n<p><strong>Recordemos que\u2026<\/strong><\/p>\n<p>&nbsp;<\/p>\n<p>La argumentaci\u00f3n se define como el proceso cognitivo y ling\u00fc\u00edstico mediante el cual se construyen razonamientos l\u00f3gicos con el objetivo de demostrar, justificar o refutar una postura determinada. No consiste en una simple manifestaci\u00f3n de opiniones o preferencias personales, sino en la articulaci\u00f3n estructurada de ideas respaldadas por evidencias, hechos comprobables y fundamentos s\u00f3lidos.<\/p>\n<p>&nbsp;<\/p>\n<p>Asimismo, el debate es una t\u00e9cnica pedag\u00f3gica y una pr\u00e1ctica comunicativa formal en la que dos o m\u00e1s personas exponen y confrontan sus diferentes puntos de vista sobre un tema determinado. Se rige por un marco de reglas preestablecidas, tiempos de intervenci\u00f3n delimitados y la presencia de un moderador, transformando la discrepancia verbal en un ejercicio de construcci\u00f3n intelectual respetuoso.<\/p>\n<p>&nbsp;<\/p>\n<p>Y por \u00faltimo, pero no menos importante, recordar que la persuasi\u00f3n es el arte y la ciencia de influir en las creencias, actitudes, intenciones o comportamientos de los dem\u00e1s a trav\u00e9s del uso de la palabra. A diferencia de la manipulaci\u00f3n o la coacci\u00f3n (que anulan la libertad del individuo mediante el enga\u00f1o o la fuerza), la persuasi\u00f3n busca convencer de manera voluntaria, utilizando herramientas ret\u00f3ricas que conectan la l\u00f3gica del mensaje con la psicolog\u00eda del receptor.<\/p>\n<p>&nbsp;<\/p>\n<p><strong>Pasos para lograr la persuasi\u00f3n en base a la argumentaci\u00f3n en un debate<\/strong><\/p>\n<p>&nbsp;<\/p>\n<p>El debate competitivo y la persuasi\u00f3n no constituyen meros ejercicios de elocuencia verbal; representan procesos complejos de reconfiguraci\u00f3n cognitiva y plasticidad sin\u00e1ptica en la audiencia. Desde la perspectiva de las neurociencias aplicadas y la psicolog\u00eda cognitiva, persuadir implica sortear los sesgos anal\u00edticos de la corteza prefrontal y activar el Sistema de Activaci\u00f3n Reticular Ascendente (SARA) del oyente. El presente art\u00edculo acad\u00e9mico examina, de manera exhaustiva y detallada, los pasos cr\u00edticos para estructurar un discurso persuasivo basado en la argumentaci\u00f3n cient\u00edfica. A trav\u00e9s del an\u00e1lisis de modelos de procesamiento dual y la din\u00e1mica de la dopamina en la resoluci\u00f3n de la incertidumbre, se dota al lector de una gu\u00eda metodol\u00f3gica y rigurosa para hackear positivamente el sistema cognitivo de un jurado u oponente, transformando la confrontaci\u00f3n de ideas en una herramienta de liderazgo e influencia profesional.<\/p>\n<p>&nbsp;<\/p>\n<p><strong>La biolog\u00eda de la persuasi\u00f3n<\/strong><\/p>\n<p>&nbsp;<\/p>\n<p>En un entorno saturado de est\u00edmulos digitales y opiniones vol\u00e1tiles, la capacidad de modificar la estructura de pensamiento de un individuo es uno de los desaf\u00edos m\u00e1s complejos de la psicolog\u00eda contempor\u00e1nea. La neurociencia demuestra que el cerebro humano es un \u00f3rgano predictor que busca, ante todo, economizar energ\u00eda y confirmar sus propias creencias preexistentes (sesgo de confirmaci\u00f3n). Cuando una persona se enfrenta a una opini\u00f3n opuesta, la am\u00edgdala suele activarse de la misma forma en que lo har\u00eda ante una amenaza f\u00edsica, desencadenando respuestas defensivas que bloquean la racionalidad. Por lo tanto, el \u00e9xito en un debate no radica en la imposici\u00f3n ideol\u00f3gica, sino en la aplicaci\u00f3n de una arquitectura argumentativa que desactive las alarmas del hemisferio emocional y gu\u00ede al cerebro del interlocutor hacia una reconfiguraci\u00f3n neurocognitiva voluntaria.<\/p>\n<p>&nbsp;<\/p>\n<p><strong>Pasos cr\u00edticos para la persuasi\u00f3n basada en la argumentaci\u00f3n<\/strong><\/p>\n<p>&nbsp;<\/p>\n<ol>\n<li><strong> Activaci\u00f3n del SARA y captura de la ventana atencional<\/strong><\/li>\n<\/ol>\n<p>&nbsp;<\/p>\n<p>El proceso persuasivo inicia mucho antes de que el cerebro procese la validez de un argumento. El primer paso metodol\u00f3gico consiste en encender el Sistema de Activaci\u00f3n Reticular Ascendente (SARA), una red de neuronas situada en el tronco encef\u00e1lico responsable de regular los ciclos de vigilia y atenci\u00f3n. Dado que la memoria de trabajo tiene una capacidad limitada, el cerebro filtra el 99% de la informaci\u00f3n ambiental para evitar la sobrecarga cognitiva.<\/p>\n<p>&nbsp;<\/p>\n<p>Para penetrar este filtro, el inicio de un debate requiere un est\u00edmulo disruptivo: una paradoja conceptual, una interrogante que rompa esquemas o un dato estad\u00edstico de alto impacto. Al presentar una anomal\u00eda en el patr\u00f3n esperado, el SARA env\u00eda una se\u00f1al de alerta a la corteza cerebral, liberando noradrenalina. Esta respuesta neurobiol\u00f3gica enfoca los recursos atencionales del oyente, otorgando al emisor una ventana de oportunidad cr\u00edtica para introducir su tesis central antes de que el cansancio o la distracci\u00f3n del receptor generen un bloqueo en la comunicaci\u00f3n.<\/p>\n<p>&nbsp;<\/p>\n<ol start=\"2\">\n<li><strong> Establecimiento de la premisa l\u00f3gica y definici\u00f3n del marco<\/strong><\/li>\n<\/ol>\n<p>&nbsp;<\/p>\n<p>Una vez asegurada la atenci\u00f3n del auditorio, el segundo paso exige la delimitaci\u00f3n del marco cognitivo o framing. La psicolog\u00eda cognitiva postula que los individuos interpretan la realidad a trav\u00e9s de esquemas mentales preexistentes. Quien domina la definici\u00f3n de los t\u00e9rminos y el alcance del debate, domina el resultado del mismo.<\/p>\n<p>&nbsp;<\/p>\n<p>En esta fase, la premisa debe ser planteada con una rigurosa estructura anal\u00edtica. El uso de la tercera persona es indispensable en este punto, ya que despoja al discurso de sesgos subjetivos o emocionales, proyectando una percepci\u00f3n de neutralidad, rigor cient\u00edfico y autoridad epistemol\u00f3gica. Una premisa robusta debe establecer una relaci\u00f3n clara de causalidad (si ocurre X, la consecuencia l\u00f3gica es Y). El cerebro humano, que est\u00e1 filogen\u00e9ticamente dise\u00f1ado para buscar patrones y relaciones de causa-efecto, procesa las estructuras l\u00f3gicas sim\u00e9tricas con menor esfuerzo cognitivo, lo que reduce la resistencia inicial del hemisferio anal\u00edtico del oyente.<\/p>\n<p>&nbsp;<\/p>\n<ol start=\"3\">\n<li><strong> Inyecci\u00f3n de evidencia cient\u00edfica y modulaci\u00f3n dopamin\u00e9rgica<\/strong><\/li>\n<\/ol>\n<p>&nbsp;<\/p>\n<p>La mera coherencia l\u00f3gica es insuficiente si no se sustenta en bases emp\u00edricas veraces. El tercer paso consiste en el despliegue de evidencia dura: metaan\u00e1lisis, datos estad\u00edsticos de instituciones acreditadas, hechos hist\u00f3ricos verificables y principios cient\u00edficos validados.<\/p>\n<p>&nbsp;<\/p>\n<p>Desde la neuroeducaci\u00f3n y la neurobiolog\u00eda, este paso se fundamenta en la teor\u00eda del procesamiento dual del pensamiento (Sistema 1 y Sistema 2). Las afirmaciones sin respaldo son procesadas por el Sistema 1 (r\u00e1pido e intuitivo), el cual activa el escepticismo de la corteza prefrontal si detecta incongruencias. Al introducir datos objetivos e irrefutables, se fuerza al cerebro a activar el Sistema 2 (lento y reflexivo). La resoluci\u00f3n de una duda mediante datos emp\u00edricos genera un fen\u00f3meno neuroqu\u00edmico espec\u00edfico: la liberaci\u00f3n de dopamina. Este neurotransmisor no solo consolida la memoria de trabajo, sino que asocia la postura del argumentador con una sensaci\u00f3n de claridad y verdad, provocando que la audiencia acepte los datos aportados como un conocimiento valioso y seguro.<\/p>\n<p>&nbsp;<\/p>\n<ol start=\"4\">\n<li><strong> Vacunaci\u00f3n cognitiva y desarticulaci\u00f3n del contraargumento<\/strong><\/li>\n<\/ol>\n<p>&nbsp;<\/p>\n<p>Los debatientes de alto nivel y los l\u00edderes de opini\u00f3n no limitan su estrategia a la exposici\u00f3n de sus propias virtudes; aplican de forma sistem\u00e1tica el concepto psicopedag\u00f3gico de la \u201cvacunaci\u00f3n cognitiva\u201d (o teor\u00eda de la inoculaci\u00f3n de William J. McGuire). Este paso consiste en anticipar el argumento m\u00e1s fuerte de la contraparte, exponerlo de manera precisa y destruirlo mediante la l\u00f3gica y la evidencia antes de que el oponente tenga la oportunidad de verbalizarlo.<\/p>\n<p>&nbsp;<\/p>\n<p>Al presentar una versi\u00f3n debilitada o refutada del argumento contrario, se estimula la generaci\u00f3n de \u201canticuerpos cognitivos\u201d en la audiencia. Cuando el rival finalmente presenta su objeci\u00f3n, el cerebro del p\u00fablico ya ha procesado la falacia o la debilidad de dicha postura, anulando el efecto de primac\u00eda que el oponente pretend\u00eda lograr. Esta maniobra desactiva el sesgo de confirmaci\u00f3n del interlocutor, forz\u00e1ndolo a abandonar sus l\u00edneas defensivas ensayadas y generando un estado de confusi\u00f3n o \u201cbugueo\u201d cognitivo que resta credibilidad a su liderazgo.<\/p>\n<p>&nbsp;<\/p>\n<ol start=\"5\">\n<li><strong> Cierre epist\u00e9mico y consolidaci\u00f3n en la memoria a largo plazo<\/strong><\/li>\n<\/ol>\n<p>&nbsp;<\/p>\n<p>El paso final de la arquitectura argumentativa es la consolidaci\u00f3n del mensaje en las estructuras subcorticales del cerebro, espec\u00edficamente en el hipocampo, \u00f3rgano responsable de la transferencia de informaci\u00f3n de la memoria a corto plazo hacia la memoria a largo plazo. Un debate no se gana cuando el oponente calla, sino cuando la audiencia retiene y adopta la idea central de forma permanente.<\/p>\n<p>&nbsp;<\/p>\n<p>Para lograr este cierre epist\u00e9mico, el discurso debe concluir con una s\u00edntesis conceptual de alta densidad que conecte los datos presentados con una conclusi\u00f3n trascendental o un llamado a la acci\u00f3n \u00e9tico y racional. El uso de analog\u00edas estructurales o met\u00e1foras memorables en este \u00faltimo minuto act\u00faa como un pegamento neurocognitivo. Al vincular una cadena de datos abstractos con una imagen mental concreta y de alto valor conceptual, se facilita la sinaptog\u00e9nesis y el fortalecimiento de redes hebbianas estables en el cerebro del oyente, asegurando que la postura defendida prevalezca como la opci\u00f3n m\u00e1s l\u00f3gica, coherente y veraz disponible en su sistema de creencias.<\/p>\n<p>&nbsp;<\/p>\n<p>La persuasi\u00f3n basada en la argumentaci\u00f3n cient\u00edfica dentro de un debate es un proceso estrictamente metodol\u00f3gico y secuencial. Al comprender los mecanismos neurobiol\u00f3gicos que rigen la atenci\u00f3n, la memoria y la toma de decisiones, el discurso abandona el terreno de la improvisaci\u00f3n para convertirse en una herramienta de ingenier\u00eda cognitiva. Siguiendo los pasos del anclaje atencional, la estructuraci\u00f3n l\u00f3gica, el respaldo emp\u00edrico, la inoculaci\u00f3n del contraargumento y el cierre epist\u00e9mico, se logra dirigir el pensamiento cr\u00edtico de la audiencia hacia una conclusi\u00f3n irrefutable, demostrando que la verdadera elocuencia no es un don innato, sino la aplicaci\u00f3n consciente de las leyes que gobiernan el cerebro humano.<\/p>\n<div id='gallery-1' class='gallery galleryid-405242 gallery-columns-3 gallery-size-thumbnail'><figure class='gallery-item'>\n\t\t\t<div class='gallery-icon landscape'>\n\t\t\t\t<a href='https:\/\/www.eldiario.net\/portal\/2026\/06\/19\/argumentacion-y-debate-el-poder-de-la-persuasion-3\/len-la-persuasion-copia\/'><img loading=\"lazy\" decoding=\"async\" width=\"150\" height=\"150\" src=\"https:\/\/www.eldiario.net\/portal\/wp-content\/uploads\/2026\/06\/Len-La-persuasion-copia-150x150.webp\" class=\"attachment-thumbnail size-thumbnail\" alt=\"\" \/><\/a>\n\t\t\t<\/div><\/figure><figure class='gallery-item'>\n\t\t\t<div class='gallery-icon landscape'>\n\t\t\t\t<a href='https:\/\/www.eldiario.net\/portal\/2026\/06\/19\/argumentacion-y-debate-el-poder-de-la-persuasion-3\/len-modulacion-dopaminergica-copia\/'><img loading=\"lazy\" decoding=\"async\" width=\"150\" height=\"150\" src=\"https:\/\/www.eldiario.net\/portal\/wp-content\/uploads\/2026\/06\/Len-Modulacion-dopaminergica-copia-150x150.webp\" class=\"attachment-thumbnail size-thumbnail\" alt=\"\" \/><\/a>\n\t\t\t<\/div><\/figure><figure class='gallery-item'>\n\t\t\t<div class='gallery-icon landscape'>\n\t\t\t\t<a href='https:\/\/www.eldiario.net\/portal\/2026\/06\/19\/argumentacion-y-debate-el-poder-de-la-persuasion-3\/len-la-biologia-de-la-persuasion-copia\/'><img loading=\"lazy\" decoding=\"async\" width=\"150\" height=\"150\" src=\"https:\/\/www.eldiario.net\/portal\/wp-content\/uploads\/2026\/06\/Len-La-biologia-de-la-persuasion-copia-150x150.webp\" class=\"attachment-thumbnail size-thumbnail\" alt=\"\" \/><\/a>\n\t\t\t<\/div><\/figure>\n\t\t<\/div>\n\n","protected":false},"excerpt":{"rendered":"<p>Cuarta Parte Por. Lic. H\u00e9ctor Molina &nbsp; Recordemos que\u2026 &nbsp; La argumentaci\u00f3n se define como el proceso cognitivo y ling\u00fc\u00edstico mediante el cual se construyen razonamientos l\u00f3gicos con el objetivo de demostrar, justificar o refutar una postura determinada. No consiste en una simple manifestaci\u00f3n de opiniones o preferencias personales, sino en la articulaci\u00f3n estructurada de [&hellip;]<\/p>\n","protected":false},"author":2,"featured_media":405245,"comment_status":"closed","ping_status":"open","sticky":false,"template":"","format":"standard","meta":{"_acf_changed":false,"footnotes":""},"categories":[43],"tags":[],"class_list":["post-405242","post","type-post","status-publish","format-standard","has-post-thumbnail","category-nuevos-horizontes"],"acf":{"antetitulo":""},"yoast_head":"<!-- This site is optimized with the Yoast SEO plugin v28.4 - https:\/\/yoast.com\/product\/yoast-seo-wordpress\/ -->\n<title>Argumentaci\u00f3n y debate El poder de la persuasi\u00f3n - El Diario - Bolivia<\/title>\n<meta name=\"robots\" content=\"index, follow, max-snippet:-1, max-image-preview:large, max-video-preview:-1\" \/>\n<link rel=\"canonical\" href=\"https:\/\/www.eldiario.net\/portal\/2026\/06\/19\/argumentacion-y-debate-el-poder-de-la-persuasion-3\/\" \/>\n<meta property=\"og:locale\" content=\"es_ES\" \/>\n<meta property=\"og:type\" content=\"article\" \/>\n<meta property=\"og:title\" content=\"Argumentaci\u00f3n y debate El poder de la persuasi\u00f3n - El Diario - Bolivia\" \/>\n<meta property=\"og:description\" content=\"Cuarta Parte Por. Lic. H\u00e9ctor Molina &nbsp; Recordemos que\u2026 &nbsp; La argumentaci\u00f3n se define como el proceso cognitivo y ling\u00fc\u00edstico mediante el cual se construyen razonamientos l\u00f3gicos con el objetivo de demostrar, justificar o refutar una postura determinada. No consiste en una simple manifestaci\u00f3n de opiniones o preferencias personales, sino en la articulaci\u00f3n estructurada de [&hellip;]\" \/>\n<meta property=\"og:url\" content=\"https:\/\/www.eldiario.net\/portal\/2026\/06\/19\/argumentacion-y-debate-el-poder-de-la-persuasion-3\/\" \/>\n<meta property=\"og:site_name\" content=\"El Diario - Bolivia\" \/>\n<meta property=\"article:publisher\" content=\"https:\/\/www.facebook.com\/eldiario.bolivia\/\" \/>\n<meta property=\"article:published_time\" content=\"2026-06-19T13:49:13+00:00\" \/>\n<meta property=\"og:image\" content=\"https:\/\/www.eldiario.net\/portal\/wp-content\/uploads\/2026\/06\/Len-La-biologia-de-la-persuasion-copia.webp\" \/>\n\t<meta property=\"og:image:width\" content=\"1024\" \/>\n\t<meta property=\"og:image:height\" content=\"559\" \/>\n\t<meta property=\"og:image:type\" content=\"image\/webp\" \/>\n<meta name=\"author\" content=\"luis Camacho\" \/>\n<meta name=\"twitter:card\" content=\"summary_large_image\" \/>\n<meta name=\"twitter:creator\" content=\"@eldiario_net\" \/>\n<meta name=\"twitter:site\" content=\"@eldiario_net\" \/>\n<meta name=\"twitter:label1\" content=\"Escrito por\" \/>\n\t<meta name=\"twitter:data1\" content=\"luis Camacho\" \/>\n\t<meta name=\"twitter:label2\" content=\"Tiempo de lectura\" \/>\n\t<meta name=\"twitter:data2\" content=\"7 minutos\" \/>\n<script type=\"application\/ld+json\" class=\"yoast-schema-graph\">{\"@context\":\"https:\\\/\\\/schema.org\",\"@graph\":[{\"@type\":\"Article\",\"@id\":\"https:\\\/\\\/www.eldiario.net\\\/portal\\\/2026\\\/06\\\/19\\\/argumentacion-y-debate-el-poder-de-la-persuasion-3\\\/#article\",\"isPartOf\":{\"@id\":\"https:\\\/\\\/www.eldiario.net\\\/portal\\\/2026\\\/06\\\/19\\\/argumentacion-y-debate-el-poder-de-la-persuasion-3\\\/\"},\"author\":{\"name\":\"luis Camacho\",\"@id\":\"https:\\\/\\\/www.eldiario.net\\\/portal\\\/#\\\/schema\\\/person\\\/c1a5d38e458b10c8ebd62f4189b82bbc\"},\"headline\":\"Argumentaci\u00f3n y debate El poder de la persuasi\u00f3n\",\"datePublished\":\"2026-06-19T13:49:13+00:00\",\"mainEntityOfPage\":{\"@id\":\"https:\\\/\\\/www.eldiario.net\\\/portal\\\/2026\\\/06\\\/19\\\/argumentacion-y-debate-el-poder-de-la-persuasion-3\\\/\"},\"wordCount\":1632,\"publisher\":{\"@id\":\"https:\\\/\\\/www.eldiario.net\\\/portal\\\/#organization\"},\"image\":{\"@id\":\"https:\\\/\\\/www.eldiario.net\\\/portal\\\/2026\\\/06\\\/19\\\/argumentacion-y-debate-el-poder-de-la-persuasion-3\\\/#primaryimage\"},\"thumbnailUrl\":\"https:\\\/\\\/www.eldiario.net\\\/portal\\\/wp-content\\\/uploads\\\/2026\\\/06\\\/Len-La-biologia-de-la-persuasion-copia.webp\",\"articleSection\":[\"Nuevos Horizontes\"],\"inLanguage\":\"es\"},{\"@type\":\"WebPage\",\"@id\":\"https:\\\/\\\/www.eldiario.net\\\/portal\\\/2026\\\/06\\\/19\\\/argumentacion-y-debate-el-poder-de-la-persuasion-3\\\/\",\"url\":\"https:\\\/\\\/www.eldiario.net\\\/portal\\\/2026\\\/06\\\/19\\\/argumentacion-y-debate-el-poder-de-la-persuasion-3\\\/\",\"name\":\"Argumentaci\u00f3n y debate El poder de la persuasi\u00f3n - El Diario - Bolivia\",\"isPartOf\":{\"@id\":\"https:\\\/\\\/www.eldiario.net\\\/portal\\\/#website\"},\"primaryImageOfPage\":{\"@id\":\"https:\\\/\\\/www.eldiario.net\\\/portal\\\/2026\\\/06\\\/19\\\/argumentacion-y-debate-el-poder-de-la-persuasion-3\\\/#primaryimage\"},\"image\":{\"@id\":\"https:\\\/\\\/www.eldiario.net\\\/portal\\\/2026\\\/06\\\/19\\\/argumentacion-y-debate-el-poder-de-la-persuasion-3\\\/#primaryimage\"},\"thumbnailUrl\":\"https:\\\/\\\/www.eldiario.net\\\/portal\\\/wp-content\\\/uploads\\\/2026\\\/06\\\/Len-La-biologia-de-la-persuasion-copia.webp\",\"datePublished\":\"2026-06-19T13:49:13+00:00\",\"breadcrumb\":{\"@id\":\"https:\\\/\\\/www.eldiario.net\\\/portal\\\/2026\\\/06\\\/19\\\/argumentacion-y-debate-el-poder-de-la-persuasion-3\\\/#breadcrumb\"},\"inLanguage\":\"es\",\"potentialAction\":[{\"@type\":\"ReadAction\",\"target\":[\"https:\\\/\\\/www.eldiario.net\\\/portal\\\/2026\\\/06\\\/19\\\/argumentacion-y-debate-el-poder-de-la-persuasion-3\\\/\"]}]},{\"@type\":\"ImageObject\",\"inLanguage\":\"es\",\"@id\":\"https:\\\/\\\/www.eldiario.net\\\/portal\\\/2026\\\/06\\\/19\\\/argumentacion-y-debate-el-poder-de-la-persuasion-3\\\/#primaryimage\",\"url\":\"https:\\\/\\\/www.eldiario.net\\\/portal\\\/wp-content\\\/uploads\\\/2026\\\/06\\\/Len-La-biologia-de-la-persuasion-copia.webp\",\"contentUrl\":\"https:\\\/\\\/www.eldiario.net\\\/portal\\\/wp-content\\\/uploads\\\/2026\\\/06\\\/Len-La-biologia-de-la-persuasion-copia.webp\",\"width\":1024,\"height\":559},{\"@type\":\"BreadcrumbList\",\"@id\":\"https:\\\/\\\/www.eldiario.net\\\/portal\\\/2026\\\/06\\\/19\\\/argumentacion-y-debate-el-poder-de-la-persuasion-3\\\/#breadcrumb\",\"itemListElement\":[{\"@type\":\"ListItem\",\"position\":1,\"name\":\"Portada\",\"item\":\"https:\\\/\\\/www.eldiario.net\\\/portal\\\/\"},{\"@type\":\"ListItem\",\"position\":2,\"name\":\"Argumentaci\u00f3n y debate El poder de la persuasi\u00f3n\"}]},{\"@type\":\"WebSite\",\"@id\":\"https:\\\/\\\/www.eldiario.net\\\/portal\\\/#website\",\"url\":\"https:\\\/\\\/www.eldiario.net\\\/portal\\\/\",\"name\":\"El Diario - Decano de la prensa nacional\",\"description\":\"El Diario - Decano de la prensa nacional\",\"publisher\":{\"@id\":\"https:\\\/\\\/www.eldiario.net\\\/portal\\\/#organization\"},\"potentialAction\":[{\"@type\":\"SearchAction\",\"target\":{\"@type\":\"EntryPoint\",\"urlTemplate\":\"https:\\\/\\\/www.eldiario.net\\\/portal\\\/?s={search_term_string}\"},\"query-input\":{\"@type\":\"PropertyValueSpecification\",\"valueRequired\":true,\"valueName\":\"search_term_string\"}}],\"inLanguage\":\"es\"},{\"@type\":\"Organization\",\"@id\":\"https:\\\/\\\/www.eldiario.net\\\/portal\\\/#organization\",\"name\":\"El Diario - Decano de la prensa nacional\",\"url\":\"https:\\\/\\\/www.eldiario.net\\\/portal\\\/\",\"logo\":{\"@type\":\"ImageObject\",\"inLanguage\":\"es\",\"@id\":\"https:\\\/\\\/www.eldiario.net\\\/portal\\\/#\\\/schema\\\/logo\\\/image\\\/\",\"url\":\"https:\\\/\\\/www.eldiario.net\\\/portal\\\/wp-content\\\/uploads\\\/2023\\\/07\\\/logo_ED.jpg\",\"contentUrl\":\"https:\\\/\\\/www.eldiario.net\\\/portal\\\/wp-content\\\/uploads\\\/2023\\\/07\\\/logo_ED.jpg\",\"width\":272,\"height\":52,\"caption\":\"El Diario - Decano de la prensa nacional\"},\"image\":{\"@id\":\"https:\\\/\\\/www.eldiario.net\\\/portal\\\/#\\\/schema\\\/logo\\\/image\\\/\"},\"sameAs\":[\"https:\\\/\\\/www.facebook.com\\\/eldiario.bolivia\\\/\",\"https:\\\/\\\/x.com\\\/eldiario_net\"]},{\"@type\":\"Person\",\"@id\":\"https:\\\/\\\/www.eldiario.net\\\/portal\\\/#\\\/schema\\\/person\\\/c1a5d38e458b10c8ebd62f4189b82bbc\",\"name\":\"luis Camacho\",\"image\":{\"@type\":\"ImageObject\",\"inLanguage\":\"es\",\"@id\":\"https:\\\/\\\/secure.gravatar.com\\\/avatar\\\/69ecb836b3826d5a2501bf06ab2a2f2c8ab211cc846758f395df21684cb38313?s=96&d=mm&r=g\",\"url\":\"https:\\\/\\\/secure.gravatar.com\\\/avatar\\\/69ecb836b3826d5a2501bf06ab2a2f2c8ab211cc846758f395df21684cb38313?s=96&d=mm&r=g\",\"contentUrl\":\"https:\\\/\\\/secure.gravatar.com\\\/avatar\\\/69ecb836b3826d5a2501bf06ab2a2f2c8ab211cc846758f395df21684cb38313?s=96&d=mm&r=g\",\"caption\":\"luis Camacho\"},\"url\":\"https:\\\/\\\/www.eldiario.net\\\/portal\\\/author\\\/luis\\\/\"}]}<\/script>\n<!-- \/ Yoast SEO plugin. -->","yoast_head_json":{"title":"Argumentaci\u00f3n y debate El poder de la persuasi\u00f3n - El Diario - Bolivia","robots":{"index":"index","follow":"follow","max-snippet":"max-snippet:-1","max-image-preview":"max-image-preview:large","max-video-preview":"max-video-preview:-1"},"canonical":"https:\/\/www.eldiario.net\/portal\/2026\/06\/19\/argumentacion-y-debate-el-poder-de-la-persuasion-3\/","og_locale":"es_ES","og_type":"article","og_title":"Argumentaci\u00f3n y debate El poder de la persuasi\u00f3n - El Diario - Bolivia","og_description":"Cuarta Parte Por. Lic. H\u00e9ctor Molina &nbsp; Recordemos que\u2026 &nbsp; La argumentaci\u00f3n se define como el proceso cognitivo y ling\u00fc\u00edstico mediante el cual se construyen razonamientos l\u00f3gicos con el objetivo de demostrar, justificar o refutar una postura determinada. No consiste en una simple manifestaci\u00f3n de opiniones o preferencias personales, sino en la articulaci\u00f3n estructurada de [&hellip;]","og_url":"https:\/\/www.eldiario.net\/portal\/2026\/06\/19\/argumentacion-y-debate-el-poder-de-la-persuasion-3\/","og_site_name":"El Diario - Bolivia","article_publisher":"https:\/\/www.facebook.com\/eldiario.bolivia\/","article_published_time":"2026-06-19T13:49:13+00:00","og_image":[{"width":1024,"height":559,"url":"https:\/\/www.eldiario.net\/portal\/wp-content\/uploads\/2026\/06\/Len-La-biologia-de-la-persuasion-copia.webp","type":"image\/webp"}],"author":"luis Camacho","twitter_card":"summary_large_image","twitter_creator":"@eldiario_net","twitter_site":"@eldiario_net","twitter_misc":{"Escrito por":"luis Camacho","Tiempo de lectura":"7 minutos"},"schema":{"@context":"https:\/\/schema.org","@graph":[{"@type":"Article","@id":"https:\/\/www.eldiario.net\/portal\/2026\/06\/19\/argumentacion-y-debate-el-poder-de-la-persuasion-3\/#article","isPartOf":{"@id":"https:\/\/www.eldiario.net\/portal\/2026\/06\/19\/argumentacion-y-debate-el-poder-de-la-persuasion-3\/"},"author":{"name":"luis Camacho","@id":"https:\/\/www.eldiario.net\/portal\/#\/schema\/person\/c1a5d38e458b10c8ebd62f4189b82bbc"},"headline":"Argumentaci\u00f3n y debate El poder de la persuasi\u00f3n","datePublished":"2026-06-19T13:49:13+00:00","mainEntityOfPage":{"@id":"https:\/\/www.eldiario.net\/portal\/2026\/06\/19\/argumentacion-y-debate-el-poder-de-la-persuasion-3\/"},"wordCount":1632,"publisher":{"@id":"https:\/\/www.eldiario.net\/portal\/#organization"},"image":{"@id":"https:\/\/www.eldiario.net\/portal\/2026\/06\/19\/argumentacion-y-debate-el-poder-de-la-persuasion-3\/#primaryimage"},"thumbnailUrl":"https:\/\/www.eldiario.net\/portal\/wp-content\/uploads\/2026\/06\/Len-La-biologia-de-la-persuasion-copia.webp","articleSection":["Nuevos Horizontes"],"inLanguage":"es"},{"@type":"WebPage","@id":"https:\/\/www.eldiario.net\/portal\/2026\/06\/19\/argumentacion-y-debate-el-poder-de-la-persuasion-3\/","url":"https:\/\/www.eldiario.net\/portal\/2026\/06\/19\/argumentacion-y-debate-el-poder-de-la-persuasion-3\/","name":"Argumentaci\u00f3n y debate El poder de la persuasi\u00f3n - El Diario - Bolivia","isPartOf":{"@id":"https:\/\/www.eldiario.net\/portal\/#website"},"primaryImageOfPage":{"@id":"https:\/\/www.eldiario.net\/portal\/2026\/06\/19\/argumentacion-y-debate-el-poder-de-la-persuasion-3\/#primaryimage"},"image":{"@id":"https:\/\/www.eldiario.net\/portal\/2026\/06\/19\/argumentacion-y-debate-el-poder-de-la-persuasion-3\/#primaryimage"},"thumbnailUrl":"https:\/\/www.eldiario.net\/portal\/wp-content\/uploads\/2026\/06\/Len-La-biologia-de-la-persuasion-copia.webp","datePublished":"2026-06-19T13:49:13+00:00","breadcrumb":{"@id":"https:\/\/www.eldiario.net\/portal\/2026\/06\/19\/argumentacion-y-debate-el-poder-de-la-persuasion-3\/#breadcrumb"},"inLanguage":"es","potentialAction":[{"@type":"ReadAction","target":["https:\/\/www.eldiario.net\/portal\/2026\/06\/19\/argumentacion-y-debate-el-poder-de-la-persuasion-3\/"]}]},{"@type":"ImageObject","inLanguage":"es","@id":"https:\/\/www.eldiario.net\/portal\/2026\/06\/19\/argumentacion-y-debate-el-poder-de-la-persuasion-3\/#primaryimage","url":"https:\/\/www.eldiario.net\/portal\/wp-content\/uploads\/2026\/06\/Len-La-biologia-de-la-persuasion-copia.webp","contentUrl":"https:\/\/www.eldiario.net\/portal\/wp-content\/uploads\/2026\/06\/Len-La-biologia-de-la-persuasion-copia.webp","width":1024,"height":559},{"@type":"BreadcrumbList","@id":"https:\/\/www.eldiario.net\/portal\/2026\/06\/19\/argumentacion-y-debate-el-poder-de-la-persuasion-3\/#breadcrumb","itemListElement":[{"@type":"ListItem","position":1,"name":"Portada","item":"https:\/\/www.eldiario.net\/portal\/"},{"@type":"ListItem","position":2,"name":"Argumentaci\u00f3n y debate El poder de la persuasi\u00f3n"}]},{"@type":"WebSite","@id":"https:\/\/www.eldiario.net\/portal\/#website","url":"https:\/\/www.eldiario.net\/portal\/","name":"El Diario - Decano de la prensa nacional","description":"El Diario - Decano de la prensa nacional","publisher":{"@id":"https:\/\/www.eldiario.net\/portal\/#organization"},"potentialAction":[{"@type":"SearchAction","target":{"@type":"EntryPoint","urlTemplate":"https:\/\/www.eldiario.net\/portal\/?s={search_term_string}"},"query-input":{"@type":"PropertyValueSpecification","valueRequired":true,"valueName":"search_term_string"}}],"inLanguage":"es"},{"@type":"Organization","@id":"https:\/\/www.eldiario.net\/portal\/#organization","name":"El Diario - Decano de la prensa nacional","url":"https:\/\/www.eldiario.net\/portal\/","logo":{"@type":"ImageObject","inLanguage":"es","@id":"https:\/\/www.eldiario.net\/portal\/#\/schema\/logo\/image\/","url":"https:\/\/www.eldiario.net\/portal\/wp-content\/uploads\/2023\/07\/logo_ED.jpg","contentUrl":"https:\/\/www.eldiario.net\/portal\/wp-content\/uploads\/2023\/07\/logo_ED.jpg","width":272,"height":52,"caption":"El Diario - Decano de la prensa nacional"},"image":{"@id":"https:\/\/www.eldiario.net\/portal\/#\/schema\/logo\/image\/"},"sameAs":["https:\/\/www.facebook.com\/eldiario.bolivia\/","https:\/\/x.com\/eldiario_net"]},{"@type":"Person","@id":"https:\/\/www.eldiario.net\/portal\/#\/schema\/person\/c1a5d38e458b10c8ebd62f4189b82bbc","name":"luis Camacho","image":{"@type":"ImageObject","inLanguage":"es","@id":"https:\/\/secure.gravatar.com\/avatar\/69ecb836b3826d5a2501bf06ab2a2f2c8ab211cc846758f395df21684cb38313?s=96&d=mm&r=g","url":"https:\/\/secure.gravatar.com\/avatar\/69ecb836b3826d5a2501bf06ab2a2f2c8ab211cc846758f395df21684cb38313?s=96&d=mm&r=g","contentUrl":"https:\/\/secure.gravatar.com\/avatar\/69ecb836b3826d5a2501bf06ab2a2f2c8ab211cc846758f395df21684cb38313?s=96&d=mm&r=g","caption":"luis Camacho"},"url":"https:\/\/www.eldiario.net\/portal\/author\/luis\/"}]}},"_links":{"self":[{"href":"https:\/\/www.eldiario.net\/portal\/wp-json\/wp\/v2\/posts\/405242","targetHints":{"allow":["GET"]}}],"collection":[{"href":"https:\/\/www.eldiario.net\/portal\/wp-json\/wp\/v2\/posts"}],"about":[{"href":"https:\/\/www.eldiario.net\/portal\/wp-json\/wp\/v2\/types\/post"}],"author":[{"embeddable":true,"href":"https:\/\/www.eldiario.net\/portal\/wp-json\/wp\/v2\/users\/2"}],"replies":[{"embeddable":true,"href":"https:\/\/www.eldiario.net\/portal\/wp-json\/wp\/v2\/comments?post=405242"}],"version-history":[{"count":1,"href":"https:\/\/www.eldiario.net\/portal\/wp-json\/wp\/v2\/posts\/405242\/revisions"}],"predecessor-version":[{"id":405246,"href":"https:\/\/www.eldiario.net\/portal\/wp-json\/wp\/v2\/posts\/405242\/revisions\/405246"}],"wp:featuredmedia":[{"embeddable":true,"href":"https:\/\/www.eldiario.net\/portal\/wp-json\/wp\/v2\/media\/405245"}],"wp:attachment":[{"href":"https:\/\/www.eldiario.net\/portal\/wp-json\/wp\/v2\/media?parent=405242"}],"wp:term":[{"taxonomy":"category","embeddable":true,"href":"https:\/\/www.eldiario.net\/portal\/wp-json\/wp\/v2\/categories?post=405242"},{"taxonomy":"post_tag","embeddable":true,"href":"https:\/\/www.eldiario.net\/portal\/wp-json\/wp\/v2\/tags?post=405242"}],"curies":[{"name":"wp","href":"https:\/\/api.w.org\/{rel}","templated":true}]}}