{"id":405232,"date":"2026-06-19T09:30:37","date_gmt":"2026-06-19T13:30:37","guid":{"rendered":"https:\/\/www.eldiario.net\/portal\/?p=405232"},"modified":"2026-06-19T09:30:37","modified_gmt":"2026-06-19T13:30:37","slug":"productores-y-transportistas-toman-el-area-de-carga-de-viru-viru-0925","status":"publish","type":"post","link":"https:\/\/www.eldiario.net\/portal\/2026\/06\/19\/productores-y-transportistas-toman-el-area-de-carga-de-viru-viru-0925\/","title":{"rendered":"Productores y transportistas toman el \u00e1rea de carga de Viru Viru (09:25)"},"content":{"rendered":"<p>Sectores av\u00edcolas, porcinocultores, ganaderos y el transporte pesado instalaron una toma pac\u00edfica y vigilia en el ingreso del \u00e1rea de carga del Aeropuerto Internacional de Viru Viru en Santa Cruz.<\/p>\n<p>La protesta surge como respuesta desesperada ante los 50 d\u00edas de bloqueos que asfixian las carreteras del pa\u00eds.<\/p>\n<p data-path-to-node=\"2\">El sector productivo advirti\u00f3 que su capacidad de aguante termin\u00f3 luego de acumular p\u00e9rdidas que superan los Bs 500 millones (m\u00e1s de Bs 10 millones diarios).<\/p>\n<p>Los movilizados exigen la inmediata intervenci\u00f3n del Gobierno para despejar las v\u00edas y amenazan con radicalizar sus medidas si no hay respuestas.<\/p>\n<p>Debido a la protesta, efectivos policiales llegaron para resguardar la terminal, donde adem\u00e1s se registraron retrasos en vuelos de BoA.<\/p>\n","protected":false},"excerpt":{"rendered":"<p>Sectores av\u00edcolas, porcinocultores, ganaderos y el transporte pesado instalaron una toma pac\u00edfica y vigilia en el ingreso del \u00e1rea de carga del Aeropuerto Internacional de Viru Viru en Santa Cruz. La protesta surge como respuesta desesperada ante los 50 d\u00edas de bloqueos que asfixian las carreteras del pa\u00eds. El sector productivo advirti\u00f3 que su capacidad [&hellip;]<\/p>\n","protected":false},"author":7,"featured_media":405234,"comment_status":"closed","ping_status":"open","sticky":false,"template":"","format":"standard","meta":{"_acf_changed":false,"footnotes":""},"categories":[51],"tags":[],"class_list":["post-405232","post","type-post","status-publish","format-standard","has-post-thumbnail","category-ultima-hora"],"acf":{"antetitulo":""},"yoast_head":"<!-- This site is optimized with the Yoast SEO plugin v28.4 - https:\/\/yoast.com\/product\/yoast-seo-wordpress\/ -->\n<title>Productores y transportistas toman el \u00e1rea de carga de Viru Viru (09:25) - El Diario - Bolivia<\/title>\n<meta name=\"robots\" content=\"index, follow, max-snippet:-1, max-image-preview:large, max-video-preview:-1\" \/>\n<link rel=\"canonical\" href=\"https:\/\/www.eldiario.net\/portal\/2026\/06\/19\/productores-y-transportistas-toman-el-area-de-carga-de-viru-viru-0925\/\" \/>\n<meta property=\"og:locale\" content=\"es_ES\" \/>\n<meta property=\"og:type\" content=\"article\" \/>\n<meta property=\"og:title\" content=\"Productores y transportistas toman el \u00e1rea de carga de Viru Viru (09:25) - El Diario - Bolivia\" \/>\n<meta property=\"og:description\" content=\"Sectores av\u00edcolas, porcinocultores, ganaderos y el transporte pesado instalaron una toma pac\u00edfica y vigilia en el ingreso del \u00e1rea de carga del Aeropuerto Internacional de Viru Viru en Santa Cruz. La protesta surge como respuesta desesperada ante los 50 d\u00edas de bloqueos que asfixian las carreteras del pa\u00eds. El sector productivo advirti\u00f3 que su capacidad [&hellip;]\" \/>\n<meta property=\"og:url\" content=\"https:\/\/www.eldiario.net\/portal\/2026\/06\/19\/productores-y-transportistas-toman-el-area-de-carga-de-viru-viru-0925\/\" \/>\n<meta property=\"og:site_name\" content=\"El Diario - Bolivia\" \/>\n<meta property=\"article:publisher\" content=\"https:\/\/www.facebook.com\/eldiario.bolivia\/\" \/>\n<meta property=\"article:published_time\" content=\"2026-06-19T13:30:37+00:00\" \/>\n<meta property=\"og:image\" content=\"https:\/\/www.eldiario.net\/portal\/wp-content\/uploads\/2026\/06\/viru-viru-19.06.26-copia.webp\" \/>\n\t<meta property=\"og:image:width\" content=\"492\" \/>\n\t<meta property=\"og:image:height\" content=\"536\" \/>\n\t<meta property=\"og:image:type\" content=\"image\/webp\" \/>\n<meta name=\"author\" content=\"Viviana Monrroy\" \/>\n<meta name=\"twitter:card\" content=\"summary_large_image\" \/>\n<meta name=\"twitter:creator\" content=\"@eldiario_net\" \/>\n<meta name=\"twitter:site\" content=\"@eldiario_net\" \/>\n<meta name=\"twitter:label1\" content=\"Escrito por\" \/>\n\t<meta name=\"twitter:data1\" content=\"Viviana Monrroy\" \/>\n\t<meta name=\"twitter:label2\" content=\"Tiempo de lectura\" \/>\n\t<meta name=\"twitter:data2\" content=\"1 minuto\" \/>\n<script type=\"application\/ld+json\" class=\"yoast-schema-graph\">{\"@context\":\"https:\\\/\\\/schema.org\",\"@graph\":[{\"@type\":\"Article\",\"@id\":\"https:\\\/\\\/www.eldiario.net\\\/portal\\\/2026\\\/06\\\/19\\\/productores-y-transportistas-toman-el-area-de-carga-de-viru-viru-0925\\\/#article\",\"isPartOf\":{\"@id\":\"https:\\\/\\\/www.eldiario.net\\\/portal\\\/2026\\\/06\\\/19\\\/productores-y-transportistas-toman-el-area-de-carga-de-viru-viru-0925\\\/\"},\"author\":{\"name\":\"Viviana Monrroy\",\"@id\":\"https:\\\/\\\/www.eldiario.net\\\/portal\\\/#\\\/schema\\\/person\\\/32cc89e801dfcbad3a54f91da7f2ea06\"},\"headline\":\"Productores y transportistas toman el \u00e1rea de carga de Viru Viru (09:25)\",\"datePublished\":\"2026-06-19T13:30:37+00:00\",\"mainEntityOfPage\":{\"@id\":\"https:\\\/\\\/www.eldiario.net\\\/portal\\\/2026\\\/06\\\/19\\\/productores-y-transportistas-toman-el-area-de-carga-de-viru-viru-0925\\\/\"},\"wordCount\":133,\"publisher\":{\"@id\":\"https:\\\/\\\/www.eldiario.net\\\/portal\\\/#organization\"},\"image\":{\"@id\":\"https:\\\/\\\/www.eldiario.net\\\/portal\\\/2026\\\/06\\\/19\\\/productores-y-transportistas-toman-el-area-de-carga-de-viru-viru-0925\\\/#primaryimage\"},\"thumbnailUrl\":\"https:\\\/\\\/www.eldiario.net\\\/portal\\\/wp-content\\\/uploads\\\/2026\\\/06\\\/viru-viru-19.06.26-copia.webp\",\"articleSection\":[\"\u00daltima Hora\"],\"inLanguage\":\"es\"},{\"@type\":\"WebPage\",\"@id\":\"https:\\\/\\\/www.eldiario.net\\\/portal\\\/2026\\\/06\\\/19\\\/productores-y-transportistas-toman-el-area-de-carga-de-viru-viru-0925\\\/\",\"url\":\"https:\\\/\\\/www.eldiario.net\\\/portal\\\/2026\\\/06\\\/19\\\/productores-y-transportistas-toman-el-area-de-carga-de-viru-viru-0925\\\/\",\"name\":\"Productores y transportistas toman el \u00e1rea de carga de Viru Viru (09:25) - El Diario - Bolivia\",\"isPartOf\":{\"@id\":\"https:\\\/\\\/www.eldiario.net\\\/portal\\\/#website\"},\"primaryImageOfPage\":{\"@id\":\"https:\\\/\\\/www.eldiario.net\\\/portal\\\/2026\\\/06\\\/19\\\/productores-y-transportistas-toman-el-area-de-carga-de-viru-viru-0925\\\/#primaryimage\"},\"image\":{\"@id\":\"https:\\\/\\\/www.eldiario.net\\\/portal\\\/2026\\\/06\\\/19\\\/productores-y-transportistas-toman-el-area-de-carga-de-viru-viru-0925\\\/#primaryimage\"},\"thumbnailUrl\":\"https:\\\/\\\/www.eldiario.net\\\/portal\\\/wp-content\\\/uploads\\\/2026\\\/06\\\/viru-viru-19.06.26-copia.webp\",\"datePublished\":\"2026-06-19T13:30:37+00:00\",\"breadcrumb\":{\"@id\":\"https:\\\/\\\/www.eldiario.net\\\/portal\\\/2026\\\/06\\\/19\\\/productores-y-transportistas-toman-el-area-de-carga-de-viru-viru-0925\\\/#breadcrumb\"},\"inLanguage\":\"es\",\"potentialAction\":[{\"@type\":\"ReadAction\",\"target\":[\"https:\\\/\\\/www.eldiario.net\\\/portal\\\/2026\\\/06\\\/19\\\/productores-y-transportistas-toman-el-area-de-carga-de-viru-viru-0925\\\/\"]}]},{\"@type\":\"ImageObject\",\"inLanguage\":\"es\",\"@id\":\"https:\\\/\\\/www.eldiario.net\\\/portal\\\/2026\\\/06\\\/19\\\/productores-y-transportistas-toman-el-area-de-carga-de-viru-viru-0925\\\/#primaryimage\",\"url\":\"https:\\\/\\\/www.eldiario.net\\\/portal\\\/wp-content\\\/uploads\\\/2026\\\/06\\\/viru-viru-19.06.26-copia.webp\",\"contentUrl\":\"https:\\\/\\\/www.eldiario.net\\\/portal\\\/wp-content\\\/uploads\\\/2026\\\/06\\\/viru-viru-19.06.26-copia.webp\",\"width\":492,\"height\":536,\"caption\":\"Foto: RR.SS.\"},{\"@type\":\"BreadcrumbList\",\"@id\":\"https:\\\/\\\/www.eldiario.net\\\/portal\\\/2026\\\/06\\\/19\\\/productores-y-transportistas-toman-el-area-de-carga-de-viru-viru-0925\\\/#breadcrumb\",\"itemListElement\":[{\"@type\":\"ListItem\",\"position\":1,\"name\":\"Portada\",\"item\":\"https:\\\/\\\/www.eldiario.net\\\/portal\\\/\"},{\"@type\":\"ListItem\",\"position\":2,\"name\":\"Productores y transportistas toman el \u00e1rea de carga de Viru Viru (09:25)\"}]},{\"@type\":\"WebSite\",\"@id\":\"https:\\\/\\\/www.eldiario.net\\\/portal\\\/#website\",\"url\":\"https:\\\/\\\/www.eldiario.net\\\/portal\\\/\",\"name\":\"El Diario - Decano de la prensa nacional\",\"description\":\"El Diario - Decano de la prensa nacional\",\"publisher\":{\"@id\":\"https:\\\/\\\/www.eldiario.net\\\/portal\\\/#organization\"},\"potentialAction\":[{\"@type\":\"SearchAction\",\"target\":{\"@type\":\"EntryPoint\",\"urlTemplate\":\"https:\\\/\\\/www.eldiario.net\\\/portal\\\/?s={search_term_string}\"},\"query-input\":{\"@type\":\"PropertyValueSpecification\",\"valueRequired\":true,\"valueName\":\"search_term_string\"}}],\"inLanguage\":\"es\"},{\"@type\":\"Organization\",\"@id\":\"https:\\\/\\\/www.eldiario.net\\\/portal\\\/#organization\",\"name\":\"El Diario - Decano de la prensa nacional\",\"url\":\"https:\\\/\\\/www.eldiario.net\\\/portal\\\/\",\"logo\":{\"@type\":\"ImageObject\",\"inLanguage\":\"es\",\"@id\":\"https:\\\/\\\/www.eldiario.net\\\/portal\\\/#\\\/schema\\\/logo\\\/image\\\/\",\"url\":\"https:\\\/\\\/www.eldiario.net\\\/portal\\\/wp-content\\\/uploads\\\/2023\\\/07\\\/logo_ED.jpg\",\"contentUrl\":\"https:\\\/\\\/www.eldiario.net\\\/portal\\\/wp-content\\\/uploads\\\/2023\\\/07\\\/logo_ED.jpg\",\"width\":272,\"height\":52,\"caption\":\"El Diario - Decano de la prensa nacional\"},\"image\":{\"@id\":\"https:\\\/\\\/www.eldiario.net\\\/portal\\\/#\\\/schema\\\/logo\\\/image\\\/\"},\"sameAs\":[\"https:\\\/\\\/www.facebook.com\\\/eldiario.bolivia\\\/\",\"https:\\\/\\\/x.com\\\/eldiario_net\"]},{\"@type\":\"Person\",\"@id\":\"https:\\\/\\\/www.eldiario.net\\\/portal\\\/#\\\/schema\\\/person\\\/32cc89e801dfcbad3a54f91da7f2ea06\",\"name\":\"Viviana Monrroy\",\"image\":{\"@type\":\"ImageObject\",\"inLanguage\":\"es\",\"@id\":\"https:\\\/\\\/secure.gravatar.com\\\/avatar\\\/dfd1611ed5600959a0e5a9754503b6c05d1dcf190010998e0363aee2ad98afca?s=96&d=mm&r=g\",\"url\":\"https:\\\/\\\/secure.gravatar.com\\\/avatar\\\/dfd1611ed5600959a0e5a9754503b6c05d1dcf190010998e0363aee2ad98afca?s=96&d=mm&r=g\",\"contentUrl\":\"https:\\\/\\\/secure.gravatar.com\\\/avatar\\\/dfd1611ed5600959a0e5a9754503b6c05d1dcf190010998e0363aee2ad98afca?s=96&d=mm&r=g\",\"caption\":\"Viviana Monrroy\"},\"sameAs\":[\"http:\\\/\\\/www.eldiario.net\"],\"url\":\"https:\\\/\\\/www.eldiario.net\\\/portal\\\/author\\\/vivianamonrroy\\\/\"}]}<\/script>\n<!-- \/ Yoast SEO plugin. -->","yoast_head_json":{"title":"Productores y transportistas toman el \u00e1rea de carga de Viru Viru (09:25) - El Diario - Bolivia","robots":{"index":"index","follow":"follow","max-snippet":"max-snippet:-1","max-image-preview":"max-image-preview:large","max-video-preview":"max-video-preview:-1"},"canonical":"https:\/\/www.eldiario.net\/portal\/2026\/06\/19\/productores-y-transportistas-toman-el-area-de-carga-de-viru-viru-0925\/","og_locale":"es_ES","og_type":"article","og_title":"Productores y transportistas toman el \u00e1rea de carga de Viru Viru (09:25) - El Diario - Bolivia","og_description":"Sectores av\u00edcolas, porcinocultores, ganaderos y el transporte pesado instalaron una toma pac\u00edfica y vigilia en el ingreso del \u00e1rea de carga del Aeropuerto Internacional de Viru Viru en Santa Cruz. La protesta surge como respuesta desesperada ante los 50 d\u00edas de bloqueos que asfixian las carreteras del pa\u00eds. El sector productivo advirti\u00f3 que su capacidad [&hellip;]","og_url":"https:\/\/www.eldiario.net\/portal\/2026\/06\/19\/productores-y-transportistas-toman-el-area-de-carga-de-viru-viru-0925\/","og_site_name":"El Diario - Bolivia","article_publisher":"https:\/\/www.facebook.com\/eldiario.bolivia\/","article_published_time":"2026-06-19T13:30:37+00:00","og_image":[{"width":492,"height":536,"url":"https:\/\/www.eldiario.net\/portal\/wp-content\/uploads\/2026\/06\/viru-viru-19.06.26-copia.webp","type":"image\/webp"}],"author":"Viviana Monrroy","twitter_card":"summary_large_image","twitter_creator":"@eldiario_net","twitter_site":"@eldiario_net","twitter_misc":{"Escrito por":"Viviana Monrroy","Tiempo de lectura":"1 minuto"},"schema":{"@context":"https:\/\/schema.org","@graph":[{"@type":"Article","@id":"https:\/\/www.eldiario.net\/portal\/2026\/06\/19\/productores-y-transportistas-toman-el-area-de-carga-de-viru-viru-0925\/#article","isPartOf":{"@id":"https:\/\/www.eldiario.net\/portal\/2026\/06\/19\/productores-y-transportistas-toman-el-area-de-carga-de-viru-viru-0925\/"},"author":{"name":"Viviana Monrroy","@id":"https:\/\/www.eldiario.net\/portal\/#\/schema\/person\/32cc89e801dfcbad3a54f91da7f2ea06"},"headline":"Productores y transportistas toman el \u00e1rea de carga de Viru Viru (09:25)","datePublished":"2026-06-19T13:30:37+00:00","mainEntityOfPage":{"@id":"https:\/\/www.eldiario.net\/portal\/2026\/06\/19\/productores-y-transportistas-toman-el-area-de-carga-de-viru-viru-0925\/"},"wordCount":133,"publisher":{"@id":"https:\/\/www.eldiario.net\/portal\/#organization"},"image":{"@id":"https:\/\/www.eldiario.net\/portal\/2026\/06\/19\/productores-y-transportistas-toman-el-area-de-carga-de-viru-viru-0925\/#primaryimage"},"thumbnailUrl":"https:\/\/www.eldiario.net\/portal\/wp-content\/uploads\/2026\/06\/viru-viru-19.06.26-copia.webp","articleSection":["\u00daltima Hora"],"inLanguage":"es"},{"@type":"WebPage","@id":"https:\/\/www.eldiario.net\/portal\/2026\/06\/19\/productores-y-transportistas-toman-el-area-de-carga-de-viru-viru-0925\/","url":"https:\/\/www.eldiario.net\/portal\/2026\/06\/19\/productores-y-transportistas-toman-el-area-de-carga-de-viru-viru-0925\/","name":"Productores y transportistas toman el \u00e1rea de carga de Viru Viru (09:25) - El Diario - Bolivia","isPartOf":{"@id":"https:\/\/www.eldiario.net\/portal\/#website"},"primaryImageOfPage":{"@id":"https:\/\/www.eldiario.net\/portal\/2026\/06\/19\/productores-y-transportistas-toman-el-area-de-carga-de-viru-viru-0925\/#primaryimage"},"image":{"@id":"https:\/\/www.eldiario.net\/portal\/2026\/06\/19\/productores-y-transportistas-toman-el-area-de-carga-de-viru-viru-0925\/#primaryimage"},"thumbnailUrl":"https:\/\/www.eldiario.net\/portal\/wp-content\/uploads\/2026\/06\/viru-viru-19.06.26-copia.webp","datePublished":"2026-06-19T13:30:37+00:00","breadcrumb":{"@id":"https:\/\/www.eldiario.net\/portal\/2026\/06\/19\/productores-y-transportistas-toman-el-area-de-carga-de-viru-viru-0925\/#breadcrumb"},"inLanguage":"es","potentialAction":[{"@type":"ReadAction","target":["https:\/\/www.eldiario.net\/portal\/2026\/06\/19\/productores-y-transportistas-toman-el-area-de-carga-de-viru-viru-0925\/"]}]},{"@type":"ImageObject","inLanguage":"es","@id":"https:\/\/www.eldiario.net\/portal\/2026\/06\/19\/productores-y-transportistas-toman-el-area-de-carga-de-viru-viru-0925\/#primaryimage","url":"https:\/\/www.eldiario.net\/portal\/wp-content\/uploads\/2026\/06\/viru-viru-19.06.26-copia.webp","contentUrl":"https:\/\/www.eldiario.net\/portal\/wp-content\/uploads\/2026\/06\/viru-viru-19.06.26-copia.webp","width":492,"height":536,"caption":"Foto: RR.SS."},{"@type":"BreadcrumbList","@id":"https:\/\/www.eldiario.net\/portal\/2026\/06\/19\/productores-y-transportistas-toman-el-area-de-carga-de-viru-viru-0925\/#breadcrumb","itemListElement":[{"@type":"ListItem","position":1,"name":"Portada","item":"https:\/\/www.eldiario.net\/portal\/"},{"@type":"ListItem","position":2,"name":"Productores y transportistas toman el \u00e1rea de carga de Viru Viru (09:25)"}]},{"@type":"WebSite","@id":"https:\/\/www.eldiario.net\/portal\/#website","url":"https:\/\/www.eldiario.net\/portal\/","name":"El Diario - Decano de la prensa nacional","description":"El Diario - Decano de la prensa nacional","publisher":{"@id":"https:\/\/www.eldiario.net\/portal\/#organization"},"potentialAction":[{"@type":"SearchAction","target":{"@type":"EntryPoint","urlTemplate":"https:\/\/www.eldiario.net\/portal\/?s={search_term_string}"},"query-input":{"@type":"PropertyValueSpecification","valueRequired":true,"valueName":"search_term_string"}}],"inLanguage":"es"},{"@type":"Organization","@id":"https:\/\/www.eldiario.net\/portal\/#organization","name":"El Diario - Decano de la prensa nacional","url":"https:\/\/www.eldiario.net\/portal\/","logo":{"@type":"ImageObject","inLanguage":"es","@id":"https:\/\/www.eldiario.net\/portal\/#\/schema\/logo\/image\/","url":"https:\/\/www.eldiario.net\/portal\/wp-content\/uploads\/2023\/07\/logo_ED.jpg","contentUrl":"https:\/\/www.eldiario.net\/portal\/wp-content\/uploads\/2023\/07\/logo_ED.jpg","width":272,"height":52,"caption":"El Diario - Decano de la prensa nacional"},"image":{"@id":"https:\/\/www.eldiario.net\/portal\/#\/schema\/logo\/image\/"},"sameAs":["https:\/\/www.facebook.com\/eldiario.bolivia\/","https:\/\/x.com\/eldiario_net"]},{"@type":"Person","@id":"https:\/\/www.eldiario.net\/portal\/#\/schema\/person\/32cc89e801dfcbad3a54f91da7f2ea06","name":"Viviana Monrroy","image":{"@type":"ImageObject","inLanguage":"es","@id":"https:\/\/secure.gravatar.com\/avatar\/dfd1611ed5600959a0e5a9754503b6c05d1dcf190010998e0363aee2ad98afca?s=96&d=mm&r=g","url":"https:\/\/secure.gravatar.com\/avatar\/dfd1611ed5600959a0e5a9754503b6c05d1dcf190010998e0363aee2ad98afca?s=96&d=mm&r=g","contentUrl":"https:\/\/secure.gravatar.com\/avatar\/dfd1611ed5600959a0e5a9754503b6c05d1dcf190010998e0363aee2ad98afca?s=96&d=mm&r=g","caption":"Viviana Monrroy"},"sameAs":["http:\/\/www.eldiario.net"],"url":"https:\/\/www.eldiario.net\/portal\/author\/vivianamonrroy\/"}]}},"_links":{"self":[{"href":"https:\/\/www.eldiario.net\/portal\/wp-json\/wp\/v2\/posts\/405232","targetHints":{"allow":["GET"]}}],"collection":[{"href":"https:\/\/www.eldiario.net\/portal\/wp-json\/wp\/v2\/posts"}],"about":[{"href":"https:\/\/www.eldiario.net\/portal\/wp-json\/wp\/v2\/types\/post"}],"author":[{"embeddable":true,"href":"https:\/\/www.eldiario.net\/portal\/wp-json\/wp\/v2\/users\/7"}],"replies":[{"embeddable":true,"href":"https:\/\/www.eldiario.net\/portal\/wp-json\/wp\/v2\/comments?post=405232"}],"version-history":[{"count":1,"href":"https:\/\/www.eldiario.net\/portal\/wp-json\/wp\/v2\/posts\/405232\/revisions"}],"predecessor-version":[{"id":405235,"href":"https:\/\/www.eldiario.net\/portal\/wp-json\/wp\/v2\/posts\/405232\/revisions\/405235"}],"wp:featuredmedia":[{"embeddable":true,"href":"https:\/\/www.eldiario.net\/portal\/wp-json\/wp\/v2\/media\/405234"}],"wp:attachment":[{"href":"https:\/\/www.eldiario.net\/portal\/wp-json\/wp\/v2\/media?parent=405232"}],"wp:term":[{"taxonomy":"category","embeddable":true,"href":"https:\/\/www.eldiario.net\/portal\/wp-json\/wp\/v2\/categories?post=405232"},{"taxonomy":"post_tag","embeddable":true,"href":"https:\/\/www.eldiario.net\/portal\/wp-json\/wp\/v2\/tags?post=405232"}],"curies":[{"name":"wp","href":"https:\/\/api.w.org\/{rel}","templated":true}]}}