{"id":405230,"date":"2026-06-19T09:38:56","date_gmt":"2026-06-19T13:38:56","guid":{"rendered":"https:\/\/www.eldiario.net\/portal\/?p=405230"},"modified":"2026-06-19T09:38:56","modified_gmt":"2026-06-19T13:38:56","slug":"despues-de-los-bloqueos-las-deudas-siguen-y-crecen-0930","status":"publish","type":"post","link":"https:\/\/www.eldiario.net\/portal\/2026\/06\/19\/despues-de-los-bloqueos-las-deudas-siguen-y-crecen-0930\/","title":{"rendered":"Despu\u00e9s de los bloqueos, las deudas siguen y crecen (09:30)"},"content":{"rendered":"<p>Los bloqueos hacen mucho da\u00f1o actualmente a la ciudadan\u00eda, pero esta situaci\u00f3n no se solucionar\u00e1 abruptamente cuando \u00e9stos se levanten o se llegue a un acuerdo, pues los efectos de las manifestaciones de protesta seguir\u00e1n da\u00f1ando la econom\u00eda de quienes no pueden cancelar sus deudas porque no generaron recursos durante los 50 d\u00edas de paralizaci\u00f3n, especialmente en el departamento de La Paz. La abogada Tatiana Apaza, de la Fundaci\u00f3n Micro Justicia brinda algunos consejos para enfrentar a los bancos que exigir\u00e1n los pagos, pese a la dif\u00edcil situaci\u00f3n econ\u00f3mica de sus clientes que recibieron cr\u00e9ditos.<\/p>\n<p><iframe loading=\"lazy\" title=\"Despu\u00e9s de los bloqueos, las deudas siguen y crecen\" width=\"696\" height=\"392\" src=\"https:\/\/www.youtube.com\/embed\/BEor9MoXQjg?feature=oembed\" frameborder=\"0\" allow=\"accelerometer; autoplay; clipboard-write; encrypted-media; gyroscope; picture-in-picture; web-share\" referrerpolicy=\"strict-origin-when-cross-origin\" allowfullscreen><\/iframe><\/p>\n","protected":false},"excerpt":{"rendered":"<p>Los bloqueos hacen mucho da\u00f1o actualmente a la ciudadan\u00eda, pero esta situaci\u00f3n no se solucionar\u00e1 abruptamente cuando \u00e9stos se levanten o se llegue a un acuerdo, pues los efectos de las manifestaciones de protesta seguir\u00e1n da\u00f1ando la econom\u00eda de quienes no pueden cancelar sus deudas porque no generaron recursos durante los 50 d\u00edas de paralizaci\u00f3n, [&hellip;]<\/p>\n","protected":false},"author":6,"featured_media":405233,"comment_status":"closed","ping_status":"open","sticky":false,"template":"","format":"video","meta":{"_acf_changed":false,"footnotes":""},"categories":[51],"tags":[],"class_list":["post-405230","post","type-post","status-publish","format-video","has-post-thumbnail","category-ultima-hora","post_format-post-format-video"],"acf":{"antetitulo":""},"yoast_head":"<!-- This site is optimized with the Yoast SEO plugin v28.4 - https:\/\/yoast.com\/product\/yoast-seo-wordpress\/ -->\n<title>Despu\u00e9s de los bloqueos, las deudas siguen y crecen (09:30) - El Diario - Bolivia<\/title>\n<meta name=\"robots\" content=\"index, follow, max-snippet:-1, max-image-preview:large, max-video-preview:-1\" \/>\n<link rel=\"canonical\" href=\"https:\/\/www.eldiario.net\/portal\/2026\/06\/19\/despues-de-los-bloqueos-las-deudas-siguen-y-crecen-0930\/\" \/>\n<meta property=\"og:locale\" content=\"es_ES\" \/>\n<meta property=\"og:type\" content=\"article\" \/>\n<meta property=\"og:title\" content=\"Despu\u00e9s de los bloqueos, las deudas siguen y crecen (09:30) - El Diario - Bolivia\" \/>\n<meta property=\"og:description\" content=\"Los bloqueos hacen mucho da\u00f1o actualmente a la ciudadan\u00eda, pero esta situaci\u00f3n no se solucionar\u00e1 abruptamente cuando \u00e9stos se levanten o se llegue a un acuerdo, pues los efectos de las manifestaciones de protesta seguir\u00e1n da\u00f1ando la econom\u00eda de quienes no pueden cancelar sus deudas porque no generaron recursos durante los 50 d\u00edas de paralizaci\u00f3n, [&hellip;]\" \/>\n<meta property=\"og:url\" content=\"https:\/\/www.eldiario.net\/portal\/2026\/06\/19\/despues-de-los-bloqueos-las-deudas-siguen-y-crecen-0930\/\" \/>\n<meta property=\"og:site_name\" content=\"El Diario - Bolivia\" \/>\n<meta property=\"article:publisher\" content=\"https:\/\/www.facebook.com\/eldiario.bolivia\/\" \/>\n<meta property=\"article:published_time\" content=\"2026-06-19T13:38:56+00:00\" \/>\n<meta property=\"og:image\" content=\"https:\/\/www.eldiario.net\/portal\/wp-content\/uploads\/2026\/06\/WhatsApp-Image-2026-06-18-at-5.26.18-PM-1-e1781875416451.jpeg\" \/>\n\t<meta property=\"og:image:width\" content=\"400\" \/>\n\t<meta property=\"og:image:height\" content=\"211\" \/>\n\t<meta property=\"og:image:type\" content=\"image\/jpeg\" \/>\n<meta name=\"author\" content=\"Mariana Garnica\" \/>\n<meta name=\"twitter:card\" content=\"summary_large_image\" \/>\n<meta name=\"twitter:creator\" content=\"@eldiario_net\" \/>\n<meta name=\"twitter:site\" content=\"@eldiario_net\" \/>\n<meta name=\"twitter:label1\" content=\"Escrito por\" \/>\n\t<meta name=\"twitter:data1\" content=\"Mariana Garnica\" \/>\n\t<meta name=\"twitter:label2\" content=\"Tiempo de lectura\" \/>\n\t<meta name=\"twitter:data2\" content=\"1 minuto\" \/>\n<script type=\"application\/ld+json\" class=\"yoast-schema-graph\">{\"@context\":\"https:\\\/\\\/schema.org\",\"@graph\":[{\"@type\":\"Article\",\"@id\":\"https:\\\/\\\/www.eldiario.net\\\/portal\\\/2026\\\/06\\\/19\\\/despues-de-los-bloqueos-las-deudas-siguen-y-crecen-0930\\\/#article\",\"isPartOf\":{\"@id\":\"https:\\\/\\\/www.eldiario.net\\\/portal\\\/2026\\\/06\\\/19\\\/despues-de-los-bloqueos-las-deudas-siguen-y-crecen-0930\\\/\"},\"author\":{\"name\":\"Mariana Garnica\",\"@id\":\"https:\\\/\\\/www.eldiario.net\\\/portal\\\/#\\\/schema\\\/person\\\/b02ed27b456c3e0bd38941da92e05130\"},\"headline\":\"Despu\u00e9s de los bloqueos, las deudas siguen y crecen (09:30)\",\"datePublished\":\"2026-06-19T13:38:56+00:00\",\"mainEntityOfPage\":{\"@id\":\"https:\\\/\\\/www.eldiario.net\\\/portal\\\/2026\\\/06\\\/19\\\/despues-de-los-bloqueos-las-deudas-siguen-y-crecen-0930\\\/\"},\"wordCount\":125,\"publisher\":{\"@id\":\"https:\\\/\\\/www.eldiario.net\\\/portal\\\/#organization\"},\"image\":{\"@id\":\"https:\\\/\\\/www.eldiario.net\\\/portal\\\/2026\\\/06\\\/19\\\/despues-de-los-bloqueos-las-deudas-siguen-y-crecen-0930\\\/#primaryimage\"},\"thumbnailUrl\":\"https:\\\/\\\/www.eldiario.net\\\/portal\\\/wp-content\\\/uploads\\\/2026\\\/06\\\/WhatsApp-Image-2026-06-18-at-5.26.18-PM-1-e1781875416451.jpeg\",\"articleSection\":[\"\u00daltima Hora\"],\"inLanguage\":\"es\"},{\"@type\":\"WebPage\",\"@id\":\"https:\\\/\\\/www.eldiario.net\\\/portal\\\/2026\\\/06\\\/19\\\/despues-de-los-bloqueos-las-deudas-siguen-y-crecen-0930\\\/\",\"url\":\"https:\\\/\\\/www.eldiario.net\\\/portal\\\/2026\\\/06\\\/19\\\/despues-de-los-bloqueos-las-deudas-siguen-y-crecen-0930\\\/\",\"name\":\"Despu\u00e9s de los bloqueos, las deudas siguen y crecen (09:30) - El Diario - Bolivia\",\"isPartOf\":{\"@id\":\"https:\\\/\\\/www.eldiario.net\\\/portal\\\/#website\"},\"primaryImageOfPage\":{\"@id\":\"https:\\\/\\\/www.eldiario.net\\\/portal\\\/2026\\\/06\\\/19\\\/despues-de-los-bloqueos-las-deudas-siguen-y-crecen-0930\\\/#primaryimage\"},\"image\":{\"@id\":\"https:\\\/\\\/www.eldiario.net\\\/portal\\\/2026\\\/06\\\/19\\\/despues-de-los-bloqueos-las-deudas-siguen-y-crecen-0930\\\/#primaryimage\"},\"thumbnailUrl\":\"https:\\\/\\\/www.eldiario.net\\\/portal\\\/wp-content\\\/uploads\\\/2026\\\/06\\\/WhatsApp-Image-2026-06-18-at-5.26.18-PM-1-e1781875416451.jpeg\",\"datePublished\":\"2026-06-19T13:38:56+00:00\",\"breadcrumb\":{\"@id\":\"https:\\\/\\\/www.eldiario.net\\\/portal\\\/2026\\\/06\\\/19\\\/despues-de-los-bloqueos-las-deudas-siguen-y-crecen-0930\\\/#breadcrumb\"},\"inLanguage\":\"es\",\"potentialAction\":[{\"@type\":\"ReadAction\",\"target\":[\"https:\\\/\\\/www.eldiario.net\\\/portal\\\/2026\\\/06\\\/19\\\/despues-de-los-bloqueos-las-deudas-siguen-y-crecen-0930\\\/\"]}]},{\"@type\":\"ImageObject\",\"inLanguage\":\"es\",\"@id\":\"https:\\\/\\\/www.eldiario.net\\\/portal\\\/2026\\\/06\\\/19\\\/despues-de-los-bloqueos-las-deudas-siguen-y-crecen-0930\\\/#primaryimage\",\"url\":\"https:\\\/\\\/www.eldiario.net\\\/portal\\\/wp-content\\\/uploads\\\/2026\\\/06\\\/WhatsApp-Image-2026-06-18-at-5.26.18-PM-1-e1781875416451.jpeg\",\"contentUrl\":\"https:\\\/\\\/www.eldiario.net\\\/portal\\\/wp-content\\\/uploads\\\/2026\\\/06\\\/WhatsApp-Image-2026-06-18-at-5.26.18-PM-1-e1781875416451.jpeg\",\"width\":400,\"height\":211},{\"@type\":\"BreadcrumbList\",\"@id\":\"https:\\\/\\\/www.eldiario.net\\\/portal\\\/2026\\\/06\\\/19\\\/despues-de-los-bloqueos-las-deudas-siguen-y-crecen-0930\\\/#breadcrumb\",\"itemListElement\":[{\"@type\":\"ListItem\",\"position\":1,\"name\":\"Portada\",\"item\":\"https:\\\/\\\/www.eldiario.net\\\/portal\\\/\"},{\"@type\":\"ListItem\",\"position\":2,\"name\":\"Despu\u00e9s de los bloqueos, las deudas siguen y crecen (09:30)\"}]},{\"@type\":\"WebSite\",\"@id\":\"https:\\\/\\\/www.eldiario.net\\\/portal\\\/#website\",\"url\":\"https:\\\/\\\/www.eldiario.net\\\/portal\\\/\",\"name\":\"El Diario - Decano de la prensa nacional\",\"description\":\"El Diario - Decano de la prensa nacional\",\"publisher\":{\"@id\":\"https:\\\/\\\/www.eldiario.net\\\/portal\\\/#organization\"},\"potentialAction\":[{\"@type\":\"SearchAction\",\"target\":{\"@type\":\"EntryPoint\",\"urlTemplate\":\"https:\\\/\\\/www.eldiario.net\\\/portal\\\/?s={search_term_string}\"},\"query-input\":{\"@type\":\"PropertyValueSpecification\",\"valueRequired\":true,\"valueName\":\"search_term_string\"}}],\"inLanguage\":\"es\"},{\"@type\":\"Organization\",\"@id\":\"https:\\\/\\\/www.eldiario.net\\\/portal\\\/#organization\",\"name\":\"El Diario - Decano de la prensa nacional\",\"url\":\"https:\\\/\\\/www.eldiario.net\\\/portal\\\/\",\"logo\":{\"@type\":\"ImageObject\",\"inLanguage\":\"es\",\"@id\":\"https:\\\/\\\/www.eldiario.net\\\/portal\\\/#\\\/schema\\\/logo\\\/image\\\/\",\"url\":\"https:\\\/\\\/www.eldiario.net\\\/portal\\\/wp-content\\\/uploads\\\/2023\\\/07\\\/logo_ED.jpg\",\"contentUrl\":\"https:\\\/\\\/www.eldiario.net\\\/portal\\\/wp-content\\\/uploads\\\/2023\\\/07\\\/logo_ED.jpg\",\"width\":272,\"height\":52,\"caption\":\"El Diario - Decano de la prensa nacional\"},\"image\":{\"@id\":\"https:\\\/\\\/www.eldiario.net\\\/portal\\\/#\\\/schema\\\/logo\\\/image\\\/\"},\"sameAs\":[\"https:\\\/\\\/www.facebook.com\\\/eldiario.bolivia\\\/\",\"https:\\\/\\\/x.com\\\/eldiario_net\"]},{\"@type\":\"Person\",\"@id\":\"https:\\\/\\\/www.eldiario.net\\\/portal\\\/#\\\/schema\\\/person\\\/b02ed27b456c3e0bd38941da92e05130\",\"name\":\"Mariana Garnica\",\"image\":{\"@type\":\"ImageObject\",\"inLanguage\":\"es\",\"@id\":\"https:\\\/\\\/secure.gravatar.com\\\/avatar\\\/41ff8773a042930478027d27070a9bf5dfb25b1f36d7245a4372dea1f9f295bf?s=96&d=mm&r=g\",\"url\":\"https:\\\/\\\/secure.gravatar.com\\\/avatar\\\/41ff8773a042930478027d27070a9bf5dfb25b1f36d7245a4372dea1f9f295bf?s=96&d=mm&r=g\",\"contentUrl\":\"https:\\\/\\\/secure.gravatar.com\\\/avatar\\\/41ff8773a042930478027d27070a9bf5dfb25b1f36d7245a4372dea1f9f295bf?s=96&d=mm&r=g\",\"caption\":\"Mariana Garnica\"},\"url\":\"https:\\\/\\\/www.eldiario.net\\\/portal\\\/author\\\/manzanita\\\/\"}]}<\/script>\n<!-- \/ Yoast SEO plugin. -->","yoast_head_json":{"title":"Despu\u00e9s de los bloqueos, las deudas siguen y crecen (09:30) - El Diario - Bolivia","robots":{"index":"index","follow":"follow","max-snippet":"max-snippet:-1","max-image-preview":"max-image-preview:large","max-video-preview":"max-video-preview:-1"},"canonical":"https:\/\/www.eldiario.net\/portal\/2026\/06\/19\/despues-de-los-bloqueos-las-deudas-siguen-y-crecen-0930\/","og_locale":"es_ES","og_type":"article","og_title":"Despu\u00e9s de los bloqueos, las deudas siguen y crecen (09:30) - El Diario - Bolivia","og_description":"Los bloqueos hacen mucho da\u00f1o actualmente a la ciudadan\u00eda, pero esta situaci\u00f3n no se solucionar\u00e1 abruptamente cuando \u00e9stos se levanten o se llegue a un acuerdo, pues los efectos de las manifestaciones de protesta seguir\u00e1n da\u00f1ando la econom\u00eda de quienes no pueden cancelar sus deudas porque no generaron recursos durante los 50 d\u00edas de paralizaci\u00f3n, [&hellip;]","og_url":"https:\/\/www.eldiario.net\/portal\/2026\/06\/19\/despues-de-los-bloqueos-las-deudas-siguen-y-crecen-0930\/","og_site_name":"El Diario - Bolivia","article_publisher":"https:\/\/www.facebook.com\/eldiario.bolivia\/","article_published_time":"2026-06-19T13:38:56+00:00","og_image":[{"width":400,"height":211,"url":"https:\/\/www.eldiario.net\/portal\/wp-content\/uploads\/2026\/06\/WhatsApp-Image-2026-06-18-at-5.26.18-PM-1-e1781875416451.jpeg","type":"image\/jpeg"}],"author":"Mariana Garnica","twitter_card":"summary_large_image","twitter_creator":"@eldiario_net","twitter_site":"@eldiario_net","twitter_misc":{"Escrito por":"Mariana Garnica","Tiempo de lectura":"1 minuto"},"schema":{"@context":"https:\/\/schema.org","@graph":[{"@type":"Article","@id":"https:\/\/www.eldiario.net\/portal\/2026\/06\/19\/despues-de-los-bloqueos-las-deudas-siguen-y-crecen-0930\/#article","isPartOf":{"@id":"https:\/\/www.eldiario.net\/portal\/2026\/06\/19\/despues-de-los-bloqueos-las-deudas-siguen-y-crecen-0930\/"},"author":{"name":"Mariana Garnica","@id":"https:\/\/www.eldiario.net\/portal\/#\/schema\/person\/b02ed27b456c3e0bd38941da92e05130"},"headline":"Despu\u00e9s de los bloqueos, las deudas siguen y crecen (09:30)","datePublished":"2026-06-19T13:38:56+00:00","mainEntityOfPage":{"@id":"https:\/\/www.eldiario.net\/portal\/2026\/06\/19\/despues-de-los-bloqueos-las-deudas-siguen-y-crecen-0930\/"},"wordCount":125,"publisher":{"@id":"https:\/\/www.eldiario.net\/portal\/#organization"},"image":{"@id":"https:\/\/www.eldiario.net\/portal\/2026\/06\/19\/despues-de-los-bloqueos-las-deudas-siguen-y-crecen-0930\/#primaryimage"},"thumbnailUrl":"https:\/\/www.eldiario.net\/portal\/wp-content\/uploads\/2026\/06\/WhatsApp-Image-2026-06-18-at-5.26.18-PM-1-e1781875416451.jpeg","articleSection":["\u00daltima Hora"],"inLanguage":"es"},{"@type":"WebPage","@id":"https:\/\/www.eldiario.net\/portal\/2026\/06\/19\/despues-de-los-bloqueos-las-deudas-siguen-y-crecen-0930\/","url":"https:\/\/www.eldiario.net\/portal\/2026\/06\/19\/despues-de-los-bloqueos-las-deudas-siguen-y-crecen-0930\/","name":"Despu\u00e9s de los bloqueos, las deudas siguen y crecen (09:30) - El Diario - Bolivia","isPartOf":{"@id":"https:\/\/www.eldiario.net\/portal\/#website"},"primaryImageOfPage":{"@id":"https:\/\/www.eldiario.net\/portal\/2026\/06\/19\/despues-de-los-bloqueos-las-deudas-siguen-y-crecen-0930\/#primaryimage"},"image":{"@id":"https:\/\/www.eldiario.net\/portal\/2026\/06\/19\/despues-de-los-bloqueos-las-deudas-siguen-y-crecen-0930\/#primaryimage"},"thumbnailUrl":"https:\/\/www.eldiario.net\/portal\/wp-content\/uploads\/2026\/06\/WhatsApp-Image-2026-06-18-at-5.26.18-PM-1-e1781875416451.jpeg","datePublished":"2026-06-19T13:38:56+00:00","breadcrumb":{"@id":"https:\/\/www.eldiario.net\/portal\/2026\/06\/19\/despues-de-los-bloqueos-las-deudas-siguen-y-crecen-0930\/#breadcrumb"},"inLanguage":"es","potentialAction":[{"@type":"ReadAction","target":["https:\/\/www.eldiario.net\/portal\/2026\/06\/19\/despues-de-los-bloqueos-las-deudas-siguen-y-crecen-0930\/"]}]},{"@type":"ImageObject","inLanguage":"es","@id":"https:\/\/www.eldiario.net\/portal\/2026\/06\/19\/despues-de-los-bloqueos-las-deudas-siguen-y-crecen-0930\/#primaryimage","url":"https:\/\/www.eldiario.net\/portal\/wp-content\/uploads\/2026\/06\/WhatsApp-Image-2026-06-18-at-5.26.18-PM-1-e1781875416451.jpeg","contentUrl":"https:\/\/www.eldiario.net\/portal\/wp-content\/uploads\/2026\/06\/WhatsApp-Image-2026-06-18-at-5.26.18-PM-1-e1781875416451.jpeg","width":400,"height":211},{"@type":"BreadcrumbList","@id":"https:\/\/www.eldiario.net\/portal\/2026\/06\/19\/despues-de-los-bloqueos-las-deudas-siguen-y-crecen-0930\/#breadcrumb","itemListElement":[{"@type":"ListItem","position":1,"name":"Portada","item":"https:\/\/www.eldiario.net\/portal\/"},{"@type":"ListItem","position":2,"name":"Despu\u00e9s de los bloqueos, las deudas siguen y crecen (09:30)"}]},{"@type":"WebSite","@id":"https:\/\/www.eldiario.net\/portal\/#website","url":"https:\/\/www.eldiario.net\/portal\/","name":"El Diario - Decano de la prensa nacional","description":"El Diario - Decano de la prensa nacional","publisher":{"@id":"https:\/\/www.eldiario.net\/portal\/#organization"},"potentialAction":[{"@type":"SearchAction","target":{"@type":"EntryPoint","urlTemplate":"https:\/\/www.eldiario.net\/portal\/?s={search_term_string}"},"query-input":{"@type":"PropertyValueSpecification","valueRequired":true,"valueName":"search_term_string"}}],"inLanguage":"es"},{"@type":"Organization","@id":"https:\/\/www.eldiario.net\/portal\/#organization","name":"El Diario - Decano de la prensa nacional","url":"https:\/\/www.eldiario.net\/portal\/","logo":{"@type":"ImageObject","inLanguage":"es","@id":"https:\/\/www.eldiario.net\/portal\/#\/schema\/logo\/image\/","url":"https:\/\/www.eldiario.net\/portal\/wp-content\/uploads\/2023\/07\/logo_ED.jpg","contentUrl":"https:\/\/www.eldiario.net\/portal\/wp-content\/uploads\/2023\/07\/logo_ED.jpg","width":272,"height":52,"caption":"El Diario - Decano de la prensa nacional"},"image":{"@id":"https:\/\/www.eldiario.net\/portal\/#\/schema\/logo\/image\/"},"sameAs":["https:\/\/www.facebook.com\/eldiario.bolivia\/","https:\/\/x.com\/eldiario_net"]},{"@type":"Person","@id":"https:\/\/www.eldiario.net\/portal\/#\/schema\/person\/b02ed27b456c3e0bd38941da92e05130","name":"Mariana Garnica","image":{"@type":"ImageObject","inLanguage":"es","@id":"https:\/\/secure.gravatar.com\/avatar\/41ff8773a042930478027d27070a9bf5dfb25b1f36d7245a4372dea1f9f295bf?s=96&d=mm&r=g","url":"https:\/\/secure.gravatar.com\/avatar\/41ff8773a042930478027d27070a9bf5dfb25b1f36d7245a4372dea1f9f295bf?s=96&d=mm&r=g","contentUrl":"https:\/\/secure.gravatar.com\/avatar\/41ff8773a042930478027d27070a9bf5dfb25b1f36d7245a4372dea1f9f295bf?s=96&d=mm&r=g","caption":"Mariana Garnica"},"url":"https:\/\/www.eldiario.net\/portal\/author\/manzanita\/"}]}},"_links":{"self":[{"href":"https:\/\/www.eldiario.net\/portal\/wp-json\/wp\/v2\/posts\/405230","targetHints":{"allow":["GET"]}}],"collection":[{"href":"https:\/\/www.eldiario.net\/portal\/wp-json\/wp\/v2\/posts"}],"about":[{"href":"https:\/\/www.eldiario.net\/portal\/wp-json\/wp\/v2\/types\/post"}],"author":[{"embeddable":true,"href":"https:\/\/www.eldiario.net\/portal\/wp-json\/wp\/v2\/users\/6"}],"replies":[{"embeddable":true,"href":"https:\/\/www.eldiario.net\/portal\/wp-json\/wp\/v2\/comments?post=405230"}],"version-history":[{"count":1,"href":"https:\/\/www.eldiario.net\/portal\/wp-json\/wp\/v2\/posts\/405230\/revisions"}],"predecessor-version":[{"id":405236,"href":"https:\/\/www.eldiario.net\/portal\/wp-json\/wp\/v2\/posts\/405230\/revisions\/405236"}],"wp:featuredmedia":[{"embeddable":true,"href":"https:\/\/www.eldiario.net\/portal\/wp-json\/wp\/v2\/media\/405233"}],"wp:attachment":[{"href":"https:\/\/www.eldiario.net\/portal\/wp-json\/wp\/v2\/media?parent=405230"}],"wp:term":[{"taxonomy":"category","embeddable":true,"href":"https:\/\/www.eldiario.net\/portal\/wp-json\/wp\/v2\/categories?post=405230"},{"taxonomy":"post_tag","embeddable":true,"href":"https:\/\/www.eldiario.net\/portal\/wp-json\/wp\/v2\/tags?post=405230"}],"curies":[{"name":"wp","href":"https:\/\/api.w.org\/{rel}","templated":true}]}}