{"id":405091,"date":"2026-06-18T23:41:44","date_gmt":"2026-06-19T03:41:44","guid":{"rendered":"https:\/\/www.eldiario.net\/portal\/?p=405091"},"modified":"2026-06-18T23:43:01","modified_gmt":"2026-06-19T03:43:01","slug":"mexico-vence-con-la-minima-a-corea-del-sur-y-se-clasifica","status":"publish","type":"post","link":"https:\/\/www.eldiario.net\/portal\/2026\/06\/18\/mexico-vence-con-la-minima-a-corea-del-sur-y-se-clasifica\/","title":{"rendered":"M\u00e9xico vence con la m\u00ednima  a Corea del Sur y se clasifica a dieciseisavos"},"content":{"rendered":"<p>AGENCIAS<\/p>\n<p>M\u00e9xico venci\u00f3 1-0 a Corea del Sur en la segunda jornada del Grupo A de la Copa Mundial de la FIFA 2026 y se clasific\u00f3 a la siguiente instancia del certamen. En un partido sumamente disputado, el \u00fanico gol se concret\u00f3 al minuto 50&#8242; gracias a un error del arquero asi\u00e1tico Kim Seung-gyu, lo que dej\u00f3 a Luis Romo con el arco descubierto para asegurar la victoria mexicana.<\/p>\n<p>El duelo comenz\u00f3 con una intensidad palpable. Durante el primer tiempo, ambos equipos se mostraron cautelosos y t\u00e1cticos, neutralizando las ofensivas encabezadas por Son Heung-min y Juli\u00e1n Qui\u00f1ones. Los aficionados locales, impacientes por ver un juego m\u00e1s directo, despidieron al combinado tricolor con abucheos al medio tiempo.<\/p>\n<p>Sin embargo, el destino del encuentro cambi\u00f3 dr\u00e1sticamente a los 5 minutos del complemento. Una falla de comunicaci\u00f3n entre el portero Kim Seung-gyu y su defensa permiti\u00f3 que el bal\u00f3n quedara suelto dentro del \u00e1rea. El mediocampista mexicano Luis Romo, muy atento a la jugada, empuj\u00f3 el esf\u00e9rico al fondo de la red para el 1-0 que encendi\u00f3 a la afici\u00f3n local. Con la ventaja en el marcador, el director t\u00e9cnico Javier Aguirre ajust\u00f3 su esquema t\u00e1ctico realizando cambios defensivos para neutralizar los embates desesperados de los surcoreanos, logrando mantener el cero en la porter\u00eda y sellando tres puntos de oro para el Tri que ya est\u00e1 en dieciseisavos de final.<\/p>\n<p>S\u00cdNTESIS<\/p>\n<p>Alineaciones:<\/p>\n<p>M\u00e9xico (1)<\/p>\n<p>Ra\u00fal Rangel, Jorge S\u00e1nchez, Edson \u00c1lvarez, Johan V\u00e1squez, Jes\u00fas Gallardo, \u00c9rik Lira, Luis Romo, Brian Guti\u00e9rrez, Roberto Alvarado, Juli\u00e1n Qui\u00f1ones, Ra\u00fal Jim\u00e9nez. DT: Javier Aguirre<\/p>\n<p>CAMBIOS<\/p>\n<p>Orbel\u00edn Pineda por Brian Guti\u00e9rrez, Obed Vargas por Luis Romo, Israel Reyes por Roberto Alvarado, Santiago Gim\u00e9nez por Ra\u00fal Jim\u00e9nez, C\u00e9sar Huerta por Juli\u00e1n Qui\u00f1ones.<\/p>\n<p>GOL<\/p>\n<p>Luis Romo (50\u2019)<\/p>\n<p>Corea del Sur (0)<\/p>\n<p>Kim Seung-gyu, Lee Han-beom, Kim Min-jae, Lee Gi-hyuk, Seol Young-woo, Hwang In-beom, Paik Seung-ho, Kim Moon-hwan, Lee Kang-in, Son Heung-min, Lee Jae-sung. DT: Hong Myung-bo<\/p>\n<p>CAMBIOS<\/p>\n<p>Oh Hyeon-gyu por Son Heung, Hwang Hee-chan por Lee Jae-sung,\u00a0 Eom Ji-sung por Kim Moon-hwan, Yang Hyun-jun por Seol Young-woo, Cho Gue-sung por Paik Seung-ho.<\/p>\n<p>ARBITRAJE<\/p>\n<p>\u00c1rbitro Central: Gustavo Tejera (Uruguay)<\/p>\n<p>Asistente 1: Carlos Barreiro (Uruguay)<\/p>\n<p>Asistente 2: Nicol\u00e1s Tar\u00e1n (Uruguay)<\/p>\n<p>Cuarto \u00c1rbitro: Andr\u00e9s Rojas (Colombia)<\/p>\n<p>\u00c1rbitro Asistente de Reserva: Alexander Guzm\u00e1n (Colombia)<\/p>\n<p>VAR: Leod\u00e1n Gonz\u00e1lez (Uruguay)<\/p>\n<p>AVAR: Antonio Garc\u00eda (Uruguay)<\/p>\n<p>ESTADIO:<\/p>\n<p>Guadalajara Stadium (Estadio Akron), Zapopan, M\u00e9xico.<\/p>\n<p>P\u00daBLICO<\/p>\n<p>49,850 espectadores<\/p>\n<p>(Foto FIFA)<\/p>\n","protected":false},"excerpt":{"rendered":"<p>AGENCIAS M\u00e9xico venci\u00f3 1-0 a Corea del Sur en la segunda jornada del Grupo A de la Copa Mundial de la FIFA 2026 y se clasific\u00f3 a la siguiente instancia del certamen. En un partido sumamente disputado, el \u00fanico gol se concret\u00f3 al minuto 50&#8242; gracias a un error del arquero asi\u00e1tico Kim Seung-gyu, lo [&hellip;]<\/p>\n","protected":false},"author":3,"featured_media":405092,"comment_status":"closed","ping_status":"open","sticky":false,"template":"","format":"standard","meta":{"_acf_changed":false,"footnotes":""},"categories":[6],"tags":[],"class_list":["post-405091","post","type-post","status-publish","format-standard","has-post-thumbnail","category-deportes"],"acf":{"antetitulo":"En un apretado partido"},"yoast_head":"<!-- This site is optimized with the Yoast SEO plugin v28.3 - https:\/\/yoast.com\/product\/yoast-seo-wordpress\/ -->\n<title>M\u00e9xico vence con la m\u00ednima a Corea del Sur y se clasifica a dieciseisavos - El Diario - Bolivia<\/title>\n<meta name=\"robots\" content=\"index, follow, max-snippet:-1, max-image-preview:large, max-video-preview:-1\" \/>\n<link rel=\"canonical\" href=\"https:\/\/www.eldiario.net\/portal\/2026\/06\/18\/mexico-vence-con-la-minima-a-corea-del-sur-y-se-clasifica\/\" \/>\n<meta property=\"og:locale\" content=\"es_ES\" \/>\n<meta property=\"og:type\" content=\"article\" \/>\n<meta property=\"og:title\" content=\"M\u00e9xico vence con la m\u00ednima a Corea del Sur y se clasifica a dieciseisavos - El Diario - Bolivia\" \/>\n<meta property=\"og:description\" content=\"AGENCIAS M\u00e9xico venci\u00f3 1-0 a Corea del Sur en la segunda jornada del Grupo A de la Copa Mundial de la FIFA 2026 y se clasific\u00f3 a la siguiente instancia del certamen. En un partido sumamente disputado, el \u00fanico gol se concret\u00f3 al minuto 50&#8242; gracias a un error del arquero asi\u00e1tico Kim Seung-gyu, lo [&hellip;]\" \/>\n<meta property=\"og:url\" content=\"https:\/\/www.eldiario.net\/portal\/2026\/06\/18\/mexico-vence-con-la-minima-a-corea-del-sur-y-se-clasifica\/\" \/>\n<meta property=\"og:site_name\" content=\"El Diario - Bolivia\" \/>\n<meta property=\"article:publisher\" content=\"https:\/\/www.facebook.com\/eldiario.bolivia\/\" \/>\n<meta property=\"article:published_time\" content=\"2026-06-19T03:41:44+00:00\" \/>\n<meta property=\"article:modified_time\" content=\"2026-06-19T03:43:01+00:00\" \/>\n<meta property=\"og:image\" content=\"https:\/\/www.eldiario.net\/portal\/wp-content\/uploads\/2026\/06\/festejo-mexicano-vale.webp\" \/>\n\t<meta property=\"og:image:width\" content=\"804\" \/>\n\t<meta property=\"og:image:height\" content=\"494\" \/>\n\t<meta property=\"og:image:type\" content=\"image\/webp\" \/>\n<meta name=\"author\" content=\"Jhonny Mollinedo\" \/>\n<meta name=\"twitter:card\" content=\"summary_large_image\" \/>\n<meta name=\"twitter:creator\" content=\"@eldiario_net\" \/>\n<meta name=\"twitter:site\" content=\"@eldiario_net\" \/>\n<meta name=\"twitter:label1\" content=\"Escrito por\" \/>\n\t<meta name=\"twitter:data1\" content=\"Jhonny Mollinedo\" \/>\n\t<meta name=\"twitter:label2\" content=\"Tiempo de lectura\" \/>\n\t<meta name=\"twitter:data2\" content=\"2 minutos\" \/>\n<script type=\"application\/ld+json\" class=\"yoast-schema-graph\">{\"@context\":\"https:\\\/\\\/schema.org\",\"@graph\":[{\"@type\":\"Article\",\"@id\":\"https:\\\/\\\/www.eldiario.net\\\/portal\\\/2026\\\/06\\\/18\\\/mexico-vence-con-la-minima-a-corea-del-sur-y-se-clasifica\\\/#article\",\"isPartOf\":{\"@id\":\"https:\\\/\\\/www.eldiario.net\\\/portal\\\/2026\\\/06\\\/18\\\/mexico-vence-con-la-minima-a-corea-del-sur-y-se-clasifica\\\/\"},\"author\":{\"name\":\"Jhonny Mollinedo\",\"@id\":\"https:\\\/\\\/www.eldiario.net\\\/portal\\\/#\\\/schema\\\/person\\\/4827a631df9f245a7e27ab829ae89ae3\"},\"headline\":\"M\u00e9xico vence con la m\u00ednima a Corea del Sur y se clasifica a dieciseisavos\",\"datePublished\":\"2026-06-19T03:41:44+00:00\",\"dateModified\":\"2026-06-19T03:43:01+00:00\",\"mainEntityOfPage\":{\"@id\":\"https:\\\/\\\/www.eldiario.net\\\/portal\\\/2026\\\/06\\\/18\\\/mexico-vence-con-la-minima-a-corea-del-sur-y-se-clasifica\\\/\"},\"wordCount\":438,\"publisher\":{\"@id\":\"https:\\\/\\\/www.eldiario.net\\\/portal\\\/#organization\"},\"image\":{\"@id\":\"https:\\\/\\\/www.eldiario.net\\\/portal\\\/2026\\\/06\\\/18\\\/mexico-vence-con-la-minima-a-corea-del-sur-y-se-clasifica\\\/#primaryimage\"},\"thumbnailUrl\":\"https:\\\/\\\/www.eldiario.net\\\/portal\\\/wp-content\\\/uploads\\\/2026\\\/06\\\/festejo-mexicano-vale.webp\",\"articleSection\":[\"Deportes\"],\"inLanguage\":\"es\"},{\"@type\":\"WebPage\",\"@id\":\"https:\\\/\\\/www.eldiario.net\\\/portal\\\/2026\\\/06\\\/18\\\/mexico-vence-con-la-minima-a-corea-del-sur-y-se-clasifica\\\/\",\"url\":\"https:\\\/\\\/www.eldiario.net\\\/portal\\\/2026\\\/06\\\/18\\\/mexico-vence-con-la-minima-a-corea-del-sur-y-se-clasifica\\\/\",\"name\":\"M\u00e9xico vence con la m\u00ednima a Corea del Sur y se clasifica a dieciseisavos - El Diario - Bolivia\",\"isPartOf\":{\"@id\":\"https:\\\/\\\/www.eldiario.net\\\/portal\\\/#website\"},\"primaryImageOfPage\":{\"@id\":\"https:\\\/\\\/www.eldiario.net\\\/portal\\\/2026\\\/06\\\/18\\\/mexico-vence-con-la-minima-a-corea-del-sur-y-se-clasifica\\\/#primaryimage\"},\"image\":{\"@id\":\"https:\\\/\\\/www.eldiario.net\\\/portal\\\/2026\\\/06\\\/18\\\/mexico-vence-con-la-minima-a-corea-del-sur-y-se-clasifica\\\/#primaryimage\"},\"thumbnailUrl\":\"https:\\\/\\\/www.eldiario.net\\\/portal\\\/wp-content\\\/uploads\\\/2026\\\/06\\\/festejo-mexicano-vale.webp\",\"datePublished\":\"2026-06-19T03:41:44+00:00\",\"dateModified\":\"2026-06-19T03:43:01+00:00\",\"breadcrumb\":{\"@id\":\"https:\\\/\\\/www.eldiario.net\\\/portal\\\/2026\\\/06\\\/18\\\/mexico-vence-con-la-minima-a-corea-del-sur-y-se-clasifica\\\/#breadcrumb\"},\"inLanguage\":\"es\",\"potentialAction\":[{\"@type\":\"ReadAction\",\"target\":[\"https:\\\/\\\/www.eldiario.net\\\/portal\\\/2026\\\/06\\\/18\\\/mexico-vence-con-la-minima-a-corea-del-sur-y-se-clasifica\\\/\"]}]},{\"@type\":\"ImageObject\",\"inLanguage\":\"es\",\"@id\":\"https:\\\/\\\/www.eldiario.net\\\/portal\\\/2026\\\/06\\\/18\\\/mexico-vence-con-la-minima-a-corea-del-sur-y-se-clasifica\\\/#primaryimage\",\"url\":\"https:\\\/\\\/www.eldiario.net\\\/portal\\\/wp-content\\\/uploads\\\/2026\\\/06\\\/festejo-mexicano-vale.webp\",\"contentUrl\":\"https:\\\/\\\/www.eldiario.net\\\/portal\\\/wp-content\\\/uploads\\\/2026\\\/06\\\/festejo-mexicano-vale.webp\",\"width\":804,\"height\":494},{\"@type\":\"BreadcrumbList\",\"@id\":\"https:\\\/\\\/www.eldiario.net\\\/portal\\\/2026\\\/06\\\/18\\\/mexico-vence-con-la-minima-a-corea-del-sur-y-se-clasifica\\\/#breadcrumb\",\"itemListElement\":[{\"@type\":\"ListItem\",\"position\":1,\"name\":\"Portada\",\"item\":\"https:\\\/\\\/www.eldiario.net\\\/portal\\\/\"},{\"@type\":\"ListItem\",\"position\":2,\"name\":\"M\u00e9xico vence con la m\u00ednima a Corea del Sur y se clasifica a dieciseisavos\"}]},{\"@type\":\"WebSite\",\"@id\":\"https:\\\/\\\/www.eldiario.net\\\/portal\\\/#website\",\"url\":\"https:\\\/\\\/www.eldiario.net\\\/portal\\\/\",\"name\":\"El Diario - Decano de la prensa nacional\",\"description\":\"El Diario - Decano de la prensa nacional\",\"publisher\":{\"@id\":\"https:\\\/\\\/www.eldiario.net\\\/portal\\\/#organization\"},\"potentialAction\":[{\"@type\":\"SearchAction\",\"target\":{\"@type\":\"EntryPoint\",\"urlTemplate\":\"https:\\\/\\\/www.eldiario.net\\\/portal\\\/?s={search_term_string}\"},\"query-input\":{\"@type\":\"PropertyValueSpecification\",\"valueRequired\":true,\"valueName\":\"search_term_string\"}}],\"inLanguage\":\"es\"},{\"@type\":\"Organization\",\"@id\":\"https:\\\/\\\/www.eldiario.net\\\/portal\\\/#organization\",\"name\":\"El Diario - Decano de la prensa nacional\",\"url\":\"https:\\\/\\\/www.eldiario.net\\\/portal\\\/\",\"logo\":{\"@type\":\"ImageObject\",\"inLanguage\":\"es\",\"@id\":\"https:\\\/\\\/www.eldiario.net\\\/portal\\\/#\\\/schema\\\/logo\\\/image\\\/\",\"url\":\"https:\\\/\\\/www.eldiario.net\\\/portal\\\/wp-content\\\/uploads\\\/2023\\\/07\\\/logo_ED.jpg\",\"contentUrl\":\"https:\\\/\\\/www.eldiario.net\\\/portal\\\/wp-content\\\/uploads\\\/2023\\\/07\\\/logo_ED.jpg\",\"width\":272,\"height\":52,\"caption\":\"El Diario - Decano de la prensa nacional\"},\"image\":{\"@id\":\"https:\\\/\\\/www.eldiario.net\\\/portal\\\/#\\\/schema\\\/logo\\\/image\\\/\"},\"sameAs\":[\"https:\\\/\\\/www.facebook.com\\\/eldiario.bolivia\\\/\",\"https:\\\/\\\/x.com\\\/eldiario_net\"]},{\"@type\":\"Person\",\"@id\":\"https:\\\/\\\/www.eldiario.net\\\/portal\\\/#\\\/schema\\\/person\\\/4827a631df9f245a7e27ab829ae89ae3\",\"name\":\"Jhonny Mollinedo\",\"image\":{\"@type\":\"ImageObject\",\"inLanguage\":\"es\",\"@id\":\"https:\\\/\\\/secure.gravatar.com\\\/avatar\\\/3ea2118a5f7dad2b7138b1187a6b7ee55f160b9968b66013c3a3ef39dd7e5798?s=96&d=mm&r=g\",\"url\":\"https:\\\/\\\/secure.gravatar.com\\\/avatar\\\/3ea2118a5f7dad2b7138b1187a6b7ee55f160b9968b66013c3a3ef39dd7e5798?s=96&d=mm&r=g\",\"contentUrl\":\"https:\\\/\\\/secure.gravatar.com\\\/avatar\\\/3ea2118a5f7dad2b7138b1187a6b7ee55f160b9968b66013c3a3ef39dd7e5798?s=96&d=mm&r=g\",\"caption\":\"Jhonny Mollinedo\"},\"url\":\"https:\\\/\\\/www.eldiario.net\\\/portal\\\/author\\\/deportes\\\/\"}]}<\/script>\n<!-- \/ Yoast SEO plugin. -->","yoast_head_json":{"title":"M\u00e9xico vence con la m\u00ednima a Corea del Sur y se clasifica a dieciseisavos - El Diario - Bolivia","robots":{"index":"index","follow":"follow","max-snippet":"max-snippet:-1","max-image-preview":"max-image-preview:large","max-video-preview":"max-video-preview:-1"},"canonical":"https:\/\/www.eldiario.net\/portal\/2026\/06\/18\/mexico-vence-con-la-minima-a-corea-del-sur-y-se-clasifica\/","og_locale":"es_ES","og_type":"article","og_title":"M\u00e9xico vence con la m\u00ednima a Corea del Sur y se clasifica a dieciseisavos - El Diario - Bolivia","og_description":"AGENCIAS M\u00e9xico venci\u00f3 1-0 a Corea del Sur en la segunda jornada del Grupo A de la Copa Mundial de la FIFA 2026 y se clasific\u00f3 a la siguiente instancia del certamen. En un partido sumamente disputado, el \u00fanico gol se concret\u00f3 al minuto 50&#8242; gracias a un error del arquero asi\u00e1tico Kim Seung-gyu, lo [&hellip;]","og_url":"https:\/\/www.eldiario.net\/portal\/2026\/06\/18\/mexico-vence-con-la-minima-a-corea-del-sur-y-se-clasifica\/","og_site_name":"El Diario - Bolivia","article_publisher":"https:\/\/www.facebook.com\/eldiario.bolivia\/","article_published_time":"2026-06-19T03:41:44+00:00","article_modified_time":"2026-06-19T03:43:01+00:00","og_image":[{"width":804,"height":494,"url":"https:\/\/www.eldiario.net\/portal\/wp-content\/uploads\/2026\/06\/festejo-mexicano-vale.webp","type":"image\/webp"}],"author":"Jhonny Mollinedo","twitter_card":"summary_large_image","twitter_creator":"@eldiario_net","twitter_site":"@eldiario_net","twitter_misc":{"Escrito por":"Jhonny Mollinedo","Tiempo de lectura":"2 minutos"},"schema":{"@context":"https:\/\/schema.org","@graph":[{"@type":"Article","@id":"https:\/\/www.eldiario.net\/portal\/2026\/06\/18\/mexico-vence-con-la-minima-a-corea-del-sur-y-se-clasifica\/#article","isPartOf":{"@id":"https:\/\/www.eldiario.net\/portal\/2026\/06\/18\/mexico-vence-con-la-minima-a-corea-del-sur-y-se-clasifica\/"},"author":{"name":"Jhonny Mollinedo","@id":"https:\/\/www.eldiario.net\/portal\/#\/schema\/person\/4827a631df9f245a7e27ab829ae89ae3"},"headline":"M\u00e9xico vence con la m\u00ednima a Corea del Sur y se clasifica a dieciseisavos","datePublished":"2026-06-19T03:41:44+00:00","dateModified":"2026-06-19T03:43:01+00:00","mainEntityOfPage":{"@id":"https:\/\/www.eldiario.net\/portal\/2026\/06\/18\/mexico-vence-con-la-minima-a-corea-del-sur-y-se-clasifica\/"},"wordCount":438,"publisher":{"@id":"https:\/\/www.eldiario.net\/portal\/#organization"},"image":{"@id":"https:\/\/www.eldiario.net\/portal\/2026\/06\/18\/mexico-vence-con-la-minima-a-corea-del-sur-y-se-clasifica\/#primaryimage"},"thumbnailUrl":"https:\/\/www.eldiario.net\/portal\/wp-content\/uploads\/2026\/06\/festejo-mexicano-vale.webp","articleSection":["Deportes"],"inLanguage":"es"},{"@type":"WebPage","@id":"https:\/\/www.eldiario.net\/portal\/2026\/06\/18\/mexico-vence-con-la-minima-a-corea-del-sur-y-se-clasifica\/","url":"https:\/\/www.eldiario.net\/portal\/2026\/06\/18\/mexico-vence-con-la-minima-a-corea-del-sur-y-se-clasifica\/","name":"M\u00e9xico vence con la m\u00ednima a Corea del Sur y se clasifica a dieciseisavos - El Diario - Bolivia","isPartOf":{"@id":"https:\/\/www.eldiario.net\/portal\/#website"},"primaryImageOfPage":{"@id":"https:\/\/www.eldiario.net\/portal\/2026\/06\/18\/mexico-vence-con-la-minima-a-corea-del-sur-y-se-clasifica\/#primaryimage"},"image":{"@id":"https:\/\/www.eldiario.net\/portal\/2026\/06\/18\/mexico-vence-con-la-minima-a-corea-del-sur-y-se-clasifica\/#primaryimage"},"thumbnailUrl":"https:\/\/www.eldiario.net\/portal\/wp-content\/uploads\/2026\/06\/festejo-mexicano-vale.webp","datePublished":"2026-06-19T03:41:44+00:00","dateModified":"2026-06-19T03:43:01+00:00","breadcrumb":{"@id":"https:\/\/www.eldiario.net\/portal\/2026\/06\/18\/mexico-vence-con-la-minima-a-corea-del-sur-y-se-clasifica\/#breadcrumb"},"inLanguage":"es","potentialAction":[{"@type":"ReadAction","target":["https:\/\/www.eldiario.net\/portal\/2026\/06\/18\/mexico-vence-con-la-minima-a-corea-del-sur-y-se-clasifica\/"]}]},{"@type":"ImageObject","inLanguage":"es","@id":"https:\/\/www.eldiario.net\/portal\/2026\/06\/18\/mexico-vence-con-la-minima-a-corea-del-sur-y-se-clasifica\/#primaryimage","url":"https:\/\/www.eldiario.net\/portal\/wp-content\/uploads\/2026\/06\/festejo-mexicano-vale.webp","contentUrl":"https:\/\/www.eldiario.net\/portal\/wp-content\/uploads\/2026\/06\/festejo-mexicano-vale.webp","width":804,"height":494},{"@type":"BreadcrumbList","@id":"https:\/\/www.eldiario.net\/portal\/2026\/06\/18\/mexico-vence-con-la-minima-a-corea-del-sur-y-se-clasifica\/#breadcrumb","itemListElement":[{"@type":"ListItem","position":1,"name":"Portada","item":"https:\/\/www.eldiario.net\/portal\/"},{"@type":"ListItem","position":2,"name":"M\u00e9xico vence con la m\u00ednima a Corea del Sur y se clasifica a dieciseisavos"}]},{"@type":"WebSite","@id":"https:\/\/www.eldiario.net\/portal\/#website","url":"https:\/\/www.eldiario.net\/portal\/","name":"El Diario - Decano de la prensa nacional","description":"El Diario - Decano de la prensa nacional","publisher":{"@id":"https:\/\/www.eldiario.net\/portal\/#organization"},"potentialAction":[{"@type":"SearchAction","target":{"@type":"EntryPoint","urlTemplate":"https:\/\/www.eldiario.net\/portal\/?s={search_term_string}"},"query-input":{"@type":"PropertyValueSpecification","valueRequired":true,"valueName":"search_term_string"}}],"inLanguage":"es"},{"@type":"Organization","@id":"https:\/\/www.eldiario.net\/portal\/#organization","name":"El Diario - Decano de la prensa nacional","url":"https:\/\/www.eldiario.net\/portal\/","logo":{"@type":"ImageObject","inLanguage":"es","@id":"https:\/\/www.eldiario.net\/portal\/#\/schema\/logo\/image\/","url":"https:\/\/www.eldiario.net\/portal\/wp-content\/uploads\/2023\/07\/logo_ED.jpg","contentUrl":"https:\/\/www.eldiario.net\/portal\/wp-content\/uploads\/2023\/07\/logo_ED.jpg","width":272,"height":52,"caption":"El Diario - Decano de la prensa nacional"},"image":{"@id":"https:\/\/www.eldiario.net\/portal\/#\/schema\/logo\/image\/"},"sameAs":["https:\/\/www.facebook.com\/eldiario.bolivia\/","https:\/\/x.com\/eldiario_net"]},{"@type":"Person","@id":"https:\/\/www.eldiario.net\/portal\/#\/schema\/person\/4827a631df9f245a7e27ab829ae89ae3","name":"Jhonny Mollinedo","image":{"@type":"ImageObject","inLanguage":"es","@id":"https:\/\/secure.gravatar.com\/avatar\/3ea2118a5f7dad2b7138b1187a6b7ee55f160b9968b66013c3a3ef39dd7e5798?s=96&d=mm&r=g","url":"https:\/\/secure.gravatar.com\/avatar\/3ea2118a5f7dad2b7138b1187a6b7ee55f160b9968b66013c3a3ef39dd7e5798?s=96&d=mm&r=g","contentUrl":"https:\/\/secure.gravatar.com\/avatar\/3ea2118a5f7dad2b7138b1187a6b7ee55f160b9968b66013c3a3ef39dd7e5798?s=96&d=mm&r=g","caption":"Jhonny Mollinedo"},"url":"https:\/\/www.eldiario.net\/portal\/author\/deportes\/"}]}},"_links":{"self":[{"href":"https:\/\/www.eldiario.net\/portal\/wp-json\/wp\/v2\/posts\/405091","targetHints":{"allow":["GET"]}}],"collection":[{"href":"https:\/\/www.eldiario.net\/portal\/wp-json\/wp\/v2\/posts"}],"about":[{"href":"https:\/\/www.eldiario.net\/portal\/wp-json\/wp\/v2\/types\/post"}],"author":[{"embeddable":true,"href":"https:\/\/www.eldiario.net\/portal\/wp-json\/wp\/v2\/users\/3"}],"replies":[{"embeddable":true,"href":"https:\/\/www.eldiario.net\/portal\/wp-json\/wp\/v2\/comments?post=405091"}],"version-history":[{"count":2,"href":"https:\/\/www.eldiario.net\/portal\/wp-json\/wp\/v2\/posts\/405091\/revisions"}],"predecessor-version":[{"id":405094,"href":"https:\/\/www.eldiario.net\/portal\/wp-json\/wp\/v2\/posts\/405091\/revisions\/405094"}],"wp:featuredmedia":[{"embeddable":true,"href":"https:\/\/www.eldiario.net\/portal\/wp-json\/wp\/v2\/media\/405092"}],"wp:attachment":[{"href":"https:\/\/www.eldiario.net\/portal\/wp-json\/wp\/v2\/media?parent=405091"}],"wp:term":[{"taxonomy":"category","embeddable":true,"href":"https:\/\/www.eldiario.net\/portal\/wp-json\/wp\/v2\/categories?post=405091"},{"taxonomy":"post_tag","embeddable":true,"href":"https:\/\/www.eldiario.net\/portal\/wp-json\/wp\/v2\/tags?post=405091"}],"curies":[{"name":"wp","href":"https:\/\/api.w.org\/{rel}","templated":true}]}}