{"id":405079,"date":"2026-06-19T00:15:44","date_gmt":"2026-06-19T04:15:44","guid":{"rendered":"https:\/\/www.eldiario.net\/portal\/?p=405079"},"modified":"2026-06-18T21:10:33","modified_gmt":"2026-06-19T01:10:33","slug":"sospechoso-de-robo-dispara-contra-policias-y-logra-huir","status":"publish","type":"post","link":"https:\/\/www.eldiario.net\/portal\/2026\/06\/19\/sospechoso-de-robo-dispara-contra-policias-y-logra-huir\/","title":{"rendered":"Sospechoso de robo dispara contra polic\u00edas y logra huir"},"content":{"rendered":"<p>Un presunto l\u00edder de una banda dedicada al robo de autopartes abri\u00f3 fuego contra efectivos de la Direcci\u00f3n de Prevenci\u00f3n e Investigaci\u00f3n de Robo de Veh\u00edculos (Diprove) que intentaban capturarlo durante un operativo en la zona Sur de La Paz. Tras el ataque, el sospechoso logr\u00f3 escapar, mientras que dos personas que lo acompa\u00f1aban fueron aprehendidas y son investigadas por posible vinculaci\u00f3n al caso.<\/p>\n<p>Seg\u00fan informaci\u00f3n proporcionada por la Polic\u00eda, el sospechoso se encontraba en un surtidor aguardando para cargar combustible cuando fue ubicado por los agentes. En el lugar estaba acompa\u00f1ado por la propietaria del veh\u00edculo que utilizaba y otra persona presuntamente vinculada al caso.<\/p>\n<p>Las investigaciones apuntan a que los uniformados se aproximaron para verificar su identidad y ejecutar la intervenci\u00f3n. Sin embargo, al notar la presencia policial, el individuo reaccion\u00f3 de manera violenta y abri\u00f3 fuego contra los efectivos.<\/p>\n<p>En medio del incidente, el hombre logr\u00f3 escapar y hasta el cierre de esta edici\u00f3n continuaba siendo buscado por las fuerzas del orden. Tras lo ocurrido, la Polic\u00eda despleg\u00f3 operativos y rastrillajes con el objetivo de localizarlo y proceder con su captura.<\/p>\n<p>El director de Diprove, Pavel Tovar, inform\u00f3 que el pr\u00f3fugo es considerado el principal cabecilla de una estructura criminal dedicada al robo de autopartes que operar\u00eda en distintos puntos de la zona Sur pace\u00f1a.<\/p>\n<p>Mientras contin\u00faan las tareas de b\u00fasqueda, las dos personas que acompa\u00f1aban al sospechoso fueron aprehendidas. Ambas ser\u00e1n sometidas a investigaciones para determinar si tuvieron alg\u00fan grado de participaci\u00f3n en las actividades il\u00edcitas atribuidas a la organizaci\u00f3n y en el hecho registrado durante el operativo. (Con informaci\u00f3n de Red Uno)<\/p>\n","protected":false},"excerpt":{"rendered":"<p>Un presunto l\u00edder de una banda dedicada al robo de autopartes abri\u00f3 fuego contra efectivos de la Direcci\u00f3n de Prevenci\u00f3n e Investigaci\u00f3n de Robo de Veh\u00edculos (Diprove) que intentaban capturarlo durante un operativo en la zona Sur de La Paz. Tras el ataque, el sospechoso logr\u00f3 escapar, mientras que dos personas que lo acompa\u00f1aban fueron [&hellip;]<\/p>\n","protected":false},"author":1,"featured_media":405080,"comment_status":"closed","ping_status":"open","sticky":false,"template":"","format":"standard","meta":{"_acf_changed":false,"footnotes":""},"categories":[39],"tags":[],"class_list":["post-405079","post","type-post","status-publish","format-standard","has-post-thumbnail","category-sociedad"],"acf":{"antetitulo":"Durante operativo de captura en La Paz"},"yoast_head":"<!-- This site is optimized with the Yoast SEO plugin v28.4 - https:\/\/yoast.com\/product\/yoast-seo-wordpress\/ -->\n<title>Sospechoso de robo dispara contra polic\u00edas y logra huir - El Diario - Bolivia<\/title>\n<meta name=\"robots\" content=\"index, follow, max-snippet:-1, max-image-preview:large, max-video-preview:-1\" \/>\n<link rel=\"canonical\" href=\"https:\/\/www.eldiario.net\/portal\/2026\/06\/19\/sospechoso-de-robo-dispara-contra-policias-y-logra-huir\/\" \/>\n<meta property=\"og:locale\" content=\"es_ES\" \/>\n<meta property=\"og:type\" content=\"article\" \/>\n<meta property=\"og:title\" content=\"Sospechoso de robo dispara contra polic\u00edas y logra huir - El Diario - Bolivia\" \/>\n<meta property=\"og:description\" content=\"Un presunto l\u00edder de una banda dedicada al robo de autopartes abri\u00f3 fuego contra efectivos de la Direcci\u00f3n de Prevenci\u00f3n e Investigaci\u00f3n de Robo de Veh\u00edculos (Diprove) que intentaban capturarlo durante un operativo en la zona Sur de La Paz. Tras el ataque, el sospechoso logr\u00f3 escapar, mientras que dos personas que lo acompa\u00f1aban fueron [&hellip;]\" \/>\n<meta property=\"og:url\" content=\"https:\/\/www.eldiario.net\/portal\/2026\/06\/19\/sospechoso-de-robo-dispara-contra-policias-y-logra-huir\/\" \/>\n<meta property=\"og:site_name\" content=\"El Diario - Bolivia\" \/>\n<meta property=\"article:publisher\" content=\"https:\/\/www.facebook.com\/eldiario.bolivia\/\" \/>\n<meta property=\"article:published_time\" content=\"2026-06-19T04:15:44+00:00\" \/>\n<meta property=\"og:image\" content=\"https:\/\/www.eldiario.net\/portal\/wp-content\/uploads\/2026\/06\/19-SOS.webp\" \/>\n\t<meta property=\"og:image:width\" content=\"992\" \/>\n\t<meta property=\"og:image:height\" content=\"661\" \/>\n\t<meta property=\"og:image:type\" content=\"image\/webp\" \/>\n<meta name=\"author\" content=\"Jeanette\" \/>\n<meta name=\"twitter:card\" content=\"summary_large_image\" \/>\n<meta name=\"twitter:creator\" content=\"@eldiario_net\" \/>\n<meta name=\"twitter:site\" content=\"@eldiario_net\" \/>\n<meta name=\"twitter:label1\" content=\"Escrito por\" \/>\n\t<meta name=\"twitter:data1\" content=\"Jeanette\" \/>\n\t<meta name=\"twitter:label2\" content=\"Tiempo de lectura\" \/>\n\t<meta name=\"twitter:data2\" content=\"2 minutos\" \/>\n<script type=\"application\/ld+json\" class=\"yoast-schema-graph\">{\"@context\":\"https:\\\/\\\/schema.org\",\"@graph\":[{\"@type\":\"Article\",\"@id\":\"https:\\\/\\\/www.eldiario.net\\\/portal\\\/2026\\\/06\\\/19\\\/sospechoso-de-robo-dispara-contra-policias-y-logra-huir\\\/#article\",\"isPartOf\":{\"@id\":\"https:\\\/\\\/www.eldiario.net\\\/portal\\\/2026\\\/06\\\/19\\\/sospechoso-de-robo-dispara-contra-policias-y-logra-huir\\\/\"},\"author\":{\"name\":\"Jeanette\",\"@id\":\"https:\\\/\\\/www.eldiario.net\\\/portal\\\/#\\\/schema\\\/person\\\/f46445640444750d7d753ccd04ae01b7\"},\"headline\":\"Sospechoso de robo dispara contra polic\u00edas y logra huir\",\"datePublished\":\"2026-06-19T04:15:44+00:00\",\"mainEntityOfPage\":{\"@id\":\"https:\\\/\\\/www.eldiario.net\\\/portal\\\/2026\\\/06\\\/19\\\/sospechoso-de-robo-dispara-contra-policias-y-logra-huir\\\/\"},\"wordCount\":304,\"publisher\":{\"@id\":\"https:\\\/\\\/www.eldiario.net\\\/portal\\\/#organization\"},\"image\":{\"@id\":\"https:\\\/\\\/www.eldiario.net\\\/portal\\\/2026\\\/06\\\/19\\\/sospechoso-de-robo-dispara-contra-policias-y-logra-huir\\\/#primaryimage\"},\"thumbnailUrl\":\"https:\\\/\\\/www.eldiario.net\\\/portal\\\/wp-content\\\/uploads\\\/2026\\\/06\\\/19-SOS.webp\",\"articleSection\":[\"Sociedad - Seguridad\"],\"inLanguage\":\"es\"},{\"@type\":\"WebPage\",\"@id\":\"https:\\\/\\\/www.eldiario.net\\\/portal\\\/2026\\\/06\\\/19\\\/sospechoso-de-robo-dispara-contra-policias-y-logra-huir\\\/\",\"url\":\"https:\\\/\\\/www.eldiario.net\\\/portal\\\/2026\\\/06\\\/19\\\/sospechoso-de-robo-dispara-contra-policias-y-logra-huir\\\/\",\"name\":\"Sospechoso de robo dispara contra polic\u00edas y logra huir - El Diario - Bolivia\",\"isPartOf\":{\"@id\":\"https:\\\/\\\/www.eldiario.net\\\/portal\\\/#website\"},\"primaryImageOfPage\":{\"@id\":\"https:\\\/\\\/www.eldiario.net\\\/portal\\\/2026\\\/06\\\/19\\\/sospechoso-de-robo-dispara-contra-policias-y-logra-huir\\\/#primaryimage\"},\"image\":{\"@id\":\"https:\\\/\\\/www.eldiario.net\\\/portal\\\/2026\\\/06\\\/19\\\/sospechoso-de-robo-dispara-contra-policias-y-logra-huir\\\/#primaryimage\"},\"thumbnailUrl\":\"https:\\\/\\\/www.eldiario.net\\\/portal\\\/wp-content\\\/uploads\\\/2026\\\/06\\\/19-SOS.webp\",\"datePublished\":\"2026-06-19T04:15:44+00:00\",\"breadcrumb\":{\"@id\":\"https:\\\/\\\/www.eldiario.net\\\/portal\\\/2026\\\/06\\\/19\\\/sospechoso-de-robo-dispara-contra-policias-y-logra-huir\\\/#breadcrumb\"},\"inLanguage\":\"es\",\"potentialAction\":[{\"@type\":\"ReadAction\",\"target\":[\"https:\\\/\\\/www.eldiario.net\\\/portal\\\/2026\\\/06\\\/19\\\/sospechoso-de-robo-dispara-contra-policias-y-logra-huir\\\/\"]}]},{\"@type\":\"ImageObject\",\"inLanguage\":\"es\",\"@id\":\"https:\\\/\\\/www.eldiario.net\\\/portal\\\/2026\\\/06\\\/19\\\/sospechoso-de-robo-dispara-contra-policias-y-logra-huir\\\/#primaryimage\",\"url\":\"https:\\\/\\\/www.eldiario.net\\\/portal\\\/wp-content\\\/uploads\\\/2026\\\/06\\\/19-SOS.webp\",\"contentUrl\":\"https:\\\/\\\/www.eldiario.net\\\/portal\\\/wp-content\\\/uploads\\\/2026\\\/06\\\/19-SOS.webp\",\"width\":992,\"height\":661,\"caption\":\"Imagen referencial. Cr\u00e9dito de foto: APG\"},{\"@type\":\"BreadcrumbList\",\"@id\":\"https:\\\/\\\/www.eldiario.net\\\/portal\\\/2026\\\/06\\\/19\\\/sospechoso-de-robo-dispara-contra-policias-y-logra-huir\\\/#breadcrumb\",\"itemListElement\":[{\"@type\":\"ListItem\",\"position\":1,\"name\":\"Portada\",\"item\":\"https:\\\/\\\/www.eldiario.net\\\/portal\\\/\"},{\"@type\":\"ListItem\",\"position\":2,\"name\":\"Sospechoso de robo dispara contra polic\u00edas y logra huir\"}]},{\"@type\":\"WebSite\",\"@id\":\"https:\\\/\\\/www.eldiario.net\\\/portal\\\/#website\",\"url\":\"https:\\\/\\\/www.eldiario.net\\\/portal\\\/\",\"name\":\"El Diario - Decano de la prensa nacional\",\"description\":\"El Diario - Decano de la prensa nacional\",\"publisher\":{\"@id\":\"https:\\\/\\\/www.eldiario.net\\\/portal\\\/#organization\"},\"potentialAction\":[{\"@type\":\"SearchAction\",\"target\":{\"@type\":\"EntryPoint\",\"urlTemplate\":\"https:\\\/\\\/www.eldiario.net\\\/portal\\\/?s={search_term_string}\"},\"query-input\":{\"@type\":\"PropertyValueSpecification\",\"valueRequired\":true,\"valueName\":\"search_term_string\"}}],\"inLanguage\":\"es\"},{\"@type\":\"Organization\",\"@id\":\"https:\\\/\\\/www.eldiario.net\\\/portal\\\/#organization\",\"name\":\"El Diario - Decano de la prensa nacional\",\"url\":\"https:\\\/\\\/www.eldiario.net\\\/portal\\\/\",\"logo\":{\"@type\":\"ImageObject\",\"inLanguage\":\"es\",\"@id\":\"https:\\\/\\\/www.eldiario.net\\\/portal\\\/#\\\/schema\\\/logo\\\/image\\\/\",\"url\":\"https:\\\/\\\/www.eldiario.net\\\/portal\\\/wp-content\\\/uploads\\\/2023\\\/07\\\/logo_ED.jpg\",\"contentUrl\":\"https:\\\/\\\/www.eldiario.net\\\/portal\\\/wp-content\\\/uploads\\\/2023\\\/07\\\/logo_ED.jpg\",\"width\":272,\"height\":52,\"caption\":\"El Diario - Decano de la prensa nacional\"},\"image\":{\"@id\":\"https:\\\/\\\/www.eldiario.net\\\/portal\\\/#\\\/schema\\\/logo\\\/image\\\/\"},\"sameAs\":[\"https:\\\/\\\/www.facebook.com\\\/eldiario.bolivia\\\/\",\"https:\\\/\\\/x.com\\\/eldiario_net\"]},{\"@type\":\"Person\",\"@id\":\"https:\\\/\\\/www.eldiario.net\\\/portal\\\/#\\\/schema\\\/person\\\/f46445640444750d7d753ccd04ae01b7\",\"name\":\"Jeanette\",\"image\":{\"@type\":\"ImageObject\",\"inLanguage\":\"es\",\"@id\":\"https:\\\/\\\/secure.gravatar.com\\\/avatar\\\/3ea2118a5f7dad2b7138b1187a6b7ee55f160b9968b66013c3a3ef39dd7e5798?s=96&d=mm&r=g\",\"url\":\"https:\\\/\\\/secure.gravatar.com\\\/avatar\\\/3ea2118a5f7dad2b7138b1187a6b7ee55f160b9968b66013c3a3ef39dd7e5798?s=96&d=mm&r=g\",\"contentUrl\":\"https:\\\/\\\/secure.gravatar.com\\\/avatar\\\/3ea2118a5f7dad2b7138b1187a6b7ee55f160b9968b66013c3a3ef39dd7e5798?s=96&d=mm&r=g\",\"caption\":\"Jeanette\"},\"sameAs\":[\"https:\\\/\\\/www.eldiario.net\\\/portal\"],\"url\":\"https:\\\/\\\/www.eldiario.net\\\/portal\\\/author\\\/jeanette\\\/\"}]}<\/script>\n<!-- \/ Yoast SEO plugin. -->","yoast_head_json":{"title":"Sospechoso de robo dispara contra polic\u00edas y logra huir - El Diario - Bolivia","robots":{"index":"index","follow":"follow","max-snippet":"max-snippet:-1","max-image-preview":"max-image-preview:large","max-video-preview":"max-video-preview:-1"},"canonical":"https:\/\/www.eldiario.net\/portal\/2026\/06\/19\/sospechoso-de-robo-dispara-contra-policias-y-logra-huir\/","og_locale":"es_ES","og_type":"article","og_title":"Sospechoso de robo dispara contra polic\u00edas y logra huir - El Diario - Bolivia","og_description":"Un presunto l\u00edder de una banda dedicada al robo de autopartes abri\u00f3 fuego contra efectivos de la Direcci\u00f3n de Prevenci\u00f3n e Investigaci\u00f3n de Robo de Veh\u00edculos (Diprove) que intentaban capturarlo durante un operativo en la zona Sur de La Paz. Tras el ataque, el sospechoso logr\u00f3 escapar, mientras que dos personas que lo acompa\u00f1aban fueron [&hellip;]","og_url":"https:\/\/www.eldiario.net\/portal\/2026\/06\/19\/sospechoso-de-robo-dispara-contra-policias-y-logra-huir\/","og_site_name":"El Diario - Bolivia","article_publisher":"https:\/\/www.facebook.com\/eldiario.bolivia\/","article_published_time":"2026-06-19T04:15:44+00:00","og_image":[{"width":992,"height":661,"url":"https:\/\/www.eldiario.net\/portal\/wp-content\/uploads\/2026\/06\/19-SOS.webp","type":"image\/webp"}],"author":"Jeanette","twitter_card":"summary_large_image","twitter_creator":"@eldiario_net","twitter_site":"@eldiario_net","twitter_misc":{"Escrito por":"Jeanette","Tiempo de lectura":"2 minutos"},"schema":{"@context":"https:\/\/schema.org","@graph":[{"@type":"Article","@id":"https:\/\/www.eldiario.net\/portal\/2026\/06\/19\/sospechoso-de-robo-dispara-contra-policias-y-logra-huir\/#article","isPartOf":{"@id":"https:\/\/www.eldiario.net\/portal\/2026\/06\/19\/sospechoso-de-robo-dispara-contra-policias-y-logra-huir\/"},"author":{"name":"Jeanette","@id":"https:\/\/www.eldiario.net\/portal\/#\/schema\/person\/f46445640444750d7d753ccd04ae01b7"},"headline":"Sospechoso de robo dispara contra polic\u00edas y logra huir","datePublished":"2026-06-19T04:15:44+00:00","mainEntityOfPage":{"@id":"https:\/\/www.eldiario.net\/portal\/2026\/06\/19\/sospechoso-de-robo-dispara-contra-policias-y-logra-huir\/"},"wordCount":304,"publisher":{"@id":"https:\/\/www.eldiario.net\/portal\/#organization"},"image":{"@id":"https:\/\/www.eldiario.net\/portal\/2026\/06\/19\/sospechoso-de-robo-dispara-contra-policias-y-logra-huir\/#primaryimage"},"thumbnailUrl":"https:\/\/www.eldiario.net\/portal\/wp-content\/uploads\/2026\/06\/19-SOS.webp","articleSection":["Sociedad - Seguridad"],"inLanguage":"es"},{"@type":"WebPage","@id":"https:\/\/www.eldiario.net\/portal\/2026\/06\/19\/sospechoso-de-robo-dispara-contra-policias-y-logra-huir\/","url":"https:\/\/www.eldiario.net\/portal\/2026\/06\/19\/sospechoso-de-robo-dispara-contra-policias-y-logra-huir\/","name":"Sospechoso de robo dispara contra polic\u00edas y logra huir - El Diario - Bolivia","isPartOf":{"@id":"https:\/\/www.eldiario.net\/portal\/#website"},"primaryImageOfPage":{"@id":"https:\/\/www.eldiario.net\/portal\/2026\/06\/19\/sospechoso-de-robo-dispara-contra-policias-y-logra-huir\/#primaryimage"},"image":{"@id":"https:\/\/www.eldiario.net\/portal\/2026\/06\/19\/sospechoso-de-robo-dispara-contra-policias-y-logra-huir\/#primaryimage"},"thumbnailUrl":"https:\/\/www.eldiario.net\/portal\/wp-content\/uploads\/2026\/06\/19-SOS.webp","datePublished":"2026-06-19T04:15:44+00:00","breadcrumb":{"@id":"https:\/\/www.eldiario.net\/portal\/2026\/06\/19\/sospechoso-de-robo-dispara-contra-policias-y-logra-huir\/#breadcrumb"},"inLanguage":"es","potentialAction":[{"@type":"ReadAction","target":["https:\/\/www.eldiario.net\/portal\/2026\/06\/19\/sospechoso-de-robo-dispara-contra-policias-y-logra-huir\/"]}]},{"@type":"ImageObject","inLanguage":"es","@id":"https:\/\/www.eldiario.net\/portal\/2026\/06\/19\/sospechoso-de-robo-dispara-contra-policias-y-logra-huir\/#primaryimage","url":"https:\/\/www.eldiario.net\/portal\/wp-content\/uploads\/2026\/06\/19-SOS.webp","contentUrl":"https:\/\/www.eldiario.net\/portal\/wp-content\/uploads\/2026\/06\/19-SOS.webp","width":992,"height":661,"caption":"Imagen referencial. Cr\u00e9dito de foto: APG"},{"@type":"BreadcrumbList","@id":"https:\/\/www.eldiario.net\/portal\/2026\/06\/19\/sospechoso-de-robo-dispara-contra-policias-y-logra-huir\/#breadcrumb","itemListElement":[{"@type":"ListItem","position":1,"name":"Portada","item":"https:\/\/www.eldiario.net\/portal\/"},{"@type":"ListItem","position":2,"name":"Sospechoso de robo dispara contra polic\u00edas y logra huir"}]},{"@type":"WebSite","@id":"https:\/\/www.eldiario.net\/portal\/#website","url":"https:\/\/www.eldiario.net\/portal\/","name":"El Diario - Decano de la prensa nacional","description":"El Diario - Decano de la prensa nacional","publisher":{"@id":"https:\/\/www.eldiario.net\/portal\/#organization"},"potentialAction":[{"@type":"SearchAction","target":{"@type":"EntryPoint","urlTemplate":"https:\/\/www.eldiario.net\/portal\/?s={search_term_string}"},"query-input":{"@type":"PropertyValueSpecification","valueRequired":true,"valueName":"search_term_string"}}],"inLanguage":"es"},{"@type":"Organization","@id":"https:\/\/www.eldiario.net\/portal\/#organization","name":"El Diario - Decano de la prensa nacional","url":"https:\/\/www.eldiario.net\/portal\/","logo":{"@type":"ImageObject","inLanguage":"es","@id":"https:\/\/www.eldiario.net\/portal\/#\/schema\/logo\/image\/","url":"https:\/\/www.eldiario.net\/portal\/wp-content\/uploads\/2023\/07\/logo_ED.jpg","contentUrl":"https:\/\/www.eldiario.net\/portal\/wp-content\/uploads\/2023\/07\/logo_ED.jpg","width":272,"height":52,"caption":"El Diario - Decano de la prensa nacional"},"image":{"@id":"https:\/\/www.eldiario.net\/portal\/#\/schema\/logo\/image\/"},"sameAs":["https:\/\/www.facebook.com\/eldiario.bolivia\/","https:\/\/x.com\/eldiario_net"]},{"@type":"Person","@id":"https:\/\/www.eldiario.net\/portal\/#\/schema\/person\/f46445640444750d7d753ccd04ae01b7","name":"Jeanette","image":{"@type":"ImageObject","inLanguage":"es","@id":"https:\/\/secure.gravatar.com\/avatar\/3ea2118a5f7dad2b7138b1187a6b7ee55f160b9968b66013c3a3ef39dd7e5798?s=96&d=mm&r=g","url":"https:\/\/secure.gravatar.com\/avatar\/3ea2118a5f7dad2b7138b1187a6b7ee55f160b9968b66013c3a3ef39dd7e5798?s=96&d=mm&r=g","contentUrl":"https:\/\/secure.gravatar.com\/avatar\/3ea2118a5f7dad2b7138b1187a6b7ee55f160b9968b66013c3a3ef39dd7e5798?s=96&d=mm&r=g","caption":"Jeanette"},"sameAs":["https:\/\/www.eldiario.net\/portal"],"url":"https:\/\/www.eldiario.net\/portal\/author\/jeanette\/"}]}},"_links":{"self":[{"href":"https:\/\/www.eldiario.net\/portal\/wp-json\/wp\/v2\/posts\/405079","targetHints":{"allow":["GET"]}}],"collection":[{"href":"https:\/\/www.eldiario.net\/portal\/wp-json\/wp\/v2\/posts"}],"about":[{"href":"https:\/\/www.eldiario.net\/portal\/wp-json\/wp\/v2\/types\/post"}],"author":[{"embeddable":true,"href":"https:\/\/www.eldiario.net\/portal\/wp-json\/wp\/v2\/users\/1"}],"replies":[{"embeddable":true,"href":"https:\/\/www.eldiario.net\/portal\/wp-json\/wp\/v2\/comments?post=405079"}],"version-history":[{"count":1,"href":"https:\/\/www.eldiario.net\/portal\/wp-json\/wp\/v2\/posts\/405079\/revisions"}],"predecessor-version":[{"id":405081,"href":"https:\/\/www.eldiario.net\/portal\/wp-json\/wp\/v2\/posts\/405079\/revisions\/405081"}],"wp:featuredmedia":[{"embeddable":true,"href":"https:\/\/www.eldiario.net\/portal\/wp-json\/wp\/v2\/media\/405080"}],"wp:attachment":[{"href":"https:\/\/www.eldiario.net\/portal\/wp-json\/wp\/v2\/media?parent=405079"}],"wp:term":[{"taxonomy":"category","embeddable":true,"href":"https:\/\/www.eldiario.net\/portal\/wp-json\/wp\/v2\/categories?post=405079"},{"taxonomy":"post_tag","embeddable":true,"href":"https:\/\/www.eldiario.net\/portal\/wp-json\/wp\/v2\/tags?post=405079"}],"curies":[{"name":"wp","href":"https:\/\/api.w.org\/{rel}","templated":true}]}}