{"id":405076,"date":"2026-06-19T00:14:45","date_gmt":"2026-06-19T04:14:45","guid":{"rendered":"https:\/\/www.eldiario.net\/portal\/?p=405076"},"modified":"2026-06-18T21:09:36","modified_gmt":"2026-06-19T01:09:36","slug":"bloqueos-causan-dos-nuevas-muertes-de-pacientes-oncologicos","status":"publish","type":"post","link":"https:\/\/www.eldiario.net\/portal\/2026\/06\/19\/bloqueos-causan-dos-nuevas-muertes-de-pacientes-oncologicos\/","title":{"rendered":"Bloqueos causan dos nuevas muertes de pacientes oncol\u00f3gicos"},"content":{"rendered":"<p>Dos pacientes con c\u00e1ncer fallecieron en las \u00faltimas horas tras no poder acceder a atenci\u00f3n m\u00e9dica y medicamentos debido a los bloqueos registrados en distintas regiones del pa\u00eds, seg\u00fan el reporte de la representante de la Confederaci\u00f3n Boliviana de Pacientes con C\u00e1ncer, Edmy Zeballos.<\/p>\n<p>Una de las v\u00edctimas muri\u00f3 en el municipio de Betanzos, en Potos\u00ed, luego de que no pudiera trasladarse a un centro de salud para recibir atenci\u00f3n y tratamiento oportuno. La dirigente explic\u00f3 que el bloqueo de rutas impidi\u00f3 su desplazamiento, lo que deriv\u00f3 en que la paciente no recibiera atenci\u00f3n ni medicamentos a tiempo.<\/p>\n<p>El segundo caso corresponde a una mujer de 32 a\u00f1os, paciente oncol\u00f3gica oriunda de Tarija, que falleci\u00f3 en Sucre. De acuerdo con Zeballos, la paciente permaneci\u00f3 cerca de un mes sin poder viajar para continuar con su tratamiento de quimioterapia, lo que agrav\u00f3 su estado de salud hasta provocar su deceso.<\/p>\n<p>La mujer dej\u00f3 en la orfandad a dos ni\u00f1as de 10 y 13 a\u00f1os. Su familia solicit\u00f3 apoyo para la manutenci\u00f3n de las menores, quienes quedar\u00e1n al cuidado de sus abuelos y otros familiares.<\/p>\n<p>La representante del sector advirti\u00f3 adem\u00e1s que otros pacientes oncol\u00f3gicos contin\u00faan enfrentando dificultades para acceder a medicamentos y controles m\u00e9dicos debido a las restricciones en las carreteras, situaci\u00f3n que, seg\u00fan se\u00f1al\u00f3, pone en riesgo la vida de personas en tratamiento.<\/p>\n<p>Zeballos atribuy\u00f3 los fallecimientos a la imposibilidad de acceder de manera oportuna a atenci\u00f3n especializada, se\u00f1alando que la interrupci\u00f3n de tratamientos prolongados est\u00e1 teniendo consecuencias graves en pacientes con c\u00e1ncer.<\/p>\n<p>De acuerdo con datos oficiales mencionados en el reporte, hasta la fecha se registran 23 fallecimientos atribuidos de forma directa o indirecta a los bloqueos. Muchos de los casos est\u00e1n vinculados a la falta de atenci\u00f3n m\u00e9dica oportuna. (Con informaci\u00f3n de agencias)<\/p>\n","protected":false},"excerpt":{"rendered":"<p>Dos pacientes con c\u00e1ncer fallecieron en las \u00faltimas horas tras no poder acceder a atenci\u00f3n m\u00e9dica y medicamentos debido a los bloqueos registrados en distintas regiones del pa\u00eds, seg\u00fan el reporte de la representante de la Confederaci\u00f3n Boliviana de Pacientes con C\u00e1ncer, Edmy Zeballos. Una de las v\u00edctimas muri\u00f3 en el municipio de Betanzos, en [&hellip;]<\/p>\n","protected":false},"author":1,"featured_media":405077,"comment_status":"closed","ping_status":"open","sticky":false,"template":"","format":"standard","meta":{"_acf_changed":false,"footnotes":""},"categories":[39],"tags":[],"class_list":["post-405076","post","type-post","status-publish","format-standard","has-post-thumbnail","category-sociedad"],"acf":{"antetitulo":""},"yoast_head":"<!-- This site is optimized with the Yoast SEO plugin v28.3 - https:\/\/yoast.com\/product\/yoast-seo-wordpress\/ -->\n<title>Bloqueos causan dos nuevas muertes de pacientes oncol\u00f3gicos - El Diario - Bolivia<\/title>\n<meta name=\"robots\" content=\"index, follow, max-snippet:-1, max-image-preview:large, max-video-preview:-1\" \/>\n<link rel=\"canonical\" href=\"https:\/\/www.eldiario.net\/portal\/2026\/06\/19\/bloqueos-causan-dos-nuevas-muertes-de-pacientes-oncologicos\/\" \/>\n<meta property=\"og:locale\" content=\"es_ES\" \/>\n<meta property=\"og:type\" content=\"article\" \/>\n<meta property=\"og:title\" content=\"Bloqueos causan dos nuevas muertes de pacientes oncol\u00f3gicos - El Diario - Bolivia\" \/>\n<meta property=\"og:description\" content=\"Dos pacientes con c\u00e1ncer fallecieron en las \u00faltimas horas tras no poder acceder a atenci\u00f3n m\u00e9dica y medicamentos debido a los bloqueos registrados en distintas regiones del pa\u00eds, seg\u00fan el reporte de la representante de la Confederaci\u00f3n Boliviana de Pacientes con C\u00e1ncer, Edmy Zeballos. Una de las v\u00edctimas muri\u00f3 en el municipio de Betanzos, en [&hellip;]\" \/>\n<meta property=\"og:url\" content=\"https:\/\/www.eldiario.net\/portal\/2026\/06\/19\/bloqueos-causan-dos-nuevas-muertes-de-pacientes-oncologicos\/\" \/>\n<meta property=\"og:site_name\" content=\"El Diario - Bolivia\" \/>\n<meta property=\"article:publisher\" content=\"https:\/\/www.facebook.com\/eldiario.bolivia\/\" \/>\n<meta property=\"article:published_time\" content=\"2026-06-19T04:14:45+00:00\" \/>\n<meta property=\"og:image\" content=\"https:\/\/www.eldiario.net\/portal\/wp-content\/uploads\/2026\/06\/19-PAC.webp\" \/>\n\t<meta property=\"og:image:width\" content=\"1116\" \/>\n\t<meta property=\"og:image:height\" content=\"692\" \/>\n\t<meta property=\"og:image:type\" content=\"image\/webp\" \/>\n<meta name=\"author\" content=\"Jeanette\" \/>\n<meta name=\"twitter:card\" content=\"summary_large_image\" \/>\n<meta name=\"twitter:creator\" content=\"@eldiario_net\" \/>\n<meta name=\"twitter:site\" content=\"@eldiario_net\" \/>\n<meta name=\"twitter:label1\" content=\"Escrito por\" \/>\n\t<meta name=\"twitter:data1\" content=\"Jeanette\" \/>\n\t<meta name=\"twitter:label2\" content=\"Tiempo de lectura\" \/>\n\t<meta name=\"twitter:data2\" content=\"2 minutos\" \/>\n<script type=\"application\/ld+json\" class=\"yoast-schema-graph\">{\"@context\":\"https:\\\/\\\/schema.org\",\"@graph\":[{\"@type\":\"Article\",\"@id\":\"https:\\\/\\\/www.eldiario.net\\\/portal\\\/2026\\\/06\\\/19\\\/bloqueos-causan-dos-nuevas-muertes-de-pacientes-oncologicos\\\/#article\",\"isPartOf\":{\"@id\":\"https:\\\/\\\/www.eldiario.net\\\/portal\\\/2026\\\/06\\\/19\\\/bloqueos-causan-dos-nuevas-muertes-de-pacientes-oncologicos\\\/\"},\"author\":{\"name\":\"Jeanette\",\"@id\":\"https:\\\/\\\/www.eldiario.net\\\/portal\\\/#\\\/schema\\\/person\\\/f46445640444750d7d753ccd04ae01b7\"},\"headline\":\"Bloqueos causan dos nuevas muertes de pacientes oncol\u00f3gicos\",\"datePublished\":\"2026-06-19T04:14:45+00:00\",\"mainEntityOfPage\":{\"@id\":\"https:\\\/\\\/www.eldiario.net\\\/portal\\\/2026\\\/06\\\/19\\\/bloqueos-causan-dos-nuevas-muertes-de-pacientes-oncologicos\\\/\"},\"wordCount\":331,\"publisher\":{\"@id\":\"https:\\\/\\\/www.eldiario.net\\\/portal\\\/#organization\"},\"image\":{\"@id\":\"https:\\\/\\\/www.eldiario.net\\\/portal\\\/2026\\\/06\\\/19\\\/bloqueos-causan-dos-nuevas-muertes-de-pacientes-oncologicos\\\/#primaryimage\"},\"thumbnailUrl\":\"https:\\\/\\\/www.eldiario.net\\\/portal\\\/wp-content\\\/uploads\\\/2026\\\/06\\\/19-PAC.webp\",\"articleSection\":[\"Sociedad - Seguridad\"],\"inLanguage\":\"es\"},{\"@type\":\"WebPage\",\"@id\":\"https:\\\/\\\/www.eldiario.net\\\/portal\\\/2026\\\/06\\\/19\\\/bloqueos-causan-dos-nuevas-muertes-de-pacientes-oncologicos\\\/\",\"url\":\"https:\\\/\\\/www.eldiario.net\\\/portal\\\/2026\\\/06\\\/19\\\/bloqueos-causan-dos-nuevas-muertes-de-pacientes-oncologicos\\\/\",\"name\":\"Bloqueos causan dos nuevas muertes de pacientes oncol\u00f3gicos - El Diario - Bolivia\",\"isPartOf\":{\"@id\":\"https:\\\/\\\/www.eldiario.net\\\/portal\\\/#website\"},\"primaryImageOfPage\":{\"@id\":\"https:\\\/\\\/www.eldiario.net\\\/portal\\\/2026\\\/06\\\/19\\\/bloqueos-causan-dos-nuevas-muertes-de-pacientes-oncologicos\\\/#primaryimage\"},\"image\":{\"@id\":\"https:\\\/\\\/www.eldiario.net\\\/portal\\\/2026\\\/06\\\/19\\\/bloqueos-causan-dos-nuevas-muertes-de-pacientes-oncologicos\\\/#primaryimage\"},\"thumbnailUrl\":\"https:\\\/\\\/www.eldiario.net\\\/portal\\\/wp-content\\\/uploads\\\/2026\\\/06\\\/19-PAC.webp\",\"datePublished\":\"2026-06-19T04:14:45+00:00\",\"breadcrumb\":{\"@id\":\"https:\\\/\\\/www.eldiario.net\\\/portal\\\/2026\\\/06\\\/19\\\/bloqueos-causan-dos-nuevas-muertes-de-pacientes-oncologicos\\\/#breadcrumb\"},\"inLanguage\":\"es\",\"potentialAction\":[{\"@type\":\"ReadAction\",\"target\":[\"https:\\\/\\\/www.eldiario.net\\\/portal\\\/2026\\\/06\\\/19\\\/bloqueos-causan-dos-nuevas-muertes-de-pacientes-oncologicos\\\/\"]}]},{\"@type\":\"ImageObject\",\"inLanguage\":\"es\",\"@id\":\"https:\\\/\\\/www.eldiario.net\\\/portal\\\/2026\\\/06\\\/19\\\/bloqueos-causan-dos-nuevas-muertes-de-pacientes-oncologicos\\\/#primaryimage\",\"url\":\"https:\\\/\\\/www.eldiario.net\\\/portal\\\/wp-content\\\/uploads\\\/2026\\\/06\\\/19-PAC.webp\",\"contentUrl\":\"https:\\\/\\\/www.eldiario.net\\\/portal\\\/wp-content\\\/uploads\\\/2026\\\/06\\\/19-PAC.webp\",\"width\":1116,\"height\":692,\"caption\":\"Imagen ilustrativa. Cr\u00e9dito de foto: Internet\"},{\"@type\":\"BreadcrumbList\",\"@id\":\"https:\\\/\\\/www.eldiario.net\\\/portal\\\/2026\\\/06\\\/19\\\/bloqueos-causan-dos-nuevas-muertes-de-pacientes-oncologicos\\\/#breadcrumb\",\"itemListElement\":[{\"@type\":\"ListItem\",\"position\":1,\"name\":\"Portada\",\"item\":\"https:\\\/\\\/www.eldiario.net\\\/portal\\\/\"},{\"@type\":\"ListItem\",\"position\":2,\"name\":\"Bloqueos causan dos nuevas muertes de pacientes oncol\u00f3gicos\"}]},{\"@type\":\"WebSite\",\"@id\":\"https:\\\/\\\/www.eldiario.net\\\/portal\\\/#website\",\"url\":\"https:\\\/\\\/www.eldiario.net\\\/portal\\\/\",\"name\":\"El Diario - Decano de la prensa nacional\",\"description\":\"El Diario - Decano de la prensa nacional\",\"publisher\":{\"@id\":\"https:\\\/\\\/www.eldiario.net\\\/portal\\\/#organization\"},\"potentialAction\":[{\"@type\":\"SearchAction\",\"target\":{\"@type\":\"EntryPoint\",\"urlTemplate\":\"https:\\\/\\\/www.eldiario.net\\\/portal\\\/?s={search_term_string}\"},\"query-input\":{\"@type\":\"PropertyValueSpecification\",\"valueRequired\":true,\"valueName\":\"search_term_string\"}}],\"inLanguage\":\"es\"},{\"@type\":\"Organization\",\"@id\":\"https:\\\/\\\/www.eldiario.net\\\/portal\\\/#organization\",\"name\":\"El Diario - Decano de la prensa nacional\",\"url\":\"https:\\\/\\\/www.eldiario.net\\\/portal\\\/\",\"logo\":{\"@type\":\"ImageObject\",\"inLanguage\":\"es\",\"@id\":\"https:\\\/\\\/www.eldiario.net\\\/portal\\\/#\\\/schema\\\/logo\\\/image\\\/\",\"url\":\"https:\\\/\\\/www.eldiario.net\\\/portal\\\/wp-content\\\/uploads\\\/2023\\\/07\\\/logo_ED.jpg\",\"contentUrl\":\"https:\\\/\\\/www.eldiario.net\\\/portal\\\/wp-content\\\/uploads\\\/2023\\\/07\\\/logo_ED.jpg\",\"width\":272,\"height\":52,\"caption\":\"El Diario - Decano de la prensa nacional\"},\"image\":{\"@id\":\"https:\\\/\\\/www.eldiario.net\\\/portal\\\/#\\\/schema\\\/logo\\\/image\\\/\"},\"sameAs\":[\"https:\\\/\\\/www.facebook.com\\\/eldiario.bolivia\\\/\",\"https:\\\/\\\/x.com\\\/eldiario_net\"]},{\"@type\":\"Person\",\"@id\":\"https:\\\/\\\/www.eldiario.net\\\/portal\\\/#\\\/schema\\\/person\\\/f46445640444750d7d753ccd04ae01b7\",\"name\":\"Jeanette\",\"image\":{\"@type\":\"ImageObject\",\"inLanguage\":\"es\",\"@id\":\"https:\\\/\\\/secure.gravatar.com\\\/avatar\\\/3ea2118a5f7dad2b7138b1187a6b7ee55f160b9968b66013c3a3ef39dd7e5798?s=96&d=mm&r=g\",\"url\":\"https:\\\/\\\/secure.gravatar.com\\\/avatar\\\/3ea2118a5f7dad2b7138b1187a6b7ee55f160b9968b66013c3a3ef39dd7e5798?s=96&d=mm&r=g\",\"contentUrl\":\"https:\\\/\\\/secure.gravatar.com\\\/avatar\\\/3ea2118a5f7dad2b7138b1187a6b7ee55f160b9968b66013c3a3ef39dd7e5798?s=96&d=mm&r=g\",\"caption\":\"Jeanette\"},\"sameAs\":[\"https:\\\/\\\/www.eldiario.net\\\/portal\"],\"url\":\"https:\\\/\\\/www.eldiario.net\\\/portal\\\/author\\\/jeanette\\\/\"}]}<\/script>\n<!-- \/ Yoast SEO plugin. -->","yoast_head_json":{"title":"Bloqueos causan dos nuevas muertes de pacientes oncol\u00f3gicos - El Diario - Bolivia","robots":{"index":"index","follow":"follow","max-snippet":"max-snippet:-1","max-image-preview":"max-image-preview:large","max-video-preview":"max-video-preview:-1"},"canonical":"https:\/\/www.eldiario.net\/portal\/2026\/06\/19\/bloqueos-causan-dos-nuevas-muertes-de-pacientes-oncologicos\/","og_locale":"es_ES","og_type":"article","og_title":"Bloqueos causan dos nuevas muertes de pacientes oncol\u00f3gicos - El Diario - Bolivia","og_description":"Dos pacientes con c\u00e1ncer fallecieron en las \u00faltimas horas tras no poder acceder a atenci\u00f3n m\u00e9dica y medicamentos debido a los bloqueos registrados en distintas regiones del pa\u00eds, seg\u00fan el reporte de la representante de la Confederaci\u00f3n Boliviana de Pacientes con C\u00e1ncer, Edmy Zeballos. Una de las v\u00edctimas muri\u00f3 en el municipio de Betanzos, en [&hellip;]","og_url":"https:\/\/www.eldiario.net\/portal\/2026\/06\/19\/bloqueos-causan-dos-nuevas-muertes-de-pacientes-oncologicos\/","og_site_name":"El Diario - Bolivia","article_publisher":"https:\/\/www.facebook.com\/eldiario.bolivia\/","article_published_time":"2026-06-19T04:14:45+00:00","og_image":[{"width":1116,"height":692,"url":"https:\/\/www.eldiario.net\/portal\/wp-content\/uploads\/2026\/06\/19-PAC.webp","type":"image\/webp"}],"author":"Jeanette","twitter_card":"summary_large_image","twitter_creator":"@eldiario_net","twitter_site":"@eldiario_net","twitter_misc":{"Escrito por":"Jeanette","Tiempo de lectura":"2 minutos"},"schema":{"@context":"https:\/\/schema.org","@graph":[{"@type":"Article","@id":"https:\/\/www.eldiario.net\/portal\/2026\/06\/19\/bloqueos-causan-dos-nuevas-muertes-de-pacientes-oncologicos\/#article","isPartOf":{"@id":"https:\/\/www.eldiario.net\/portal\/2026\/06\/19\/bloqueos-causan-dos-nuevas-muertes-de-pacientes-oncologicos\/"},"author":{"name":"Jeanette","@id":"https:\/\/www.eldiario.net\/portal\/#\/schema\/person\/f46445640444750d7d753ccd04ae01b7"},"headline":"Bloqueos causan dos nuevas muertes de pacientes oncol\u00f3gicos","datePublished":"2026-06-19T04:14:45+00:00","mainEntityOfPage":{"@id":"https:\/\/www.eldiario.net\/portal\/2026\/06\/19\/bloqueos-causan-dos-nuevas-muertes-de-pacientes-oncologicos\/"},"wordCount":331,"publisher":{"@id":"https:\/\/www.eldiario.net\/portal\/#organization"},"image":{"@id":"https:\/\/www.eldiario.net\/portal\/2026\/06\/19\/bloqueos-causan-dos-nuevas-muertes-de-pacientes-oncologicos\/#primaryimage"},"thumbnailUrl":"https:\/\/www.eldiario.net\/portal\/wp-content\/uploads\/2026\/06\/19-PAC.webp","articleSection":["Sociedad - Seguridad"],"inLanguage":"es"},{"@type":"WebPage","@id":"https:\/\/www.eldiario.net\/portal\/2026\/06\/19\/bloqueos-causan-dos-nuevas-muertes-de-pacientes-oncologicos\/","url":"https:\/\/www.eldiario.net\/portal\/2026\/06\/19\/bloqueos-causan-dos-nuevas-muertes-de-pacientes-oncologicos\/","name":"Bloqueos causan dos nuevas muertes de pacientes oncol\u00f3gicos - El Diario - Bolivia","isPartOf":{"@id":"https:\/\/www.eldiario.net\/portal\/#website"},"primaryImageOfPage":{"@id":"https:\/\/www.eldiario.net\/portal\/2026\/06\/19\/bloqueos-causan-dos-nuevas-muertes-de-pacientes-oncologicos\/#primaryimage"},"image":{"@id":"https:\/\/www.eldiario.net\/portal\/2026\/06\/19\/bloqueos-causan-dos-nuevas-muertes-de-pacientes-oncologicos\/#primaryimage"},"thumbnailUrl":"https:\/\/www.eldiario.net\/portal\/wp-content\/uploads\/2026\/06\/19-PAC.webp","datePublished":"2026-06-19T04:14:45+00:00","breadcrumb":{"@id":"https:\/\/www.eldiario.net\/portal\/2026\/06\/19\/bloqueos-causan-dos-nuevas-muertes-de-pacientes-oncologicos\/#breadcrumb"},"inLanguage":"es","potentialAction":[{"@type":"ReadAction","target":["https:\/\/www.eldiario.net\/portal\/2026\/06\/19\/bloqueos-causan-dos-nuevas-muertes-de-pacientes-oncologicos\/"]}]},{"@type":"ImageObject","inLanguage":"es","@id":"https:\/\/www.eldiario.net\/portal\/2026\/06\/19\/bloqueos-causan-dos-nuevas-muertes-de-pacientes-oncologicos\/#primaryimage","url":"https:\/\/www.eldiario.net\/portal\/wp-content\/uploads\/2026\/06\/19-PAC.webp","contentUrl":"https:\/\/www.eldiario.net\/portal\/wp-content\/uploads\/2026\/06\/19-PAC.webp","width":1116,"height":692,"caption":"Imagen ilustrativa. Cr\u00e9dito de foto: Internet"},{"@type":"BreadcrumbList","@id":"https:\/\/www.eldiario.net\/portal\/2026\/06\/19\/bloqueos-causan-dos-nuevas-muertes-de-pacientes-oncologicos\/#breadcrumb","itemListElement":[{"@type":"ListItem","position":1,"name":"Portada","item":"https:\/\/www.eldiario.net\/portal\/"},{"@type":"ListItem","position":2,"name":"Bloqueos causan dos nuevas muertes de pacientes oncol\u00f3gicos"}]},{"@type":"WebSite","@id":"https:\/\/www.eldiario.net\/portal\/#website","url":"https:\/\/www.eldiario.net\/portal\/","name":"El Diario - Decano de la prensa nacional","description":"El Diario - Decano de la prensa nacional","publisher":{"@id":"https:\/\/www.eldiario.net\/portal\/#organization"},"potentialAction":[{"@type":"SearchAction","target":{"@type":"EntryPoint","urlTemplate":"https:\/\/www.eldiario.net\/portal\/?s={search_term_string}"},"query-input":{"@type":"PropertyValueSpecification","valueRequired":true,"valueName":"search_term_string"}}],"inLanguage":"es"},{"@type":"Organization","@id":"https:\/\/www.eldiario.net\/portal\/#organization","name":"El Diario - Decano de la prensa nacional","url":"https:\/\/www.eldiario.net\/portal\/","logo":{"@type":"ImageObject","inLanguage":"es","@id":"https:\/\/www.eldiario.net\/portal\/#\/schema\/logo\/image\/","url":"https:\/\/www.eldiario.net\/portal\/wp-content\/uploads\/2023\/07\/logo_ED.jpg","contentUrl":"https:\/\/www.eldiario.net\/portal\/wp-content\/uploads\/2023\/07\/logo_ED.jpg","width":272,"height":52,"caption":"El Diario - Decano de la prensa nacional"},"image":{"@id":"https:\/\/www.eldiario.net\/portal\/#\/schema\/logo\/image\/"},"sameAs":["https:\/\/www.facebook.com\/eldiario.bolivia\/","https:\/\/x.com\/eldiario_net"]},{"@type":"Person","@id":"https:\/\/www.eldiario.net\/portal\/#\/schema\/person\/f46445640444750d7d753ccd04ae01b7","name":"Jeanette","image":{"@type":"ImageObject","inLanguage":"es","@id":"https:\/\/secure.gravatar.com\/avatar\/3ea2118a5f7dad2b7138b1187a6b7ee55f160b9968b66013c3a3ef39dd7e5798?s=96&d=mm&r=g","url":"https:\/\/secure.gravatar.com\/avatar\/3ea2118a5f7dad2b7138b1187a6b7ee55f160b9968b66013c3a3ef39dd7e5798?s=96&d=mm&r=g","contentUrl":"https:\/\/secure.gravatar.com\/avatar\/3ea2118a5f7dad2b7138b1187a6b7ee55f160b9968b66013c3a3ef39dd7e5798?s=96&d=mm&r=g","caption":"Jeanette"},"sameAs":["https:\/\/www.eldiario.net\/portal"],"url":"https:\/\/www.eldiario.net\/portal\/author\/jeanette\/"}]}},"_links":{"self":[{"href":"https:\/\/www.eldiario.net\/portal\/wp-json\/wp\/v2\/posts\/405076","targetHints":{"allow":["GET"]}}],"collection":[{"href":"https:\/\/www.eldiario.net\/portal\/wp-json\/wp\/v2\/posts"}],"about":[{"href":"https:\/\/www.eldiario.net\/portal\/wp-json\/wp\/v2\/types\/post"}],"author":[{"embeddable":true,"href":"https:\/\/www.eldiario.net\/portal\/wp-json\/wp\/v2\/users\/1"}],"replies":[{"embeddable":true,"href":"https:\/\/www.eldiario.net\/portal\/wp-json\/wp\/v2\/comments?post=405076"}],"version-history":[{"count":1,"href":"https:\/\/www.eldiario.net\/portal\/wp-json\/wp\/v2\/posts\/405076\/revisions"}],"predecessor-version":[{"id":405078,"href":"https:\/\/www.eldiario.net\/portal\/wp-json\/wp\/v2\/posts\/405076\/revisions\/405078"}],"wp:featuredmedia":[{"embeddable":true,"href":"https:\/\/www.eldiario.net\/portal\/wp-json\/wp\/v2\/media\/405077"}],"wp:attachment":[{"href":"https:\/\/www.eldiario.net\/portal\/wp-json\/wp\/v2\/media?parent=405076"}],"wp:term":[{"taxonomy":"category","embeddable":true,"href":"https:\/\/www.eldiario.net\/portal\/wp-json\/wp\/v2\/categories?post=405076"},{"taxonomy":"post_tag","embeddable":true,"href":"https:\/\/www.eldiario.net\/portal\/wp-json\/wp\/v2\/tags?post=405076"}],"curies":[{"name":"wp","href":"https:\/\/api.w.org\/{rel}","templated":true}]}}