{"id":405073,"date":"2026-06-19T00:13:53","date_gmt":"2026-06-19T04:13:53","guid":{"rendered":"https:\/\/www.eldiario.net\/portal\/?p=405073"},"modified":"2026-06-18T21:08:36","modified_gmt":"2026-06-19T01:08:36","slug":"habilitan-agentes-encubiertos-en-casos-de-lavado-y-terrorismo-2","status":"publish","type":"post","link":"https:\/\/www.eldiario.net\/portal\/2026\/06\/19\/habilitan-agentes-encubiertos-en-casos-de-lavado-y-terrorismo-2\/","title":{"rendered":"Habilitan agentes encubiertos en casos de lavado y terrorismo"},"content":{"rendered":"<p>La Ley 1741 entr\u00f3 en vigencia y establece la incorporaci\u00f3n de dos t\u00e9cnicas de investigaci\u00f3n \u2014el agente encubierto y la entrega vigilada\u2014 para delitos de financiamiento del terrorismo y legitimaci\u00f3n de ganancias il\u00edcitas.<\/p>\n<p>La norma est\u00e1 compuesta \u00fanicamente por dos art\u00edculos y su finalidad es realizar incorporaciones al C\u00f3digo de Procedimiento Penal, espec\u00edficamente en los art\u00edculos 282 y 283, ampliando el uso de estas herramientas en procesos penales.<\/p>\n<p>En el caso del art\u00edculo 282, referido al agente encubierto, se agrega que esta t\u00e9cnica podr\u00e1 ser utilizada tambi\u00e9n en investigaciones por financiamiento del terrorismo, legitimaci\u00f3n de ganancias il\u00edcitas y delitos vinculados, tipificados en los art\u00edculos 133 Bis y 185 Bis del C\u00f3digo Penal.<\/p>\n<p>Por su parte, el art\u00edculo 283, que regula la entrega vigilada, mantiene la definici\u00f3n de esta t\u00e9cnica como el control del tr\u00e1nsito de remesas de sustancias controladas que pueden circular dentro o fuera del pa\u00eds sin intervenci\u00f3n de la autoridad, aunque bajo vigilancia.<\/p>\n<p>El objetivo de este procedimiento es descubrir o identificar a las personas involucradas en la comisi\u00f3n del delito, aportar pruebas al proceso y, en caso necesario, facilitar la cooperaci\u00f3n con autoridades extranjeras para los mismos fines.<\/p>\n<p>Con la Ley 1741 en vigor, este art\u00edculo tambi\u00e9n incorpora la posibilidad de aplicar la entrega vigilada en investigaciones por financiamiento del terrorismo, legitimaci\u00f3n de ganancias il\u00edcitas y delitos conexos, seg\u00fan los art\u00edculos 133 Bis y 185 Bis del C\u00f3digo Penal. (Con informaci\u00f3n de Unitel)<\/p>\n","protected":false},"excerpt":{"rendered":"<p>La Ley 1741 entr\u00f3 en vigencia y establece la incorporaci\u00f3n de dos t\u00e9cnicas de investigaci\u00f3n \u2014el agente encubierto y la entrega vigilada\u2014 para delitos de financiamiento del terrorismo y legitimaci\u00f3n de ganancias il\u00edcitas. La norma est\u00e1 compuesta \u00fanicamente por dos art\u00edculos y su finalidad es realizar incorporaciones al C\u00f3digo de Procedimiento Penal, espec\u00edficamente en los [&hellip;]<\/p>\n","protected":false},"author":1,"featured_media":405074,"comment_status":"closed","ping_status":"open","sticky":false,"template":"","format":"standard","meta":{"_acf_changed":false,"footnotes":""},"categories":[39],"tags":[],"class_list":["post-405073","post","type-post","status-publish","format-standard","has-post-thumbnail","category-sociedad"],"acf":{"antetitulo":"Ley 1741"},"yoast_head":"<!-- This site is optimized with the Yoast SEO plugin v28.3 - https:\/\/yoast.com\/product\/yoast-seo-wordpress\/ -->\n<title>Habilitan agentes encubiertos en casos de lavado y terrorismo - El Diario - Bolivia<\/title>\n<meta name=\"robots\" content=\"index, follow, max-snippet:-1, max-image-preview:large, max-video-preview:-1\" \/>\n<link rel=\"canonical\" href=\"https:\/\/www.eldiario.net\/portal\/2026\/06\/19\/habilitan-agentes-encubiertos-en-casos-de-lavado-y-terrorismo-2\/\" \/>\n<meta property=\"og:locale\" content=\"es_ES\" \/>\n<meta property=\"og:type\" content=\"article\" \/>\n<meta property=\"og:title\" content=\"Habilitan agentes encubiertos en casos de lavado y terrorismo - El Diario - Bolivia\" \/>\n<meta property=\"og:description\" content=\"La Ley 1741 entr\u00f3 en vigencia y establece la incorporaci\u00f3n de dos t\u00e9cnicas de investigaci\u00f3n \u2014el agente encubierto y la entrega vigilada\u2014 para delitos de financiamiento del terrorismo y legitimaci\u00f3n de ganancias il\u00edcitas. La norma est\u00e1 compuesta \u00fanicamente por dos art\u00edculos y su finalidad es realizar incorporaciones al C\u00f3digo de Procedimiento Penal, espec\u00edficamente en los [&hellip;]\" \/>\n<meta property=\"og:url\" content=\"https:\/\/www.eldiario.net\/portal\/2026\/06\/19\/habilitan-agentes-encubiertos-en-casos-de-lavado-y-terrorismo-2\/\" \/>\n<meta property=\"og:site_name\" content=\"El Diario - Bolivia\" \/>\n<meta property=\"article:publisher\" content=\"https:\/\/www.facebook.com\/eldiario.bolivia\/\" \/>\n<meta property=\"article:published_time\" content=\"2026-06-19T04:13:53+00:00\" \/>\n<meta property=\"og:image\" content=\"https:\/\/www.eldiario.net\/portal\/wp-content\/uploads\/2026\/06\/19-LEY.webp\" \/>\n\t<meta property=\"og:image:width\" content=\"898\" \/>\n\t<meta property=\"og:image:height\" content=\"505\" \/>\n\t<meta property=\"og:image:type\" content=\"image\/webp\" \/>\n<meta name=\"author\" content=\"Jeanette\" \/>\n<meta name=\"twitter:card\" content=\"summary_large_image\" \/>\n<meta name=\"twitter:creator\" content=\"@eldiario_net\" \/>\n<meta name=\"twitter:site\" content=\"@eldiario_net\" \/>\n<meta name=\"twitter:label1\" content=\"Escrito por\" \/>\n\t<meta name=\"twitter:data1\" content=\"Jeanette\" \/>\n\t<meta name=\"twitter:label2\" content=\"Tiempo de lectura\" \/>\n\t<meta name=\"twitter:data2\" content=\"2 minutos\" \/>\n<script type=\"application\/ld+json\" class=\"yoast-schema-graph\">{\"@context\":\"https:\\\/\\\/schema.org\",\"@graph\":[{\"@type\":\"Article\",\"@id\":\"https:\\\/\\\/www.eldiario.net\\\/portal\\\/2026\\\/06\\\/19\\\/habilitan-agentes-encubiertos-en-casos-de-lavado-y-terrorismo-2\\\/#article\",\"isPartOf\":{\"@id\":\"https:\\\/\\\/www.eldiario.net\\\/portal\\\/2026\\\/06\\\/19\\\/habilitan-agentes-encubiertos-en-casos-de-lavado-y-terrorismo-2\\\/\"},\"author\":{\"name\":\"Jeanette\",\"@id\":\"https:\\\/\\\/www.eldiario.net\\\/portal\\\/#\\\/schema\\\/person\\\/f46445640444750d7d753ccd04ae01b7\"},\"headline\":\"Habilitan agentes encubiertos en casos de lavado y terrorismo\",\"datePublished\":\"2026-06-19T04:13:53+00:00\",\"mainEntityOfPage\":{\"@id\":\"https:\\\/\\\/www.eldiario.net\\\/portal\\\/2026\\\/06\\\/19\\\/habilitan-agentes-encubiertos-en-casos-de-lavado-y-terrorismo-2\\\/\"},\"wordCount\":267,\"publisher\":{\"@id\":\"https:\\\/\\\/www.eldiario.net\\\/portal\\\/#organization\"},\"image\":{\"@id\":\"https:\\\/\\\/www.eldiario.net\\\/portal\\\/2026\\\/06\\\/19\\\/habilitan-agentes-encubiertos-en-casos-de-lavado-y-terrorismo-2\\\/#primaryimage\"},\"thumbnailUrl\":\"https:\\\/\\\/www.eldiario.net\\\/portal\\\/wp-content\\\/uploads\\\/2026\\\/06\\\/19-LEY.webp\",\"articleSection\":[\"Sociedad - Seguridad\"],\"inLanguage\":\"es\"},{\"@type\":\"WebPage\",\"@id\":\"https:\\\/\\\/www.eldiario.net\\\/portal\\\/2026\\\/06\\\/19\\\/habilitan-agentes-encubiertos-en-casos-de-lavado-y-terrorismo-2\\\/\",\"url\":\"https:\\\/\\\/www.eldiario.net\\\/portal\\\/2026\\\/06\\\/19\\\/habilitan-agentes-encubiertos-en-casos-de-lavado-y-terrorismo-2\\\/\",\"name\":\"Habilitan agentes encubiertos en casos de lavado y terrorismo - El Diario - Bolivia\",\"isPartOf\":{\"@id\":\"https:\\\/\\\/www.eldiario.net\\\/portal\\\/#website\"},\"primaryImageOfPage\":{\"@id\":\"https:\\\/\\\/www.eldiario.net\\\/portal\\\/2026\\\/06\\\/19\\\/habilitan-agentes-encubiertos-en-casos-de-lavado-y-terrorismo-2\\\/#primaryimage\"},\"image\":{\"@id\":\"https:\\\/\\\/www.eldiario.net\\\/portal\\\/2026\\\/06\\\/19\\\/habilitan-agentes-encubiertos-en-casos-de-lavado-y-terrorismo-2\\\/#primaryimage\"},\"thumbnailUrl\":\"https:\\\/\\\/www.eldiario.net\\\/portal\\\/wp-content\\\/uploads\\\/2026\\\/06\\\/19-LEY.webp\",\"datePublished\":\"2026-06-19T04:13:53+00:00\",\"breadcrumb\":{\"@id\":\"https:\\\/\\\/www.eldiario.net\\\/portal\\\/2026\\\/06\\\/19\\\/habilitan-agentes-encubiertos-en-casos-de-lavado-y-terrorismo-2\\\/#breadcrumb\"},\"inLanguage\":\"es\",\"potentialAction\":[{\"@type\":\"ReadAction\",\"target\":[\"https:\\\/\\\/www.eldiario.net\\\/portal\\\/2026\\\/06\\\/19\\\/habilitan-agentes-encubiertos-en-casos-de-lavado-y-terrorismo-2\\\/\"]}]},{\"@type\":\"ImageObject\",\"inLanguage\":\"es\",\"@id\":\"https:\\\/\\\/www.eldiario.net\\\/portal\\\/2026\\\/06\\\/19\\\/habilitan-agentes-encubiertos-en-casos-de-lavado-y-terrorismo-2\\\/#primaryimage\",\"url\":\"https:\\\/\\\/www.eldiario.net\\\/portal\\\/wp-content\\\/uploads\\\/2026\\\/06\\\/19-LEY.webp\",\"contentUrl\":\"https:\\\/\\\/www.eldiario.net\\\/portal\\\/wp-content\\\/uploads\\\/2026\\\/06\\\/19-LEY.webp\",\"width\":898,\"height\":505,\"caption\":\"Imagen ilustrativa. Cr\u00e9dito de foto: RRSS\"},{\"@type\":\"BreadcrumbList\",\"@id\":\"https:\\\/\\\/www.eldiario.net\\\/portal\\\/2026\\\/06\\\/19\\\/habilitan-agentes-encubiertos-en-casos-de-lavado-y-terrorismo-2\\\/#breadcrumb\",\"itemListElement\":[{\"@type\":\"ListItem\",\"position\":1,\"name\":\"Portada\",\"item\":\"https:\\\/\\\/www.eldiario.net\\\/portal\\\/\"},{\"@type\":\"ListItem\",\"position\":2,\"name\":\"Habilitan agentes encubiertos en casos de lavado y terrorismo\"}]},{\"@type\":\"WebSite\",\"@id\":\"https:\\\/\\\/www.eldiario.net\\\/portal\\\/#website\",\"url\":\"https:\\\/\\\/www.eldiario.net\\\/portal\\\/\",\"name\":\"El Diario - Decano de la prensa nacional\",\"description\":\"El Diario - Decano de la prensa nacional\",\"publisher\":{\"@id\":\"https:\\\/\\\/www.eldiario.net\\\/portal\\\/#organization\"},\"potentialAction\":[{\"@type\":\"SearchAction\",\"target\":{\"@type\":\"EntryPoint\",\"urlTemplate\":\"https:\\\/\\\/www.eldiario.net\\\/portal\\\/?s={search_term_string}\"},\"query-input\":{\"@type\":\"PropertyValueSpecification\",\"valueRequired\":true,\"valueName\":\"search_term_string\"}}],\"inLanguage\":\"es\"},{\"@type\":\"Organization\",\"@id\":\"https:\\\/\\\/www.eldiario.net\\\/portal\\\/#organization\",\"name\":\"El Diario - Decano de la prensa nacional\",\"url\":\"https:\\\/\\\/www.eldiario.net\\\/portal\\\/\",\"logo\":{\"@type\":\"ImageObject\",\"inLanguage\":\"es\",\"@id\":\"https:\\\/\\\/www.eldiario.net\\\/portal\\\/#\\\/schema\\\/logo\\\/image\\\/\",\"url\":\"https:\\\/\\\/www.eldiario.net\\\/portal\\\/wp-content\\\/uploads\\\/2023\\\/07\\\/logo_ED.jpg\",\"contentUrl\":\"https:\\\/\\\/www.eldiario.net\\\/portal\\\/wp-content\\\/uploads\\\/2023\\\/07\\\/logo_ED.jpg\",\"width\":272,\"height\":52,\"caption\":\"El Diario - Decano de la prensa nacional\"},\"image\":{\"@id\":\"https:\\\/\\\/www.eldiario.net\\\/portal\\\/#\\\/schema\\\/logo\\\/image\\\/\"},\"sameAs\":[\"https:\\\/\\\/www.facebook.com\\\/eldiario.bolivia\\\/\",\"https:\\\/\\\/x.com\\\/eldiario_net\"]},{\"@type\":\"Person\",\"@id\":\"https:\\\/\\\/www.eldiario.net\\\/portal\\\/#\\\/schema\\\/person\\\/f46445640444750d7d753ccd04ae01b7\",\"name\":\"Jeanette\",\"image\":{\"@type\":\"ImageObject\",\"inLanguage\":\"es\",\"@id\":\"https:\\\/\\\/secure.gravatar.com\\\/avatar\\\/3ea2118a5f7dad2b7138b1187a6b7ee55f160b9968b66013c3a3ef39dd7e5798?s=96&d=mm&r=g\",\"url\":\"https:\\\/\\\/secure.gravatar.com\\\/avatar\\\/3ea2118a5f7dad2b7138b1187a6b7ee55f160b9968b66013c3a3ef39dd7e5798?s=96&d=mm&r=g\",\"contentUrl\":\"https:\\\/\\\/secure.gravatar.com\\\/avatar\\\/3ea2118a5f7dad2b7138b1187a6b7ee55f160b9968b66013c3a3ef39dd7e5798?s=96&d=mm&r=g\",\"caption\":\"Jeanette\"},\"sameAs\":[\"https:\\\/\\\/www.eldiario.net\\\/portal\"],\"url\":\"https:\\\/\\\/www.eldiario.net\\\/portal\\\/author\\\/jeanette\\\/\"}]}<\/script>\n<!-- \/ Yoast SEO plugin. -->","yoast_head_json":{"title":"Habilitan agentes encubiertos en casos de lavado y terrorismo - El Diario - Bolivia","robots":{"index":"index","follow":"follow","max-snippet":"max-snippet:-1","max-image-preview":"max-image-preview:large","max-video-preview":"max-video-preview:-1"},"canonical":"https:\/\/www.eldiario.net\/portal\/2026\/06\/19\/habilitan-agentes-encubiertos-en-casos-de-lavado-y-terrorismo-2\/","og_locale":"es_ES","og_type":"article","og_title":"Habilitan agentes encubiertos en casos de lavado y terrorismo - El Diario - Bolivia","og_description":"La Ley 1741 entr\u00f3 en vigencia y establece la incorporaci\u00f3n de dos t\u00e9cnicas de investigaci\u00f3n \u2014el agente encubierto y la entrega vigilada\u2014 para delitos de financiamiento del terrorismo y legitimaci\u00f3n de ganancias il\u00edcitas. La norma est\u00e1 compuesta \u00fanicamente por dos art\u00edculos y su finalidad es realizar incorporaciones al C\u00f3digo de Procedimiento Penal, espec\u00edficamente en los [&hellip;]","og_url":"https:\/\/www.eldiario.net\/portal\/2026\/06\/19\/habilitan-agentes-encubiertos-en-casos-de-lavado-y-terrorismo-2\/","og_site_name":"El Diario - Bolivia","article_publisher":"https:\/\/www.facebook.com\/eldiario.bolivia\/","article_published_time":"2026-06-19T04:13:53+00:00","og_image":[{"width":898,"height":505,"url":"https:\/\/www.eldiario.net\/portal\/wp-content\/uploads\/2026\/06\/19-LEY.webp","type":"image\/webp"}],"author":"Jeanette","twitter_card":"summary_large_image","twitter_creator":"@eldiario_net","twitter_site":"@eldiario_net","twitter_misc":{"Escrito por":"Jeanette","Tiempo de lectura":"2 minutos"},"schema":{"@context":"https:\/\/schema.org","@graph":[{"@type":"Article","@id":"https:\/\/www.eldiario.net\/portal\/2026\/06\/19\/habilitan-agentes-encubiertos-en-casos-de-lavado-y-terrorismo-2\/#article","isPartOf":{"@id":"https:\/\/www.eldiario.net\/portal\/2026\/06\/19\/habilitan-agentes-encubiertos-en-casos-de-lavado-y-terrorismo-2\/"},"author":{"name":"Jeanette","@id":"https:\/\/www.eldiario.net\/portal\/#\/schema\/person\/f46445640444750d7d753ccd04ae01b7"},"headline":"Habilitan agentes encubiertos en casos de lavado y terrorismo","datePublished":"2026-06-19T04:13:53+00:00","mainEntityOfPage":{"@id":"https:\/\/www.eldiario.net\/portal\/2026\/06\/19\/habilitan-agentes-encubiertos-en-casos-de-lavado-y-terrorismo-2\/"},"wordCount":267,"publisher":{"@id":"https:\/\/www.eldiario.net\/portal\/#organization"},"image":{"@id":"https:\/\/www.eldiario.net\/portal\/2026\/06\/19\/habilitan-agentes-encubiertos-en-casos-de-lavado-y-terrorismo-2\/#primaryimage"},"thumbnailUrl":"https:\/\/www.eldiario.net\/portal\/wp-content\/uploads\/2026\/06\/19-LEY.webp","articleSection":["Sociedad - Seguridad"],"inLanguage":"es"},{"@type":"WebPage","@id":"https:\/\/www.eldiario.net\/portal\/2026\/06\/19\/habilitan-agentes-encubiertos-en-casos-de-lavado-y-terrorismo-2\/","url":"https:\/\/www.eldiario.net\/portal\/2026\/06\/19\/habilitan-agentes-encubiertos-en-casos-de-lavado-y-terrorismo-2\/","name":"Habilitan agentes encubiertos en casos de lavado y terrorismo - El Diario - Bolivia","isPartOf":{"@id":"https:\/\/www.eldiario.net\/portal\/#website"},"primaryImageOfPage":{"@id":"https:\/\/www.eldiario.net\/portal\/2026\/06\/19\/habilitan-agentes-encubiertos-en-casos-de-lavado-y-terrorismo-2\/#primaryimage"},"image":{"@id":"https:\/\/www.eldiario.net\/portal\/2026\/06\/19\/habilitan-agentes-encubiertos-en-casos-de-lavado-y-terrorismo-2\/#primaryimage"},"thumbnailUrl":"https:\/\/www.eldiario.net\/portal\/wp-content\/uploads\/2026\/06\/19-LEY.webp","datePublished":"2026-06-19T04:13:53+00:00","breadcrumb":{"@id":"https:\/\/www.eldiario.net\/portal\/2026\/06\/19\/habilitan-agentes-encubiertos-en-casos-de-lavado-y-terrorismo-2\/#breadcrumb"},"inLanguage":"es","potentialAction":[{"@type":"ReadAction","target":["https:\/\/www.eldiario.net\/portal\/2026\/06\/19\/habilitan-agentes-encubiertos-en-casos-de-lavado-y-terrorismo-2\/"]}]},{"@type":"ImageObject","inLanguage":"es","@id":"https:\/\/www.eldiario.net\/portal\/2026\/06\/19\/habilitan-agentes-encubiertos-en-casos-de-lavado-y-terrorismo-2\/#primaryimage","url":"https:\/\/www.eldiario.net\/portal\/wp-content\/uploads\/2026\/06\/19-LEY.webp","contentUrl":"https:\/\/www.eldiario.net\/portal\/wp-content\/uploads\/2026\/06\/19-LEY.webp","width":898,"height":505,"caption":"Imagen ilustrativa. Cr\u00e9dito de foto: RRSS"},{"@type":"BreadcrumbList","@id":"https:\/\/www.eldiario.net\/portal\/2026\/06\/19\/habilitan-agentes-encubiertos-en-casos-de-lavado-y-terrorismo-2\/#breadcrumb","itemListElement":[{"@type":"ListItem","position":1,"name":"Portada","item":"https:\/\/www.eldiario.net\/portal\/"},{"@type":"ListItem","position":2,"name":"Habilitan agentes encubiertos en casos de lavado y terrorismo"}]},{"@type":"WebSite","@id":"https:\/\/www.eldiario.net\/portal\/#website","url":"https:\/\/www.eldiario.net\/portal\/","name":"El Diario - Decano de la prensa nacional","description":"El Diario - Decano de la prensa nacional","publisher":{"@id":"https:\/\/www.eldiario.net\/portal\/#organization"},"potentialAction":[{"@type":"SearchAction","target":{"@type":"EntryPoint","urlTemplate":"https:\/\/www.eldiario.net\/portal\/?s={search_term_string}"},"query-input":{"@type":"PropertyValueSpecification","valueRequired":true,"valueName":"search_term_string"}}],"inLanguage":"es"},{"@type":"Organization","@id":"https:\/\/www.eldiario.net\/portal\/#organization","name":"El Diario - Decano de la prensa nacional","url":"https:\/\/www.eldiario.net\/portal\/","logo":{"@type":"ImageObject","inLanguage":"es","@id":"https:\/\/www.eldiario.net\/portal\/#\/schema\/logo\/image\/","url":"https:\/\/www.eldiario.net\/portal\/wp-content\/uploads\/2023\/07\/logo_ED.jpg","contentUrl":"https:\/\/www.eldiario.net\/portal\/wp-content\/uploads\/2023\/07\/logo_ED.jpg","width":272,"height":52,"caption":"El Diario - Decano de la prensa nacional"},"image":{"@id":"https:\/\/www.eldiario.net\/portal\/#\/schema\/logo\/image\/"},"sameAs":["https:\/\/www.facebook.com\/eldiario.bolivia\/","https:\/\/x.com\/eldiario_net"]},{"@type":"Person","@id":"https:\/\/www.eldiario.net\/portal\/#\/schema\/person\/f46445640444750d7d753ccd04ae01b7","name":"Jeanette","image":{"@type":"ImageObject","inLanguage":"es","@id":"https:\/\/secure.gravatar.com\/avatar\/3ea2118a5f7dad2b7138b1187a6b7ee55f160b9968b66013c3a3ef39dd7e5798?s=96&d=mm&r=g","url":"https:\/\/secure.gravatar.com\/avatar\/3ea2118a5f7dad2b7138b1187a6b7ee55f160b9968b66013c3a3ef39dd7e5798?s=96&d=mm&r=g","contentUrl":"https:\/\/secure.gravatar.com\/avatar\/3ea2118a5f7dad2b7138b1187a6b7ee55f160b9968b66013c3a3ef39dd7e5798?s=96&d=mm&r=g","caption":"Jeanette"},"sameAs":["https:\/\/www.eldiario.net\/portal"],"url":"https:\/\/www.eldiario.net\/portal\/author\/jeanette\/"}]}},"_links":{"self":[{"href":"https:\/\/www.eldiario.net\/portal\/wp-json\/wp\/v2\/posts\/405073","targetHints":{"allow":["GET"]}}],"collection":[{"href":"https:\/\/www.eldiario.net\/portal\/wp-json\/wp\/v2\/posts"}],"about":[{"href":"https:\/\/www.eldiario.net\/portal\/wp-json\/wp\/v2\/types\/post"}],"author":[{"embeddable":true,"href":"https:\/\/www.eldiario.net\/portal\/wp-json\/wp\/v2\/users\/1"}],"replies":[{"embeddable":true,"href":"https:\/\/www.eldiario.net\/portal\/wp-json\/wp\/v2\/comments?post=405073"}],"version-history":[{"count":1,"href":"https:\/\/www.eldiario.net\/portal\/wp-json\/wp\/v2\/posts\/405073\/revisions"}],"predecessor-version":[{"id":405075,"href":"https:\/\/www.eldiario.net\/portal\/wp-json\/wp\/v2\/posts\/405073\/revisions\/405075"}],"wp:featuredmedia":[{"embeddable":true,"href":"https:\/\/www.eldiario.net\/portal\/wp-json\/wp\/v2\/media\/405074"}],"wp:attachment":[{"href":"https:\/\/www.eldiario.net\/portal\/wp-json\/wp\/v2\/media?parent=405073"}],"wp:term":[{"taxonomy":"category","embeddable":true,"href":"https:\/\/www.eldiario.net\/portal\/wp-json\/wp\/v2\/categories?post=405073"},{"taxonomy":"post_tag","embeddable":true,"href":"https:\/\/www.eldiario.net\/portal\/wp-json\/wp\/v2\/tags?post=405073"}],"curies":[{"name":"wp","href":"https:\/\/api.w.org\/{rel}","templated":true}]}}