{"id":405063,"date":"2026-06-19T00:10:39","date_gmt":"2026-06-19T04:10:39","guid":{"rendered":"https:\/\/www.eldiario.net\/portal\/?p=405063"},"modified":"2026-06-18T21:05:41","modified_gmt":"2026-06-19T01:05:41","slug":"cusicanqui-declaro-ante-la-fiscalia-por-bonos-soberanos-2","status":"publish","type":"post","link":"https:\/\/www.eldiario.net\/portal\/2026\/06\/19\/cusicanqui-declaro-ante-la-fiscalia-por-bonos-soberanos-2\/","title":{"rendered":"Cusicanqui declar\u00f3 ante la Fiscal\u00eda por bonos soberanos"},"content":{"rendered":"<p>El exministro de Planificaci\u00f3n, Sergio Cusicanqui, en el gobierno de Luis Arce, declar\u00f3 ayer en la Fiscal\u00eda de La Paz en calidad de testigo dentro de la investigaci\u00f3n por el caso de los bonos soberanos del Banco Central de Bolivia (BCB).<\/p>\n<p>Su comparecencia fue breve. A su salida, la exautoridad indic\u00f3 que brind\u00f3 su colaboraci\u00f3n en el proceso, aunque evit\u00f3 referirse a detalles del caso debido a que la investigaci\u00f3n contin\u00faa en curso.<\/p>\n<p>\u201c\u2018Hemos cumplido con nuestra obligaci\u00f3n (\u2026) no puedo declarar mayores detalles porque est\u00e1 en proceso de investigaci\u00f3n\u2019, manifest\u00f3. Asimismo, expres\u00f3 su disposici\u00f3n para contribuir con el proceso.\u201d<\/p>\n<p>Cusicanqui form\u00f3 parte del gabinete de Luis Arce y estuvo a cargo del Censo de Poblaci\u00f3n y Vivienda. Su declaraci\u00f3n se suma a la de otras exautoridades convocadas en este caso, entre ellas el exministro de Econom\u00eda y Finanzas, Marcelo Montenegro.<\/p>\n<p>La investigaci\u00f3n por los bonos soberanos fue abierta en marzo de este a\u00f1o, luego de una auditor\u00eda que detect\u00f3 al menos siete operaciones con posibles irregularidades.<\/p>\n<p>&nbsp;<\/p>\n","protected":false},"excerpt":{"rendered":"<p>El exministro de Planificaci\u00f3n, Sergio Cusicanqui, en el gobierno de Luis Arce, declar\u00f3 ayer en la Fiscal\u00eda de La Paz en calidad de testigo dentro de la investigaci\u00f3n por el caso de los bonos soberanos del Banco Central de Bolivia (BCB). Su comparecencia fue breve. A su salida, la exautoridad indic\u00f3 que brind\u00f3 su colaboraci\u00f3n [&hellip;]<\/p>\n","protected":false},"author":1,"featured_media":405064,"comment_status":"closed","ping_status":"open","sticky":false,"template":"","format":"standard","meta":{"_acf_changed":false,"footnotes":""},"categories":[39],"tags":[],"class_list":["post-405063","post","type-post","status-publish","format-standard","has-post-thumbnail","category-sociedad"],"acf":{"antetitulo":""},"yoast_head":"<!-- This site is optimized with the Yoast SEO plugin v28.3 - https:\/\/yoast.com\/product\/yoast-seo-wordpress\/ -->\n<title>Cusicanqui declar\u00f3 ante la Fiscal\u00eda por bonos soberanos - El Diario - Bolivia<\/title>\n<meta name=\"robots\" content=\"index, follow, max-snippet:-1, max-image-preview:large, max-video-preview:-1\" \/>\n<link rel=\"canonical\" href=\"https:\/\/www.eldiario.net\/portal\/2026\/06\/19\/cusicanqui-declaro-ante-la-fiscalia-por-bonos-soberanos-2\/\" \/>\n<meta property=\"og:locale\" content=\"es_ES\" \/>\n<meta property=\"og:type\" content=\"article\" \/>\n<meta property=\"og:title\" content=\"Cusicanqui declar\u00f3 ante la Fiscal\u00eda por bonos soberanos - El Diario - Bolivia\" \/>\n<meta property=\"og:description\" content=\"El exministro de Planificaci\u00f3n, Sergio Cusicanqui, en el gobierno de Luis Arce, declar\u00f3 ayer en la Fiscal\u00eda de La Paz en calidad de testigo dentro de la investigaci\u00f3n por el caso de los bonos soberanos del Banco Central de Bolivia (BCB). Su comparecencia fue breve. A su salida, la exautoridad indic\u00f3 que brind\u00f3 su colaboraci\u00f3n [&hellip;]\" \/>\n<meta property=\"og:url\" content=\"https:\/\/www.eldiario.net\/portal\/2026\/06\/19\/cusicanqui-declaro-ante-la-fiscalia-por-bonos-soberanos-2\/\" \/>\n<meta property=\"og:site_name\" content=\"El Diario - Bolivia\" \/>\n<meta property=\"article:publisher\" content=\"https:\/\/www.facebook.com\/eldiario.bolivia\/\" \/>\n<meta property=\"article:published_time\" content=\"2026-06-19T04:10:39+00:00\" \/>\n<meta property=\"og:image\" content=\"https:\/\/www.eldiario.net\/portal\/wp-content\/uploads\/2026\/06\/19-CUSI.webp\" \/>\n\t<meta property=\"og:image:width\" content=\"999\" \/>\n\t<meta property=\"og:image:height\" content=\"777\" \/>\n\t<meta property=\"og:image:type\" content=\"image\/webp\" \/>\n<meta name=\"author\" content=\"Jeanette\" \/>\n<meta name=\"twitter:card\" content=\"summary_large_image\" \/>\n<meta name=\"twitter:creator\" content=\"@eldiario_net\" \/>\n<meta name=\"twitter:site\" content=\"@eldiario_net\" \/>\n<meta name=\"twitter:label1\" content=\"Escrito por\" \/>\n\t<meta name=\"twitter:data1\" content=\"Jeanette\" \/>\n\t<meta name=\"twitter:label2\" content=\"Tiempo de lectura\" \/>\n\t<meta name=\"twitter:data2\" content=\"1 minuto\" \/>\n<script type=\"application\/ld+json\" class=\"yoast-schema-graph\">{\"@context\":\"https:\\\/\\\/schema.org\",\"@graph\":[{\"@type\":\"Article\",\"@id\":\"https:\\\/\\\/www.eldiario.net\\\/portal\\\/2026\\\/06\\\/19\\\/cusicanqui-declaro-ante-la-fiscalia-por-bonos-soberanos-2\\\/#article\",\"isPartOf\":{\"@id\":\"https:\\\/\\\/www.eldiario.net\\\/portal\\\/2026\\\/06\\\/19\\\/cusicanqui-declaro-ante-la-fiscalia-por-bonos-soberanos-2\\\/\"},\"author\":{\"name\":\"Jeanette\",\"@id\":\"https:\\\/\\\/www.eldiario.net\\\/portal\\\/#\\\/schema\\\/person\\\/f46445640444750d7d753ccd04ae01b7\"},\"headline\":\"Cusicanqui declar\u00f3 ante la Fiscal\u00eda por bonos soberanos\",\"datePublished\":\"2026-06-19T04:10:39+00:00\",\"mainEntityOfPage\":{\"@id\":\"https:\\\/\\\/www.eldiario.net\\\/portal\\\/2026\\\/06\\\/19\\\/cusicanqui-declaro-ante-la-fiscalia-por-bonos-soberanos-2\\\/\"},\"wordCount\":191,\"publisher\":{\"@id\":\"https:\\\/\\\/www.eldiario.net\\\/portal\\\/#organization\"},\"image\":{\"@id\":\"https:\\\/\\\/www.eldiario.net\\\/portal\\\/2026\\\/06\\\/19\\\/cusicanqui-declaro-ante-la-fiscalia-por-bonos-soberanos-2\\\/#primaryimage\"},\"thumbnailUrl\":\"https:\\\/\\\/www.eldiario.net\\\/portal\\\/wp-content\\\/uploads\\\/2026\\\/06\\\/19-CUSI.webp\",\"articleSection\":[\"Sociedad - Seguridad\"],\"inLanguage\":\"es\"},{\"@type\":\"WebPage\",\"@id\":\"https:\\\/\\\/www.eldiario.net\\\/portal\\\/2026\\\/06\\\/19\\\/cusicanqui-declaro-ante-la-fiscalia-por-bonos-soberanos-2\\\/\",\"url\":\"https:\\\/\\\/www.eldiario.net\\\/portal\\\/2026\\\/06\\\/19\\\/cusicanqui-declaro-ante-la-fiscalia-por-bonos-soberanos-2\\\/\",\"name\":\"Cusicanqui declar\u00f3 ante la Fiscal\u00eda por bonos soberanos - El Diario - Bolivia\",\"isPartOf\":{\"@id\":\"https:\\\/\\\/www.eldiario.net\\\/portal\\\/#website\"},\"primaryImageOfPage\":{\"@id\":\"https:\\\/\\\/www.eldiario.net\\\/portal\\\/2026\\\/06\\\/19\\\/cusicanqui-declaro-ante-la-fiscalia-por-bonos-soberanos-2\\\/#primaryimage\"},\"image\":{\"@id\":\"https:\\\/\\\/www.eldiario.net\\\/portal\\\/2026\\\/06\\\/19\\\/cusicanqui-declaro-ante-la-fiscalia-por-bonos-soberanos-2\\\/#primaryimage\"},\"thumbnailUrl\":\"https:\\\/\\\/www.eldiario.net\\\/portal\\\/wp-content\\\/uploads\\\/2026\\\/06\\\/19-CUSI.webp\",\"datePublished\":\"2026-06-19T04:10:39+00:00\",\"breadcrumb\":{\"@id\":\"https:\\\/\\\/www.eldiario.net\\\/portal\\\/2026\\\/06\\\/19\\\/cusicanqui-declaro-ante-la-fiscalia-por-bonos-soberanos-2\\\/#breadcrumb\"},\"inLanguage\":\"es\",\"potentialAction\":[{\"@type\":\"ReadAction\",\"target\":[\"https:\\\/\\\/www.eldiario.net\\\/portal\\\/2026\\\/06\\\/19\\\/cusicanqui-declaro-ante-la-fiscalia-por-bonos-soberanos-2\\\/\"]}]},{\"@type\":\"ImageObject\",\"inLanguage\":\"es\",\"@id\":\"https:\\\/\\\/www.eldiario.net\\\/portal\\\/2026\\\/06\\\/19\\\/cusicanqui-declaro-ante-la-fiscalia-por-bonos-soberanos-2\\\/#primaryimage\",\"url\":\"https:\\\/\\\/www.eldiario.net\\\/portal\\\/wp-content\\\/uploads\\\/2026\\\/06\\\/19-CUSI.webp\",\"contentUrl\":\"https:\\\/\\\/www.eldiario.net\\\/portal\\\/wp-content\\\/uploads\\\/2026\\\/06\\\/19-CUSI.webp\",\"width\":999,\"height\":777,\"caption\":\"Exministro Cusicanqui, luego de emitir su declaraci\u00f3n. Cr\u00e9dito de foto: APG\"},{\"@type\":\"BreadcrumbList\",\"@id\":\"https:\\\/\\\/www.eldiario.net\\\/portal\\\/2026\\\/06\\\/19\\\/cusicanqui-declaro-ante-la-fiscalia-por-bonos-soberanos-2\\\/#breadcrumb\",\"itemListElement\":[{\"@type\":\"ListItem\",\"position\":1,\"name\":\"Portada\",\"item\":\"https:\\\/\\\/www.eldiario.net\\\/portal\\\/\"},{\"@type\":\"ListItem\",\"position\":2,\"name\":\"Cusicanqui declar\u00f3 ante la Fiscal\u00eda por bonos soberanos\"}]},{\"@type\":\"WebSite\",\"@id\":\"https:\\\/\\\/www.eldiario.net\\\/portal\\\/#website\",\"url\":\"https:\\\/\\\/www.eldiario.net\\\/portal\\\/\",\"name\":\"El Diario - Decano de la prensa nacional\",\"description\":\"El Diario - Decano de la prensa nacional\",\"publisher\":{\"@id\":\"https:\\\/\\\/www.eldiario.net\\\/portal\\\/#organization\"},\"potentialAction\":[{\"@type\":\"SearchAction\",\"target\":{\"@type\":\"EntryPoint\",\"urlTemplate\":\"https:\\\/\\\/www.eldiario.net\\\/portal\\\/?s={search_term_string}\"},\"query-input\":{\"@type\":\"PropertyValueSpecification\",\"valueRequired\":true,\"valueName\":\"search_term_string\"}}],\"inLanguage\":\"es\"},{\"@type\":\"Organization\",\"@id\":\"https:\\\/\\\/www.eldiario.net\\\/portal\\\/#organization\",\"name\":\"El Diario - Decano de la prensa nacional\",\"url\":\"https:\\\/\\\/www.eldiario.net\\\/portal\\\/\",\"logo\":{\"@type\":\"ImageObject\",\"inLanguage\":\"es\",\"@id\":\"https:\\\/\\\/www.eldiario.net\\\/portal\\\/#\\\/schema\\\/logo\\\/image\\\/\",\"url\":\"https:\\\/\\\/www.eldiario.net\\\/portal\\\/wp-content\\\/uploads\\\/2023\\\/07\\\/logo_ED.jpg\",\"contentUrl\":\"https:\\\/\\\/www.eldiario.net\\\/portal\\\/wp-content\\\/uploads\\\/2023\\\/07\\\/logo_ED.jpg\",\"width\":272,\"height\":52,\"caption\":\"El Diario - Decano de la prensa nacional\"},\"image\":{\"@id\":\"https:\\\/\\\/www.eldiario.net\\\/portal\\\/#\\\/schema\\\/logo\\\/image\\\/\"},\"sameAs\":[\"https:\\\/\\\/www.facebook.com\\\/eldiario.bolivia\\\/\",\"https:\\\/\\\/x.com\\\/eldiario_net\"]},{\"@type\":\"Person\",\"@id\":\"https:\\\/\\\/www.eldiario.net\\\/portal\\\/#\\\/schema\\\/person\\\/f46445640444750d7d753ccd04ae01b7\",\"name\":\"Jeanette\",\"image\":{\"@type\":\"ImageObject\",\"inLanguage\":\"es\",\"@id\":\"https:\\\/\\\/secure.gravatar.com\\\/avatar\\\/3ea2118a5f7dad2b7138b1187a6b7ee55f160b9968b66013c3a3ef39dd7e5798?s=96&d=mm&r=g\",\"url\":\"https:\\\/\\\/secure.gravatar.com\\\/avatar\\\/3ea2118a5f7dad2b7138b1187a6b7ee55f160b9968b66013c3a3ef39dd7e5798?s=96&d=mm&r=g\",\"contentUrl\":\"https:\\\/\\\/secure.gravatar.com\\\/avatar\\\/3ea2118a5f7dad2b7138b1187a6b7ee55f160b9968b66013c3a3ef39dd7e5798?s=96&d=mm&r=g\",\"caption\":\"Jeanette\"},\"sameAs\":[\"https:\\\/\\\/www.eldiario.net\\\/portal\"],\"url\":\"https:\\\/\\\/www.eldiario.net\\\/portal\\\/author\\\/jeanette\\\/\"}]}<\/script>\n<!-- \/ Yoast SEO plugin. -->","yoast_head_json":{"title":"Cusicanqui declar\u00f3 ante la Fiscal\u00eda por bonos soberanos - El Diario - Bolivia","robots":{"index":"index","follow":"follow","max-snippet":"max-snippet:-1","max-image-preview":"max-image-preview:large","max-video-preview":"max-video-preview:-1"},"canonical":"https:\/\/www.eldiario.net\/portal\/2026\/06\/19\/cusicanqui-declaro-ante-la-fiscalia-por-bonos-soberanos-2\/","og_locale":"es_ES","og_type":"article","og_title":"Cusicanqui declar\u00f3 ante la Fiscal\u00eda por bonos soberanos - El Diario - Bolivia","og_description":"El exministro de Planificaci\u00f3n, Sergio Cusicanqui, en el gobierno de Luis Arce, declar\u00f3 ayer en la Fiscal\u00eda de La Paz en calidad de testigo dentro de la investigaci\u00f3n por el caso de los bonos soberanos del Banco Central de Bolivia (BCB). Su comparecencia fue breve. A su salida, la exautoridad indic\u00f3 que brind\u00f3 su colaboraci\u00f3n [&hellip;]","og_url":"https:\/\/www.eldiario.net\/portal\/2026\/06\/19\/cusicanqui-declaro-ante-la-fiscalia-por-bonos-soberanos-2\/","og_site_name":"El Diario - Bolivia","article_publisher":"https:\/\/www.facebook.com\/eldiario.bolivia\/","article_published_time":"2026-06-19T04:10:39+00:00","og_image":[{"width":999,"height":777,"url":"https:\/\/www.eldiario.net\/portal\/wp-content\/uploads\/2026\/06\/19-CUSI.webp","type":"image\/webp"}],"author":"Jeanette","twitter_card":"summary_large_image","twitter_creator":"@eldiario_net","twitter_site":"@eldiario_net","twitter_misc":{"Escrito por":"Jeanette","Tiempo de lectura":"1 minuto"},"schema":{"@context":"https:\/\/schema.org","@graph":[{"@type":"Article","@id":"https:\/\/www.eldiario.net\/portal\/2026\/06\/19\/cusicanqui-declaro-ante-la-fiscalia-por-bonos-soberanos-2\/#article","isPartOf":{"@id":"https:\/\/www.eldiario.net\/portal\/2026\/06\/19\/cusicanqui-declaro-ante-la-fiscalia-por-bonos-soberanos-2\/"},"author":{"name":"Jeanette","@id":"https:\/\/www.eldiario.net\/portal\/#\/schema\/person\/f46445640444750d7d753ccd04ae01b7"},"headline":"Cusicanqui declar\u00f3 ante la Fiscal\u00eda por bonos soberanos","datePublished":"2026-06-19T04:10:39+00:00","mainEntityOfPage":{"@id":"https:\/\/www.eldiario.net\/portal\/2026\/06\/19\/cusicanqui-declaro-ante-la-fiscalia-por-bonos-soberanos-2\/"},"wordCount":191,"publisher":{"@id":"https:\/\/www.eldiario.net\/portal\/#organization"},"image":{"@id":"https:\/\/www.eldiario.net\/portal\/2026\/06\/19\/cusicanqui-declaro-ante-la-fiscalia-por-bonos-soberanos-2\/#primaryimage"},"thumbnailUrl":"https:\/\/www.eldiario.net\/portal\/wp-content\/uploads\/2026\/06\/19-CUSI.webp","articleSection":["Sociedad - Seguridad"],"inLanguage":"es"},{"@type":"WebPage","@id":"https:\/\/www.eldiario.net\/portal\/2026\/06\/19\/cusicanqui-declaro-ante-la-fiscalia-por-bonos-soberanos-2\/","url":"https:\/\/www.eldiario.net\/portal\/2026\/06\/19\/cusicanqui-declaro-ante-la-fiscalia-por-bonos-soberanos-2\/","name":"Cusicanqui declar\u00f3 ante la Fiscal\u00eda por bonos soberanos - El Diario - Bolivia","isPartOf":{"@id":"https:\/\/www.eldiario.net\/portal\/#website"},"primaryImageOfPage":{"@id":"https:\/\/www.eldiario.net\/portal\/2026\/06\/19\/cusicanqui-declaro-ante-la-fiscalia-por-bonos-soberanos-2\/#primaryimage"},"image":{"@id":"https:\/\/www.eldiario.net\/portal\/2026\/06\/19\/cusicanqui-declaro-ante-la-fiscalia-por-bonos-soberanos-2\/#primaryimage"},"thumbnailUrl":"https:\/\/www.eldiario.net\/portal\/wp-content\/uploads\/2026\/06\/19-CUSI.webp","datePublished":"2026-06-19T04:10:39+00:00","breadcrumb":{"@id":"https:\/\/www.eldiario.net\/portal\/2026\/06\/19\/cusicanqui-declaro-ante-la-fiscalia-por-bonos-soberanos-2\/#breadcrumb"},"inLanguage":"es","potentialAction":[{"@type":"ReadAction","target":["https:\/\/www.eldiario.net\/portal\/2026\/06\/19\/cusicanqui-declaro-ante-la-fiscalia-por-bonos-soberanos-2\/"]}]},{"@type":"ImageObject","inLanguage":"es","@id":"https:\/\/www.eldiario.net\/portal\/2026\/06\/19\/cusicanqui-declaro-ante-la-fiscalia-por-bonos-soberanos-2\/#primaryimage","url":"https:\/\/www.eldiario.net\/portal\/wp-content\/uploads\/2026\/06\/19-CUSI.webp","contentUrl":"https:\/\/www.eldiario.net\/portal\/wp-content\/uploads\/2026\/06\/19-CUSI.webp","width":999,"height":777,"caption":"Exministro Cusicanqui, luego de emitir su declaraci\u00f3n. Cr\u00e9dito de foto: APG"},{"@type":"BreadcrumbList","@id":"https:\/\/www.eldiario.net\/portal\/2026\/06\/19\/cusicanqui-declaro-ante-la-fiscalia-por-bonos-soberanos-2\/#breadcrumb","itemListElement":[{"@type":"ListItem","position":1,"name":"Portada","item":"https:\/\/www.eldiario.net\/portal\/"},{"@type":"ListItem","position":2,"name":"Cusicanqui declar\u00f3 ante la Fiscal\u00eda por bonos soberanos"}]},{"@type":"WebSite","@id":"https:\/\/www.eldiario.net\/portal\/#website","url":"https:\/\/www.eldiario.net\/portal\/","name":"El Diario - Decano de la prensa nacional","description":"El Diario - Decano de la prensa nacional","publisher":{"@id":"https:\/\/www.eldiario.net\/portal\/#organization"},"potentialAction":[{"@type":"SearchAction","target":{"@type":"EntryPoint","urlTemplate":"https:\/\/www.eldiario.net\/portal\/?s={search_term_string}"},"query-input":{"@type":"PropertyValueSpecification","valueRequired":true,"valueName":"search_term_string"}}],"inLanguage":"es"},{"@type":"Organization","@id":"https:\/\/www.eldiario.net\/portal\/#organization","name":"El Diario - Decano de la prensa nacional","url":"https:\/\/www.eldiario.net\/portal\/","logo":{"@type":"ImageObject","inLanguage":"es","@id":"https:\/\/www.eldiario.net\/portal\/#\/schema\/logo\/image\/","url":"https:\/\/www.eldiario.net\/portal\/wp-content\/uploads\/2023\/07\/logo_ED.jpg","contentUrl":"https:\/\/www.eldiario.net\/portal\/wp-content\/uploads\/2023\/07\/logo_ED.jpg","width":272,"height":52,"caption":"El Diario - Decano de la prensa nacional"},"image":{"@id":"https:\/\/www.eldiario.net\/portal\/#\/schema\/logo\/image\/"},"sameAs":["https:\/\/www.facebook.com\/eldiario.bolivia\/","https:\/\/x.com\/eldiario_net"]},{"@type":"Person","@id":"https:\/\/www.eldiario.net\/portal\/#\/schema\/person\/f46445640444750d7d753ccd04ae01b7","name":"Jeanette","image":{"@type":"ImageObject","inLanguage":"es","@id":"https:\/\/secure.gravatar.com\/avatar\/3ea2118a5f7dad2b7138b1187a6b7ee55f160b9968b66013c3a3ef39dd7e5798?s=96&d=mm&r=g","url":"https:\/\/secure.gravatar.com\/avatar\/3ea2118a5f7dad2b7138b1187a6b7ee55f160b9968b66013c3a3ef39dd7e5798?s=96&d=mm&r=g","contentUrl":"https:\/\/secure.gravatar.com\/avatar\/3ea2118a5f7dad2b7138b1187a6b7ee55f160b9968b66013c3a3ef39dd7e5798?s=96&d=mm&r=g","caption":"Jeanette"},"sameAs":["https:\/\/www.eldiario.net\/portal"],"url":"https:\/\/www.eldiario.net\/portal\/author\/jeanette\/"}]}},"_links":{"self":[{"href":"https:\/\/www.eldiario.net\/portal\/wp-json\/wp\/v2\/posts\/405063","targetHints":{"allow":["GET"]}}],"collection":[{"href":"https:\/\/www.eldiario.net\/portal\/wp-json\/wp\/v2\/posts"}],"about":[{"href":"https:\/\/www.eldiario.net\/portal\/wp-json\/wp\/v2\/types\/post"}],"author":[{"embeddable":true,"href":"https:\/\/www.eldiario.net\/portal\/wp-json\/wp\/v2\/users\/1"}],"replies":[{"embeddable":true,"href":"https:\/\/www.eldiario.net\/portal\/wp-json\/wp\/v2\/comments?post=405063"}],"version-history":[{"count":1,"href":"https:\/\/www.eldiario.net\/portal\/wp-json\/wp\/v2\/posts\/405063\/revisions"}],"predecessor-version":[{"id":405065,"href":"https:\/\/www.eldiario.net\/portal\/wp-json\/wp\/v2\/posts\/405063\/revisions\/405065"}],"wp:featuredmedia":[{"embeddable":true,"href":"https:\/\/www.eldiario.net\/portal\/wp-json\/wp\/v2\/media\/405064"}],"wp:attachment":[{"href":"https:\/\/www.eldiario.net\/portal\/wp-json\/wp\/v2\/media?parent=405063"}],"wp:term":[{"taxonomy":"category","embeddable":true,"href":"https:\/\/www.eldiario.net\/portal\/wp-json\/wp\/v2\/categories?post=405063"},{"taxonomy":"post_tag","embeddable":true,"href":"https:\/\/www.eldiario.net\/portal\/wp-json\/wp\/v2\/tags?post=405063"}],"curies":[{"name":"wp","href":"https:\/\/api.w.org\/{rel}","templated":true}]}}