{"id":405058,"date":"2026-06-19T00:05:54","date_gmt":"2026-06-19T04:05:54","guid":{"rendered":"https:\/\/www.eldiario.net\/portal\/?p=405058"},"modified":"2026-06-18T21:00:33","modified_gmt":"2026-06-19T01:00:33","slug":"saint-seiya-sinfonico-debuta-en-la-paz-con-despliegue-de-gran-formato","status":"publish","type":"post","link":"https:\/\/www.eldiario.net\/portal\/2026\/06\/19\/saint-seiya-sinfonico-debuta-en-la-paz-con-despliegue-de-gran-formato\/","title":{"rendered":"\u00abSaint Seiya Sinf\u00f3nico\u00bb debuta en La Paz con despliegue de gran formato"},"content":{"rendered":"<p>Por Susana Guti\u00e9rrez<\/p>\n<p>&nbsp;<\/p>\n<p>La m\u00fasica en el anime no es un mero fondo; es el tejido que sostiene la \u00e9pica, el drama y la nostalgia de las historias que marcaron a fuego a varias generaciones. Dentro de este vasto universo, pocas bandas sonoras poseen la fuerza m\u00edstica y el arraigo popular de Saint Seiya (conocida en la regi\u00f3n como Los Caballeros del Zodiaco). La genialidad compositiva de Seiji Yokoyama, quien fusion\u00f3 de manera magistral la potencia del rock de los a\u00f1os ochenta, los coros solemnes y la sofisticaci\u00f3n de la m\u00fasica cl\u00e1sica, se mantiene vigente como un patrimonio de la cultura pop global. Este legado musical se presentar\u00e1 en la sede de Gobierno con una propuesta art\u00edstica de gran formato que promete transformarse en uno de los acontecimientos culturales y de entretenimiento m\u00e1s destacados de la temporada de invierno.<\/p>\n<p>&nbsp;<\/p>\n<p>Los d\u00edas 20 y 21 de junio, a partir de las 19:00, el Cine Teatro 16 de Julio se convertir\u00e1 en escenario de un despliegue art\u00edstico de gran formato. El espect\u00e1culo \u00abSaint Seiya Sinf\u00f3nico\u00bb reunir\u00e1 a m\u00e1s de 50 artistas en escena, articulando una compleja y s\u00f3lida estructura que integra una orquesta sinf\u00f3nica completa, una banda de rock en vivo y un coro polif\u00f3nico. Esta ambiciosa producci\u00f3n musical ha sido concebida no solo como un concierto de homenaje, sino como una experiencia inmersiva de alto nivel t\u00e9cnico y art\u00edstico, dise\u00f1ada para recrear con fidelidad y potencia los pasajes m\u00e1s memorables de la c\u00e9lebre saga de animaci\u00f3n japonesa.<\/p>\n<p>&nbsp;<\/p>\n<p>La direcci\u00f3n general del proyecto est\u00e1 a cargo de Inti Flores Aruquipa, mientras que la exigente conducci\u00f3n orquestal recae sobre el maestro Andr\u00e9s Estrada Agramont. Ambos lideran un ensamble de m\u00fasicos locales dedicados a interpretar arreglos especialmente desarrollados para este formato extendido. La complejidad de la obra de Yokoyama radica en su capacidad para transitar de la sutileza de un solo de arpa o un viol\u00edn melanc\u00f3lico \u2014que evoca la tristeza y el sacrificio de los personajes\u2014 a la explosi\u00f3n sonora de las trompetas y percusiones que emulan las batallas celestiales por la protecci\u00f3n de la diosa Athena. Lograr ese equilibrio din\u00e1mico requiere una precisi\u00f3n t\u00e9cnica absoluta y una profunda comprensi\u00f3n de la narrativa visual que acompa\u00f1a a cada melod\u00eda.<\/p>\n<p>&nbsp;<\/p>\n<p>El repertorio seleccionado para estas dos veladas propone un viaje cronol\u00f3gico y emocional a trav\u00e9s de la memoria colectiva del p\u00fablico. Los asistentes podr\u00e1n rememorar desde las fanfarrias iniciales que daban la bienvenida a las batallas en el Torneo Gal\u00e1ctico, pasando por las intensas y dram\u00e1ticas melod\u00edas de las Doce Casas del Santuario, hasta las composiciones de las sagas de Asgard, Poseid\u00f3n y Hades. Cada pieza musical act\u00faa como un detonante de la nostalgia, conectando la excelencia de la ejecuci\u00f3n en vivo con los recuerdos de infancia y juventud de una audiencia diversa que abarca m\u00faltiples generaciones.<\/p>\n<p>&nbsp;<\/p>\n<p>Este tipo de propuestas demuestra c\u00f3mo la m\u00fasica orquestal puede dialogar de manera natural con las expresiones de la cultura contempor\u00e1nea y los nuevos consumos culturales. Lejos de las din\u00e1micas tradicionales de las salas de concierto, el formato sinf\u00f3nico aplicado al anime y a las bandas sonoras cinematogr\u00e1ficas ha demostrado ser un puente eficaz para acercar a nuevos p\u00fablicos a los instrumentos cl\u00e1sicos, derribando barreras culturales y etarias.<\/p>\n<p>&nbsp;<\/p>\n<p>Las entradas para este evento est\u00e1n diferenciadas seg\u00fan la mitolog\u00eda de la serie, distribuidas en los sectores Athena VIP (Bs 180), Caballeros Dorados (Bs 150), Caballeros de Plata (Bs 120) y Caballeros de Bronce (Bs 90). Con una propuesta que equilibra la fuerza del rock, la solemnidad del coro y la majestuosidad de la orquesta, \u00abSaint Seiya Sinf\u00f3nico\u00bb se perfila como una cita indispensable para los mel\u00f3manos y los seguidores del arte de la animaci\u00f3n en La Paz.<\/p>\n\r\n                <style type=\"text\/css\">\r\n                    \r\n                    #tdi_1  .td-doubleSlider-2 .td-item1 {\r\n                        background: url(https:\/\/www.eldiario.net\/portal\/wp-content\/uploads\/2026\/06\/FOTO-3-5-80x60.webp) 0 0 no-repeat;\r\n                    }\r\n                    #tdi_1  .td-doubleSlider-2 .td-item2 {\r\n                        background: url(https:\/\/www.eldiario.net\/portal\/wp-content\/uploads\/2026\/06\/FOTO-1-6-80x60.webp) 0 0 no-repeat;\r\n                    }\r\n                    #tdi_1  .td-doubleSlider-2 .td-item3 {\r\n                        background: url(https:\/\/www.eldiario.net\/portal\/wp-content\/uploads\/2026\/06\/FOTO-2-6-80x60.webp) 0 0 no-repeat;\r\n                    }\r\n                <\/style>\r\n\r\n                <div id=\"tdi_1\" class=\"td-gallery td-slide-on-2-columns\">\r\n                    <div class=\"post_td_gallery\">\r\n                        <div class=\"td-gallery-slide-top\">\r\n                           <div class=\"td-gallery-title\"><\/div>\r\n\r\n                            <div class=\"td-gallery-controls-wrapper\">\r\n                                <div class=\"td-gallery-slide-count\"><span class=\"td-gallery-slide-item-focus\">1<\/span> de 3<\/div>\r\n                                <div class=\"td-gallery-slide-prev-next-but\">\r\n                                    <i class = \"td-icon-left doubleSliderPrevButton\"><\/i>\r\n                                    <i class = \"td-icon-right doubleSliderNextButton\"><\/i>\r\n                                <\/div>\r\n                            <\/div>\r\n                        <\/div>\r\n\r\n                        <div class = \"td-doubleSlider-1 \">\r\n                            <div class = \"td-slider\">\r\n                                \r\n                    <div class = \"td-slide-item td-item1\">\r\n                        <figure class=\"td-slide-galery-figure td-slide-popup-gallery\">\r\n                            <a class=\"slide-gallery-image-link\" href=\"https:\/\/www.eldiario.net\/portal\/wp-content\/uploads\/2026\/06\/FOTO-3-5.webp\" title=\"FOTO-3\"  data-caption=\"\"  data-description=\"\">\r\n                                <img decoding=\"async\" src=\"https:\/\/www.eldiario.net\/portal\/wp-content\/uploads\/2026\/06\/FOTO-3-5-630x420.webp\" srcset=\"https:\/\/www.eldiario.net\/portal\/wp-content\/uploads\/2026\/06\/FOTO-3-5-630x420.webp 630w, https:\/\/www.eldiario.net\/portal\/wp-content\/uploads\/2026\/06\/FOTO-3-5-300x200.webp 300w, https:\/\/www.eldiario.net\/portal\/wp-content\/uploads\/2026\/06\/FOTO-3-5-1024x682.webp 1024w, https:\/\/www.eldiario.net\/portal\/wp-content\/uploads\/2026\/06\/FOTO-3-5-768x512.webp 768w, https:\/\/www.eldiario.net\/portal\/wp-content\/uploads\/2026\/06\/FOTO-3-5-150x100.webp 150w, https:\/\/www.eldiario.net\/portal\/wp-content\/uploads\/2026\/06\/FOTO-3-5-696x464.webp 696w, https:\/\/www.eldiario.net\/portal\/wp-content\/uploads\/2026\/06\/FOTO-3-5-1068x712.webp 1068w, https:\/\/www.eldiario.net\/portal\/wp-content\/uploads\/2026\/06\/FOTO-3-5.webp 1229w\" sizes=\"(max-width: 630px) 100vw, 630px\" alt=\"\">\r\n                            <\/a>\r\n                            \r\n                        <\/figure>\r\n                    <\/div>\r\n                    <div class = \"td-slide-item td-item2\">\r\n                        <figure class=\"td-slide-galery-figure td-slide-popup-gallery\">\r\n                            <a class=\"slide-gallery-image-link\" href=\"https:\/\/www.eldiario.net\/portal\/wp-content\/uploads\/2026\/06\/FOTO-1-6.webp\" title=\"FOTO-1\"  data-caption=\"\"  data-description=\"\">\r\n                                <img decoding=\"async\" src=\"https:\/\/www.eldiario.net\/portal\/wp-content\/uploads\/2026\/06\/FOTO-1-6-630x420.webp\" srcset=\"https:\/\/www.eldiario.net\/portal\/wp-content\/uploads\/2026\/06\/FOTO-1-6-630x420.webp 630w, https:\/\/www.eldiario.net\/portal\/wp-content\/uploads\/2026\/06\/FOTO-1-6-300x200.webp 300w, https:\/\/www.eldiario.net\/portal\/wp-content\/uploads\/2026\/06\/FOTO-1-6-1024x682.webp 1024w, https:\/\/www.eldiario.net\/portal\/wp-content\/uploads\/2026\/06\/FOTO-1-6-768x512.webp 768w, https:\/\/www.eldiario.net\/portal\/wp-content\/uploads\/2026\/06\/FOTO-1-6-150x100.webp 150w, https:\/\/www.eldiario.net\/portal\/wp-content\/uploads\/2026\/06\/FOTO-1-6-696x464.webp 696w, https:\/\/www.eldiario.net\/portal\/wp-content\/uploads\/2026\/06\/FOTO-1-6-1068x712.webp 1068w, https:\/\/www.eldiario.net\/portal\/wp-content\/uploads\/2026\/06\/FOTO-1-6.webp 1229w\" sizes=\"(max-width: 630px) 100vw, 630px\" alt=\"\">\r\n                            <\/a>\r\n                            \r\n                        <\/figure>\r\n                    <\/div>\r\n                    <div class = \"td-slide-item td-item3\">\r\n                        <figure class=\"td-slide-galery-figure td-slide-popup-gallery\">\r\n                            <a class=\"slide-gallery-image-link\" href=\"https:\/\/www.eldiario.net\/portal\/wp-content\/uploads\/2026\/06\/FOTO-2-6.webp\" title=\"FOTO-2\"  data-caption=\"\"  data-description=\"\">\r\n                                <img decoding=\"async\" src=\"https:\/\/www.eldiario.net\/portal\/wp-content\/uploads\/2026\/06\/FOTO-2-6-630x420.webp\" srcset=\"https:\/\/www.eldiario.net\/portal\/wp-content\/uploads\/2026\/06\/FOTO-2-6-630x420.webp 630w, https:\/\/www.eldiario.net\/portal\/wp-content\/uploads\/2026\/06\/FOTO-2-6-300x200.webp 300w, https:\/\/www.eldiario.net\/portal\/wp-content\/uploads\/2026\/06\/FOTO-2-6-1024x682.webp 1024w, https:\/\/www.eldiario.net\/portal\/wp-content\/uploads\/2026\/06\/FOTO-2-6-768x512.webp 768w, https:\/\/www.eldiario.net\/portal\/wp-content\/uploads\/2026\/06\/FOTO-2-6-150x100.webp 150w, https:\/\/www.eldiario.net\/portal\/wp-content\/uploads\/2026\/06\/FOTO-2-6-696x464.webp 696w, https:\/\/www.eldiario.net\/portal\/wp-content\/uploads\/2026\/06\/FOTO-2-6-1068x712.webp 1068w, https:\/\/www.eldiario.net\/portal\/wp-content\/uploads\/2026\/06\/FOTO-2-6.webp 1229w\" sizes=\"(max-width: 630px) 100vw, 630px\" alt=\"\">\r\n                            <\/a>\r\n                            \r\n                        <\/figure>\r\n                    <\/div>\r\n                            <\/div>\r\n                        <\/div>\r\n\r\n                        <div class = \"td-doubleSlider-2\">\r\n                            <div class = \"td-slider\">\r\n                                \r\n                    <div class = \"td-button td-item1\">\r\n                        <div class = \"td-border\"><\/div>\r\n                    <\/div>\r\n                    <div class = \"td-button td-item2\">\r\n                        <div class = \"td-border\"><\/div>\r\n                    <\/div>\r\n                    <div class = \"td-button td-item3\">\r\n                        <div class = \"td-border\"><\/div>\r\n                    <\/div>\r\n                            <\/div>\r\n                        <\/div>\r\n\r\n                    <\/div>\r\n\r\n                <\/div>\r\n                \n","protected":false},"excerpt":{"rendered":"<p>Por Susana Guti\u00e9rrez &nbsp; La m\u00fasica en el anime no es un mero fondo; es el tejido que sostiene la \u00e9pica, el drama y la nostalgia de las historias que marcaron a fuego a varias generaciones. Dentro de este vasto universo, pocas bandas sonoras poseen la fuerza m\u00edstica y el arraigo popular de Saint Seiya [&hellip;]<\/p>\n","protected":false},"author":1,"featured_media":405060,"comment_status":"closed","ping_status":"open","sticky":false,"template":"","format":"standard","meta":{"_acf_changed":false,"footnotes":""},"categories":[8],"tags":[],"class_list":["post-405058","post","type-post","status-publish","format-standard","has-post-thumbnail","category-cultural"],"acf":{"antetitulo":"Espect\u00e1culo"},"yoast_head":"<!-- This site is optimized with the Yoast SEO plugin v28.3 - https:\/\/yoast.com\/product\/yoast-seo-wordpress\/ -->\n<title>&quot;Saint Seiya Sinf\u00f3nico&quot; debuta en La Paz con despliegue de gran formato - El Diario - Bolivia<\/title>\n<meta name=\"robots\" content=\"index, follow, max-snippet:-1, max-image-preview:large, max-video-preview:-1\" \/>\n<link rel=\"canonical\" href=\"https:\/\/www.eldiario.net\/portal\/2026\/06\/19\/saint-seiya-sinfonico-debuta-en-la-paz-con-despliegue-de-gran-formato\/\" \/>\n<meta property=\"og:locale\" content=\"es_ES\" \/>\n<meta property=\"og:type\" content=\"article\" \/>\n<meta property=\"og:title\" content=\"&quot;Saint Seiya Sinf\u00f3nico&quot; debuta en La Paz con despliegue de gran formato - El Diario - Bolivia\" \/>\n<meta property=\"og:description\" content=\"Por Susana Guti\u00e9rrez &nbsp; La m\u00fasica en el anime no es un mero fondo; es el tejido que sostiene la \u00e9pica, el drama y la nostalgia de las historias que marcaron a fuego a varias generaciones. Dentro de este vasto universo, pocas bandas sonoras poseen la fuerza m\u00edstica y el arraigo popular de Saint Seiya [&hellip;]\" \/>\n<meta property=\"og:url\" content=\"https:\/\/www.eldiario.net\/portal\/2026\/06\/19\/saint-seiya-sinfonico-debuta-en-la-paz-con-despliegue-de-gran-formato\/\" \/>\n<meta property=\"og:site_name\" content=\"El Diario - Bolivia\" \/>\n<meta property=\"article:publisher\" content=\"https:\/\/www.facebook.com\/eldiario.bolivia\/\" \/>\n<meta property=\"article:published_time\" content=\"2026-06-19T04:05:54+00:00\" \/>\n<meta property=\"og:image\" content=\"https:\/\/www.eldiario.net\/portal\/wp-content\/uploads\/2026\/06\/FOTO-1-6.webp\" \/>\n\t<meta property=\"og:image:width\" content=\"1229\" \/>\n\t<meta property=\"og:image:height\" content=\"819\" \/>\n\t<meta property=\"og:image:type\" content=\"image\/webp\" \/>\n<meta name=\"author\" content=\"Jeanette\" \/>\n<meta name=\"twitter:card\" content=\"summary_large_image\" \/>\n<meta name=\"twitter:creator\" content=\"@eldiario_net\" \/>\n<meta name=\"twitter:site\" content=\"@eldiario_net\" \/>\n<meta name=\"twitter:label1\" content=\"Escrito por\" \/>\n\t<meta name=\"twitter:data1\" content=\"Jeanette\" \/>\n\t<meta name=\"twitter:label2\" content=\"Tiempo de lectura\" \/>\n\t<meta name=\"twitter:data2\" content=\"4 minutos\" \/>\n<script type=\"application\/ld+json\" class=\"yoast-schema-graph\">{\"@context\":\"https:\\\/\\\/schema.org\",\"@graph\":[{\"@type\":\"Article\",\"@id\":\"https:\\\/\\\/www.eldiario.net\\\/portal\\\/2026\\\/06\\\/19\\\/saint-seiya-sinfonico-debuta-en-la-paz-con-despliegue-de-gran-formato\\\/#article\",\"isPartOf\":{\"@id\":\"https:\\\/\\\/www.eldiario.net\\\/portal\\\/2026\\\/06\\\/19\\\/saint-seiya-sinfonico-debuta-en-la-paz-con-despliegue-de-gran-formato\\\/\"},\"author\":{\"name\":\"Jeanette\",\"@id\":\"https:\\\/\\\/www.eldiario.net\\\/portal\\\/#\\\/schema\\\/person\\\/f46445640444750d7d753ccd04ae01b7\"},\"headline\":\"\u00abSaint Seiya Sinf\u00f3nico\u00bb debuta en La Paz con despliegue de gran formato\",\"datePublished\":\"2026-06-19T04:05:54+00:00\",\"mainEntityOfPage\":{\"@id\":\"https:\\\/\\\/www.eldiario.net\\\/portal\\\/2026\\\/06\\\/19\\\/saint-seiya-sinfonico-debuta-en-la-paz-con-despliegue-de-gran-formato\\\/\"},\"wordCount\":692,\"publisher\":{\"@id\":\"https:\\\/\\\/www.eldiario.net\\\/portal\\\/#organization\"},\"image\":{\"@id\":\"https:\\\/\\\/www.eldiario.net\\\/portal\\\/2026\\\/06\\\/19\\\/saint-seiya-sinfonico-debuta-en-la-paz-con-despliegue-de-gran-formato\\\/#primaryimage\"},\"thumbnailUrl\":\"https:\\\/\\\/www.eldiario.net\\\/portal\\\/wp-content\\\/uploads\\\/2026\\\/06\\\/FOTO-1-6.webp\",\"articleSection\":[\"Cultural\"],\"inLanguage\":\"es\"},{\"@type\":\"WebPage\",\"@id\":\"https:\\\/\\\/www.eldiario.net\\\/portal\\\/2026\\\/06\\\/19\\\/saint-seiya-sinfonico-debuta-en-la-paz-con-despliegue-de-gran-formato\\\/\",\"url\":\"https:\\\/\\\/www.eldiario.net\\\/portal\\\/2026\\\/06\\\/19\\\/saint-seiya-sinfonico-debuta-en-la-paz-con-despliegue-de-gran-formato\\\/\",\"name\":\"\\\"Saint Seiya Sinf\u00f3nico\\\" debuta en La Paz con despliegue de gran formato - El Diario - Bolivia\",\"isPartOf\":{\"@id\":\"https:\\\/\\\/www.eldiario.net\\\/portal\\\/#website\"},\"primaryImageOfPage\":{\"@id\":\"https:\\\/\\\/www.eldiario.net\\\/portal\\\/2026\\\/06\\\/19\\\/saint-seiya-sinfonico-debuta-en-la-paz-con-despliegue-de-gran-formato\\\/#primaryimage\"},\"image\":{\"@id\":\"https:\\\/\\\/www.eldiario.net\\\/portal\\\/2026\\\/06\\\/19\\\/saint-seiya-sinfonico-debuta-en-la-paz-con-despliegue-de-gran-formato\\\/#primaryimage\"},\"thumbnailUrl\":\"https:\\\/\\\/www.eldiario.net\\\/portal\\\/wp-content\\\/uploads\\\/2026\\\/06\\\/FOTO-1-6.webp\",\"datePublished\":\"2026-06-19T04:05:54+00:00\",\"breadcrumb\":{\"@id\":\"https:\\\/\\\/www.eldiario.net\\\/portal\\\/2026\\\/06\\\/19\\\/saint-seiya-sinfonico-debuta-en-la-paz-con-despliegue-de-gran-formato\\\/#breadcrumb\"},\"inLanguage\":\"es\",\"potentialAction\":[{\"@type\":\"ReadAction\",\"target\":[\"https:\\\/\\\/www.eldiario.net\\\/portal\\\/2026\\\/06\\\/19\\\/saint-seiya-sinfonico-debuta-en-la-paz-con-despliegue-de-gran-formato\\\/\"]}]},{\"@type\":\"ImageObject\",\"inLanguage\":\"es\",\"@id\":\"https:\\\/\\\/www.eldiario.net\\\/portal\\\/2026\\\/06\\\/19\\\/saint-seiya-sinfonico-debuta-en-la-paz-con-despliegue-de-gran-formato\\\/#primaryimage\",\"url\":\"https:\\\/\\\/www.eldiario.net\\\/portal\\\/wp-content\\\/uploads\\\/2026\\\/06\\\/FOTO-1-6.webp\",\"contentUrl\":\"https:\\\/\\\/www.eldiario.net\\\/portal\\\/wp-content\\\/uploads\\\/2026\\\/06\\\/FOTO-1-6.webp\",\"width\":1229,\"height\":819},{\"@type\":\"BreadcrumbList\",\"@id\":\"https:\\\/\\\/www.eldiario.net\\\/portal\\\/2026\\\/06\\\/19\\\/saint-seiya-sinfonico-debuta-en-la-paz-con-despliegue-de-gran-formato\\\/#breadcrumb\",\"itemListElement\":[{\"@type\":\"ListItem\",\"position\":1,\"name\":\"Portada\",\"item\":\"https:\\\/\\\/www.eldiario.net\\\/portal\\\/\"},{\"@type\":\"ListItem\",\"position\":2,\"name\":\"\u00abSaint Seiya Sinf\u00f3nico\u00bb debuta en La Paz con despliegue de gran formato\"}]},{\"@type\":\"WebSite\",\"@id\":\"https:\\\/\\\/www.eldiario.net\\\/portal\\\/#website\",\"url\":\"https:\\\/\\\/www.eldiario.net\\\/portal\\\/\",\"name\":\"El Diario - Decano de la prensa nacional\",\"description\":\"El Diario - Decano de la prensa nacional\",\"publisher\":{\"@id\":\"https:\\\/\\\/www.eldiario.net\\\/portal\\\/#organization\"},\"potentialAction\":[{\"@type\":\"SearchAction\",\"target\":{\"@type\":\"EntryPoint\",\"urlTemplate\":\"https:\\\/\\\/www.eldiario.net\\\/portal\\\/?s={search_term_string}\"},\"query-input\":{\"@type\":\"PropertyValueSpecification\",\"valueRequired\":true,\"valueName\":\"search_term_string\"}}],\"inLanguage\":\"es\"},{\"@type\":\"Organization\",\"@id\":\"https:\\\/\\\/www.eldiario.net\\\/portal\\\/#organization\",\"name\":\"El Diario - Decano de la prensa nacional\",\"url\":\"https:\\\/\\\/www.eldiario.net\\\/portal\\\/\",\"logo\":{\"@type\":\"ImageObject\",\"inLanguage\":\"es\",\"@id\":\"https:\\\/\\\/www.eldiario.net\\\/portal\\\/#\\\/schema\\\/logo\\\/image\\\/\",\"url\":\"https:\\\/\\\/www.eldiario.net\\\/portal\\\/wp-content\\\/uploads\\\/2023\\\/07\\\/logo_ED.jpg\",\"contentUrl\":\"https:\\\/\\\/www.eldiario.net\\\/portal\\\/wp-content\\\/uploads\\\/2023\\\/07\\\/logo_ED.jpg\",\"width\":272,\"height\":52,\"caption\":\"El Diario - Decano de la prensa nacional\"},\"image\":{\"@id\":\"https:\\\/\\\/www.eldiario.net\\\/portal\\\/#\\\/schema\\\/logo\\\/image\\\/\"},\"sameAs\":[\"https:\\\/\\\/www.facebook.com\\\/eldiario.bolivia\\\/\",\"https:\\\/\\\/x.com\\\/eldiario_net\"]},{\"@type\":\"Person\",\"@id\":\"https:\\\/\\\/www.eldiario.net\\\/portal\\\/#\\\/schema\\\/person\\\/f46445640444750d7d753ccd04ae01b7\",\"name\":\"Jeanette\",\"image\":{\"@type\":\"ImageObject\",\"inLanguage\":\"es\",\"@id\":\"https:\\\/\\\/secure.gravatar.com\\\/avatar\\\/3ea2118a5f7dad2b7138b1187a6b7ee55f160b9968b66013c3a3ef39dd7e5798?s=96&d=mm&r=g\",\"url\":\"https:\\\/\\\/secure.gravatar.com\\\/avatar\\\/3ea2118a5f7dad2b7138b1187a6b7ee55f160b9968b66013c3a3ef39dd7e5798?s=96&d=mm&r=g\",\"contentUrl\":\"https:\\\/\\\/secure.gravatar.com\\\/avatar\\\/3ea2118a5f7dad2b7138b1187a6b7ee55f160b9968b66013c3a3ef39dd7e5798?s=96&d=mm&r=g\",\"caption\":\"Jeanette\"},\"sameAs\":[\"https:\\\/\\\/www.eldiario.net\\\/portal\"],\"url\":\"https:\\\/\\\/www.eldiario.net\\\/portal\\\/author\\\/jeanette\\\/\"}]}<\/script>\n<!-- \/ Yoast SEO plugin. -->","yoast_head_json":{"title":"\"Saint Seiya Sinf\u00f3nico\" debuta en La Paz con despliegue de gran formato - El Diario - Bolivia","robots":{"index":"index","follow":"follow","max-snippet":"max-snippet:-1","max-image-preview":"max-image-preview:large","max-video-preview":"max-video-preview:-1"},"canonical":"https:\/\/www.eldiario.net\/portal\/2026\/06\/19\/saint-seiya-sinfonico-debuta-en-la-paz-con-despliegue-de-gran-formato\/","og_locale":"es_ES","og_type":"article","og_title":"\"Saint Seiya Sinf\u00f3nico\" debuta en La Paz con despliegue de gran formato - El Diario - Bolivia","og_description":"Por Susana Guti\u00e9rrez &nbsp; La m\u00fasica en el anime no es un mero fondo; es el tejido que sostiene la \u00e9pica, el drama y la nostalgia de las historias que marcaron a fuego a varias generaciones. Dentro de este vasto universo, pocas bandas sonoras poseen la fuerza m\u00edstica y el arraigo popular de Saint Seiya [&hellip;]","og_url":"https:\/\/www.eldiario.net\/portal\/2026\/06\/19\/saint-seiya-sinfonico-debuta-en-la-paz-con-despliegue-de-gran-formato\/","og_site_name":"El Diario - Bolivia","article_publisher":"https:\/\/www.facebook.com\/eldiario.bolivia\/","article_published_time":"2026-06-19T04:05:54+00:00","og_image":[{"width":1229,"height":819,"url":"https:\/\/www.eldiario.net\/portal\/wp-content\/uploads\/2026\/06\/FOTO-1-6.webp","type":"image\/webp"}],"author":"Jeanette","twitter_card":"summary_large_image","twitter_creator":"@eldiario_net","twitter_site":"@eldiario_net","twitter_misc":{"Escrito por":"Jeanette","Tiempo de lectura":"4 minutos"},"schema":{"@context":"https:\/\/schema.org","@graph":[{"@type":"Article","@id":"https:\/\/www.eldiario.net\/portal\/2026\/06\/19\/saint-seiya-sinfonico-debuta-en-la-paz-con-despliegue-de-gran-formato\/#article","isPartOf":{"@id":"https:\/\/www.eldiario.net\/portal\/2026\/06\/19\/saint-seiya-sinfonico-debuta-en-la-paz-con-despliegue-de-gran-formato\/"},"author":{"name":"Jeanette","@id":"https:\/\/www.eldiario.net\/portal\/#\/schema\/person\/f46445640444750d7d753ccd04ae01b7"},"headline":"\u00abSaint Seiya Sinf\u00f3nico\u00bb debuta en La Paz con despliegue de gran formato","datePublished":"2026-06-19T04:05:54+00:00","mainEntityOfPage":{"@id":"https:\/\/www.eldiario.net\/portal\/2026\/06\/19\/saint-seiya-sinfonico-debuta-en-la-paz-con-despliegue-de-gran-formato\/"},"wordCount":692,"publisher":{"@id":"https:\/\/www.eldiario.net\/portal\/#organization"},"image":{"@id":"https:\/\/www.eldiario.net\/portal\/2026\/06\/19\/saint-seiya-sinfonico-debuta-en-la-paz-con-despliegue-de-gran-formato\/#primaryimage"},"thumbnailUrl":"https:\/\/www.eldiario.net\/portal\/wp-content\/uploads\/2026\/06\/FOTO-1-6.webp","articleSection":["Cultural"],"inLanguage":"es"},{"@type":"WebPage","@id":"https:\/\/www.eldiario.net\/portal\/2026\/06\/19\/saint-seiya-sinfonico-debuta-en-la-paz-con-despliegue-de-gran-formato\/","url":"https:\/\/www.eldiario.net\/portal\/2026\/06\/19\/saint-seiya-sinfonico-debuta-en-la-paz-con-despliegue-de-gran-formato\/","name":"\"Saint Seiya Sinf\u00f3nico\" debuta en La Paz con despliegue de gran formato - El Diario - Bolivia","isPartOf":{"@id":"https:\/\/www.eldiario.net\/portal\/#website"},"primaryImageOfPage":{"@id":"https:\/\/www.eldiario.net\/portal\/2026\/06\/19\/saint-seiya-sinfonico-debuta-en-la-paz-con-despliegue-de-gran-formato\/#primaryimage"},"image":{"@id":"https:\/\/www.eldiario.net\/portal\/2026\/06\/19\/saint-seiya-sinfonico-debuta-en-la-paz-con-despliegue-de-gran-formato\/#primaryimage"},"thumbnailUrl":"https:\/\/www.eldiario.net\/portal\/wp-content\/uploads\/2026\/06\/FOTO-1-6.webp","datePublished":"2026-06-19T04:05:54+00:00","breadcrumb":{"@id":"https:\/\/www.eldiario.net\/portal\/2026\/06\/19\/saint-seiya-sinfonico-debuta-en-la-paz-con-despliegue-de-gran-formato\/#breadcrumb"},"inLanguage":"es","potentialAction":[{"@type":"ReadAction","target":["https:\/\/www.eldiario.net\/portal\/2026\/06\/19\/saint-seiya-sinfonico-debuta-en-la-paz-con-despliegue-de-gran-formato\/"]}]},{"@type":"ImageObject","inLanguage":"es","@id":"https:\/\/www.eldiario.net\/portal\/2026\/06\/19\/saint-seiya-sinfonico-debuta-en-la-paz-con-despliegue-de-gran-formato\/#primaryimage","url":"https:\/\/www.eldiario.net\/portal\/wp-content\/uploads\/2026\/06\/FOTO-1-6.webp","contentUrl":"https:\/\/www.eldiario.net\/portal\/wp-content\/uploads\/2026\/06\/FOTO-1-6.webp","width":1229,"height":819},{"@type":"BreadcrumbList","@id":"https:\/\/www.eldiario.net\/portal\/2026\/06\/19\/saint-seiya-sinfonico-debuta-en-la-paz-con-despliegue-de-gran-formato\/#breadcrumb","itemListElement":[{"@type":"ListItem","position":1,"name":"Portada","item":"https:\/\/www.eldiario.net\/portal\/"},{"@type":"ListItem","position":2,"name":"\u00abSaint Seiya Sinf\u00f3nico\u00bb debuta en La Paz con despliegue de gran formato"}]},{"@type":"WebSite","@id":"https:\/\/www.eldiario.net\/portal\/#website","url":"https:\/\/www.eldiario.net\/portal\/","name":"El Diario - Decano de la prensa nacional","description":"El Diario - Decano de la prensa nacional","publisher":{"@id":"https:\/\/www.eldiario.net\/portal\/#organization"},"potentialAction":[{"@type":"SearchAction","target":{"@type":"EntryPoint","urlTemplate":"https:\/\/www.eldiario.net\/portal\/?s={search_term_string}"},"query-input":{"@type":"PropertyValueSpecification","valueRequired":true,"valueName":"search_term_string"}}],"inLanguage":"es"},{"@type":"Organization","@id":"https:\/\/www.eldiario.net\/portal\/#organization","name":"El Diario - Decano de la prensa nacional","url":"https:\/\/www.eldiario.net\/portal\/","logo":{"@type":"ImageObject","inLanguage":"es","@id":"https:\/\/www.eldiario.net\/portal\/#\/schema\/logo\/image\/","url":"https:\/\/www.eldiario.net\/portal\/wp-content\/uploads\/2023\/07\/logo_ED.jpg","contentUrl":"https:\/\/www.eldiario.net\/portal\/wp-content\/uploads\/2023\/07\/logo_ED.jpg","width":272,"height":52,"caption":"El Diario - Decano de la prensa nacional"},"image":{"@id":"https:\/\/www.eldiario.net\/portal\/#\/schema\/logo\/image\/"},"sameAs":["https:\/\/www.facebook.com\/eldiario.bolivia\/","https:\/\/x.com\/eldiario_net"]},{"@type":"Person","@id":"https:\/\/www.eldiario.net\/portal\/#\/schema\/person\/f46445640444750d7d753ccd04ae01b7","name":"Jeanette","image":{"@type":"ImageObject","inLanguage":"es","@id":"https:\/\/secure.gravatar.com\/avatar\/3ea2118a5f7dad2b7138b1187a6b7ee55f160b9968b66013c3a3ef39dd7e5798?s=96&d=mm&r=g","url":"https:\/\/secure.gravatar.com\/avatar\/3ea2118a5f7dad2b7138b1187a6b7ee55f160b9968b66013c3a3ef39dd7e5798?s=96&d=mm&r=g","contentUrl":"https:\/\/secure.gravatar.com\/avatar\/3ea2118a5f7dad2b7138b1187a6b7ee55f160b9968b66013c3a3ef39dd7e5798?s=96&d=mm&r=g","caption":"Jeanette"},"sameAs":["https:\/\/www.eldiario.net\/portal"],"url":"https:\/\/www.eldiario.net\/portal\/author\/jeanette\/"}]}},"_links":{"self":[{"href":"https:\/\/www.eldiario.net\/portal\/wp-json\/wp\/v2\/posts\/405058","targetHints":{"allow":["GET"]}}],"collection":[{"href":"https:\/\/www.eldiario.net\/portal\/wp-json\/wp\/v2\/posts"}],"about":[{"href":"https:\/\/www.eldiario.net\/portal\/wp-json\/wp\/v2\/types\/post"}],"author":[{"embeddable":true,"href":"https:\/\/www.eldiario.net\/portal\/wp-json\/wp\/v2\/users\/1"}],"replies":[{"embeddable":true,"href":"https:\/\/www.eldiario.net\/portal\/wp-json\/wp\/v2\/comments?post=405058"}],"version-history":[{"count":1,"href":"https:\/\/www.eldiario.net\/portal\/wp-json\/wp\/v2\/posts\/405058\/revisions"}],"predecessor-version":[{"id":405062,"href":"https:\/\/www.eldiario.net\/portal\/wp-json\/wp\/v2\/posts\/405058\/revisions\/405062"}],"wp:featuredmedia":[{"embeddable":true,"href":"https:\/\/www.eldiario.net\/portal\/wp-json\/wp\/v2\/media\/405060"}],"wp:attachment":[{"href":"https:\/\/www.eldiario.net\/portal\/wp-json\/wp\/v2\/media?parent=405058"}],"wp:term":[{"taxonomy":"category","embeddable":true,"href":"https:\/\/www.eldiario.net\/portal\/wp-json\/wp\/v2\/categories?post=405058"},{"taxonomy":"post_tag","embeddable":true,"href":"https:\/\/www.eldiario.net\/portal\/wp-json\/wp\/v2\/tags?post=405058"}],"curies":[{"name":"wp","href":"https:\/\/api.w.org\/{rel}","templated":true}]}}