{"id":405040,"date":"2026-06-19T00:02:56","date_gmt":"2026-06-19T04:02:56","guid":{"rendered":"https:\/\/www.eldiario.net\/portal\/?p=405040"},"modified":"2026-06-18T20:53:57","modified_gmt":"2026-06-19T00:53:57","slug":"inti-activa-brigada-de-apoyo-alimentario","status":"publish","type":"post","link":"https:\/\/www.eldiario.net\/portal\/2026\/06\/19\/inti-activa-brigada-de-apoyo-alimentario\/","title":{"rendered":"INTI activa brigada de apoyo alimentario"},"content":{"rendered":"<p>En respuesta a las recientes restricciones de circulaci\u00f3n y bloqueos que complican el abastecimiento en la ciudad, INTI moviliz\u00f3 una importante ayuda alimentaria en beneficio de ocho instituciones vulnerables de La Paz y El Alto. La donaci\u00f3n de aproximadamente 1.500 pollos asegur\u00f3 la preparaci\u00f3n de al menos 12.000 raciones destinadas a ni\u00f1os, pacientes, adultos mayores y familias de escasos recursos.<br \/>\nLa entrega abarc\u00f3 centros con alta demanda de atenci\u00f3n diaria como la Fundaci\u00f3n Arco Iris, el Hospital del Ni\u00f1o, el Hospital Materno Infantil, el Comedor San Calixto, el Asilo San Ram\u00f3n y la Sociedad San Jos\u00e9. Adem\u00e1s, el apoyo se extendi\u00f3 a colaboradores de la firma y al albergue de animales SOS Bolivia.<br \/>\n\u201cEn medio de las dificultades que atraviesa nuestra ciudad, quisimos brindar un apoyo real a quienes m\u00e1s lo necesitan. Esta donaci\u00f3n es tambi\u00e9n una forma de reconocer la extraordinaria labor de quienes trabajan cada d\u00eda en hospitales, centros de salud, comedores y asilos, con compromiso y vocaci\u00f3n de servicio. Creemos que los momentos dif\u00edciles son una oportunidad para unirnos y apoyarnos como sociedad\u201d, se\u00f1al\u00f3 Hugo De Grandchant, gerente General de INTI.<br \/>\nCon este despliegue, la farmac\u00e9utica boliviana \u2014que genera m\u00e1s de 1.100 empleos directos en el pa\u00eds\u2014 reafirma su brazo social mitigando de forma inmediata la escasez de insumos b\u00e1sicos en las entidades de primera l\u00ednea.<\/p>\n\r\n                <style type=\"text\/css\">\r\n                    \r\n                    #tdi_1  .td-doubleSlider-2 .td-item1 {\r\n                        background: url(https:\/\/www.eldiario.net\/portal\/wp-content\/uploads\/2026\/06\/Sociedad-San-Jose-80x60.webp) 0 0 no-repeat;\r\n                    }\r\n                    #tdi_1  .td-doubleSlider-2 .td-item2 {\r\n                        background: url(https:\/\/www.eldiario.net\/portal\/wp-content\/uploads\/2026\/06\/Asilo-San-Ramon-80x60.webp) 0 0 no-repeat;\r\n                    }\r\n                    #tdi_1  .td-doubleSlider-2 .td-item3 {\r\n                        background: url(https:\/\/www.eldiario.net\/portal\/wp-content\/uploads\/2026\/06\/Comedor-San-Calixto-80x60.webp) 0 0 no-repeat;\r\n                    }\r\n                    #tdi_1  .td-doubleSlider-2 .td-item4 {\r\n                        background: url(https:\/\/www.eldiario.net\/portal\/wp-content\/uploads\/2026\/06\/Fundacion-Arco-Iris-80x60.webp) 0 0 no-repeat;\r\n                    }\r\n                    #tdi_1  .td-doubleSlider-2 .td-item5 {\r\n                        background: url(https:\/\/www.eldiario.net\/portal\/wp-content\/uploads\/2026\/06\/Hogar-Maria-Reina-de-La-Paz-80x60.webp) 0 0 no-repeat;\r\n                    }\r\n                <\/style>\r\n\r\n                <div id=\"tdi_1\" class=\"td-gallery td-slide-on-2-columns\">\r\n                    <div class=\"post_td_gallery\">\r\n                        <div class=\"td-gallery-slide-top\">\r\n                           <div class=\"td-gallery-title\"><\/div>\r\n\r\n                            <div class=\"td-gallery-controls-wrapper\">\r\n                                <div class=\"td-gallery-slide-count\"><span class=\"td-gallery-slide-item-focus\">1<\/span> de 5<\/div>\r\n                                <div class=\"td-gallery-slide-prev-next-but\">\r\n                                    <i class = \"td-icon-left doubleSliderPrevButton\"><\/i>\r\n                                    <i class = \"td-icon-right doubleSliderNextButton\"><\/i>\r\n                                <\/div>\r\n                            <\/div>\r\n                        <\/div>\r\n\r\n                        <div class = \"td-doubleSlider-1 \">\r\n                            <div class = \"td-slider\">\r\n                                \r\n                    <div class = \"td-slide-item td-item1\">\r\n                        <figure class=\"td-slide-galery-figure td-slide-popup-gallery\">\r\n                            <a class=\"slide-gallery-image-link\" href=\"https:\/\/www.eldiario.net\/portal\/wp-content\/uploads\/2026\/06\/Sociedad-San-Jose.webp\" title=\"Sociedad-San-Jose\"  data-caption=\"\"  data-description=\"\">\r\n                                <img decoding=\"async\" src=\"https:\/\/www.eldiario.net\/portal\/wp-content\/uploads\/2026\/06\/Sociedad-San-Jose-560x420.webp\" srcset=\"https:\/\/www.eldiario.net\/portal\/wp-content\/uploads\/2026\/06\/Sociedad-San-Jose-560x420.webp 560w, https:\/\/www.eldiario.net\/portal\/wp-content\/uploads\/2026\/06\/Sociedad-San-Jose-300x225.webp 300w, https:\/\/www.eldiario.net\/portal\/wp-content\/uploads\/2026\/06\/Sociedad-San-Jose-1024x768.webp 1024w, https:\/\/www.eldiario.net\/portal\/wp-content\/uploads\/2026\/06\/Sociedad-San-Jose-768x576.webp 768w, https:\/\/www.eldiario.net\/portal\/wp-content\/uploads\/2026\/06\/Sociedad-San-Jose-80x60.webp 80w, https:\/\/www.eldiario.net\/portal\/wp-content\/uploads\/2026\/06\/Sociedad-San-Jose-150x113.webp 150w, https:\/\/www.eldiario.net\/portal\/wp-content\/uploads\/2026\/06\/Sociedad-San-Jose-696x522.webp 696w, https:\/\/www.eldiario.net\/portal\/wp-content\/uploads\/2026\/06\/Sociedad-San-Jose-1068x801.webp 1068w, https:\/\/www.eldiario.net\/portal\/wp-content\/uploads\/2026\/06\/Sociedad-San-Jose.webp 1200w\" sizes=\"(max-width: 560px) 100vw, 560px\" alt=\"\">\r\n                            <\/a>\r\n                            \r\n                        <\/figure>\r\n                    <\/div>\r\n                    <div class = \"td-slide-item td-item2\">\r\n                        <figure class=\"td-slide-galery-figure td-slide-popup-gallery\">\r\n                            <a class=\"slide-gallery-image-link\" href=\"https:\/\/www.eldiario.net\/portal\/wp-content\/uploads\/2026\/06\/Asilo-San-Ramon.webp\" title=\"Asilo-San-Ramon\"  data-caption=\"HUGO DE \nGRANDCHANT, GERENTE GENERAL DE INTI (DERECHA), DURANTE SU VISITA AL HOGAR SAN RAM\u00d3N.\"  data-description=\"HUGO DE \nGRANDCHANT, GERENTE GENERAL DE INTI (DERECHA), DURANTE SU VISITA AL HOGAR SAN RAM&Oacute;N.\">\r\n                                <img decoding=\"async\" src=\"https:\/\/www.eldiario.net\/portal\/wp-content\/uploads\/2026\/06\/Asilo-San-Ramon-560x420.webp\" srcset=\"https:\/\/www.eldiario.net\/portal\/wp-content\/uploads\/2026\/06\/Asilo-San-Ramon-560x420.webp 560w, https:\/\/www.eldiario.net\/portal\/wp-content\/uploads\/2026\/06\/Asilo-San-Ramon-300x225.webp 300w, https:\/\/www.eldiario.net\/portal\/wp-content\/uploads\/2026\/06\/Asilo-San-Ramon-1024x768.webp 1024w, https:\/\/www.eldiario.net\/portal\/wp-content\/uploads\/2026\/06\/Asilo-San-Ramon-768x576.webp 768w, https:\/\/www.eldiario.net\/portal\/wp-content\/uploads\/2026\/06\/Asilo-San-Ramon-80x60.webp 80w, https:\/\/www.eldiario.net\/portal\/wp-content\/uploads\/2026\/06\/Asilo-San-Ramon-150x113.webp 150w, https:\/\/www.eldiario.net\/portal\/wp-content\/uploads\/2026\/06\/Asilo-San-Ramon-696x522.webp 696w, https:\/\/www.eldiario.net\/portal\/wp-content\/uploads\/2026\/06\/Asilo-San-Ramon-1068x801.webp 1068w, https:\/\/www.eldiario.net\/portal\/wp-content\/uploads\/2026\/06\/Asilo-San-Ramon.webp 1200w\" sizes=\"(max-width: 560px) 100vw, 560px\" alt=\"\">\r\n                            <\/a>\r\n                            <figcaption class = \"td-slide-caption td-gallery-slide-content\"><div class = \"td-gallery-slide-copywrite\">HUGO DE \nGRANDCHANT, GERENTE GENERAL DE INTI (DERECHA), DURANTE SU VISITA AL HOGAR SAN RAM\u00d3N.<\/div><span>HUGO DE \nGRANDCHANT, GERENTE GENERAL DE INTI (DERECHA), DURANTE SU VISITA AL HOGAR SAN RAM\u00d3N.<\/span><\/figcaption>\r\n                        <\/figure>\r\n                    <\/div>\r\n                    <div class = \"td-slide-item td-item3\">\r\n                        <figure class=\"td-slide-galery-figure td-slide-popup-gallery\">\r\n                            <a class=\"slide-gallery-image-link\" href=\"https:\/\/www.eldiario.net\/portal\/wp-content\/uploads\/2026\/06\/Comedor-San-Calixto.webp\" title=\"Comedor-San-Calixto\"  data-caption=\"Comedor San Calixto.\"  data-description=\"Comedor San Calixto.\">\r\n                                <img decoding=\"async\" src=\"https:\/\/www.eldiario.net\/portal\/wp-content\/uploads\/2026\/06\/Comedor-San-Calixto-747x420.webp\" srcset=\"https:\/\/www.eldiario.net\/portal\/wp-content\/uploads\/2026\/06\/Comedor-San-Calixto-747x420.webp 747w, https:\/\/www.eldiario.net\/portal\/wp-content\/uploads\/2026\/06\/Comedor-San-Calixto-300x169.webp 300w, https:\/\/www.eldiario.net\/portal\/wp-content\/uploads\/2026\/06\/Comedor-San-Calixto-1024x576.webp 1024w, https:\/\/www.eldiario.net\/portal\/wp-content\/uploads\/2026\/06\/Comedor-San-Calixto-768x432.webp 768w, https:\/\/www.eldiario.net\/portal\/wp-content\/uploads\/2026\/06\/Comedor-San-Calixto-150x84.webp 150w, https:\/\/www.eldiario.net\/portal\/wp-content\/uploads\/2026\/06\/Comedor-San-Calixto-696x392.webp 696w, https:\/\/www.eldiario.net\/portal\/wp-content\/uploads\/2026\/06\/Comedor-San-Calixto-1068x601.webp 1068w, https:\/\/www.eldiario.net\/portal\/wp-content\/uploads\/2026\/06\/Comedor-San-Calixto.webp 1280w\" sizes=\"(max-width: 747px) 100vw, 747px\" alt=\"\">\r\n                            <\/a>\r\n                            <figcaption class = \"td-slide-caption td-gallery-slide-content\"><div class = \"td-gallery-slide-copywrite\">Comedor San Calixto.<\/div><span>Comedor San Calixto.<\/span><\/figcaption>\r\n                        <\/figure>\r\n                    <\/div>\r\n                    <div class = \"td-slide-item td-item4\">\r\n                        <figure class=\"td-slide-galery-figure td-slide-popup-gallery\">\r\n                            <a class=\"slide-gallery-image-link\" href=\"https:\/\/www.eldiario.net\/portal\/wp-content\/uploads\/2026\/06\/Fundacion-Arco-Iris.webp\" title=\"Fundaci\u00f3n-Arco-Iris\"  data-caption=\"Fundaci\u00f3n Arco Iris.\"  data-description=\"Fundaci&oacute;n Arco Iris.\">\r\n                                <img decoding=\"async\" src=\"https:\/\/www.eldiario.net\/portal\/wp-content\/uploads\/2026\/06\/Fundacion-Arco-Iris-254x420.webp\" srcset=\"https:\/\/www.eldiario.net\/portal\/wp-content\/uploads\/2026\/06\/Fundacion-Arco-Iris-254x420.webp 254w, https:\/\/www.eldiario.net\/portal\/wp-content\/uploads\/2026\/06\/Fundacion-Arco-Iris-181x300.webp 181w, https:\/\/www.eldiario.net\/portal\/wp-content\/uploads\/2026\/06\/Fundacion-Arco-Iris-619x1024.webp 619w, https:\/\/www.eldiario.net\/portal\/wp-content\/uploads\/2026\/06\/Fundacion-Arco-Iris-150x248.webp 150w, https:\/\/www.eldiario.net\/portal\/wp-content\/uploads\/2026\/06\/Fundacion-Arco-Iris-300x496.webp 300w, https:\/\/www.eldiario.net\/portal\/wp-content\/uploads\/2026\/06\/Fundacion-Arco-Iris.webp 682w\" sizes=\"(max-width: 254px) 100vw, 254px\" alt=\"\">\r\n                            <\/a>\r\n                            <figcaption class = \"td-slide-caption td-gallery-slide-content\"><div class = \"td-gallery-slide-copywrite\">Fundaci\u00f3n Arco Iris.<\/div><span>Fundaci\u00f3n Arco Iris.<\/span><\/figcaption>\r\n                        <\/figure>\r\n                    <\/div>\r\n                    <div class = \"td-slide-item td-item5\">\r\n                        <figure class=\"td-slide-galery-figure td-slide-popup-gallery\">\r\n                            <a class=\"slide-gallery-image-link\" href=\"https:\/\/www.eldiario.net\/portal\/wp-content\/uploads\/2026\/06\/Hogar-Maria-Reina-de-La-Paz.webp\" title=\"Hogar-Maria-Reina-de-La-Paz\"  data-caption=\"HOGAR MARIA REINA DE LA PAZ.\"  data-description=\"HOGAR MARIA REINA DE LA PAZ.\">\r\n                                <img decoding=\"async\" src=\"https:\/\/www.eldiario.net\/portal\/wp-content\/uploads\/2026\/06\/Hogar-Maria-Reina-de-La-Paz-416x420.webp\" srcset=\"https:\/\/www.eldiario.net\/portal\/wp-content\/uploads\/2026\/06\/Hogar-Maria-Reina-de-La-Paz-416x420.webp 416w, https:\/\/www.eldiario.net\/portal\/wp-content\/uploads\/2026\/06\/Hogar-Maria-Reina-de-La-Paz-297x300.webp 297w, https:\/\/www.eldiario.net\/portal\/wp-content\/uploads\/2026\/06\/Hogar-Maria-Reina-de-La-Paz-150x152.webp 150w, https:\/\/www.eldiario.net\/portal\/wp-content\/uploads\/2026\/06\/Hogar-Maria-Reina-de-La-Paz-768x776.webp 768w, https:\/\/www.eldiario.net\/portal\/wp-content\/uploads\/2026\/06\/Hogar-Maria-Reina-de-La-Paz-300x303.webp 300w, https:\/\/www.eldiario.net\/portal\/wp-content\/uploads\/2026\/06\/Hogar-Maria-Reina-de-La-Paz-696x703.webp 696w, https:\/\/www.eldiario.net\/portal\/wp-content\/uploads\/2026\/06\/Hogar-Maria-Reina-de-La-Paz.webp 864w\" sizes=\"(max-width: 416px) 100vw, 416px\" alt=\"\">\r\n                            <\/a>\r\n                            <figcaption class = \"td-slide-caption td-gallery-slide-content\"><div class = \"td-gallery-slide-copywrite\">HOGAR MARIA REINA DE LA PAZ.<\/div><span>HOGAR MARIA REINA DE LA PAZ.<\/span><\/figcaption>\r\n                        <\/figure>\r\n                    <\/div>\r\n                            <\/div>\r\n                        <\/div>\r\n\r\n                        <div class = \"td-doubleSlider-2\">\r\n                            <div class = \"td-slider\">\r\n                                \r\n                    <div class = \"td-button td-item1\">\r\n                        <div class = \"td-border\"><\/div>\r\n                    <\/div>\r\n                    <div class = \"td-button td-item2\">\r\n                        <div class = \"td-border\"><\/div>\r\n                    <\/div>\r\n                    <div class = \"td-button td-item3\">\r\n                        <div class = \"td-border\"><\/div>\r\n                    <\/div>\r\n                    <div class = \"td-button td-item4\">\r\n                        <div class = \"td-border\"><\/div>\r\n                    <\/div>\r\n                    <div class = \"td-button td-item5\">\r\n                        <div class = \"td-border\"><\/div>\r\n                    <\/div>\r\n                            <\/div>\r\n                        <\/div>\r\n\r\n                    <\/div>\r\n\r\n                <\/div>\r\n                \n","protected":false},"excerpt":{"rendered":"<p>En respuesta a las recientes restricciones de circulaci\u00f3n y bloqueos que complican el abastecimiento en la ciudad, INTI moviliz\u00f3 una importante ayuda alimentaria en beneficio de ocho instituciones vulnerables de La Paz y El Alto. La donaci\u00f3n de aproximadamente 1.500 pollos asegur\u00f3 la preparaci\u00f3n de al menos 12.000 raciones destinadas a ni\u00f1os, pacientes, adultos mayores [&hellip;]<\/p>\n","protected":false},"author":1,"featured_media":405042,"comment_status":"closed","ping_status":"open","sticky":false,"template":"","format":"standard","meta":{"_acf_changed":false,"footnotes":""},"categories":[40],"tags":[],"class_list":["post-405040","post","type-post","status-publish","format-standard","has-post-thumbnail","category-sociales"],"acf":{"antetitulo":""},"yoast_head":"<!-- This site is optimized with the Yoast SEO plugin v28.3 - https:\/\/yoast.com\/product\/yoast-seo-wordpress\/ -->\n<title>INTI activa brigada de apoyo alimentario - El Diario - Bolivia<\/title>\n<meta name=\"robots\" content=\"index, follow, max-snippet:-1, max-image-preview:large, max-video-preview:-1\" \/>\n<link rel=\"canonical\" href=\"https:\/\/www.eldiario.net\/portal\/2026\/06\/19\/inti-activa-brigada-de-apoyo-alimentario\/\" \/>\n<meta property=\"og:locale\" content=\"es_ES\" \/>\n<meta property=\"og:type\" content=\"article\" \/>\n<meta property=\"og:title\" content=\"INTI activa brigada de apoyo alimentario - El Diario - Bolivia\" \/>\n<meta property=\"og:description\" content=\"En respuesta a las recientes restricciones de circulaci\u00f3n y bloqueos que complican el abastecimiento en la ciudad, INTI moviliz\u00f3 una importante ayuda alimentaria en beneficio de ocho instituciones vulnerables de La Paz y El Alto. La donaci\u00f3n de aproximadamente 1.500 pollos asegur\u00f3 la preparaci\u00f3n de al menos 12.000 raciones destinadas a ni\u00f1os, pacientes, adultos mayores [&hellip;]\" \/>\n<meta property=\"og:url\" content=\"https:\/\/www.eldiario.net\/portal\/2026\/06\/19\/inti-activa-brigada-de-apoyo-alimentario\/\" \/>\n<meta property=\"og:site_name\" content=\"El Diario - Bolivia\" \/>\n<meta property=\"article:publisher\" content=\"https:\/\/www.facebook.com\/eldiario.bolivia\/\" \/>\n<meta property=\"article:published_time\" content=\"2026-06-19T04:02:56+00:00\" \/>\n<meta property=\"og:image\" content=\"https:\/\/www.eldiario.net\/portal\/wp-content\/uploads\/2026\/06\/Asilo-San-Ramon.webp\" \/>\n\t<meta property=\"og:image:width\" content=\"1200\" \/>\n\t<meta property=\"og:image:height\" content=\"900\" \/>\n\t<meta property=\"og:image:type\" content=\"image\/webp\" \/>\n<meta name=\"author\" content=\"Jeanette\" \/>\n<meta name=\"twitter:card\" content=\"summary_large_image\" \/>\n<meta name=\"twitter:creator\" content=\"@eldiario_net\" \/>\n<meta name=\"twitter:site\" content=\"@eldiario_net\" \/>\n<meta name=\"twitter:label1\" content=\"Escrito por\" \/>\n\t<meta name=\"twitter:data1\" content=\"Jeanette\" \/>\n\t<meta name=\"twitter:label2\" content=\"Tiempo de lectura\" \/>\n\t<meta name=\"twitter:data2\" content=\"2 minutos\" \/>\n<script type=\"application\/ld+json\" class=\"yoast-schema-graph\">{\"@context\":\"https:\\\/\\\/schema.org\",\"@graph\":[{\"@type\":\"Article\",\"@id\":\"https:\\\/\\\/www.eldiario.net\\\/portal\\\/2026\\\/06\\\/19\\\/inti-activa-brigada-de-apoyo-alimentario\\\/#article\",\"isPartOf\":{\"@id\":\"https:\\\/\\\/www.eldiario.net\\\/portal\\\/2026\\\/06\\\/19\\\/inti-activa-brigada-de-apoyo-alimentario\\\/\"},\"author\":{\"name\":\"Jeanette\",\"@id\":\"https:\\\/\\\/www.eldiario.net\\\/portal\\\/#\\\/schema\\\/person\\\/f46445640444750d7d753ccd04ae01b7\"},\"headline\":\"INTI activa brigada de apoyo alimentario\",\"datePublished\":\"2026-06-19T04:02:56+00:00\",\"mainEntityOfPage\":{\"@id\":\"https:\\\/\\\/www.eldiario.net\\\/portal\\\/2026\\\/06\\\/19\\\/inti-activa-brigada-de-apoyo-alimentario\\\/\"},\"wordCount\":252,\"publisher\":{\"@id\":\"https:\\\/\\\/www.eldiario.net\\\/portal\\\/#organization\"},\"image\":{\"@id\":\"https:\\\/\\\/www.eldiario.net\\\/portal\\\/2026\\\/06\\\/19\\\/inti-activa-brigada-de-apoyo-alimentario\\\/#primaryimage\"},\"thumbnailUrl\":\"https:\\\/\\\/www.eldiario.net\\\/portal\\\/wp-content\\\/uploads\\\/2026\\\/06\\\/Asilo-San-Ramon.webp\",\"articleSection\":[\"Sociales\"],\"inLanguage\":\"es\"},{\"@type\":\"WebPage\",\"@id\":\"https:\\\/\\\/www.eldiario.net\\\/portal\\\/2026\\\/06\\\/19\\\/inti-activa-brigada-de-apoyo-alimentario\\\/\",\"url\":\"https:\\\/\\\/www.eldiario.net\\\/portal\\\/2026\\\/06\\\/19\\\/inti-activa-brigada-de-apoyo-alimentario\\\/\",\"name\":\"INTI activa brigada de apoyo alimentario - El Diario - Bolivia\",\"isPartOf\":{\"@id\":\"https:\\\/\\\/www.eldiario.net\\\/portal\\\/#website\"},\"primaryImageOfPage\":{\"@id\":\"https:\\\/\\\/www.eldiario.net\\\/portal\\\/2026\\\/06\\\/19\\\/inti-activa-brigada-de-apoyo-alimentario\\\/#primaryimage\"},\"image\":{\"@id\":\"https:\\\/\\\/www.eldiario.net\\\/portal\\\/2026\\\/06\\\/19\\\/inti-activa-brigada-de-apoyo-alimentario\\\/#primaryimage\"},\"thumbnailUrl\":\"https:\\\/\\\/www.eldiario.net\\\/portal\\\/wp-content\\\/uploads\\\/2026\\\/06\\\/Asilo-San-Ramon.webp\",\"datePublished\":\"2026-06-19T04:02:56+00:00\",\"breadcrumb\":{\"@id\":\"https:\\\/\\\/www.eldiario.net\\\/portal\\\/2026\\\/06\\\/19\\\/inti-activa-brigada-de-apoyo-alimentario\\\/#breadcrumb\"},\"inLanguage\":\"es\",\"potentialAction\":[{\"@type\":\"ReadAction\",\"target\":[\"https:\\\/\\\/www.eldiario.net\\\/portal\\\/2026\\\/06\\\/19\\\/inti-activa-brigada-de-apoyo-alimentario\\\/\"]}]},{\"@type\":\"ImageObject\",\"inLanguage\":\"es\",\"@id\":\"https:\\\/\\\/www.eldiario.net\\\/portal\\\/2026\\\/06\\\/19\\\/inti-activa-brigada-de-apoyo-alimentario\\\/#primaryimage\",\"url\":\"https:\\\/\\\/www.eldiario.net\\\/portal\\\/wp-content\\\/uploads\\\/2026\\\/06\\\/Asilo-San-Ramon.webp\",\"contentUrl\":\"https:\\\/\\\/www.eldiario.net\\\/portal\\\/wp-content\\\/uploads\\\/2026\\\/06\\\/Asilo-San-Ramon.webp\",\"width\":1200,\"height\":900,\"caption\":\"HUGO DE GRANDCHANT, GERENTE GENERAL DE INTI (DERECHA), DURANTE SU VISITA AL HOGAR SAN RAM\u00d3N.\"},{\"@type\":\"BreadcrumbList\",\"@id\":\"https:\\\/\\\/www.eldiario.net\\\/portal\\\/2026\\\/06\\\/19\\\/inti-activa-brigada-de-apoyo-alimentario\\\/#breadcrumb\",\"itemListElement\":[{\"@type\":\"ListItem\",\"position\":1,\"name\":\"Portada\",\"item\":\"https:\\\/\\\/www.eldiario.net\\\/portal\\\/\"},{\"@type\":\"ListItem\",\"position\":2,\"name\":\"INTI activa brigada de apoyo alimentario\"}]},{\"@type\":\"WebSite\",\"@id\":\"https:\\\/\\\/www.eldiario.net\\\/portal\\\/#website\",\"url\":\"https:\\\/\\\/www.eldiario.net\\\/portal\\\/\",\"name\":\"El Diario - Decano de la prensa nacional\",\"description\":\"El Diario - Decano de la prensa nacional\",\"publisher\":{\"@id\":\"https:\\\/\\\/www.eldiario.net\\\/portal\\\/#organization\"},\"potentialAction\":[{\"@type\":\"SearchAction\",\"target\":{\"@type\":\"EntryPoint\",\"urlTemplate\":\"https:\\\/\\\/www.eldiario.net\\\/portal\\\/?s={search_term_string}\"},\"query-input\":{\"@type\":\"PropertyValueSpecification\",\"valueRequired\":true,\"valueName\":\"search_term_string\"}}],\"inLanguage\":\"es\"},{\"@type\":\"Organization\",\"@id\":\"https:\\\/\\\/www.eldiario.net\\\/portal\\\/#organization\",\"name\":\"El Diario - Decano de la prensa nacional\",\"url\":\"https:\\\/\\\/www.eldiario.net\\\/portal\\\/\",\"logo\":{\"@type\":\"ImageObject\",\"inLanguage\":\"es\",\"@id\":\"https:\\\/\\\/www.eldiario.net\\\/portal\\\/#\\\/schema\\\/logo\\\/image\\\/\",\"url\":\"https:\\\/\\\/www.eldiario.net\\\/portal\\\/wp-content\\\/uploads\\\/2023\\\/07\\\/logo_ED.jpg\",\"contentUrl\":\"https:\\\/\\\/www.eldiario.net\\\/portal\\\/wp-content\\\/uploads\\\/2023\\\/07\\\/logo_ED.jpg\",\"width\":272,\"height\":52,\"caption\":\"El Diario - Decano de la prensa nacional\"},\"image\":{\"@id\":\"https:\\\/\\\/www.eldiario.net\\\/portal\\\/#\\\/schema\\\/logo\\\/image\\\/\"},\"sameAs\":[\"https:\\\/\\\/www.facebook.com\\\/eldiario.bolivia\\\/\",\"https:\\\/\\\/x.com\\\/eldiario_net\"]},{\"@type\":\"Person\",\"@id\":\"https:\\\/\\\/www.eldiario.net\\\/portal\\\/#\\\/schema\\\/person\\\/f46445640444750d7d753ccd04ae01b7\",\"name\":\"Jeanette\",\"image\":{\"@type\":\"ImageObject\",\"inLanguage\":\"es\",\"@id\":\"https:\\\/\\\/secure.gravatar.com\\\/avatar\\\/3ea2118a5f7dad2b7138b1187a6b7ee55f160b9968b66013c3a3ef39dd7e5798?s=96&d=mm&r=g\",\"url\":\"https:\\\/\\\/secure.gravatar.com\\\/avatar\\\/3ea2118a5f7dad2b7138b1187a6b7ee55f160b9968b66013c3a3ef39dd7e5798?s=96&d=mm&r=g\",\"contentUrl\":\"https:\\\/\\\/secure.gravatar.com\\\/avatar\\\/3ea2118a5f7dad2b7138b1187a6b7ee55f160b9968b66013c3a3ef39dd7e5798?s=96&d=mm&r=g\",\"caption\":\"Jeanette\"},\"sameAs\":[\"https:\\\/\\\/www.eldiario.net\\\/portal\"],\"url\":\"https:\\\/\\\/www.eldiario.net\\\/portal\\\/author\\\/jeanette\\\/\"}]}<\/script>\n<!-- \/ Yoast SEO plugin. -->","yoast_head_json":{"title":"INTI activa brigada de apoyo alimentario - El Diario - Bolivia","robots":{"index":"index","follow":"follow","max-snippet":"max-snippet:-1","max-image-preview":"max-image-preview:large","max-video-preview":"max-video-preview:-1"},"canonical":"https:\/\/www.eldiario.net\/portal\/2026\/06\/19\/inti-activa-brigada-de-apoyo-alimentario\/","og_locale":"es_ES","og_type":"article","og_title":"INTI activa brigada de apoyo alimentario - El Diario - Bolivia","og_description":"En respuesta a las recientes restricciones de circulaci\u00f3n y bloqueos que complican el abastecimiento en la ciudad, INTI moviliz\u00f3 una importante ayuda alimentaria en beneficio de ocho instituciones vulnerables de La Paz y El Alto. La donaci\u00f3n de aproximadamente 1.500 pollos asegur\u00f3 la preparaci\u00f3n de al menos 12.000 raciones destinadas a ni\u00f1os, pacientes, adultos mayores [&hellip;]","og_url":"https:\/\/www.eldiario.net\/portal\/2026\/06\/19\/inti-activa-brigada-de-apoyo-alimentario\/","og_site_name":"El Diario - Bolivia","article_publisher":"https:\/\/www.facebook.com\/eldiario.bolivia\/","article_published_time":"2026-06-19T04:02:56+00:00","og_image":[{"width":1200,"height":900,"url":"https:\/\/www.eldiario.net\/portal\/wp-content\/uploads\/2026\/06\/Asilo-San-Ramon.webp","type":"image\/webp"}],"author":"Jeanette","twitter_card":"summary_large_image","twitter_creator":"@eldiario_net","twitter_site":"@eldiario_net","twitter_misc":{"Escrito por":"Jeanette","Tiempo de lectura":"2 minutos"},"schema":{"@context":"https:\/\/schema.org","@graph":[{"@type":"Article","@id":"https:\/\/www.eldiario.net\/portal\/2026\/06\/19\/inti-activa-brigada-de-apoyo-alimentario\/#article","isPartOf":{"@id":"https:\/\/www.eldiario.net\/portal\/2026\/06\/19\/inti-activa-brigada-de-apoyo-alimentario\/"},"author":{"name":"Jeanette","@id":"https:\/\/www.eldiario.net\/portal\/#\/schema\/person\/f46445640444750d7d753ccd04ae01b7"},"headline":"INTI activa brigada de apoyo alimentario","datePublished":"2026-06-19T04:02:56+00:00","mainEntityOfPage":{"@id":"https:\/\/www.eldiario.net\/portal\/2026\/06\/19\/inti-activa-brigada-de-apoyo-alimentario\/"},"wordCount":252,"publisher":{"@id":"https:\/\/www.eldiario.net\/portal\/#organization"},"image":{"@id":"https:\/\/www.eldiario.net\/portal\/2026\/06\/19\/inti-activa-brigada-de-apoyo-alimentario\/#primaryimage"},"thumbnailUrl":"https:\/\/www.eldiario.net\/portal\/wp-content\/uploads\/2026\/06\/Asilo-San-Ramon.webp","articleSection":["Sociales"],"inLanguage":"es"},{"@type":"WebPage","@id":"https:\/\/www.eldiario.net\/portal\/2026\/06\/19\/inti-activa-brigada-de-apoyo-alimentario\/","url":"https:\/\/www.eldiario.net\/portal\/2026\/06\/19\/inti-activa-brigada-de-apoyo-alimentario\/","name":"INTI activa brigada de apoyo alimentario - El Diario - Bolivia","isPartOf":{"@id":"https:\/\/www.eldiario.net\/portal\/#website"},"primaryImageOfPage":{"@id":"https:\/\/www.eldiario.net\/portal\/2026\/06\/19\/inti-activa-brigada-de-apoyo-alimentario\/#primaryimage"},"image":{"@id":"https:\/\/www.eldiario.net\/portal\/2026\/06\/19\/inti-activa-brigada-de-apoyo-alimentario\/#primaryimage"},"thumbnailUrl":"https:\/\/www.eldiario.net\/portal\/wp-content\/uploads\/2026\/06\/Asilo-San-Ramon.webp","datePublished":"2026-06-19T04:02:56+00:00","breadcrumb":{"@id":"https:\/\/www.eldiario.net\/portal\/2026\/06\/19\/inti-activa-brigada-de-apoyo-alimentario\/#breadcrumb"},"inLanguage":"es","potentialAction":[{"@type":"ReadAction","target":["https:\/\/www.eldiario.net\/portal\/2026\/06\/19\/inti-activa-brigada-de-apoyo-alimentario\/"]}]},{"@type":"ImageObject","inLanguage":"es","@id":"https:\/\/www.eldiario.net\/portal\/2026\/06\/19\/inti-activa-brigada-de-apoyo-alimentario\/#primaryimage","url":"https:\/\/www.eldiario.net\/portal\/wp-content\/uploads\/2026\/06\/Asilo-San-Ramon.webp","contentUrl":"https:\/\/www.eldiario.net\/portal\/wp-content\/uploads\/2026\/06\/Asilo-San-Ramon.webp","width":1200,"height":900,"caption":"HUGO DE GRANDCHANT, GERENTE GENERAL DE INTI (DERECHA), DURANTE SU VISITA AL HOGAR SAN RAM\u00d3N."},{"@type":"BreadcrumbList","@id":"https:\/\/www.eldiario.net\/portal\/2026\/06\/19\/inti-activa-brigada-de-apoyo-alimentario\/#breadcrumb","itemListElement":[{"@type":"ListItem","position":1,"name":"Portada","item":"https:\/\/www.eldiario.net\/portal\/"},{"@type":"ListItem","position":2,"name":"INTI activa brigada de apoyo alimentario"}]},{"@type":"WebSite","@id":"https:\/\/www.eldiario.net\/portal\/#website","url":"https:\/\/www.eldiario.net\/portal\/","name":"El Diario - Decano de la prensa nacional","description":"El Diario - Decano de la prensa nacional","publisher":{"@id":"https:\/\/www.eldiario.net\/portal\/#organization"},"potentialAction":[{"@type":"SearchAction","target":{"@type":"EntryPoint","urlTemplate":"https:\/\/www.eldiario.net\/portal\/?s={search_term_string}"},"query-input":{"@type":"PropertyValueSpecification","valueRequired":true,"valueName":"search_term_string"}}],"inLanguage":"es"},{"@type":"Organization","@id":"https:\/\/www.eldiario.net\/portal\/#organization","name":"El Diario - Decano de la prensa nacional","url":"https:\/\/www.eldiario.net\/portal\/","logo":{"@type":"ImageObject","inLanguage":"es","@id":"https:\/\/www.eldiario.net\/portal\/#\/schema\/logo\/image\/","url":"https:\/\/www.eldiario.net\/portal\/wp-content\/uploads\/2023\/07\/logo_ED.jpg","contentUrl":"https:\/\/www.eldiario.net\/portal\/wp-content\/uploads\/2023\/07\/logo_ED.jpg","width":272,"height":52,"caption":"El Diario - Decano de la prensa nacional"},"image":{"@id":"https:\/\/www.eldiario.net\/portal\/#\/schema\/logo\/image\/"},"sameAs":["https:\/\/www.facebook.com\/eldiario.bolivia\/","https:\/\/x.com\/eldiario_net"]},{"@type":"Person","@id":"https:\/\/www.eldiario.net\/portal\/#\/schema\/person\/f46445640444750d7d753ccd04ae01b7","name":"Jeanette","image":{"@type":"ImageObject","inLanguage":"es","@id":"https:\/\/secure.gravatar.com\/avatar\/3ea2118a5f7dad2b7138b1187a6b7ee55f160b9968b66013c3a3ef39dd7e5798?s=96&d=mm&r=g","url":"https:\/\/secure.gravatar.com\/avatar\/3ea2118a5f7dad2b7138b1187a6b7ee55f160b9968b66013c3a3ef39dd7e5798?s=96&d=mm&r=g","contentUrl":"https:\/\/secure.gravatar.com\/avatar\/3ea2118a5f7dad2b7138b1187a6b7ee55f160b9968b66013c3a3ef39dd7e5798?s=96&d=mm&r=g","caption":"Jeanette"},"sameAs":["https:\/\/www.eldiario.net\/portal"],"url":"https:\/\/www.eldiario.net\/portal\/author\/jeanette\/"}]}},"_links":{"self":[{"href":"https:\/\/www.eldiario.net\/portal\/wp-json\/wp\/v2\/posts\/405040","targetHints":{"allow":["GET"]}}],"collection":[{"href":"https:\/\/www.eldiario.net\/portal\/wp-json\/wp\/v2\/posts"}],"about":[{"href":"https:\/\/www.eldiario.net\/portal\/wp-json\/wp\/v2\/types\/post"}],"author":[{"embeddable":true,"href":"https:\/\/www.eldiario.net\/portal\/wp-json\/wp\/v2\/users\/1"}],"replies":[{"embeddable":true,"href":"https:\/\/www.eldiario.net\/portal\/wp-json\/wp\/v2\/comments?post=405040"}],"version-history":[{"count":1,"href":"https:\/\/www.eldiario.net\/portal\/wp-json\/wp\/v2\/posts\/405040\/revisions"}],"predecessor-version":[{"id":405046,"href":"https:\/\/www.eldiario.net\/portal\/wp-json\/wp\/v2\/posts\/405040\/revisions\/405046"}],"wp:featuredmedia":[{"embeddable":true,"href":"https:\/\/www.eldiario.net\/portal\/wp-json\/wp\/v2\/media\/405042"}],"wp:attachment":[{"href":"https:\/\/www.eldiario.net\/portal\/wp-json\/wp\/v2\/media?parent=405040"}],"wp:term":[{"taxonomy":"category","embeddable":true,"href":"https:\/\/www.eldiario.net\/portal\/wp-json\/wp\/v2\/categories?post=405040"},{"taxonomy":"post_tag","embeddable":true,"href":"https:\/\/www.eldiario.net\/portal\/wp-json\/wp\/v2\/tags?post=405040"}],"curies":[{"name":"wp","href":"https:\/\/api.w.org\/{rel}","templated":true}]}}