{"id":405033,"date":"2026-06-18T19:23:52","date_gmt":"2026-06-18T23:23:52","guid":{"rendered":"https:\/\/www.eldiario.net\/portal\/?p=405033"},"modified":"2026-06-18T19:23:52","modified_gmt":"2026-06-18T23:23:52","slug":"cuba-diaz-canel-admite-fallas-internas-y-aprueba-gran-reforma-economica-1923","status":"publish","type":"post","link":"https:\/\/www.eldiario.net\/portal\/2026\/06\/18\/cuba-diaz-canel-admite-fallas-internas-y-aprueba-gran-reforma-economica-1923\/","title":{"rendered":"Cuba: D\u00edaz-Canel admite fallas internas y aprueba gran reforma econ\u00f3mica (19:23)"},"content":{"rendered":"<p>La Asamblea Nacional de Cuba ratific\u00f3 un hist\u00f3rico paquete de reformas econ\u00f3micas impulsado de urgencia por el Partido Comunista para frenar la peor crisis en d\u00e9cadas.<\/p>\n<p>Por primera vez, el dictador Miguel D\u00edaz-Canel reconoci\u00f3 que la par\u00e1lisis tiene causas internas como la burocracia y la lentitud normativa, rompiendo el discurso oficial que culpaba \u00fanicamente al embargo estadounidense.<\/p>\n<p>El plan busca emular los modelos de China y Vietnam al descentralizar las empresas estatales \u2014que controlan el 80% de la actividad\u2014, recortar ministerios, eliminar subsidios generalizados y permitir, de forma in\u00e9dita, que los cubanos residentes en el exterior inviertan en la isla en igualdad de condiciones.<\/p>\n<p data-path-to-node=\"2\">La celeridad de las medidas responde a una fuerte contracci\u00f3n econ\u00f3mica y al descontento social por apagones de hasta 30 horas derivados del bloqueo petrolero de Washington.<\/p>\n<p>La reforma intenta reanimar la producci\u00f3n agr\u00edcola y el comercio exterior en un escenario de escasez cr\u00edtica de alimentos y medicinas. (Agencias)<\/p>\n","protected":false},"excerpt":{"rendered":"<p>La Asamblea Nacional de Cuba ratific\u00f3 un hist\u00f3rico paquete de reformas econ\u00f3micas impulsado de urgencia por el Partido Comunista para frenar la peor crisis en d\u00e9cadas. Por primera vez, el dictador Miguel D\u00edaz-Canel reconoci\u00f3 que la par\u00e1lisis tiene causas internas como la burocracia y la lentitud normativa, rompiendo el discurso oficial que culpaba \u00fanicamente al [&hellip;]<\/p>\n","protected":false},"author":7,"featured_media":405034,"comment_status":"closed","ping_status":"open","sticky":false,"template":"","format":"standard","meta":{"_acf_changed":false,"footnotes":""},"categories":[51],"tags":[],"class_list":["post-405033","post","type-post","status-publish","format-standard","has-post-thumbnail","category-ultima-hora"],"acf":{"antetitulo":""},"yoast_head":"<!-- This site is optimized with the Yoast SEO plugin v28.3 - https:\/\/yoast.com\/product\/yoast-seo-wordpress\/ -->\n<title>Cuba: D\u00edaz-Canel admite fallas internas y aprueba gran reforma econ\u00f3mica (19:23) - El Diario - Bolivia<\/title>\n<meta name=\"robots\" content=\"index, follow, max-snippet:-1, max-image-preview:large, max-video-preview:-1\" \/>\n<link rel=\"canonical\" href=\"https:\/\/www.eldiario.net\/portal\/2026\/06\/18\/cuba-diaz-canel-admite-fallas-internas-y-aprueba-gran-reforma-economica-1923\/\" \/>\n<meta property=\"og:locale\" content=\"es_ES\" \/>\n<meta property=\"og:type\" content=\"article\" \/>\n<meta property=\"og:title\" content=\"Cuba: D\u00edaz-Canel admite fallas internas y aprueba gran reforma econ\u00f3mica (19:23) - El Diario - Bolivia\" \/>\n<meta property=\"og:description\" content=\"La Asamblea Nacional de Cuba ratific\u00f3 un hist\u00f3rico paquete de reformas econ\u00f3micas impulsado de urgencia por el Partido Comunista para frenar la peor crisis en d\u00e9cadas. Por primera vez, el dictador Miguel D\u00edaz-Canel reconoci\u00f3 que la par\u00e1lisis tiene causas internas como la burocracia y la lentitud normativa, rompiendo el discurso oficial que culpaba \u00fanicamente al [&hellip;]\" \/>\n<meta property=\"og:url\" content=\"https:\/\/www.eldiario.net\/portal\/2026\/06\/18\/cuba-diaz-canel-admite-fallas-internas-y-aprueba-gran-reforma-economica-1923\/\" \/>\n<meta property=\"og:site_name\" content=\"El Diario - Bolivia\" \/>\n<meta property=\"article:publisher\" content=\"https:\/\/www.facebook.com\/eldiario.bolivia\/\" \/>\n<meta property=\"article:published_time\" content=\"2026-06-18T23:23:52+00:00\" \/>\n<meta property=\"og:image\" content=\"https:\/\/www.eldiario.net\/portal\/wp-content\/uploads\/2026\/06\/cuba-18.06.26-copia.webp\" \/>\n\t<meta property=\"og:image:width\" content=\"520\" \/>\n\t<meta property=\"og:image:height\" content=\"322\" \/>\n\t<meta property=\"og:image:type\" content=\"image\/webp\" \/>\n<meta name=\"author\" content=\"Viviana Monrroy\" \/>\n<meta name=\"twitter:card\" content=\"summary_large_image\" \/>\n<meta name=\"twitter:creator\" content=\"@eldiario_net\" \/>\n<meta name=\"twitter:site\" content=\"@eldiario_net\" \/>\n<meta name=\"twitter:label1\" content=\"Escrito por\" \/>\n\t<meta name=\"twitter:data1\" content=\"Viviana Monrroy\" \/>\n\t<meta name=\"twitter:label2\" content=\"Tiempo de lectura\" \/>\n\t<meta name=\"twitter:data2\" content=\"1 minuto\" \/>\n<script type=\"application\/ld+json\" class=\"yoast-schema-graph\">{\"@context\":\"https:\\\/\\\/schema.org\",\"@graph\":[{\"@type\":\"Article\",\"@id\":\"https:\\\/\\\/www.eldiario.net\\\/portal\\\/2026\\\/06\\\/18\\\/cuba-diaz-canel-admite-fallas-internas-y-aprueba-gran-reforma-economica-1923\\\/#article\",\"isPartOf\":{\"@id\":\"https:\\\/\\\/www.eldiario.net\\\/portal\\\/2026\\\/06\\\/18\\\/cuba-diaz-canel-admite-fallas-internas-y-aprueba-gran-reforma-economica-1923\\\/\"},\"author\":{\"name\":\"Viviana Monrroy\",\"@id\":\"https:\\\/\\\/www.eldiario.net\\\/portal\\\/#\\\/schema\\\/person\\\/ba370d92d160f4d3574381f6d9b78fab\"},\"headline\":\"Cuba: D\u00edaz-Canel admite fallas internas y aprueba gran reforma econ\u00f3mica (19:23)\",\"datePublished\":\"2026-06-18T23:23:52+00:00\",\"mainEntityOfPage\":{\"@id\":\"https:\\\/\\\/www.eldiario.net\\\/portal\\\/2026\\\/06\\\/18\\\/cuba-diaz-canel-admite-fallas-internas-y-aprueba-gran-reforma-economica-1923\\\/\"},\"wordCount\":174,\"publisher\":{\"@id\":\"https:\\\/\\\/www.eldiario.net\\\/portal\\\/#organization\"},\"image\":{\"@id\":\"https:\\\/\\\/www.eldiario.net\\\/portal\\\/2026\\\/06\\\/18\\\/cuba-diaz-canel-admite-fallas-internas-y-aprueba-gran-reforma-economica-1923\\\/#primaryimage\"},\"thumbnailUrl\":\"https:\\\/\\\/www.eldiario.net\\\/portal\\\/wp-content\\\/uploads\\\/2026\\\/06\\\/cuba-18.06.26-copia.webp\",\"articleSection\":[\"\u00daltima Hora\"],\"inLanguage\":\"es\"},{\"@type\":\"WebPage\",\"@id\":\"https:\\\/\\\/www.eldiario.net\\\/portal\\\/2026\\\/06\\\/18\\\/cuba-diaz-canel-admite-fallas-internas-y-aprueba-gran-reforma-economica-1923\\\/\",\"url\":\"https:\\\/\\\/www.eldiario.net\\\/portal\\\/2026\\\/06\\\/18\\\/cuba-diaz-canel-admite-fallas-internas-y-aprueba-gran-reforma-economica-1923\\\/\",\"name\":\"Cuba: D\u00edaz-Canel admite fallas internas y aprueba gran reforma econ\u00f3mica (19:23) - El Diario - Bolivia\",\"isPartOf\":{\"@id\":\"https:\\\/\\\/www.eldiario.net\\\/portal\\\/#website\"},\"primaryImageOfPage\":{\"@id\":\"https:\\\/\\\/www.eldiario.net\\\/portal\\\/2026\\\/06\\\/18\\\/cuba-diaz-canel-admite-fallas-internas-y-aprueba-gran-reforma-economica-1923\\\/#primaryimage\"},\"image\":{\"@id\":\"https:\\\/\\\/www.eldiario.net\\\/portal\\\/2026\\\/06\\\/18\\\/cuba-diaz-canel-admite-fallas-internas-y-aprueba-gran-reforma-economica-1923\\\/#primaryimage\"},\"thumbnailUrl\":\"https:\\\/\\\/www.eldiario.net\\\/portal\\\/wp-content\\\/uploads\\\/2026\\\/06\\\/cuba-18.06.26-copia.webp\",\"datePublished\":\"2026-06-18T23:23:52+00:00\",\"breadcrumb\":{\"@id\":\"https:\\\/\\\/www.eldiario.net\\\/portal\\\/2026\\\/06\\\/18\\\/cuba-diaz-canel-admite-fallas-internas-y-aprueba-gran-reforma-economica-1923\\\/#breadcrumb\"},\"inLanguage\":\"es\",\"potentialAction\":[{\"@type\":\"ReadAction\",\"target\":[\"https:\\\/\\\/www.eldiario.net\\\/portal\\\/2026\\\/06\\\/18\\\/cuba-diaz-canel-admite-fallas-internas-y-aprueba-gran-reforma-economica-1923\\\/\"]}]},{\"@type\":\"ImageObject\",\"inLanguage\":\"es\",\"@id\":\"https:\\\/\\\/www.eldiario.net\\\/portal\\\/2026\\\/06\\\/18\\\/cuba-diaz-canel-admite-fallas-internas-y-aprueba-gran-reforma-economica-1923\\\/#primaryimage\",\"url\":\"https:\\\/\\\/www.eldiario.net\\\/portal\\\/wp-content\\\/uploads\\\/2026\\\/06\\\/cuba-18.06.26-copia.webp\",\"contentUrl\":\"https:\\\/\\\/www.eldiario.net\\\/portal\\\/wp-content\\\/uploads\\\/2026\\\/06\\\/cuba-18.06.26-copia.webp\",\"width\":520,\"height\":322,\"caption\":\"Foto: Sesi\u00f3n Extraordinaria de la Asamblea Nacional del Poder Popular.\"},{\"@type\":\"BreadcrumbList\",\"@id\":\"https:\\\/\\\/www.eldiario.net\\\/portal\\\/2026\\\/06\\\/18\\\/cuba-diaz-canel-admite-fallas-internas-y-aprueba-gran-reforma-economica-1923\\\/#breadcrumb\",\"itemListElement\":[{\"@type\":\"ListItem\",\"position\":1,\"name\":\"Portada\",\"item\":\"https:\\\/\\\/www.eldiario.net\\\/portal\\\/\"},{\"@type\":\"ListItem\",\"position\":2,\"name\":\"Cuba: D\u00edaz-Canel admite fallas internas y aprueba gran reforma econ\u00f3mica (19:23)\"}]},{\"@type\":\"WebSite\",\"@id\":\"https:\\\/\\\/www.eldiario.net\\\/portal\\\/#website\",\"url\":\"https:\\\/\\\/www.eldiario.net\\\/portal\\\/\",\"name\":\"El Diario - Decano de la prensa nacional\",\"description\":\"El Diario - Decano de la prensa nacional\",\"publisher\":{\"@id\":\"https:\\\/\\\/www.eldiario.net\\\/portal\\\/#organization\"},\"potentialAction\":[{\"@type\":\"SearchAction\",\"target\":{\"@type\":\"EntryPoint\",\"urlTemplate\":\"https:\\\/\\\/www.eldiario.net\\\/portal\\\/?s={search_term_string}\"},\"query-input\":{\"@type\":\"PropertyValueSpecification\",\"valueRequired\":true,\"valueName\":\"search_term_string\"}}],\"inLanguage\":\"es\"},{\"@type\":\"Organization\",\"@id\":\"https:\\\/\\\/www.eldiario.net\\\/portal\\\/#organization\",\"name\":\"El Diario - Decano de la prensa nacional\",\"url\":\"https:\\\/\\\/www.eldiario.net\\\/portal\\\/\",\"logo\":{\"@type\":\"ImageObject\",\"inLanguage\":\"es\",\"@id\":\"https:\\\/\\\/www.eldiario.net\\\/portal\\\/#\\\/schema\\\/logo\\\/image\\\/\",\"url\":\"https:\\\/\\\/www.eldiario.net\\\/portal\\\/wp-content\\\/uploads\\\/2023\\\/07\\\/logo_ED.jpg\",\"contentUrl\":\"https:\\\/\\\/www.eldiario.net\\\/portal\\\/wp-content\\\/uploads\\\/2023\\\/07\\\/logo_ED.jpg\",\"width\":272,\"height\":52,\"caption\":\"El Diario - Decano de la prensa nacional\"},\"image\":{\"@id\":\"https:\\\/\\\/www.eldiario.net\\\/portal\\\/#\\\/schema\\\/logo\\\/image\\\/\"},\"sameAs\":[\"https:\\\/\\\/www.facebook.com\\\/eldiario.bolivia\\\/\",\"https:\\\/\\\/x.com\\\/eldiario_net\"]},{\"@type\":\"Person\",\"@id\":\"https:\\\/\\\/www.eldiario.net\\\/portal\\\/#\\\/schema\\\/person\\\/ba370d92d160f4d3574381f6d9b78fab\",\"name\":\"Viviana Monrroy\",\"image\":{\"@type\":\"ImageObject\",\"inLanguage\":\"es\",\"@id\":\"https:\\\/\\\/secure.gravatar.com\\\/avatar\\\/dfd1611ed5600959a0e5a9754503b6c05d1dcf190010998e0363aee2ad98afca?s=96&d=mm&r=g\",\"url\":\"https:\\\/\\\/secure.gravatar.com\\\/avatar\\\/dfd1611ed5600959a0e5a9754503b6c05d1dcf190010998e0363aee2ad98afca?s=96&d=mm&r=g\",\"contentUrl\":\"https:\\\/\\\/secure.gravatar.com\\\/avatar\\\/dfd1611ed5600959a0e5a9754503b6c05d1dcf190010998e0363aee2ad98afca?s=96&d=mm&r=g\",\"caption\":\"Viviana Monrroy\"},\"sameAs\":[\"http:\\\/\\\/www.eldiario.net\"],\"url\":\"https:\\\/\\\/www.eldiario.net\\\/portal\\\/author\\\/vivianamonrroy\\\/\"}]}<\/script>\n<!-- \/ Yoast SEO plugin. -->","yoast_head_json":{"title":"Cuba: D\u00edaz-Canel admite fallas internas y aprueba gran reforma econ\u00f3mica (19:23) - El Diario - Bolivia","robots":{"index":"index","follow":"follow","max-snippet":"max-snippet:-1","max-image-preview":"max-image-preview:large","max-video-preview":"max-video-preview:-1"},"canonical":"https:\/\/www.eldiario.net\/portal\/2026\/06\/18\/cuba-diaz-canel-admite-fallas-internas-y-aprueba-gran-reforma-economica-1923\/","og_locale":"es_ES","og_type":"article","og_title":"Cuba: D\u00edaz-Canel admite fallas internas y aprueba gran reforma econ\u00f3mica (19:23) - El Diario - Bolivia","og_description":"La Asamblea Nacional de Cuba ratific\u00f3 un hist\u00f3rico paquete de reformas econ\u00f3micas impulsado de urgencia por el Partido Comunista para frenar la peor crisis en d\u00e9cadas. Por primera vez, el dictador Miguel D\u00edaz-Canel reconoci\u00f3 que la par\u00e1lisis tiene causas internas como la burocracia y la lentitud normativa, rompiendo el discurso oficial que culpaba \u00fanicamente al [&hellip;]","og_url":"https:\/\/www.eldiario.net\/portal\/2026\/06\/18\/cuba-diaz-canel-admite-fallas-internas-y-aprueba-gran-reforma-economica-1923\/","og_site_name":"El Diario - Bolivia","article_publisher":"https:\/\/www.facebook.com\/eldiario.bolivia\/","article_published_time":"2026-06-18T23:23:52+00:00","og_image":[{"width":520,"height":322,"url":"https:\/\/www.eldiario.net\/portal\/wp-content\/uploads\/2026\/06\/cuba-18.06.26-copia.webp","type":"image\/webp"}],"author":"Viviana Monrroy","twitter_card":"summary_large_image","twitter_creator":"@eldiario_net","twitter_site":"@eldiario_net","twitter_misc":{"Escrito por":"Viviana Monrroy","Tiempo de lectura":"1 minuto"},"schema":{"@context":"https:\/\/schema.org","@graph":[{"@type":"Article","@id":"https:\/\/www.eldiario.net\/portal\/2026\/06\/18\/cuba-diaz-canel-admite-fallas-internas-y-aprueba-gran-reforma-economica-1923\/#article","isPartOf":{"@id":"https:\/\/www.eldiario.net\/portal\/2026\/06\/18\/cuba-diaz-canel-admite-fallas-internas-y-aprueba-gran-reforma-economica-1923\/"},"author":{"name":"Viviana Monrroy","@id":"https:\/\/www.eldiario.net\/portal\/#\/schema\/person\/ba370d92d160f4d3574381f6d9b78fab"},"headline":"Cuba: D\u00edaz-Canel admite fallas internas y aprueba gran reforma econ\u00f3mica (19:23)","datePublished":"2026-06-18T23:23:52+00:00","mainEntityOfPage":{"@id":"https:\/\/www.eldiario.net\/portal\/2026\/06\/18\/cuba-diaz-canel-admite-fallas-internas-y-aprueba-gran-reforma-economica-1923\/"},"wordCount":174,"publisher":{"@id":"https:\/\/www.eldiario.net\/portal\/#organization"},"image":{"@id":"https:\/\/www.eldiario.net\/portal\/2026\/06\/18\/cuba-diaz-canel-admite-fallas-internas-y-aprueba-gran-reforma-economica-1923\/#primaryimage"},"thumbnailUrl":"https:\/\/www.eldiario.net\/portal\/wp-content\/uploads\/2026\/06\/cuba-18.06.26-copia.webp","articleSection":["\u00daltima Hora"],"inLanguage":"es"},{"@type":"WebPage","@id":"https:\/\/www.eldiario.net\/portal\/2026\/06\/18\/cuba-diaz-canel-admite-fallas-internas-y-aprueba-gran-reforma-economica-1923\/","url":"https:\/\/www.eldiario.net\/portal\/2026\/06\/18\/cuba-diaz-canel-admite-fallas-internas-y-aprueba-gran-reforma-economica-1923\/","name":"Cuba: D\u00edaz-Canel admite fallas internas y aprueba gran reforma econ\u00f3mica (19:23) - El Diario - Bolivia","isPartOf":{"@id":"https:\/\/www.eldiario.net\/portal\/#website"},"primaryImageOfPage":{"@id":"https:\/\/www.eldiario.net\/portal\/2026\/06\/18\/cuba-diaz-canel-admite-fallas-internas-y-aprueba-gran-reforma-economica-1923\/#primaryimage"},"image":{"@id":"https:\/\/www.eldiario.net\/portal\/2026\/06\/18\/cuba-diaz-canel-admite-fallas-internas-y-aprueba-gran-reforma-economica-1923\/#primaryimage"},"thumbnailUrl":"https:\/\/www.eldiario.net\/portal\/wp-content\/uploads\/2026\/06\/cuba-18.06.26-copia.webp","datePublished":"2026-06-18T23:23:52+00:00","breadcrumb":{"@id":"https:\/\/www.eldiario.net\/portal\/2026\/06\/18\/cuba-diaz-canel-admite-fallas-internas-y-aprueba-gran-reforma-economica-1923\/#breadcrumb"},"inLanguage":"es","potentialAction":[{"@type":"ReadAction","target":["https:\/\/www.eldiario.net\/portal\/2026\/06\/18\/cuba-diaz-canel-admite-fallas-internas-y-aprueba-gran-reforma-economica-1923\/"]}]},{"@type":"ImageObject","inLanguage":"es","@id":"https:\/\/www.eldiario.net\/portal\/2026\/06\/18\/cuba-diaz-canel-admite-fallas-internas-y-aprueba-gran-reforma-economica-1923\/#primaryimage","url":"https:\/\/www.eldiario.net\/portal\/wp-content\/uploads\/2026\/06\/cuba-18.06.26-copia.webp","contentUrl":"https:\/\/www.eldiario.net\/portal\/wp-content\/uploads\/2026\/06\/cuba-18.06.26-copia.webp","width":520,"height":322,"caption":"Foto: Sesi\u00f3n Extraordinaria de la Asamblea Nacional del Poder Popular."},{"@type":"BreadcrumbList","@id":"https:\/\/www.eldiario.net\/portal\/2026\/06\/18\/cuba-diaz-canel-admite-fallas-internas-y-aprueba-gran-reforma-economica-1923\/#breadcrumb","itemListElement":[{"@type":"ListItem","position":1,"name":"Portada","item":"https:\/\/www.eldiario.net\/portal\/"},{"@type":"ListItem","position":2,"name":"Cuba: D\u00edaz-Canel admite fallas internas y aprueba gran reforma econ\u00f3mica (19:23)"}]},{"@type":"WebSite","@id":"https:\/\/www.eldiario.net\/portal\/#website","url":"https:\/\/www.eldiario.net\/portal\/","name":"El Diario - Decano de la prensa nacional","description":"El Diario - Decano de la prensa nacional","publisher":{"@id":"https:\/\/www.eldiario.net\/portal\/#organization"},"potentialAction":[{"@type":"SearchAction","target":{"@type":"EntryPoint","urlTemplate":"https:\/\/www.eldiario.net\/portal\/?s={search_term_string}"},"query-input":{"@type":"PropertyValueSpecification","valueRequired":true,"valueName":"search_term_string"}}],"inLanguage":"es"},{"@type":"Organization","@id":"https:\/\/www.eldiario.net\/portal\/#organization","name":"El Diario - Decano de la prensa nacional","url":"https:\/\/www.eldiario.net\/portal\/","logo":{"@type":"ImageObject","inLanguage":"es","@id":"https:\/\/www.eldiario.net\/portal\/#\/schema\/logo\/image\/","url":"https:\/\/www.eldiario.net\/portal\/wp-content\/uploads\/2023\/07\/logo_ED.jpg","contentUrl":"https:\/\/www.eldiario.net\/portal\/wp-content\/uploads\/2023\/07\/logo_ED.jpg","width":272,"height":52,"caption":"El Diario - Decano de la prensa nacional"},"image":{"@id":"https:\/\/www.eldiario.net\/portal\/#\/schema\/logo\/image\/"},"sameAs":["https:\/\/www.facebook.com\/eldiario.bolivia\/","https:\/\/x.com\/eldiario_net"]},{"@type":"Person","@id":"https:\/\/www.eldiario.net\/portal\/#\/schema\/person\/ba370d92d160f4d3574381f6d9b78fab","name":"Viviana Monrroy","image":{"@type":"ImageObject","inLanguage":"es","@id":"https:\/\/secure.gravatar.com\/avatar\/dfd1611ed5600959a0e5a9754503b6c05d1dcf190010998e0363aee2ad98afca?s=96&d=mm&r=g","url":"https:\/\/secure.gravatar.com\/avatar\/dfd1611ed5600959a0e5a9754503b6c05d1dcf190010998e0363aee2ad98afca?s=96&d=mm&r=g","contentUrl":"https:\/\/secure.gravatar.com\/avatar\/dfd1611ed5600959a0e5a9754503b6c05d1dcf190010998e0363aee2ad98afca?s=96&d=mm&r=g","caption":"Viviana Monrroy"},"sameAs":["http:\/\/www.eldiario.net"],"url":"https:\/\/www.eldiario.net\/portal\/author\/vivianamonrroy\/"}]}},"_links":{"self":[{"href":"https:\/\/www.eldiario.net\/portal\/wp-json\/wp\/v2\/posts\/405033","targetHints":{"allow":["GET"]}}],"collection":[{"href":"https:\/\/www.eldiario.net\/portal\/wp-json\/wp\/v2\/posts"}],"about":[{"href":"https:\/\/www.eldiario.net\/portal\/wp-json\/wp\/v2\/types\/post"}],"author":[{"embeddable":true,"href":"https:\/\/www.eldiario.net\/portal\/wp-json\/wp\/v2\/users\/7"}],"replies":[{"embeddable":true,"href":"https:\/\/www.eldiario.net\/portal\/wp-json\/wp\/v2\/comments?post=405033"}],"version-history":[{"count":1,"href":"https:\/\/www.eldiario.net\/portal\/wp-json\/wp\/v2\/posts\/405033\/revisions"}],"predecessor-version":[{"id":405035,"href":"https:\/\/www.eldiario.net\/portal\/wp-json\/wp\/v2\/posts\/405033\/revisions\/405035"}],"wp:featuredmedia":[{"embeddable":true,"href":"https:\/\/www.eldiario.net\/portal\/wp-json\/wp\/v2\/media\/405034"}],"wp:attachment":[{"href":"https:\/\/www.eldiario.net\/portal\/wp-json\/wp\/v2\/media?parent=405033"}],"wp:term":[{"taxonomy":"category","embeddable":true,"href":"https:\/\/www.eldiario.net\/portal\/wp-json\/wp\/v2\/categories?post=405033"},{"taxonomy":"post_tag","embeddable":true,"href":"https:\/\/www.eldiario.net\/portal\/wp-json\/wp\/v2\/tags?post=405033"}],"curies":[{"name":"wp","href":"https:\/\/api.w.org\/{rel}","templated":true}]}}