{"id":405029,"date":"2026-06-18T19:18:24","date_gmt":"2026-06-18T23:18:24","guid":{"rendered":"https:\/\/www.eldiario.net\/portal\/?p=405029"},"modified":"2026-06-18T19:18:24","modified_gmt":"2026-06-18T23:18:24","slug":"ecuador-noboa-autoriza-tropas-extranjeras-para-combatir-el-crimen-1918","status":"publish","type":"post","link":"https:\/\/www.eldiario.net\/portal\/2026\/06\/18\/ecuador-noboa-autoriza-tropas-extranjeras-para-combatir-el-crimen-1918\/","title":{"rendered":"Ecuador: Noboa autoriza tropas extranjeras para combatir el crimen (19:18)"},"content":{"rendered":"<p>El presidente Daniel Noboa firm\u00f3 un decreto que permite el despliegue de militares extranjeros en las provincias m\u00e1s violentas de Ecuador.<\/p>\n<p>Los soldados aliados operar\u00e1n junto al bloque de seguridad nacional bajo el marco del \u00abconflicto armado interno\u00bb y gozar\u00e1n de inmunidad internacional.<\/p>\n<p>La medida se concret\u00f3 luego de reuniones estrat\u00e9gicas en el Pent\u00e1gono, ampliando el apoyo que Washington ya brindaba en inteligencia militar sin tropas en el terreno.<\/p>\n<p data-path-to-node=\"2\">El documento oficial faculta al mandatario a conceder indultos y rebajas de penas al personal militar, policial y civil que act\u00fae en defensa del Estado, adem\u00e1s de exhortar a la Asamblea Nacional a otorgar amnist\u00edas.<\/p>\n<p>Esta decisi\u00f3n coincide con la vigencia de un estado de excepci\u00f3n por 60 d\u00edas en diez provincias.<\/p>\n<p>Paralelamente, organizaciones de derechos humanos denunciaron abusos de poder, mientras Amnist\u00eda Internacional se\u00f1al\u00f3 que la Fiscal\u00eda registra 43 casos de presuntas desapariciones forzadas desde el inicio del mandato de Noboa. (Agencias)<\/p>\n","protected":false},"excerpt":{"rendered":"<p>El presidente Daniel Noboa firm\u00f3 un decreto que permite el despliegue de militares extranjeros en las provincias m\u00e1s violentas de Ecuador. Los soldados aliados operar\u00e1n junto al bloque de seguridad nacional bajo el marco del \u00abconflicto armado interno\u00bb y gozar\u00e1n de inmunidad internacional. La medida se concret\u00f3 luego de reuniones estrat\u00e9gicas en el Pent\u00e1gono, ampliando [&hellip;]<\/p>\n","protected":false},"author":7,"featured_media":405030,"comment_status":"closed","ping_status":"open","sticky":false,"template":"","format":"standard","meta":{"_acf_changed":false,"footnotes":""},"categories":[51],"tags":[],"class_list":["post-405029","post","type-post","status-publish","format-standard","has-post-thumbnail","category-ultima-hora"],"acf":{"antetitulo":""},"yoast_head":"<!-- This site is optimized with the Yoast SEO plugin v28.3 - https:\/\/yoast.com\/product\/yoast-seo-wordpress\/ -->\n<title>Ecuador: Noboa autoriza tropas extranjeras para combatir el crimen (19:18) - El Diario - Bolivia<\/title>\n<meta name=\"robots\" content=\"index, follow, max-snippet:-1, max-image-preview:large, max-video-preview:-1\" \/>\n<link rel=\"canonical\" href=\"https:\/\/www.eldiario.net\/portal\/2026\/06\/18\/ecuador-noboa-autoriza-tropas-extranjeras-para-combatir-el-crimen-1918\/\" \/>\n<meta property=\"og:locale\" content=\"es_ES\" \/>\n<meta property=\"og:type\" content=\"article\" \/>\n<meta property=\"og:title\" content=\"Ecuador: Noboa autoriza tropas extranjeras para combatir el crimen (19:18) - El Diario - Bolivia\" \/>\n<meta property=\"og:description\" content=\"El presidente Daniel Noboa firm\u00f3 un decreto que permite el despliegue de militares extranjeros en las provincias m\u00e1s violentas de Ecuador. Los soldados aliados operar\u00e1n junto al bloque de seguridad nacional bajo el marco del \u00abconflicto armado interno\u00bb y gozar\u00e1n de inmunidad internacional. La medida se concret\u00f3 luego de reuniones estrat\u00e9gicas en el Pent\u00e1gono, ampliando [&hellip;]\" \/>\n<meta property=\"og:url\" content=\"https:\/\/www.eldiario.net\/portal\/2026\/06\/18\/ecuador-noboa-autoriza-tropas-extranjeras-para-combatir-el-crimen-1918\/\" \/>\n<meta property=\"og:site_name\" content=\"El Diario - Bolivia\" \/>\n<meta property=\"article:publisher\" content=\"https:\/\/www.facebook.com\/eldiario.bolivia\/\" \/>\n<meta property=\"article:published_time\" content=\"2026-06-18T23:18:24+00:00\" \/>\n<meta property=\"og:image\" content=\"https:\/\/www.eldiario.net\/portal\/wp-content\/uploads\/2026\/06\/noboa-18.06.26-copia.webp\" \/>\n\t<meta property=\"og:image:width\" content=\"500\" \/>\n\t<meta property=\"og:image:height\" content=\"402\" \/>\n\t<meta property=\"og:image:type\" content=\"image\/webp\" \/>\n<meta name=\"author\" content=\"Viviana Monrroy\" \/>\n<meta name=\"twitter:card\" content=\"summary_large_image\" \/>\n<meta name=\"twitter:creator\" content=\"@eldiario_net\" \/>\n<meta name=\"twitter:site\" content=\"@eldiario_net\" \/>\n<meta name=\"twitter:label1\" content=\"Escrito por\" \/>\n\t<meta name=\"twitter:data1\" content=\"Viviana Monrroy\" \/>\n\t<meta name=\"twitter:label2\" content=\"Tiempo de lectura\" \/>\n\t<meta name=\"twitter:data2\" content=\"1 minuto\" \/>\n<script type=\"application\/ld+json\" class=\"yoast-schema-graph\">{\"@context\":\"https:\\\/\\\/schema.org\",\"@graph\":[{\"@type\":\"Article\",\"@id\":\"https:\\\/\\\/www.eldiario.net\\\/portal\\\/2026\\\/06\\\/18\\\/ecuador-noboa-autoriza-tropas-extranjeras-para-combatir-el-crimen-1918\\\/#article\",\"isPartOf\":{\"@id\":\"https:\\\/\\\/www.eldiario.net\\\/portal\\\/2026\\\/06\\\/18\\\/ecuador-noboa-autoriza-tropas-extranjeras-para-combatir-el-crimen-1918\\\/\"},\"author\":{\"name\":\"Viviana Monrroy\",\"@id\":\"https:\\\/\\\/www.eldiario.net\\\/portal\\\/#\\\/schema\\\/person\\\/ba370d92d160f4d3574381f6d9b78fab\"},\"headline\":\"Ecuador: Noboa autoriza tropas extranjeras para combatir el crimen (19:18)\",\"datePublished\":\"2026-06-18T23:18:24+00:00\",\"mainEntityOfPage\":{\"@id\":\"https:\\\/\\\/www.eldiario.net\\\/portal\\\/2026\\\/06\\\/18\\\/ecuador-noboa-autoriza-tropas-extranjeras-para-combatir-el-crimen-1918\\\/\"},\"wordCount\":173,\"publisher\":{\"@id\":\"https:\\\/\\\/www.eldiario.net\\\/portal\\\/#organization\"},\"image\":{\"@id\":\"https:\\\/\\\/www.eldiario.net\\\/portal\\\/2026\\\/06\\\/18\\\/ecuador-noboa-autoriza-tropas-extranjeras-para-combatir-el-crimen-1918\\\/#primaryimage\"},\"thumbnailUrl\":\"https:\\\/\\\/www.eldiario.net\\\/portal\\\/wp-content\\\/uploads\\\/2026\\\/06\\\/noboa-18.06.26-copia.webp\",\"articleSection\":[\"\u00daltima Hora\"],\"inLanguage\":\"es\"},{\"@type\":\"WebPage\",\"@id\":\"https:\\\/\\\/www.eldiario.net\\\/portal\\\/2026\\\/06\\\/18\\\/ecuador-noboa-autoriza-tropas-extranjeras-para-combatir-el-crimen-1918\\\/\",\"url\":\"https:\\\/\\\/www.eldiario.net\\\/portal\\\/2026\\\/06\\\/18\\\/ecuador-noboa-autoriza-tropas-extranjeras-para-combatir-el-crimen-1918\\\/\",\"name\":\"Ecuador: Noboa autoriza tropas extranjeras para combatir el crimen (19:18) - El Diario - Bolivia\",\"isPartOf\":{\"@id\":\"https:\\\/\\\/www.eldiario.net\\\/portal\\\/#website\"},\"primaryImageOfPage\":{\"@id\":\"https:\\\/\\\/www.eldiario.net\\\/portal\\\/2026\\\/06\\\/18\\\/ecuador-noboa-autoriza-tropas-extranjeras-para-combatir-el-crimen-1918\\\/#primaryimage\"},\"image\":{\"@id\":\"https:\\\/\\\/www.eldiario.net\\\/portal\\\/2026\\\/06\\\/18\\\/ecuador-noboa-autoriza-tropas-extranjeras-para-combatir-el-crimen-1918\\\/#primaryimage\"},\"thumbnailUrl\":\"https:\\\/\\\/www.eldiario.net\\\/portal\\\/wp-content\\\/uploads\\\/2026\\\/06\\\/noboa-18.06.26-copia.webp\",\"datePublished\":\"2026-06-18T23:18:24+00:00\",\"breadcrumb\":{\"@id\":\"https:\\\/\\\/www.eldiario.net\\\/portal\\\/2026\\\/06\\\/18\\\/ecuador-noboa-autoriza-tropas-extranjeras-para-combatir-el-crimen-1918\\\/#breadcrumb\"},\"inLanguage\":\"es\",\"potentialAction\":[{\"@type\":\"ReadAction\",\"target\":[\"https:\\\/\\\/www.eldiario.net\\\/portal\\\/2026\\\/06\\\/18\\\/ecuador-noboa-autoriza-tropas-extranjeras-para-combatir-el-crimen-1918\\\/\"]}]},{\"@type\":\"ImageObject\",\"inLanguage\":\"es\",\"@id\":\"https:\\\/\\\/www.eldiario.net\\\/portal\\\/2026\\\/06\\\/18\\\/ecuador-noboa-autoriza-tropas-extranjeras-para-combatir-el-crimen-1918\\\/#primaryimage\",\"url\":\"https:\\\/\\\/www.eldiario.net\\\/portal\\\/wp-content\\\/uploads\\\/2026\\\/06\\\/noboa-18.06.26-copia.webp\",\"contentUrl\":\"https:\\\/\\\/www.eldiario.net\\\/portal\\\/wp-content\\\/uploads\\\/2026\\\/06\\\/noboa-18.06.26-copia.webp\",\"width\":500,\"height\":402,\"caption\":\"Foto de archivo, Daniel Noboa, presidente de Ecuador\"},{\"@type\":\"BreadcrumbList\",\"@id\":\"https:\\\/\\\/www.eldiario.net\\\/portal\\\/2026\\\/06\\\/18\\\/ecuador-noboa-autoriza-tropas-extranjeras-para-combatir-el-crimen-1918\\\/#breadcrumb\",\"itemListElement\":[{\"@type\":\"ListItem\",\"position\":1,\"name\":\"Portada\",\"item\":\"https:\\\/\\\/www.eldiario.net\\\/portal\\\/\"},{\"@type\":\"ListItem\",\"position\":2,\"name\":\"Ecuador: Noboa autoriza tropas extranjeras para combatir el crimen (19:18)\"}]},{\"@type\":\"WebSite\",\"@id\":\"https:\\\/\\\/www.eldiario.net\\\/portal\\\/#website\",\"url\":\"https:\\\/\\\/www.eldiario.net\\\/portal\\\/\",\"name\":\"El Diario - Decano de la prensa nacional\",\"description\":\"El Diario - Decano de la prensa nacional\",\"publisher\":{\"@id\":\"https:\\\/\\\/www.eldiario.net\\\/portal\\\/#organization\"},\"potentialAction\":[{\"@type\":\"SearchAction\",\"target\":{\"@type\":\"EntryPoint\",\"urlTemplate\":\"https:\\\/\\\/www.eldiario.net\\\/portal\\\/?s={search_term_string}\"},\"query-input\":{\"@type\":\"PropertyValueSpecification\",\"valueRequired\":true,\"valueName\":\"search_term_string\"}}],\"inLanguage\":\"es\"},{\"@type\":\"Organization\",\"@id\":\"https:\\\/\\\/www.eldiario.net\\\/portal\\\/#organization\",\"name\":\"El Diario - Decano de la prensa nacional\",\"url\":\"https:\\\/\\\/www.eldiario.net\\\/portal\\\/\",\"logo\":{\"@type\":\"ImageObject\",\"inLanguage\":\"es\",\"@id\":\"https:\\\/\\\/www.eldiario.net\\\/portal\\\/#\\\/schema\\\/logo\\\/image\\\/\",\"url\":\"https:\\\/\\\/www.eldiario.net\\\/portal\\\/wp-content\\\/uploads\\\/2023\\\/07\\\/logo_ED.jpg\",\"contentUrl\":\"https:\\\/\\\/www.eldiario.net\\\/portal\\\/wp-content\\\/uploads\\\/2023\\\/07\\\/logo_ED.jpg\",\"width\":272,\"height\":52,\"caption\":\"El Diario - Decano de la prensa nacional\"},\"image\":{\"@id\":\"https:\\\/\\\/www.eldiario.net\\\/portal\\\/#\\\/schema\\\/logo\\\/image\\\/\"},\"sameAs\":[\"https:\\\/\\\/www.facebook.com\\\/eldiario.bolivia\\\/\",\"https:\\\/\\\/x.com\\\/eldiario_net\"]},{\"@type\":\"Person\",\"@id\":\"https:\\\/\\\/www.eldiario.net\\\/portal\\\/#\\\/schema\\\/person\\\/ba370d92d160f4d3574381f6d9b78fab\",\"name\":\"Viviana Monrroy\",\"image\":{\"@type\":\"ImageObject\",\"inLanguage\":\"es\",\"@id\":\"https:\\\/\\\/secure.gravatar.com\\\/avatar\\\/dfd1611ed5600959a0e5a9754503b6c05d1dcf190010998e0363aee2ad98afca?s=96&d=mm&r=g\",\"url\":\"https:\\\/\\\/secure.gravatar.com\\\/avatar\\\/dfd1611ed5600959a0e5a9754503b6c05d1dcf190010998e0363aee2ad98afca?s=96&d=mm&r=g\",\"contentUrl\":\"https:\\\/\\\/secure.gravatar.com\\\/avatar\\\/dfd1611ed5600959a0e5a9754503b6c05d1dcf190010998e0363aee2ad98afca?s=96&d=mm&r=g\",\"caption\":\"Viviana Monrroy\"},\"sameAs\":[\"http:\\\/\\\/www.eldiario.net\"],\"url\":\"https:\\\/\\\/www.eldiario.net\\\/portal\\\/author\\\/vivianamonrroy\\\/\"}]}<\/script>\n<!-- \/ Yoast SEO plugin. -->","yoast_head_json":{"title":"Ecuador: Noboa autoriza tropas extranjeras para combatir el crimen (19:18) - El Diario - Bolivia","robots":{"index":"index","follow":"follow","max-snippet":"max-snippet:-1","max-image-preview":"max-image-preview:large","max-video-preview":"max-video-preview:-1"},"canonical":"https:\/\/www.eldiario.net\/portal\/2026\/06\/18\/ecuador-noboa-autoriza-tropas-extranjeras-para-combatir-el-crimen-1918\/","og_locale":"es_ES","og_type":"article","og_title":"Ecuador: Noboa autoriza tropas extranjeras para combatir el crimen (19:18) - El Diario - Bolivia","og_description":"El presidente Daniel Noboa firm\u00f3 un decreto que permite el despliegue de militares extranjeros en las provincias m\u00e1s violentas de Ecuador. Los soldados aliados operar\u00e1n junto al bloque de seguridad nacional bajo el marco del \u00abconflicto armado interno\u00bb y gozar\u00e1n de inmunidad internacional. La medida se concret\u00f3 luego de reuniones estrat\u00e9gicas en el Pent\u00e1gono, ampliando [&hellip;]","og_url":"https:\/\/www.eldiario.net\/portal\/2026\/06\/18\/ecuador-noboa-autoriza-tropas-extranjeras-para-combatir-el-crimen-1918\/","og_site_name":"El Diario - Bolivia","article_publisher":"https:\/\/www.facebook.com\/eldiario.bolivia\/","article_published_time":"2026-06-18T23:18:24+00:00","og_image":[{"width":500,"height":402,"url":"https:\/\/www.eldiario.net\/portal\/wp-content\/uploads\/2026\/06\/noboa-18.06.26-copia.webp","type":"image\/webp"}],"author":"Viviana Monrroy","twitter_card":"summary_large_image","twitter_creator":"@eldiario_net","twitter_site":"@eldiario_net","twitter_misc":{"Escrito por":"Viviana Monrroy","Tiempo de lectura":"1 minuto"},"schema":{"@context":"https:\/\/schema.org","@graph":[{"@type":"Article","@id":"https:\/\/www.eldiario.net\/portal\/2026\/06\/18\/ecuador-noboa-autoriza-tropas-extranjeras-para-combatir-el-crimen-1918\/#article","isPartOf":{"@id":"https:\/\/www.eldiario.net\/portal\/2026\/06\/18\/ecuador-noboa-autoriza-tropas-extranjeras-para-combatir-el-crimen-1918\/"},"author":{"name":"Viviana Monrroy","@id":"https:\/\/www.eldiario.net\/portal\/#\/schema\/person\/ba370d92d160f4d3574381f6d9b78fab"},"headline":"Ecuador: Noboa autoriza tropas extranjeras para combatir el crimen (19:18)","datePublished":"2026-06-18T23:18:24+00:00","mainEntityOfPage":{"@id":"https:\/\/www.eldiario.net\/portal\/2026\/06\/18\/ecuador-noboa-autoriza-tropas-extranjeras-para-combatir-el-crimen-1918\/"},"wordCount":173,"publisher":{"@id":"https:\/\/www.eldiario.net\/portal\/#organization"},"image":{"@id":"https:\/\/www.eldiario.net\/portal\/2026\/06\/18\/ecuador-noboa-autoriza-tropas-extranjeras-para-combatir-el-crimen-1918\/#primaryimage"},"thumbnailUrl":"https:\/\/www.eldiario.net\/portal\/wp-content\/uploads\/2026\/06\/noboa-18.06.26-copia.webp","articleSection":["\u00daltima Hora"],"inLanguage":"es"},{"@type":"WebPage","@id":"https:\/\/www.eldiario.net\/portal\/2026\/06\/18\/ecuador-noboa-autoriza-tropas-extranjeras-para-combatir-el-crimen-1918\/","url":"https:\/\/www.eldiario.net\/portal\/2026\/06\/18\/ecuador-noboa-autoriza-tropas-extranjeras-para-combatir-el-crimen-1918\/","name":"Ecuador: Noboa autoriza tropas extranjeras para combatir el crimen (19:18) - El Diario - Bolivia","isPartOf":{"@id":"https:\/\/www.eldiario.net\/portal\/#website"},"primaryImageOfPage":{"@id":"https:\/\/www.eldiario.net\/portal\/2026\/06\/18\/ecuador-noboa-autoriza-tropas-extranjeras-para-combatir-el-crimen-1918\/#primaryimage"},"image":{"@id":"https:\/\/www.eldiario.net\/portal\/2026\/06\/18\/ecuador-noboa-autoriza-tropas-extranjeras-para-combatir-el-crimen-1918\/#primaryimage"},"thumbnailUrl":"https:\/\/www.eldiario.net\/portal\/wp-content\/uploads\/2026\/06\/noboa-18.06.26-copia.webp","datePublished":"2026-06-18T23:18:24+00:00","breadcrumb":{"@id":"https:\/\/www.eldiario.net\/portal\/2026\/06\/18\/ecuador-noboa-autoriza-tropas-extranjeras-para-combatir-el-crimen-1918\/#breadcrumb"},"inLanguage":"es","potentialAction":[{"@type":"ReadAction","target":["https:\/\/www.eldiario.net\/portal\/2026\/06\/18\/ecuador-noboa-autoriza-tropas-extranjeras-para-combatir-el-crimen-1918\/"]}]},{"@type":"ImageObject","inLanguage":"es","@id":"https:\/\/www.eldiario.net\/portal\/2026\/06\/18\/ecuador-noboa-autoriza-tropas-extranjeras-para-combatir-el-crimen-1918\/#primaryimage","url":"https:\/\/www.eldiario.net\/portal\/wp-content\/uploads\/2026\/06\/noboa-18.06.26-copia.webp","contentUrl":"https:\/\/www.eldiario.net\/portal\/wp-content\/uploads\/2026\/06\/noboa-18.06.26-copia.webp","width":500,"height":402,"caption":"Foto de archivo, Daniel Noboa, presidente de Ecuador"},{"@type":"BreadcrumbList","@id":"https:\/\/www.eldiario.net\/portal\/2026\/06\/18\/ecuador-noboa-autoriza-tropas-extranjeras-para-combatir-el-crimen-1918\/#breadcrumb","itemListElement":[{"@type":"ListItem","position":1,"name":"Portada","item":"https:\/\/www.eldiario.net\/portal\/"},{"@type":"ListItem","position":2,"name":"Ecuador: Noboa autoriza tropas extranjeras para combatir el crimen (19:18)"}]},{"@type":"WebSite","@id":"https:\/\/www.eldiario.net\/portal\/#website","url":"https:\/\/www.eldiario.net\/portal\/","name":"El Diario - Decano de la prensa nacional","description":"El Diario - Decano de la prensa nacional","publisher":{"@id":"https:\/\/www.eldiario.net\/portal\/#organization"},"potentialAction":[{"@type":"SearchAction","target":{"@type":"EntryPoint","urlTemplate":"https:\/\/www.eldiario.net\/portal\/?s={search_term_string}"},"query-input":{"@type":"PropertyValueSpecification","valueRequired":true,"valueName":"search_term_string"}}],"inLanguage":"es"},{"@type":"Organization","@id":"https:\/\/www.eldiario.net\/portal\/#organization","name":"El Diario - Decano de la prensa nacional","url":"https:\/\/www.eldiario.net\/portal\/","logo":{"@type":"ImageObject","inLanguage":"es","@id":"https:\/\/www.eldiario.net\/portal\/#\/schema\/logo\/image\/","url":"https:\/\/www.eldiario.net\/portal\/wp-content\/uploads\/2023\/07\/logo_ED.jpg","contentUrl":"https:\/\/www.eldiario.net\/portal\/wp-content\/uploads\/2023\/07\/logo_ED.jpg","width":272,"height":52,"caption":"El Diario - Decano de la prensa nacional"},"image":{"@id":"https:\/\/www.eldiario.net\/portal\/#\/schema\/logo\/image\/"},"sameAs":["https:\/\/www.facebook.com\/eldiario.bolivia\/","https:\/\/x.com\/eldiario_net"]},{"@type":"Person","@id":"https:\/\/www.eldiario.net\/portal\/#\/schema\/person\/ba370d92d160f4d3574381f6d9b78fab","name":"Viviana Monrroy","image":{"@type":"ImageObject","inLanguage":"es","@id":"https:\/\/secure.gravatar.com\/avatar\/dfd1611ed5600959a0e5a9754503b6c05d1dcf190010998e0363aee2ad98afca?s=96&d=mm&r=g","url":"https:\/\/secure.gravatar.com\/avatar\/dfd1611ed5600959a0e5a9754503b6c05d1dcf190010998e0363aee2ad98afca?s=96&d=mm&r=g","contentUrl":"https:\/\/secure.gravatar.com\/avatar\/dfd1611ed5600959a0e5a9754503b6c05d1dcf190010998e0363aee2ad98afca?s=96&d=mm&r=g","caption":"Viviana Monrroy"},"sameAs":["http:\/\/www.eldiario.net"],"url":"https:\/\/www.eldiario.net\/portal\/author\/vivianamonrroy\/"}]}},"_links":{"self":[{"href":"https:\/\/www.eldiario.net\/portal\/wp-json\/wp\/v2\/posts\/405029","targetHints":{"allow":["GET"]}}],"collection":[{"href":"https:\/\/www.eldiario.net\/portal\/wp-json\/wp\/v2\/posts"}],"about":[{"href":"https:\/\/www.eldiario.net\/portal\/wp-json\/wp\/v2\/types\/post"}],"author":[{"embeddable":true,"href":"https:\/\/www.eldiario.net\/portal\/wp-json\/wp\/v2\/users\/7"}],"replies":[{"embeddable":true,"href":"https:\/\/www.eldiario.net\/portal\/wp-json\/wp\/v2\/comments?post=405029"}],"version-history":[{"count":1,"href":"https:\/\/www.eldiario.net\/portal\/wp-json\/wp\/v2\/posts\/405029\/revisions"}],"predecessor-version":[{"id":405031,"href":"https:\/\/www.eldiario.net\/portal\/wp-json\/wp\/v2\/posts\/405029\/revisions\/405031"}],"wp:featuredmedia":[{"embeddable":true,"href":"https:\/\/www.eldiario.net\/portal\/wp-json\/wp\/v2\/media\/405030"}],"wp:attachment":[{"href":"https:\/\/www.eldiario.net\/portal\/wp-json\/wp\/v2\/media?parent=405029"}],"wp:term":[{"taxonomy":"category","embeddable":true,"href":"https:\/\/www.eldiario.net\/portal\/wp-json\/wp\/v2\/categories?post=405029"},{"taxonomy":"post_tag","embeddable":true,"href":"https:\/\/www.eldiario.net\/portal\/wp-json\/wp\/v2\/tags?post=405029"}],"curies":[{"name":"wp","href":"https:\/\/api.w.org\/{rel}","templated":true}]}}