{"id":405006,"date":"2026-06-18T17:58:08","date_gmt":"2026-06-18T21:58:08","guid":{"rendered":"https:\/\/www.eldiario.net\/portal\/?p=405006"},"modified":"2026-06-18T17:58:08","modified_gmt":"2026-06-18T21:58:08","slug":"cuestionan-nombramiento-de-exviceministra-del-mas-como-autoridad-en-alcaldia-pacena","status":"publish","type":"post","link":"https:\/\/www.eldiario.net\/portal\/2026\/06\/18\/cuestionan-nombramiento-de-exviceministra-del-mas-como-autoridad-en-alcaldia-pacena\/","title":{"rendered":"Cuestionan nombramiento de exviceministra del MAS como autoridad en Alcald\u00eda pace\u00f1a"},"content":{"rendered":"<p>El nombramiento de la exviceministra de Medio Ambiente durante el gobierno de Evo Morales del Movimiento Al Socialismo (MAS), Cynthia Viviana Silva Maturana, como nueva directora de Gesti\u00f3n Ambiental Cambio Clim\u00e1tico y Biodiversidad Urbana del municipio pace\u00f1o es cuestionado por la poblaci\u00f3n, pues la autoridad estuvo vinculada a la autorizaci\u00f3n ambiental del proyecto carretero Villa Tunari\u2013San Ignacio de Moxos que atravesaba el Territorio Ind\u00edgena y Parque Nacional Isiboro S\u00e9cure (Tipnis).<\/p>\n","protected":false},"excerpt":{"rendered":"<p>El nombramiento de la exviceministra de Medio Ambiente durante el gobierno de Evo Morales del Movimiento Al Socialismo (MAS), Cynthia Viviana Silva Maturana, como nueva directora de Gesti\u00f3n Ambiental Cambio Clim\u00e1tico y Biodiversidad Urbana del municipio pace\u00f1o es cuestionado por la poblaci\u00f3n, pues la autoridad estuvo vinculada a la autorizaci\u00f3n ambiental del proyecto carretero Villa [&hellip;]<\/p>\n","protected":false},"author":7,"featured_media":405007,"comment_status":"closed","ping_status":"open","sticky":false,"template":"","format":"standard","meta":{"_acf_changed":false,"footnotes":""},"categories":[51],"tags":[],"class_list":["post-405006","post","type-post","status-publish","format-standard","has-post-thumbnail","category-ultima-hora"],"acf":{"antetitulo":""},"yoast_head":"<!-- This site is optimized with the Yoast SEO plugin v28.3 - https:\/\/yoast.com\/product\/yoast-seo-wordpress\/ -->\n<title>Cuestionan nombramiento de exviceministra del MAS como autoridad en Alcald\u00eda pace\u00f1a - El Diario - Bolivia<\/title>\n<meta name=\"robots\" content=\"index, follow, max-snippet:-1, max-image-preview:large, max-video-preview:-1\" \/>\n<link rel=\"canonical\" href=\"https:\/\/www.eldiario.net\/portal\/2026\/06\/18\/cuestionan-nombramiento-de-exviceministra-del-mas-como-autoridad-en-alcaldia-pacena\/\" \/>\n<meta property=\"og:locale\" content=\"es_ES\" \/>\n<meta property=\"og:type\" content=\"article\" \/>\n<meta property=\"og:title\" content=\"Cuestionan nombramiento de exviceministra del MAS como autoridad en Alcald\u00eda pace\u00f1a - El Diario - Bolivia\" \/>\n<meta property=\"og:description\" content=\"El nombramiento de la exviceministra de Medio Ambiente durante el gobierno de Evo Morales del Movimiento Al Socialismo (MAS), Cynthia Viviana Silva Maturana, como nueva directora de Gesti\u00f3n Ambiental Cambio Clim\u00e1tico y Biodiversidad Urbana del municipio pace\u00f1o es cuestionado por la poblaci\u00f3n, pues la autoridad estuvo vinculada a la autorizaci\u00f3n ambiental del proyecto carretero Villa [&hellip;]\" \/>\n<meta property=\"og:url\" content=\"https:\/\/www.eldiario.net\/portal\/2026\/06\/18\/cuestionan-nombramiento-de-exviceministra-del-mas-como-autoridad-en-alcaldia-pacena\/\" \/>\n<meta property=\"og:site_name\" content=\"El Diario - Bolivia\" \/>\n<meta property=\"article:publisher\" content=\"https:\/\/www.facebook.com\/eldiario.bolivia\/\" \/>\n<meta property=\"article:published_time\" content=\"2026-06-18T21:58:08+00:00\" \/>\n<meta property=\"og:image\" content=\"https:\/\/www.eldiario.net\/portal\/wp-content\/uploads\/2026\/06\/adelantos-20-copia-9.webp\" \/>\n\t<meta property=\"og:image:width\" content=\"506\" \/>\n\t<meta property=\"og:image:height\" content=\"506\" \/>\n\t<meta property=\"og:image:type\" content=\"image\/webp\" \/>\n<meta name=\"author\" content=\"Viviana Monrroy\" \/>\n<meta name=\"twitter:card\" content=\"summary_large_image\" \/>\n<meta name=\"twitter:creator\" content=\"@eldiario_net\" \/>\n<meta name=\"twitter:site\" content=\"@eldiario_net\" \/>\n<meta name=\"twitter:label1\" content=\"Escrito por\" \/>\n\t<meta name=\"twitter:data1\" content=\"Viviana Monrroy\" \/>\n\t<meta name=\"twitter:label2\" content=\"Tiempo de lectura\" \/>\n\t<meta name=\"twitter:data2\" content=\"1 minuto\" \/>\n<script type=\"application\/ld+json\" class=\"yoast-schema-graph\">{\"@context\":\"https:\\\/\\\/schema.org\",\"@graph\":[{\"@type\":\"Article\",\"@id\":\"https:\\\/\\\/www.eldiario.net\\\/portal\\\/2026\\\/06\\\/18\\\/cuestionan-nombramiento-de-exviceministra-del-mas-como-autoridad-en-alcaldia-pacena\\\/#article\",\"isPartOf\":{\"@id\":\"https:\\\/\\\/www.eldiario.net\\\/portal\\\/2026\\\/06\\\/18\\\/cuestionan-nombramiento-de-exviceministra-del-mas-como-autoridad-en-alcaldia-pacena\\\/\"},\"author\":{\"name\":\"Viviana Monrroy\",\"@id\":\"https:\\\/\\\/www.eldiario.net\\\/portal\\\/#\\\/schema\\\/person\\\/ba370d92d160f4d3574381f6d9b78fab\"},\"headline\":\"Cuestionan nombramiento de exviceministra del MAS como autoridad en Alcald\u00eda pace\u00f1a\",\"datePublished\":\"2026-06-18T21:58:08+00:00\",\"mainEntityOfPage\":{\"@id\":\"https:\\\/\\\/www.eldiario.net\\\/portal\\\/2026\\\/06\\\/18\\\/cuestionan-nombramiento-de-exviceministra-del-mas-como-autoridad-en-alcaldia-pacena\\\/\"},\"wordCount\":91,\"publisher\":{\"@id\":\"https:\\\/\\\/www.eldiario.net\\\/portal\\\/#organization\"},\"image\":{\"@id\":\"https:\\\/\\\/www.eldiario.net\\\/portal\\\/2026\\\/06\\\/18\\\/cuestionan-nombramiento-de-exviceministra-del-mas-como-autoridad-en-alcaldia-pacena\\\/#primaryimage\"},\"thumbnailUrl\":\"https:\\\/\\\/www.eldiario.net\\\/portal\\\/wp-content\\\/uploads\\\/2026\\\/06\\\/adelantos-20-copia-9.webp\",\"articleSection\":[\"\u00daltima Hora\"],\"inLanguage\":\"es\"},{\"@type\":\"WebPage\",\"@id\":\"https:\\\/\\\/www.eldiario.net\\\/portal\\\/2026\\\/06\\\/18\\\/cuestionan-nombramiento-de-exviceministra-del-mas-como-autoridad-en-alcaldia-pacena\\\/\",\"url\":\"https:\\\/\\\/www.eldiario.net\\\/portal\\\/2026\\\/06\\\/18\\\/cuestionan-nombramiento-de-exviceministra-del-mas-como-autoridad-en-alcaldia-pacena\\\/\",\"name\":\"Cuestionan nombramiento de exviceministra del MAS como autoridad en Alcald\u00eda pace\u00f1a - El Diario - Bolivia\",\"isPartOf\":{\"@id\":\"https:\\\/\\\/www.eldiario.net\\\/portal\\\/#website\"},\"primaryImageOfPage\":{\"@id\":\"https:\\\/\\\/www.eldiario.net\\\/portal\\\/2026\\\/06\\\/18\\\/cuestionan-nombramiento-de-exviceministra-del-mas-como-autoridad-en-alcaldia-pacena\\\/#primaryimage\"},\"image\":{\"@id\":\"https:\\\/\\\/www.eldiario.net\\\/portal\\\/2026\\\/06\\\/18\\\/cuestionan-nombramiento-de-exviceministra-del-mas-como-autoridad-en-alcaldia-pacena\\\/#primaryimage\"},\"thumbnailUrl\":\"https:\\\/\\\/www.eldiario.net\\\/portal\\\/wp-content\\\/uploads\\\/2026\\\/06\\\/adelantos-20-copia-9.webp\",\"datePublished\":\"2026-06-18T21:58:08+00:00\",\"breadcrumb\":{\"@id\":\"https:\\\/\\\/www.eldiario.net\\\/portal\\\/2026\\\/06\\\/18\\\/cuestionan-nombramiento-de-exviceministra-del-mas-como-autoridad-en-alcaldia-pacena\\\/#breadcrumb\"},\"inLanguage\":\"es\",\"potentialAction\":[{\"@type\":\"ReadAction\",\"target\":[\"https:\\\/\\\/www.eldiario.net\\\/portal\\\/2026\\\/06\\\/18\\\/cuestionan-nombramiento-de-exviceministra-del-mas-como-autoridad-en-alcaldia-pacena\\\/\"]}]},{\"@type\":\"ImageObject\",\"inLanguage\":\"es\",\"@id\":\"https:\\\/\\\/www.eldiario.net\\\/portal\\\/2026\\\/06\\\/18\\\/cuestionan-nombramiento-de-exviceministra-del-mas-como-autoridad-en-alcaldia-pacena\\\/#primaryimage\",\"url\":\"https:\\\/\\\/www.eldiario.net\\\/portal\\\/wp-content\\\/uploads\\\/2026\\\/06\\\/adelantos-20-copia-9.webp\",\"contentUrl\":\"https:\\\/\\\/www.eldiario.net\\\/portal\\\/wp-content\\\/uploads\\\/2026\\\/06\\\/adelantos-20-copia-9.webp\",\"width\":506,\"height\":506},{\"@type\":\"BreadcrumbList\",\"@id\":\"https:\\\/\\\/www.eldiario.net\\\/portal\\\/2026\\\/06\\\/18\\\/cuestionan-nombramiento-de-exviceministra-del-mas-como-autoridad-en-alcaldia-pacena\\\/#breadcrumb\",\"itemListElement\":[{\"@type\":\"ListItem\",\"position\":1,\"name\":\"Portada\",\"item\":\"https:\\\/\\\/www.eldiario.net\\\/portal\\\/\"},{\"@type\":\"ListItem\",\"position\":2,\"name\":\"Cuestionan nombramiento de exviceministra del MAS como autoridad en Alcald\u00eda pace\u00f1a\"}]},{\"@type\":\"WebSite\",\"@id\":\"https:\\\/\\\/www.eldiario.net\\\/portal\\\/#website\",\"url\":\"https:\\\/\\\/www.eldiario.net\\\/portal\\\/\",\"name\":\"El Diario - Decano de la prensa nacional\",\"description\":\"El Diario - Decano de la prensa nacional\",\"publisher\":{\"@id\":\"https:\\\/\\\/www.eldiario.net\\\/portal\\\/#organization\"},\"potentialAction\":[{\"@type\":\"SearchAction\",\"target\":{\"@type\":\"EntryPoint\",\"urlTemplate\":\"https:\\\/\\\/www.eldiario.net\\\/portal\\\/?s={search_term_string}\"},\"query-input\":{\"@type\":\"PropertyValueSpecification\",\"valueRequired\":true,\"valueName\":\"search_term_string\"}}],\"inLanguage\":\"es\"},{\"@type\":\"Organization\",\"@id\":\"https:\\\/\\\/www.eldiario.net\\\/portal\\\/#organization\",\"name\":\"El Diario - Decano de la prensa nacional\",\"url\":\"https:\\\/\\\/www.eldiario.net\\\/portal\\\/\",\"logo\":{\"@type\":\"ImageObject\",\"inLanguage\":\"es\",\"@id\":\"https:\\\/\\\/www.eldiario.net\\\/portal\\\/#\\\/schema\\\/logo\\\/image\\\/\",\"url\":\"https:\\\/\\\/www.eldiario.net\\\/portal\\\/wp-content\\\/uploads\\\/2023\\\/07\\\/logo_ED.jpg\",\"contentUrl\":\"https:\\\/\\\/www.eldiario.net\\\/portal\\\/wp-content\\\/uploads\\\/2023\\\/07\\\/logo_ED.jpg\",\"width\":272,\"height\":52,\"caption\":\"El Diario - Decano de la prensa nacional\"},\"image\":{\"@id\":\"https:\\\/\\\/www.eldiario.net\\\/portal\\\/#\\\/schema\\\/logo\\\/image\\\/\"},\"sameAs\":[\"https:\\\/\\\/www.facebook.com\\\/eldiario.bolivia\\\/\",\"https:\\\/\\\/x.com\\\/eldiario_net\"]},{\"@type\":\"Person\",\"@id\":\"https:\\\/\\\/www.eldiario.net\\\/portal\\\/#\\\/schema\\\/person\\\/ba370d92d160f4d3574381f6d9b78fab\",\"name\":\"Viviana Monrroy\",\"image\":{\"@type\":\"ImageObject\",\"inLanguage\":\"es\",\"@id\":\"https:\\\/\\\/secure.gravatar.com\\\/avatar\\\/dfd1611ed5600959a0e5a9754503b6c05d1dcf190010998e0363aee2ad98afca?s=96&d=mm&r=g\",\"url\":\"https:\\\/\\\/secure.gravatar.com\\\/avatar\\\/dfd1611ed5600959a0e5a9754503b6c05d1dcf190010998e0363aee2ad98afca?s=96&d=mm&r=g\",\"contentUrl\":\"https:\\\/\\\/secure.gravatar.com\\\/avatar\\\/dfd1611ed5600959a0e5a9754503b6c05d1dcf190010998e0363aee2ad98afca?s=96&d=mm&r=g\",\"caption\":\"Viviana Monrroy\"},\"sameAs\":[\"http:\\\/\\\/www.eldiario.net\"],\"url\":\"https:\\\/\\\/www.eldiario.net\\\/portal\\\/author\\\/vivianamonrroy\\\/\"}]}<\/script>\n<!-- \/ Yoast SEO plugin. -->","yoast_head_json":{"title":"Cuestionan nombramiento de exviceministra del MAS como autoridad en Alcald\u00eda pace\u00f1a - El Diario - Bolivia","robots":{"index":"index","follow":"follow","max-snippet":"max-snippet:-1","max-image-preview":"max-image-preview:large","max-video-preview":"max-video-preview:-1"},"canonical":"https:\/\/www.eldiario.net\/portal\/2026\/06\/18\/cuestionan-nombramiento-de-exviceministra-del-mas-como-autoridad-en-alcaldia-pacena\/","og_locale":"es_ES","og_type":"article","og_title":"Cuestionan nombramiento de exviceministra del MAS como autoridad en Alcald\u00eda pace\u00f1a - El Diario - Bolivia","og_description":"El nombramiento de la exviceministra de Medio Ambiente durante el gobierno de Evo Morales del Movimiento Al Socialismo (MAS), Cynthia Viviana Silva Maturana, como nueva directora de Gesti\u00f3n Ambiental Cambio Clim\u00e1tico y Biodiversidad Urbana del municipio pace\u00f1o es cuestionado por la poblaci\u00f3n, pues la autoridad estuvo vinculada a la autorizaci\u00f3n ambiental del proyecto carretero Villa [&hellip;]","og_url":"https:\/\/www.eldiario.net\/portal\/2026\/06\/18\/cuestionan-nombramiento-de-exviceministra-del-mas-como-autoridad-en-alcaldia-pacena\/","og_site_name":"El Diario - Bolivia","article_publisher":"https:\/\/www.facebook.com\/eldiario.bolivia\/","article_published_time":"2026-06-18T21:58:08+00:00","og_image":[{"width":506,"height":506,"url":"https:\/\/www.eldiario.net\/portal\/wp-content\/uploads\/2026\/06\/adelantos-20-copia-9.webp","type":"image\/webp"}],"author":"Viviana Monrroy","twitter_card":"summary_large_image","twitter_creator":"@eldiario_net","twitter_site":"@eldiario_net","twitter_misc":{"Escrito por":"Viviana Monrroy","Tiempo de lectura":"1 minuto"},"schema":{"@context":"https:\/\/schema.org","@graph":[{"@type":"Article","@id":"https:\/\/www.eldiario.net\/portal\/2026\/06\/18\/cuestionan-nombramiento-de-exviceministra-del-mas-como-autoridad-en-alcaldia-pacena\/#article","isPartOf":{"@id":"https:\/\/www.eldiario.net\/portal\/2026\/06\/18\/cuestionan-nombramiento-de-exviceministra-del-mas-como-autoridad-en-alcaldia-pacena\/"},"author":{"name":"Viviana Monrroy","@id":"https:\/\/www.eldiario.net\/portal\/#\/schema\/person\/ba370d92d160f4d3574381f6d9b78fab"},"headline":"Cuestionan nombramiento de exviceministra del MAS como autoridad en Alcald\u00eda pace\u00f1a","datePublished":"2026-06-18T21:58:08+00:00","mainEntityOfPage":{"@id":"https:\/\/www.eldiario.net\/portal\/2026\/06\/18\/cuestionan-nombramiento-de-exviceministra-del-mas-como-autoridad-en-alcaldia-pacena\/"},"wordCount":91,"publisher":{"@id":"https:\/\/www.eldiario.net\/portal\/#organization"},"image":{"@id":"https:\/\/www.eldiario.net\/portal\/2026\/06\/18\/cuestionan-nombramiento-de-exviceministra-del-mas-como-autoridad-en-alcaldia-pacena\/#primaryimage"},"thumbnailUrl":"https:\/\/www.eldiario.net\/portal\/wp-content\/uploads\/2026\/06\/adelantos-20-copia-9.webp","articleSection":["\u00daltima Hora"],"inLanguage":"es"},{"@type":"WebPage","@id":"https:\/\/www.eldiario.net\/portal\/2026\/06\/18\/cuestionan-nombramiento-de-exviceministra-del-mas-como-autoridad-en-alcaldia-pacena\/","url":"https:\/\/www.eldiario.net\/portal\/2026\/06\/18\/cuestionan-nombramiento-de-exviceministra-del-mas-como-autoridad-en-alcaldia-pacena\/","name":"Cuestionan nombramiento de exviceministra del MAS como autoridad en Alcald\u00eda pace\u00f1a - El Diario - Bolivia","isPartOf":{"@id":"https:\/\/www.eldiario.net\/portal\/#website"},"primaryImageOfPage":{"@id":"https:\/\/www.eldiario.net\/portal\/2026\/06\/18\/cuestionan-nombramiento-de-exviceministra-del-mas-como-autoridad-en-alcaldia-pacena\/#primaryimage"},"image":{"@id":"https:\/\/www.eldiario.net\/portal\/2026\/06\/18\/cuestionan-nombramiento-de-exviceministra-del-mas-como-autoridad-en-alcaldia-pacena\/#primaryimage"},"thumbnailUrl":"https:\/\/www.eldiario.net\/portal\/wp-content\/uploads\/2026\/06\/adelantos-20-copia-9.webp","datePublished":"2026-06-18T21:58:08+00:00","breadcrumb":{"@id":"https:\/\/www.eldiario.net\/portal\/2026\/06\/18\/cuestionan-nombramiento-de-exviceministra-del-mas-como-autoridad-en-alcaldia-pacena\/#breadcrumb"},"inLanguage":"es","potentialAction":[{"@type":"ReadAction","target":["https:\/\/www.eldiario.net\/portal\/2026\/06\/18\/cuestionan-nombramiento-de-exviceministra-del-mas-como-autoridad-en-alcaldia-pacena\/"]}]},{"@type":"ImageObject","inLanguage":"es","@id":"https:\/\/www.eldiario.net\/portal\/2026\/06\/18\/cuestionan-nombramiento-de-exviceministra-del-mas-como-autoridad-en-alcaldia-pacena\/#primaryimage","url":"https:\/\/www.eldiario.net\/portal\/wp-content\/uploads\/2026\/06\/adelantos-20-copia-9.webp","contentUrl":"https:\/\/www.eldiario.net\/portal\/wp-content\/uploads\/2026\/06\/adelantos-20-copia-9.webp","width":506,"height":506},{"@type":"BreadcrumbList","@id":"https:\/\/www.eldiario.net\/portal\/2026\/06\/18\/cuestionan-nombramiento-de-exviceministra-del-mas-como-autoridad-en-alcaldia-pacena\/#breadcrumb","itemListElement":[{"@type":"ListItem","position":1,"name":"Portada","item":"https:\/\/www.eldiario.net\/portal\/"},{"@type":"ListItem","position":2,"name":"Cuestionan nombramiento de exviceministra del MAS como autoridad en Alcald\u00eda pace\u00f1a"}]},{"@type":"WebSite","@id":"https:\/\/www.eldiario.net\/portal\/#website","url":"https:\/\/www.eldiario.net\/portal\/","name":"El Diario - Decano de la prensa nacional","description":"El Diario - Decano de la prensa nacional","publisher":{"@id":"https:\/\/www.eldiario.net\/portal\/#organization"},"potentialAction":[{"@type":"SearchAction","target":{"@type":"EntryPoint","urlTemplate":"https:\/\/www.eldiario.net\/portal\/?s={search_term_string}"},"query-input":{"@type":"PropertyValueSpecification","valueRequired":true,"valueName":"search_term_string"}}],"inLanguage":"es"},{"@type":"Organization","@id":"https:\/\/www.eldiario.net\/portal\/#organization","name":"El Diario - Decano de la prensa nacional","url":"https:\/\/www.eldiario.net\/portal\/","logo":{"@type":"ImageObject","inLanguage":"es","@id":"https:\/\/www.eldiario.net\/portal\/#\/schema\/logo\/image\/","url":"https:\/\/www.eldiario.net\/portal\/wp-content\/uploads\/2023\/07\/logo_ED.jpg","contentUrl":"https:\/\/www.eldiario.net\/portal\/wp-content\/uploads\/2023\/07\/logo_ED.jpg","width":272,"height":52,"caption":"El Diario - Decano de la prensa nacional"},"image":{"@id":"https:\/\/www.eldiario.net\/portal\/#\/schema\/logo\/image\/"},"sameAs":["https:\/\/www.facebook.com\/eldiario.bolivia\/","https:\/\/x.com\/eldiario_net"]},{"@type":"Person","@id":"https:\/\/www.eldiario.net\/portal\/#\/schema\/person\/ba370d92d160f4d3574381f6d9b78fab","name":"Viviana Monrroy","image":{"@type":"ImageObject","inLanguage":"es","@id":"https:\/\/secure.gravatar.com\/avatar\/dfd1611ed5600959a0e5a9754503b6c05d1dcf190010998e0363aee2ad98afca?s=96&d=mm&r=g","url":"https:\/\/secure.gravatar.com\/avatar\/dfd1611ed5600959a0e5a9754503b6c05d1dcf190010998e0363aee2ad98afca?s=96&d=mm&r=g","contentUrl":"https:\/\/secure.gravatar.com\/avatar\/dfd1611ed5600959a0e5a9754503b6c05d1dcf190010998e0363aee2ad98afca?s=96&d=mm&r=g","caption":"Viviana Monrroy"},"sameAs":["http:\/\/www.eldiario.net"],"url":"https:\/\/www.eldiario.net\/portal\/author\/vivianamonrroy\/"}]}},"_links":{"self":[{"href":"https:\/\/www.eldiario.net\/portal\/wp-json\/wp\/v2\/posts\/405006","targetHints":{"allow":["GET"]}}],"collection":[{"href":"https:\/\/www.eldiario.net\/portal\/wp-json\/wp\/v2\/posts"}],"about":[{"href":"https:\/\/www.eldiario.net\/portal\/wp-json\/wp\/v2\/types\/post"}],"author":[{"embeddable":true,"href":"https:\/\/www.eldiario.net\/portal\/wp-json\/wp\/v2\/users\/7"}],"replies":[{"embeddable":true,"href":"https:\/\/www.eldiario.net\/portal\/wp-json\/wp\/v2\/comments?post=405006"}],"version-history":[{"count":1,"href":"https:\/\/www.eldiario.net\/portal\/wp-json\/wp\/v2\/posts\/405006\/revisions"}],"predecessor-version":[{"id":405008,"href":"https:\/\/www.eldiario.net\/portal\/wp-json\/wp\/v2\/posts\/405006\/revisions\/405008"}],"wp:featuredmedia":[{"embeddable":true,"href":"https:\/\/www.eldiario.net\/portal\/wp-json\/wp\/v2\/media\/405007"}],"wp:attachment":[{"href":"https:\/\/www.eldiario.net\/portal\/wp-json\/wp\/v2\/media?parent=405006"}],"wp:term":[{"taxonomy":"category","embeddable":true,"href":"https:\/\/www.eldiario.net\/portal\/wp-json\/wp\/v2\/categories?post=405006"},{"taxonomy":"post_tag","embeddable":true,"href":"https:\/\/www.eldiario.net\/portal\/wp-json\/wp\/v2\/tags?post=405006"}],"curies":[{"name":"wp","href":"https:\/\/api.w.org\/{rel}","templated":true}]}}