{"id":404994,"date":"2026-06-18T17:02:08","date_gmt":"2026-06-18T21:02:08","guid":{"rendered":"https:\/\/www.eldiario.net\/portal\/?p=404994"},"modified":"2026-06-18T17:02:08","modified_gmt":"2026-06-18T21:02:08","slug":"chile-mantiene-cerrado-el-paso-fronterizo-de-ollague-por-fuertes-vientos-1700","status":"publish","type":"post","link":"https:\/\/www.eldiario.net\/portal\/2026\/06\/18\/chile-mantiene-cerrado-el-paso-fronterizo-de-ollague-por-fuertes-vientos-1700\/","title":{"rendered":"Chile mantiene cerrado el paso fronterizo de Ollag\u00fce por fuertes vientos (17:00)"},"content":{"rendered":"<p>El complejo fronterizo de Ollag\u00fce, ubicado en la frontera entre Bolivia y Chile, permanece cerrado debido a las adversas condiciones meteorol\u00f3gicas que afectan la zona cordillerana.<\/p>\n<p data-start=\"260\" data-end=\"547\">Las autoridades chilenas suspendieron el tr\u00e1nsito vehicular y peatonal despu\u00e9s de los reportes de fuertes vientos en el sector.<\/p>\n<p>La medida fue coordinada con la Aduana Nacional de Bolivia, a trav\u00e9s del complejo de Avaroa, con el objetivo de resguardar la seguridad de viajeros y transportistas.<\/p>\n<p><img loading=\"lazy\" decoding=\"async\" class=\"size-medium wp-image-404995 aligncenter\" src=\"https:\/\/www.eldiario.net\/portal\/wp-content\/uploads\/2026\/06\/viento-1-18.06.26-copia-242x300.webp\" alt=\"\" width=\"242\" height=\"300\" srcset=\"https:\/\/www.eldiario.net\/portal\/wp-content\/uploads\/2026\/06\/viento-1-18.06.26-copia-242x300.webp 242w, https:\/\/www.eldiario.net\/portal\/wp-content\/uploads\/2026\/06\/viento-1-18.06.26-copia-338x420.webp 338w, https:\/\/www.eldiario.net\/portal\/wp-content\/uploads\/2026\/06\/viento-1-18.06.26-copia-150x186.webp 150w, https:\/\/www.eldiario.net\/portal\/wp-content\/uploads\/2026\/06\/viento-1-18.06.26-copia-300x373.webp 300w, https:\/\/www.eldiario.net\/portal\/wp-content\/uploads\/2026\/06\/viento-1-18.06.26-copia-324x400.webp 324w, https:\/\/www.eldiario.net\/portal\/wp-content\/uploads\/2026\/06\/viento-1-18.06.26-copia.webp 450w\" sizes=\"auto, (max-width: 242px) 100vw, 242px\" \/><\/p>\n<p data-start=\"549\" data-end=\"810\">El cierre coincide con la alerta naranja emitida por el Senamhi Bolivia para el sudoeste de Potos\u00ed, donde se pronosticaron vientos moderados a temporalmente fuertes.<\/p>\n<p>En tanto, las autoridades chilenas advirtieron sobre posibles nevadas y viento blanco en la cordillera.<\/p>\n<p><img loading=\"lazy\" decoding=\"async\" class=\"size-medium wp-image-404996 aligncenter\" src=\"https:\/\/www.eldiario.net\/portal\/wp-content\/uploads\/2026\/06\/viento-2-18.06.26-copia-300x234.webp\" alt=\"\" width=\"300\" height=\"234\" srcset=\"https:\/\/www.eldiario.net\/portal\/wp-content\/uploads\/2026\/06\/viento-2-18.06.26-copia-300x234.webp 300w, https:\/\/www.eldiario.net\/portal\/wp-content\/uploads\/2026\/06\/viento-2-18.06.26-copia-538x420.webp 538w, https:\/\/www.eldiario.net\/portal\/wp-content\/uploads\/2026\/06\/viento-2-18.06.26-copia-150x117.webp 150w, https:\/\/www.eldiario.net\/portal\/wp-content\/uploads\/2026\/06\/viento-2-18.06.26-copia.webp 600w\" sizes=\"auto, (max-width: 300px) 100vw, 300px\" \/><\/p>\n<p data-start=\"812\" data-end=\"1055\" data-is-last-node=\"\" data-is-only-node=\"\">Hasta el cierre de esta edici\u00f3n, las autoridades no informaron una hora o fecha para la reapertura del complejo fronterizo, por lo que recomendaron a los viajeros mantenerse atentos a los canales oficiales antes de dirigirse hacia la frontera.<\/p>\n","protected":false},"excerpt":{"rendered":"<p>El complejo fronterizo de Ollag\u00fce, ubicado en la frontera entre Bolivia y Chile, permanece cerrado debido a las adversas condiciones meteorol\u00f3gicas que afectan la zona cordillerana. Las autoridades chilenas suspendieron el tr\u00e1nsito vehicular y peatonal despu\u00e9s de los reportes de fuertes vientos en el sector. La medida fue coordinada con la Aduana Nacional de Bolivia, [&hellip;]<\/p>\n","protected":false},"author":7,"featured_media":404997,"comment_status":"closed","ping_status":"open","sticky":false,"template":"","format":"standard","meta":{"_acf_changed":false,"footnotes":""},"categories":[51],"tags":[],"class_list":["post-404994","post","type-post","status-publish","format-standard","has-post-thumbnail","category-ultima-hora"],"acf":{"antetitulo":""},"yoast_head":"<!-- This site is optimized with the Yoast SEO plugin v28.3 - https:\/\/yoast.com\/product\/yoast-seo-wordpress\/ -->\n<title>Chile mantiene cerrado el paso fronterizo de Ollag\u00fce por fuertes vientos (17:00) - El Diario - Bolivia<\/title>\n<meta name=\"robots\" content=\"index, follow, max-snippet:-1, max-image-preview:large, max-video-preview:-1\" \/>\n<link rel=\"canonical\" href=\"https:\/\/www.eldiario.net\/portal\/2026\/06\/18\/chile-mantiene-cerrado-el-paso-fronterizo-de-ollague-por-fuertes-vientos-1700\/\" \/>\n<meta property=\"og:locale\" content=\"es_ES\" \/>\n<meta property=\"og:type\" content=\"article\" \/>\n<meta property=\"og:title\" content=\"Chile mantiene cerrado el paso fronterizo de Ollag\u00fce por fuertes vientos (17:00) - El Diario - Bolivia\" \/>\n<meta property=\"og:description\" content=\"El complejo fronterizo de Ollag\u00fce, ubicado en la frontera entre Bolivia y Chile, permanece cerrado debido a las adversas condiciones meteorol\u00f3gicas que afectan la zona cordillerana. Las autoridades chilenas suspendieron el tr\u00e1nsito vehicular y peatonal despu\u00e9s de los reportes de fuertes vientos en el sector. La medida fue coordinada con la Aduana Nacional de Bolivia, [&hellip;]\" \/>\n<meta property=\"og:url\" content=\"https:\/\/www.eldiario.net\/portal\/2026\/06\/18\/chile-mantiene-cerrado-el-paso-fronterizo-de-ollague-por-fuertes-vientos-1700\/\" \/>\n<meta property=\"og:site_name\" content=\"El Diario - Bolivia\" \/>\n<meta property=\"article:publisher\" content=\"https:\/\/www.facebook.com\/eldiario.bolivia\/\" \/>\n<meta property=\"article:published_time\" content=\"2026-06-18T21:02:08+00:00\" \/>\n<meta property=\"og:image\" content=\"https:\/\/www.eldiario.net\/portal\/wp-content\/uploads\/2026\/06\/viento-18.06.26-copia.webp\" \/>\n\t<meta property=\"og:image:width\" content=\"520\" \/>\n\t<meta property=\"og:image:height\" content=\"309\" \/>\n\t<meta property=\"og:image:type\" content=\"image\/webp\" \/>\n<meta name=\"author\" content=\"Viviana Monrroy\" \/>\n<meta name=\"twitter:card\" content=\"summary_large_image\" \/>\n<meta name=\"twitter:creator\" content=\"@eldiario_net\" \/>\n<meta name=\"twitter:site\" content=\"@eldiario_net\" \/>\n<meta name=\"twitter:label1\" content=\"Escrito por\" \/>\n\t<meta name=\"twitter:data1\" content=\"Viviana Monrroy\" \/>\n\t<meta name=\"twitter:label2\" content=\"Tiempo de lectura\" \/>\n\t<meta name=\"twitter:data2\" content=\"2 minutos\" \/>\n<script type=\"application\/ld+json\" class=\"yoast-schema-graph\">{\"@context\":\"https:\\\/\\\/schema.org\",\"@graph\":[{\"@type\":\"Article\",\"@id\":\"https:\\\/\\\/www.eldiario.net\\\/portal\\\/2026\\\/06\\\/18\\\/chile-mantiene-cerrado-el-paso-fronterizo-de-ollague-por-fuertes-vientos-1700\\\/#article\",\"isPartOf\":{\"@id\":\"https:\\\/\\\/www.eldiario.net\\\/portal\\\/2026\\\/06\\\/18\\\/chile-mantiene-cerrado-el-paso-fronterizo-de-ollague-por-fuertes-vientos-1700\\\/\"},\"author\":{\"name\":\"Viviana Monrroy\",\"@id\":\"https:\\\/\\\/www.eldiario.net\\\/portal\\\/#\\\/schema\\\/person\\\/ba370d92d160f4d3574381f6d9b78fab\"},\"headline\":\"Chile mantiene cerrado el paso fronterizo de Ollag\u00fce por fuertes vientos (17:00)\",\"datePublished\":\"2026-06-18T21:02:08+00:00\",\"mainEntityOfPage\":{\"@id\":\"https:\\\/\\\/www.eldiario.net\\\/portal\\\/2026\\\/06\\\/18\\\/chile-mantiene-cerrado-el-paso-fronterizo-de-ollague-por-fuertes-vientos-1700\\\/\"},\"wordCount\":169,\"publisher\":{\"@id\":\"https:\\\/\\\/www.eldiario.net\\\/portal\\\/#organization\"},\"image\":{\"@id\":\"https:\\\/\\\/www.eldiario.net\\\/portal\\\/2026\\\/06\\\/18\\\/chile-mantiene-cerrado-el-paso-fronterizo-de-ollague-por-fuertes-vientos-1700\\\/#primaryimage\"},\"thumbnailUrl\":\"https:\\\/\\\/www.eldiario.net\\\/portal\\\/wp-content\\\/uploads\\\/2026\\\/06\\\/viento-18.06.26-copia.webp\",\"articleSection\":[\"\u00daltima Hora\"],\"inLanguage\":\"es\"},{\"@type\":\"WebPage\",\"@id\":\"https:\\\/\\\/www.eldiario.net\\\/portal\\\/2026\\\/06\\\/18\\\/chile-mantiene-cerrado-el-paso-fronterizo-de-ollague-por-fuertes-vientos-1700\\\/\",\"url\":\"https:\\\/\\\/www.eldiario.net\\\/portal\\\/2026\\\/06\\\/18\\\/chile-mantiene-cerrado-el-paso-fronterizo-de-ollague-por-fuertes-vientos-1700\\\/\",\"name\":\"Chile mantiene cerrado el paso fronterizo de Ollag\u00fce por fuertes vientos (17:00) - El Diario - Bolivia\",\"isPartOf\":{\"@id\":\"https:\\\/\\\/www.eldiario.net\\\/portal\\\/#website\"},\"primaryImageOfPage\":{\"@id\":\"https:\\\/\\\/www.eldiario.net\\\/portal\\\/2026\\\/06\\\/18\\\/chile-mantiene-cerrado-el-paso-fronterizo-de-ollague-por-fuertes-vientos-1700\\\/#primaryimage\"},\"image\":{\"@id\":\"https:\\\/\\\/www.eldiario.net\\\/portal\\\/2026\\\/06\\\/18\\\/chile-mantiene-cerrado-el-paso-fronterizo-de-ollague-por-fuertes-vientos-1700\\\/#primaryimage\"},\"thumbnailUrl\":\"https:\\\/\\\/www.eldiario.net\\\/portal\\\/wp-content\\\/uploads\\\/2026\\\/06\\\/viento-18.06.26-copia.webp\",\"datePublished\":\"2026-06-18T21:02:08+00:00\",\"breadcrumb\":{\"@id\":\"https:\\\/\\\/www.eldiario.net\\\/portal\\\/2026\\\/06\\\/18\\\/chile-mantiene-cerrado-el-paso-fronterizo-de-ollague-por-fuertes-vientos-1700\\\/#breadcrumb\"},\"inLanguage\":\"es\",\"potentialAction\":[{\"@type\":\"ReadAction\",\"target\":[\"https:\\\/\\\/www.eldiario.net\\\/portal\\\/2026\\\/06\\\/18\\\/chile-mantiene-cerrado-el-paso-fronterizo-de-ollague-por-fuertes-vientos-1700\\\/\"]}]},{\"@type\":\"ImageObject\",\"inLanguage\":\"es\",\"@id\":\"https:\\\/\\\/www.eldiario.net\\\/portal\\\/2026\\\/06\\\/18\\\/chile-mantiene-cerrado-el-paso-fronterizo-de-ollague-por-fuertes-vientos-1700\\\/#primaryimage\",\"url\":\"https:\\\/\\\/www.eldiario.net\\\/portal\\\/wp-content\\\/uploads\\\/2026\\\/06\\\/viento-18.06.26-copia.webp\",\"contentUrl\":\"https:\\\/\\\/www.eldiario.net\\\/portal\\\/wp-content\\\/uploads\\\/2026\\\/06\\\/viento-18.06.26-copia.webp\",\"width\":520,\"height\":309,\"caption\":\"Foto: RR.SS.\"},{\"@type\":\"BreadcrumbList\",\"@id\":\"https:\\\/\\\/www.eldiario.net\\\/portal\\\/2026\\\/06\\\/18\\\/chile-mantiene-cerrado-el-paso-fronterizo-de-ollague-por-fuertes-vientos-1700\\\/#breadcrumb\",\"itemListElement\":[{\"@type\":\"ListItem\",\"position\":1,\"name\":\"Portada\",\"item\":\"https:\\\/\\\/www.eldiario.net\\\/portal\\\/\"},{\"@type\":\"ListItem\",\"position\":2,\"name\":\"Chile mantiene cerrado el paso fronterizo de Ollag\u00fce por fuertes vientos (17:00)\"}]},{\"@type\":\"WebSite\",\"@id\":\"https:\\\/\\\/www.eldiario.net\\\/portal\\\/#website\",\"url\":\"https:\\\/\\\/www.eldiario.net\\\/portal\\\/\",\"name\":\"El Diario - Decano de la prensa nacional\",\"description\":\"El Diario - Decano de la prensa nacional\",\"publisher\":{\"@id\":\"https:\\\/\\\/www.eldiario.net\\\/portal\\\/#organization\"},\"potentialAction\":[{\"@type\":\"SearchAction\",\"target\":{\"@type\":\"EntryPoint\",\"urlTemplate\":\"https:\\\/\\\/www.eldiario.net\\\/portal\\\/?s={search_term_string}\"},\"query-input\":{\"@type\":\"PropertyValueSpecification\",\"valueRequired\":true,\"valueName\":\"search_term_string\"}}],\"inLanguage\":\"es\"},{\"@type\":\"Organization\",\"@id\":\"https:\\\/\\\/www.eldiario.net\\\/portal\\\/#organization\",\"name\":\"El Diario - Decano de la prensa nacional\",\"url\":\"https:\\\/\\\/www.eldiario.net\\\/portal\\\/\",\"logo\":{\"@type\":\"ImageObject\",\"inLanguage\":\"es\",\"@id\":\"https:\\\/\\\/www.eldiario.net\\\/portal\\\/#\\\/schema\\\/logo\\\/image\\\/\",\"url\":\"https:\\\/\\\/www.eldiario.net\\\/portal\\\/wp-content\\\/uploads\\\/2023\\\/07\\\/logo_ED.jpg\",\"contentUrl\":\"https:\\\/\\\/www.eldiario.net\\\/portal\\\/wp-content\\\/uploads\\\/2023\\\/07\\\/logo_ED.jpg\",\"width\":272,\"height\":52,\"caption\":\"El Diario - Decano de la prensa nacional\"},\"image\":{\"@id\":\"https:\\\/\\\/www.eldiario.net\\\/portal\\\/#\\\/schema\\\/logo\\\/image\\\/\"},\"sameAs\":[\"https:\\\/\\\/www.facebook.com\\\/eldiario.bolivia\\\/\",\"https:\\\/\\\/x.com\\\/eldiario_net\"]},{\"@type\":\"Person\",\"@id\":\"https:\\\/\\\/www.eldiario.net\\\/portal\\\/#\\\/schema\\\/person\\\/ba370d92d160f4d3574381f6d9b78fab\",\"name\":\"Viviana Monrroy\",\"image\":{\"@type\":\"ImageObject\",\"inLanguage\":\"es\",\"@id\":\"https:\\\/\\\/secure.gravatar.com\\\/avatar\\\/dfd1611ed5600959a0e5a9754503b6c05d1dcf190010998e0363aee2ad98afca?s=96&d=mm&r=g\",\"url\":\"https:\\\/\\\/secure.gravatar.com\\\/avatar\\\/dfd1611ed5600959a0e5a9754503b6c05d1dcf190010998e0363aee2ad98afca?s=96&d=mm&r=g\",\"contentUrl\":\"https:\\\/\\\/secure.gravatar.com\\\/avatar\\\/dfd1611ed5600959a0e5a9754503b6c05d1dcf190010998e0363aee2ad98afca?s=96&d=mm&r=g\",\"caption\":\"Viviana Monrroy\"},\"sameAs\":[\"http:\\\/\\\/www.eldiario.net\"],\"url\":\"https:\\\/\\\/www.eldiario.net\\\/portal\\\/author\\\/vivianamonrroy\\\/\"}]}<\/script>\n<!-- \/ Yoast SEO plugin. -->","yoast_head_json":{"title":"Chile mantiene cerrado el paso fronterizo de Ollag\u00fce por fuertes vientos (17:00) - El Diario - Bolivia","robots":{"index":"index","follow":"follow","max-snippet":"max-snippet:-1","max-image-preview":"max-image-preview:large","max-video-preview":"max-video-preview:-1"},"canonical":"https:\/\/www.eldiario.net\/portal\/2026\/06\/18\/chile-mantiene-cerrado-el-paso-fronterizo-de-ollague-por-fuertes-vientos-1700\/","og_locale":"es_ES","og_type":"article","og_title":"Chile mantiene cerrado el paso fronterizo de Ollag\u00fce por fuertes vientos (17:00) - El Diario - Bolivia","og_description":"El complejo fronterizo de Ollag\u00fce, ubicado en la frontera entre Bolivia y Chile, permanece cerrado debido a las adversas condiciones meteorol\u00f3gicas que afectan la zona cordillerana. Las autoridades chilenas suspendieron el tr\u00e1nsito vehicular y peatonal despu\u00e9s de los reportes de fuertes vientos en el sector. La medida fue coordinada con la Aduana Nacional de Bolivia, [&hellip;]","og_url":"https:\/\/www.eldiario.net\/portal\/2026\/06\/18\/chile-mantiene-cerrado-el-paso-fronterizo-de-ollague-por-fuertes-vientos-1700\/","og_site_name":"El Diario - Bolivia","article_publisher":"https:\/\/www.facebook.com\/eldiario.bolivia\/","article_published_time":"2026-06-18T21:02:08+00:00","og_image":[{"width":520,"height":309,"url":"https:\/\/www.eldiario.net\/portal\/wp-content\/uploads\/2026\/06\/viento-18.06.26-copia.webp","type":"image\/webp"}],"author":"Viviana Monrroy","twitter_card":"summary_large_image","twitter_creator":"@eldiario_net","twitter_site":"@eldiario_net","twitter_misc":{"Escrito por":"Viviana Monrroy","Tiempo de lectura":"2 minutos"},"schema":{"@context":"https:\/\/schema.org","@graph":[{"@type":"Article","@id":"https:\/\/www.eldiario.net\/portal\/2026\/06\/18\/chile-mantiene-cerrado-el-paso-fronterizo-de-ollague-por-fuertes-vientos-1700\/#article","isPartOf":{"@id":"https:\/\/www.eldiario.net\/portal\/2026\/06\/18\/chile-mantiene-cerrado-el-paso-fronterizo-de-ollague-por-fuertes-vientos-1700\/"},"author":{"name":"Viviana Monrroy","@id":"https:\/\/www.eldiario.net\/portal\/#\/schema\/person\/ba370d92d160f4d3574381f6d9b78fab"},"headline":"Chile mantiene cerrado el paso fronterizo de Ollag\u00fce por fuertes vientos (17:00)","datePublished":"2026-06-18T21:02:08+00:00","mainEntityOfPage":{"@id":"https:\/\/www.eldiario.net\/portal\/2026\/06\/18\/chile-mantiene-cerrado-el-paso-fronterizo-de-ollague-por-fuertes-vientos-1700\/"},"wordCount":169,"publisher":{"@id":"https:\/\/www.eldiario.net\/portal\/#organization"},"image":{"@id":"https:\/\/www.eldiario.net\/portal\/2026\/06\/18\/chile-mantiene-cerrado-el-paso-fronterizo-de-ollague-por-fuertes-vientos-1700\/#primaryimage"},"thumbnailUrl":"https:\/\/www.eldiario.net\/portal\/wp-content\/uploads\/2026\/06\/viento-18.06.26-copia.webp","articleSection":["\u00daltima Hora"],"inLanguage":"es"},{"@type":"WebPage","@id":"https:\/\/www.eldiario.net\/portal\/2026\/06\/18\/chile-mantiene-cerrado-el-paso-fronterizo-de-ollague-por-fuertes-vientos-1700\/","url":"https:\/\/www.eldiario.net\/portal\/2026\/06\/18\/chile-mantiene-cerrado-el-paso-fronterizo-de-ollague-por-fuertes-vientos-1700\/","name":"Chile mantiene cerrado el paso fronterizo de Ollag\u00fce por fuertes vientos (17:00) - El Diario - Bolivia","isPartOf":{"@id":"https:\/\/www.eldiario.net\/portal\/#website"},"primaryImageOfPage":{"@id":"https:\/\/www.eldiario.net\/portal\/2026\/06\/18\/chile-mantiene-cerrado-el-paso-fronterizo-de-ollague-por-fuertes-vientos-1700\/#primaryimage"},"image":{"@id":"https:\/\/www.eldiario.net\/portal\/2026\/06\/18\/chile-mantiene-cerrado-el-paso-fronterizo-de-ollague-por-fuertes-vientos-1700\/#primaryimage"},"thumbnailUrl":"https:\/\/www.eldiario.net\/portal\/wp-content\/uploads\/2026\/06\/viento-18.06.26-copia.webp","datePublished":"2026-06-18T21:02:08+00:00","breadcrumb":{"@id":"https:\/\/www.eldiario.net\/portal\/2026\/06\/18\/chile-mantiene-cerrado-el-paso-fronterizo-de-ollague-por-fuertes-vientos-1700\/#breadcrumb"},"inLanguage":"es","potentialAction":[{"@type":"ReadAction","target":["https:\/\/www.eldiario.net\/portal\/2026\/06\/18\/chile-mantiene-cerrado-el-paso-fronterizo-de-ollague-por-fuertes-vientos-1700\/"]}]},{"@type":"ImageObject","inLanguage":"es","@id":"https:\/\/www.eldiario.net\/portal\/2026\/06\/18\/chile-mantiene-cerrado-el-paso-fronterizo-de-ollague-por-fuertes-vientos-1700\/#primaryimage","url":"https:\/\/www.eldiario.net\/portal\/wp-content\/uploads\/2026\/06\/viento-18.06.26-copia.webp","contentUrl":"https:\/\/www.eldiario.net\/portal\/wp-content\/uploads\/2026\/06\/viento-18.06.26-copia.webp","width":520,"height":309,"caption":"Foto: RR.SS."},{"@type":"BreadcrumbList","@id":"https:\/\/www.eldiario.net\/portal\/2026\/06\/18\/chile-mantiene-cerrado-el-paso-fronterizo-de-ollague-por-fuertes-vientos-1700\/#breadcrumb","itemListElement":[{"@type":"ListItem","position":1,"name":"Portada","item":"https:\/\/www.eldiario.net\/portal\/"},{"@type":"ListItem","position":2,"name":"Chile mantiene cerrado el paso fronterizo de Ollag\u00fce por fuertes vientos (17:00)"}]},{"@type":"WebSite","@id":"https:\/\/www.eldiario.net\/portal\/#website","url":"https:\/\/www.eldiario.net\/portal\/","name":"El Diario - Decano de la prensa nacional","description":"El Diario - Decano de la prensa nacional","publisher":{"@id":"https:\/\/www.eldiario.net\/portal\/#organization"},"potentialAction":[{"@type":"SearchAction","target":{"@type":"EntryPoint","urlTemplate":"https:\/\/www.eldiario.net\/portal\/?s={search_term_string}"},"query-input":{"@type":"PropertyValueSpecification","valueRequired":true,"valueName":"search_term_string"}}],"inLanguage":"es"},{"@type":"Organization","@id":"https:\/\/www.eldiario.net\/portal\/#organization","name":"El Diario - Decano de la prensa nacional","url":"https:\/\/www.eldiario.net\/portal\/","logo":{"@type":"ImageObject","inLanguage":"es","@id":"https:\/\/www.eldiario.net\/portal\/#\/schema\/logo\/image\/","url":"https:\/\/www.eldiario.net\/portal\/wp-content\/uploads\/2023\/07\/logo_ED.jpg","contentUrl":"https:\/\/www.eldiario.net\/portal\/wp-content\/uploads\/2023\/07\/logo_ED.jpg","width":272,"height":52,"caption":"El Diario - Decano de la prensa nacional"},"image":{"@id":"https:\/\/www.eldiario.net\/portal\/#\/schema\/logo\/image\/"},"sameAs":["https:\/\/www.facebook.com\/eldiario.bolivia\/","https:\/\/x.com\/eldiario_net"]},{"@type":"Person","@id":"https:\/\/www.eldiario.net\/portal\/#\/schema\/person\/ba370d92d160f4d3574381f6d9b78fab","name":"Viviana Monrroy","image":{"@type":"ImageObject","inLanguage":"es","@id":"https:\/\/secure.gravatar.com\/avatar\/dfd1611ed5600959a0e5a9754503b6c05d1dcf190010998e0363aee2ad98afca?s=96&d=mm&r=g","url":"https:\/\/secure.gravatar.com\/avatar\/dfd1611ed5600959a0e5a9754503b6c05d1dcf190010998e0363aee2ad98afca?s=96&d=mm&r=g","contentUrl":"https:\/\/secure.gravatar.com\/avatar\/dfd1611ed5600959a0e5a9754503b6c05d1dcf190010998e0363aee2ad98afca?s=96&d=mm&r=g","caption":"Viviana Monrroy"},"sameAs":["http:\/\/www.eldiario.net"],"url":"https:\/\/www.eldiario.net\/portal\/author\/vivianamonrroy\/"}]}},"_links":{"self":[{"href":"https:\/\/www.eldiario.net\/portal\/wp-json\/wp\/v2\/posts\/404994","targetHints":{"allow":["GET"]}}],"collection":[{"href":"https:\/\/www.eldiario.net\/portal\/wp-json\/wp\/v2\/posts"}],"about":[{"href":"https:\/\/www.eldiario.net\/portal\/wp-json\/wp\/v2\/types\/post"}],"author":[{"embeddable":true,"href":"https:\/\/www.eldiario.net\/portal\/wp-json\/wp\/v2\/users\/7"}],"replies":[{"embeddable":true,"href":"https:\/\/www.eldiario.net\/portal\/wp-json\/wp\/v2\/comments?post=404994"}],"version-history":[{"count":1,"href":"https:\/\/www.eldiario.net\/portal\/wp-json\/wp\/v2\/posts\/404994\/revisions"}],"predecessor-version":[{"id":404998,"href":"https:\/\/www.eldiario.net\/portal\/wp-json\/wp\/v2\/posts\/404994\/revisions\/404998"}],"wp:featuredmedia":[{"embeddable":true,"href":"https:\/\/www.eldiario.net\/portal\/wp-json\/wp\/v2\/media\/404997"}],"wp:attachment":[{"href":"https:\/\/www.eldiario.net\/portal\/wp-json\/wp\/v2\/media?parent=404994"}],"wp:term":[{"taxonomy":"category","embeddable":true,"href":"https:\/\/www.eldiario.net\/portal\/wp-json\/wp\/v2\/categories?post=404994"},{"taxonomy":"post_tag","embeddable":true,"href":"https:\/\/www.eldiario.net\/portal\/wp-json\/wp\/v2\/tags?post=404994"}],"curies":[{"name":"wp","href":"https:\/\/api.w.org\/{rel}","templated":true}]}}