{"id":4039,"date":"2021-05-15T08:30:18","date_gmt":"2021-05-15T12:30:18","guid":{"rendered":"https:\/\/www.eldiario.net\/portal\/?p=4039"},"modified":"2021-05-15T08:30:18","modified_gmt":"2021-05-15T12:30:18","slug":"dos-menores-se-ahorcaron-por-problemas-familiares","status":"publish","type":"post","link":"https:\/\/www.eldiario.net\/portal\/2021\/05\/15\/dos-menores-se-ahorcaron-por-problemas-familiares\/","title":{"rendered":"Dos menores se ahorcaron  por problemas familiares"},"content":{"rendered":"<p>La fiscal departamental de Potos\u00ed, Roxana Choque, inform\u00f3 este viernes que dos menores de 12 y 15 a\u00f1os, perdieron la vida tras ahorcarse, por presuntamente problemas familiares. El primer caso se registr\u00f3 en la ciudad de Potos\u00ed y el segundo en el municipio de Tupiza.<br \/>\n\u201cLa menor tenia conflictos familiares. Los pap\u00e1s se dedicaban al consumo de bebidas alcoh\u00f3licas y esta situaci\u00f3n habr\u00eda motivado a que esta menor de 12 a\u00f1os tome esta terrible determinaci\u00f3n\u201d, lament\u00f3 Choque.<br \/>\nLa autoridad precis\u00f3 que la menor apareci\u00f3 colgada de una chalina o bufanda en un domicilio de la zona alta de la ciudad.<br \/>\nSeg\u00fan reporte de El Potos\u00ed, la Fiscal\u00eda solicit\u00f3 la intervenci\u00f3n de la Defensor\u00eda de la Ni\u00f1ez y Adolescencia porque los hermanos de la menor, podr\u00edan asumir similar acci\u00f3n suicida, ya que en una anterior oportunidad un pariente de la familia ya se quit\u00f3 la vida.<br \/>\nEn el caso de Tupiza, la quincea\u00f1era us\u00f3 un cintur\u00f3n para terminar con su vida en el ba\u00f1o de su casa.<br \/>\nLa menor se encerr\u00f3 en el ba\u00f1o despu\u00e9s de una discusi\u00f3n con su abuela. La persona de la tercera edad rog\u00f3 para que le abra la puerta, pero la menor se neg\u00f3. La mujer no pudo persuadir a la menor por lo que, junto a un pariente, forzaron la puerta para ingresar. Cuando entraron vieron a la menor colgada.<br \/>\nDe acuerdo con el informe al que accedi\u00f3 El Potos\u00ed, la quincea\u00f1era fue trasladada al Hospital Eduardo Egu\u00eda de Tupiza, pero no pudieron salvar su vida porque los signos vitales hab\u00edan desaparecido.<br \/>\nLos dos suicidios fueron reportados el mi\u00e9rcoles a las autoridades para efectuar los levantamientos de cad\u00e1veres.<\/p>\n","protected":false},"excerpt":{"rendered":"<p>La fiscal departamental de Potos\u00ed, Roxana Choque, inform\u00f3 este viernes que dos menores de 12 y 15 a\u00f1os, perdieron la vida tras ahorcarse, por presuntamente problemas familiares. El primer caso se registr\u00f3 en la ciudad de Potos\u00ed y el segundo en el municipio de Tupiza. \u201cLa menor tenia conflictos familiares. Los pap\u00e1s se dedicaban al [&hellip;]<\/p>\n","protected":false},"author":1,"featured_media":0,"comment_status":"closed","ping_status":"closed","sticky":false,"template":"","format":"standard","meta":{"_acf_changed":false,"footnotes":""},"categories":[39],"tags":[],"class_list":["post-4039","post","type-post","status-publish","format-standard","category-sociedad"],"acf":{"antetitulo":""},"yoast_head":"<!-- This site is optimized with the Yoast SEO plugin v28.3 - https:\/\/yoast.com\/product\/yoast-seo-wordpress\/ -->\n<title>Dos menores se ahorcaron por problemas familiares - El Diario - Bolivia<\/title>\n<meta name=\"robots\" content=\"index, follow, max-snippet:-1, max-image-preview:large, max-video-preview:-1\" \/>\n<link rel=\"canonical\" href=\"https:\/\/www.eldiario.net\/portal\/2021\/05\/15\/dos-menores-se-ahorcaron-por-problemas-familiares\/\" \/>\n<meta property=\"og:locale\" content=\"es_ES\" \/>\n<meta property=\"og:type\" content=\"article\" \/>\n<meta property=\"og:title\" content=\"Dos menores se ahorcaron por problemas familiares - El Diario - Bolivia\" \/>\n<meta property=\"og:description\" content=\"La fiscal departamental de Potos\u00ed, Roxana Choque, inform\u00f3 este viernes que dos menores de 12 y 15 a\u00f1os, perdieron la vida tras ahorcarse, por presuntamente problemas familiares. El primer caso se registr\u00f3 en la ciudad de Potos\u00ed y el segundo en el municipio de Tupiza. \u201cLa menor tenia conflictos familiares. Los pap\u00e1s se dedicaban al [&hellip;]\" \/>\n<meta property=\"og:url\" content=\"https:\/\/www.eldiario.net\/portal\/2021\/05\/15\/dos-menores-se-ahorcaron-por-problemas-familiares\/\" \/>\n<meta property=\"og:site_name\" content=\"El Diario - Bolivia\" \/>\n<meta property=\"article:publisher\" content=\"https:\/\/www.facebook.com\/eldiario.bolivia\/\" \/>\n<meta property=\"article:published_time\" content=\"2021-05-15T12:30:18+00:00\" \/>\n<meta name=\"author\" content=\"Jeanette\" \/>\n<meta name=\"twitter:card\" content=\"summary_large_image\" \/>\n<meta name=\"twitter:creator\" content=\"@eldiario_net\" \/>\n<meta name=\"twitter:site\" content=\"@eldiario_net\" \/>\n<meta name=\"twitter:label1\" content=\"Escrito por\" \/>\n\t<meta name=\"twitter:data1\" content=\"Jeanette\" \/>\n\t<meta name=\"twitter:label2\" content=\"Tiempo de lectura\" \/>\n\t<meta name=\"twitter:data2\" content=\"2 minutos\" \/>\n<script type=\"application\/ld+json\" class=\"yoast-schema-graph\">{\"@context\":\"https:\\\/\\\/schema.org\",\"@graph\":[{\"@type\":\"Article\",\"@id\":\"https:\\\/\\\/www.eldiario.net\\\/portal\\\/2021\\\/05\\\/15\\\/dos-menores-se-ahorcaron-por-problemas-familiares\\\/#article\",\"isPartOf\":{\"@id\":\"https:\\\/\\\/www.eldiario.net\\\/portal\\\/2021\\\/05\\\/15\\\/dos-menores-se-ahorcaron-por-problemas-familiares\\\/\"},\"author\":{\"name\":\"Jeanette\",\"@id\":\"https:\\\/\\\/www.eldiario.net\\\/portal\\\/#\\\/schema\\\/person\\\/f46445640444750d7d753ccd04ae01b7\"},\"headline\":\"Dos menores se ahorcaron por problemas familiares\",\"datePublished\":\"2021-05-15T12:30:18+00:00\",\"mainEntityOfPage\":{\"@id\":\"https:\\\/\\\/www.eldiario.net\\\/portal\\\/2021\\\/05\\\/15\\\/dos-menores-se-ahorcaron-por-problemas-familiares\\\/\"},\"wordCount\":302,\"publisher\":{\"@id\":\"https:\\\/\\\/www.eldiario.net\\\/portal\\\/#organization\"},\"articleSection\":[\"Sociedad - Seguridad\"],\"inLanguage\":\"es\"},{\"@type\":\"WebPage\",\"@id\":\"https:\\\/\\\/www.eldiario.net\\\/portal\\\/2021\\\/05\\\/15\\\/dos-menores-se-ahorcaron-por-problemas-familiares\\\/\",\"url\":\"https:\\\/\\\/www.eldiario.net\\\/portal\\\/2021\\\/05\\\/15\\\/dos-menores-se-ahorcaron-por-problemas-familiares\\\/\",\"name\":\"Dos menores se ahorcaron por problemas familiares - El Diario - Bolivia\",\"isPartOf\":{\"@id\":\"https:\\\/\\\/www.eldiario.net\\\/portal\\\/#website\"},\"datePublished\":\"2021-05-15T12:30:18+00:00\",\"breadcrumb\":{\"@id\":\"https:\\\/\\\/www.eldiario.net\\\/portal\\\/2021\\\/05\\\/15\\\/dos-menores-se-ahorcaron-por-problemas-familiares\\\/#breadcrumb\"},\"inLanguage\":\"es\",\"potentialAction\":[{\"@type\":\"ReadAction\",\"target\":[\"https:\\\/\\\/www.eldiario.net\\\/portal\\\/2021\\\/05\\\/15\\\/dos-menores-se-ahorcaron-por-problemas-familiares\\\/\"]}]},{\"@type\":\"BreadcrumbList\",\"@id\":\"https:\\\/\\\/www.eldiario.net\\\/portal\\\/2021\\\/05\\\/15\\\/dos-menores-se-ahorcaron-por-problemas-familiares\\\/#breadcrumb\",\"itemListElement\":[{\"@type\":\"ListItem\",\"position\":1,\"name\":\"Portada\",\"item\":\"https:\\\/\\\/www.eldiario.net\\\/portal\\\/\"},{\"@type\":\"ListItem\",\"position\":2,\"name\":\"Dos menores se ahorcaron por problemas familiares\"}]},{\"@type\":\"WebSite\",\"@id\":\"https:\\\/\\\/www.eldiario.net\\\/portal\\\/#website\",\"url\":\"https:\\\/\\\/www.eldiario.net\\\/portal\\\/\",\"name\":\"El Diario - Decano de la prensa nacional\",\"description\":\"El Diario - Decano de la prensa nacional\",\"publisher\":{\"@id\":\"https:\\\/\\\/www.eldiario.net\\\/portal\\\/#organization\"},\"potentialAction\":[{\"@type\":\"SearchAction\",\"target\":{\"@type\":\"EntryPoint\",\"urlTemplate\":\"https:\\\/\\\/www.eldiario.net\\\/portal\\\/?s={search_term_string}\"},\"query-input\":{\"@type\":\"PropertyValueSpecification\",\"valueRequired\":true,\"valueName\":\"search_term_string\"}}],\"inLanguage\":\"es\"},{\"@type\":\"Organization\",\"@id\":\"https:\\\/\\\/www.eldiario.net\\\/portal\\\/#organization\",\"name\":\"El Diario - Decano de la prensa nacional\",\"url\":\"https:\\\/\\\/www.eldiario.net\\\/portal\\\/\",\"logo\":{\"@type\":\"ImageObject\",\"inLanguage\":\"es\",\"@id\":\"https:\\\/\\\/www.eldiario.net\\\/portal\\\/#\\\/schema\\\/logo\\\/image\\\/\",\"url\":\"https:\\\/\\\/www.eldiario.net\\\/portal\\\/wp-content\\\/uploads\\\/2023\\\/07\\\/logo_ED.jpg\",\"contentUrl\":\"https:\\\/\\\/www.eldiario.net\\\/portal\\\/wp-content\\\/uploads\\\/2023\\\/07\\\/logo_ED.jpg\",\"width\":272,\"height\":52,\"caption\":\"El Diario - Decano de la prensa nacional\"},\"image\":{\"@id\":\"https:\\\/\\\/www.eldiario.net\\\/portal\\\/#\\\/schema\\\/logo\\\/image\\\/\"},\"sameAs\":[\"https:\\\/\\\/www.facebook.com\\\/eldiario.bolivia\\\/\",\"https:\\\/\\\/x.com\\\/eldiario_net\"]},{\"@type\":\"Person\",\"@id\":\"https:\\\/\\\/www.eldiario.net\\\/portal\\\/#\\\/schema\\\/person\\\/f46445640444750d7d753ccd04ae01b7\",\"name\":\"Jeanette\",\"image\":{\"@type\":\"ImageObject\",\"inLanguage\":\"es\",\"@id\":\"https:\\\/\\\/secure.gravatar.com\\\/avatar\\\/3ea2118a5f7dad2b7138b1187a6b7ee55f160b9968b66013c3a3ef39dd7e5798?s=96&d=mm&r=g\",\"url\":\"https:\\\/\\\/secure.gravatar.com\\\/avatar\\\/3ea2118a5f7dad2b7138b1187a6b7ee55f160b9968b66013c3a3ef39dd7e5798?s=96&d=mm&r=g\",\"contentUrl\":\"https:\\\/\\\/secure.gravatar.com\\\/avatar\\\/3ea2118a5f7dad2b7138b1187a6b7ee55f160b9968b66013c3a3ef39dd7e5798?s=96&d=mm&r=g\",\"caption\":\"Jeanette\"},\"sameAs\":[\"https:\\\/\\\/www.eldiario.net\\\/portal\"],\"url\":\"https:\\\/\\\/www.eldiario.net\\\/portal\\\/author\\\/jeanette\\\/\"}]}<\/script>\n<!-- \/ Yoast SEO plugin. -->","yoast_head_json":{"title":"Dos menores se ahorcaron por problemas familiares - El Diario - Bolivia","robots":{"index":"index","follow":"follow","max-snippet":"max-snippet:-1","max-image-preview":"max-image-preview:large","max-video-preview":"max-video-preview:-1"},"canonical":"https:\/\/www.eldiario.net\/portal\/2021\/05\/15\/dos-menores-se-ahorcaron-por-problemas-familiares\/","og_locale":"es_ES","og_type":"article","og_title":"Dos menores se ahorcaron por problemas familiares - El Diario - Bolivia","og_description":"La fiscal departamental de Potos\u00ed, Roxana Choque, inform\u00f3 este viernes que dos menores de 12 y 15 a\u00f1os, perdieron la vida tras ahorcarse, por presuntamente problemas familiares. El primer caso se registr\u00f3 en la ciudad de Potos\u00ed y el segundo en el municipio de Tupiza. \u201cLa menor tenia conflictos familiares. Los pap\u00e1s se dedicaban al [&hellip;]","og_url":"https:\/\/www.eldiario.net\/portal\/2021\/05\/15\/dos-menores-se-ahorcaron-por-problemas-familiares\/","og_site_name":"El Diario - Bolivia","article_publisher":"https:\/\/www.facebook.com\/eldiario.bolivia\/","article_published_time":"2021-05-15T12:30:18+00:00","author":"Jeanette","twitter_card":"summary_large_image","twitter_creator":"@eldiario_net","twitter_site":"@eldiario_net","twitter_misc":{"Escrito por":"Jeanette","Tiempo de lectura":"2 minutos"},"schema":{"@context":"https:\/\/schema.org","@graph":[{"@type":"Article","@id":"https:\/\/www.eldiario.net\/portal\/2021\/05\/15\/dos-menores-se-ahorcaron-por-problemas-familiares\/#article","isPartOf":{"@id":"https:\/\/www.eldiario.net\/portal\/2021\/05\/15\/dos-menores-se-ahorcaron-por-problemas-familiares\/"},"author":{"name":"Jeanette","@id":"https:\/\/www.eldiario.net\/portal\/#\/schema\/person\/f46445640444750d7d753ccd04ae01b7"},"headline":"Dos menores se ahorcaron por problemas familiares","datePublished":"2021-05-15T12:30:18+00:00","mainEntityOfPage":{"@id":"https:\/\/www.eldiario.net\/portal\/2021\/05\/15\/dos-menores-se-ahorcaron-por-problemas-familiares\/"},"wordCount":302,"publisher":{"@id":"https:\/\/www.eldiario.net\/portal\/#organization"},"articleSection":["Sociedad - Seguridad"],"inLanguage":"es"},{"@type":"WebPage","@id":"https:\/\/www.eldiario.net\/portal\/2021\/05\/15\/dos-menores-se-ahorcaron-por-problemas-familiares\/","url":"https:\/\/www.eldiario.net\/portal\/2021\/05\/15\/dos-menores-se-ahorcaron-por-problemas-familiares\/","name":"Dos menores se ahorcaron por problemas familiares - El Diario - Bolivia","isPartOf":{"@id":"https:\/\/www.eldiario.net\/portal\/#website"},"datePublished":"2021-05-15T12:30:18+00:00","breadcrumb":{"@id":"https:\/\/www.eldiario.net\/portal\/2021\/05\/15\/dos-menores-se-ahorcaron-por-problemas-familiares\/#breadcrumb"},"inLanguage":"es","potentialAction":[{"@type":"ReadAction","target":["https:\/\/www.eldiario.net\/portal\/2021\/05\/15\/dos-menores-se-ahorcaron-por-problemas-familiares\/"]}]},{"@type":"BreadcrumbList","@id":"https:\/\/www.eldiario.net\/portal\/2021\/05\/15\/dos-menores-se-ahorcaron-por-problemas-familiares\/#breadcrumb","itemListElement":[{"@type":"ListItem","position":1,"name":"Portada","item":"https:\/\/www.eldiario.net\/portal\/"},{"@type":"ListItem","position":2,"name":"Dos menores se ahorcaron por problemas familiares"}]},{"@type":"WebSite","@id":"https:\/\/www.eldiario.net\/portal\/#website","url":"https:\/\/www.eldiario.net\/portal\/","name":"El Diario - Decano de la prensa nacional","description":"El Diario - Decano de la prensa nacional","publisher":{"@id":"https:\/\/www.eldiario.net\/portal\/#organization"},"potentialAction":[{"@type":"SearchAction","target":{"@type":"EntryPoint","urlTemplate":"https:\/\/www.eldiario.net\/portal\/?s={search_term_string}"},"query-input":{"@type":"PropertyValueSpecification","valueRequired":true,"valueName":"search_term_string"}}],"inLanguage":"es"},{"@type":"Organization","@id":"https:\/\/www.eldiario.net\/portal\/#organization","name":"El Diario - Decano de la prensa nacional","url":"https:\/\/www.eldiario.net\/portal\/","logo":{"@type":"ImageObject","inLanguage":"es","@id":"https:\/\/www.eldiario.net\/portal\/#\/schema\/logo\/image\/","url":"https:\/\/www.eldiario.net\/portal\/wp-content\/uploads\/2023\/07\/logo_ED.jpg","contentUrl":"https:\/\/www.eldiario.net\/portal\/wp-content\/uploads\/2023\/07\/logo_ED.jpg","width":272,"height":52,"caption":"El Diario - Decano de la prensa nacional"},"image":{"@id":"https:\/\/www.eldiario.net\/portal\/#\/schema\/logo\/image\/"},"sameAs":["https:\/\/www.facebook.com\/eldiario.bolivia\/","https:\/\/x.com\/eldiario_net"]},{"@type":"Person","@id":"https:\/\/www.eldiario.net\/portal\/#\/schema\/person\/f46445640444750d7d753ccd04ae01b7","name":"Jeanette","image":{"@type":"ImageObject","inLanguage":"es","@id":"https:\/\/secure.gravatar.com\/avatar\/3ea2118a5f7dad2b7138b1187a6b7ee55f160b9968b66013c3a3ef39dd7e5798?s=96&d=mm&r=g","url":"https:\/\/secure.gravatar.com\/avatar\/3ea2118a5f7dad2b7138b1187a6b7ee55f160b9968b66013c3a3ef39dd7e5798?s=96&d=mm&r=g","contentUrl":"https:\/\/secure.gravatar.com\/avatar\/3ea2118a5f7dad2b7138b1187a6b7ee55f160b9968b66013c3a3ef39dd7e5798?s=96&d=mm&r=g","caption":"Jeanette"},"sameAs":["https:\/\/www.eldiario.net\/portal"],"url":"https:\/\/www.eldiario.net\/portal\/author\/jeanette\/"}]}},"_links":{"self":[{"href":"https:\/\/www.eldiario.net\/portal\/wp-json\/wp\/v2\/posts\/4039","targetHints":{"allow":["GET"]}}],"collection":[{"href":"https:\/\/www.eldiario.net\/portal\/wp-json\/wp\/v2\/posts"}],"about":[{"href":"https:\/\/www.eldiario.net\/portal\/wp-json\/wp\/v2\/types\/post"}],"author":[{"embeddable":true,"href":"https:\/\/www.eldiario.net\/portal\/wp-json\/wp\/v2\/users\/1"}],"replies":[{"embeddable":true,"href":"https:\/\/www.eldiario.net\/portal\/wp-json\/wp\/v2\/comments?post=4039"}],"version-history":[{"count":0,"href":"https:\/\/www.eldiario.net\/portal\/wp-json\/wp\/v2\/posts\/4039\/revisions"}],"wp:attachment":[{"href":"https:\/\/www.eldiario.net\/portal\/wp-json\/wp\/v2\/media?parent=4039"}],"wp:term":[{"taxonomy":"category","embeddable":true,"href":"https:\/\/www.eldiario.net\/portal\/wp-json\/wp\/v2\/categories?post=4039"},{"taxonomy":"post_tag","embeddable":true,"href":"https:\/\/www.eldiario.net\/portal\/wp-json\/wp\/v2\/tags?post=4039"}],"curies":[{"name":"wp","href":"https:\/\/api.w.org\/{rel}","templated":true}]}}