{"id":40366,"date":"2021-11-02T05:18:22","date_gmt":"2021-11-02T09:18:22","guid":{"rendered":"https:\/\/www.eldiario.net\/portal\/?p=40366"},"modified":"2021-11-02T05:18:22","modified_gmt":"2021-11-02T09:18:22","slug":"renuncia-presidente-del-banco-barclays","status":"publish","type":"post","link":"https:\/\/www.eldiario.net\/portal\/2021\/11\/02\/renuncia-presidente-del-banco-barclays\/","title":{"rendered":"Renuncia presidente del banco Barclays"},"content":{"rendered":"<p>Londres.- El banco brit\u00e1nico Barclays anunci\u00f3 ayer la renuncia de su presidente ejecutivo Jes Staley, atrapado por sus v\u00ednculos con Jeffrey Epstein, el financiero hallado muerto en prisi\u00f3n antes de su juicio por cargos de tr\u00e1fico sexual de menores.<\/p>\n<p>El Barclays es el segundo mayor banco brit\u00e1nico por n\u00famero de activos y hasta ahora hab\u00eda sacado la cara por su principal directivo, que cuando salt\u00f3 la noticia de las actividades de Epstein, reconoci\u00f3 que fueron amigos pero que nunca se percat\u00f3 de que el financiero americano estuviera metido en actividades con menores y se desvincul\u00f3 totalmente de \u00e9l, seg\u00fan France 24.<\/p>\n<p>Ahora la investigaci\u00f3n de la autoridad financiera, que comenz\u00f3 en el 2019 y que a\u00fan no se ha presentado p\u00fablicamente, establece esos v\u00ednculos con correos electr\u00f3nicos entre Staley y Epstein, en un dossier donde se cuestionan los temas relacionados con la conducta de los directivos en la City londinense.<\/p>\n<p>Jes Staley planea recurrir los hallazgos de esta investigaci\u00f3n y, dependiendo del resultado (a\u00fan no se ha presentado oficialmente), podr\u00eda retrasar, o incluso impedir que los reguladores le multen o sancionen. Tambi\u00e9n puede recurrir que se hagan p\u00fablicos los hallazgos de la investigaci\u00f3n.<\/p>\n<p>Seg\u00fan public\u00f3 \u201cThe Guardian\u201d en un documento interno del banco, Jes Staley explicaba que las razones de su decisi\u00f3n \u00aberan simples\u00bb. \u00abLa FCA y la PRA me hicieron saber el viernes por la noche el contenido del borrador de las conclusiones de su investigaci\u00f3n sobre la relaci\u00f3n profesional y personal que desarroll\u00e9 al principio de mi carrera con Epstein. No quiero que mi respuesta personal a estos asuntos, sea una distracci\u00f3n del fant\u00e1stico trabajo que hacen todos los d\u00edas para apoyar a los clientes\u00bb, ha dicho Staley.<\/p>\n<p>La junta del Barclays dijo estar decepcionada con el resultado de la investigaci\u00f3n, ya que considera a Staley uno de sus principales activos en el crecimiento del grupo. Ahora ser\u00e1 reemplazado por Venkatakrishanan, el director de mercados globales.<\/p>\n<p>Esa investigaci\u00f3n, que a\u00fan no se ha publicado, no deja claro que Staley viera o tuviera conocimiento alguno de los \u00abpresuntos\u00bb (utilizan el t\u00e9rmino \u00abpresuntos\u00bb a pesar de que Epstein ya fue juzgado y declarado culpable) cr\u00edmenes de Epstein, que era la cuesti\u00f3n central en la que se basaba el apoyo de Barclays a Staley tras el arresto de Epstein en el verano de 2019.<\/p>\n<p>Epstein y Staley eran amigos desde que coincidieron trabajando en JP Morgan, donde Epstein ya hab\u00eda sido cliente. (Agencias)<\/p>\n","protected":false},"excerpt":{"rendered":"<p>Londres.- El banco brit\u00e1nico Barclays anunci\u00f3 ayer la renuncia de su presidente ejecutivo Jes Staley, atrapado por sus v\u00ednculos con Jeffrey Epstein, el financiero hallado muerto en prisi\u00f3n antes de su juicio por cargos de tr\u00e1fico sexual de menores. El Barclays es el segundo mayor banco brit\u00e1nico por n\u00famero de activos y hasta ahora hab\u00eda [&hellip;]<\/p>\n","protected":false},"author":1,"featured_media":40367,"comment_status":"closed","ping_status":"closed","sticky":false,"template":"","format":"standard","meta":{"_acf_changed":false,"footnotes":""},"categories":[3],"tags":[],"class_list":["post-40366","post","type-post","status-publish","format-standard","has-post-thumbnail","category-internacional"],"acf":{"antetitulo":""},"yoast_head":"<!-- This site is optimized with the Yoast SEO plugin v28.4 - https:\/\/yoast.com\/product\/yoast-seo-wordpress\/ -->\n<title>Renuncia presidente del banco Barclays - El Diario - Bolivia<\/title>\n<meta name=\"robots\" content=\"index, follow, max-snippet:-1, max-image-preview:large, max-video-preview:-1\" \/>\n<link rel=\"canonical\" href=\"https:\/\/www.eldiario.net\/portal\/2021\/11\/02\/renuncia-presidente-del-banco-barclays\/\" \/>\n<meta property=\"og:locale\" content=\"es_ES\" \/>\n<meta property=\"og:type\" content=\"article\" \/>\n<meta property=\"og:title\" content=\"Renuncia presidente del banco Barclays - El Diario - Bolivia\" \/>\n<meta property=\"og:description\" content=\"Londres.- El banco brit\u00e1nico Barclays anunci\u00f3 ayer la renuncia de su presidente ejecutivo Jes Staley, atrapado por sus v\u00ednculos con Jeffrey Epstein, el financiero hallado muerto en prisi\u00f3n antes de su juicio por cargos de tr\u00e1fico sexual de menores. El Barclays es el segundo mayor banco brit\u00e1nico por n\u00famero de activos y hasta ahora hab\u00eda [&hellip;]\" \/>\n<meta property=\"og:url\" content=\"https:\/\/www.eldiario.net\/portal\/2021\/11\/02\/renuncia-presidente-del-banco-barclays\/\" \/>\n<meta property=\"og:site_name\" content=\"El Diario - Bolivia\" \/>\n<meta property=\"article:publisher\" content=\"https:\/\/www.facebook.com\/eldiario.bolivia\/\" \/>\n<meta property=\"article:published_time\" content=\"2021-11-02T09:18:22+00:00\" \/>\n<meta name=\"author\" content=\"Jeanette\" \/>\n<meta name=\"twitter:card\" content=\"summary_large_image\" \/>\n<meta name=\"twitter:creator\" content=\"@eldiario_net\" \/>\n<meta name=\"twitter:site\" content=\"@eldiario_net\" \/>\n<meta name=\"twitter:label1\" content=\"Escrito por\" \/>\n\t<meta name=\"twitter:data1\" content=\"Jeanette\" \/>\n\t<meta name=\"twitter:label2\" content=\"Tiempo de lectura\" \/>\n\t<meta name=\"twitter:data2\" content=\"2 minutos\" \/>\n<script type=\"application\/ld+json\" class=\"yoast-schema-graph\">{\"@context\":\"https:\\\/\\\/schema.org\",\"@graph\":[{\"@type\":\"Article\",\"@id\":\"https:\\\/\\\/www.eldiario.net\\\/portal\\\/2021\\\/11\\\/02\\\/renuncia-presidente-del-banco-barclays\\\/#article\",\"isPartOf\":{\"@id\":\"https:\\\/\\\/www.eldiario.net\\\/portal\\\/2021\\\/11\\\/02\\\/renuncia-presidente-del-banco-barclays\\\/\"},\"author\":{\"name\":\"Jeanette\",\"@id\":\"https:\\\/\\\/www.eldiario.net\\\/portal\\\/#\\\/schema\\\/person\\\/2c57cf2b7a7ae032e449e4c9b1019eac\"},\"headline\":\"Renuncia presidente del banco Barclays\",\"datePublished\":\"2021-11-02T09:18:22+00:00\",\"mainEntityOfPage\":{\"@id\":\"https:\\\/\\\/www.eldiario.net\\\/portal\\\/2021\\\/11\\\/02\\\/renuncia-presidente-del-banco-barclays\\\/\"},\"wordCount\":438,\"publisher\":{\"@id\":\"https:\\\/\\\/www.eldiario.net\\\/portal\\\/#organization\"},\"image\":{\"@id\":\"https:\\\/\\\/www.eldiario.net\\\/portal\\\/2021\\\/11\\\/02\\\/renuncia-presidente-del-banco-barclays\\\/#primaryimage\"},\"thumbnailUrl\":\"\",\"articleSection\":[\"Internacional\"],\"inLanguage\":\"es\"},{\"@type\":\"WebPage\",\"@id\":\"https:\\\/\\\/www.eldiario.net\\\/portal\\\/2021\\\/11\\\/02\\\/renuncia-presidente-del-banco-barclays\\\/\",\"url\":\"https:\\\/\\\/www.eldiario.net\\\/portal\\\/2021\\\/11\\\/02\\\/renuncia-presidente-del-banco-barclays\\\/\",\"name\":\"Renuncia presidente del banco Barclays - El Diario - Bolivia\",\"isPartOf\":{\"@id\":\"https:\\\/\\\/www.eldiario.net\\\/portal\\\/#website\"},\"primaryImageOfPage\":{\"@id\":\"https:\\\/\\\/www.eldiario.net\\\/portal\\\/2021\\\/11\\\/02\\\/renuncia-presidente-del-banco-barclays\\\/#primaryimage\"},\"image\":{\"@id\":\"https:\\\/\\\/www.eldiario.net\\\/portal\\\/2021\\\/11\\\/02\\\/renuncia-presidente-del-banco-barclays\\\/#primaryimage\"},\"thumbnailUrl\":\"\",\"datePublished\":\"2021-11-02T09:18:22+00:00\",\"breadcrumb\":{\"@id\":\"https:\\\/\\\/www.eldiario.net\\\/portal\\\/2021\\\/11\\\/02\\\/renuncia-presidente-del-banco-barclays\\\/#breadcrumb\"},\"inLanguage\":\"es\",\"potentialAction\":[{\"@type\":\"ReadAction\",\"target\":[\"https:\\\/\\\/www.eldiario.net\\\/portal\\\/2021\\\/11\\\/02\\\/renuncia-presidente-del-banco-barclays\\\/\"]}]},{\"@type\":\"ImageObject\",\"inLanguage\":\"es\",\"@id\":\"https:\\\/\\\/www.eldiario.net\\\/portal\\\/2021\\\/11\\\/02\\\/renuncia-presidente-del-banco-barclays\\\/#primaryimage\",\"url\":\"\",\"contentUrl\":\"\"},{\"@type\":\"BreadcrumbList\",\"@id\":\"https:\\\/\\\/www.eldiario.net\\\/portal\\\/2021\\\/11\\\/02\\\/renuncia-presidente-del-banco-barclays\\\/#breadcrumb\",\"itemListElement\":[{\"@type\":\"ListItem\",\"position\":1,\"name\":\"Portada\",\"item\":\"https:\\\/\\\/www.eldiario.net\\\/portal\\\/\"},{\"@type\":\"ListItem\",\"position\":2,\"name\":\"Renuncia presidente del banco Barclays\"}]},{\"@type\":\"WebSite\",\"@id\":\"https:\\\/\\\/www.eldiario.net\\\/portal\\\/#website\",\"url\":\"https:\\\/\\\/www.eldiario.net\\\/portal\\\/\",\"name\":\"El Diario - Decano de la prensa nacional\",\"description\":\"El Diario - Decano de la prensa nacional\",\"publisher\":{\"@id\":\"https:\\\/\\\/www.eldiario.net\\\/portal\\\/#organization\"},\"potentialAction\":[{\"@type\":\"SearchAction\",\"target\":{\"@type\":\"EntryPoint\",\"urlTemplate\":\"https:\\\/\\\/www.eldiario.net\\\/portal\\\/?s={search_term_string}\"},\"query-input\":{\"@type\":\"PropertyValueSpecification\",\"valueRequired\":true,\"valueName\":\"search_term_string\"}}],\"inLanguage\":\"es\"},{\"@type\":\"Organization\",\"@id\":\"https:\\\/\\\/www.eldiario.net\\\/portal\\\/#organization\",\"name\":\"El Diario - Decano de la prensa nacional\",\"url\":\"https:\\\/\\\/www.eldiario.net\\\/portal\\\/\",\"logo\":{\"@type\":\"ImageObject\",\"inLanguage\":\"es\",\"@id\":\"https:\\\/\\\/www.eldiario.net\\\/portal\\\/#\\\/schema\\\/logo\\\/image\\\/\",\"url\":\"https:\\\/\\\/www.eldiario.net\\\/portal\\\/wp-content\\\/uploads\\\/2023\\\/07\\\/logo_ED.jpg\",\"contentUrl\":\"https:\\\/\\\/www.eldiario.net\\\/portal\\\/wp-content\\\/uploads\\\/2023\\\/07\\\/logo_ED.jpg\",\"width\":272,\"height\":52,\"caption\":\"El Diario - Decano de la prensa nacional\"},\"image\":{\"@id\":\"https:\\\/\\\/www.eldiario.net\\\/portal\\\/#\\\/schema\\\/logo\\\/image\\\/\"},\"sameAs\":[\"https:\\\/\\\/www.facebook.com\\\/eldiario.bolivia\\\/\",\"https:\\\/\\\/x.com\\\/eldiario_net\"]},{\"@type\":\"Person\",\"@id\":\"https:\\\/\\\/www.eldiario.net\\\/portal\\\/#\\\/schema\\\/person\\\/2c57cf2b7a7ae032e449e4c9b1019eac\",\"name\":\"Jeanette\",\"image\":{\"@type\":\"ImageObject\",\"inLanguage\":\"es\",\"@id\":\"https:\\\/\\\/secure.gravatar.com\\\/avatar\\\/3ea2118a5f7dad2b7138b1187a6b7ee55f160b9968b66013c3a3ef39dd7e5798?s=96&d=mm&r=g\",\"url\":\"https:\\\/\\\/secure.gravatar.com\\\/avatar\\\/3ea2118a5f7dad2b7138b1187a6b7ee55f160b9968b66013c3a3ef39dd7e5798?s=96&d=mm&r=g\",\"contentUrl\":\"https:\\\/\\\/secure.gravatar.com\\\/avatar\\\/3ea2118a5f7dad2b7138b1187a6b7ee55f160b9968b66013c3a3ef39dd7e5798?s=96&d=mm&r=g\",\"caption\":\"Jeanette\"},\"sameAs\":[\"https:\\\/\\\/www.eldiario.net\\\/portal\"],\"url\":\"https:\\\/\\\/www.eldiario.net\\\/portal\\\/author\\\/jeanette\\\/\"}]}<\/script>\n<!-- \/ Yoast SEO plugin. -->","yoast_head_json":{"title":"Renuncia presidente del banco Barclays - El Diario - Bolivia","robots":{"index":"index","follow":"follow","max-snippet":"max-snippet:-1","max-image-preview":"max-image-preview:large","max-video-preview":"max-video-preview:-1"},"canonical":"https:\/\/www.eldiario.net\/portal\/2021\/11\/02\/renuncia-presidente-del-banco-barclays\/","og_locale":"es_ES","og_type":"article","og_title":"Renuncia presidente del banco Barclays - El Diario - Bolivia","og_description":"Londres.- El banco brit\u00e1nico Barclays anunci\u00f3 ayer la renuncia de su presidente ejecutivo Jes Staley, atrapado por sus v\u00ednculos con Jeffrey Epstein, el financiero hallado muerto en prisi\u00f3n antes de su juicio por cargos de tr\u00e1fico sexual de menores. El Barclays es el segundo mayor banco brit\u00e1nico por n\u00famero de activos y hasta ahora hab\u00eda [&hellip;]","og_url":"https:\/\/www.eldiario.net\/portal\/2021\/11\/02\/renuncia-presidente-del-banco-barclays\/","og_site_name":"El Diario - Bolivia","article_publisher":"https:\/\/www.facebook.com\/eldiario.bolivia\/","article_published_time":"2021-11-02T09:18:22+00:00","author":"Jeanette","twitter_card":"summary_large_image","twitter_creator":"@eldiario_net","twitter_site":"@eldiario_net","twitter_misc":{"Escrito por":"Jeanette","Tiempo de lectura":"2 minutos"},"schema":{"@context":"https:\/\/schema.org","@graph":[{"@type":"Article","@id":"https:\/\/www.eldiario.net\/portal\/2021\/11\/02\/renuncia-presidente-del-banco-barclays\/#article","isPartOf":{"@id":"https:\/\/www.eldiario.net\/portal\/2021\/11\/02\/renuncia-presidente-del-banco-barclays\/"},"author":{"name":"Jeanette","@id":"https:\/\/www.eldiario.net\/portal\/#\/schema\/person\/2c57cf2b7a7ae032e449e4c9b1019eac"},"headline":"Renuncia presidente del banco Barclays","datePublished":"2021-11-02T09:18:22+00:00","mainEntityOfPage":{"@id":"https:\/\/www.eldiario.net\/portal\/2021\/11\/02\/renuncia-presidente-del-banco-barclays\/"},"wordCount":438,"publisher":{"@id":"https:\/\/www.eldiario.net\/portal\/#organization"},"image":{"@id":"https:\/\/www.eldiario.net\/portal\/2021\/11\/02\/renuncia-presidente-del-banco-barclays\/#primaryimage"},"thumbnailUrl":"","articleSection":["Internacional"],"inLanguage":"es"},{"@type":"WebPage","@id":"https:\/\/www.eldiario.net\/portal\/2021\/11\/02\/renuncia-presidente-del-banco-barclays\/","url":"https:\/\/www.eldiario.net\/portal\/2021\/11\/02\/renuncia-presidente-del-banco-barclays\/","name":"Renuncia presidente del banco Barclays - El Diario - Bolivia","isPartOf":{"@id":"https:\/\/www.eldiario.net\/portal\/#website"},"primaryImageOfPage":{"@id":"https:\/\/www.eldiario.net\/portal\/2021\/11\/02\/renuncia-presidente-del-banco-barclays\/#primaryimage"},"image":{"@id":"https:\/\/www.eldiario.net\/portal\/2021\/11\/02\/renuncia-presidente-del-banco-barclays\/#primaryimage"},"thumbnailUrl":"","datePublished":"2021-11-02T09:18:22+00:00","breadcrumb":{"@id":"https:\/\/www.eldiario.net\/portal\/2021\/11\/02\/renuncia-presidente-del-banco-barclays\/#breadcrumb"},"inLanguage":"es","potentialAction":[{"@type":"ReadAction","target":["https:\/\/www.eldiario.net\/portal\/2021\/11\/02\/renuncia-presidente-del-banco-barclays\/"]}]},{"@type":"ImageObject","inLanguage":"es","@id":"https:\/\/www.eldiario.net\/portal\/2021\/11\/02\/renuncia-presidente-del-banco-barclays\/#primaryimage","url":"","contentUrl":""},{"@type":"BreadcrumbList","@id":"https:\/\/www.eldiario.net\/portal\/2021\/11\/02\/renuncia-presidente-del-banco-barclays\/#breadcrumb","itemListElement":[{"@type":"ListItem","position":1,"name":"Portada","item":"https:\/\/www.eldiario.net\/portal\/"},{"@type":"ListItem","position":2,"name":"Renuncia presidente del banco Barclays"}]},{"@type":"WebSite","@id":"https:\/\/www.eldiario.net\/portal\/#website","url":"https:\/\/www.eldiario.net\/portal\/","name":"El Diario - Decano de la prensa nacional","description":"El Diario - Decano de la prensa nacional","publisher":{"@id":"https:\/\/www.eldiario.net\/portal\/#organization"},"potentialAction":[{"@type":"SearchAction","target":{"@type":"EntryPoint","urlTemplate":"https:\/\/www.eldiario.net\/portal\/?s={search_term_string}"},"query-input":{"@type":"PropertyValueSpecification","valueRequired":true,"valueName":"search_term_string"}}],"inLanguage":"es"},{"@type":"Organization","@id":"https:\/\/www.eldiario.net\/portal\/#organization","name":"El Diario - Decano de la prensa nacional","url":"https:\/\/www.eldiario.net\/portal\/","logo":{"@type":"ImageObject","inLanguage":"es","@id":"https:\/\/www.eldiario.net\/portal\/#\/schema\/logo\/image\/","url":"https:\/\/www.eldiario.net\/portal\/wp-content\/uploads\/2023\/07\/logo_ED.jpg","contentUrl":"https:\/\/www.eldiario.net\/portal\/wp-content\/uploads\/2023\/07\/logo_ED.jpg","width":272,"height":52,"caption":"El Diario - Decano de la prensa nacional"},"image":{"@id":"https:\/\/www.eldiario.net\/portal\/#\/schema\/logo\/image\/"},"sameAs":["https:\/\/www.facebook.com\/eldiario.bolivia\/","https:\/\/x.com\/eldiario_net"]},{"@type":"Person","@id":"https:\/\/www.eldiario.net\/portal\/#\/schema\/person\/2c57cf2b7a7ae032e449e4c9b1019eac","name":"Jeanette","image":{"@type":"ImageObject","inLanguage":"es","@id":"https:\/\/secure.gravatar.com\/avatar\/3ea2118a5f7dad2b7138b1187a6b7ee55f160b9968b66013c3a3ef39dd7e5798?s=96&d=mm&r=g","url":"https:\/\/secure.gravatar.com\/avatar\/3ea2118a5f7dad2b7138b1187a6b7ee55f160b9968b66013c3a3ef39dd7e5798?s=96&d=mm&r=g","contentUrl":"https:\/\/secure.gravatar.com\/avatar\/3ea2118a5f7dad2b7138b1187a6b7ee55f160b9968b66013c3a3ef39dd7e5798?s=96&d=mm&r=g","caption":"Jeanette"},"sameAs":["https:\/\/www.eldiario.net\/portal"],"url":"https:\/\/www.eldiario.net\/portal\/author\/jeanette\/"}]}},"_links":{"self":[{"href":"https:\/\/www.eldiario.net\/portal\/wp-json\/wp\/v2\/posts\/40366","targetHints":{"allow":["GET"]}}],"collection":[{"href":"https:\/\/www.eldiario.net\/portal\/wp-json\/wp\/v2\/posts"}],"about":[{"href":"https:\/\/www.eldiario.net\/portal\/wp-json\/wp\/v2\/types\/post"}],"author":[{"embeddable":true,"href":"https:\/\/www.eldiario.net\/portal\/wp-json\/wp\/v2\/users\/1"}],"replies":[{"embeddable":true,"href":"https:\/\/www.eldiario.net\/portal\/wp-json\/wp\/v2\/comments?post=40366"}],"version-history":[{"count":0,"href":"https:\/\/www.eldiario.net\/portal\/wp-json\/wp\/v2\/posts\/40366\/revisions"}],"wp:attachment":[{"href":"https:\/\/www.eldiario.net\/portal\/wp-json\/wp\/v2\/media?parent=40366"}],"wp:term":[{"taxonomy":"category","embeddable":true,"href":"https:\/\/www.eldiario.net\/portal\/wp-json\/wp\/v2\/categories?post=40366"},{"taxonomy":"post_tag","embeddable":true,"href":"https:\/\/www.eldiario.net\/portal\/wp-json\/wp\/v2\/tags?post=40366"}],"curies":[{"name":"wp","href":"https:\/\/api.w.org\/{rel}","templated":true}]}}