{"id":403637,"date":"2026-06-14T05:17:30","date_gmt":"2026-06-14T09:17:30","guid":{"rendered":"https:\/\/www.eldiario.net\/portal\/?p=403637"},"modified":"2026-06-14T05:17:30","modified_gmt":"2026-06-14T09:17:30","slug":"coyote-vs-acme-el-coyote-finalmente-contraataca-en-el-evento-familiar-del-ano","status":"publish","type":"post","link":"https:\/\/www.eldiario.net\/portal\/2026\/06\/14\/coyote-vs-acme-el-coyote-finalmente-contraataca-en-el-evento-familiar-del-ano\/","title":{"rendered":"\u00abCoyote vs. Acme\u00bb: el Coyote finalmente contraataca en el evento familiar del a\u00f1o"},"content":{"rendered":"<p>Despu\u00e9s de d\u00e9cadas de yunques, cohetes y planes fallidos, ha llegado el momento de la revancha. \u00abCoyote vs. Acme\u00bb llega a los cines para recuperar el cari\u00f1o hist\u00f3rico que los Looney Tunes han mantenido en Latinoam\u00e9rica durante generaciones, combinando la nostalgia cl\u00e1sica con un humor inteligente que conquistar\u00e1 a ni\u00f1os, millennials y fans hist\u00f3ricos por igual.<br \/>\nDirigida por Dave Green (\u00abTeenage Mutant Ninja Turtles: Out of the Shadows\u00bb) y con guion de James Gunn (\u00abGuardianes de la Galaxia\u00bb, \u00abThe Suicide Squad\u00bb), Samy Burch y Jeremy Slater, esta pel\u00edcula h\u00edbrida de live-action y animaci\u00f3n plantea la premisa m\u00e1s absurda y genial del universo Looney Tunes: \u00bfqu\u00e9 pasar\u00eda si el Coyote decidiera demandar a ACME, la compa\u00f1\u00eda responsable de todos sus productos defectuosos?<br \/>\nJohn Cena lidera el elenco humano acompa\u00f1ado por Will Forte (conocido por SNL y \u00abThe Last Man on Earth\u00bb), Lana Condor (protagonista de \u00abTo All the Boys I&#8217;ve Loved Before\u00bb) y Tone Bell, en una historia donde la comedia f\u00edsica cl\u00e1sica se encuentra con la s\u00e1tira corporativa moderna. El resultado es un evento cinematogr\u00e1fico familiar que funciona en m\u00faltiples niveles: los m\u00e1s peque\u00f1os disfrutar\u00e1n la animaci\u00f3n y el caos visual, mientras que los adultos reconocer\u00e1n el humor y las referencias.<br \/>\nLo que distingue a \u00abCoyote vs. Acme\u00bb es su enfoque multigeneracional. Los ni\u00f1os de 6 a 12 a\u00f1os descubrir\u00e1n por primera vez el ingenio del Coyote y la velocidad del Correcaminos. Los millennials y Gen Z encontrar\u00e1n en la trama una cr\u00edtica sat\u00edrica a las grandes corporaciones, mientras que los adultos de 25 a 45 a\u00f1os revivir\u00e1n las tardes de monitos animados que marcaron su infancia. Es una pel\u00edcula que abuelos, padres e hijos pueden disfrutar juntos, cada uno desde su propia perspectiva.<br \/>\nProducida por Warner Bros. Pictures Animation, la pel\u00edcula representa el regreso triunfal de uno de los personajes m\u00e1s queridos de la historia de la animaci\u00f3n. A diferencia de otros intentos de adaptar personajes cl\u00e1sicos, esta producci\u00f3n respeta el legado de Chuck Jones \u2014creador original del Coyote y el Correcaminos\u2014 mientras lo actualiza para una nueva era.<br \/>\nEl juicio m\u00e1s absurdo de la historia est\u00e1 por comenzar. Y esta vez, el destino del desierto \u2014y el coraz\u00f3n de una nueva generaci\u00f3n de fans\u2014 est\u00e1 en juego. Una experiencia dise\u00f1ada para compartir en familia, con cabritas en mano y risas garantizadas.<br \/>\nLlega a cines pr\u00f3ximamente. <\/p>\n","protected":false},"excerpt":{"rendered":"<p>Despu\u00e9s de d\u00e9cadas de yunques, cohetes y planes fallidos, ha llegado el momento de la revancha. \u00abCoyote vs. Acme\u00bb llega a los cines para recuperar el cari\u00f1o hist\u00f3rico que los Looney Tunes han mantenido en Latinoam\u00e9rica durante generaciones, combinando la nostalgia cl\u00e1sica con un humor inteligente que conquistar\u00e1 a ni\u00f1os, millennials y fans hist\u00f3ricos por [&hellip;]<\/p>\n","protected":false},"author":1,"featured_media":403638,"comment_status":"closed","ping_status":"open","sticky":false,"template":"","format":"standard","meta":{"_acf_changed":false,"footnotes":""},"categories":[45],"tags":[],"class_list":["post-403637","post","type-post","status-publish","format-standard","has-post-thumbnail","category-cine-mundo"],"acf":{"antetitulo":""},"yoast_head":"<!-- This site is optimized with the Yoast SEO plugin v28.3 - https:\/\/yoast.com\/product\/yoast-seo-wordpress\/ -->\n<title>&quot;Coyote vs. Acme&quot;: el Coyote finalmente contraataca en el evento familiar del a\u00f1o - El Diario - Bolivia<\/title>\n<meta name=\"robots\" content=\"index, follow, max-snippet:-1, max-image-preview:large, max-video-preview:-1\" \/>\n<link rel=\"canonical\" href=\"https:\/\/www.eldiario.net\/portal\/2026\/06\/14\/coyote-vs-acme-el-coyote-finalmente-contraataca-en-el-evento-familiar-del-ano\/\" \/>\n<meta property=\"og:locale\" content=\"es_ES\" \/>\n<meta property=\"og:type\" content=\"article\" \/>\n<meta property=\"og:title\" content=\"&quot;Coyote vs. Acme&quot;: el Coyote finalmente contraataca en el evento familiar del a\u00f1o - El Diario - Bolivia\" \/>\n<meta property=\"og:description\" content=\"Despu\u00e9s de d\u00e9cadas de yunques, cohetes y planes fallidos, ha llegado el momento de la revancha. \u00abCoyote vs. Acme\u00bb llega a los cines para recuperar el cari\u00f1o hist\u00f3rico que los Looney Tunes han mantenido en Latinoam\u00e9rica durante generaciones, combinando la nostalgia cl\u00e1sica con un humor inteligente que conquistar\u00e1 a ni\u00f1os, millennials y fans hist\u00f3ricos por [&hellip;]\" \/>\n<meta property=\"og:url\" content=\"https:\/\/www.eldiario.net\/portal\/2026\/06\/14\/coyote-vs-acme-el-coyote-finalmente-contraataca-en-el-evento-familiar-del-ano\/\" \/>\n<meta property=\"og:site_name\" content=\"El Diario - Bolivia\" \/>\n<meta property=\"article:publisher\" content=\"https:\/\/www.facebook.com\/eldiario.bolivia\/\" \/>\n<meta property=\"article:published_time\" content=\"2026-06-14T09:17:30+00:00\" \/>\n<meta property=\"og:image\" content=\"https:\/\/www.eldiario.net\/portal\/wp-content\/uploads\/2026\/06\/Coyote-vs.-Acme-el-Coyote-finalmente-contraataca-en-el-evento-familiar-del-ano-copia.webp\" \/>\n\t<meta property=\"og:image:width\" content=\"1080\" \/>\n\t<meta property=\"og:image:height\" content=\"809\" \/>\n\t<meta property=\"og:image:type\" content=\"image\/webp\" \/>\n<meta name=\"author\" content=\"Jeanette\" \/>\n<meta name=\"twitter:card\" content=\"summary_large_image\" \/>\n<meta name=\"twitter:creator\" content=\"@eldiario_net\" \/>\n<meta name=\"twitter:site\" content=\"@eldiario_net\" \/>\n<meta name=\"twitter:label1\" content=\"Escrito por\" \/>\n\t<meta name=\"twitter:data1\" content=\"Jeanette\" \/>\n\t<meta name=\"twitter:label2\" content=\"Tiempo de lectura\" \/>\n\t<meta name=\"twitter:data2\" content=\"1 minuto\" \/>\n<script type=\"application\/ld+json\" class=\"yoast-schema-graph\">{\"@context\":\"https:\\\/\\\/schema.org\",\"@graph\":[{\"@type\":\"Article\",\"@id\":\"https:\\\/\\\/www.eldiario.net\\\/portal\\\/2026\\\/06\\\/14\\\/coyote-vs-acme-el-coyote-finalmente-contraataca-en-el-evento-familiar-del-ano\\\/#article\",\"isPartOf\":{\"@id\":\"https:\\\/\\\/www.eldiario.net\\\/portal\\\/2026\\\/06\\\/14\\\/coyote-vs-acme-el-coyote-finalmente-contraataca-en-el-evento-familiar-del-ano\\\/\"},\"author\":{\"name\":\"Jeanette\",\"@id\":\"https:\\\/\\\/www.eldiario.net\\\/portal\\\/#\\\/schema\\\/person\\\/f46445640444750d7d753ccd04ae01b7\"},\"headline\":\"\u00abCoyote vs. Acme\u00bb: el Coyote finalmente contraataca en el evento familiar del a\u00f1o\",\"datePublished\":\"2026-06-14T09:17:30+00:00\",\"mainEntityOfPage\":{\"@id\":\"https:\\\/\\\/www.eldiario.net\\\/portal\\\/2026\\\/06\\\/14\\\/coyote-vs-acme-el-coyote-finalmente-contraataca-en-el-evento-familiar-del-ano\\\/\"},\"wordCount\":442,\"publisher\":{\"@id\":\"https:\\\/\\\/www.eldiario.net\\\/portal\\\/#organization\"},\"image\":{\"@id\":\"https:\\\/\\\/www.eldiario.net\\\/portal\\\/2026\\\/06\\\/14\\\/coyote-vs-acme-el-coyote-finalmente-contraataca-en-el-evento-familiar-del-ano\\\/#primaryimage\"},\"thumbnailUrl\":\"https:\\\/\\\/www.eldiario.net\\\/portal\\\/wp-content\\\/uploads\\\/2026\\\/06\\\/Coyote-vs.-Acme-el-Coyote-finalmente-contraataca-en-el-evento-familiar-del-ano-copia.webp\",\"articleSection\":[\"Cine Mundo\"],\"inLanguage\":\"es\"},{\"@type\":\"WebPage\",\"@id\":\"https:\\\/\\\/www.eldiario.net\\\/portal\\\/2026\\\/06\\\/14\\\/coyote-vs-acme-el-coyote-finalmente-contraataca-en-el-evento-familiar-del-ano\\\/\",\"url\":\"https:\\\/\\\/www.eldiario.net\\\/portal\\\/2026\\\/06\\\/14\\\/coyote-vs-acme-el-coyote-finalmente-contraataca-en-el-evento-familiar-del-ano\\\/\",\"name\":\"\\\"Coyote vs. Acme\\\": el Coyote finalmente contraataca en el evento familiar del a\u00f1o - El Diario - Bolivia\",\"isPartOf\":{\"@id\":\"https:\\\/\\\/www.eldiario.net\\\/portal\\\/#website\"},\"primaryImageOfPage\":{\"@id\":\"https:\\\/\\\/www.eldiario.net\\\/portal\\\/2026\\\/06\\\/14\\\/coyote-vs-acme-el-coyote-finalmente-contraataca-en-el-evento-familiar-del-ano\\\/#primaryimage\"},\"image\":{\"@id\":\"https:\\\/\\\/www.eldiario.net\\\/portal\\\/2026\\\/06\\\/14\\\/coyote-vs-acme-el-coyote-finalmente-contraataca-en-el-evento-familiar-del-ano\\\/#primaryimage\"},\"thumbnailUrl\":\"https:\\\/\\\/www.eldiario.net\\\/portal\\\/wp-content\\\/uploads\\\/2026\\\/06\\\/Coyote-vs.-Acme-el-Coyote-finalmente-contraataca-en-el-evento-familiar-del-ano-copia.webp\",\"datePublished\":\"2026-06-14T09:17:30+00:00\",\"breadcrumb\":{\"@id\":\"https:\\\/\\\/www.eldiario.net\\\/portal\\\/2026\\\/06\\\/14\\\/coyote-vs-acme-el-coyote-finalmente-contraataca-en-el-evento-familiar-del-ano\\\/#breadcrumb\"},\"inLanguage\":\"es\",\"potentialAction\":[{\"@type\":\"ReadAction\",\"target\":[\"https:\\\/\\\/www.eldiario.net\\\/portal\\\/2026\\\/06\\\/14\\\/coyote-vs-acme-el-coyote-finalmente-contraataca-en-el-evento-familiar-del-ano\\\/\"]}]},{\"@type\":\"ImageObject\",\"inLanguage\":\"es\",\"@id\":\"https:\\\/\\\/www.eldiario.net\\\/portal\\\/2026\\\/06\\\/14\\\/coyote-vs-acme-el-coyote-finalmente-contraataca-en-el-evento-familiar-del-ano\\\/#primaryimage\",\"url\":\"https:\\\/\\\/www.eldiario.net\\\/portal\\\/wp-content\\\/uploads\\\/2026\\\/06\\\/Coyote-vs.-Acme-el-Coyote-finalmente-contraataca-en-el-evento-familiar-del-ano-copia.webp\",\"contentUrl\":\"https:\\\/\\\/www.eldiario.net\\\/portal\\\/wp-content\\\/uploads\\\/2026\\\/06\\\/Coyote-vs.-Acme-el-Coyote-finalmente-contraataca-en-el-evento-familiar-del-ano-copia.webp\",\"width\":1080,\"height\":809},{\"@type\":\"BreadcrumbList\",\"@id\":\"https:\\\/\\\/www.eldiario.net\\\/portal\\\/2026\\\/06\\\/14\\\/coyote-vs-acme-el-coyote-finalmente-contraataca-en-el-evento-familiar-del-ano\\\/#breadcrumb\",\"itemListElement\":[{\"@type\":\"ListItem\",\"position\":1,\"name\":\"Portada\",\"item\":\"https:\\\/\\\/www.eldiario.net\\\/portal\\\/\"},{\"@type\":\"ListItem\",\"position\":2,\"name\":\"\u00abCoyote vs. Acme\u00bb: el Coyote finalmente contraataca en el evento familiar del a\u00f1o\"}]},{\"@type\":\"WebSite\",\"@id\":\"https:\\\/\\\/www.eldiario.net\\\/portal\\\/#website\",\"url\":\"https:\\\/\\\/www.eldiario.net\\\/portal\\\/\",\"name\":\"El Diario - Decano de la prensa nacional\",\"description\":\"El Diario - Decano de la prensa nacional\",\"publisher\":{\"@id\":\"https:\\\/\\\/www.eldiario.net\\\/portal\\\/#organization\"},\"potentialAction\":[{\"@type\":\"SearchAction\",\"target\":{\"@type\":\"EntryPoint\",\"urlTemplate\":\"https:\\\/\\\/www.eldiario.net\\\/portal\\\/?s={search_term_string}\"},\"query-input\":{\"@type\":\"PropertyValueSpecification\",\"valueRequired\":true,\"valueName\":\"search_term_string\"}}],\"inLanguage\":\"es\"},{\"@type\":\"Organization\",\"@id\":\"https:\\\/\\\/www.eldiario.net\\\/portal\\\/#organization\",\"name\":\"El Diario - Decano de la prensa nacional\",\"url\":\"https:\\\/\\\/www.eldiario.net\\\/portal\\\/\",\"logo\":{\"@type\":\"ImageObject\",\"inLanguage\":\"es\",\"@id\":\"https:\\\/\\\/www.eldiario.net\\\/portal\\\/#\\\/schema\\\/logo\\\/image\\\/\",\"url\":\"https:\\\/\\\/www.eldiario.net\\\/portal\\\/wp-content\\\/uploads\\\/2023\\\/07\\\/logo_ED.jpg\",\"contentUrl\":\"https:\\\/\\\/www.eldiario.net\\\/portal\\\/wp-content\\\/uploads\\\/2023\\\/07\\\/logo_ED.jpg\",\"width\":272,\"height\":52,\"caption\":\"El Diario - Decano de la prensa nacional\"},\"image\":{\"@id\":\"https:\\\/\\\/www.eldiario.net\\\/portal\\\/#\\\/schema\\\/logo\\\/image\\\/\"},\"sameAs\":[\"https:\\\/\\\/www.facebook.com\\\/eldiario.bolivia\\\/\",\"https:\\\/\\\/x.com\\\/eldiario_net\"]},{\"@type\":\"Person\",\"@id\":\"https:\\\/\\\/www.eldiario.net\\\/portal\\\/#\\\/schema\\\/person\\\/f46445640444750d7d753ccd04ae01b7\",\"name\":\"Jeanette\",\"image\":{\"@type\":\"ImageObject\",\"inLanguage\":\"es\",\"@id\":\"https:\\\/\\\/secure.gravatar.com\\\/avatar\\\/3ea2118a5f7dad2b7138b1187a6b7ee55f160b9968b66013c3a3ef39dd7e5798?s=96&d=mm&r=g\",\"url\":\"https:\\\/\\\/secure.gravatar.com\\\/avatar\\\/3ea2118a5f7dad2b7138b1187a6b7ee55f160b9968b66013c3a3ef39dd7e5798?s=96&d=mm&r=g\",\"contentUrl\":\"https:\\\/\\\/secure.gravatar.com\\\/avatar\\\/3ea2118a5f7dad2b7138b1187a6b7ee55f160b9968b66013c3a3ef39dd7e5798?s=96&d=mm&r=g\",\"caption\":\"Jeanette\"},\"sameAs\":[\"https:\\\/\\\/www.eldiario.net\\\/portal\"],\"url\":\"https:\\\/\\\/www.eldiario.net\\\/portal\\\/author\\\/jeanette\\\/\"}]}<\/script>\n<!-- \/ Yoast SEO plugin. -->","yoast_head_json":{"title":"\"Coyote vs. Acme\": el Coyote finalmente contraataca en el evento familiar del a\u00f1o - El Diario - Bolivia","robots":{"index":"index","follow":"follow","max-snippet":"max-snippet:-1","max-image-preview":"max-image-preview:large","max-video-preview":"max-video-preview:-1"},"canonical":"https:\/\/www.eldiario.net\/portal\/2026\/06\/14\/coyote-vs-acme-el-coyote-finalmente-contraataca-en-el-evento-familiar-del-ano\/","og_locale":"es_ES","og_type":"article","og_title":"\"Coyote vs. Acme\": el Coyote finalmente contraataca en el evento familiar del a\u00f1o - El Diario - Bolivia","og_description":"Despu\u00e9s de d\u00e9cadas de yunques, cohetes y planes fallidos, ha llegado el momento de la revancha. \u00abCoyote vs. Acme\u00bb llega a los cines para recuperar el cari\u00f1o hist\u00f3rico que los Looney Tunes han mantenido en Latinoam\u00e9rica durante generaciones, combinando la nostalgia cl\u00e1sica con un humor inteligente que conquistar\u00e1 a ni\u00f1os, millennials y fans hist\u00f3ricos por [&hellip;]","og_url":"https:\/\/www.eldiario.net\/portal\/2026\/06\/14\/coyote-vs-acme-el-coyote-finalmente-contraataca-en-el-evento-familiar-del-ano\/","og_site_name":"El Diario - Bolivia","article_publisher":"https:\/\/www.facebook.com\/eldiario.bolivia\/","article_published_time":"2026-06-14T09:17:30+00:00","og_image":[{"width":1080,"height":809,"url":"https:\/\/www.eldiario.net\/portal\/wp-content\/uploads\/2026\/06\/Coyote-vs.-Acme-el-Coyote-finalmente-contraataca-en-el-evento-familiar-del-ano-copia.webp","type":"image\/webp"}],"author":"Jeanette","twitter_card":"summary_large_image","twitter_creator":"@eldiario_net","twitter_site":"@eldiario_net","twitter_misc":{"Escrito por":"Jeanette","Tiempo de lectura":"1 minuto"},"schema":{"@context":"https:\/\/schema.org","@graph":[{"@type":"Article","@id":"https:\/\/www.eldiario.net\/portal\/2026\/06\/14\/coyote-vs-acme-el-coyote-finalmente-contraataca-en-el-evento-familiar-del-ano\/#article","isPartOf":{"@id":"https:\/\/www.eldiario.net\/portal\/2026\/06\/14\/coyote-vs-acme-el-coyote-finalmente-contraataca-en-el-evento-familiar-del-ano\/"},"author":{"name":"Jeanette","@id":"https:\/\/www.eldiario.net\/portal\/#\/schema\/person\/f46445640444750d7d753ccd04ae01b7"},"headline":"\u00abCoyote vs. Acme\u00bb: el Coyote finalmente contraataca en el evento familiar del a\u00f1o","datePublished":"2026-06-14T09:17:30+00:00","mainEntityOfPage":{"@id":"https:\/\/www.eldiario.net\/portal\/2026\/06\/14\/coyote-vs-acme-el-coyote-finalmente-contraataca-en-el-evento-familiar-del-ano\/"},"wordCount":442,"publisher":{"@id":"https:\/\/www.eldiario.net\/portal\/#organization"},"image":{"@id":"https:\/\/www.eldiario.net\/portal\/2026\/06\/14\/coyote-vs-acme-el-coyote-finalmente-contraataca-en-el-evento-familiar-del-ano\/#primaryimage"},"thumbnailUrl":"https:\/\/www.eldiario.net\/portal\/wp-content\/uploads\/2026\/06\/Coyote-vs.-Acme-el-Coyote-finalmente-contraataca-en-el-evento-familiar-del-ano-copia.webp","articleSection":["Cine Mundo"],"inLanguage":"es"},{"@type":"WebPage","@id":"https:\/\/www.eldiario.net\/portal\/2026\/06\/14\/coyote-vs-acme-el-coyote-finalmente-contraataca-en-el-evento-familiar-del-ano\/","url":"https:\/\/www.eldiario.net\/portal\/2026\/06\/14\/coyote-vs-acme-el-coyote-finalmente-contraataca-en-el-evento-familiar-del-ano\/","name":"\"Coyote vs. Acme\": el Coyote finalmente contraataca en el evento familiar del a\u00f1o - El Diario - Bolivia","isPartOf":{"@id":"https:\/\/www.eldiario.net\/portal\/#website"},"primaryImageOfPage":{"@id":"https:\/\/www.eldiario.net\/portal\/2026\/06\/14\/coyote-vs-acme-el-coyote-finalmente-contraataca-en-el-evento-familiar-del-ano\/#primaryimage"},"image":{"@id":"https:\/\/www.eldiario.net\/portal\/2026\/06\/14\/coyote-vs-acme-el-coyote-finalmente-contraataca-en-el-evento-familiar-del-ano\/#primaryimage"},"thumbnailUrl":"https:\/\/www.eldiario.net\/portal\/wp-content\/uploads\/2026\/06\/Coyote-vs.-Acme-el-Coyote-finalmente-contraataca-en-el-evento-familiar-del-ano-copia.webp","datePublished":"2026-06-14T09:17:30+00:00","breadcrumb":{"@id":"https:\/\/www.eldiario.net\/portal\/2026\/06\/14\/coyote-vs-acme-el-coyote-finalmente-contraataca-en-el-evento-familiar-del-ano\/#breadcrumb"},"inLanguage":"es","potentialAction":[{"@type":"ReadAction","target":["https:\/\/www.eldiario.net\/portal\/2026\/06\/14\/coyote-vs-acme-el-coyote-finalmente-contraataca-en-el-evento-familiar-del-ano\/"]}]},{"@type":"ImageObject","inLanguage":"es","@id":"https:\/\/www.eldiario.net\/portal\/2026\/06\/14\/coyote-vs-acme-el-coyote-finalmente-contraataca-en-el-evento-familiar-del-ano\/#primaryimage","url":"https:\/\/www.eldiario.net\/portal\/wp-content\/uploads\/2026\/06\/Coyote-vs.-Acme-el-Coyote-finalmente-contraataca-en-el-evento-familiar-del-ano-copia.webp","contentUrl":"https:\/\/www.eldiario.net\/portal\/wp-content\/uploads\/2026\/06\/Coyote-vs.-Acme-el-Coyote-finalmente-contraataca-en-el-evento-familiar-del-ano-copia.webp","width":1080,"height":809},{"@type":"BreadcrumbList","@id":"https:\/\/www.eldiario.net\/portal\/2026\/06\/14\/coyote-vs-acme-el-coyote-finalmente-contraataca-en-el-evento-familiar-del-ano\/#breadcrumb","itemListElement":[{"@type":"ListItem","position":1,"name":"Portada","item":"https:\/\/www.eldiario.net\/portal\/"},{"@type":"ListItem","position":2,"name":"\u00abCoyote vs. Acme\u00bb: el Coyote finalmente contraataca en el evento familiar del a\u00f1o"}]},{"@type":"WebSite","@id":"https:\/\/www.eldiario.net\/portal\/#website","url":"https:\/\/www.eldiario.net\/portal\/","name":"El Diario - Decano de la prensa nacional","description":"El Diario - Decano de la prensa nacional","publisher":{"@id":"https:\/\/www.eldiario.net\/portal\/#organization"},"potentialAction":[{"@type":"SearchAction","target":{"@type":"EntryPoint","urlTemplate":"https:\/\/www.eldiario.net\/portal\/?s={search_term_string}"},"query-input":{"@type":"PropertyValueSpecification","valueRequired":true,"valueName":"search_term_string"}}],"inLanguage":"es"},{"@type":"Organization","@id":"https:\/\/www.eldiario.net\/portal\/#organization","name":"El Diario - Decano de la prensa nacional","url":"https:\/\/www.eldiario.net\/portal\/","logo":{"@type":"ImageObject","inLanguage":"es","@id":"https:\/\/www.eldiario.net\/portal\/#\/schema\/logo\/image\/","url":"https:\/\/www.eldiario.net\/portal\/wp-content\/uploads\/2023\/07\/logo_ED.jpg","contentUrl":"https:\/\/www.eldiario.net\/portal\/wp-content\/uploads\/2023\/07\/logo_ED.jpg","width":272,"height":52,"caption":"El Diario - Decano de la prensa nacional"},"image":{"@id":"https:\/\/www.eldiario.net\/portal\/#\/schema\/logo\/image\/"},"sameAs":["https:\/\/www.facebook.com\/eldiario.bolivia\/","https:\/\/x.com\/eldiario_net"]},{"@type":"Person","@id":"https:\/\/www.eldiario.net\/portal\/#\/schema\/person\/f46445640444750d7d753ccd04ae01b7","name":"Jeanette","image":{"@type":"ImageObject","inLanguage":"es","@id":"https:\/\/secure.gravatar.com\/avatar\/3ea2118a5f7dad2b7138b1187a6b7ee55f160b9968b66013c3a3ef39dd7e5798?s=96&d=mm&r=g","url":"https:\/\/secure.gravatar.com\/avatar\/3ea2118a5f7dad2b7138b1187a6b7ee55f160b9968b66013c3a3ef39dd7e5798?s=96&d=mm&r=g","contentUrl":"https:\/\/secure.gravatar.com\/avatar\/3ea2118a5f7dad2b7138b1187a6b7ee55f160b9968b66013c3a3ef39dd7e5798?s=96&d=mm&r=g","caption":"Jeanette"},"sameAs":["https:\/\/www.eldiario.net\/portal"],"url":"https:\/\/www.eldiario.net\/portal\/author\/jeanette\/"}]}},"_links":{"self":[{"href":"https:\/\/www.eldiario.net\/portal\/wp-json\/wp\/v2\/posts\/403637","targetHints":{"allow":["GET"]}}],"collection":[{"href":"https:\/\/www.eldiario.net\/portal\/wp-json\/wp\/v2\/posts"}],"about":[{"href":"https:\/\/www.eldiario.net\/portal\/wp-json\/wp\/v2\/types\/post"}],"author":[{"embeddable":true,"href":"https:\/\/www.eldiario.net\/portal\/wp-json\/wp\/v2\/users\/1"}],"replies":[{"embeddable":true,"href":"https:\/\/www.eldiario.net\/portal\/wp-json\/wp\/v2\/comments?post=403637"}],"version-history":[{"count":1,"href":"https:\/\/www.eldiario.net\/portal\/wp-json\/wp\/v2\/posts\/403637\/revisions"}],"predecessor-version":[{"id":403639,"href":"https:\/\/www.eldiario.net\/portal\/wp-json\/wp\/v2\/posts\/403637\/revisions\/403639"}],"wp:featuredmedia":[{"embeddable":true,"href":"https:\/\/www.eldiario.net\/portal\/wp-json\/wp\/v2\/media\/403638"}],"wp:attachment":[{"href":"https:\/\/www.eldiario.net\/portal\/wp-json\/wp\/v2\/media?parent=403637"}],"wp:term":[{"taxonomy":"category","embeddable":true,"href":"https:\/\/www.eldiario.net\/portal\/wp-json\/wp\/v2\/categories?post=403637"},{"taxonomy":"post_tag","embeddable":true,"href":"https:\/\/www.eldiario.net\/portal\/wp-json\/wp\/v2\/tags?post=403637"}],"curies":[{"name":"wp","href":"https:\/\/api.w.org\/{rel}","templated":true}]}}