{"id":40363,"date":"2021-11-02T05:16:17","date_gmt":"2021-11-02T09:16:17","guid":{"rendered":"https:\/\/www.eldiario.net\/portal\/?p=40363"},"modified":"2021-11-02T05:16:17","modified_gmt":"2021-11-02T09:16:17","slug":"enmallaran-areas-verdes-para-protegerlas-de-avasalladores","status":"publish","type":"post","link":"https:\/\/www.eldiario.net\/portal\/2021\/11\/02\/enmallaran-areas-verdes-para-protegerlas-de-avasalladores\/","title":{"rendered":"Enmallar\u00e1n \u00e1reas verdes para protegerlas de avasalladores"},"content":{"rendered":"<p>En noviembre las \u00e1reas verdes de La Paz ser\u00e1n enmalladas, con el fin de evitar la toma de predios p\u00fablicos por avasalladores, que los catalog\u00f3 como \u201cmafias organizadas\u201d que se apropian de propiedades p\u00fablicas.<\/p>\n<p>\u201cNosotros estamos trabajando con los vecinos y a partir de noviembre vamos a empezar a enmallar un mont\u00f3n de \u00e1reas. A nombre de la pobreza hay un mont\u00f3n de loteadores que le venden a la gente propiedades que no les corresponden, se van a otros municipios, hacen aparecer papeles, es gente organizada que se est\u00e1 apropiando del bien ajeno\u201d, inform\u00f3 Arias entrevistado en una radio nacional.<\/p>\n<p>La primera autoridad de La Paz record\u00f3 que lo ocurrido en Santa Cruz en la localidad de Guarayos y en el predio de Las Londras \u2013donde no hay detenidos pese a que los secuestradores de periodistas estaban armados y destruyeron equipos de prensa\u2013 no es un hecho exclusivo de esa regi\u00f3n del pa\u00eds, sino que ocurre tambi\u00e9n en la ciudad de La Paz y en \u00e1reas urbanas.<\/p>\n<p>El jueves 28 una comitiva de la Asociaci\u00f3n de Productores de Oleaginosas y Trigo (Anapo), acompa\u00f1ada por periodistas, Polic\u00edas y trabajadores fueron retenidos en el referido predio por grupos de encapuchados armados que los golpearon ye retuvieron por espacio de siete horas.<\/p>\n<p>\u201cPareciera que el tema del avasallamiento es de Santa Cruz, del \u00e1rea rural, no, en las ciudades y especialmente en este municipio (La Paz) hay avasalladores que tienen pr\u00e1cticas casi delincuenciales, son grupos mafiosos, grupos paramilitares que tienen fuerza, presionan, amenazan; los vecinos que se convierten en los grandes protectores (de \u00e1reas verdes), los que m\u00e1s denuncian esto, son amenazados; son verdaderos grupos de mafias que ponen en zozobra a muchos ciudadanos\u201d, explic\u00f3 Arias.<\/p>\n<p>Para la primera autoridad de La Paz el anuncio realizado por el presidente Luis Arce y otras autoridades nacionales sobre \u201caplicar mano dura\u201d a los avasalladores, no solamente debe ser \u201ccon los avasalladores de tierras rurales, sino tambi\u00e9n en las ciudades y especialmente en la ciudad de La Paz\u201d.<\/p>\n","protected":false},"excerpt":{"rendered":"<p>En noviembre las \u00e1reas verdes de La Paz ser\u00e1n enmalladas, con el fin de evitar la toma de predios p\u00fablicos por avasalladores, que los catalog\u00f3 como \u201cmafias organizadas\u201d que se apropian de propiedades p\u00fablicas. \u201cNosotros estamos trabajando con los vecinos y a partir de noviembre vamos a empezar a enmallar un mont\u00f3n de \u00e1reas. A [&hellip;]<\/p>\n","protected":false},"author":1,"featured_media":40364,"comment_status":"closed","ping_status":"closed","sticky":false,"template":"","format":"standard","meta":{"_acf_changed":false,"footnotes":""},"categories":[12],"tags":[],"class_list":["post-40363","post","type-post","status-publish","format-standard","has-post-thumbnail","category-nacional"],"acf":{"antetitulo":""},"yoast_head":"<!-- This site is optimized with the Yoast SEO plugin v28.4 - https:\/\/yoast.com\/product\/yoast-seo-wordpress\/ -->\n<title>Enmallar\u00e1n \u00e1reas verdes para protegerlas de avasalladores - El Diario - Bolivia<\/title>\n<meta name=\"robots\" content=\"index, follow, max-snippet:-1, max-image-preview:large, max-video-preview:-1\" \/>\n<link rel=\"canonical\" href=\"https:\/\/www.eldiario.net\/portal\/2021\/11\/02\/enmallaran-areas-verdes-para-protegerlas-de-avasalladores\/\" \/>\n<meta property=\"og:locale\" content=\"es_ES\" \/>\n<meta property=\"og:type\" content=\"article\" \/>\n<meta property=\"og:title\" content=\"Enmallar\u00e1n \u00e1reas verdes para protegerlas de avasalladores - El Diario - Bolivia\" \/>\n<meta property=\"og:description\" content=\"En noviembre las \u00e1reas verdes de La Paz ser\u00e1n enmalladas, con el fin de evitar la toma de predios p\u00fablicos por avasalladores, que los catalog\u00f3 como \u201cmafias organizadas\u201d que se apropian de propiedades p\u00fablicas. \u201cNosotros estamos trabajando con los vecinos y a partir de noviembre vamos a empezar a enmallar un mont\u00f3n de \u00e1reas. A [&hellip;]\" \/>\n<meta property=\"og:url\" content=\"https:\/\/www.eldiario.net\/portal\/2021\/11\/02\/enmallaran-areas-verdes-para-protegerlas-de-avasalladores\/\" \/>\n<meta property=\"og:site_name\" content=\"El Diario - Bolivia\" \/>\n<meta property=\"article:publisher\" content=\"https:\/\/www.facebook.com\/eldiario.bolivia\/\" \/>\n<meta property=\"article:published_time\" content=\"2021-11-02T09:16:17+00:00\" \/>\n<meta name=\"author\" content=\"Jeanette\" \/>\n<meta name=\"twitter:card\" content=\"summary_large_image\" \/>\n<meta name=\"twitter:creator\" content=\"@eldiario_net\" \/>\n<meta name=\"twitter:site\" content=\"@eldiario_net\" \/>\n<meta name=\"twitter:label1\" content=\"Escrito por\" \/>\n\t<meta name=\"twitter:data1\" content=\"Jeanette\" \/>\n\t<meta name=\"twitter:label2\" content=\"Tiempo de lectura\" \/>\n\t<meta name=\"twitter:data2\" content=\"2 minutos\" \/>\n<script type=\"application\/ld+json\" class=\"yoast-schema-graph\">{\"@context\":\"https:\\\/\\\/schema.org\",\"@graph\":[{\"@type\":\"Article\",\"@id\":\"https:\\\/\\\/www.eldiario.net\\\/portal\\\/2021\\\/11\\\/02\\\/enmallaran-areas-verdes-para-protegerlas-de-avasalladores\\\/#article\",\"isPartOf\":{\"@id\":\"https:\\\/\\\/www.eldiario.net\\\/portal\\\/2021\\\/11\\\/02\\\/enmallaran-areas-verdes-para-protegerlas-de-avasalladores\\\/\"},\"author\":{\"name\":\"Jeanette\",\"@id\":\"https:\\\/\\\/www.eldiario.net\\\/portal\\\/#\\\/schema\\\/person\\\/2c57cf2b7a7ae032e449e4c9b1019eac\"},\"headline\":\"Enmallar\u00e1n \u00e1reas verdes para protegerlas de avasalladores\",\"datePublished\":\"2021-11-02T09:16:17+00:00\",\"mainEntityOfPage\":{\"@id\":\"https:\\\/\\\/www.eldiario.net\\\/portal\\\/2021\\\/11\\\/02\\\/enmallaran-areas-verdes-para-protegerlas-de-avasalladores\\\/\"},\"wordCount\":353,\"publisher\":{\"@id\":\"https:\\\/\\\/www.eldiario.net\\\/portal\\\/#organization\"},\"image\":{\"@id\":\"https:\\\/\\\/www.eldiario.net\\\/portal\\\/2021\\\/11\\\/02\\\/enmallaran-areas-verdes-para-protegerlas-de-avasalladores\\\/#primaryimage\"},\"thumbnailUrl\":\"\",\"articleSection\":[\"Nacional\"],\"inLanguage\":\"es\"},{\"@type\":\"WebPage\",\"@id\":\"https:\\\/\\\/www.eldiario.net\\\/portal\\\/2021\\\/11\\\/02\\\/enmallaran-areas-verdes-para-protegerlas-de-avasalladores\\\/\",\"url\":\"https:\\\/\\\/www.eldiario.net\\\/portal\\\/2021\\\/11\\\/02\\\/enmallaran-areas-verdes-para-protegerlas-de-avasalladores\\\/\",\"name\":\"Enmallar\u00e1n \u00e1reas verdes para protegerlas de avasalladores - El Diario - Bolivia\",\"isPartOf\":{\"@id\":\"https:\\\/\\\/www.eldiario.net\\\/portal\\\/#website\"},\"primaryImageOfPage\":{\"@id\":\"https:\\\/\\\/www.eldiario.net\\\/portal\\\/2021\\\/11\\\/02\\\/enmallaran-areas-verdes-para-protegerlas-de-avasalladores\\\/#primaryimage\"},\"image\":{\"@id\":\"https:\\\/\\\/www.eldiario.net\\\/portal\\\/2021\\\/11\\\/02\\\/enmallaran-areas-verdes-para-protegerlas-de-avasalladores\\\/#primaryimage\"},\"thumbnailUrl\":\"\",\"datePublished\":\"2021-11-02T09:16:17+00:00\",\"breadcrumb\":{\"@id\":\"https:\\\/\\\/www.eldiario.net\\\/portal\\\/2021\\\/11\\\/02\\\/enmallaran-areas-verdes-para-protegerlas-de-avasalladores\\\/#breadcrumb\"},\"inLanguage\":\"es\",\"potentialAction\":[{\"@type\":\"ReadAction\",\"target\":[\"https:\\\/\\\/www.eldiario.net\\\/portal\\\/2021\\\/11\\\/02\\\/enmallaran-areas-verdes-para-protegerlas-de-avasalladores\\\/\"]}]},{\"@type\":\"ImageObject\",\"inLanguage\":\"es\",\"@id\":\"https:\\\/\\\/www.eldiario.net\\\/portal\\\/2021\\\/11\\\/02\\\/enmallaran-areas-verdes-para-protegerlas-de-avasalladores\\\/#primaryimage\",\"url\":\"\",\"contentUrl\":\"\"},{\"@type\":\"BreadcrumbList\",\"@id\":\"https:\\\/\\\/www.eldiario.net\\\/portal\\\/2021\\\/11\\\/02\\\/enmallaran-areas-verdes-para-protegerlas-de-avasalladores\\\/#breadcrumb\",\"itemListElement\":[{\"@type\":\"ListItem\",\"position\":1,\"name\":\"Portada\",\"item\":\"https:\\\/\\\/www.eldiario.net\\\/portal\\\/\"},{\"@type\":\"ListItem\",\"position\":2,\"name\":\"Enmallar\u00e1n \u00e1reas verdes para protegerlas de avasalladores\"}]},{\"@type\":\"WebSite\",\"@id\":\"https:\\\/\\\/www.eldiario.net\\\/portal\\\/#website\",\"url\":\"https:\\\/\\\/www.eldiario.net\\\/portal\\\/\",\"name\":\"El Diario - Decano de la prensa nacional\",\"description\":\"El Diario - Decano de la prensa nacional\",\"publisher\":{\"@id\":\"https:\\\/\\\/www.eldiario.net\\\/portal\\\/#organization\"},\"potentialAction\":[{\"@type\":\"SearchAction\",\"target\":{\"@type\":\"EntryPoint\",\"urlTemplate\":\"https:\\\/\\\/www.eldiario.net\\\/portal\\\/?s={search_term_string}\"},\"query-input\":{\"@type\":\"PropertyValueSpecification\",\"valueRequired\":true,\"valueName\":\"search_term_string\"}}],\"inLanguage\":\"es\"},{\"@type\":\"Organization\",\"@id\":\"https:\\\/\\\/www.eldiario.net\\\/portal\\\/#organization\",\"name\":\"El Diario - Decano de la prensa nacional\",\"url\":\"https:\\\/\\\/www.eldiario.net\\\/portal\\\/\",\"logo\":{\"@type\":\"ImageObject\",\"inLanguage\":\"es\",\"@id\":\"https:\\\/\\\/www.eldiario.net\\\/portal\\\/#\\\/schema\\\/logo\\\/image\\\/\",\"url\":\"https:\\\/\\\/www.eldiario.net\\\/portal\\\/wp-content\\\/uploads\\\/2023\\\/07\\\/logo_ED.jpg\",\"contentUrl\":\"https:\\\/\\\/www.eldiario.net\\\/portal\\\/wp-content\\\/uploads\\\/2023\\\/07\\\/logo_ED.jpg\",\"width\":272,\"height\":52,\"caption\":\"El Diario - Decano de la prensa nacional\"},\"image\":{\"@id\":\"https:\\\/\\\/www.eldiario.net\\\/portal\\\/#\\\/schema\\\/logo\\\/image\\\/\"},\"sameAs\":[\"https:\\\/\\\/www.facebook.com\\\/eldiario.bolivia\\\/\",\"https:\\\/\\\/x.com\\\/eldiario_net\"]},{\"@type\":\"Person\",\"@id\":\"https:\\\/\\\/www.eldiario.net\\\/portal\\\/#\\\/schema\\\/person\\\/2c57cf2b7a7ae032e449e4c9b1019eac\",\"name\":\"Jeanette\",\"image\":{\"@type\":\"ImageObject\",\"inLanguage\":\"es\",\"@id\":\"https:\\\/\\\/secure.gravatar.com\\\/avatar\\\/3ea2118a5f7dad2b7138b1187a6b7ee55f160b9968b66013c3a3ef39dd7e5798?s=96&d=mm&r=g\",\"url\":\"https:\\\/\\\/secure.gravatar.com\\\/avatar\\\/3ea2118a5f7dad2b7138b1187a6b7ee55f160b9968b66013c3a3ef39dd7e5798?s=96&d=mm&r=g\",\"contentUrl\":\"https:\\\/\\\/secure.gravatar.com\\\/avatar\\\/3ea2118a5f7dad2b7138b1187a6b7ee55f160b9968b66013c3a3ef39dd7e5798?s=96&d=mm&r=g\",\"caption\":\"Jeanette\"},\"sameAs\":[\"https:\\\/\\\/www.eldiario.net\\\/portal\"],\"url\":\"https:\\\/\\\/www.eldiario.net\\\/portal\\\/author\\\/jeanette\\\/\"}]}<\/script>\n<!-- \/ Yoast SEO plugin. -->","yoast_head_json":{"title":"Enmallar\u00e1n \u00e1reas verdes para protegerlas de avasalladores - El Diario - Bolivia","robots":{"index":"index","follow":"follow","max-snippet":"max-snippet:-1","max-image-preview":"max-image-preview:large","max-video-preview":"max-video-preview:-1"},"canonical":"https:\/\/www.eldiario.net\/portal\/2021\/11\/02\/enmallaran-areas-verdes-para-protegerlas-de-avasalladores\/","og_locale":"es_ES","og_type":"article","og_title":"Enmallar\u00e1n \u00e1reas verdes para protegerlas de avasalladores - El Diario - Bolivia","og_description":"En noviembre las \u00e1reas verdes de La Paz ser\u00e1n enmalladas, con el fin de evitar la toma de predios p\u00fablicos por avasalladores, que los catalog\u00f3 como \u201cmafias organizadas\u201d que se apropian de propiedades p\u00fablicas. \u201cNosotros estamos trabajando con los vecinos y a partir de noviembre vamos a empezar a enmallar un mont\u00f3n de \u00e1reas. A [&hellip;]","og_url":"https:\/\/www.eldiario.net\/portal\/2021\/11\/02\/enmallaran-areas-verdes-para-protegerlas-de-avasalladores\/","og_site_name":"El Diario - Bolivia","article_publisher":"https:\/\/www.facebook.com\/eldiario.bolivia\/","article_published_time":"2021-11-02T09:16:17+00:00","author":"Jeanette","twitter_card":"summary_large_image","twitter_creator":"@eldiario_net","twitter_site":"@eldiario_net","twitter_misc":{"Escrito por":"Jeanette","Tiempo de lectura":"2 minutos"},"schema":{"@context":"https:\/\/schema.org","@graph":[{"@type":"Article","@id":"https:\/\/www.eldiario.net\/portal\/2021\/11\/02\/enmallaran-areas-verdes-para-protegerlas-de-avasalladores\/#article","isPartOf":{"@id":"https:\/\/www.eldiario.net\/portal\/2021\/11\/02\/enmallaran-areas-verdes-para-protegerlas-de-avasalladores\/"},"author":{"name":"Jeanette","@id":"https:\/\/www.eldiario.net\/portal\/#\/schema\/person\/2c57cf2b7a7ae032e449e4c9b1019eac"},"headline":"Enmallar\u00e1n \u00e1reas verdes para protegerlas de avasalladores","datePublished":"2021-11-02T09:16:17+00:00","mainEntityOfPage":{"@id":"https:\/\/www.eldiario.net\/portal\/2021\/11\/02\/enmallaran-areas-verdes-para-protegerlas-de-avasalladores\/"},"wordCount":353,"publisher":{"@id":"https:\/\/www.eldiario.net\/portal\/#organization"},"image":{"@id":"https:\/\/www.eldiario.net\/portal\/2021\/11\/02\/enmallaran-areas-verdes-para-protegerlas-de-avasalladores\/#primaryimage"},"thumbnailUrl":"","articleSection":["Nacional"],"inLanguage":"es"},{"@type":"WebPage","@id":"https:\/\/www.eldiario.net\/portal\/2021\/11\/02\/enmallaran-areas-verdes-para-protegerlas-de-avasalladores\/","url":"https:\/\/www.eldiario.net\/portal\/2021\/11\/02\/enmallaran-areas-verdes-para-protegerlas-de-avasalladores\/","name":"Enmallar\u00e1n \u00e1reas verdes para protegerlas de avasalladores - El Diario - Bolivia","isPartOf":{"@id":"https:\/\/www.eldiario.net\/portal\/#website"},"primaryImageOfPage":{"@id":"https:\/\/www.eldiario.net\/portal\/2021\/11\/02\/enmallaran-areas-verdes-para-protegerlas-de-avasalladores\/#primaryimage"},"image":{"@id":"https:\/\/www.eldiario.net\/portal\/2021\/11\/02\/enmallaran-areas-verdes-para-protegerlas-de-avasalladores\/#primaryimage"},"thumbnailUrl":"","datePublished":"2021-11-02T09:16:17+00:00","breadcrumb":{"@id":"https:\/\/www.eldiario.net\/portal\/2021\/11\/02\/enmallaran-areas-verdes-para-protegerlas-de-avasalladores\/#breadcrumb"},"inLanguage":"es","potentialAction":[{"@type":"ReadAction","target":["https:\/\/www.eldiario.net\/portal\/2021\/11\/02\/enmallaran-areas-verdes-para-protegerlas-de-avasalladores\/"]}]},{"@type":"ImageObject","inLanguage":"es","@id":"https:\/\/www.eldiario.net\/portal\/2021\/11\/02\/enmallaran-areas-verdes-para-protegerlas-de-avasalladores\/#primaryimage","url":"","contentUrl":""},{"@type":"BreadcrumbList","@id":"https:\/\/www.eldiario.net\/portal\/2021\/11\/02\/enmallaran-areas-verdes-para-protegerlas-de-avasalladores\/#breadcrumb","itemListElement":[{"@type":"ListItem","position":1,"name":"Portada","item":"https:\/\/www.eldiario.net\/portal\/"},{"@type":"ListItem","position":2,"name":"Enmallar\u00e1n \u00e1reas verdes para protegerlas de avasalladores"}]},{"@type":"WebSite","@id":"https:\/\/www.eldiario.net\/portal\/#website","url":"https:\/\/www.eldiario.net\/portal\/","name":"El Diario - Decano de la prensa nacional","description":"El Diario - Decano de la prensa nacional","publisher":{"@id":"https:\/\/www.eldiario.net\/portal\/#organization"},"potentialAction":[{"@type":"SearchAction","target":{"@type":"EntryPoint","urlTemplate":"https:\/\/www.eldiario.net\/portal\/?s={search_term_string}"},"query-input":{"@type":"PropertyValueSpecification","valueRequired":true,"valueName":"search_term_string"}}],"inLanguage":"es"},{"@type":"Organization","@id":"https:\/\/www.eldiario.net\/portal\/#organization","name":"El Diario - Decano de la prensa nacional","url":"https:\/\/www.eldiario.net\/portal\/","logo":{"@type":"ImageObject","inLanguage":"es","@id":"https:\/\/www.eldiario.net\/portal\/#\/schema\/logo\/image\/","url":"https:\/\/www.eldiario.net\/portal\/wp-content\/uploads\/2023\/07\/logo_ED.jpg","contentUrl":"https:\/\/www.eldiario.net\/portal\/wp-content\/uploads\/2023\/07\/logo_ED.jpg","width":272,"height":52,"caption":"El Diario - Decano de la prensa nacional"},"image":{"@id":"https:\/\/www.eldiario.net\/portal\/#\/schema\/logo\/image\/"},"sameAs":["https:\/\/www.facebook.com\/eldiario.bolivia\/","https:\/\/x.com\/eldiario_net"]},{"@type":"Person","@id":"https:\/\/www.eldiario.net\/portal\/#\/schema\/person\/2c57cf2b7a7ae032e449e4c9b1019eac","name":"Jeanette","image":{"@type":"ImageObject","inLanguage":"es","@id":"https:\/\/secure.gravatar.com\/avatar\/3ea2118a5f7dad2b7138b1187a6b7ee55f160b9968b66013c3a3ef39dd7e5798?s=96&d=mm&r=g","url":"https:\/\/secure.gravatar.com\/avatar\/3ea2118a5f7dad2b7138b1187a6b7ee55f160b9968b66013c3a3ef39dd7e5798?s=96&d=mm&r=g","contentUrl":"https:\/\/secure.gravatar.com\/avatar\/3ea2118a5f7dad2b7138b1187a6b7ee55f160b9968b66013c3a3ef39dd7e5798?s=96&d=mm&r=g","caption":"Jeanette"},"sameAs":["https:\/\/www.eldiario.net\/portal"],"url":"https:\/\/www.eldiario.net\/portal\/author\/jeanette\/"}]}},"_links":{"self":[{"href":"https:\/\/www.eldiario.net\/portal\/wp-json\/wp\/v2\/posts\/40363","targetHints":{"allow":["GET"]}}],"collection":[{"href":"https:\/\/www.eldiario.net\/portal\/wp-json\/wp\/v2\/posts"}],"about":[{"href":"https:\/\/www.eldiario.net\/portal\/wp-json\/wp\/v2\/types\/post"}],"author":[{"embeddable":true,"href":"https:\/\/www.eldiario.net\/portal\/wp-json\/wp\/v2\/users\/1"}],"replies":[{"embeddable":true,"href":"https:\/\/www.eldiario.net\/portal\/wp-json\/wp\/v2\/comments?post=40363"}],"version-history":[{"count":0,"href":"https:\/\/www.eldiario.net\/portal\/wp-json\/wp\/v2\/posts\/40363\/revisions"}],"wp:attachment":[{"href":"https:\/\/www.eldiario.net\/portal\/wp-json\/wp\/v2\/media?parent=40363"}],"wp:term":[{"taxonomy":"category","embeddable":true,"href":"https:\/\/www.eldiario.net\/portal\/wp-json\/wp\/v2\/categories?post=40363"},{"taxonomy":"post_tag","embeddable":true,"href":"https:\/\/www.eldiario.net\/portal\/wp-json\/wp\/v2\/tags?post=40363"}],"curies":[{"name":"wp","href":"https:\/\/api.w.org\/{rel}","templated":true}]}}