{"id":40360,"date":"2021-11-02T05:15:13","date_gmt":"2021-11-02T09:15:13","guid":{"rendered":"https:\/\/www.eldiario.net\/portal\/?p=40360"},"modified":"2021-11-02T05:15:13","modified_gmt":"2021-11-02T09:15:13","slug":"visitas-al-cementerio-general-son-de-0730-a-1630-horas","status":"publish","type":"post","link":"https:\/\/www.eldiario.net\/portal\/2021\/11\/02\/visitas-al-cementerio-general-son-de-0730-a-1630-horas\/","title":{"rendered":"Visitas al Cementerio General son de 07:30 a 16:30 horas"},"content":{"rendered":"<p>El Cementerio General de La Paz atiende los d\u00edas en que se celebra la festividad de Todos Santos de 07:30 a 16:30 horas, adem\u00e1s los funcionarios controlan medidas de bioseguridad al ingreso e interior del camposanto.<\/p>\n<p>\u201cLa restricci\u00f3n es no traer alimentos, bebidas, sillas, mesas, porque no van a poder ingresar y bueno, hemos tenido una buena respuesta de la ciudadan\u00eda entre s\u00e1bado y domingo\u201d, inform\u00f3 la directora de la Entidad Descentralizada Municipal de Cementerios de La Paz, Patricia Endara.<\/p>\n<p>Hasta el martes se celebra la fiesta de Todos Santos y gran parte de la poblaci\u00f3n acostumbra visitar los nichos de sus allegados. Endara dijo que la proyecci\u00f3n es recibir en el camposanto a un promedio de 70.000 personas cada d\u00eda.<\/p>\n<p>Precis\u00f3 que habilitaron dos puertas para ingreso y salida, la principal y una especial para adultos mayores. Al momento de entrar se revisan la temperatura corporal, exigen uso de barbijo y hay una c\u00e1mara de desinfecci\u00f3n, detall\u00f3 Endara.<\/p>\n<p>\u201cRecomendamos que porten sus carnet de vacunas anticovid o tenga la prueba PCR, no traiga ni\u00f1os o mayores o que sean vulnerables la virus\u201d, agreg\u00f3 la funcionaria municipal. Destac\u00f3 el comportamiento de la poblaci\u00f3n el 29 de octubre, cuando 5.000 pace\u00f1os participaron de la Larga Noche en el Cementerio, reflej\u00f3 AMN.<\/p>\n<p>Record\u00f3 otras restricciones vigentes, como no llevar bebidas, sillas, sombrillas ni mascotas. Endara afirm\u00f3 que el ingreso al Cementerio General es gratuito, al igual que en La Llamita de Perif\u00e9rica y devel\u00f3 que registraron denuncias en este \u00faltimo camposanto por supuestos cobros. \u201cNo se dejen sorprender, el ingreso es libre\u201d, agreg\u00f3.<\/p>\n<p>En fin de semana, varias personas acudieron al camposanto para depositar flores a las tumbas de sus seres queridos; Endara lament\u00f3 que algunas personas consumieron bebidas alcoh\u00f3licas la interior y asegur\u00f3 que los desalojaron. Pero tambi\u00e9n decomisaron comida que, seg\u00fan los que portaban, era para los nichos.<\/p>\n<p>Foto: Es imprescindible portar documentos de vacunaci\u00f3n para ingresar al Cementerio General.<\/p>\n","protected":false},"excerpt":{"rendered":"<p>El Cementerio General de La Paz atiende los d\u00edas en que se celebra la festividad de Todos Santos de 07:30 a 16:30 horas, adem\u00e1s los funcionarios controlan medidas de bioseguridad al ingreso e interior del camposanto. \u201cLa restricci\u00f3n es no traer alimentos, bebidas, sillas, mesas, porque no van a poder ingresar y bueno, hemos tenido [&hellip;]<\/p>\n","protected":false},"author":1,"featured_media":40361,"comment_status":"closed","ping_status":"closed","sticky":false,"template":"","format":"standard","meta":{"_acf_changed":false,"footnotes":""},"categories":[12],"tags":[],"class_list":["post-40360","post","type-post","status-publish","format-standard","has-post-thumbnail","category-nacional"],"acf":{"antetitulo":""},"yoast_head":"<!-- This site is optimized with the Yoast SEO plugin v28.4 - https:\/\/yoast.com\/product\/yoast-seo-wordpress\/ -->\n<title>Visitas al Cementerio General son de 07:30 a 16:30 horas - El Diario - Bolivia<\/title>\n<meta name=\"robots\" content=\"index, follow, max-snippet:-1, max-image-preview:large, max-video-preview:-1\" \/>\n<link rel=\"canonical\" href=\"https:\/\/www.eldiario.net\/portal\/2021\/11\/02\/visitas-al-cementerio-general-son-de-0730-a-1630-horas\/\" \/>\n<meta property=\"og:locale\" content=\"es_ES\" \/>\n<meta property=\"og:type\" content=\"article\" \/>\n<meta property=\"og:title\" content=\"Visitas al Cementerio General son de 07:30 a 16:30 horas - El Diario - Bolivia\" \/>\n<meta property=\"og:description\" content=\"El Cementerio General de La Paz atiende los d\u00edas en que se celebra la festividad de Todos Santos de 07:30 a 16:30 horas, adem\u00e1s los funcionarios controlan medidas de bioseguridad al ingreso e interior del camposanto. \u201cLa restricci\u00f3n es no traer alimentos, bebidas, sillas, mesas, porque no van a poder ingresar y bueno, hemos tenido [&hellip;]\" \/>\n<meta property=\"og:url\" content=\"https:\/\/www.eldiario.net\/portal\/2021\/11\/02\/visitas-al-cementerio-general-son-de-0730-a-1630-horas\/\" \/>\n<meta property=\"og:site_name\" content=\"El Diario - Bolivia\" \/>\n<meta property=\"article:publisher\" content=\"https:\/\/www.facebook.com\/eldiario.bolivia\/\" \/>\n<meta property=\"article:published_time\" content=\"2021-11-02T09:15:13+00:00\" \/>\n<meta name=\"author\" content=\"Jeanette\" \/>\n<meta name=\"twitter:card\" content=\"summary_large_image\" \/>\n<meta name=\"twitter:creator\" content=\"@eldiario_net\" \/>\n<meta name=\"twitter:site\" content=\"@eldiario_net\" \/>\n<meta name=\"twitter:label1\" content=\"Escrito por\" \/>\n\t<meta name=\"twitter:data1\" content=\"Jeanette\" \/>\n\t<meta name=\"twitter:label2\" content=\"Tiempo de lectura\" \/>\n\t<meta name=\"twitter:data2\" content=\"2 minutos\" \/>\n<script type=\"application\/ld+json\" class=\"yoast-schema-graph\">{\"@context\":\"https:\\\/\\\/schema.org\",\"@graph\":[{\"@type\":\"Article\",\"@id\":\"https:\\\/\\\/www.eldiario.net\\\/portal\\\/2021\\\/11\\\/02\\\/visitas-al-cementerio-general-son-de-0730-a-1630-horas\\\/#article\",\"isPartOf\":{\"@id\":\"https:\\\/\\\/www.eldiario.net\\\/portal\\\/2021\\\/11\\\/02\\\/visitas-al-cementerio-general-son-de-0730-a-1630-horas\\\/\"},\"author\":{\"name\":\"Jeanette\",\"@id\":\"https:\\\/\\\/www.eldiario.net\\\/portal\\\/#\\\/schema\\\/person\\\/2c57cf2b7a7ae032e449e4c9b1019eac\"},\"headline\":\"Visitas al Cementerio General son de 07:30 a 16:30 horas\",\"datePublished\":\"2021-11-02T09:15:13+00:00\",\"mainEntityOfPage\":{\"@id\":\"https:\\\/\\\/www.eldiario.net\\\/portal\\\/2021\\\/11\\\/02\\\/visitas-al-cementerio-general-son-de-0730-a-1630-horas\\\/\"},\"wordCount\":341,\"publisher\":{\"@id\":\"https:\\\/\\\/www.eldiario.net\\\/portal\\\/#organization\"},\"image\":{\"@id\":\"https:\\\/\\\/www.eldiario.net\\\/portal\\\/2021\\\/11\\\/02\\\/visitas-al-cementerio-general-son-de-0730-a-1630-horas\\\/#primaryimage\"},\"thumbnailUrl\":\"\",\"articleSection\":[\"Nacional\"],\"inLanguage\":\"es\"},{\"@type\":\"WebPage\",\"@id\":\"https:\\\/\\\/www.eldiario.net\\\/portal\\\/2021\\\/11\\\/02\\\/visitas-al-cementerio-general-son-de-0730-a-1630-horas\\\/\",\"url\":\"https:\\\/\\\/www.eldiario.net\\\/portal\\\/2021\\\/11\\\/02\\\/visitas-al-cementerio-general-son-de-0730-a-1630-horas\\\/\",\"name\":\"Visitas al Cementerio General son de 07:30 a 16:30 horas - El Diario - Bolivia\",\"isPartOf\":{\"@id\":\"https:\\\/\\\/www.eldiario.net\\\/portal\\\/#website\"},\"primaryImageOfPage\":{\"@id\":\"https:\\\/\\\/www.eldiario.net\\\/portal\\\/2021\\\/11\\\/02\\\/visitas-al-cementerio-general-son-de-0730-a-1630-horas\\\/#primaryimage\"},\"image\":{\"@id\":\"https:\\\/\\\/www.eldiario.net\\\/portal\\\/2021\\\/11\\\/02\\\/visitas-al-cementerio-general-son-de-0730-a-1630-horas\\\/#primaryimage\"},\"thumbnailUrl\":\"\",\"datePublished\":\"2021-11-02T09:15:13+00:00\",\"breadcrumb\":{\"@id\":\"https:\\\/\\\/www.eldiario.net\\\/portal\\\/2021\\\/11\\\/02\\\/visitas-al-cementerio-general-son-de-0730-a-1630-horas\\\/#breadcrumb\"},\"inLanguage\":\"es\",\"potentialAction\":[{\"@type\":\"ReadAction\",\"target\":[\"https:\\\/\\\/www.eldiario.net\\\/portal\\\/2021\\\/11\\\/02\\\/visitas-al-cementerio-general-son-de-0730-a-1630-horas\\\/\"]}]},{\"@type\":\"ImageObject\",\"inLanguage\":\"es\",\"@id\":\"https:\\\/\\\/www.eldiario.net\\\/portal\\\/2021\\\/11\\\/02\\\/visitas-al-cementerio-general-son-de-0730-a-1630-horas\\\/#primaryimage\",\"url\":\"\",\"contentUrl\":\"\"},{\"@type\":\"BreadcrumbList\",\"@id\":\"https:\\\/\\\/www.eldiario.net\\\/portal\\\/2021\\\/11\\\/02\\\/visitas-al-cementerio-general-son-de-0730-a-1630-horas\\\/#breadcrumb\",\"itemListElement\":[{\"@type\":\"ListItem\",\"position\":1,\"name\":\"Portada\",\"item\":\"https:\\\/\\\/www.eldiario.net\\\/portal\\\/\"},{\"@type\":\"ListItem\",\"position\":2,\"name\":\"Visitas al Cementerio General son de 07:30 a 16:30 horas\"}]},{\"@type\":\"WebSite\",\"@id\":\"https:\\\/\\\/www.eldiario.net\\\/portal\\\/#website\",\"url\":\"https:\\\/\\\/www.eldiario.net\\\/portal\\\/\",\"name\":\"El Diario - Decano de la prensa nacional\",\"description\":\"El Diario - Decano de la prensa nacional\",\"publisher\":{\"@id\":\"https:\\\/\\\/www.eldiario.net\\\/portal\\\/#organization\"},\"potentialAction\":[{\"@type\":\"SearchAction\",\"target\":{\"@type\":\"EntryPoint\",\"urlTemplate\":\"https:\\\/\\\/www.eldiario.net\\\/portal\\\/?s={search_term_string}\"},\"query-input\":{\"@type\":\"PropertyValueSpecification\",\"valueRequired\":true,\"valueName\":\"search_term_string\"}}],\"inLanguage\":\"es\"},{\"@type\":\"Organization\",\"@id\":\"https:\\\/\\\/www.eldiario.net\\\/portal\\\/#organization\",\"name\":\"El Diario - Decano de la prensa nacional\",\"url\":\"https:\\\/\\\/www.eldiario.net\\\/portal\\\/\",\"logo\":{\"@type\":\"ImageObject\",\"inLanguage\":\"es\",\"@id\":\"https:\\\/\\\/www.eldiario.net\\\/portal\\\/#\\\/schema\\\/logo\\\/image\\\/\",\"url\":\"https:\\\/\\\/www.eldiario.net\\\/portal\\\/wp-content\\\/uploads\\\/2023\\\/07\\\/logo_ED.jpg\",\"contentUrl\":\"https:\\\/\\\/www.eldiario.net\\\/portal\\\/wp-content\\\/uploads\\\/2023\\\/07\\\/logo_ED.jpg\",\"width\":272,\"height\":52,\"caption\":\"El Diario - Decano de la prensa nacional\"},\"image\":{\"@id\":\"https:\\\/\\\/www.eldiario.net\\\/portal\\\/#\\\/schema\\\/logo\\\/image\\\/\"},\"sameAs\":[\"https:\\\/\\\/www.facebook.com\\\/eldiario.bolivia\\\/\",\"https:\\\/\\\/x.com\\\/eldiario_net\"]},{\"@type\":\"Person\",\"@id\":\"https:\\\/\\\/www.eldiario.net\\\/portal\\\/#\\\/schema\\\/person\\\/2c57cf2b7a7ae032e449e4c9b1019eac\",\"name\":\"Jeanette\",\"image\":{\"@type\":\"ImageObject\",\"inLanguage\":\"es\",\"@id\":\"https:\\\/\\\/secure.gravatar.com\\\/avatar\\\/3ea2118a5f7dad2b7138b1187a6b7ee55f160b9968b66013c3a3ef39dd7e5798?s=96&d=mm&r=g\",\"url\":\"https:\\\/\\\/secure.gravatar.com\\\/avatar\\\/3ea2118a5f7dad2b7138b1187a6b7ee55f160b9968b66013c3a3ef39dd7e5798?s=96&d=mm&r=g\",\"contentUrl\":\"https:\\\/\\\/secure.gravatar.com\\\/avatar\\\/3ea2118a5f7dad2b7138b1187a6b7ee55f160b9968b66013c3a3ef39dd7e5798?s=96&d=mm&r=g\",\"caption\":\"Jeanette\"},\"sameAs\":[\"https:\\\/\\\/www.eldiario.net\\\/portal\"],\"url\":\"https:\\\/\\\/www.eldiario.net\\\/portal\\\/author\\\/jeanette\\\/\"}]}<\/script>\n<!-- \/ Yoast SEO plugin. -->","yoast_head_json":{"title":"Visitas al Cementerio General son de 07:30 a 16:30 horas - El Diario - Bolivia","robots":{"index":"index","follow":"follow","max-snippet":"max-snippet:-1","max-image-preview":"max-image-preview:large","max-video-preview":"max-video-preview:-1"},"canonical":"https:\/\/www.eldiario.net\/portal\/2021\/11\/02\/visitas-al-cementerio-general-son-de-0730-a-1630-horas\/","og_locale":"es_ES","og_type":"article","og_title":"Visitas al Cementerio General son de 07:30 a 16:30 horas - El Diario - Bolivia","og_description":"El Cementerio General de La Paz atiende los d\u00edas en que se celebra la festividad de Todos Santos de 07:30 a 16:30 horas, adem\u00e1s los funcionarios controlan medidas de bioseguridad al ingreso e interior del camposanto. \u201cLa restricci\u00f3n es no traer alimentos, bebidas, sillas, mesas, porque no van a poder ingresar y bueno, hemos tenido [&hellip;]","og_url":"https:\/\/www.eldiario.net\/portal\/2021\/11\/02\/visitas-al-cementerio-general-son-de-0730-a-1630-horas\/","og_site_name":"El Diario - Bolivia","article_publisher":"https:\/\/www.facebook.com\/eldiario.bolivia\/","article_published_time":"2021-11-02T09:15:13+00:00","author":"Jeanette","twitter_card":"summary_large_image","twitter_creator":"@eldiario_net","twitter_site":"@eldiario_net","twitter_misc":{"Escrito por":"Jeanette","Tiempo de lectura":"2 minutos"},"schema":{"@context":"https:\/\/schema.org","@graph":[{"@type":"Article","@id":"https:\/\/www.eldiario.net\/portal\/2021\/11\/02\/visitas-al-cementerio-general-son-de-0730-a-1630-horas\/#article","isPartOf":{"@id":"https:\/\/www.eldiario.net\/portal\/2021\/11\/02\/visitas-al-cementerio-general-son-de-0730-a-1630-horas\/"},"author":{"name":"Jeanette","@id":"https:\/\/www.eldiario.net\/portal\/#\/schema\/person\/2c57cf2b7a7ae032e449e4c9b1019eac"},"headline":"Visitas al Cementerio General son de 07:30 a 16:30 horas","datePublished":"2021-11-02T09:15:13+00:00","mainEntityOfPage":{"@id":"https:\/\/www.eldiario.net\/portal\/2021\/11\/02\/visitas-al-cementerio-general-son-de-0730-a-1630-horas\/"},"wordCount":341,"publisher":{"@id":"https:\/\/www.eldiario.net\/portal\/#organization"},"image":{"@id":"https:\/\/www.eldiario.net\/portal\/2021\/11\/02\/visitas-al-cementerio-general-son-de-0730-a-1630-horas\/#primaryimage"},"thumbnailUrl":"","articleSection":["Nacional"],"inLanguage":"es"},{"@type":"WebPage","@id":"https:\/\/www.eldiario.net\/portal\/2021\/11\/02\/visitas-al-cementerio-general-son-de-0730-a-1630-horas\/","url":"https:\/\/www.eldiario.net\/portal\/2021\/11\/02\/visitas-al-cementerio-general-son-de-0730-a-1630-horas\/","name":"Visitas al Cementerio General son de 07:30 a 16:30 horas - El Diario - Bolivia","isPartOf":{"@id":"https:\/\/www.eldiario.net\/portal\/#website"},"primaryImageOfPage":{"@id":"https:\/\/www.eldiario.net\/portal\/2021\/11\/02\/visitas-al-cementerio-general-son-de-0730-a-1630-horas\/#primaryimage"},"image":{"@id":"https:\/\/www.eldiario.net\/portal\/2021\/11\/02\/visitas-al-cementerio-general-son-de-0730-a-1630-horas\/#primaryimage"},"thumbnailUrl":"","datePublished":"2021-11-02T09:15:13+00:00","breadcrumb":{"@id":"https:\/\/www.eldiario.net\/portal\/2021\/11\/02\/visitas-al-cementerio-general-son-de-0730-a-1630-horas\/#breadcrumb"},"inLanguage":"es","potentialAction":[{"@type":"ReadAction","target":["https:\/\/www.eldiario.net\/portal\/2021\/11\/02\/visitas-al-cementerio-general-son-de-0730-a-1630-horas\/"]}]},{"@type":"ImageObject","inLanguage":"es","@id":"https:\/\/www.eldiario.net\/portal\/2021\/11\/02\/visitas-al-cementerio-general-son-de-0730-a-1630-horas\/#primaryimage","url":"","contentUrl":""},{"@type":"BreadcrumbList","@id":"https:\/\/www.eldiario.net\/portal\/2021\/11\/02\/visitas-al-cementerio-general-son-de-0730-a-1630-horas\/#breadcrumb","itemListElement":[{"@type":"ListItem","position":1,"name":"Portada","item":"https:\/\/www.eldiario.net\/portal\/"},{"@type":"ListItem","position":2,"name":"Visitas al Cementerio General son de 07:30 a 16:30 horas"}]},{"@type":"WebSite","@id":"https:\/\/www.eldiario.net\/portal\/#website","url":"https:\/\/www.eldiario.net\/portal\/","name":"El Diario - Decano de la prensa nacional","description":"El Diario - Decano de la prensa nacional","publisher":{"@id":"https:\/\/www.eldiario.net\/portal\/#organization"},"potentialAction":[{"@type":"SearchAction","target":{"@type":"EntryPoint","urlTemplate":"https:\/\/www.eldiario.net\/portal\/?s={search_term_string}"},"query-input":{"@type":"PropertyValueSpecification","valueRequired":true,"valueName":"search_term_string"}}],"inLanguage":"es"},{"@type":"Organization","@id":"https:\/\/www.eldiario.net\/portal\/#organization","name":"El Diario - Decano de la prensa nacional","url":"https:\/\/www.eldiario.net\/portal\/","logo":{"@type":"ImageObject","inLanguage":"es","@id":"https:\/\/www.eldiario.net\/portal\/#\/schema\/logo\/image\/","url":"https:\/\/www.eldiario.net\/portal\/wp-content\/uploads\/2023\/07\/logo_ED.jpg","contentUrl":"https:\/\/www.eldiario.net\/portal\/wp-content\/uploads\/2023\/07\/logo_ED.jpg","width":272,"height":52,"caption":"El Diario - Decano de la prensa nacional"},"image":{"@id":"https:\/\/www.eldiario.net\/portal\/#\/schema\/logo\/image\/"},"sameAs":["https:\/\/www.facebook.com\/eldiario.bolivia\/","https:\/\/x.com\/eldiario_net"]},{"@type":"Person","@id":"https:\/\/www.eldiario.net\/portal\/#\/schema\/person\/2c57cf2b7a7ae032e449e4c9b1019eac","name":"Jeanette","image":{"@type":"ImageObject","inLanguage":"es","@id":"https:\/\/secure.gravatar.com\/avatar\/3ea2118a5f7dad2b7138b1187a6b7ee55f160b9968b66013c3a3ef39dd7e5798?s=96&d=mm&r=g","url":"https:\/\/secure.gravatar.com\/avatar\/3ea2118a5f7dad2b7138b1187a6b7ee55f160b9968b66013c3a3ef39dd7e5798?s=96&d=mm&r=g","contentUrl":"https:\/\/secure.gravatar.com\/avatar\/3ea2118a5f7dad2b7138b1187a6b7ee55f160b9968b66013c3a3ef39dd7e5798?s=96&d=mm&r=g","caption":"Jeanette"},"sameAs":["https:\/\/www.eldiario.net\/portal"],"url":"https:\/\/www.eldiario.net\/portal\/author\/jeanette\/"}]}},"_links":{"self":[{"href":"https:\/\/www.eldiario.net\/portal\/wp-json\/wp\/v2\/posts\/40360","targetHints":{"allow":["GET"]}}],"collection":[{"href":"https:\/\/www.eldiario.net\/portal\/wp-json\/wp\/v2\/posts"}],"about":[{"href":"https:\/\/www.eldiario.net\/portal\/wp-json\/wp\/v2\/types\/post"}],"author":[{"embeddable":true,"href":"https:\/\/www.eldiario.net\/portal\/wp-json\/wp\/v2\/users\/1"}],"replies":[{"embeddable":true,"href":"https:\/\/www.eldiario.net\/portal\/wp-json\/wp\/v2\/comments?post=40360"}],"version-history":[{"count":0,"href":"https:\/\/www.eldiario.net\/portal\/wp-json\/wp\/v2\/posts\/40360\/revisions"}],"wp:attachment":[{"href":"https:\/\/www.eldiario.net\/portal\/wp-json\/wp\/v2\/media?parent=40360"}],"wp:term":[{"taxonomy":"category","embeddable":true,"href":"https:\/\/www.eldiario.net\/portal\/wp-json\/wp\/v2\/categories?post=40360"},{"taxonomy":"post_tag","embeddable":true,"href":"https:\/\/www.eldiario.net\/portal\/wp-json\/wp\/v2\/tags?post=40360"}],"curies":[{"name":"wp","href":"https:\/\/api.w.org\/{rel}","templated":true}]}}