{"id":4036,"date":"2021-05-15T08:29:34","date_gmt":"2021-05-15T12:29:34","guid":{"rendered":"https:\/\/www.eldiario.net\/portal\/?p=4036"},"modified":"2021-05-15T08:29:34","modified_gmt":"2021-05-15T12:29:34","slug":"fiscalia-admite-denuncia-contra-expresidente-del-tse","status":"publish","type":"post","link":"https:\/\/www.eldiario.net\/portal\/2021\/05\/15\/fiscalia-admite-denuncia-contra-expresidente-del-tse\/","title":{"rendered":"Fiscal\u00eda admite denuncia  contra expresidente del TSE"},"content":{"rendered":"<p>El diputado del Movimiento al Socialismo (MAS), Ramiro Venegas, inform\u00f3 ayer que la Fiscal\u00eda admiti\u00f3 la denuncia contra el expresidente del Tribunal Supremo Electoral (TSE) Salvador Romero por el presunto delito de incumplimiento de deberes, al no haber presentado dos peticiones de informe escrito en 2019.<br \/>\nEl 1 de mayo de 2021, Venegas inform\u00f3 que inici\u00f3 un proceso judicial contra Romero, porque no respondi\u00f3 a peticiones de informe que le hizo de manera formal.<br \/>\nLa denuncia fue presentada ante la Fiscal\u00eda y el TSE el pasado 28 de abril, sin embargo, una hora despu\u00e9s de entregar el oficio en el ente electoral, Romero anunci\u00f3 su renuncia al cargo.<br \/>\nDe acuerdo con el memorial de la denuncia, las peticiones de informe escrito, de parte del diputado Venegas, se remitieron el 1 y 4 de febrero. Las mismas piden informaci\u00f3n sobre los hechos de 2019, la carta que hab\u00eda enviado la vocal Rosario Baptista a Luis Almagro y otros temas inherentes al \u00d3rgano Electoral.<br \/>\nAnte la falta de respuesta de Romero, el 11 de marzo la C\u00e1mara de Diputados envi\u00f3 una nota de reclamo al entonces presidente del TSE, requiri\u00e9ndose una respuesta oportuna a las peticiones de informes.<br \/>\nHabi\u00e9ndose vencido los plazos, Romero solicit\u00f3 el 23 de marzo una ampliaci\u00f3n de 15 d\u00edas, sin embargo, a la fecha de la denuncia (28 de abril) la informaci\u00f3n no hab\u00eda sido remitida, seg\u00fan el memorial.<br \/>\nRomero, designado por la expresidenta Jeanine A\u00f1ez, renunci\u00f3 a su cargo de vocal y presidente del TSE el 29 de abril, tras haber cumplido el proceso electoral de las elecciones subnacionales de este a\u00f1o y generales de 2020.<\/p>\n<p>FRAUDE<br \/>\nPor otro lado, el pasado 19 de marzo, el fiscal general, Juan Lanchipa, inform\u00f3 que los vocales electorales de los nueve departamentos fueron liberados del caso fraude electoral, cinco d\u00edas antes el \u00d3rgano Judicial envi\u00f3 con detenci\u00f3n preventiva a la expresidenta Jeanine A\u00f1ez y dos ministros de su gesti\u00f3n.<br \/>\nA solicitud del entonces presidente Evo Morales, la Organizaci\u00f3n de Estados Americanos (OEA) realiz\u00f3 auditor\u00eda a las elecciones del 20 de octubre de 2019 y estableci\u00f3 que hubo \u201coperaciones dolosas\u201d, las que alteraron \u201cla voluntad expresada en las urnas\u201d, y entre las \u201cacciones deliberadas que buscaron manipular el resultado de la elecci\u00f3n\u201d menciona la \u201cparalizaci\u00f3n intencional y arbitraria, sin fundamentos t\u00e9cnicos, del TREP\u201d o conteo r\u00e1pido.<br \/>\nEn la oportunidad, Lanchipa aclar\u00f3 que las demandas penales contra cinco de los siete exvocales del TSE quedaron \u201cpendientes\u201d.<br \/>\nLa Fiscal\u00eda ampli\u00f3 la investigaci\u00f3n por tres meses, no obstante, los cinco investigados solicitaron sobreseimiento y el archivo de obrados porque arguyen que no se pudo comprobar alg\u00fan grado de responsabilidad en su contra.<br \/>\nLos exvocales del TSE fueron imputados por manipulaci\u00f3n inform\u00e1tica, incumplimiento de deberes, falsedad material, falsedad ideol\u00f3gica, uso de instrumento falsificado, alteraci\u00f3n, acceso y uso indebido de datos inform\u00e1ticos, entre otros.<\/p>\n","protected":false},"excerpt":{"rendered":"<p>El diputado del Movimiento al Socialismo (MAS), Ramiro Venegas, inform\u00f3 ayer que la Fiscal\u00eda admiti\u00f3 la denuncia contra el expresidente del Tribunal Supremo Electoral (TSE) Salvador Romero por el presunto delito de incumplimiento de deberes, al no haber presentado dos peticiones de informe escrito en 2019. El 1 de mayo de 2021, Venegas inform\u00f3 que [&hellip;]<\/p>\n","protected":false},"author":1,"featured_media":4037,"comment_status":"closed","ping_status":"closed","sticky":false,"template":"","format":"standard","meta":{"_acf_changed":false,"footnotes":""},"categories":[39],"tags":[],"class_list":["post-4036","post","type-post","status-publish","format-standard","has-post-thumbnail","category-sociedad"],"acf":{"antetitulo":""},"yoast_head":"<!-- This site is optimized with the Yoast SEO plugin v28.3 - https:\/\/yoast.com\/product\/yoast-seo-wordpress\/ -->\n<title>Fiscal\u00eda admite denuncia contra expresidente del TSE - El Diario - Bolivia<\/title>\n<meta name=\"robots\" content=\"index, follow, max-snippet:-1, max-image-preview:large, max-video-preview:-1\" \/>\n<link rel=\"canonical\" href=\"https:\/\/www.eldiario.net\/portal\/2021\/05\/15\/fiscalia-admite-denuncia-contra-expresidente-del-tse\/\" \/>\n<meta property=\"og:locale\" content=\"es_ES\" \/>\n<meta property=\"og:type\" content=\"article\" \/>\n<meta property=\"og:title\" content=\"Fiscal\u00eda admite denuncia contra expresidente del TSE - El Diario - Bolivia\" \/>\n<meta property=\"og:description\" content=\"El diputado del Movimiento al Socialismo (MAS), Ramiro Venegas, inform\u00f3 ayer que la Fiscal\u00eda admiti\u00f3 la denuncia contra el expresidente del Tribunal Supremo Electoral (TSE) Salvador Romero por el presunto delito de incumplimiento de deberes, al no haber presentado dos peticiones de informe escrito en 2019. El 1 de mayo de 2021, Venegas inform\u00f3 que [&hellip;]\" \/>\n<meta property=\"og:url\" content=\"https:\/\/www.eldiario.net\/portal\/2021\/05\/15\/fiscalia-admite-denuncia-contra-expresidente-del-tse\/\" \/>\n<meta property=\"og:site_name\" content=\"El Diario - Bolivia\" \/>\n<meta property=\"article:publisher\" content=\"https:\/\/www.facebook.com\/eldiario.bolivia\/\" \/>\n<meta property=\"article:published_time\" content=\"2021-05-15T12:29:34+00:00\" \/>\n<meta property=\"og:image\" content=\"https:\/\/www.eldiario.net\/portal\/wp-content\/uploads\/2021\/05\/ROMERO.jpg\" \/>\n\t<meta property=\"og:image:width\" content=\"720\" \/>\n\t<meta property=\"og:image:height\" content=\"480\" \/>\n\t<meta property=\"og:image:type\" content=\"image\/jpeg\" \/>\n<meta name=\"author\" content=\"Jeanette\" \/>\n<meta name=\"twitter:card\" content=\"summary_large_image\" \/>\n<meta name=\"twitter:creator\" content=\"@eldiario_net\" \/>\n<meta name=\"twitter:site\" content=\"@eldiario_net\" \/>\n<meta name=\"twitter:label1\" content=\"Escrito por\" \/>\n\t<meta name=\"twitter:data1\" content=\"Jeanette\" \/>\n\t<meta name=\"twitter:label2\" content=\"Tiempo de lectura\" \/>\n\t<meta name=\"twitter:data2\" content=\"3 minutos\" \/>\n<script type=\"application\/ld+json\" class=\"yoast-schema-graph\">{\"@context\":\"https:\\\/\\\/schema.org\",\"@graph\":[{\"@type\":\"Article\",\"@id\":\"https:\\\/\\\/www.eldiario.net\\\/portal\\\/2021\\\/05\\\/15\\\/fiscalia-admite-denuncia-contra-expresidente-del-tse\\\/#article\",\"isPartOf\":{\"@id\":\"https:\\\/\\\/www.eldiario.net\\\/portal\\\/2021\\\/05\\\/15\\\/fiscalia-admite-denuncia-contra-expresidente-del-tse\\\/\"},\"author\":{\"name\":\"Jeanette\",\"@id\":\"https:\\\/\\\/www.eldiario.net\\\/portal\\\/#\\\/schema\\\/person\\\/f46445640444750d7d753ccd04ae01b7\"},\"headline\":\"Fiscal\u00eda admite denuncia contra expresidente del TSE\",\"datePublished\":\"2021-05-15T12:29:34+00:00\",\"mainEntityOfPage\":{\"@id\":\"https:\\\/\\\/www.eldiario.net\\\/portal\\\/2021\\\/05\\\/15\\\/fiscalia-admite-denuncia-contra-expresidente-del-tse\\\/\"},\"wordCount\":493,\"publisher\":{\"@id\":\"https:\\\/\\\/www.eldiario.net\\\/portal\\\/#organization\"},\"image\":{\"@id\":\"https:\\\/\\\/www.eldiario.net\\\/portal\\\/2021\\\/05\\\/15\\\/fiscalia-admite-denuncia-contra-expresidente-del-tse\\\/#primaryimage\"},\"thumbnailUrl\":\"https:\\\/\\\/www.eldiario.net\\\/portal\\\/wp-content\\\/uploads\\\/2021\\\/05\\\/ROMERO.jpg\",\"articleSection\":[\"Sociedad - Seguridad\"],\"inLanguage\":\"es\"},{\"@type\":\"WebPage\",\"@id\":\"https:\\\/\\\/www.eldiario.net\\\/portal\\\/2021\\\/05\\\/15\\\/fiscalia-admite-denuncia-contra-expresidente-del-tse\\\/\",\"url\":\"https:\\\/\\\/www.eldiario.net\\\/portal\\\/2021\\\/05\\\/15\\\/fiscalia-admite-denuncia-contra-expresidente-del-tse\\\/\",\"name\":\"Fiscal\u00eda admite denuncia contra expresidente del TSE - El Diario - Bolivia\",\"isPartOf\":{\"@id\":\"https:\\\/\\\/www.eldiario.net\\\/portal\\\/#website\"},\"primaryImageOfPage\":{\"@id\":\"https:\\\/\\\/www.eldiario.net\\\/portal\\\/2021\\\/05\\\/15\\\/fiscalia-admite-denuncia-contra-expresidente-del-tse\\\/#primaryimage\"},\"image\":{\"@id\":\"https:\\\/\\\/www.eldiario.net\\\/portal\\\/2021\\\/05\\\/15\\\/fiscalia-admite-denuncia-contra-expresidente-del-tse\\\/#primaryimage\"},\"thumbnailUrl\":\"https:\\\/\\\/www.eldiario.net\\\/portal\\\/wp-content\\\/uploads\\\/2021\\\/05\\\/ROMERO.jpg\",\"datePublished\":\"2021-05-15T12:29:34+00:00\",\"breadcrumb\":{\"@id\":\"https:\\\/\\\/www.eldiario.net\\\/portal\\\/2021\\\/05\\\/15\\\/fiscalia-admite-denuncia-contra-expresidente-del-tse\\\/#breadcrumb\"},\"inLanguage\":\"es\",\"potentialAction\":[{\"@type\":\"ReadAction\",\"target\":[\"https:\\\/\\\/www.eldiario.net\\\/portal\\\/2021\\\/05\\\/15\\\/fiscalia-admite-denuncia-contra-expresidente-del-tse\\\/\"]}]},{\"@type\":\"ImageObject\",\"inLanguage\":\"es\",\"@id\":\"https:\\\/\\\/www.eldiario.net\\\/portal\\\/2021\\\/05\\\/15\\\/fiscalia-admite-denuncia-contra-expresidente-del-tse\\\/#primaryimage\",\"url\":\"https:\\\/\\\/www.eldiario.net\\\/portal\\\/wp-content\\\/uploads\\\/2021\\\/05\\\/ROMERO.jpg\",\"contentUrl\":\"https:\\\/\\\/www.eldiario.net\\\/portal\\\/wp-content\\\/uploads\\\/2021\\\/05\\\/ROMERO.jpg\",\"width\":720,\"height\":480},{\"@type\":\"BreadcrumbList\",\"@id\":\"https:\\\/\\\/www.eldiario.net\\\/portal\\\/2021\\\/05\\\/15\\\/fiscalia-admite-denuncia-contra-expresidente-del-tse\\\/#breadcrumb\",\"itemListElement\":[{\"@type\":\"ListItem\",\"position\":1,\"name\":\"Portada\",\"item\":\"https:\\\/\\\/www.eldiario.net\\\/portal\\\/\"},{\"@type\":\"ListItem\",\"position\":2,\"name\":\"Fiscal\u00eda admite denuncia contra expresidente del TSE\"}]},{\"@type\":\"WebSite\",\"@id\":\"https:\\\/\\\/www.eldiario.net\\\/portal\\\/#website\",\"url\":\"https:\\\/\\\/www.eldiario.net\\\/portal\\\/\",\"name\":\"El Diario - Decano de la prensa nacional\",\"description\":\"El Diario - Decano de la prensa nacional\",\"publisher\":{\"@id\":\"https:\\\/\\\/www.eldiario.net\\\/portal\\\/#organization\"},\"potentialAction\":[{\"@type\":\"SearchAction\",\"target\":{\"@type\":\"EntryPoint\",\"urlTemplate\":\"https:\\\/\\\/www.eldiario.net\\\/portal\\\/?s={search_term_string}\"},\"query-input\":{\"@type\":\"PropertyValueSpecification\",\"valueRequired\":true,\"valueName\":\"search_term_string\"}}],\"inLanguage\":\"es\"},{\"@type\":\"Organization\",\"@id\":\"https:\\\/\\\/www.eldiario.net\\\/portal\\\/#organization\",\"name\":\"El Diario - Decano de la prensa nacional\",\"url\":\"https:\\\/\\\/www.eldiario.net\\\/portal\\\/\",\"logo\":{\"@type\":\"ImageObject\",\"inLanguage\":\"es\",\"@id\":\"https:\\\/\\\/www.eldiario.net\\\/portal\\\/#\\\/schema\\\/logo\\\/image\\\/\",\"url\":\"https:\\\/\\\/www.eldiario.net\\\/portal\\\/wp-content\\\/uploads\\\/2023\\\/07\\\/logo_ED.jpg\",\"contentUrl\":\"https:\\\/\\\/www.eldiario.net\\\/portal\\\/wp-content\\\/uploads\\\/2023\\\/07\\\/logo_ED.jpg\",\"width\":272,\"height\":52,\"caption\":\"El Diario - Decano de la prensa nacional\"},\"image\":{\"@id\":\"https:\\\/\\\/www.eldiario.net\\\/portal\\\/#\\\/schema\\\/logo\\\/image\\\/\"},\"sameAs\":[\"https:\\\/\\\/www.facebook.com\\\/eldiario.bolivia\\\/\",\"https:\\\/\\\/x.com\\\/eldiario_net\"]},{\"@type\":\"Person\",\"@id\":\"https:\\\/\\\/www.eldiario.net\\\/portal\\\/#\\\/schema\\\/person\\\/f46445640444750d7d753ccd04ae01b7\",\"name\":\"Jeanette\",\"image\":{\"@type\":\"ImageObject\",\"inLanguage\":\"es\",\"@id\":\"https:\\\/\\\/secure.gravatar.com\\\/avatar\\\/3ea2118a5f7dad2b7138b1187a6b7ee55f160b9968b66013c3a3ef39dd7e5798?s=96&d=mm&r=g\",\"url\":\"https:\\\/\\\/secure.gravatar.com\\\/avatar\\\/3ea2118a5f7dad2b7138b1187a6b7ee55f160b9968b66013c3a3ef39dd7e5798?s=96&d=mm&r=g\",\"contentUrl\":\"https:\\\/\\\/secure.gravatar.com\\\/avatar\\\/3ea2118a5f7dad2b7138b1187a6b7ee55f160b9968b66013c3a3ef39dd7e5798?s=96&d=mm&r=g\",\"caption\":\"Jeanette\"},\"sameAs\":[\"https:\\\/\\\/www.eldiario.net\\\/portal\"],\"url\":\"https:\\\/\\\/www.eldiario.net\\\/portal\\\/author\\\/jeanette\\\/\"}]}<\/script>\n<!-- \/ Yoast SEO plugin. -->","yoast_head_json":{"title":"Fiscal\u00eda admite denuncia contra expresidente del TSE - El Diario - Bolivia","robots":{"index":"index","follow":"follow","max-snippet":"max-snippet:-1","max-image-preview":"max-image-preview:large","max-video-preview":"max-video-preview:-1"},"canonical":"https:\/\/www.eldiario.net\/portal\/2021\/05\/15\/fiscalia-admite-denuncia-contra-expresidente-del-tse\/","og_locale":"es_ES","og_type":"article","og_title":"Fiscal\u00eda admite denuncia contra expresidente del TSE - El Diario - Bolivia","og_description":"El diputado del Movimiento al Socialismo (MAS), Ramiro Venegas, inform\u00f3 ayer que la Fiscal\u00eda admiti\u00f3 la denuncia contra el expresidente del Tribunal Supremo Electoral (TSE) Salvador Romero por el presunto delito de incumplimiento de deberes, al no haber presentado dos peticiones de informe escrito en 2019. El 1 de mayo de 2021, Venegas inform\u00f3 que [&hellip;]","og_url":"https:\/\/www.eldiario.net\/portal\/2021\/05\/15\/fiscalia-admite-denuncia-contra-expresidente-del-tse\/","og_site_name":"El Diario - Bolivia","article_publisher":"https:\/\/www.facebook.com\/eldiario.bolivia\/","article_published_time":"2021-05-15T12:29:34+00:00","og_image":[{"width":720,"height":480,"url":"https:\/\/www.eldiario.net\/portal\/wp-content\/uploads\/2021\/05\/ROMERO.jpg","type":"image\/jpeg"}],"author":"Jeanette","twitter_card":"summary_large_image","twitter_creator":"@eldiario_net","twitter_site":"@eldiario_net","twitter_misc":{"Escrito por":"Jeanette","Tiempo de lectura":"3 minutos"},"schema":{"@context":"https:\/\/schema.org","@graph":[{"@type":"Article","@id":"https:\/\/www.eldiario.net\/portal\/2021\/05\/15\/fiscalia-admite-denuncia-contra-expresidente-del-tse\/#article","isPartOf":{"@id":"https:\/\/www.eldiario.net\/portal\/2021\/05\/15\/fiscalia-admite-denuncia-contra-expresidente-del-tse\/"},"author":{"name":"Jeanette","@id":"https:\/\/www.eldiario.net\/portal\/#\/schema\/person\/f46445640444750d7d753ccd04ae01b7"},"headline":"Fiscal\u00eda admite denuncia contra expresidente del TSE","datePublished":"2021-05-15T12:29:34+00:00","mainEntityOfPage":{"@id":"https:\/\/www.eldiario.net\/portal\/2021\/05\/15\/fiscalia-admite-denuncia-contra-expresidente-del-tse\/"},"wordCount":493,"publisher":{"@id":"https:\/\/www.eldiario.net\/portal\/#organization"},"image":{"@id":"https:\/\/www.eldiario.net\/portal\/2021\/05\/15\/fiscalia-admite-denuncia-contra-expresidente-del-tse\/#primaryimage"},"thumbnailUrl":"https:\/\/www.eldiario.net\/portal\/wp-content\/uploads\/2021\/05\/ROMERO.jpg","articleSection":["Sociedad - Seguridad"],"inLanguage":"es"},{"@type":"WebPage","@id":"https:\/\/www.eldiario.net\/portal\/2021\/05\/15\/fiscalia-admite-denuncia-contra-expresidente-del-tse\/","url":"https:\/\/www.eldiario.net\/portal\/2021\/05\/15\/fiscalia-admite-denuncia-contra-expresidente-del-tse\/","name":"Fiscal\u00eda admite denuncia contra expresidente del TSE - El Diario - Bolivia","isPartOf":{"@id":"https:\/\/www.eldiario.net\/portal\/#website"},"primaryImageOfPage":{"@id":"https:\/\/www.eldiario.net\/portal\/2021\/05\/15\/fiscalia-admite-denuncia-contra-expresidente-del-tse\/#primaryimage"},"image":{"@id":"https:\/\/www.eldiario.net\/portal\/2021\/05\/15\/fiscalia-admite-denuncia-contra-expresidente-del-tse\/#primaryimage"},"thumbnailUrl":"https:\/\/www.eldiario.net\/portal\/wp-content\/uploads\/2021\/05\/ROMERO.jpg","datePublished":"2021-05-15T12:29:34+00:00","breadcrumb":{"@id":"https:\/\/www.eldiario.net\/portal\/2021\/05\/15\/fiscalia-admite-denuncia-contra-expresidente-del-tse\/#breadcrumb"},"inLanguage":"es","potentialAction":[{"@type":"ReadAction","target":["https:\/\/www.eldiario.net\/portal\/2021\/05\/15\/fiscalia-admite-denuncia-contra-expresidente-del-tse\/"]}]},{"@type":"ImageObject","inLanguage":"es","@id":"https:\/\/www.eldiario.net\/portal\/2021\/05\/15\/fiscalia-admite-denuncia-contra-expresidente-del-tse\/#primaryimage","url":"https:\/\/www.eldiario.net\/portal\/wp-content\/uploads\/2021\/05\/ROMERO.jpg","contentUrl":"https:\/\/www.eldiario.net\/portal\/wp-content\/uploads\/2021\/05\/ROMERO.jpg","width":720,"height":480},{"@type":"BreadcrumbList","@id":"https:\/\/www.eldiario.net\/portal\/2021\/05\/15\/fiscalia-admite-denuncia-contra-expresidente-del-tse\/#breadcrumb","itemListElement":[{"@type":"ListItem","position":1,"name":"Portada","item":"https:\/\/www.eldiario.net\/portal\/"},{"@type":"ListItem","position":2,"name":"Fiscal\u00eda admite denuncia contra expresidente del TSE"}]},{"@type":"WebSite","@id":"https:\/\/www.eldiario.net\/portal\/#website","url":"https:\/\/www.eldiario.net\/portal\/","name":"El Diario - Decano de la prensa nacional","description":"El Diario - Decano de la prensa nacional","publisher":{"@id":"https:\/\/www.eldiario.net\/portal\/#organization"},"potentialAction":[{"@type":"SearchAction","target":{"@type":"EntryPoint","urlTemplate":"https:\/\/www.eldiario.net\/portal\/?s={search_term_string}"},"query-input":{"@type":"PropertyValueSpecification","valueRequired":true,"valueName":"search_term_string"}}],"inLanguage":"es"},{"@type":"Organization","@id":"https:\/\/www.eldiario.net\/portal\/#organization","name":"El Diario - Decano de la prensa nacional","url":"https:\/\/www.eldiario.net\/portal\/","logo":{"@type":"ImageObject","inLanguage":"es","@id":"https:\/\/www.eldiario.net\/portal\/#\/schema\/logo\/image\/","url":"https:\/\/www.eldiario.net\/portal\/wp-content\/uploads\/2023\/07\/logo_ED.jpg","contentUrl":"https:\/\/www.eldiario.net\/portal\/wp-content\/uploads\/2023\/07\/logo_ED.jpg","width":272,"height":52,"caption":"El Diario - Decano de la prensa nacional"},"image":{"@id":"https:\/\/www.eldiario.net\/portal\/#\/schema\/logo\/image\/"},"sameAs":["https:\/\/www.facebook.com\/eldiario.bolivia\/","https:\/\/x.com\/eldiario_net"]},{"@type":"Person","@id":"https:\/\/www.eldiario.net\/portal\/#\/schema\/person\/f46445640444750d7d753ccd04ae01b7","name":"Jeanette","image":{"@type":"ImageObject","inLanguage":"es","@id":"https:\/\/secure.gravatar.com\/avatar\/3ea2118a5f7dad2b7138b1187a6b7ee55f160b9968b66013c3a3ef39dd7e5798?s=96&d=mm&r=g","url":"https:\/\/secure.gravatar.com\/avatar\/3ea2118a5f7dad2b7138b1187a6b7ee55f160b9968b66013c3a3ef39dd7e5798?s=96&d=mm&r=g","contentUrl":"https:\/\/secure.gravatar.com\/avatar\/3ea2118a5f7dad2b7138b1187a6b7ee55f160b9968b66013c3a3ef39dd7e5798?s=96&d=mm&r=g","caption":"Jeanette"},"sameAs":["https:\/\/www.eldiario.net\/portal"],"url":"https:\/\/www.eldiario.net\/portal\/author\/jeanette\/"}]}},"_links":{"self":[{"href":"https:\/\/www.eldiario.net\/portal\/wp-json\/wp\/v2\/posts\/4036","targetHints":{"allow":["GET"]}}],"collection":[{"href":"https:\/\/www.eldiario.net\/portal\/wp-json\/wp\/v2\/posts"}],"about":[{"href":"https:\/\/www.eldiario.net\/portal\/wp-json\/wp\/v2\/types\/post"}],"author":[{"embeddable":true,"href":"https:\/\/www.eldiario.net\/portal\/wp-json\/wp\/v2\/users\/1"}],"replies":[{"embeddable":true,"href":"https:\/\/www.eldiario.net\/portal\/wp-json\/wp\/v2\/comments?post=4036"}],"version-history":[{"count":0,"href":"https:\/\/www.eldiario.net\/portal\/wp-json\/wp\/v2\/posts\/4036\/revisions"}],"wp:featuredmedia":[{"embeddable":true,"href":"https:\/\/www.eldiario.net\/portal\/wp-json\/wp\/v2\/media\/4037"}],"wp:attachment":[{"href":"https:\/\/www.eldiario.net\/portal\/wp-json\/wp\/v2\/media?parent=4036"}],"wp:term":[{"taxonomy":"category","embeddable":true,"href":"https:\/\/www.eldiario.net\/portal\/wp-json\/wp\/v2\/categories?post=4036"},{"taxonomy":"post_tag","embeddable":true,"href":"https:\/\/www.eldiario.net\/portal\/wp-json\/wp\/v2\/tags?post=4036"}],"curies":[{"name":"wp","href":"https:\/\/api.w.org\/{rel}","templated":true}]}}