{"id":403591,"date":"2026-06-14T05:07:43","date_gmt":"2026-06-14T09:07:43","guid":{"rendered":"https:\/\/www.eldiario.net\/portal\/?p=403591"},"modified":"2026-06-14T05:07:43","modified_gmt":"2026-06-14T09:07:43","slug":"ypfb-es-una-ingobernable-fabrica-de-empleos","status":"publish","type":"post","link":"https:\/\/www.eldiario.net\/portal\/2026\/06\/14\/ypfb-es-una-ingobernable-fabrica-de-empleos\/","title":{"rendered":"YPFB es una ingobernable  f\u00e1brica de empleos"},"content":{"rendered":"<p><em>Alejandro Flores del canal Youtube EDI TV BOLIVIA<\/em><\/p>\n<p><em>\u00a0<\/em><\/p>\n<p>El analista de la Fundaci\u00f3n Jubileo, Ra\u00fal Vel\u00e1zquez, se\u00f1al\u00f3 que mientras la producci\u00f3n de gas natural cay\u00f3 cerca de un 55% y la de l\u00edquidos alrededor de un 62% en los \u00faltimos a\u00f1os, la planilla de personal contin\u00faa creciendo, hoy en d\u00eda YPFB produce m\u00e1s empleo que gas, lo que cabe se\u00f1alar que la empresa se ha convertido en una estructura administrativa cada vez m\u00e1s grande, pero con resultados cada vez m\u00e1s reducidos en t\u00e9rminos productivos.<\/p>\n<p>Vel\u00e1zquez record\u00f3 que el decreto supremo 28701, promulgado el primero de mayo de 2006 durante el proceso de nacionalizaci\u00f3n, establec\u00eda que YPFB deb\u00eda convertirse en una empresa corporativa eficiente, transparente, con control social y altos niveles de gesti\u00f3n, sin embargo, a casi dos d\u00e9cadas de aqu\u00ed a medida, considera que esos objetivos no fueron alcanzados, la empresa tiene serios problemas de transparencia, eficiencia e institucionalidad, donde la informaci\u00f3n disponible es cada vez m\u00e1s limitada y existe una creciente opacidad respecto a las cifras de producci\u00f3n, finanzas y personal.<\/p>\n<p>De acuerdo con los datos expuestos por el analista, la corporaci\u00f3n cuenta actualmente con alrededor de 11 empresas subsidiarias, adem\u00e1s de m\u00faltiples gerencias nacionales, vicepresidencias y estructuras administrativas distribuidas en diferentes regiones del pa\u00eds, a ello se suma que YPFB ha tenido 17 presidentes ejecutivos, todo con car\u00e1cter interino, situaci\u00f3n que, seg\u00fan Vel\u00e1zquez, refleja la inestabilidad institucional que afecta a la estatal petrolera.<\/p>\n<p>Asimismo, indic\u00f3 que el gasto destinado al personal representa una carga significativa para la empresa, estimaciones realizadas por la Fundaci\u00f3n Jubileo se\u00f1alan que el conjunto de la corporaci\u00f3n destina m\u00e1s de 2.400 millones de bolivianos anuales al pago de salarios y beneficios, mientras que la casa matriz concentra cerca de 800 millones de bolivianos por a\u00f1o en gasto de personal en cuanto a la situaci\u00f3n energ\u00e9tica del pa\u00eds, Vel\u00e1zquez se\u00f1al\u00f3 que los indicadores muestran un deterioro sostenido durante las \u00faltimas dos d\u00e9cadas, las reservas certificadas de gas natural disminuyeron en un 54%, las reservas de l\u00edquidos en un 73%, mientras que la producci\u00f3n de gas cay\u00f3 en un 55% y la de l\u00edquidos con m\u00e1s de un 60%.<\/p>\n<p>Como consecuencia de esta situaci\u00f3n, Bolivia exporta mucho menos hidrocarburos que hace una d\u00e9cada y depende cada vez m\u00e1s de las importaciones para cubrir la demanda interna, actualmente, cerca del 95% del 10 el consumidor en el pa\u00eds es importado, al igual que alrededor del 60% de la gasolina.<\/p>\n<p>Estos resultados evidencian que el modelo basado en YPFB como actor predominante dentro del sector hidrocarbur\u00edfero no logr\u00f3 garantizar la sostenibilidad energ\u00e9tica del pa\u00eds.<\/p>\n<p>La apuesta por un \u00fanico acto en el sector no ha dado los resultados esperados, los indicadores me muestran una ca\u00edda permanente en producci\u00f3n, reservas y exportaciones, Vel\u00e1zquez tambi\u00e9n cuestion\u00f3 las debilidades institucionales del sector regulador, d\u00f3nde explic\u00f3 que la actual normativa limita las capacidades de fiscalizaci\u00f3n en las entidades encargadas del control, al punto de que la agencia Nacional de hidrocarburos no cuenta con atribuciones suficientes para supervisar determinadas actividades desarrolladas por la propia estatal petrolera.<\/p>\n<p>Ante este panorama, plante\u00f3 la necesidad de una profunda reestructuraci\u00f3n institucional de YPFB, compa\u00f1era de mecanismos transparentes para la contrataci\u00f3n de personal, basados en m\u00e9ritos, competencias t\u00e9cnicas y evaluaciones especializadas, asimismo, manifest\u00f3 que una nueva ley de hidrocarburos puede ser una herramienta importante para impulsar cambios, aunque advirti\u00f3 que la normativa por s\u00ed sola no resolver\u00e1 los problemas estructurales del sector, la seguridad jur\u00eddica es fundamental para traer inversiones, pero no basta con incluirla en una ley; lo que se debe reflejar es el cumplimiento de acuerdos, contratos y reglas claras que generen confianza.<\/p>\n<p>Bolivia necesita recuperar credibilidad ante inversionistas nacionales e internacionales se pretende revertir la ca\u00edda de la producci\u00f3n y desarrollar nuevos proyectos de exploraci\u00f3n y explotaci\u00f3n, ya que finalmente, advirti\u00f3 que si no se ejecutan medidas urgentes, el pa\u00eds se enfrentar\u00e1 una creciente de dependencia energ\u00e9tica, obligados a importar no solo gasolina y di\u00e9sel, sino tambi\u00e9n gas natural, GLP y otros energ\u00e9ticos a precios mucho m\u00e1s elevados.<\/p>\n<p>Sin energ\u00eda no hay desarrollo econ\u00f3mico posible, por lo que es urgente discutir una nueva ley de hidrocarburos, una nube de Electricidad y una pol\u00edtica energ\u00e9tica integral que garantiza el futuro energ\u00e9tico de Bolivia.<\/p>\n<figure id=\"attachment_403593\" aria-describedby=\"caption-attachment-403593\" style=\"width: 1200px\" class=\"wp-caption aligncenter\"><img loading=\"lazy\" decoding=\"async\" class=\"size-full wp-image-403593\" src=\"https:\/\/www.eldiario.net\/portal\/wp-content\/uploads\/2026\/06\/Foto-Velasquez.webp\" alt=\"\" width=\"1200\" height=\"675\" srcset=\"https:\/\/www.eldiario.net\/portal\/wp-content\/uploads\/2026\/06\/Foto-Velasquez.webp 1200w, https:\/\/www.eldiario.net\/portal\/wp-content\/uploads\/2026\/06\/Foto-Velasquez-300x169.webp 300w, https:\/\/www.eldiario.net\/portal\/wp-content\/uploads\/2026\/06\/Foto-Velasquez-1024x576.webp 1024w, https:\/\/www.eldiario.net\/portal\/wp-content\/uploads\/2026\/06\/Foto-Velasquez-768x432.webp 768w, https:\/\/www.eldiario.net\/portal\/wp-content\/uploads\/2026\/06\/Foto-Velasquez-747x420.webp 747w, https:\/\/www.eldiario.net\/portal\/wp-content\/uploads\/2026\/06\/Foto-Velasquez-150x84.webp 150w, https:\/\/www.eldiario.net\/portal\/wp-content\/uploads\/2026\/06\/Foto-Velasquez-696x392.webp 696w, https:\/\/www.eldiario.net\/portal\/wp-content\/uploads\/2026\/06\/Foto-Velasquez-1068x601.webp 1068w\" sizes=\"auto, (max-width: 1200px) 100vw, 1200px\" \/><figcaption id=\"caption-attachment-403593\" class=\"wp-caption-text\">Ra\u00fal Vel\u00e1squez, analista de la Fundaci\u00f3n Jubileo<\/figcaption><\/figure>\n","protected":false},"excerpt":{"rendered":"<p>Alejandro Flores del canal Youtube EDI TV BOLIVIA \u00a0 El analista de la Fundaci\u00f3n Jubileo, Ra\u00fal Vel\u00e1zquez, se\u00f1al\u00f3 que mientras la producci\u00f3n de gas natural cay\u00f3 cerca de un 55% y la de l\u00edquidos alrededor de un 62% en los \u00faltimos a\u00f1os, la planilla de personal contin\u00faa creciendo, hoy en d\u00eda YPFB produce m\u00e1s empleo [&hellip;]<\/p>\n","protected":false},"author":1,"featured_media":403592,"comment_status":"closed","ping_status":"open","sticky":false,"template":"","format":"standard","meta":{"_acf_changed":false,"footnotes":""},"categories":[7],"tags":[],"class_list":["post-403591","post","type-post","status-publish","format-standard","has-post-thumbnail","category-economia"],"acf":{"antetitulo":""},"yoast_head":"<!-- This site is optimized with the Yoast SEO plugin v28.4 - https:\/\/yoast.com\/product\/yoast-seo-wordpress\/ -->\n<title>YPFB es una ingobernable f\u00e1brica de empleos - El Diario - Bolivia<\/title>\n<meta name=\"robots\" content=\"index, follow, max-snippet:-1, max-image-preview:large, max-video-preview:-1\" \/>\n<link rel=\"canonical\" href=\"https:\/\/www.eldiario.net\/portal\/2026\/06\/14\/ypfb-es-una-ingobernable-fabrica-de-empleos\/\" \/>\n<meta property=\"og:locale\" content=\"es_ES\" \/>\n<meta property=\"og:type\" content=\"article\" \/>\n<meta property=\"og:title\" content=\"YPFB es una ingobernable f\u00e1brica de empleos - El Diario - Bolivia\" \/>\n<meta property=\"og:description\" content=\"Alejandro Flores del canal Youtube EDI TV BOLIVIA \u00a0 El analista de la Fundaci\u00f3n Jubileo, Ra\u00fal Vel\u00e1zquez, se\u00f1al\u00f3 que mientras la producci\u00f3n de gas natural cay\u00f3 cerca de un 55% y la de l\u00edquidos alrededor de un 62% en los \u00faltimos a\u00f1os, la planilla de personal contin\u00faa creciendo, hoy en d\u00eda YPFB produce m\u00e1s empleo [&hellip;]\" \/>\n<meta property=\"og:url\" content=\"https:\/\/www.eldiario.net\/portal\/2026\/06\/14\/ypfb-es-una-ingobernable-fabrica-de-empleos\/\" \/>\n<meta property=\"og:site_name\" content=\"El Diario - Bolivia\" \/>\n<meta property=\"article:publisher\" content=\"https:\/\/www.facebook.com\/eldiario.bolivia\/\" \/>\n<meta property=\"article:published_time\" content=\"2026-06-14T09:07:43+00:00\" \/>\n<meta property=\"og:image\" content=\"https:\/\/www.eldiario.net\/portal\/wp-content\/uploads\/2026\/06\/Foto-ypfb.webp\" \/>\n\t<meta property=\"og:image:width\" content=\"623\" \/>\n\t<meta property=\"og:image:height\" content=\"350\" \/>\n\t<meta property=\"og:image:type\" content=\"image\/webp\" \/>\n<meta name=\"author\" content=\"Jeanette\" \/>\n<meta name=\"twitter:card\" content=\"summary_large_image\" \/>\n<meta name=\"twitter:creator\" content=\"@eldiario_net\" \/>\n<meta name=\"twitter:site\" content=\"@eldiario_net\" \/>\n<meta name=\"twitter:label1\" content=\"Escrito por\" \/>\n\t<meta name=\"twitter:data1\" content=\"Jeanette\" \/>\n\t<meta name=\"twitter:label2\" content=\"Tiempo de lectura\" \/>\n\t<meta name=\"twitter:data2\" content=\"4 minutos\" \/>\n<script type=\"application\/ld+json\" class=\"yoast-schema-graph\">{\"@context\":\"https:\\\/\\\/schema.org\",\"@graph\":[{\"@type\":\"Article\",\"@id\":\"https:\\\/\\\/www.eldiario.net\\\/portal\\\/2026\\\/06\\\/14\\\/ypfb-es-una-ingobernable-fabrica-de-empleos\\\/#article\",\"isPartOf\":{\"@id\":\"https:\\\/\\\/www.eldiario.net\\\/portal\\\/2026\\\/06\\\/14\\\/ypfb-es-una-ingobernable-fabrica-de-empleos\\\/\"},\"author\":{\"name\":\"Jeanette\",\"@id\":\"https:\\\/\\\/www.eldiario.net\\\/portal\\\/#\\\/schema\\\/person\\\/2c57cf2b7a7ae032e449e4c9b1019eac\"},\"headline\":\"YPFB es una ingobernable f\u00e1brica de empleos\",\"datePublished\":\"2026-06-14T09:07:43+00:00\",\"mainEntityOfPage\":{\"@id\":\"https:\\\/\\\/www.eldiario.net\\\/portal\\\/2026\\\/06\\\/14\\\/ypfb-es-una-ingobernable-fabrica-de-empleos\\\/\"},\"wordCount\":787,\"publisher\":{\"@id\":\"https:\\\/\\\/www.eldiario.net\\\/portal\\\/#organization\"},\"image\":{\"@id\":\"https:\\\/\\\/www.eldiario.net\\\/portal\\\/2026\\\/06\\\/14\\\/ypfb-es-una-ingobernable-fabrica-de-empleos\\\/#primaryimage\"},\"thumbnailUrl\":\"https:\\\/\\\/www.eldiario.net\\\/portal\\\/wp-content\\\/uploads\\\/2026\\\/06\\\/Foto-ypfb.webp\",\"articleSection\":[\"Econom\u00eda\"],\"inLanguage\":\"es\"},{\"@type\":\"WebPage\",\"@id\":\"https:\\\/\\\/www.eldiario.net\\\/portal\\\/2026\\\/06\\\/14\\\/ypfb-es-una-ingobernable-fabrica-de-empleos\\\/\",\"url\":\"https:\\\/\\\/www.eldiario.net\\\/portal\\\/2026\\\/06\\\/14\\\/ypfb-es-una-ingobernable-fabrica-de-empleos\\\/\",\"name\":\"YPFB es una ingobernable f\u00e1brica de empleos - El Diario - Bolivia\",\"isPartOf\":{\"@id\":\"https:\\\/\\\/www.eldiario.net\\\/portal\\\/#website\"},\"primaryImageOfPage\":{\"@id\":\"https:\\\/\\\/www.eldiario.net\\\/portal\\\/2026\\\/06\\\/14\\\/ypfb-es-una-ingobernable-fabrica-de-empleos\\\/#primaryimage\"},\"image\":{\"@id\":\"https:\\\/\\\/www.eldiario.net\\\/portal\\\/2026\\\/06\\\/14\\\/ypfb-es-una-ingobernable-fabrica-de-empleos\\\/#primaryimage\"},\"thumbnailUrl\":\"https:\\\/\\\/www.eldiario.net\\\/portal\\\/wp-content\\\/uploads\\\/2026\\\/06\\\/Foto-ypfb.webp\",\"datePublished\":\"2026-06-14T09:07:43+00:00\",\"breadcrumb\":{\"@id\":\"https:\\\/\\\/www.eldiario.net\\\/portal\\\/2026\\\/06\\\/14\\\/ypfb-es-una-ingobernable-fabrica-de-empleos\\\/#breadcrumb\"},\"inLanguage\":\"es\",\"potentialAction\":[{\"@type\":\"ReadAction\",\"target\":[\"https:\\\/\\\/www.eldiario.net\\\/portal\\\/2026\\\/06\\\/14\\\/ypfb-es-una-ingobernable-fabrica-de-empleos\\\/\"]}]},{\"@type\":\"ImageObject\",\"inLanguage\":\"es\",\"@id\":\"https:\\\/\\\/www.eldiario.net\\\/portal\\\/2026\\\/06\\\/14\\\/ypfb-es-una-ingobernable-fabrica-de-empleos\\\/#primaryimage\",\"url\":\"https:\\\/\\\/www.eldiario.net\\\/portal\\\/wp-content\\\/uploads\\\/2026\\\/06\\\/Foto-ypfb.webp\",\"contentUrl\":\"https:\\\/\\\/www.eldiario.net\\\/portal\\\/wp-content\\\/uploads\\\/2026\\\/06\\\/Foto-ypfb.webp\",\"width\":623,\"height\":350,\"caption\":\"M\u00e1s empleados, menos producci\u00f3n\"},{\"@type\":\"BreadcrumbList\",\"@id\":\"https:\\\/\\\/www.eldiario.net\\\/portal\\\/2026\\\/06\\\/14\\\/ypfb-es-una-ingobernable-fabrica-de-empleos\\\/#breadcrumb\",\"itemListElement\":[{\"@type\":\"ListItem\",\"position\":1,\"name\":\"Portada\",\"item\":\"https:\\\/\\\/www.eldiario.net\\\/portal\\\/\"},{\"@type\":\"ListItem\",\"position\":2,\"name\":\"YPFB es una ingobernable f\u00e1brica de empleos\"}]},{\"@type\":\"WebSite\",\"@id\":\"https:\\\/\\\/www.eldiario.net\\\/portal\\\/#website\",\"url\":\"https:\\\/\\\/www.eldiario.net\\\/portal\\\/\",\"name\":\"El Diario - Decano de la prensa nacional\",\"description\":\"El Diario - Decano de la prensa nacional\",\"publisher\":{\"@id\":\"https:\\\/\\\/www.eldiario.net\\\/portal\\\/#organization\"},\"potentialAction\":[{\"@type\":\"SearchAction\",\"target\":{\"@type\":\"EntryPoint\",\"urlTemplate\":\"https:\\\/\\\/www.eldiario.net\\\/portal\\\/?s={search_term_string}\"},\"query-input\":{\"@type\":\"PropertyValueSpecification\",\"valueRequired\":true,\"valueName\":\"search_term_string\"}}],\"inLanguage\":\"es\"},{\"@type\":\"Organization\",\"@id\":\"https:\\\/\\\/www.eldiario.net\\\/portal\\\/#organization\",\"name\":\"El Diario - Decano de la prensa nacional\",\"url\":\"https:\\\/\\\/www.eldiario.net\\\/portal\\\/\",\"logo\":{\"@type\":\"ImageObject\",\"inLanguage\":\"es\",\"@id\":\"https:\\\/\\\/www.eldiario.net\\\/portal\\\/#\\\/schema\\\/logo\\\/image\\\/\",\"url\":\"https:\\\/\\\/www.eldiario.net\\\/portal\\\/wp-content\\\/uploads\\\/2023\\\/07\\\/logo_ED.jpg\",\"contentUrl\":\"https:\\\/\\\/www.eldiario.net\\\/portal\\\/wp-content\\\/uploads\\\/2023\\\/07\\\/logo_ED.jpg\",\"width\":272,\"height\":52,\"caption\":\"El Diario - Decano de la prensa nacional\"},\"image\":{\"@id\":\"https:\\\/\\\/www.eldiario.net\\\/portal\\\/#\\\/schema\\\/logo\\\/image\\\/\"},\"sameAs\":[\"https:\\\/\\\/www.facebook.com\\\/eldiario.bolivia\\\/\",\"https:\\\/\\\/x.com\\\/eldiario_net\"]},{\"@type\":\"Person\",\"@id\":\"https:\\\/\\\/www.eldiario.net\\\/portal\\\/#\\\/schema\\\/person\\\/2c57cf2b7a7ae032e449e4c9b1019eac\",\"name\":\"Jeanette\",\"image\":{\"@type\":\"ImageObject\",\"inLanguage\":\"es\",\"@id\":\"https:\\\/\\\/secure.gravatar.com\\\/avatar\\\/3ea2118a5f7dad2b7138b1187a6b7ee55f160b9968b66013c3a3ef39dd7e5798?s=96&d=mm&r=g\",\"url\":\"https:\\\/\\\/secure.gravatar.com\\\/avatar\\\/3ea2118a5f7dad2b7138b1187a6b7ee55f160b9968b66013c3a3ef39dd7e5798?s=96&d=mm&r=g\",\"contentUrl\":\"https:\\\/\\\/secure.gravatar.com\\\/avatar\\\/3ea2118a5f7dad2b7138b1187a6b7ee55f160b9968b66013c3a3ef39dd7e5798?s=96&d=mm&r=g\",\"caption\":\"Jeanette\"},\"sameAs\":[\"https:\\\/\\\/www.eldiario.net\\\/portal\"],\"url\":\"https:\\\/\\\/www.eldiario.net\\\/portal\\\/author\\\/jeanette\\\/\"}]}<\/script>\n<!-- \/ Yoast SEO plugin. -->","yoast_head_json":{"title":"YPFB es una ingobernable f\u00e1brica de empleos - El Diario - Bolivia","robots":{"index":"index","follow":"follow","max-snippet":"max-snippet:-1","max-image-preview":"max-image-preview:large","max-video-preview":"max-video-preview:-1"},"canonical":"https:\/\/www.eldiario.net\/portal\/2026\/06\/14\/ypfb-es-una-ingobernable-fabrica-de-empleos\/","og_locale":"es_ES","og_type":"article","og_title":"YPFB es una ingobernable f\u00e1brica de empleos - El Diario - Bolivia","og_description":"Alejandro Flores del canal Youtube EDI TV BOLIVIA \u00a0 El analista de la Fundaci\u00f3n Jubileo, Ra\u00fal Vel\u00e1zquez, se\u00f1al\u00f3 que mientras la producci\u00f3n de gas natural cay\u00f3 cerca de un 55% y la de l\u00edquidos alrededor de un 62% en los \u00faltimos a\u00f1os, la planilla de personal contin\u00faa creciendo, hoy en d\u00eda YPFB produce m\u00e1s empleo [&hellip;]","og_url":"https:\/\/www.eldiario.net\/portal\/2026\/06\/14\/ypfb-es-una-ingobernable-fabrica-de-empleos\/","og_site_name":"El Diario - Bolivia","article_publisher":"https:\/\/www.facebook.com\/eldiario.bolivia\/","article_published_time":"2026-06-14T09:07:43+00:00","og_image":[{"width":623,"height":350,"url":"https:\/\/www.eldiario.net\/portal\/wp-content\/uploads\/2026\/06\/Foto-ypfb.webp","type":"image\/webp"}],"author":"Jeanette","twitter_card":"summary_large_image","twitter_creator":"@eldiario_net","twitter_site":"@eldiario_net","twitter_misc":{"Escrito por":"Jeanette","Tiempo de lectura":"4 minutos"},"schema":{"@context":"https:\/\/schema.org","@graph":[{"@type":"Article","@id":"https:\/\/www.eldiario.net\/portal\/2026\/06\/14\/ypfb-es-una-ingobernable-fabrica-de-empleos\/#article","isPartOf":{"@id":"https:\/\/www.eldiario.net\/portal\/2026\/06\/14\/ypfb-es-una-ingobernable-fabrica-de-empleos\/"},"author":{"name":"Jeanette","@id":"https:\/\/www.eldiario.net\/portal\/#\/schema\/person\/2c57cf2b7a7ae032e449e4c9b1019eac"},"headline":"YPFB es una ingobernable f\u00e1brica de empleos","datePublished":"2026-06-14T09:07:43+00:00","mainEntityOfPage":{"@id":"https:\/\/www.eldiario.net\/portal\/2026\/06\/14\/ypfb-es-una-ingobernable-fabrica-de-empleos\/"},"wordCount":787,"publisher":{"@id":"https:\/\/www.eldiario.net\/portal\/#organization"},"image":{"@id":"https:\/\/www.eldiario.net\/portal\/2026\/06\/14\/ypfb-es-una-ingobernable-fabrica-de-empleos\/#primaryimage"},"thumbnailUrl":"https:\/\/www.eldiario.net\/portal\/wp-content\/uploads\/2026\/06\/Foto-ypfb.webp","articleSection":["Econom\u00eda"],"inLanguage":"es"},{"@type":"WebPage","@id":"https:\/\/www.eldiario.net\/portal\/2026\/06\/14\/ypfb-es-una-ingobernable-fabrica-de-empleos\/","url":"https:\/\/www.eldiario.net\/portal\/2026\/06\/14\/ypfb-es-una-ingobernable-fabrica-de-empleos\/","name":"YPFB es una ingobernable f\u00e1brica de empleos - El Diario - Bolivia","isPartOf":{"@id":"https:\/\/www.eldiario.net\/portal\/#website"},"primaryImageOfPage":{"@id":"https:\/\/www.eldiario.net\/portal\/2026\/06\/14\/ypfb-es-una-ingobernable-fabrica-de-empleos\/#primaryimage"},"image":{"@id":"https:\/\/www.eldiario.net\/portal\/2026\/06\/14\/ypfb-es-una-ingobernable-fabrica-de-empleos\/#primaryimage"},"thumbnailUrl":"https:\/\/www.eldiario.net\/portal\/wp-content\/uploads\/2026\/06\/Foto-ypfb.webp","datePublished":"2026-06-14T09:07:43+00:00","breadcrumb":{"@id":"https:\/\/www.eldiario.net\/portal\/2026\/06\/14\/ypfb-es-una-ingobernable-fabrica-de-empleos\/#breadcrumb"},"inLanguage":"es","potentialAction":[{"@type":"ReadAction","target":["https:\/\/www.eldiario.net\/portal\/2026\/06\/14\/ypfb-es-una-ingobernable-fabrica-de-empleos\/"]}]},{"@type":"ImageObject","inLanguage":"es","@id":"https:\/\/www.eldiario.net\/portal\/2026\/06\/14\/ypfb-es-una-ingobernable-fabrica-de-empleos\/#primaryimage","url":"https:\/\/www.eldiario.net\/portal\/wp-content\/uploads\/2026\/06\/Foto-ypfb.webp","contentUrl":"https:\/\/www.eldiario.net\/portal\/wp-content\/uploads\/2026\/06\/Foto-ypfb.webp","width":623,"height":350,"caption":"M\u00e1s empleados, menos producci\u00f3n"},{"@type":"BreadcrumbList","@id":"https:\/\/www.eldiario.net\/portal\/2026\/06\/14\/ypfb-es-una-ingobernable-fabrica-de-empleos\/#breadcrumb","itemListElement":[{"@type":"ListItem","position":1,"name":"Portada","item":"https:\/\/www.eldiario.net\/portal\/"},{"@type":"ListItem","position":2,"name":"YPFB es una ingobernable f\u00e1brica de empleos"}]},{"@type":"WebSite","@id":"https:\/\/www.eldiario.net\/portal\/#website","url":"https:\/\/www.eldiario.net\/portal\/","name":"El Diario - Decano de la prensa nacional","description":"El Diario - Decano de la prensa nacional","publisher":{"@id":"https:\/\/www.eldiario.net\/portal\/#organization"},"potentialAction":[{"@type":"SearchAction","target":{"@type":"EntryPoint","urlTemplate":"https:\/\/www.eldiario.net\/portal\/?s={search_term_string}"},"query-input":{"@type":"PropertyValueSpecification","valueRequired":true,"valueName":"search_term_string"}}],"inLanguage":"es"},{"@type":"Organization","@id":"https:\/\/www.eldiario.net\/portal\/#organization","name":"El Diario - Decano de la prensa nacional","url":"https:\/\/www.eldiario.net\/portal\/","logo":{"@type":"ImageObject","inLanguage":"es","@id":"https:\/\/www.eldiario.net\/portal\/#\/schema\/logo\/image\/","url":"https:\/\/www.eldiario.net\/portal\/wp-content\/uploads\/2023\/07\/logo_ED.jpg","contentUrl":"https:\/\/www.eldiario.net\/portal\/wp-content\/uploads\/2023\/07\/logo_ED.jpg","width":272,"height":52,"caption":"El Diario - Decano de la prensa nacional"},"image":{"@id":"https:\/\/www.eldiario.net\/portal\/#\/schema\/logo\/image\/"},"sameAs":["https:\/\/www.facebook.com\/eldiario.bolivia\/","https:\/\/x.com\/eldiario_net"]},{"@type":"Person","@id":"https:\/\/www.eldiario.net\/portal\/#\/schema\/person\/2c57cf2b7a7ae032e449e4c9b1019eac","name":"Jeanette","image":{"@type":"ImageObject","inLanguage":"es","@id":"https:\/\/secure.gravatar.com\/avatar\/3ea2118a5f7dad2b7138b1187a6b7ee55f160b9968b66013c3a3ef39dd7e5798?s=96&d=mm&r=g","url":"https:\/\/secure.gravatar.com\/avatar\/3ea2118a5f7dad2b7138b1187a6b7ee55f160b9968b66013c3a3ef39dd7e5798?s=96&d=mm&r=g","contentUrl":"https:\/\/secure.gravatar.com\/avatar\/3ea2118a5f7dad2b7138b1187a6b7ee55f160b9968b66013c3a3ef39dd7e5798?s=96&d=mm&r=g","caption":"Jeanette"},"sameAs":["https:\/\/www.eldiario.net\/portal"],"url":"https:\/\/www.eldiario.net\/portal\/author\/jeanette\/"}]}},"_links":{"self":[{"href":"https:\/\/www.eldiario.net\/portal\/wp-json\/wp\/v2\/posts\/403591","targetHints":{"allow":["GET"]}}],"collection":[{"href":"https:\/\/www.eldiario.net\/portal\/wp-json\/wp\/v2\/posts"}],"about":[{"href":"https:\/\/www.eldiario.net\/portal\/wp-json\/wp\/v2\/types\/post"}],"author":[{"embeddable":true,"href":"https:\/\/www.eldiario.net\/portal\/wp-json\/wp\/v2\/users\/1"}],"replies":[{"embeddable":true,"href":"https:\/\/www.eldiario.net\/portal\/wp-json\/wp\/v2\/comments?post=403591"}],"version-history":[{"count":1,"href":"https:\/\/www.eldiario.net\/portal\/wp-json\/wp\/v2\/posts\/403591\/revisions"}],"predecessor-version":[{"id":403594,"href":"https:\/\/www.eldiario.net\/portal\/wp-json\/wp\/v2\/posts\/403591\/revisions\/403594"}],"wp:featuredmedia":[{"embeddable":true,"href":"https:\/\/www.eldiario.net\/portal\/wp-json\/wp\/v2\/media\/403592"}],"wp:attachment":[{"href":"https:\/\/www.eldiario.net\/portal\/wp-json\/wp\/v2\/media?parent=403591"}],"wp:term":[{"taxonomy":"category","embeddable":true,"href":"https:\/\/www.eldiario.net\/portal\/wp-json\/wp\/v2\/categories?post=403591"},{"taxonomy":"post_tag","embeddable":true,"href":"https:\/\/www.eldiario.net\/portal\/wp-json\/wp\/v2\/tags?post=403591"}],"curies":[{"name":"wp","href":"https:\/\/api.w.org\/{rel}","templated":true}]}}