{"id":403571,"date":"2026-06-14T04:59:05","date_gmt":"2026-06-14T08:59:05","guid":{"rendered":"https:\/\/www.eldiario.net\/portal\/?p=403571"},"modified":"2026-06-14T04:59:05","modified_gmt":"2026-06-14T08:59:05","slug":"marruecos-frena-a-brasil","status":"publish","type":"post","link":"https:\/\/www.eldiario.net\/portal\/2026\/06\/14\/marruecos-frena-a-brasil\/","title":{"rendered":"MARRUECOS FRENA A BRASIL"},"content":{"rendered":"<p>Desde el pitazo inicial, la selecci\u00f3n de Marruecos dirigida por Mohamed Ouahbi jug\u00f3 con el temple y la jerarqu\u00eda. Al frente estuvo Brasil de Carlo Ancelotti que salt\u00f3 a la cancha lleno de dudas f\u00edsicas y con lagunas conceptuales profundas que volvieron a reavivar las cr\u00edticas por la falta de identidad del actual Scratch.<br \/>\nComo reflejo lleg\u00f3 el primer gol para Marruecos al minuto 21, Brahim D\u00edaz dibuj\u00f3 una asistencia magistral al espacio que desarm\u00f3 la zaga rival para que Ismael Saibari definiera con una sutil vaselina sobre Alisson Becker.<br \/>\nBrasil se vio obligada a vivir de lo que pudiera inventar Vin\u00edcius J\u00fanior. El extremo del Real Madrid carg\u00f3 con el peso ofensivo de su pa\u00eds y rescat\u00f3 el 1-1 al minuto 32 con una fenomenal jugada individual cruzada que bati\u00f3 a Bounou.<br \/>\nEl pitazo final decret\u00f3 un reparto de puntos en Nueva Jersey que deja mejores sensaciones en el bando norafricano.<\/p>\n<p>CAMBIOS:<br \/>\nBrasil: Danilo da Silva por Ib\u00e1\u00f1ez, Fabinho por Casemiro, Matheus Cunha por Paquet\u00e1, .Luiz Henrique por Thiago, Danilo dos Santos por Guimar\u00e3es.<br \/>\nMarruecos: Samir El Mourabet por Ounahi, Chemsdine Talbi por D\u00edaz, Anass Salah-Eddine por Mazraoui, Ayoube Amaimouni por El Khannous, Soufiane Rahimi por Saibari.<\/p>\n<p>Goles: Saibari (21&#8242; M), Vinicius Jr (32&#8242;)<\/p>\n<p>2 Jugadores de Brasil vieron la tarjeta amarilla: Casemiro e Ib\u00e1\u00f1ez.<\/p>\n\r\n                <style type=\"text\/css\">\r\n                    \r\n                    #tdi_1  .td-doubleSlider-2 .td-item1 {\r\n                        background: url(https:\/\/www.eldiario.net\/portal\/wp-content\/uploads\/2026\/06\/FOTO-10-1-80x60.webp) 0 0 no-repeat;\r\n                    }\r\n                    #tdi_1  .td-doubleSlider-2 .td-item2 {\r\n                        background: url(https:\/\/www.eldiario.net\/portal\/wp-content\/uploads\/2026\/06\/FOTO-11-1-80x60.webp) 0 0 no-repeat;\r\n                    }\r\n                    #tdi_1  .td-doubleSlider-2 .td-item3 {\r\n                        background: url(https:\/\/www.eldiario.net\/portal\/wp-content\/uploads\/2026\/06\/FOTO-12-2-80x60.webp) 0 0 no-repeat;\r\n                    }\r\n                    #tdi_1  .td-doubleSlider-2 .td-item4 {\r\n                        background: url(https:\/\/www.eldiario.net\/portal\/wp-content\/uploads\/2026\/06\/FOTO-13-2-80x60.webp) 0 0 no-repeat;\r\n                    }\r\n                    #tdi_1  .td-doubleSlider-2 .td-item5 {\r\n                        background: url(https:\/\/www.eldiario.net\/portal\/wp-content\/uploads\/2026\/06\/FOTO-14-2-80x60.webp) 0 0 no-repeat;\r\n                    }\r\n                <\/style>\r\n\r\n                <div id=\"tdi_1\" class=\"td-gallery td-slide-on-2-columns\">\r\n                    <div class=\"post_td_gallery\">\r\n                        <div class=\"td-gallery-slide-top\">\r\n                           <div class=\"td-gallery-title\"><\/div>\r\n\r\n                            <div class=\"td-gallery-controls-wrapper\">\r\n                                <div class=\"td-gallery-slide-count\"><span class=\"td-gallery-slide-item-focus\">1<\/span> de 5<\/div>\r\n                                <div class=\"td-gallery-slide-prev-next-but\">\r\n                                    <i class = \"td-icon-left doubleSliderPrevButton\"><\/i>\r\n                                    <i class = \"td-icon-right doubleSliderNextButton\"><\/i>\r\n                                <\/div>\r\n                            <\/div>\r\n                        <\/div>\r\n\r\n                        <div class = \"td-doubleSlider-1 \">\r\n                            <div class = \"td-slider\">\r\n                                \r\n                    <div class = \"td-slide-item td-item1\">\r\n                        <figure class=\"td-slide-galery-figure td-slide-popup-gallery\">\r\n                            <a class=\"slide-gallery-image-link\" href=\"https:\/\/www.eldiario.net\/portal\/wp-content\/uploads\/2026\/06\/FOTO-10-1.webp\" title=\"FOTO-10\"  data-caption=\"Slavko Vin\u010di\u0107\n\u00c1RBITRO SEVERO\nSobrio y de perfil bajo, cumpliendo con \u00e9xito la tarea de no convertirse en el protagonista del encuentro.\"  data-description=\"Slavko Vin\u010di\u0107\n&Aacute;RBITRO SEVERO\nSobrio y de perfil bajo, cumpliendo con &eacute;xito la tarea de no convertirse en el protagonista del encuentro.\">\r\n                                <img decoding=\"async\" src=\"https:\/\/www.eldiario.net\/portal\/wp-content\/uploads\/2026\/06\/FOTO-10-1.webp\" srcset=\"https:\/\/www.eldiario.net\/portal\/wp-content\/uploads\/2026\/06\/FOTO-10-1.webp 430w, https:\/\/www.eldiario.net\/portal\/wp-content\/uploads\/2026\/06\/FOTO-10-1-300x255.webp 300w, https:\/\/www.eldiario.net\/portal\/wp-content\/uploads\/2026\/06\/FOTO-10-1-150x127.webp 150w\" sizes=\"(max-width: 430px) 100vw, 430px\" alt=\"\">\r\n                            <\/a>\r\n                            <figcaption class = \"td-slide-caption td-gallery-slide-content\"><div class = \"td-gallery-slide-copywrite\">Slavko Vin\u010di\u0107\n\u00c1RBITRO SEVERO\nSobrio y de perfil bajo, cumpliendo con \u00e9xito la tarea de no convertirse en el protagonista del encuentro.<\/div><span>Slavko Vin\u010di\u0107\n\u00c1RBITRO SEVERO\nSobrio y de perfil bajo, cumpliendo con \u00e9xito la tarea de no convertirse en el protagonista del encuentro.<\/span><\/figcaption>\r\n                        <\/figure>\r\n                    <\/div>\r\n                    <div class = \"td-slide-item td-item2\">\r\n                        <figure class=\"td-slide-galery-figure td-slide-popup-gallery\">\r\n                            <a class=\"slide-gallery-image-link\" href=\"https:\/\/www.eldiario.net\/portal\/wp-content\/uploads\/2026\/06\/FOTO-11-1.webp\" title=\"FOTO-11\"  data-caption=\"R\u00f3ger Iba\u00f1ez\nEl jugador m\u00e1s criticado\nEl defensor central brasile\u00f1o sufri\u00f3 un aut\u00e9ntico calvario para contener la velocidad, la asociaci\u00f3n y los desbordes constantes del ataque marroqu\u00ed.\"  data-description=\"R&oacute;ger Iba&ntilde;ez\nEl jugador m&aacute;s criticado\nEl defensor central brasile&ntilde;o sufri&oacute; un aut&eacute;ntico calvario para contener la velocidad, la asociaci&oacute;n y los desbordes constantes del ataque marroqu&iacute;.\">\r\n                                <img decoding=\"async\" src=\"https:\/\/www.eldiario.net\/portal\/wp-content\/uploads\/2026\/06\/FOTO-11-1-459x420.webp\" srcset=\"https:\/\/www.eldiario.net\/portal\/wp-content\/uploads\/2026\/06\/FOTO-11-1-459x420.webp 459w, https:\/\/www.eldiario.net\/portal\/wp-content\/uploads\/2026\/06\/FOTO-11-1-300x274.webp 300w, https:\/\/www.eldiario.net\/portal\/wp-content\/uploads\/2026\/06\/FOTO-11-1-150x137.webp 150w, https:\/\/www.eldiario.net\/portal\/wp-content\/uploads\/2026\/06\/FOTO-11-1.webp 576w\" sizes=\"(max-width: 459px) 100vw, 459px\" alt=\"\">\r\n                            <\/a>\r\n                            <figcaption class = \"td-slide-caption td-gallery-slide-content\"><div class = \"td-gallery-slide-copywrite\">R\u00f3ger Iba\u00f1ez\nEl jugador m\u00e1s criticado\nEl defensor central brasile\u00f1o sufri\u00f3 un aut\u00e9ntico calvario para contener la velocidad, la asociaci\u00f3n y los desbordes constantes del ataque marroqu\u00ed.<\/div><span>R\u00f3ger Iba\u00f1ez\nEl jugador m\u00e1s criticado\nEl defensor central brasile\u00f1o sufri\u00f3 un aut\u00e9ntico calvario para contener la velocidad, la asociaci\u00f3n y los desbordes constantes del ataque marroqu\u00ed.<\/span><\/figcaption>\r\n                        <\/figure>\r\n                    <\/div>\r\n                    <div class = \"td-slide-item td-item3\">\r\n                        <figure class=\"td-slide-galery-figure td-slide-popup-gallery\">\r\n                            <a class=\"slide-gallery-image-link\" href=\"https:\/\/www.eldiario.net\/portal\/wp-content\/uploads\/2026\/06\/FOTO-12-2.webp\" title=\"FOTO-12\"  data-caption=\"VINICIUS JUNIOR\nEl mejor del partido\nEl atacante del Real Madrid se consagr\u00f3 como la figura de la cancha seg\u00fan FIFA.\n\"  data-description=\"\">\r\n                                <img decoding=\"async\" src=\"https:\/\/www.eldiario.net\/portal\/wp-content\/uploads\/2026\/06\/FOTO-12-2-503x420.webp\" srcset=\"https:\/\/www.eldiario.net\/portal\/wp-content\/uploads\/2026\/06\/FOTO-12-2-503x420.webp 503w, https:\/\/www.eldiario.net\/portal\/wp-content\/uploads\/2026\/06\/FOTO-12-2-300x251.webp 300w, https:\/\/www.eldiario.net\/portal\/wp-content\/uploads\/2026\/06\/FOTO-12-2-150x125.webp 150w, https:\/\/www.eldiario.net\/portal\/wp-content\/uploads\/2026\/06\/FOTO-12-2.webp 510w\" sizes=\"(max-width: 503px) 100vw, 503px\" alt=\"\">\r\n                            <\/a>\r\n                            <figcaption class = \"td-slide-caption td-gallery-slide-content\"><div class = \"td-gallery-slide-copywrite\">VINICIUS JUNIOR\nEl mejor del partido\nEl atacante del Real Madrid se consagr\u00f3 como la figura de la cancha seg\u00fan FIFA.\n<\/div><\/figcaption>\r\n                        <\/figure>\r\n                    <\/div>\r\n                    <div class = \"td-slide-item td-item4\">\r\n                        <figure class=\"td-slide-galery-figure td-slide-popup-gallery\">\r\n                            <a class=\"slide-gallery-image-link\" href=\"https:\/\/www.eldiario.net\/portal\/wp-content\/uploads\/2026\/06\/FOTO-13-2.webp\" title=\"FOTO-13\"  data-caption=\" Ismael Saibari hizo el gol de Marruecos. (X)\"  data-description=\" Ismael Saibari hizo el gol de Marruecos. (X)\">\r\n                                <img decoding=\"async\" src=\"https:\/\/www.eldiario.net\/portal\/wp-content\/uploads\/2026\/06\/FOTO-13-2-309x420.webp\" srcset=\"https:\/\/www.eldiario.net\/portal\/wp-content\/uploads\/2026\/06\/FOTO-13-2-309x420.webp 309w, https:\/\/www.eldiario.net\/portal\/wp-content\/uploads\/2026\/06\/FOTO-13-2-221x300.webp 221w, https:\/\/www.eldiario.net\/portal\/wp-content\/uploads\/2026\/06\/FOTO-13-2-150x204.webp 150w, https:\/\/www.eldiario.net\/portal\/wp-content\/uploads\/2026\/06\/FOTO-13-2-300x407.webp 300w, https:\/\/www.eldiario.net\/portal\/wp-content\/uploads\/2026\/06\/FOTO-13-2.webp 576w\" sizes=\"(max-width: 309px) 100vw, 309px\" alt=\"\">\r\n                            <\/a>\r\n                            <figcaption class = \"td-slide-caption td-gallery-slide-content\"><div class = \"td-gallery-slide-copywrite\"> Ismael Saibari hizo el gol de Marruecos. (X)<\/div><span> Ismael Saibari hizo el gol de Marruecos. (X)<\/span><\/figcaption>\r\n                        <\/figure>\r\n                    <\/div>\r\n                    <div class = \"td-slide-item td-item5\">\r\n                        <figure class=\"td-slide-galery-figure td-slide-popup-gallery\">\r\n                            <a class=\"slide-gallery-image-link\" href=\"https:\/\/www.eldiario.net\/portal\/wp-content\/uploads\/2026\/06\/FOTO-14-2.webp\" title=\"FOTO-14\"  data-caption=\" Instante del juego entre Brasil y Marruecos. (SELEC. BRASIL)\"  data-description=\" Instante del juego entre Brasil y Marruecos. (SELEC. BRASIL)\">\r\n                                <img decoding=\"async\" src=\"https:\/\/www.eldiario.net\/portal\/wp-content\/uploads\/2026\/06\/FOTO-14-2.webp\" srcset=\"https:\/\/www.eldiario.net\/portal\/wp-content\/uploads\/2026\/06\/FOTO-14-2.webp 576w, https:\/\/www.eldiario.net\/portal\/wp-content\/uploads\/2026\/06\/FOTO-14-2-300x191.webp 300w, https:\/\/www.eldiario.net\/portal\/wp-content\/uploads\/2026\/06\/FOTO-14-2-150x95.webp 150w\" sizes=\"(max-width: 576px) 100vw, 576px\" alt=\"\">\r\n                            <\/a>\r\n                            <figcaption class = \"td-slide-caption td-gallery-slide-content\"><div class = \"td-gallery-slide-copywrite\"> Instante del juego entre Brasil y Marruecos. (SELEC. BRASIL)<\/div><span> Instante del juego entre Brasil y Marruecos. (SELEC. BRASIL)<\/span><\/figcaption>\r\n                        <\/figure>\r\n                    <\/div>\r\n                            <\/div>\r\n                        <\/div>\r\n\r\n                        <div class = \"td-doubleSlider-2\">\r\n                            <div class = \"td-slider\">\r\n                                \r\n                    <div class = \"td-button td-item1\">\r\n                        <div class = \"td-border\"><\/div>\r\n                    <\/div>\r\n                    <div class = \"td-button td-item2\">\r\n                        <div class = \"td-border\"><\/div>\r\n                    <\/div>\r\n                    <div class = \"td-button td-item3\">\r\n                        <div class = \"td-border\"><\/div>\r\n                    <\/div>\r\n                    <div class = \"td-button td-item4\">\r\n                        <div class = \"td-border\"><\/div>\r\n                    <\/div>\r\n                    <div class = \"td-button td-item5\">\r\n                        <div class = \"td-border\"><\/div>\r\n                    <\/div>\r\n                            <\/div>\r\n                        <\/div>\r\n\r\n                    <\/div>\r\n\r\n                <\/div>\r\n                \n","protected":false},"excerpt":{"rendered":"<p>Desde el pitazo inicial, la selecci\u00f3n de Marruecos dirigida por Mohamed Ouahbi jug\u00f3 con el temple y la jerarqu\u00eda. Al frente estuvo Brasil de Carlo Ancelotti que salt\u00f3 a la cancha lleno de dudas f\u00edsicas y con lagunas conceptuales profundas que volvieron a reavivar las cr\u00edticas por la falta de identidad del actual Scratch. Como [&hellip;]<\/p>\n","protected":false},"author":1,"featured_media":403575,"comment_status":"closed","ping_status":"open","sticky":false,"template":"","format":"standard","meta":{"_acf_changed":false,"footnotes":""},"categories":[6],"tags":[],"class_list":["post-403571","post","type-post","status-publish","format-standard","has-post-thumbnail","category-deportes"],"acf":{"antetitulo":""},"yoast_head":"<!-- This site is optimized with the Yoast SEO plugin v28.4 - https:\/\/yoast.com\/product\/yoast-seo-wordpress\/ -->\n<title>MARRUECOS FRENA A BRASIL - El Diario - Bolivia<\/title>\n<meta name=\"robots\" content=\"index, follow, max-snippet:-1, max-image-preview:large, max-video-preview:-1\" \/>\n<link rel=\"canonical\" href=\"https:\/\/www.eldiario.net\/portal\/2026\/06\/14\/marruecos-frena-a-brasil\/\" \/>\n<meta property=\"og:locale\" content=\"es_ES\" \/>\n<meta property=\"og:type\" content=\"article\" \/>\n<meta property=\"og:title\" content=\"MARRUECOS FRENA A BRASIL - El Diario - Bolivia\" \/>\n<meta property=\"og:description\" content=\"Desde el pitazo inicial, la selecci\u00f3n de Marruecos dirigida por Mohamed Ouahbi jug\u00f3 con el temple y la jerarqu\u00eda. Al frente estuvo Brasil de Carlo Ancelotti que salt\u00f3 a la cancha lleno de dudas f\u00edsicas y con lagunas conceptuales profundas que volvieron a reavivar las cr\u00edticas por la falta de identidad del actual Scratch. Como [&hellip;]\" \/>\n<meta property=\"og:url\" content=\"https:\/\/www.eldiario.net\/portal\/2026\/06\/14\/marruecos-frena-a-brasil\/\" \/>\n<meta property=\"og:site_name\" content=\"El Diario - Bolivia\" \/>\n<meta property=\"article:publisher\" content=\"https:\/\/www.facebook.com\/eldiario.bolivia\/\" \/>\n<meta property=\"article:published_time\" content=\"2026-06-14T08:59:05+00:00\" \/>\n<meta property=\"og:image\" content=\"https:\/\/www.eldiario.net\/portal\/wp-content\/uploads\/2026\/06\/FOTO-13-2.webp\" \/>\n\t<meta property=\"og:image:width\" content=\"576\" \/>\n\t<meta property=\"og:image:height\" content=\"782\" \/>\n\t<meta property=\"og:image:type\" content=\"image\/webp\" \/>\n<meta name=\"author\" content=\"Jeanette\" \/>\n<meta name=\"twitter:card\" content=\"summary_large_image\" \/>\n<meta name=\"twitter:creator\" content=\"@eldiario_net\" \/>\n<meta name=\"twitter:site\" content=\"@eldiario_net\" \/>\n<meta name=\"twitter:label1\" content=\"Escrito por\" \/>\n\t<meta name=\"twitter:data1\" content=\"Jeanette\" \/>\n\t<meta name=\"twitter:label2\" content=\"Tiempo de lectura\" \/>\n\t<meta name=\"twitter:data2\" content=\"2 minutos\" \/>\n<script type=\"application\/ld+json\" class=\"yoast-schema-graph\">{\"@context\":\"https:\\\/\\\/schema.org\",\"@graph\":[{\"@type\":\"Article\",\"@id\":\"https:\\\/\\\/www.eldiario.net\\\/portal\\\/2026\\\/06\\\/14\\\/marruecos-frena-a-brasil\\\/#article\",\"isPartOf\":{\"@id\":\"https:\\\/\\\/www.eldiario.net\\\/portal\\\/2026\\\/06\\\/14\\\/marruecos-frena-a-brasil\\\/\"},\"author\":{\"name\":\"Jeanette\",\"@id\":\"https:\\\/\\\/www.eldiario.net\\\/portal\\\/#\\\/schema\\\/person\\\/2c57cf2b7a7ae032e449e4c9b1019eac\"},\"headline\":\"MARRUECOS FRENA A BRASIL\",\"datePublished\":\"2026-06-14T08:59:05+00:00\",\"mainEntityOfPage\":{\"@id\":\"https:\\\/\\\/www.eldiario.net\\\/portal\\\/2026\\\/06\\\/14\\\/marruecos-frena-a-brasil\\\/\"},\"wordCount\":236,\"publisher\":{\"@id\":\"https:\\\/\\\/www.eldiario.net\\\/portal\\\/#organization\"},\"image\":{\"@id\":\"https:\\\/\\\/www.eldiario.net\\\/portal\\\/2026\\\/06\\\/14\\\/marruecos-frena-a-brasil\\\/#primaryimage\"},\"thumbnailUrl\":\"https:\\\/\\\/www.eldiario.net\\\/portal\\\/wp-content\\\/uploads\\\/2026\\\/06\\\/FOTO-13-2.webp\",\"articleSection\":[\"Deportes\"],\"inLanguage\":\"es\"},{\"@type\":\"WebPage\",\"@id\":\"https:\\\/\\\/www.eldiario.net\\\/portal\\\/2026\\\/06\\\/14\\\/marruecos-frena-a-brasil\\\/\",\"url\":\"https:\\\/\\\/www.eldiario.net\\\/portal\\\/2026\\\/06\\\/14\\\/marruecos-frena-a-brasil\\\/\",\"name\":\"MARRUECOS FRENA A BRASIL - El Diario - Bolivia\",\"isPartOf\":{\"@id\":\"https:\\\/\\\/www.eldiario.net\\\/portal\\\/#website\"},\"primaryImageOfPage\":{\"@id\":\"https:\\\/\\\/www.eldiario.net\\\/portal\\\/2026\\\/06\\\/14\\\/marruecos-frena-a-brasil\\\/#primaryimage\"},\"image\":{\"@id\":\"https:\\\/\\\/www.eldiario.net\\\/portal\\\/2026\\\/06\\\/14\\\/marruecos-frena-a-brasil\\\/#primaryimage\"},\"thumbnailUrl\":\"https:\\\/\\\/www.eldiario.net\\\/portal\\\/wp-content\\\/uploads\\\/2026\\\/06\\\/FOTO-13-2.webp\",\"datePublished\":\"2026-06-14T08:59:05+00:00\",\"breadcrumb\":{\"@id\":\"https:\\\/\\\/www.eldiario.net\\\/portal\\\/2026\\\/06\\\/14\\\/marruecos-frena-a-brasil\\\/#breadcrumb\"},\"inLanguage\":\"es\",\"potentialAction\":[{\"@type\":\"ReadAction\",\"target\":[\"https:\\\/\\\/www.eldiario.net\\\/portal\\\/2026\\\/06\\\/14\\\/marruecos-frena-a-brasil\\\/\"]}]},{\"@type\":\"ImageObject\",\"inLanguage\":\"es\",\"@id\":\"https:\\\/\\\/www.eldiario.net\\\/portal\\\/2026\\\/06\\\/14\\\/marruecos-frena-a-brasil\\\/#primaryimage\",\"url\":\"https:\\\/\\\/www.eldiario.net\\\/portal\\\/wp-content\\\/uploads\\\/2026\\\/06\\\/FOTO-13-2.webp\",\"contentUrl\":\"https:\\\/\\\/www.eldiario.net\\\/portal\\\/wp-content\\\/uploads\\\/2026\\\/06\\\/FOTO-13-2.webp\",\"width\":576,\"height\":782,\"caption\":\"Ismael Saibari hizo el gol de Marruecos. (X)\"},{\"@type\":\"BreadcrumbList\",\"@id\":\"https:\\\/\\\/www.eldiario.net\\\/portal\\\/2026\\\/06\\\/14\\\/marruecos-frena-a-brasil\\\/#breadcrumb\",\"itemListElement\":[{\"@type\":\"ListItem\",\"position\":1,\"name\":\"Portada\",\"item\":\"https:\\\/\\\/www.eldiario.net\\\/portal\\\/\"},{\"@type\":\"ListItem\",\"position\":2,\"name\":\"MARRUECOS FRENA A BRASIL\"}]},{\"@type\":\"WebSite\",\"@id\":\"https:\\\/\\\/www.eldiario.net\\\/portal\\\/#website\",\"url\":\"https:\\\/\\\/www.eldiario.net\\\/portal\\\/\",\"name\":\"El Diario - Decano de la prensa nacional\",\"description\":\"El Diario - Decano de la prensa nacional\",\"publisher\":{\"@id\":\"https:\\\/\\\/www.eldiario.net\\\/portal\\\/#organization\"},\"potentialAction\":[{\"@type\":\"SearchAction\",\"target\":{\"@type\":\"EntryPoint\",\"urlTemplate\":\"https:\\\/\\\/www.eldiario.net\\\/portal\\\/?s={search_term_string}\"},\"query-input\":{\"@type\":\"PropertyValueSpecification\",\"valueRequired\":true,\"valueName\":\"search_term_string\"}}],\"inLanguage\":\"es\"},{\"@type\":\"Organization\",\"@id\":\"https:\\\/\\\/www.eldiario.net\\\/portal\\\/#organization\",\"name\":\"El Diario - Decano de la prensa nacional\",\"url\":\"https:\\\/\\\/www.eldiario.net\\\/portal\\\/\",\"logo\":{\"@type\":\"ImageObject\",\"inLanguage\":\"es\",\"@id\":\"https:\\\/\\\/www.eldiario.net\\\/portal\\\/#\\\/schema\\\/logo\\\/image\\\/\",\"url\":\"https:\\\/\\\/www.eldiario.net\\\/portal\\\/wp-content\\\/uploads\\\/2023\\\/07\\\/logo_ED.jpg\",\"contentUrl\":\"https:\\\/\\\/www.eldiario.net\\\/portal\\\/wp-content\\\/uploads\\\/2023\\\/07\\\/logo_ED.jpg\",\"width\":272,\"height\":52,\"caption\":\"El Diario - Decano de la prensa nacional\"},\"image\":{\"@id\":\"https:\\\/\\\/www.eldiario.net\\\/portal\\\/#\\\/schema\\\/logo\\\/image\\\/\"},\"sameAs\":[\"https:\\\/\\\/www.facebook.com\\\/eldiario.bolivia\\\/\",\"https:\\\/\\\/x.com\\\/eldiario_net\"]},{\"@type\":\"Person\",\"@id\":\"https:\\\/\\\/www.eldiario.net\\\/portal\\\/#\\\/schema\\\/person\\\/2c57cf2b7a7ae032e449e4c9b1019eac\",\"name\":\"Jeanette\",\"image\":{\"@type\":\"ImageObject\",\"inLanguage\":\"es\",\"@id\":\"https:\\\/\\\/secure.gravatar.com\\\/avatar\\\/3ea2118a5f7dad2b7138b1187a6b7ee55f160b9968b66013c3a3ef39dd7e5798?s=96&d=mm&r=g\",\"url\":\"https:\\\/\\\/secure.gravatar.com\\\/avatar\\\/3ea2118a5f7dad2b7138b1187a6b7ee55f160b9968b66013c3a3ef39dd7e5798?s=96&d=mm&r=g\",\"contentUrl\":\"https:\\\/\\\/secure.gravatar.com\\\/avatar\\\/3ea2118a5f7dad2b7138b1187a6b7ee55f160b9968b66013c3a3ef39dd7e5798?s=96&d=mm&r=g\",\"caption\":\"Jeanette\"},\"sameAs\":[\"https:\\\/\\\/www.eldiario.net\\\/portal\"],\"url\":\"https:\\\/\\\/www.eldiario.net\\\/portal\\\/author\\\/jeanette\\\/\"}]}<\/script>\n<!-- \/ Yoast SEO plugin. -->","yoast_head_json":{"title":"MARRUECOS FRENA A BRASIL - El Diario - Bolivia","robots":{"index":"index","follow":"follow","max-snippet":"max-snippet:-1","max-image-preview":"max-image-preview:large","max-video-preview":"max-video-preview:-1"},"canonical":"https:\/\/www.eldiario.net\/portal\/2026\/06\/14\/marruecos-frena-a-brasil\/","og_locale":"es_ES","og_type":"article","og_title":"MARRUECOS FRENA A BRASIL - El Diario - Bolivia","og_description":"Desde el pitazo inicial, la selecci\u00f3n de Marruecos dirigida por Mohamed Ouahbi jug\u00f3 con el temple y la jerarqu\u00eda. Al frente estuvo Brasil de Carlo Ancelotti que salt\u00f3 a la cancha lleno de dudas f\u00edsicas y con lagunas conceptuales profundas que volvieron a reavivar las cr\u00edticas por la falta de identidad del actual Scratch. Como [&hellip;]","og_url":"https:\/\/www.eldiario.net\/portal\/2026\/06\/14\/marruecos-frena-a-brasil\/","og_site_name":"El Diario - Bolivia","article_publisher":"https:\/\/www.facebook.com\/eldiario.bolivia\/","article_published_time":"2026-06-14T08:59:05+00:00","og_image":[{"width":576,"height":782,"url":"https:\/\/www.eldiario.net\/portal\/wp-content\/uploads\/2026\/06\/FOTO-13-2.webp","type":"image\/webp"}],"author":"Jeanette","twitter_card":"summary_large_image","twitter_creator":"@eldiario_net","twitter_site":"@eldiario_net","twitter_misc":{"Escrito por":"Jeanette","Tiempo de lectura":"2 minutos"},"schema":{"@context":"https:\/\/schema.org","@graph":[{"@type":"Article","@id":"https:\/\/www.eldiario.net\/portal\/2026\/06\/14\/marruecos-frena-a-brasil\/#article","isPartOf":{"@id":"https:\/\/www.eldiario.net\/portal\/2026\/06\/14\/marruecos-frena-a-brasil\/"},"author":{"name":"Jeanette","@id":"https:\/\/www.eldiario.net\/portal\/#\/schema\/person\/2c57cf2b7a7ae032e449e4c9b1019eac"},"headline":"MARRUECOS FRENA A BRASIL","datePublished":"2026-06-14T08:59:05+00:00","mainEntityOfPage":{"@id":"https:\/\/www.eldiario.net\/portal\/2026\/06\/14\/marruecos-frena-a-brasil\/"},"wordCount":236,"publisher":{"@id":"https:\/\/www.eldiario.net\/portal\/#organization"},"image":{"@id":"https:\/\/www.eldiario.net\/portal\/2026\/06\/14\/marruecos-frena-a-brasil\/#primaryimage"},"thumbnailUrl":"https:\/\/www.eldiario.net\/portal\/wp-content\/uploads\/2026\/06\/FOTO-13-2.webp","articleSection":["Deportes"],"inLanguage":"es"},{"@type":"WebPage","@id":"https:\/\/www.eldiario.net\/portal\/2026\/06\/14\/marruecos-frena-a-brasil\/","url":"https:\/\/www.eldiario.net\/portal\/2026\/06\/14\/marruecos-frena-a-brasil\/","name":"MARRUECOS FRENA A BRASIL - El Diario - Bolivia","isPartOf":{"@id":"https:\/\/www.eldiario.net\/portal\/#website"},"primaryImageOfPage":{"@id":"https:\/\/www.eldiario.net\/portal\/2026\/06\/14\/marruecos-frena-a-brasil\/#primaryimage"},"image":{"@id":"https:\/\/www.eldiario.net\/portal\/2026\/06\/14\/marruecos-frena-a-brasil\/#primaryimage"},"thumbnailUrl":"https:\/\/www.eldiario.net\/portal\/wp-content\/uploads\/2026\/06\/FOTO-13-2.webp","datePublished":"2026-06-14T08:59:05+00:00","breadcrumb":{"@id":"https:\/\/www.eldiario.net\/portal\/2026\/06\/14\/marruecos-frena-a-brasil\/#breadcrumb"},"inLanguage":"es","potentialAction":[{"@type":"ReadAction","target":["https:\/\/www.eldiario.net\/portal\/2026\/06\/14\/marruecos-frena-a-brasil\/"]}]},{"@type":"ImageObject","inLanguage":"es","@id":"https:\/\/www.eldiario.net\/portal\/2026\/06\/14\/marruecos-frena-a-brasil\/#primaryimage","url":"https:\/\/www.eldiario.net\/portal\/wp-content\/uploads\/2026\/06\/FOTO-13-2.webp","contentUrl":"https:\/\/www.eldiario.net\/portal\/wp-content\/uploads\/2026\/06\/FOTO-13-2.webp","width":576,"height":782,"caption":"Ismael Saibari hizo el gol de Marruecos. (X)"},{"@type":"BreadcrumbList","@id":"https:\/\/www.eldiario.net\/portal\/2026\/06\/14\/marruecos-frena-a-brasil\/#breadcrumb","itemListElement":[{"@type":"ListItem","position":1,"name":"Portada","item":"https:\/\/www.eldiario.net\/portal\/"},{"@type":"ListItem","position":2,"name":"MARRUECOS FRENA A BRASIL"}]},{"@type":"WebSite","@id":"https:\/\/www.eldiario.net\/portal\/#website","url":"https:\/\/www.eldiario.net\/portal\/","name":"El Diario - Decano de la prensa nacional","description":"El Diario - Decano de la prensa nacional","publisher":{"@id":"https:\/\/www.eldiario.net\/portal\/#organization"},"potentialAction":[{"@type":"SearchAction","target":{"@type":"EntryPoint","urlTemplate":"https:\/\/www.eldiario.net\/portal\/?s={search_term_string}"},"query-input":{"@type":"PropertyValueSpecification","valueRequired":true,"valueName":"search_term_string"}}],"inLanguage":"es"},{"@type":"Organization","@id":"https:\/\/www.eldiario.net\/portal\/#organization","name":"El Diario - Decano de la prensa nacional","url":"https:\/\/www.eldiario.net\/portal\/","logo":{"@type":"ImageObject","inLanguage":"es","@id":"https:\/\/www.eldiario.net\/portal\/#\/schema\/logo\/image\/","url":"https:\/\/www.eldiario.net\/portal\/wp-content\/uploads\/2023\/07\/logo_ED.jpg","contentUrl":"https:\/\/www.eldiario.net\/portal\/wp-content\/uploads\/2023\/07\/logo_ED.jpg","width":272,"height":52,"caption":"El Diario - Decano de la prensa nacional"},"image":{"@id":"https:\/\/www.eldiario.net\/portal\/#\/schema\/logo\/image\/"},"sameAs":["https:\/\/www.facebook.com\/eldiario.bolivia\/","https:\/\/x.com\/eldiario_net"]},{"@type":"Person","@id":"https:\/\/www.eldiario.net\/portal\/#\/schema\/person\/2c57cf2b7a7ae032e449e4c9b1019eac","name":"Jeanette","image":{"@type":"ImageObject","inLanguage":"es","@id":"https:\/\/secure.gravatar.com\/avatar\/3ea2118a5f7dad2b7138b1187a6b7ee55f160b9968b66013c3a3ef39dd7e5798?s=96&d=mm&r=g","url":"https:\/\/secure.gravatar.com\/avatar\/3ea2118a5f7dad2b7138b1187a6b7ee55f160b9968b66013c3a3ef39dd7e5798?s=96&d=mm&r=g","contentUrl":"https:\/\/secure.gravatar.com\/avatar\/3ea2118a5f7dad2b7138b1187a6b7ee55f160b9968b66013c3a3ef39dd7e5798?s=96&d=mm&r=g","caption":"Jeanette"},"sameAs":["https:\/\/www.eldiario.net\/portal"],"url":"https:\/\/www.eldiario.net\/portal\/author\/jeanette\/"}]}},"_links":{"self":[{"href":"https:\/\/www.eldiario.net\/portal\/wp-json\/wp\/v2\/posts\/403571","targetHints":{"allow":["GET"]}}],"collection":[{"href":"https:\/\/www.eldiario.net\/portal\/wp-json\/wp\/v2\/posts"}],"about":[{"href":"https:\/\/www.eldiario.net\/portal\/wp-json\/wp\/v2\/types\/post"}],"author":[{"embeddable":true,"href":"https:\/\/www.eldiario.net\/portal\/wp-json\/wp\/v2\/users\/1"}],"replies":[{"embeddable":true,"href":"https:\/\/www.eldiario.net\/portal\/wp-json\/wp\/v2\/comments?post=403571"}],"version-history":[{"count":1,"href":"https:\/\/www.eldiario.net\/portal\/wp-json\/wp\/v2\/posts\/403571\/revisions"}],"predecessor-version":[{"id":403577,"href":"https:\/\/www.eldiario.net\/portal\/wp-json\/wp\/v2\/posts\/403571\/revisions\/403577"}],"wp:featuredmedia":[{"embeddable":true,"href":"https:\/\/www.eldiario.net\/portal\/wp-json\/wp\/v2\/media\/403575"}],"wp:attachment":[{"href":"https:\/\/www.eldiario.net\/portal\/wp-json\/wp\/v2\/media?parent=403571"}],"wp:term":[{"taxonomy":"category","embeddable":true,"href":"https:\/\/www.eldiario.net\/portal\/wp-json\/wp\/v2\/categories?post=403571"},{"taxonomy":"post_tag","embeddable":true,"href":"https:\/\/www.eldiario.net\/portal\/wp-json\/wp\/v2\/tags?post=403571"}],"curies":[{"name":"wp","href":"https:\/\/api.w.org\/{rel}","templated":true}]}}