{"id":40343,"date":"2021-11-02T05:09:15","date_gmt":"2021-11-02T09:09:15","guid":{"rendered":"https:\/\/www.eldiario.net\/portal\/?p=40343"},"modified":"2021-11-02T05:09:15","modified_gmt":"2021-11-02T09:09:15","slug":"el-discurso-y-su-importancia-en-el-proceso-educativo","status":"publish","type":"post","link":"https:\/\/www.eldiario.net\/portal\/2021\/11\/02\/el-discurso-y-su-importancia-en-el-proceso-educativo\/","title":{"rendered":"El discurso y su importancia en el proceso educativo"},"content":{"rendered":"<p><strong>\u00bfQu\u00e9 es el discurso?<\/strong><\/p>\n<p>&nbsp;<\/p>\n<p>Es la herramienta del proceso de socializaci\u00f3n de un determinado tema, permite de forma oral o escrita aclarar, entretener, convencer, impresionar y\/o conmover a trav\u00e9s de la manifestaci\u00f3n de ideas, pensamientos, sentimientos, etc., al receptor, generando en \u00e9l una acci\u00f3n.<\/p>\n<p>&nbsp;<\/p>\n<p><strong>Caracter\u00edsticas del discurso<\/strong><\/p>\n<p>&nbsp;<\/p>\n<p><strong>Entonaci\u00f3n. <\/strong>Es el grado de elocuci\u00f3n, inflexi\u00f3n y expresi\u00f3n de la voz alcanzada para lograr una expresi\u00f3n oral de m\u00e1xima calidad.<\/p>\n<p>&nbsp;<\/p>\n<p><strong>Dicci\u00f3n. <\/strong>Es la manera de pronunciaci\u00f3n dentro de las condiciones que imponen las reglas gramaticales. Esta debe ser clara y entendible.<\/p>\n<p>&nbsp;<\/p>\n<p><strong>Ritmo. <\/strong>Es la relaci\u00f3n que se crea entre los acentos y las pausas.<\/p>\n<p>&nbsp;<\/p>\n<p><strong>Pausas. <\/strong>Son interrupciones o detenciones al hablar o leer. Se originan por dos razones: fisiol\u00f3gicas por la necesidad de respirar y ling\u00fc\u00edsticas para se\u00f1alar el final de una expresi\u00f3n. Lo ideal es que coincidan las dos.<\/p>\n<p>&nbsp;<\/p>\n<p><strong>Elementos del discurso<\/strong><\/p>\n<p>&nbsp;<\/p>\n<p><strong>Discurso. <\/strong>Es el discurso en s\u00ed mismo, el cual dado la multiplicidad de enfoques, puede considerarse como una estructura verbal, un evento comunicativo cultural, una forma de interacci\u00f3n, un sentido, una representaci\u00f3n mental, etc. Tanto el discurso hablado como el escrito son considerados una forma de interacci\u00f3n contextualmente situada.<\/p>\n<p>&nbsp;<\/p>\n<p><strong>Orador. <\/strong>Es aquella persona que ejerce oratoria, hablando en p\u00fablico para persuadir a los oyentes o mover su \u00e1nimo a un determinado fin. Por lo tanto, toda persona que habla en p\u00fablico, pronuncia discursos o imparte conferencias u otras de similares caracter\u00edsticas es considerado un orador. Cabe se\u00f1alar que existe una marcada diferencia entre uno y otro orador, las cuales son otorgadas por la naturaleza de la persona y la preparaci\u00f3n que tiene.<\/p>\n<p>&nbsp;<\/p>\n<p><strong>Auditorio. <\/strong>Es otro de los elementos importantes del discurso, por lo que se lo debe tener muy en cuenta al momento de estructurarlo. Es primordial responder a ciertas preguntas para alcanzar nuestro cometido. Algunas de estas ser\u00e1n: \u00bfQui\u00e9nes lo conforman?, \u00bfqu\u00e9 edad promedio tienen?, \u00bfcu\u00e1nta informaci\u00f3n o inter\u00e9s tienen sobre o por el tema?, \u00bfqu\u00e9 capacidad de atenci\u00f3n presentan?, etc.<\/p>\n<p>&nbsp;<\/p>\n<p><strong>Tipos de discurso<\/strong><\/p>\n<p>&nbsp;<\/p>\n<p><strong>Discurso Narrativo<\/strong><\/p>\n<p>&nbsp;<\/p>\n<ul>\n<li>Relata hechos sucedidos en un tiempo determinado.<\/li>\n<li>Sus elementos son: acci\u00f3n, personajes y ambiente.<\/li>\n<li>Pueden ser:\n<ul>\n<li>Literarias, con estructura est\u00e9tica como: el cuento, la novela, la leyenda, la f\u00e1bula, el mito, etc.<\/li>\n<li>No literarios, sin estructura est\u00e9tica, como: libros de historia, memorias, diarios, biograf\u00edas, cr\u00f3nicas, etc.<\/li>\n<\/ul>\n<\/li>\n<\/ul>\n<p>&nbsp;<\/p>\n<p><strong>Discurso Descriptivo<\/strong><\/p>\n<p>&nbsp;<\/p>\n<ul>\n<li>Informa de forma concreta sobre una persona, objeto, situaci\u00f3n, lugar, sentimiento, etc.<\/li>\n<li>No presenta un orden en su estructura.<\/li>\n<\/ul>\n<p>&nbsp;<\/p>\n<p><strong>Discurso Explicativo<\/strong><\/p>\n<p>&nbsp;<\/p>\n<ul>\n<li>Tiene influencia bidireccional entre emisor \u2013 receptor.<\/li>\n<li>El emisor debe generar un efecto en el receptor.<\/li>\n<li>Usa la argumentaci\u00f3n para su fin.<\/li>\n<\/ul>\n<p>&nbsp;<\/p>\n<p><strong>Discurso Argumentativo<\/strong><\/p>\n<p>&nbsp;<\/p>\n<ul>\n<li>Usa el razonamiento y la secuencia. Busca persuadir al receptor. Apela a sentimientos y emociones por lo general.<\/li>\n<\/ul>\n<p>&nbsp;<\/p>\n<p><strong>Discurso Dial\u00f3gico<\/strong><\/p>\n<p>&nbsp;<\/p>\n<ul>\n<li>Tiene interrelaci\u00f3n entre emisor y receptor. Los principales son: la conversaci\u00f3n, el debate y la entrevista.<\/li>\n<li>No tiene una estructura formal.<\/li>\n<\/ul>\n<p>&nbsp;<\/p>\n<p><strong>Los discursos escrito y oral<\/strong><\/p>\n<p>&nbsp;<\/p>\n<p><strong>\u00bfQu\u00e9 es el discurso escrito?<\/strong><\/p>\n<p>&nbsp;<\/p>\n<p>Es todo texto producido por un emisor en un proceso de comunicaci\u00f3n donde se usa el c\u00f3digo ling\u00fc\u00edstico escrito; es decir, que se construye desde la oraci\u00f3n y su estructura hasta llegar al texto.<\/p>\n<p>&nbsp;<\/p>\n<p>Durante su existencia, el ser humano se comunica dentro del entorno para lo que utiliza un lenguaje, sea escrito u oral. Esta acci\u00f3n se denomina discurso.<\/p>\n<p>&nbsp;<\/p>\n<p>Es discurso escrito es un recurso literario que se vale de diversas habilidades, creando para el lector dudas y an\u00e1lisis que se desarrollan en el transcurso de la lectura.<\/p>\n<p>&nbsp;<\/p>\n<p><strong>Dentro de sus caracter\u00edsticas m\u00e1s relevantes podemos observar:<\/strong><\/p>\n<p>&nbsp;<\/p>\n<ul>\n<li>Los criterios para construir el discurso escrito son m\u00e1s exigentes que los del discurso oral.<\/li>\n<li>Si bien es bastante utilizado en nuestro entorno, no maneja el arte de la escritura, volviendo su desarrollo demasiado simplista.<\/li>\n<li>A diferencia del lenguaje oral, el escrito no se adquiere por el simple hecho de nacer y convivir en una determinada comunidad ling\u00fc\u00edstica, sino requiere de una instrucci\u00f3n especial.<\/li>\n<li>No presenta f\u00e1cilmente un contexto situacional que facilite el entendimiento de su estructura como se ve en el discurso oral.<\/li>\n<li>Existe la ausencia de un feedback. Lo \u00fanico que es v\u00e1lido para el lector es lo escrito, por lo que debe adecuadamente estructurado en comparaci\u00f3n al discurso oral.<\/li>\n<li>La composici\u00f3n y la lectura son los elementos que trabajan las actividades de producci\u00f3n y recepci\u00f3n.<\/li>\n<\/ul>\n<p>&nbsp;<\/p>\n<p><strong>El proceso de composici\u00f3n escrita conlleva cuatro partes<\/strong><\/p>\n<p>&nbsp;<\/p>\n<p><strong>Revisi\u00f3n.<\/strong> Busca corregir, ampliar y precisar el texto.<\/p>\n<p>&nbsp;<\/p>\n<p><strong>Preparaci\u00f3n.<\/strong> Proceso de reflexi\u00f3n y organizaci\u00f3n mental para generar la informaci\u00f3n que ser\u00e1 escrita. Comprende: la observaci\u00f3n, la inspiraci\u00f3n, la motivaci\u00f3n, la determinaci\u00f3n del prop\u00f3sito y del tema, la documentaci\u00f3n y organizaci\u00f3n de la informaci\u00f3n, el an\u00e1lisis de la realidad, y el bosquejo o plan global.<\/p>\n<p>&nbsp;<\/p>\n<p><strong>Redacci\u00f3n.<\/strong> Significa establecer por escrito las ideas utilizando los recursos de la lengua escrita, maneja:<\/p>\n<p>&nbsp;<\/p>\n<ol>\n<li>La inspiraci\u00f3n de la experiencia y el conocimiento de la realidad y el tema.<\/li>\n<li>El desarrollo del pensamiento de manera significativa y coherente.<\/li>\n<li>El manejo adecuado de la sem\u00e1ntica y la sintaxis.<\/li>\n<li>La aplicaci\u00f3n de un estilo propio.<\/li>\n<li>La coherencia entre espacio y tiempo, respecto del tema y el lector.<\/li>\n<\/ol>\n<p>&nbsp;<\/p>\n<p><strong>Presentaci\u00f3n.<\/strong> Es la versi\u00f3n final del texto. Se hace \u00e9nfasis en la parte formal y externa del texto.<\/p>\n<p>&nbsp;<\/p>\n<p><strong>\u00bfQu\u00e9 es el discurso oral?<\/strong><\/p>\n<p>&nbsp;<\/p>\n<p>Es toda sucesi\u00f3n de palabras expresadas de forma oral, extensas o cortas, que permite expresar lo que se piensa o siente, por lo que debe ser adecuado; es decir, ordenado, acomodado y proporcionado para lo que se quiere lograr. Busca entretener, informar y convencer.<\/p>\n<p>&nbsp;<\/p>\n<p>Es discurso oral puede presentar un amplio campo de aplicaci\u00f3n; sin embargo, observemos su principal aplicaci\u00f3n dentro del debate.<\/p>\n<p>&nbsp;<\/p>\n<p><strong>El debate<\/strong><\/p>\n<p>&nbsp;<\/p>\n<p>Es una t\u00e9cnica de comunicaci\u00f3n oral donde se expone una tem\u00e1tica o una problem\u00e1tica. No siempre se aportan soluciones, pero s\u00ed argumentos. Puede ser realizado por dos o m\u00e1s personas. Los argumentos se pueden ir elaborando con los aportes, opiniones e ideas de los opositores, para lo que es necesario tener agilidad y rapidez mental. Permite la interacci\u00f3n interpersonal, motiva el inter\u00e9s por la investigaci\u00f3n, mejora la expresi\u00f3n oral y establece consensos y unanimidad en los grupos de trabajo.<\/p>\n\n","protected":false},"excerpt":{"rendered":"<p>\u00bfQu\u00e9 es el discurso? &nbsp; Es la herramienta del proceso de socializaci\u00f3n de un determinado tema, permite de forma oral o escrita aclarar, entretener, convencer, impresionar y\/o conmover a trav\u00e9s de la manifestaci\u00f3n de ideas, pensamientos, sentimientos, etc., al receptor, generando en \u00e9l una acci\u00f3n. &nbsp; Caracter\u00edsticas del discurso &nbsp; Entonaci\u00f3n. Es el grado de [&hellip;]<\/p>\n","protected":false},"author":1,"featured_media":40344,"comment_status":"closed","ping_status":"closed","sticky":false,"template":"","format":"standard","meta":{"_acf_changed":false,"footnotes":""},"categories":[43],"tags":[],"class_list":["post-40343","post","type-post","status-publish","format-standard","has-post-thumbnail","category-nuevos-horizontes"],"acf":{"antetitulo":""},"yoast_head":"<!-- This site is optimized with the Yoast SEO plugin v28.4 - https:\/\/yoast.com\/product\/yoast-seo-wordpress\/ -->\n<title>El discurso y su importancia en el proceso educativo - El Diario - Bolivia<\/title>\n<meta name=\"robots\" content=\"index, follow, max-snippet:-1, max-image-preview:large, max-video-preview:-1\" \/>\n<link rel=\"canonical\" href=\"https:\/\/www.eldiario.net\/portal\/2021\/11\/02\/el-discurso-y-su-importancia-en-el-proceso-educativo\/\" \/>\n<meta property=\"og:locale\" content=\"es_ES\" \/>\n<meta property=\"og:type\" content=\"article\" \/>\n<meta property=\"og:title\" content=\"El discurso y su importancia en el proceso educativo - El Diario - Bolivia\" \/>\n<meta property=\"og:description\" content=\"\u00bfQu\u00e9 es el discurso? &nbsp; Es la herramienta del proceso de socializaci\u00f3n de un determinado tema, permite de forma oral o escrita aclarar, entretener, convencer, impresionar y\/o conmover a trav\u00e9s de la manifestaci\u00f3n de ideas, pensamientos, sentimientos, etc., al receptor, generando en \u00e9l una acci\u00f3n. &nbsp; Caracter\u00edsticas del discurso &nbsp; Entonaci\u00f3n. Es el grado de [&hellip;]\" \/>\n<meta property=\"og:url\" content=\"https:\/\/www.eldiario.net\/portal\/2021\/11\/02\/el-discurso-y-su-importancia-en-el-proceso-educativo\/\" \/>\n<meta property=\"og:site_name\" content=\"El Diario - Bolivia\" \/>\n<meta property=\"article:publisher\" content=\"https:\/\/www.facebook.com\/eldiario.bolivia\/\" \/>\n<meta property=\"article:published_time\" content=\"2021-11-02T09:09:15+00:00\" \/>\n<meta name=\"author\" content=\"Jeanette\" \/>\n<meta name=\"twitter:card\" content=\"summary_large_image\" \/>\n<meta name=\"twitter:creator\" content=\"@eldiario_net\" \/>\n<meta name=\"twitter:site\" content=\"@eldiario_net\" \/>\n<meta name=\"twitter:label1\" content=\"Escrito por\" \/>\n\t<meta name=\"twitter:data1\" content=\"Jeanette\" \/>\n\t<meta name=\"twitter:label2\" content=\"Tiempo de lectura\" \/>\n\t<meta name=\"twitter:data2\" content=\"6 minutos\" \/>\n<script type=\"application\/ld+json\" class=\"yoast-schema-graph\">{\"@context\":\"https:\\\/\\\/schema.org\",\"@graph\":[{\"@type\":\"Article\",\"@id\":\"https:\\\/\\\/www.eldiario.net\\\/portal\\\/2021\\\/11\\\/02\\\/el-discurso-y-su-importancia-en-el-proceso-educativo\\\/#article\",\"isPartOf\":{\"@id\":\"https:\\\/\\\/www.eldiario.net\\\/portal\\\/2021\\\/11\\\/02\\\/el-discurso-y-su-importancia-en-el-proceso-educativo\\\/\"},\"author\":{\"name\":\"Jeanette\",\"@id\":\"https:\\\/\\\/www.eldiario.net\\\/portal\\\/#\\\/schema\\\/person\\\/2c57cf2b7a7ae032e449e4c9b1019eac\"},\"headline\":\"El discurso y su importancia en el proceso educativo\",\"datePublished\":\"2021-11-02T09:09:15+00:00\",\"mainEntityOfPage\":{\"@id\":\"https:\\\/\\\/www.eldiario.net\\\/portal\\\/2021\\\/11\\\/02\\\/el-discurso-y-su-importancia-en-el-proceso-educativo\\\/\"},\"wordCount\":1136,\"publisher\":{\"@id\":\"https:\\\/\\\/www.eldiario.net\\\/portal\\\/#organization\"},\"image\":{\"@id\":\"https:\\\/\\\/www.eldiario.net\\\/portal\\\/2021\\\/11\\\/02\\\/el-discurso-y-su-importancia-en-el-proceso-educativo\\\/#primaryimage\"},\"thumbnailUrl\":\"\",\"articleSection\":[\"Nuevos Horizontes\"],\"inLanguage\":\"es\"},{\"@type\":\"WebPage\",\"@id\":\"https:\\\/\\\/www.eldiario.net\\\/portal\\\/2021\\\/11\\\/02\\\/el-discurso-y-su-importancia-en-el-proceso-educativo\\\/\",\"url\":\"https:\\\/\\\/www.eldiario.net\\\/portal\\\/2021\\\/11\\\/02\\\/el-discurso-y-su-importancia-en-el-proceso-educativo\\\/\",\"name\":\"El discurso y su importancia en el proceso educativo - El Diario - Bolivia\",\"isPartOf\":{\"@id\":\"https:\\\/\\\/www.eldiario.net\\\/portal\\\/#website\"},\"primaryImageOfPage\":{\"@id\":\"https:\\\/\\\/www.eldiario.net\\\/portal\\\/2021\\\/11\\\/02\\\/el-discurso-y-su-importancia-en-el-proceso-educativo\\\/#primaryimage\"},\"image\":{\"@id\":\"https:\\\/\\\/www.eldiario.net\\\/portal\\\/2021\\\/11\\\/02\\\/el-discurso-y-su-importancia-en-el-proceso-educativo\\\/#primaryimage\"},\"thumbnailUrl\":\"\",\"datePublished\":\"2021-11-02T09:09:15+00:00\",\"breadcrumb\":{\"@id\":\"https:\\\/\\\/www.eldiario.net\\\/portal\\\/2021\\\/11\\\/02\\\/el-discurso-y-su-importancia-en-el-proceso-educativo\\\/#breadcrumb\"},\"inLanguage\":\"es\",\"potentialAction\":[{\"@type\":\"ReadAction\",\"target\":[\"https:\\\/\\\/www.eldiario.net\\\/portal\\\/2021\\\/11\\\/02\\\/el-discurso-y-su-importancia-en-el-proceso-educativo\\\/\"]}]},{\"@type\":\"ImageObject\",\"inLanguage\":\"es\",\"@id\":\"https:\\\/\\\/www.eldiario.net\\\/portal\\\/2021\\\/11\\\/02\\\/el-discurso-y-su-importancia-en-el-proceso-educativo\\\/#primaryimage\",\"url\":\"\",\"contentUrl\":\"\"},{\"@type\":\"BreadcrumbList\",\"@id\":\"https:\\\/\\\/www.eldiario.net\\\/portal\\\/2021\\\/11\\\/02\\\/el-discurso-y-su-importancia-en-el-proceso-educativo\\\/#breadcrumb\",\"itemListElement\":[{\"@type\":\"ListItem\",\"position\":1,\"name\":\"Portada\",\"item\":\"https:\\\/\\\/www.eldiario.net\\\/portal\\\/\"},{\"@type\":\"ListItem\",\"position\":2,\"name\":\"El discurso y su importancia en el proceso educativo\"}]},{\"@type\":\"WebSite\",\"@id\":\"https:\\\/\\\/www.eldiario.net\\\/portal\\\/#website\",\"url\":\"https:\\\/\\\/www.eldiario.net\\\/portal\\\/\",\"name\":\"El Diario - Decano de la prensa nacional\",\"description\":\"El Diario - Decano de la prensa nacional\",\"publisher\":{\"@id\":\"https:\\\/\\\/www.eldiario.net\\\/portal\\\/#organization\"},\"potentialAction\":[{\"@type\":\"SearchAction\",\"target\":{\"@type\":\"EntryPoint\",\"urlTemplate\":\"https:\\\/\\\/www.eldiario.net\\\/portal\\\/?s={search_term_string}\"},\"query-input\":{\"@type\":\"PropertyValueSpecification\",\"valueRequired\":true,\"valueName\":\"search_term_string\"}}],\"inLanguage\":\"es\"},{\"@type\":\"Organization\",\"@id\":\"https:\\\/\\\/www.eldiario.net\\\/portal\\\/#organization\",\"name\":\"El Diario - Decano de la prensa nacional\",\"url\":\"https:\\\/\\\/www.eldiario.net\\\/portal\\\/\",\"logo\":{\"@type\":\"ImageObject\",\"inLanguage\":\"es\",\"@id\":\"https:\\\/\\\/www.eldiario.net\\\/portal\\\/#\\\/schema\\\/logo\\\/image\\\/\",\"url\":\"https:\\\/\\\/www.eldiario.net\\\/portal\\\/wp-content\\\/uploads\\\/2023\\\/07\\\/logo_ED.jpg\",\"contentUrl\":\"https:\\\/\\\/www.eldiario.net\\\/portal\\\/wp-content\\\/uploads\\\/2023\\\/07\\\/logo_ED.jpg\",\"width\":272,\"height\":52,\"caption\":\"El Diario - Decano de la prensa nacional\"},\"image\":{\"@id\":\"https:\\\/\\\/www.eldiario.net\\\/portal\\\/#\\\/schema\\\/logo\\\/image\\\/\"},\"sameAs\":[\"https:\\\/\\\/www.facebook.com\\\/eldiario.bolivia\\\/\",\"https:\\\/\\\/x.com\\\/eldiario_net\"]},{\"@type\":\"Person\",\"@id\":\"https:\\\/\\\/www.eldiario.net\\\/portal\\\/#\\\/schema\\\/person\\\/2c57cf2b7a7ae032e449e4c9b1019eac\",\"name\":\"Jeanette\",\"image\":{\"@type\":\"ImageObject\",\"inLanguage\":\"es\",\"@id\":\"https:\\\/\\\/secure.gravatar.com\\\/avatar\\\/3ea2118a5f7dad2b7138b1187a6b7ee55f160b9968b66013c3a3ef39dd7e5798?s=96&d=mm&r=g\",\"url\":\"https:\\\/\\\/secure.gravatar.com\\\/avatar\\\/3ea2118a5f7dad2b7138b1187a6b7ee55f160b9968b66013c3a3ef39dd7e5798?s=96&d=mm&r=g\",\"contentUrl\":\"https:\\\/\\\/secure.gravatar.com\\\/avatar\\\/3ea2118a5f7dad2b7138b1187a6b7ee55f160b9968b66013c3a3ef39dd7e5798?s=96&d=mm&r=g\",\"caption\":\"Jeanette\"},\"sameAs\":[\"https:\\\/\\\/www.eldiario.net\\\/portal\"],\"url\":\"https:\\\/\\\/www.eldiario.net\\\/portal\\\/author\\\/jeanette\\\/\"}]}<\/script>\n<!-- \/ Yoast SEO plugin. -->","yoast_head_json":{"title":"El discurso y su importancia en el proceso educativo - El Diario - Bolivia","robots":{"index":"index","follow":"follow","max-snippet":"max-snippet:-1","max-image-preview":"max-image-preview:large","max-video-preview":"max-video-preview:-1"},"canonical":"https:\/\/www.eldiario.net\/portal\/2021\/11\/02\/el-discurso-y-su-importancia-en-el-proceso-educativo\/","og_locale":"es_ES","og_type":"article","og_title":"El discurso y su importancia en el proceso educativo - El Diario - Bolivia","og_description":"\u00bfQu\u00e9 es el discurso? &nbsp; Es la herramienta del proceso de socializaci\u00f3n de un determinado tema, permite de forma oral o escrita aclarar, entretener, convencer, impresionar y\/o conmover a trav\u00e9s de la manifestaci\u00f3n de ideas, pensamientos, sentimientos, etc., al receptor, generando en \u00e9l una acci\u00f3n. &nbsp; Caracter\u00edsticas del discurso &nbsp; Entonaci\u00f3n. Es el grado de [&hellip;]","og_url":"https:\/\/www.eldiario.net\/portal\/2021\/11\/02\/el-discurso-y-su-importancia-en-el-proceso-educativo\/","og_site_name":"El Diario - Bolivia","article_publisher":"https:\/\/www.facebook.com\/eldiario.bolivia\/","article_published_time":"2021-11-02T09:09:15+00:00","author":"Jeanette","twitter_card":"summary_large_image","twitter_creator":"@eldiario_net","twitter_site":"@eldiario_net","twitter_misc":{"Escrito por":"Jeanette","Tiempo de lectura":"6 minutos"},"schema":{"@context":"https:\/\/schema.org","@graph":[{"@type":"Article","@id":"https:\/\/www.eldiario.net\/portal\/2021\/11\/02\/el-discurso-y-su-importancia-en-el-proceso-educativo\/#article","isPartOf":{"@id":"https:\/\/www.eldiario.net\/portal\/2021\/11\/02\/el-discurso-y-su-importancia-en-el-proceso-educativo\/"},"author":{"name":"Jeanette","@id":"https:\/\/www.eldiario.net\/portal\/#\/schema\/person\/2c57cf2b7a7ae032e449e4c9b1019eac"},"headline":"El discurso y su importancia en el proceso educativo","datePublished":"2021-11-02T09:09:15+00:00","mainEntityOfPage":{"@id":"https:\/\/www.eldiario.net\/portal\/2021\/11\/02\/el-discurso-y-su-importancia-en-el-proceso-educativo\/"},"wordCount":1136,"publisher":{"@id":"https:\/\/www.eldiario.net\/portal\/#organization"},"image":{"@id":"https:\/\/www.eldiario.net\/portal\/2021\/11\/02\/el-discurso-y-su-importancia-en-el-proceso-educativo\/#primaryimage"},"thumbnailUrl":"","articleSection":["Nuevos Horizontes"],"inLanguage":"es"},{"@type":"WebPage","@id":"https:\/\/www.eldiario.net\/portal\/2021\/11\/02\/el-discurso-y-su-importancia-en-el-proceso-educativo\/","url":"https:\/\/www.eldiario.net\/portal\/2021\/11\/02\/el-discurso-y-su-importancia-en-el-proceso-educativo\/","name":"El discurso y su importancia en el proceso educativo - El Diario - Bolivia","isPartOf":{"@id":"https:\/\/www.eldiario.net\/portal\/#website"},"primaryImageOfPage":{"@id":"https:\/\/www.eldiario.net\/portal\/2021\/11\/02\/el-discurso-y-su-importancia-en-el-proceso-educativo\/#primaryimage"},"image":{"@id":"https:\/\/www.eldiario.net\/portal\/2021\/11\/02\/el-discurso-y-su-importancia-en-el-proceso-educativo\/#primaryimage"},"thumbnailUrl":"","datePublished":"2021-11-02T09:09:15+00:00","breadcrumb":{"@id":"https:\/\/www.eldiario.net\/portal\/2021\/11\/02\/el-discurso-y-su-importancia-en-el-proceso-educativo\/#breadcrumb"},"inLanguage":"es","potentialAction":[{"@type":"ReadAction","target":["https:\/\/www.eldiario.net\/portal\/2021\/11\/02\/el-discurso-y-su-importancia-en-el-proceso-educativo\/"]}]},{"@type":"ImageObject","inLanguage":"es","@id":"https:\/\/www.eldiario.net\/portal\/2021\/11\/02\/el-discurso-y-su-importancia-en-el-proceso-educativo\/#primaryimage","url":"","contentUrl":""},{"@type":"BreadcrumbList","@id":"https:\/\/www.eldiario.net\/portal\/2021\/11\/02\/el-discurso-y-su-importancia-en-el-proceso-educativo\/#breadcrumb","itemListElement":[{"@type":"ListItem","position":1,"name":"Portada","item":"https:\/\/www.eldiario.net\/portal\/"},{"@type":"ListItem","position":2,"name":"El discurso y su importancia en el proceso educativo"}]},{"@type":"WebSite","@id":"https:\/\/www.eldiario.net\/portal\/#website","url":"https:\/\/www.eldiario.net\/portal\/","name":"El Diario - Decano de la prensa nacional","description":"El Diario - Decano de la prensa nacional","publisher":{"@id":"https:\/\/www.eldiario.net\/portal\/#organization"},"potentialAction":[{"@type":"SearchAction","target":{"@type":"EntryPoint","urlTemplate":"https:\/\/www.eldiario.net\/portal\/?s={search_term_string}"},"query-input":{"@type":"PropertyValueSpecification","valueRequired":true,"valueName":"search_term_string"}}],"inLanguage":"es"},{"@type":"Organization","@id":"https:\/\/www.eldiario.net\/portal\/#organization","name":"El Diario - Decano de la prensa nacional","url":"https:\/\/www.eldiario.net\/portal\/","logo":{"@type":"ImageObject","inLanguage":"es","@id":"https:\/\/www.eldiario.net\/portal\/#\/schema\/logo\/image\/","url":"https:\/\/www.eldiario.net\/portal\/wp-content\/uploads\/2023\/07\/logo_ED.jpg","contentUrl":"https:\/\/www.eldiario.net\/portal\/wp-content\/uploads\/2023\/07\/logo_ED.jpg","width":272,"height":52,"caption":"El Diario - Decano de la prensa nacional"},"image":{"@id":"https:\/\/www.eldiario.net\/portal\/#\/schema\/logo\/image\/"},"sameAs":["https:\/\/www.facebook.com\/eldiario.bolivia\/","https:\/\/x.com\/eldiario_net"]},{"@type":"Person","@id":"https:\/\/www.eldiario.net\/portal\/#\/schema\/person\/2c57cf2b7a7ae032e449e4c9b1019eac","name":"Jeanette","image":{"@type":"ImageObject","inLanguage":"es","@id":"https:\/\/secure.gravatar.com\/avatar\/3ea2118a5f7dad2b7138b1187a6b7ee55f160b9968b66013c3a3ef39dd7e5798?s=96&d=mm&r=g","url":"https:\/\/secure.gravatar.com\/avatar\/3ea2118a5f7dad2b7138b1187a6b7ee55f160b9968b66013c3a3ef39dd7e5798?s=96&d=mm&r=g","contentUrl":"https:\/\/secure.gravatar.com\/avatar\/3ea2118a5f7dad2b7138b1187a6b7ee55f160b9968b66013c3a3ef39dd7e5798?s=96&d=mm&r=g","caption":"Jeanette"},"sameAs":["https:\/\/www.eldiario.net\/portal"],"url":"https:\/\/www.eldiario.net\/portal\/author\/jeanette\/"}]}},"_links":{"self":[{"href":"https:\/\/www.eldiario.net\/portal\/wp-json\/wp\/v2\/posts\/40343","targetHints":{"allow":["GET"]}}],"collection":[{"href":"https:\/\/www.eldiario.net\/portal\/wp-json\/wp\/v2\/posts"}],"about":[{"href":"https:\/\/www.eldiario.net\/portal\/wp-json\/wp\/v2\/types\/post"}],"author":[{"embeddable":true,"href":"https:\/\/www.eldiario.net\/portal\/wp-json\/wp\/v2\/users\/1"}],"replies":[{"embeddable":true,"href":"https:\/\/www.eldiario.net\/portal\/wp-json\/wp\/v2\/comments?post=40343"}],"version-history":[{"count":0,"href":"https:\/\/www.eldiario.net\/portal\/wp-json\/wp\/v2\/posts\/40343\/revisions"}],"wp:attachment":[{"href":"https:\/\/www.eldiario.net\/portal\/wp-json\/wp\/v2\/media?parent=40343"}],"wp:term":[{"taxonomy":"category","embeddable":true,"href":"https:\/\/www.eldiario.net\/portal\/wp-json\/wp\/v2\/categories?post=40343"},{"taxonomy":"post_tag","embeddable":true,"href":"https:\/\/www.eldiario.net\/portal\/wp-json\/wp\/v2\/tags?post=40343"}],"curies":[{"name":"wp","href":"https:\/\/api.w.org\/{rel}","templated":true}]}}