{"id":40341,"date":"2021-11-02T05:07:48","date_gmt":"2021-11-02T09:07:48","guid":{"rendered":"https:\/\/www.eldiario.net\/portal\/?p=40341"},"modified":"2021-11-02T05:07:48","modified_gmt":"2021-11-02T09:07:48","slug":"por-que-los-partidos-politicos-no-entienden-las-urgencias","status":"publish","type":"post","link":"https:\/\/www.eldiario.net\/portal\/2021\/11\/02\/por-que-los-partidos-politicos-no-entienden-las-urgencias\/","title":{"rendered":"\u00bfPor qu\u00e9 los partidos pol\u00edticos no entienden las urgencias?"},"content":{"rendered":"<p><em><span class=\"dropcap \" style=\"background-color: #ffffff; color: #000000; border-color: #ffffff;\">D<\/span>esde que concluy\u00f3 con su renuncia el anterior gobierno en el a\u00f1o 2019, muchas de las experiencias sufridas por la comunidad nacional requieren de estudios, ex\u00e1menes detenidos, encuentro de remedios para graves problemas, rectificaciones y correcci\u00f3n de crasos errores cometidos en algo m\u00e1s de trece a\u00f1os; en fin, mucho por hacer y mucho m\u00e1s para sugerir enmiendas, emprender acciones constructivas y concretar prop\u00f3sitos para evitar sentimientos ajenos al bien com\u00fan e irrespeto a los derechos humanos. Quienes, conjuntamente las autoridades de gobierno, tienen que ver el panorama de lo bien hecho, lo mucho por corregir y lo much\u00edsimo por hacer son los partidos pol\u00edticos que \u2013al margen de los que est\u00e1n en el poder\u2013 se encuentran en el llano, los que deben encarar sin esperar que el gobierno lo haga todo (que no siempre tendr\u00e1 disposici\u00f3n para hacerlo, por haber sido parte sustantiva del r\u00e9gimen que renunci\u00f3).<\/em><\/p>\n<p><em>Los partidos pol\u00edticos no solamente deben tener vigencia para lograr el poder de gobernar al pa\u00eds, sino para demostrar al actual todo lo que es urgente y necesario enmendar, corregir, mejorar y sugerir lo que debe hacerse porque todos ellos, los que est\u00e1n en el poder o aspiran a \u00e9l, son parte del pa\u00eds y est\u00e1n obligados a amarlo y servirlo en toda circunstancia u oportunidad, sin esperar estar en el gobierno. Hasta ahora y con todos los gobiernos, los partidos pol\u00edticos creen que su misi\u00f3n es oponerse a todo; criticar y condenar lo que hagan las autoridades, condenar y no dar valor a cada obra, mostrar excesos en los gastos, se\u00f1alar faltas y delitos reales o ficticios; en fin, se muestran inmaculados y carentes de toda posibilidad de cometer los mismos yerros que critican.<\/em><\/p>\n<p><em>\u00bfPor qu\u00e9 esgrimir facultades que nadie les dio para condenarlo todo? \u00bfPor qu\u00e9 no tomar conciencia de las urgencias y necesidades nacionales y estudian, examinan las necesidades del pueblo y muestran al gobierno lo que buenamente sea posible rectificar, mejorar?\u00a0 Todos ellos saben de las falencias, debilidades y defectos de las pol\u00edticas partidistas; sin embargo, solo endilgan virtudes a su organizaci\u00f3n que, conforme comprueba el pueblo, comete los mismos errores que sus antecesores y, en casos, los supera; pero, \u201cseg\u00fan los compa\u00f1eros\u201d, son m\u00e1s inocentes que un ni\u00f1o de dos a\u00f1os. La verdad es que en ninguna organizaci\u00f3n partidista se desea obrar con la verdad y se prefiere el enga\u00f1o, la mentira, \u201cporque cala mejor en la candidez del pueblo\u201d.<\/em><\/p>\n<p><em>Cu\u00e1n bueno, pr\u00e1ctico y constructivo ser\u00eda que los partidos pol\u00edticos obren con la verdad y sean constructivos, honestos y responsables con el pa\u00eds y obren en servicio de \u00e9l, siendo gobierno o no; ser\u00eda ejemplar lo nobil\u00edsimo que act\u00faen con el amor al pa\u00eds que decantan y ser ejemplos de sind\u00e9resis, as\u00ed como de virtudes y principios que el pa\u00eds requiere sean pr\u00e1ctica permanente.<\/em><\/p>\n","protected":false},"excerpt":{"rendered":"<p>Desde que concluy\u00f3 con su renuncia el anterior gobierno en el a\u00f1o 2019, muchas de las experiencias sufridas por la comunidad nacional requieren de estudios, ex\u00e1menes detenidos, encuentro de remedios para graves problemas, rectificaciones y correcci\u00f3n de crasos errores cometidos en algo m\u00e1s de trece a\u00f1os; en fin, mucho por hacer y mucho m\u00e1s para [&hellip;]<\/p>\n","protected":false},"author":1,"featured_media":0,"comment_status":"closed","ping_status":"closed","sticky":false,"template":"","format":"standard","meta":{"_acf_changed":false,"footnotes":""},"categories":[4],"tags":[],"class_list":["post-40341","post","type-post","status-publish","format-standard","category-editorial"],"acf":{"antetitulo":""},"yoast_head":"<!-- This site is optimized with the Yoast SEO plugin v28.4 - https:\/\/yoast.com\/product\/yoast-seo-wordpress\/ -->\n<title>\u00bfPor qu\u00e9 los partidos pol\u00edticos no entienden las urgencias? - El Diario - Bolivia<\/title>\n<meta name=\"robots\" content=\"index, follow, max-snippet:-1, max-image-preview:large, max-video-preview:-1\" \/>\n<link rel=\"canonical\" href=\"https:\/\/www.eldiario.net\/portal\/2021\/11\/02\/por-que-los-partidos-politicos-no-entienden-las-urgencias\/\" \/>\n<meta property=\"og:locale\" content=\"es_ES\" \/>\n<meta property=\"og:type\" content=\"article\" \/>\n<meta property=\"og:title\" content=\"\u00bfPor qu\u00e9 los partidos pol\u00edticos no entienden las urgencias? - El Diario - Bolivia\" \/>\n<meta property=\"og:description\" content=\"Desde que concluy\u00f3 con su renuncia el anterior gobierno en el a\u00f1o 2019, muchas de las experiencias sufridas por la comunidad nacional requieren de estudios, ex\u00e1menes detenidos, encuentro de remedios para graves problemas, rectificaciones y correcci\u00f3n de crasos errores cometidos en algo m\u00e1s de trece a\u00f1os; en fin, mucho por hacer y mucho m\u00e1s para [&hellip;]\" \/>\n<meta property=\"og:url\" content=\"https:\/\/www.eldiario.net\/portal\/2021\/11\/02\/por-que-los-partidos-politicos-no-entienden-las-urgencias\/\" \/>\n<meta property=\"og:site_name\" content=\"El Diario - Bolivia\" \/>\n<meta property=\"article:publisher\" content=\"https:\/\/www.facebook.com\/eldiario.bolivia\/\" \/>\n<meta property=\"article:published_time\" content=\"2021-11-02T09:07:48+00:00\" \/>\n<meta name=\"author\" content=\"Jeanette\" \/>\n<meta name=\"twitter:card\" content=\"summary_large_image\" \/>\n<meta name=\"twitter:creator\" content=\"@eldiario_net\" \/>\n<meta name=\"twitter:site\" content=\"@eldiario_net\" \/>\n<meta name=\"twitter:label1\" content=\"Escrito por\" \/>\n\t<meta name=\"twitter:data1\" content=\"Jeanette\" \/>\n\t<meta name=\"twitter:label2\" content=\"Tiempo de lectura\" \/>\n\t<meta name=\"twitter:data2\" content=\"3 minutos\" \/>\n<script type=\"application\/ld+json\" class=\"yoast-schema-graph\">{\"@context\":\"https:\\\/\\\/schema.org\",\"@graph\":[{\"@type\":\"Article\",\"@id\":\"https:\\\/\\\/www.eldiario.net\\\/portal\\\/2021\\\/11\\\/02\\\/por-que-los-partidos-politicos-no-entienden-las-urgencias\\\/#article\",\"isPartOf\":{\"@id\":\"https:\\\/\\\/www.eldiario.net\\\/portal\\\/2021\\\/11\\\/02\\\/por-que-los-partidos-politicos-no-entienden-las-urgencias\\\/\"},\"author\":{\"name\":\"Jeanette\",\"@id\":\"https:\\\/\\\/www.eldiario.net\\\/portal\\\/#\\\/schema\\\/person\\\/2c57cf2b7a7ae032e449e4c9b1019eac\"},\"headline\":\"\u00bfPor qu\u00e9 los partidos pol\u00edticos no entienden las urgencias?\",\"datePublished\":\"2021-11-02T09:07:48+00:00\",\"mainEntityOfPage\":{\"@id\":\"https:\\\/\\\/www.eldiario.net\\\/portal\\\/2021\\\/11\\\/02\\\/por-que-los-partidos-politicos-no-entienden-las-urgencias\\\/\"},\"wordCount\":517,\"publisher\":{\"@id\":\"https:\\\/\\\/www.eldiario.net\\\/portal\\\/#organization\"},\"articleSection\":[\"Editorial\"],\"inLanguage\":\"es\"},{\"@type\":\"WebPage\",\"@id\":\"https:\\\/\\\/www.eldiario.net\\\/portal\\\/2021\\\/11\\\/02\\\/por-que-los-partidos-politicos-no-entienden-las-urgencias\\\/\",\"url\":\"https:\\\/\\\/www.eldiario.net\\\/portal\\\/2021\\\/11\\\/02\\\/por-que-los-partidos-politicos-no-entienden-las-urgencias\\\/\",\"name\":\"\u00bfPor qu\u00e9 los partidos pol\u00edticos no entienden las urgencias? - El Diario - Bolivia\",\"isPartOf\":{\"@id\":\"https:\\\/\\\/www.eldiario.net\\\/portal\\\/#website\"},\"datePublished\":\"2021-11-02T09:07:48+00:00\",\"breadcrumb\":{\"@id\":\"https:\\\/\\\/www.eldiario.net\\\/portal\\\/2021\\\/11\\\/02\\\/por-que-los-partidos-politicos-no-entienden-las-urgencias\\\/#breadcrumb\"},\"inLanguage\":\"es\",\"potentialAction\":[{\"@type\":\"ReadAction\",\"target\":[\"https:\\\/\\\/www.eldiario.net\\\/portal\\\/2021\\\/11\\\/02\\\/por-que-los-partidos-politicos-no-entienden-las-urgencias\\\/\"]}]},{\"@type\":\"BreadcrumbList\",\"@id\":\"https:\\\/\\\/www.eldiario.net\\\/portal\\\/2021\\\/11\\\/02\\\/por-que-los-partidos-politicos-no-entienden-las-urgencias\\\/#breadcrumb\",\"itemListElement\":[{\"@type\":\"ListItem\",\"position\":1,\"name\":\"Portada\",\"item\":\"https:\\\/\\\/www.eldiario.net\\\/portal\\\/\"},{\"@type\":\"ListItem\",\"position\":2,\"name\":\"\u00bfPor qu\u00e9 los partidos pol\u00edticos no entienden las urgencias?\"}]},{\"@type\":\"WebSite\",\"@id\":\"https:\\\/\\\/www.eldiario.net\\\/portal\\\/#website\",\"url\":\"https:\\\/\\\/www.eldiario.net\\\/portal\\\/\",\"name\":\"El Diario - Decano de la prensa nacional\",\"description\":\"El Diario - Decano de la prensa nacional\",\"publisher\":{\"@id\":\"https:\\\/\\\/www.eldiario.net\\\/portal\\\/#organization\"},\"potentialAction\":[{\"@type\":\"SearchAction\",\"target\":{\"@type\":\"EntryPoint\",\"urlTemplate\":\"https:\\\/\\\/www.eldiario.net\\\/portal\\\/?s={search_term_string}\"},\"query-input\":{\"@type\":\"PropertyValueSpecification\",\"valueRequired\":true,\"valueName\":\"search_term_string\"}}],\"inLanguage\":\"es\"},{\"@type\":\"Organization\",\"@id\":\"https:\\\/\\\/www.eldiario.net\\\/portal\\\/#organization\",\"name\":\"El Diario - Decano de la prensa nacional\",\"url\":\"https:\\\/\\\/www.eldiario.net\\\/portal\\\/\",\"logo\":{\"@type\":\"ImageObject\",\"inLanguage\":\"es\",\"@id\":\"https:\\\/\\\/www.eldiario.net\\\/portal\\\/#\\\/schema\\\/logo\\\/image\\\/\",\"url\":\"https:\\\/\\\/www.eldiario.net\\\/portal\\\/wp-content\\\/uploads\\\/2023\\\/07\\\/logo_ED.jpg\",\"contentUrl\":\"https:\\\/\\\/www.eldiario.net\\\/portal\\\/wp-content\\\/uploads\\\/2023\\\/07\\\/logo_ED.jpg\",\"width\":272,\"height\":52,\"caption\":\"El Diario - Decano de la prensa nacional\"},\"image\":{\"@id\":\"https:\\\/\\\/www.eldiario.net\\\/portal\\\/#\\\/schema\\\/logo\\\/image\\\/\"},\"sameAs\":[\"https:\\\/\\\/www.facebook.com\\\/eldiario.bolivia\\\/\",\"https:\\\/\\\/x.com\\\/eldiario_net\"]},{\"@type\":\"Person\",\"@id\":\"https:\\\/\\\/www.eldiario.net\\\/portal\\\/#\\\/schema\\\/person\\\/2c57cf2b7a7ae032e449e4c9b1019eac\",\"name\":\"Jeanette\",\"image\":{\"@type\":\"ImageObject\",\"inLanguage\":\"es\",\"@id\":\"https:\\\/\\\/secure.gravatar.com\\\/avatar\\\/3ea2118a5f7dad2b7138b1187a6b7ee55f160b9968b66013c3a3ef39dd7e5798?s=96&d=mm&r=g\",\"url\":\"https:\\\/\\\/secure.gravatar.com\\\/avatar\\\/3ea2118a5f7dad2b7138b1187a6b7ee55f160b9968b66013c3a3ef39dd7e5798?s=96&d=mm&r=g\",\"contentUrl\":\"https:\\\/\\\/secure.gravatar.com\\\/avatar\\\/3ea2118a5f7dad2b7138b1187a6b7ee55f160b9968b66013c3a3ef39dd7e5798?s=96&d=mm&r=g\",\"caption\":\"Jeanette\"},\"sameAs\":[\"https:\\\/\\\/www.eldiario.net\\\/portal\"],\"url\":\"https:\\\/\\\/www.eldiario.net\\\/portal\\\/author\\\/jeanette\\\/\"}]}<\/script>\n<!-- \/ Yoast SEO plugin. -->","yoast_head_json":{"title":"\u00bfPor qu\u00e9 los partidos pol\u00edticos no entienden las urgencias? - El Diario - Bolivia","robots":{"index":"index","follow":"follow","max-snippet":"max-snippet:-1","max-image-preview":"max-image-preview:large","max-video-preview":"max-video-preview:-1"},"canonical":"https:\/\/www.eldiario.net\/portal\/2021\/11\/02\/por-que-los-partidos-politicos-no-entienden-las-urgencias\/","og_locale":"es_ES","og_type":"article","og_title":"\u00bfPor qu\u00e9 los partidos pol\u00edticos no entienden las urgencias? - El Diario - Bolivia","og_description":"Desde que concluy\u00f3 con su renuncia el anterior gobierno en el a\u00f1o 2019, muchas de las experiencias sufridas por la comunidad nacional requieren de estudios, ex\u00e1menes detenidos, encuentro de remedios para graves problemas, rectificaciones y correcci\u00f3n de crasos errores cometidos en algo m\u00e1s de trece a\u00f1os; en fin, mucho por hacer y mucho m\u00e1s para [&hellip;]","og_url":"https:\/\/www.eldiario.net\/portal\/2021\/11\/02\/por-que-los-partidos-politicos-no-entienden-las-urgencias\/","og_site_name":"El Diario - Bolivia","article_publisher":"https:\/\/www.facebook.com\/eldiario.bolivia\/","article_published_time":"2021-11-02T09:07:48+00:00","author":"Jeanette","twitter_card":"summary_large_image","twitter_creator":"@eldiario_net","twitter_site":"@eldiario_net","twitter_misc":{"Escrito por":"Jeanette","Tiempo de lectura":"3 minutos"},"schema":{"@context":"https:\/\/schema.org","@graph":[{"@type":"Article","@id":"https:\/\/www.eldiario.net\/portal\/2021\/11\/02\/por-que-los-partidos-politicos-no-entienden-las-urgencias\/#article","isPartOf":{"@id":"https:\/\/www.eldiario.net\/portal\/2021\/11\/02\/por-que-los-partidos-politicos-no-entienden-las-urgencias\/"},"author":{"name":"Jeanette","@id":"https:\/\/www.eldiario.net\/portal\/#\/schema\/person\/2c57cf2b7a7ae032e449e4c9b1019eac"},"headline":"\u00bfPor qu\u00e9 los partidos pol\u00edticos no entienden las urgencias?","datePublished":"2021-11-02T09:07:48+00:00","mainEntityOfPage":{"@id":"https:\/\/www.eldiario.net\/portal\/2021\/11\/02\/por-que-los-partidos-politicos-no-entienden-las-urgencias\/"},"wordCount":517,"publisher":{"@id":"https:\/\/www.eldiario.net\/portal\/#organization"},"articleSection":["Editorial"],"inLanguage":"es"},{"@type":"WebPage","@id":"https:\/\/www.eldiario.net\/portal\/2021\/11\/02\/por-que-los-partidos-politicos-no-entienden-las-urgencias\/","url":"https:\/\/www.eldiario.net\/portal\/2021\/11\/02\/por-que-los-partidos-politicos-no-entienden-las-urgencias\/","name":"\u00bfPor qu\u00e9 los partidos pol\u00edticos no entienden las urgencias? - El Diario - Bolivia","isPartOf":{"@id":"https:\/\/www.eldiario.net\/portal\/#website"},"datePublished":"2021-11-02T09:07:48+00:00","breadcrumb":{"@id":"https:\/\/www.eldiario.net\/portal\/2021\/11\/02\/por-que-los-partidos-politicos-no-entienden-las-urgencias\/#breadcrumb"},"inLanguage":"es","potentialAction":[{"@type":"ReadAction","target":["https:\/\/www.eldiario.net\/portal\/2021\/11\/02\/por-que-los-partidos-politicos-no-entienden-las-urgencias\/"]}]},{"@type":"BreadcrumbList","@id":"https:\/\/www.eldiario.net\/portal\/2021\/11\/02\/por-que-los-partidos-politicos-no-entienden-las-urgencias\/#breadcrumb","itemListElement":[{"@type":"ListItem","position":1,"name":"Portada","item":"https:\/\/www.eldiario.net\/portal\/"},{"@type":"ListItem","position":2,"name":"\u00bfPor qu\u00e9 los partidos pol\u00edticos no entienden las urgencias?"}]},{"@type":"WebSite","@id":"https:\/\/www.eldiario.net\/portal\/#website","url":"https:\/\/www.eldiario.net\/portal\/","name":"El Diario - Decano de la prensa nacional","description":"El Diario - Decano de la prensa nacional","publisher":{"@id":"https:\/\/www.eldiario.net\/portal\/#organization"},"potentialAction":[{"@type":"SearchAction","target":{"@type":"EntryPoint","urlTemplate":"https:\/\/www.eldiario.net\/portal\/?s={search_term_string}"},"query-input":{"@type":"PropertyValueSpecification","valueRequired":true,"valueName":"search_term_string"}}],"inLanguage":"es"},{"@type":"Organization","@id":"https:\/\/www.eldiario.net\/portal\/#organization","name":"El Diario - Decano de la prensa nacional","url":"https:\/\/www.eldiario.net\/portal\/","logo":{"@type":"ImageObject","inLanguage":"es","@id":"https:\/\/www.eldiario.net\/portal\/#\/schema\/logo\/image\/","url":"https:\/\/www.eldiario.net\/portal\/wp-content\/uploads\/2023\/07\/logo_ED.jpg","contentUrl":"https:\/\/www.eldiario.net\/portal\/wp-content\/uploads\/2023\/07\/logo_ED.jpg","width":272,"height":52,"caption":"El Diario - Decano de la prensa nacional"},"image":{"@id":"https:\/\/www.eldiario.net\/portal\/#\/schema\/logo\/image\/"},"sameAs":["https:\/\/www.facebook.com\/eldiario.bolivia\/","https:\/\/x.com\/eldiario_net"]},{"@type":"Person","@id":"https:\/\/www.eldiario.net\/portal\/#\/schema\/person\/2c57cf2b7a7ae032e449e4c9b1019eac","name":"Jeanette","image":{"@type":"ImageObject","inLanguage":"es","@id":"https:\/\/secure.gravatar.com\/avatar\/3ea2118a5f7dad2b7138b1187a6b7ee55f160b9968b66013c3a3ef39dd7e5798?s=96&d=mm&r=g","url":"https:\/\/secure.gravatar.com\/avatar\/3ea2118a5f7dad2b7138b1187a6b7ee55f160b9968b66013c3a3ef39dd7e5798?s=96&d=mm&r=g","contentUrl":"https:\/\/secure.gravatar.com\/avatar\/3ea2118a5f7dad2b7138b1187a6b7ee55f160b9968b66013c3a3ef39dd7e5798?s=96&d=mm&r=g","caption":"Jeanette"},"sameAs":["https:\/\/www.eldiario.net\/portal"],"url":"https:\/\/www.eldiario.net\/portal\/author\/jeanette\/"}]}},"_links":{"self":[{"href":"https:\/\/www.eldiario.net\/portal\/wp-json\/wp\/v2\/posts\/40341","targetHints":{"allow":["GET"]}}],"collection":[{"href":"https:\/\/www.eldiario.net\/portal\/wp-json\/wp\/v2\/posts"}],"about":[{"href":"https:\/\/www.eldiario.net\/portal\/wp-json\/wp\/v2\/types\/post"}],"author":[{"embeddable":true,"href":"https:\/\/www.eldiario.net\/portal\/wp-json\/wp\/v2\/users\/1"}],"replies":[{"embeddable":true,"href":"https:\/\/www.eldiario.net\/portal\/wp-json\/wp\/v2\/comments?post=40341"}],"version-history":[{"count":0,"href":"https:\/\/www.eldiario.net\/portal\/wp-json\/wp\/v2\/posts\/40341\/revisions"}],"wp:attachment":[{"href":"https:\/\/www.eldiario.net\/portal\/wp-json\/wp\/v2\/media?parent=40341"}],"wp:term":[{"taxonomy":"category","embeddable":true,"href":"https:\/\/www.eldiario.net\/portal\/wp-json\/wp\/v2\/categories?post=40341"},{"taxonomy":"post_tag","embeddable":true,"href":"https:\/\/www.eldiario.net\/portal\/wp-json\/wp\/v2\/tags?post=40341"}],"curies":[{"name":"wp","href":"https:\/\/api.w.org\/{rel}","templated":true}]}}