{"id":403406,"date":"2026-06-13T08:10:55","date_gmt":"2026-06-13T12:10:55","guid":{"rendered":"https:\/\/www.eldiario.net\/portal\/?p=403406"},"modified":"2026-06-13T08:10:55","modified_gmt":"2026-06-13T12:10:55","slug":"oscar-villegas-y-el-momento-actual-estoy-mas-fuerte-que-nunca","status":"publish","type":"post","link":"https:\/\/www.eldiario.net\/portal\/2026\/06\/13\/oscar-villegas-y-el-momento-actual-estoy-mas-fuerte-que-nunca\/","title":{"rendered":"\u00d3scar Villegas y el momento actual: \u201cEstoy m\u00e1s fuerte que nunca\u201d"},"content":{"rendered":"<p>El Diario<\/p>\n<p>A su retorno al pa\u00eds, tras la disputa de dos partidos amistosos de la Selecci\u00f3n Nacional en Estados Unidos, el seleccionador nacional \u00d3scar Villegas reafirm\u00f3 su postura de apuesta por los jugadores j\u00f3venes y el trabajo que lleva adelante, adem\u00e1s declar\u00f3 que su fortaleza se mantiene tal como cuando lleg\u00f3 a ser designado seleccionador nacional.<\/p>\n<p>La Verde en sus dos \u00faltimos amistosos fue goleada por Escocia y Argelia, dos seleccionados mundialistas, por 0-4 en ambos partidos, le anotaron ocho goles a la Selecci\u00f3n y no marc\u00f3 ninguno.<\/p>\n<p>Este hecho gener\u00f3 las cr\u00edticas en la afici\u00f3n nacional, adem\u00e1s un sector del periodismo que cuestion\u00f3 la forma en que se llev\u00f3 adelante la conducci\u00f3n del seleccionado y algunas convocatorias. Un d\u00eda antes del partido ante Argelia, Villegas hab\u00eda denunciado un \u201cplan de desestabilizaci\u00f3n\u201d de algunos empresarios y de un sector del periodismo.<\/p>\n<p>\u201cA nosotros nos ha tocado jugar con bastantes jugadores golpeados, seis que no pudieron estar en la convocatoria, algunas situaciones que han tenido que ver en el rendimiento de nuestra Selecci\u00f3n y nos dejaron una lecci\u00f3n de c\u00f3mo trabajar y reforzar muchos aspectos\u201d, afirm\u00f3 Villegas a Facetas Deportivas a su retorno al pa\u00eds, con un claro justificativo en torno a la mala presentaci\u00f3n de la Verde en Estados Unidos.<\/p>\n<p>Reconoci\u00f3 que expres\u00f3 su molestia un d\u00eda antes del partido ante Argelia, \u201ces parte de las situaciones que se generan en el camino, pero siempre hemos sabido sobre llevar, sabemos que ante las derrotas hay personas que nos quieren criticar y nos dan duro, se olvidan de todo lo que se hizo, los n\u00fameros que hay en torno a la Selecci\u00f3n son los mejores que hay en los \u00faltimos treinta a\u00f1os, somos concientes de que no podemos vivir de recuerdos, el presente cuenta pero justamente nos estamos preparando para las pr\u00f3ximas Eliminatorias\u201d.<\/p>\n<p>\u00bfHay gente que lo quiere afuera de la Selecci\u00f3n?, le pregunt\u00f3 uno de los periodistas, a lo que Villegas respondi\u00f3 con firmeza: \u201csiempre hay, est\u00e9 qui\u00e9n est\u00e9, pero no es problema, nosotros seguiremos trabajando. Siempre hay el respaldo de la Federaci\u00f3n, nos sentimos tranquilos al respecto\u201d.<\/p>\n<p>Luego, vino otra pregunta que tambi\u00e9n fue respondida de la misma manera, si se siente con fuerza para seguir adelante: \u201cm\u00e1s que nunca, estas adversidades nos hacen m\u00e1s fuerte, no decaemos, somos concientes de que con mucho trabajo vamos a conseguir llegar bien a la siguiente Eliminatoria. Siempre hubieron nuevos convocados desde la primera convocatoria, todo lo que hemos hecho es lo mismo, nosotros estamos tranquilos, y sabemos que somos consecuentes, viendo que jugadores se adaptan a nuestra l\u00ednea de juego\u201d.<\/p>\n<p>Para finalizar, se\u00f1al\u00f3 que \u201csabemos que vamos a tener golpes, habr\u00e1 que analizar es nuestro trabajo, no tengo nada que reprochar nada y vamos a ver todo lo que sucedi\u00f3\u201d. (Foto FBF)<\/p>\n","protected":false},"excerpt":{"rendered":"<p>El Diario A su retorno al pa\u00eds, tras la disputa de dos partidos amistosos de la Selecci\u00f3n Nacional en Estados Unidos, el seleccionador nacional \u00d3scar Villegas reafirm\u00f3 su postura de apuesta por los jugadores j\u00f3venes y el trabajo que lleva adelante, adem\u00e1s declar\u00f3 que su fortaleza se mantiene tal como cuando lleg\u00f3 a ser designado [&hellip;]<\/p>\n","protected":false},"author":3,"featured_media":403408,"comment_status":"closed","ping_status":"open","sticky":false,"template":"","format":"standard","meta":{"_acf_changed":false,"footnotes":""},"categories":[6],"tags":[],"class_list":["post-403406","post","type-post","status-publish","format-standard","has-post-thumbnail","category-deportes"],"acf":{"antetitulo":"El balance tras los dos \u00faltimos amistosos de la Verde"},"yoast_head":"<!-- This site is optimized with the Yoast SEO plugin v28.4 - https:\/\/yoast.com\/product\/yoast-seo-wordpress\/ -->\n<title>\u00d3scar Villegas y el momento actual: \u201cEstoy m\u00e1s fuerte que nunca\u201d - El Diario - Bolivia<\/title>\n<meta name=\"robots\" content=\"index, follow, max-snippet:-1, max-image-preview:large, max-video-preview:-1\" \/>\n<link rel=\"canonical\" href=\"https:\/\/www.eldiario.net\/portal\/2026\/06\/13\/oscar-villegas-y-el-momento-actual-estoy-mas-fuerte-que-nunca\/\" \/>\n<meta property=\"og:locale\" content=\"es_ES\" \/>\n<meta property=\"og:type\" content=\"article\" \/>\n<meta property=\"og:title\" content=\"\u00d3scar Villegas y el momento actual: \u201cEstoy m\u00e1s fuerte que nunca\u201d - El Diario - Bolivia\" \/>\n<meta property=\"og:description\" content=\"El Diario A su retorno al pa\u00eds, tras la disputa de dos partidos amistosos de la Selecci\u00f3n Nacional en Estados Unidos, el seleccionador nacional \u00d3scar Villegas reafirm\u00f3 su postura de apuesta por los jugadores j\u00f3venes y el trabajo que lleva adelante, adem\u00e1s declar\u00f3 que su fortaleza se mantiene tal como cuando lleg\u00f3 a ser designado [&hellip;]\" \/>\n<meta property=\"og:url\" content=\"https:\/\/www.eldiario.net\/portal\/2026\/06\/13\/oscar-villegas-y-el-momento-actual-estoy-mas-fuerte-que-nunca\/\" \/>\n<meta property=\"og:site_name\" content=\"El Diario - Bolivia\" \/>\n<meta property=\"article:publisher\" content=\"https:\/\/www.facebook.com\/eldiario.bolivia\/\" \/>\n<meta property=\"article:published_time\" content=\"2026-06-13T12:10:55+00:00\" \/>\n<meta property=\"og:image\" content=\"https:\/\/www.eldiario.net\/portal\/wp-content\/uploads\/2026\/06\/oscar-gorra-vale.webp\" \/>\n\t<meta property=\"og:image:width\" content=\"1024\" \/>\n\t<meta property=\"og:image:height\" content=\"716\" \/>\n\t<meta property=\"og:image:type\" content=\"image\/webp\" \/>\n<meta name=\"author\" content=\"Jhonny Mollinedo\" \/>\n<meta name=\"twitter:card\" content=\"summary_large_image\" \/>\n<meta name=\"twitter:creator\" content=\"@eldiario_net\" \/>\n<meta name=\"twitter:site\" content=\"@eldiario_net\" \/>\n<meta name=\"twitter:label1\" content=\"Escrito por\" \/>\n\t<meta name=\"twitter:data1\" content=\"Jhonny Mollinedo\" \/>\n\t<meta name=\"twitter:label2\" content=\"Tiempo de lectura\" \/>\n\t<meta name=\"twitter:data2\" content=\"3 minutos\" \/>\n<script type=\"application\/ld+json\" class=\"yoast-schema-graph\">{\"@context\":\"https:\\\/\\\/schema.org\",\"@graph\":[{\"@type\":\"Article\",\"@id\":\"https:\\\/\\\/www.eldiario.net\\\/portal\\\/2026\\\/06\\\/13\\\/oscar-villegas-y-el-momento-actual-estoy-mas-fuerte-que-nunca\\\/#article\",\"isPartOf\":{\"@id\":\"https:\\\/\\\/www.eldiario.net\\\/portal\\\/2026\\\/06\\\/13\\\/oscar-villegas-y-el-momento-actual-estoy-mas-fuerte-que-nunca\\\/\"},\"author\":{\"name\":\"Jhonny Mollinedo\",\"@id\":\"https:\\\/\\\/www.eldiario.net\\\/portal\\\/#\\\/schema\\\/person\\\/4827a631df9f245a7e27ab829ae89ae3\"},\"headline\":\"\u00d3scar Villegas y el momento actual: \u201cEstoy m\u00e1s fuerte que nunca\u201d\",\"datePublished\":\"2026-06-13T12:10:55+00:00\",\"mainEntityOfPage\":{\"@id\":\"https:\\\/\\\/www.eldiario.net\\\/portal\\\/2026\\\/06\\\/13\\\/oscar-villegas-y-el-momento-actual-estoy-mas-fuerte-que-nunca\\\/\"},\"wordCount\":504,\"publisher\":{\"@id\":\"https:\\\/\\\/www.eldiario.net\\\/portal\\\/#organization\"},\"image\":{\"@id\":\"https:\\\/\\\/www.eldiario.net\\\/portal\\\/2026\\\/06\\\/13\\\/oscar-villegas-y-el-momento-actual-estoy-mas-fuerte-que-nunca\\\/#primaryimage\"},\"thumbnailUrl\":\"https:\\\/\\\/www.eldiario.net\\\/portal\\\/wp-content\\\/uploads\\\/2026\\\/06\\\/oscar-gorra-vale.webp\",\"articleSection\":[\"Deportes\"],\"inLanguage\":\"es\"},{\"@type\":\"WebPage\",\"@id\":\"https:\\\/\\\/www.eldiario.net\\\/portal\\\/2026\\\/06\\\/13\\\/oscar-villegas-y-el-momento-actual-estoy-mas-fuerte-que-nunca\\\/\",\"url\":\"https:\\\/\\\/www.eldiario.net\\\/portal\\\/2026\\\/06\\\/13\\\/oscar-villegas-y-el-momento-actual-estoy-mas-fuerte-que-nunca\\\/\",\"name\":\"\u00d3scar Villegas y el momento actual: \u201cEstoy m\u00e1s fuerte que nunca\u201d - El Diario - Bolivia\",\"isPartOf\":{\"@id\":\"https:\\\/\\\/www.eldiario.net\\\/portal\\\/#website\"},\"primaryImageOfPage\":{\"@id\":\"https:\\\/\\\/www.eldiario.net\\\/portal\\\/2026\\\/06\\\/13\\\/oscar-villegas-y-el-momento-actual-estoy-mas-fuerte-que-nunca\\\/#primaryimage\"},\"image\":{\"@id\":\"https:\\\/\\\/www.eldiario.net\\\/portal\\\/2026\\\/06\\\/13\\\/oscar-villegas-y-el-momento-actual-estoy-mas-fuerte-que-nunca\\\/#primaryimage\"},\"thumbnailUrl\":\"https:\\\/\\\/www.eldiario.net\\\/portal\\\/wp-content\\\/uploads\\\/2026\\\/06\\\/oscar-gorra-vale.webp\",\"datePublished\":\"2026-06-13T12:10:55+00:00\",\"breadcrumb\":{\"@id\":\"https:\\\/\\\/www.eldiario.net\\\/portal\\\/2026\\\/06\\\/13\\\/oscar-villegas-y-el-momento-actual-estoy-mas-fuerte-que-nunca\\\/#breadcrumb\"},\"inLanguage\":\"es\",\"potentialAction\":[{\"@type\":\"ReadAction\",\"target\":[\"https:\\\/\\\/www.eldiario.net\\\/portal\\\/2026\\\/06\\\/13\\\/oscar-villegas-y-el-momento-actual-estoy-mas-fuerte-que-nunca\\\/\"]}]},{\"@type\":\"ImageObject\",\"inLanguage\":\"es\",\"@id\":\"https:\\\/\\\/www.eldiario.net\\\/portal\\\/2026\\\/06\\\/13\\\/oscar-villegas-y-el-momento-actual-estoy-mas-fuerte-que-nunca\\\/#primaryimage\",\"url\":\"https:\\\/\\\/www.eldiario.net\\\/portal\\\/wp-content\\\/uploads\\\/2026\\\/06\\\/oscar-gorra-vale.webp\",\"contentUrl\":\"https:\\\/\\\/www.eldiario.net\\\/portal\\\/wp-content\\\/uploads\\\/2026\\\/06\\\/oscar-gorra-vale.webp\",\"width\":1024,\"height\":716},{\"@type\":\"BreadcrumbList\",\"@id\":\"https:\\\/\\\/www.eldiario.net\\\/portal\\\/2026\\\/06\\\/13\\\/oscar-villegas-y-el-momento-actual-estoy-mas-fuerte-que-nunca\\\/#breadcrumb\",\"itemListElement\":[{\"@type\":\"ListItem\",\"position\":1,\"name\":\"Portada\",\"item\":\"https:\\\/\\\/www.eldiario.net\\\/portal\\\/\"},{\"@type\":\"ListItem\",\"position\":2,\"name\":\"\u00d3scar Villegas y el momento actual: \u201cEstoy m\u00e1s fuerte que nunca\u201d\"}]},{\"@type\":\"WebSite\",\"@id\":\"https:\\\/\\\/www.eldiario.net\\\/portal\\\/#website\",\"url\":\"https:\\\/\\\/www.eldiario.net\\\/portal\\\/\",\"name\":\"El Diario - Decano de la prensa nacional\",\"description\":\"El Diario - Decano de la prensa nacional\",\"publisher\":{\"@id\":\"https:\\\/\\\/www.eldiario.net\\\/portal\\\/#organization\"},\"potentialAction\":[{\"@type\":\"SearchAction\",\"target\":{\"@type\":\"EntryPoint\",\"urlTemplate\":\"https:\\\/\\\/www.eldiario.net\\\/portal\\\/?s={search_term_string}\"},\"query-input\":{\"@type\":\"PropertyValueSpecification\",\"valueRequired\":true,\"valueName\":\"search_term_string\"}}],\"inLanguage\":\"es\"},{\"@type\":\"Organization\",\"@id\":\"https:\\\/\\\/www.eldiario.net\\\/portal\\\/#organization\",\"name\":\"El Diario - Decano de la prensa nacional\",\"url\":\"https:\\\/\\\/www.eldiario.net\\\/portal\\\/\",\"logo\":{\"@type\":\"ImageObject\",\"inLanguage\":\"es\",\"@id\":\"https:\\\/\\\/www.eldiario.net\\\/portal\\\/#\\\/schema\\\/logo\\\/image\\\/\",\"url\":\"https:\\\/\\\/www.eldiario.net\\\/portal\\\/wp-content\\\/uploads\\\/2023\\\/07\\\/logo_ED.jpg\",\"contentUrl\":\"https:\\\/\\\/www.eldiario.net\\\/portal\\\/wp-content\\\/uploads\\\/2023\\\/07\\\/logo_ED.jpg\",\"width\":272,\"height\":52,\"caption\":\"El Diario - Decano de la prensa nacional\"},\"image\":{\"@id\":\"https:\\\/\\\/www.eldiario.net\\\/portal\\\/#\\\/schema\\\/logo\\\/image\\\/\"},\"sameAs\":[\"https:\\\/\\\/www.facebook.com\\\/eldiario.bolivia\\\/\",\"https:\\\/\\\/x.com\\\/eldiario_net\"]},{\"@type\":\"Person\",\"@id\":\"https:\\\/\\\/www.eldiario.net\\\/portal\\\/#\\\/schema\\\/person\\\/4827a631df9f245a7e27ab829ae89ae3\",\"name\":\"Jhonny Mollinedo\",\"image\":{\"@type\":\"ImageObject\",\"inLanguage\":\"es\",\"@id\":\"https:\\\/\\\/secure.gravatar.com\\\/avatar\\\/3ea2118a5f7dad2b7138b1187a6b7ee55f160b9968b66013c3a3ef39dd7e5798?s=96&d=mm&r=g\",\"url\":\"https:\\\/\\\/secure.gravatar.com\\\/avatar\\\/3ea2118a5f7dad2b7138b1187a6b7ee55f160b9968b66013c3a3ef39dd7e5798?s=96&d=mm&r=g\",\"contentUrl\":\"https:\\\/\\\/secure.gravatar.com\\\/avatar\\\/3ea2118a5f7dad2b7138b1187a6b7ee55f160b9968b66013c3a3ef39dd7e5798?s=96&d=mm&r=g\",\"caption\":\"Jhonny Mollinedo\"},\"url\":\"https:\\\/\\\/www.eldiario.net\\\/portal\\\/author\\\/deportes\\\/\"}]}<\/script>\n<!-- \/ Yoast SEO plugin. -->","yoast_head_json":{"title":"\u00d3scar Villegas y el momento actual: \u201cEstoy m\u00e1s fuerte que nunca\u201d - El Diario - Bolivia","robots":{"index":"index","follow":"follow","max-snippet":"max-snippet:-1","max-image-preview":"max-image-preview:large","max-video-preview":"max-video-preview:-1"},"canonical":"https:\/\/www.eldiario.net\/portal\/2026\/06\/13\/oscar-villegas-y-el-momento-actual-estoy-mas-fuerte-que-nunca\/","og_locale":"es_ES","og_type":"article","og_title":"\u00d3scar Villegas y el momento actual: \u201cEstoy m\u00e1s fuerte que nunca\u201d - El Diario - Bolivia","og_description":"El Diario A su retorno al pa\u00eds, tras la disputa de dos partidos amistosos de la Selecci\u00f3n Nacional en Estados Unidos, el seleccionador nacional \u00d3scar Villegas reafirm\u00f3 su postura de apuesta por los jugadores j\u00f3venes y el trabajo que lleva adelante, adem\u00e1s declar\u00f3 que su fortaleza se mantiene tal como cuando lleg\u00f3 a ser designado [&hellip;]","og_url":"https:\/\/www.eldiario.net\/portal\/2026\/06\/13\/oscar-villegas-y-el-momento-actual-estoy-mas-fuerte-que-nunca\/","og_site_name":"El Diario - Bolivia","article_publisher":"https:\/\/www.facebook.com\/eldiario.bolivia\/","article_published_time":"2026-06-13T12:10:55+00:00","og_image":[{"width":1024,"height":716,"url":"https:\/\/www.eldiario.net\/portal\/wp-content\/uploads\/2026\/06\/oscar-gorra-vale.webp","type":"image\/webp"}],"author":"Jhonny Mollinedo","twitter_card":"summary_large_image","twitter_creator":"@eldiario_net","twitter_site":"@eldiario_net","twitter_misc":{"Escrito por":"Jhonny Mollinedo","Tiempo de lectura":"3 minutos"},"schema":{"@context":"https:\/\/schema.org","@graph":[{"@type":"Article","@id":"https:\/\/www.eldiario.net\/portal\/2026\/06\/13\/oscar-villegas-y-el-momento-actual-estoy-mas-fuerte-que-nunca\/#article","isPartOf":{"@id":"https:\/\/www.eldiario.net\/portal\/2026\/06\/13\/oscar-villegas-y-el-momento-actual-estoy-mas-fuerte-que-nunca\/"},"author":{"name":"Jhonny Mollinedo","@id":"https:\/\/www.eldiario.net\/portal\/#\/schema\/person\/4827a631df9f245a7e27ab829ae89ae3"},"headline":"\u00d3scar Villegas y el momento actual: \u201cEstoy m\u00e1s fuerte que nunca\u201d","datePublished":"2026-06-13T12:10:55+00:00","mainEntityOfPage":{"@id":"https:\/\/www.eldiario.net\/portal\/2026\/06\/13\/oscar-villegas-y-el-momento-actual-estoy-mas-fuerte-que-nunca\/"},"wordCount":504,"publisher":{"@id":"https:\/\/www.eldiario.net\/portal\/#organization"},"image":{"@id":"https:\/\/www.eldiario.net\/portal\/2026\/06\/13\/oscar-villegas-y-el-momento-actual-estoy-mas-fuerte-que-nunca\/#primaryimage"},"thumbnailUrl":"https:\/\/www.eldiario.net\/portal\/wp-content\/uploads\/2026\/06\/oscar-gorra-vale.webp","articleSection":["Deportes"],"inLanguage":"es"},{"@type":"WebPage","@id":"https:\/\/www.eldiario.net\/portal\/2026\/06\/13\/oscar-villegas-y-el-momento-actual-estoy-mas-fuerte-que-nunca\/","url":"https:\/\/www.eldiario.net\/portal\/2026\/06\/13\/oscar-villegas-y-el-momento-actual-estoy-mas-fuerte-que-nunca\/","name":"\u00d3scar Villegas y el momento actual: \u201cEstoy m\u00e1s fuerte que nunca\u201d - El Diario - Bolivia","isPartOf":{"@id":"https:\/\/www.eldiario.net\/portal\/#website"},"primaryImageOfPage":{"@id":"https:\/\/www.eldiario.net\/portal\/2026\/06\/13\/oscar-villegas-y-el-momento-actual-estoy-mas-fuerte-que-nunca\/#primaryimage"},"image":{"@id":"https:\/\/www.eldiario.net\/portal\/2026\/06\/13\/oscar-villegas-y-el-momento-actual-estoy-mas-fuerte-que-nunca\/#primaryimage"},"thumbnailUrl":"https:\/\/www.eldiario.net\/portal\/wp-content\/uploads\/2026\/06\/oscar-gorra-vale.webp","datePublished":"2026-06-13T12:10:55+00:00","breadcrumb":{"@id":"https:\/\/www.eldiario.net\/portal\/2026\/06\/13\/oscar-villegas-y-el-momento-actual-estoy-mas-fuerte-que-nunca\/#breadcrumb"},"inLanguage":"es","potentialAction":[{"@type":"ReadAction","target":["https:\/\/www.eldiario.net\/portal\/2026\/06\/13\/oscar-villegas-y-el-momento-actual-estoy-mas-fuerte-que-nunca\/"]}]},{"@type":"ImageObject","inLanguage":"es","@id":"https:\/\/www.eldiario.net\/portal\/2026\/06\/13\/oscar-villegas-y-el-momento-actual-estoy-mas-fuerte-que-nunca\/#primaryimage","url":"https:\/\/www.eldiario.net\/portal\/wp-content\/uploads\/2026\/06\/oscar-gorra-vale.webp","contentUrl":"https:\/\/www.eldiario.net\/portal\/wp-content\/uploads\/2026\/06\/oscar-gorra-vale.webp","width":1024,"height":716},{"@type":"BreadcrumbList","@id":"https:\/\/www.eldiario.net\/portal\/2026\/06\/13\/oscar-villegas-y-el-momento-actual-estoy-mas-fuerte-que-nunca\/#breadcrumb","itemListElement":[{"@type":"ListItem","position":1,"name":"Portada","item":"https:\/\/www.eldiario.net\/portal\/"},{"@type":"ListItem","position":2,"name":"\u00d3scar Villegas y el momento actual: \u201cEstoy m\u00e1s fuerte que nunca\u201d"}]},{"@type":"WebSite","@id":"https:\/\/www.eldiario.net\/portal\/#website","url":"https:\/\/www.eldiario.net\/portal\/","name":"El Diario - Decano de la prensa nacional","description":"El Diario - Decano de la prensa nacional","publisher":{"@id":"https:\/\/www.eldiario.net\/portal\/#organization"},"potentialAction":[{"@type":"SearchAction","target":{"@type":"EntryPoint","urlTemplate":"https:\/\/www.eldiario.net\/portal\/?s={search_term_string}"},"query-input":{"@type":"PropertyValueSpecification","valueRequired":true,"valueName":"search_term_string"}}],"inLanguage":"es"},{"@type":"Organization","@id":"https:\/\/www.eldiario.net\/portal\/#organization","name":"El Diario - Decano de la prensa nacional","url":"https:\/\/www.eldiario.net\/portal\/","logo":{"@type":"ImageObject","inLanguage":"es","@id":"https:\/\/www.eldiario.net\/portal\/#\/schema\/logo\/image\/","url":"https:\/\/www.eldiario.net\/portal\/wp-content\/uploads\/2023\/07\/logo_ED.jpg","contentUrl":"https:\/\/www.eldiario.net\/portal\/wp-content\/uploads\/2023\/07\/logo_ED.jpg","width":272,"height":52,"caption":"El Diario - Decano de la prensa nacional"},"image":{"@id":"https:\/\/www.eldiario.net\/portal\/#\/schema\/logo\/image\/"},"sameAs":["https:\/\/www.facebook.com\/eldiario.bolivia\/","https:\/\/x.com\/eldiario_net"]},{"@type":"Person","@id":"https:\/\/www.eldiario.net\/portal\/#\/schema\/person\/4827a631df9f245a7e27ab829ae89ae3","name":"Jhonny Mollinedo","image":{"@type":"ImageObject","inLanguage":"es","@id":"https:\/\/secure.gravatar.com\/avatar\/3ea2118a5f7dad2b7138b1187a6b7ee55f160b9968b66013c3a3ef39dd7e5798?s=96&d=mm&r=g","url":"https:\/\/secure.gravatar.com\/avatar\/3ea2118a5f7dad2b7138b1187a6b7ee55f160b9968b66013c3a3ef39dd7e5798?s=96&d=mm&r=g","contentUrl":"https:\/\/secure.gravatar.com\/avatar\/3ea2118a5f7dad2b7138b1187a6b7ee55f160b9968b66013c3a3ef39dd7e5798?s=96&d=mm&r=g","caption":"Jhonny Mollinedo"},"url":"https:\/\/www.eldiario.net\/portal\/author\/deportes\/"}]}},"_links":{"self":[{"href":"https:\/\/www.eldiario.net\/portal\/wp-json\/wp\/v2\/posts\/403406","targetHints":{"allow":["GET"]}}],"collection":[{"href":"https:\/\/www.eldiario.net\/portal\/wp-json\/wp\/v2\/posts"}],"about":[{"href":"https:\/\/www.eldiario.net\/portal\/wp-json\/wp\/v2\/types\/post"}],"author":[{"embeddable":true,"href":"https:\/\/www.eldiario.net\/portal\/wp-json\/wp\/v2\/users\/3"}],"replies":[{"embeddable":true,"href":"https:\/\/www.eldiario.net\/portal\/wp-json\/wp\/v2\/comments?post=403406"}],"version-history":[{"count":1,"href":"https:\/\/www.eldiario.net\/portal\/wp-json\/wp\/v2\/posts\/403406\/revisions"}],"predecessor-version":[{"id":403410,"href":"https:\/\/www.eldiario.net\/portal\/wp-json\/wp\/v2\/posts\/403406\/revisions\/403410"}],"wp:featuredmedia":[{"embeddable":true,"href":"https:\/\/www.eldiario.net\/portal\/wp-json\/wp\/v2\/media\/403408"}],"wp:attachment":[{"href":"https:\/\/www.eldiario.net\/portal\/wp-json\/wp\/v2\/media?parent=403406"}],"wp:term":[{"taxonomy":"category","embeddable":true,"href":"https:\/\/www.eldiario.net\/portal\/wp-json\/wp\/v2\/categories?post=403406"},{"taxonomy":"post_tag","embeddable":true,"href":"https:\/\/www.eldiario.net\/portal\/wp-json\/wp\/v2\/tags?post=403406"}],"curies":[{"name":"wp","href":"https:\/\/api.w.org\/{rel}","templated":true}]}}