{"id":403397,"date":"2026-06-13T08:10:44","date_gmt":"2026-06-13T12:10:44","guid":{"rendered":"https:\/\/www.eldiario.net\/portal\/?p=403397"},"modified":"2026-06-13T08:10:44","modified_gmt":"2026-06-13T12:10:44","slug":"cinemark-vibro-con-el-preestreno-de-the-mandalorian-and-grogu","status":"publish","type":"post","link":"https:\/\/www.eldiario.net\/portal\/2026\/06\/13\/cinemark-vibro-con-el-preestreno-de-the-mandalorian-and-grogu\/","title":{"rendered":"Cinemark vibr\u00f3 con el preestreno de The Mandalorian and Grogu"},"content":{"rendered":"<p>El conteo regresivo de siete a\u00f1os lleg\u00f3 a su fin y la fuerza volvi\u00f3 a sentirse en Cinemark Bolivia con la esperada Opening Night y preestreno de Star Wars: The Mandalorian and Grogu, marcando el triunfal regreso de la m\u00edtica saga a la pantalla grande.<br \/>\nLa cita congreg\u00f3 a fervientes fan\u00e1ticos, personalidades y miembros del Club de Fans de Star Wars, quienes disfrutaron de una experiencia VIP de principio a fin. Antes de la proyecci\u00f3n de la pel\u00edcula dirigida por Jon Favreau, Cinemark sorprendi\u00f3 a los asistentes con contenido exclusivo para Latinoam\u00e9rica. Adem\u00e1s, quienes compraron sus entradas online recibieron tickets conmemorativos, mientras que los espectadores de las salas inmersivas DBOX se llevaron credenciales especiales coleccionables.<br \/>\nTatiana Monje, gerente de Marketing &amp; Comercial de Cinemark, destac\u00f3 el entusiasmo de ofrecer este acceso exclusivo y sorpresas para que los seguidores bolivianos fueran los primeros en disfrutar de esta nueva aventura de 132 minutos protagonizada por Pedro Pascal y Sigourney Weaver.<\/p>\n\r\n                <style type=\"text\/css\">\r\n                    \r\n                    #tdi_1  .td-doubleSlider-2 .td-item1 {\r\n                        background: url(https:\/\/www.eldiario.net\/portal\/wp-content\/uploads\/2026\/06\/Berenice-Burgos-y-Cris-Burgos-80x60.webp) 0 0 no-repeat;\r\n                    }\r\n                    #tdi_1  .td-doubleSlider-2 .td-item2 {\r\n                        background: url(https:\/\/www.eldiario.net\/portal\/wp-content\/uploads\/2026\/06\/Club-de-fans-de-Star-Wars-80x60.webp) 0 0 no-repeat;\r\n                    }\r\n                    #tdi_1  .td-doubleSlider-2 .td-item3 {\r\n                        background: url(https:\/\/www.eldiario.net\/portal\/wp-content\/uploads\/2026\/06\/Maria-Celeste-y-Cristian-Saldana-80x60.webp) 0 0 no-repeat;\r\n                    }\r\n                    #tdi_1  .td-doubleSlider-2 .td-item4 {\r\n                        background: url(https:\/\/www.eldiario.net\/portal\/wp-content\/uploads\/2026\/06\/Mariano-Terrazas-Antonio-Terrazas-y-Adriano-Terrazas-80x60.webp) 0 0 no-repeat;\r\n                    }\r\n                    #tdi_1  .td-doubleSlider-2 .td-item5 {\r\n                        background: url(https:\/\/www.eldiario.net\/portal\/wp-content\/uploads\/2026\/06\/Nicolas-Montesinos-y-Tatiana-Sandi-80x60.webp) 0 0 no-repeat;\r\n                    }\r\n                    #tdi_1  .td-doubleSlider-2 .td-item6 {\r\n                        background: url(https:\/\/www.eldiario.net\/portal\/wp-content\/uploads\/2026\/06\/Rafael-Quiroga-y-Milena-Chavez-80x60.webp) 0 0 no-repeat;\r\n                    }\r\n                    #tdi_1  .td-doubleSlider-2 .td-item7 {\r\n                        background: url(https:\/\/www.eldiario.net\/portal\/wp-content\/uploads\/2026\/06\/Rildo-Barba-y-Susana-Rivero-80x60.webp) 0 0 no-repeat;\r\n                    }\r\n                    #tdi_1  .td-doubleSlider-2 .td-item8 {\r\n                        background: url(https:\/\/www.eldiario.net\/portal\/wp-content\/uploads\/2026\/06\/Roberta-Trevian-Thor-Trevian-y-Jonathan-Asbun-80x60.webp) 0 0 no-repeat;\r\n                    }\r\n                    #tdi_1  .td-doubleSlider-2 .td-item9 {\r\n                        background: url(https:\/\/www.eldiario.net\/portal\/wp-content\/uploads\/2026\/06\/Tatiana-Monje-gerente-de-Marketing-Comercial-de-Cinemark-80x60.webp) 0 0 no-repeat;\r\n                    }\r\n                <\/style>\r\n\r\n                <div id=\"tdi_1\" class=\"td-gallery td-slide-on-2-columns\">\r\n                    <div class=\"post_td_gallery\">\r\n                        <div class=\"td-gallery-slide-top\">\r\n                           <div class=\"td-gallery-title\"><\/div>\r\n\r\n                            <div class=\"td-gallery-controls-wrapper\">\r\n                                <div class=\"td-gallery-slide-count\"><span class=\"td-gallery-slide-item-focus\">1<\/span> de 9<\/div>\r\n                                <div class=\"td-gallery-slide-prev-next-but\">\r\n                                    <i class = \"td-icon-left doubleSliderPrevButton\"><\/i>\r\n                                    <i class = \"td-icon-right doubleSliderNextButton\"><\/i>\r\n                                <\/div>\r\n                            <\/div>\r\n                        <\/div>\r\n\r\n                        <div class = \"td-doubleSlider-1 \">\r\n                            <div class = \"td-slider\">\r\n                                \r\n                    <div class = \"td-slide-item td-item1\">\r\n                        <figure class=\"td-slide-galery-figure td-slide-popup-gallery\">\r\n                            <a class=\"slide-gallery-image-link\" href=\"https:\/\/www.eldiario.net\/portal\/wp-content\/uploads\/2026\/06\/Berenice-Burgos-y-Cris-Burgos.webp\" title=\"Berenice-Burgos-y-Cris-Burgos\"  data-caption=\"BERENICE BURGOS Y CRIS BURGOS.\"  data-description=\"BERENICE BURGOS Y CRIS BURGOS.\">\r\n                                <img decoding=\"async\" src=\"https:\/\/www.eldiario.net\/portal\/wp-content\/uploads\/2026\/06\/Berenice-Burgos-y-Cris-Burgos-630x420.webp\" srcset=\"https:\/\/www.eldiario.net\/portal\/wp-content\/uploads\/2026\/06\/Berenice-Burgos-y-Cris-Burgos-630x420.webp 630w, https:\/\/www.eldiario.net\/portal\/wp-content\/uploads\/2026\/06\/Berenice-Burgos-y-Cris-Burgos-300x200.webp 300w, https:\/\/www.eldiario.net\/portal\/wp-content\/uploads\/2026\/06\/Berenice-Burgos-y-Cris-Burgos-1024x683.webp 1024w, https:\/\/www.eldiario.net\/portal\/wp-content\/uploads\/2026\/06\/Berenice-Burgos-y-Cris-Burgos-768x512.webp 768w, https:\/\/www.eldiario.net\/portal\/wp-content\/uploads\/2026\/06\/Berenice-Burgos-y-Cris-Burgos-150x100.webp 150w, https:\/\/www.eldiario.net\/portal\/wp-content\/uploads\/2026\/06\/Berenice-Burgos-y-Cris-Burgos-696x464.webp 696w, https:\/\/www.eldiario.net\/portal\/wp-content\/uploads\/2026\/06\/Berenice-Burgos-y-Cris-Burgos-1068x712.webp 1068w, https:\/\/www.eldiario.net\/portal\/wp-content\/uploads\/2026\/06\/Berenice-Burgos-y-Cris-Burgos.webp 1200w\" sizes=\"(max-width: 630px) 100vw, 630px\" alt=\"\">\r\n                            <\/a>\r\n                            <figcaption class = \"td-slide-caption td-gallery-slide-content\"><div class = \"td-gallery-slide-copywrite\">BERENICE BURGOS Y CRIS BURGOS.<\/div><span>BERENICE BURGOS Y CRIS BURGOS.<\/span><\/figcaption>\r\n                        <\/figure>\r\n                    <\/div>\r\n                    <div class = \"td-slide-item td-item2\">\r\n                        <figure class=\"td-slide-galery-figure td-slide-popup-gallery\">\r\n                            <a class=\"slide-gallery-image-link\" href=\"https:\/\/www.eldiario.net\/portal\/wp-content\/uploads\/2026\/06\/Club-de-fans-de-Star-Wars.webp\" title=\"Club-de-fans-de-Star-Wars\"  data-caption=\"CLUB DE FANS DE STAR WARS\n\n\n\"  data-description=\"CLUB DE FANS DE STAR WARS\n\n\n\">\r\n                                <img decoding=\"async\" src=\"https:\/\/www.eldiario.net\/portal\/wp-content\/uploads\/2026\/06\/Club-de-fans-de-Star-Wars-631x420.webp\" srcset=\"https:\/\/www.eldiario.net\/portal\/wp-content\/uploads\/2026\/06\/Club-de-fans-de-Star-Wars-631x420.webp 631w, https:\/\/www.eldiario.net\/portal\/wp-content\/uploads\/2026\/06\/Club-de-fans-de-Star-Wars-300x200.webp 300w, https:\/\/www.eldiario.net\/portal\/wp-content\/uploads\/2026\/06\/Club-de-fans-de-Star-Wars-1024x682.webp 1024w, https:\/\/www.eldiario.net\/portal\/wp-content\/uploads\/2026\/06\/Club-de-fans-de-Star-Wars-768x511.webp 768w, https:\/\/www.eldiario.net\/portal\/wp-content\/uploads\/2026\/06\/Club-de-fans-de-Star-Wars-150x100.webp 150w, https:\/\/www.eldiario.net\/portal\/wp-content\/uploads\/2026\/06\/Club-de-fans-de-Star-Wars-696x463.webp 696w, https:\/\/www.eldiario.net\/portal\/wp-content\/uploads\/2026\/06\/Club-de-fans-de-Star-Wars-1068x711.webp 1068w, https:\/\/www.eldiario.net\/portal\/wp-content\/uploads\/2026\/06\/Club-de-fans-de-Star-Wars.webp 1200w\" sizes=\"(max-width: 631px) 100vw, 631px\" alt=\"\">\r\n                            <\/a>\r\n                            <figcaption class = \"td-slide-caption td-gallery-slide-content\"><div class = \"td-gallery-slide-copywrite\">CLUB DE FANS DE STAR WARS\n\n\n<\/div><span>CLUB DE FANS DE STAR WARS\n\n\n<\/span><\/figcaption>\r\n                        <\/figure>\r\n                    <\/div>\r\n                    <div class = \"td-slide-item td-item3\">\r\n                        <figure class=\"td-slide-galery-figure td-slide-popup-gallery\">\r\n                            <a class=\"slide-gallery-image-link\" href=\"https:\/\/www.eldiario.net\/portal\/wp-content\/uploads\/2026\/06\/Maria-Celeste-y-Cristian-Saldana.webp\" title=\"Mar\u00eda-Celeste-y-Cristian-Salda\u00f1a\"  data-caption=\"MAR\u00cdA CELESTE Y CRISTIAN SALDA\u00d1A.\"  data-description=\"MAR&Iacute;A CELESTE Y CRISTIAN SALDA&Ntilde;A.\">\r\n                                <img decoding=\"async\" src=\"https:\/\/www.eldiario.net\/portal\/wp-content\/uploads\/2026\/06\/Maria-Celeste-y-Cristian-Saldana-630x420.webp\" srcset=\"https:\/\/www.eldiario.net\/portal\/wp-content\/uploads\/2026\/06\/Maria-Celeste-y-Cristian-Saldana-630x420.webp 630w, https:\/\/www.eldiario.net\/portal\/wp-content\/uploads\/2026\/06\/Maria-Celeste-y-Cristian-Saldana-300x200.webp 300w, https:\/\/www.eldiario.net\/portal\/wp-content\/uploads\/2026\/06\/Maria-Celeste-y-Cristian-Saldana-1024x683.webp 1024w, https:\/\/www.eldiario.net\/portal\/wp-content\/uploads\/2026\/06\/Maria-Celeste-y-Cristian-Saldana-768x512.webp 768w, https:\/\/www.eldiario.net\/portal\/wp-content\/uploads\/2026\/06\/Maria-Celeste-y-Cristian-Saldana-150x100.webp 150w, https:\/\/www.eldiario.net\/portal\/wp-content\/uploads\/2026\/06\/Maria-Celeste-y-Cristian-Saldana-696x464.webp 696w, https:\/\/www.eldiario.net\/portal\/wp-content\/uploads\/2026\/06\/Maria-Celeste-y-Cristian-Saldana-1068x712.webp 1068w, https:\/\/www.eldiario.net\/portal\/wp-content\/uploads\/2026\/06\/Maria-Celeste-y-Cristian-Saldana.webp 1200w\" sizes=\"(max-width: 630px) 100vw, 630px\" alt=\"\">\r\n                            <\/a>\r\n                            <figcaption class = \"td-slide-caption td-gallery-slide-content\"><div class = \"td-gallery-slide-copywrite\">MAR\u00cdA CELESTE Y CRISTIAN SALDA\u00d1A.<\/div><span>MAR\u00cdA CELESTE Y CRISTIAN SALDA\u00d1A.<\/span><\/figcaption>\r\n                        <\/figure>\r\n                    <\/div>\r\n                    <div class = \"td-slide-item td-item4\">\r\n                        <figure class=\"td-slide-galery-figure td-slide-popup-gallery\">\r\n                            <a class=\"slide-gallery-image-link\" href=\"https:\/\/www.eldiario.net\/portal\/wp-content\/uploads\/2026\/06\/Mariano-Terrazas-Antonio-Terrazas-y-Adriano-Terrazas.webp\" title=\"Mariano-Terrazas,-Antonio-Terrazas-y-Adriano-Terrazas\"  data-caption=\"Mariano Terrazas, Antonio Terrazas y Adriano Terrazas.\"  data-description=\"Mariano Terrazas, Antonio Terrazas y Adriano Terrazas.\">\r\n                                <img decoding=\"async\" src=\"https:\/\/www.eldiario.net\/portal\/wp-content\/uploads\/2026\/06\/Mariano-Terrazas-Antonio-Terrazas-y-Adriano-Terrazas-630x420.webp\" srcset=\"https:\/\/www.eldiario.net\/portal\/wp-content\/uploads\/2026\/06\/Mariano-Terrazas-Antonio-Terrazas-y-Adriano-Terrazas-630x420.webp 630w, https:\/\/www.eldiario.net\/portal\/wp-content\/uploads\/2026\/06\/Mariano-Terrazas-Antonio-Terrazas-y-Adriano-Terrazas-300x200.webp 300w, https:\/\/www.eldiario.net\/portal\/wp-content\/uploads\/2026\/06\/Mariano-Terrazas-Antonio-Terrazas-y-Adriano-Terrazas-1024x683.webp 1024w, https:\/\/www.eldiario.net\/portal\/wp-content\/uploads\/2026\/06\/Mariano-Terrazas-Antonio-Terrazas-y-Adriano-Terrazas-768x512.webp 768w, https:\/\/www.eldiario.net\/portal\/wp-content\/uploads\/2026\/06\/Mariano-Terrazas-Antonio-Terrazas-y-Adriano-Terrazas-150x100.webp 150w, https:\/\/www.eldiario.net\/portal\/wp-content\/uploads\/2026\/06\/Mariano-Terrazas-Antonio-Terrazas-y-Adriano-Terrazas-696x464.webp 696w, https:\/\/www.eldiario.net\/portal\/wp-content\/uploads\/2026\/06\/Mariano-Terrazas-Antonio-Terrazas-y-Adriano-Terrazas-1068x712.webp 1068w, https:\/\/www.eldiario.net\/portal\/wp-content\/uploads\/2026\/06\/Mariano-Terrazas-Antonio-Terrazas-y-Adriano-Terrazas.webp 1200w\" sizes=\"(max-width: 630px) 100vw, 630px\" alt=\"\">\r\n                            <\/a>\r\n                            <figcaption class = \"td-slide-caption td-gallery-slide-content\"><div class = \"td-gallery-slide-copywrite\">Mariano Terrazas, Antonio Terrazas y Adriano Terrazas.<\/div><span>Mariano Terrazas, Antonio Terrazas y Adriano Terrazas.<\/span><\/figcaption>\r\n                        <\/figure>\r\n                    <\/div>\r\n                    <div class = \"td-slide-item td-item5\">\r\n                        <figure class=\"td-slide-galery-figure td-slide-popup-gallery\">\r\n                            <a class=\"slide-gallery-image-link\" href=\"https:\/\/www.eldiario.net\/portal\/wp-content\/uploads\/2026\/06\/Nicolas-Montesinos-y-Tatiana-Sandi.webp\" title=\"Nicol\u00e1s-Montesinos-y-Tatiana-Sandi\"  data-caption=\"NICOL\u00c1S MONTESINOS Y TATIANA SANDI.\"  data-description=\"NICOL&Aacute;S MONTESINOS Y TATIANA SANDI.\">\r\n                                <img decoding=\"async\" src=\"https:\/\/www.eldiario.net\/portal\/wp-content\/uploads\/2026\/06\/Nicolas-Montesinos-y-Tatiana-Sandi-630x420.webp\" srcset=\"https:\/\/www.eldiario.net\/portal\/wp-content\/uploads\/2026\/06\/Nicolas-Montesinos-y-Tatiana-Sandi-630x420.webp 630w, https:\/\/www.eldiario.net\/portal\/wp-content\/uploads\/2026\/06\/Nicolas-Montesinos-y-Tatiana-Sandi-300x200.webp 300w, https:\/\/www.eldiario.net\/portal\/wp-content\/uploads\/2026\/06\/Nicolas-Montesinos-y-Tatiana-Sandi-1024x683.webp 1024w, https:\/\/www.eldiario.net\/portal\/wp-content\/uploads\/2026\/06\/Nicolas-Montesinos-y-Tatiana-Sandi-768x512.webp 768w, https:\/\/www.eldiario.net\/portal\/wp-content\/uploads\/2026\/06\/Nicolas-Montesinos-y-Tatiana-Sandi-150x100.webp 150w, https:\/\/www.eldiario.net\/portal\/wp-content\/uploads\/2026\/06\/Nicolas-Montesinos-y-Tatiana-Sandi-696x464.webp 696w, https:\/\/www.eldiario.net\/portal\/wp-content\/uploads\/2026\/06\/Nicolas-Montesinos-y-Tatiana-Sandi-1068x712.webp 1068w, https:\/\/www.eldiario.net\/portal\/wp-content\/uploads\/2026\/06\/Nicolas-Montesinos-y-Tatiana-Sandi.webp 1200w\" sizes=\"(max-width: 630px) 100vw, 630px\" alt=\"\">\r\n                            <\/a>\r\n                            <figcaption class = \"td-slide-caption td-gallery-slide-content\"><div class = \"td-gallery-slide-copywrite\">NICOL\u00c1S MONTESINOS Y TATIANA SANDI.<\/div><span>NICOL\u00c1S MONTESINOS Y TATIANA SANDI.<\/span><\/figcaption>\r\n                        <\/figure>\r\n                    <\/div>\r\n                    <div class = \"td-slide-item td-item6\">\r\n                        <figure class=\"td-slide-galery-figure td-slide-popup-gallery\">\r\n                            <a class=\"slide-gallery-image-link\" href=\"https:\/\/www.eldiario.net\/portal\/wp-content\/uploads\/2026\/06\/Rafael-Quiroga-y-Milena-Chavez.webp\" title=\"Rafael-Quiroga-y-Milena-Ch\u00e1vez\"  data-caption=\"Rafael Quiroga y Milena Ch\u00e1vez.\"  data-description=\"Rafael Quiroga y Milena Ch&aacute;vez.\">\r\n                                <img decoding=\"async\" src=\"https:\/\/www.eldiario.net\/portal\/wp-content\/uploads\/2026\/06\/Rafael-Quiroga-y-Milena-Chavez-630x420.webp\" srcset=\"https:\/\/www.eldiario.net\/portal\/wp-content\/uploads\/2026\/06\/Rafael-Quiroga-y-Milena-Chavez-630x420.webp 630w, https:\/\/www.eldiario.net\/portal\/wp-content\/uploads\/2026\/06\/Rafael-Quiroga-y-Milena-Chavez-300x200.webp 300w, https:\/\/www.eldiario.net\/portal\/wp-content\/uploads\/2026\/06\/Rafael-Quiroga-y-Milena-Chavez-1024x683.webp 1024w, https:\/\/www.eldiario.net\/portal\/wp-content\/uploads\/2026\/06\/Rafael-Quiroga-y-Milena-Chavez-768x512.webp 768w, https:\/\/www.eldiario.net\/portal\/wp-content\/uploads\/2026\/06\/Rafael-Quiroga-y-Milena-Chavez-150x100.webp 150w, https:\/\/www.eldiario.net\/portal\/wp-content\/uploads\/2026\/06\/Rafael-Quiroga-y-Milena-Chavez-696x464.webp 696w, https:\/\/www.eldiario.net\/portal\/wp-content\/uploads\/2026\/06\/Rafael-Quiroga-y-Milena-Chavez-1068x712.webp 1068w, https:\/\/www.eldiario.net\/portal\/wp-content\/uploads\/2026\/06\/Rafael-Quiroga-y-Milena-Chavez.webp 1200w\" sizes=\"(max-width: 630px) 100vw, 630px\" alt=\"\">\r\n                            <\/a>\r\n                            <figcaption class = \"td-slide-caption td-gallery-slide-content\"><div class = \"td-gallery-slide-copywrite\">Rafael Quiroga y Milena Ch\u00e1vez.<\/div><span>Rafael Quiroga y Milena Ch\u00e1vez.<\/span><\/figcaption>\r\n                        <\/figure>\r\n                    <\/div>\r\n                    <div class = \"td-slide-item td-item7\">\r\n                        <figure class=\"td-slide-galery-figure td-slide-popup-gallery\">\r\n                            <a class=\"slide-gallery-image-link\" href=\"https:\/\/www.eldiario.net\/portal\/wp-content\/uploads\/2026\/06\/Rildo-Barba-y-Susana-Rivero.webp\" title=\"Rildo-Barba-y-Susana-Rivero\"  data-caption=\"\"  data-description=\"RILDO BARBA Y SUSANA RIVERO\">\r\n                                <img decoding=\"async\" src=\"https:\/\/www.eldiario.net\/portal\/wp-content\/uploads\/2026\/06\/Rildo-Barba-y-Susana-Rivero-630x420.webp\" srcset=\"https:\/\/www.eldiario.net\/portal\/wp-content\/uploads\/2026\/06\/Rildo-Barba-y-Susana-Rivero-630x420.webp 630w, https:\/\/www.eldiario.net\/portal\/wp-content\/uploads\/2026\/06\/Rildo-Barba-y-Susana-Rivero-300x200.webp 300w, https:\/\/www.eldiario.net\/portal\/wp-content\/uploads\/2026\/06\/Rildo-Barba-y-Susana-Rivero-1024x683.webp 1024w, https:\/\/www.eldiario.net\/portal\/wp-content\/uploads\/2026\/06\/Rildo-Barba-y-Susana-Rivero-768x512.webp 768w, https:\/\/www.eldiario.net\/portal\/wp-content\/uploads\/2026\/06\/Rildo-Barba-y-Susana-Rivero-150x100.webp 150w, https:\/\/www.eldiario.net\/portal\/wp-content\/uploads\/2026\/06\/Rildo-Barba-y-Susana-Rivero-696x464.webp 696w, https:\/\/www.eldiario.net\/portal\/wp-content\/uploads\/2026\/06\/Rildo-Barba-y-Susana-Rivero-1068x712.webp 1068w, https:\/\/www.eldiario.net\/portal\/wp-content\/uploads\/2026\/06\/Rildo-Barba-y-Susana-Rivero.webp 1200w\" sizes=\"(max-width: 630px) 100vw, 630px\" alt=\"\">\r\n                            <\/a>\r\n                            <figcaption class = \"td-slide-caption td-gallery-slide-content\"><span>RILDO BARBA Y SUSANA RIVERO<\/span><\/figcaption>\r\n                        <\/figure>\r\n                    <\/div>\r\n                    <div class = \"td-slide-item td-item8\">\r\n                        <figure class=\"td-slide-galery-figure td-slide-popup-gallery\">\r\n                            <a class=\"slide-gallery-image-link\" href=\"https:\/\/www.eldiario.net\/portal\/wp-content\/uploads\/2026\/06\/Roberta-Trevian-Thor-Trevian-y-Jonathan-Asbun.webp\" title=\"Roberta-Trevian,-Thor-Trevian-y-Jonathan-Asbun\"  data-caption=\"ROBERTA TREVIAN, THOR TREVIAN Y JONATHAN ASB\u00daN.\"  data-description=\"ROBERTA TREVIAN, THOR TREVIAN Y JONATHAN ASB&Uacute;N.\">\r\n                                <img decoding=\"async\" src=\"https:\/\/www.eldiario.net\/portal\/wp-content\/uploads\/2026\/06\/Roberta-Trevian-Thor-Trevian-y-Jonathan-Asbun-630x420.webp\" srcset=\"https:\/\/www.eldiario.net\/portal\/wp-content\/uploads\/2026\/06\/Roberta-Trevian-Thor-Trevian-y-Jonathan-Asbun-630x420.webp 630w, https:\/\/www.eldiario.net\/portal\/wp-content\/uploads\/2026\/06\/Roberta-Trevian-Thor-Trevian-y-Jonathan-Asbun-300x200.webp 300w, https:\/\/www.eldiario.net\/portal\/wp-content\/uploads\/2026\/06\/Roberta-Trevian-Thor-Trevian-y-Jonathan-Asbun-1024x683.webp 1024w, https:\/\/www.eldiario.net\/portal\/wp-content\/uploads\/2026\/06\/Roberta-Trevian-Thor-Trevian-y-Jonathan-Asbun-768x512.webp 768w, https:\/\/www.eldiario.net\/portal\/wp-content\/uploads\/2026\/06\/Roberta-Trevian-Thor-Trevian-y-Jonathan-Asbun-150x100.webp 150w, https:\/\/www.eldiario.net\/portal\/wp-content\/uploads\/2026\/06\/Roberta-Trevian-Thor-Trevian-y-Jonathan-Asbun-696x464.webp 696w, https:\/\/www.eldiario.net\/portal\/wp-content\/uploads\/2026\/06\/Roberta-Trevian-Thor-Trevian-y-Jonathan-Asbun-1068x712.webp 1068w, https:\/\/www.eldiario.net\/portal\/wp-content\/uploads\/2026\/06\/Roberta-Trevian-Thor-Trevian-y-Jonathan-Asbun.webp 1200w\" sizes=\"(max-width: 630px) 100vw, 630px\" alt=\"\">\r\n                            <\/a>\r\n                            <figcaption class = \"td-slide-caption td-gallery-slide-content\"><div class = \"td-gallery-slide-copywrite\">ROBERTA TREVIAN, THOR TREVIAN Y JONATHAN ASB\u00daN.<\/div><span>ROBERTA TREVIAN, THOR TREVIAN Y JONATHAN ASB\u00daN.<\/span><\/figcaption>\r\n                        <\/figure>\r\n                    <\/div>\r\n                    <div class = \"td-slide-item td-item9\">\r\n                        <figure class=\"td-slide-galery-figure td-slide-popup-gallery\">\r\n                            <a class=\"slide-gallery-image-link\" href=\"https:\/\/www.eldiario.net\/portal\/wp-content\/uploads\/2026\/06\/Tatiana-Monje-gerente-de-Marketing-Comercial-de-Cinemark.webp\" title=\"Tatiana-Monje,-gerente-de-Marketing-&-Comercial-de-Cinemark\"  data-caption=\"TATIANA MONJE, GERENTE DE MARKETING &amp; COMERCIAL DE CINEMARK.\"  data-description=\"TATIANA MONJE, GERENTE DE MARKETING &amp; COMERCIAL DE CINEMARK.\">\r\n                                <img decoding=\"async\" src=\"https:\/\/www.eldiario.net\/portal\/wp-content\/uploads\/2026\/06\/Tatiana-Monje-gerente-de-Marketing-Comercial-de-Cinemark-630x420.webp\" srcset=\"https:\/\/www.eldiario.net\/portal\/wp-content\/uploads\/2026\/06\/Tatiana-Monje-gerente-de-Marketing-Comercial-de-Cinemark-630x420.webp 630w, https:\/\/www.eldiario.net\/portal\/wp-content\/uploads\/2026\/06\/Tatiana-Monje-gerente-de-Marketing-Comercial-de-Cinemark-300x200.webp 300w, https:\/\/www.eldiario.net\/portal\/wp-content\/uploads\/2026\/06\/Tatiana-Monje-gerente-de-Marketing-Comercial-de-Cinemark-1024x683.webp 1024w, https:\/\/www.eldiario.net\/portal\/wp-content\/uploads\/2026\/06\/Tatiana-Monje-gerente-de-Marketing-Comercial-de-Cinemark-768x512.webp 768w, https:\/\/www.eldiario.net\/portal\/wp-content\/uploads\/2026\/06\/Tatiana-Monje-gerente-de-Marketing-Comercial-de-Cinemark-150x100.webp 150w, https:\/\/www.eldiario.net\/portal\/wp-content\/uploads\/2026\/06\/Tatiana-Monje-gerente-de-Marketing-Comercial-de-Cinemark-696x464.webp 696w, https:\/\/www.eldiario.net\/portal\/wp-content\/uploads\/2026\/06\/Tatiana-Monje-gerente-de-Marketing-Comercial-de-Cinemark-1068x712.webp 1068w, https:\/\/www.eldiario.net\/portal\/wp-content\/uploads\/2026\/06\/Tatiana-Monje-gerente-de-Marketing-Comercial-de-Cinemark.webp 1200w\" sizes=\"(max-width: 630px) 100vw, 630px\" alt=\"\">\r\n                            <\/a>\r\n                            <figcaption class = \"td-slide-caption td-gallery-slide-content\"><div class = \"td-gallery-slide-copywrite\">TATIANA MONJE, GERENTE DE MARKETING & COMERCIAL DE CINEMARK.<\/div><span>TATIANA MONJE, GERENTE DE MARKETING & COMERCIAL DE CINEMARK.<\/span><\/figcaption>\r\n                        <\/figure>\r\n                    <\/div>\r\n                            <\/div>\r\n                        <\/div>\r\n\r\n                        <div class = \"td-doubleSlider-2\">\r\n                            <div class = \"td-slider\">\r\n                                \r\n                    <div class = \"td-button td-item1\">\r\n                        <div class = \"td-border\"><\/div>\r\n                    <\/div>\r\n                    <div class = \"td-button td-item2\">\r\n                        <div class = \"td-border\"><\/div>\r\n                    <\/div>\r\n                    <div class = \"td-button td-item3\">\r\n                        <div class = \"td-border\"><\/div>\r\n                    <\/div>\r\n                    <div class = \"td-button td-item4\">\r\n                        <div class = \"td-border\"><\/div>\r\n                    <\/div>\r\n                    <div class = \"td-button td-item5\">\r\n                        <div class = \"td-border\"><\/div>\r\n                    <\/div>\r\n                    <div class = \"td-button td-item6\">\r\n                        <div class = \"td-border\"><\/div>\r\n                    <\/div>\r\n                    <div class = \"td-button td-item7\">\r\n                        <div class = \"td-border\"><\/div>\r\n                    <\/div>\r\n                    <div class = \"td-button td-item8\">\r\n                        <div class = \"td-border\"><\/div>\r\n                    <\/div>\r\n                    <div class = \"td-button td-item9\">\r\n                        <div class = \"td-border\"><\/div>\r\n                    <\/div>\r\n                            <\/div>\r\n                        <\/div>\r\n\r\n                    <\/div>\r\n\r\n                <\/div>\r\n                \n","protected":false},"excerpt":{"rendered":"<p>El conteo regresivo de siete a\u00f1os lleg\u00f3 a su fin y la fuerza volvi\u00f3 a sentirse en Cinemark Bolivia con la esperada Opening Night y preestreno de Star Wars: The Mandalorian and Grogu, marcando el triunfal regreso de la m\u00edtica saga a la pantalla grande. La cita congreg\u00f3 a fervientes fan\u00e1ticos, personalidades y miembros del [&hellip;]<\/p>\n","protected":false},"author":1,"featured_media":403399,"comment_status":"closed","ping_status":"open","sticky":false,"template":"","format":"standard","meta":{"_acf_changed":false,"footnotes":""},"categories":[40],"tags":[],"class_list":["post-403397","post","type-post","status-publish","format-standard","has-post-thumbnail","category-sociales"],"acf":{"antetitulo":""},"yoast_head":"<!-- This site is optimized with the Yoast SEO plugin v28.4 - https:\/\/yoast.com\/product\/yoast-seo-wordpress\/ -->\n<title>Cinemark vibr\u00f3 con el preestreno de The Mandalorian and Grogu - El Diario - Bolivia<\/title>\n<meta name=\"robots\" content=\"index, follow, max-snippet:-1, max-image-preview:large, max-video-preview:-1\" \/>\n<link rel=\"canonical\" href=\"https:\/\/www.eldiario.net\/portal\/2026\/06\/13\/cinemark-vibro-con-el-preestreno-de-the-mandalorian-and-grogu\/\" \/>\n<meta property=\"og:locale\" content=\"es_ES\" \/>\n<meta property=\"og:type\" content=\"article\" \/>\n<meta property=\"og:title\" content=\"Cinemark vibr\u00f3 con el preestreno de The Mandalorian and Grogu - El Diario - Bolivia\" \/>\n<meta property=\"og:description\" content=\"El conteo regresivo de siete a\u00f1os lleg\u00f3 a su fin y la fuerza volvi\u00f3 a sentirse en Cinemark Bolivia con la esperada Opening Night y preestreno de Star Wars: The Mandalorian and Grogu, marcando el triunfal regreso de la m\u00edtica saga a la pantalla grande. La cita congreg\u00f3 a fervientes fan\u00e1ticos, personalidades y miembros del [&hellip;]\" \/>\n<meta property=\"og:url\" content=\"https:\/\/www.eldiario.net\/portal\/2026\/06\/13\/cinemark-vibro-con-el-preestreno-de-the-mandalorian-and-grogu\/\" \/>\n<meta property=\"og:site_name\" content=\"El Diario - Bolivia\" \/>\n<meta property=\"article:publisher\" content=\"https:\/\/www.facebook.com\/eldiario.bolivia\/\" \/>\n<meta property=\"article:published_time\" content=\"2026-06-13T12:10:44+00:00\" \/>\n<meta property=\"og:image\" content=\"https:\/\/www.eldiario.net\/portal\/wp-content\/uploads\/2026\/06\/Club-de-fans-de-Star-Wars.webp\" \/>\n\t<meta property=\"og:image:width\" content=\"1200\" \/>\n\t<meta property=\"og:image:height\" content=\"799\" \/>\n\t<meta property=\"og:image:type\" content=\"image\/webp\" \/>\n<meta name=\"author\" content=\"Jeanette\" \/>\n<meta name=\"twitter:card\" content=\"summary_large_image\" \/>\n<meta name=\"twitter:creator\" content=\"@eldiario_net\" \/>\n<meta name=\"twitter:site\" content=\"@eldiario_net\" \/>\n<meta name=\"twitter:label1\" content=\"Escrito por\" \/>\n\t<meta name=\"twitter:data1\" content=\"Jeanette\" \/>\n\t<meta name=\"twitter:label2\" content=\"Tiempo de lectura\" \/>\n\t<meta name=\"twitter:data2\" content=\"1 minuto\" \/>\n<script type=\"application\/ld+json\" class=\"yoast-schema-graph\">{\"@context\":\"https:\\\/\\\/schema.org\",\"@graph\":[{\"@type\":\"Article\",\"@id\":\"https:\\\/\\\/www.eldiario.net\\\/portal\\\/2026\\\/06\\\/13\\\/cinemark-vibro-con-el-preestreno-de-the-mandalorian-and-grogu\\\/#article\",\"isPartOf\":{\"@id\":\"https:\\\/\\\/www.eldiario.net\\\/portal\\\/2026\\\/06\\\/13\\\/cinemark-vibro-con-el-preestreno-de-the-mandalorian-and-grogu\\\/\"},\"author\":{\"name\":\"Jeanette\",\"@id\":\"https:\\\/\\\/www.eldiario.net\\\/portal\\\/#\\\/schema\\\/person\\\/f46445640444750d7d753ccd04ae01b7\"},\"headline\":\"Cinemark vibr\u00f3 con el preestreno de The Mandalorian and Grogu\",\"datePublished\":\"2026-06-13T12:10:44+00:00\",\"mainEntityOfPage\":{\"@id\":\"https:\\\/\\\/www.eldiario.net\\\/portal\\\/2026\\\/06\\\/13\\\/cinemark-vibro-con-el-preestreno-de-the-mandalorian-and-grogu\\\/\"},\"wordCount\":183,\"publisher\":{\"@id\":\"https:\\\/\\\/www.eldiario.net\\\/portal\\\/#organization\"},\"image\":{\"@id\":\"https:\\\/\\\/www.eldiario.net\\\/portal\\\/2026\\\/06\\\/13\\\/cinemark-vibro-con-el-preestreno-de-the-mandalorian-and-grogu\\\/#primaryimage\"},\"thumbnailUrl\":\"https:\\\/\\\/www.eldiario.net\\\/portal\\\/wp-content\\\/uploads\\\/2026\\\/06\\\/Club-de-fans-de-Star-Wars.webp\",\"articleSection\":[\"Sociales\"],\"inLanguage\":\"es\"},{\"@type\":\"WebPage\",\"@id\":\"https:\\\/\\\/www.eldiario.net\\\/portal\\\/2026\\\/06\\\/13\\\/cinemark-vibro-con-el-preestreno-de-the-mandalorian-and-grogu\\\/\",\"url\":\"https:\\\/\\\/www.eldiario.net\\\/portal\\\/2026\\\/06\\\/13\\\/cinemark-vibro-con-el-preestreno-de-the-mandalorian-and-grogu\\\/\",\"name\":\"Cinemark vibr\u00f3 con el preestreno de The Mandalorian and Grogu - El Diario - Bolivia\",\"isPartOf\":{\"@id\":\"https:\\\/\\\/www.eldiario.net\\\/portal\\\/#website\"},\"primaryImageOfPage\":{\"@id\":\"https:\\\/\\\/www.eldiario.net\\\/portal\\\/2026\\\/06\\\/13\\\/cinemark-vibro-con-el-preestreno-de-the-mandalorian-and-grogu\\\/#primaryimage\"},\"image\":{\"@id\":\"https:\\\/\\\/www.eldiario.net\\\/portal\\\/2026\\\/06\\\/13\\\/cinemark-vibro-con-el-preestreno-de-the-mandalorian-and-grogu\\\/#primaryimage\"},\"thumbnailUrl\":\"https:\\\/\\\/www.eldiario.net\\\/portal\\\/wp-content\\\/uploads\\\/2026\\\/06\\\/Club-de-fans-de-Star-Wars.webp\",\"datePublished\":\"2026-06-13T12:10:44+00:00\",\"breadcrumb\":{\"@id\":\"https:\\\/\\\/www.eldiario.net\\\/portal\\\/2026\\\/06\\\/13\\\/cinemark-vibro-con-el-preestreno-de-the-mandalorian-and-grogu\\\/#breadcrumb\"},\"inLanguage\":\"es\",\"potentialAction\":[{\"@type\":\"ReadAction\",\"target\":[\"https:\\\/\\\/www.eldiario.net\\\/portal\\\/2026\\\/06\\\/13\\\/cinemark-vibro-con-el-preestreno-de-the-mandalorian-and-grogu\\\/\"]}]},{\"@type\":\"ImageObject\",\"inLanguage\":\"es\",\"@id\":\"https:\\\/\\\/www.eldiario.net\\\/portal\\\/2026\\\/06\\\/13\\\/cinemark-vibro-con-el-preestreno-de-the-mandalorian-and-grogu\\\/#primaryimage\",\"url\":\"https:\\\/\\\/www.eldiario.net\\\/portal\\\/wp-content\\\/uploads\\\/2026\\\/06\\\/Club-de-fans-de-Star-Wars.webp\",\"contentUrl\":\"https:\\\/\\\/www.eldiario.net\\\/portal\\\/wp-content\\\/uploads\\\/2026\\\/06\\\/Club-de-fans-de-Star-Wars.webp\",\"width\":1200,\"height\":799,\"caption\":\"CLUB DE FANS DE STAR WARS\"},{\"@type\":\"BreadcrumbList\",\"@id\":\"https:\\\/\\\/www.eldiario.net\\\/portal\\\/2026\\\/06\\\/13\\\/cinemark-vibro-con-el-preestreno-de-the-mandalorian-and-grogu\\\/#breadcrumb\",\"itemListElement\":[{\"@type\":\"ListItem\",\"position\":1,\"name\":\"Portada\",\"item\":\"https:\\\/\\\/www.eldiario.net\\\/portal\\\/\"},{\"@type\":\"ListItem\",\"position\":2,\"name\":\"Cinemark vibr\u00f3 con el preestreno de The Mandalorian and Grogu\"}]},{\"@type\":\"WebSite\",\"@id\":\"https:\\\/\\\/www.eldiario.net\\\/portal\\\/#website\",\"url\":\"https:\\\/\\\/www.eldiario.net\\\/portal\\\/\",\"name\":\"El Diario - Decano de la prensa nacional\",\"description\":\"El Diario - Decano de la prensa nacional\",\"publisher\":{\"@id\":\"https:\\\/\\\/www.eldiario.net\\\/portal\\\/#organization\"},\"potentialAction\":[{\"@type\":\"SearchAction\",\"target\":{\"@type\":\"EntryPoint\",\"urlTemplate\":\"https:\\\/\\\/www.eldiario.net\\\/portal\\\/?s={search_term_string}\"},\"query-input\":{\"@type\":\"PropertyValueSpecification\",\"valueRequired\":true,\"valueName\":\"search_term_string\"}}],\"inLanguage\":\"es\"},{\"@type\":\"Organization\",\"@id\":\"https:\\\/\\\/www.eldiario.net\\\/portal\\\/#organization\",\"name\":\"El Diario - Decano de la prensa nacional\",\"url\":\"https:\\\/\\\/www.eldiario.net\\\/portal\\\/\",\"logo\":{\"@type\":\"ImageObject\",\"inLanguage\":\"es\",\"@id\":\"https:\\\/\\\/www.eldiario.net\\\/portal\\\/#\\\/schema\\\/logo\\\/image\\\/\",\"url\":\"https:\\\/\\\/www.eldiario.net\\\/portal\\\/wp-content\\\/uploads\\\/2023\\\/07\\\/logo_ED.jpg\",\"contentUrl\":\"https:\\\/\\\/www.eldiario.net\\\/portal\\\/wp-content\\\/uploads\\\/2023\\\/07\\\/logo_ED.jpg\",\"width\":272,\"height\":52,\"caption\":\"El Diario - Decano de la prensa nacional\"},\"image\":{\"@id\":\"https:\\\/\\\/www.eldiario.net\\\/portal\\\/#\\\/schema\\\/logo\\\/image\\\/\"},\"sameAs\":[\"https:\\\/\\\/www.facebook.com\\\/eldiario.bolivia\\\/\",\"https:\\\/\\\/x.com\\\/eldiario_net\"]},{\"@type\":\"Person\",\"@id\":\"https:\\\/\\\/www.eldiario.net\\\/portal\\\/#\\\/schema\\\/person\\\/f46445640444750d7d753ccd04ae01b7\",\"name\":\"Jeanette\",\"image\":{\"@type\":\"ImageObject\",\"inLanguage\":\"es\",\"@id\":\"https:\\\/\\\/secure.gravatar.com\\\/avatar\\\/3ea2118a5f7dad2b7138b1187a6b7ee55f160b9968b66013c3a3ef39dd7e5798?s=96&d=mm&r=g\",\"url\":\"https:\\\/\\\/secure.gravatar.com\\\/avatar\\\/3ea2118a5f7dad2b7138b1187a6b7ee55f160b9968b66013c3a3ef39dd7e5798?s=96&d=mm&r=g\",\"contentUrl\":\"https:\\\/\\\/secure.gravatar.com\\\/avatar\\\/3ea2118a5f7dad2b7138b1187a6b7ee55f160b9968b66013c3a3ef39dd7e5798?s=96&d=mm&r=g\",\"caption\":\"Jeanette\"},\"sameAs\":[\"https:\\\/\\\/www.eldiario.net\\\/portal\"],\"url\":\"https:\\\/\\\/www.eldiario.net\\\/portal\\\/author\\\/jeanette\\\/\"}]}<\/script>\n<!-- \/ Yoast SEO plugin. -->","yoast_head_json":{"title":"Cinemark vibr\u00f3 con el preestreno de The Mandalorian and Grogu - El Diario - Bolivia","robots":{"index":"index","follow":"follow","max-snippet":"max-snippet:-1","max-image-preview":"max-image-preview:large","max-video-preview":"max-video-preview:-1"},"canonical":"https:\/\/www.eldiario.net\/portal\/2026\/06\/13\/cinemark-vibro-con-el-preestreno-de-the-mandalorian-and-grogu\/","og_locale":"es_ES","og_type":"article","og_title":"Cinemark vibr\u00f3 con el preestreno de The Mandalorian and Grogu - El Diario - Bolivia","og_description":"El conteo regresivo de siete a\u00f1os lleg\u00f3 a su fin y la fuerza volvi\u00f3 a sentirse en Cinemark Bolivia con la esperada Opening Night y preestreno de Star Wars: The Mandalorian and Grogu, marcando el triunfal regreso de la m\u00edtica saga a la pantalla grande. La cita congreg\u00f3 a fervientes fan\u00e1ticos, personalidades y miembros del [&hellip;]","og_url":"https:\/\/www.eldiario.net\/portal\/2026\/06\/13\/cinemark-vibro-con-el-preestreno-de-the-mandalorian-and-grogu\/","og_site_name":"El Diario - Bolivia","article_publisher":"https:\/\/www.facebook.com\/eldiario.bolivia\/","article_published_time":"2026-06-13T12:10:44+00:00","og_image":[{"width":1200,"height":799,"url":"https:\/\/www.eldiario.net\/portal\/wp-content\/uploads\/2026\/06\/Club-de-fans-de-Star-Wars.webp","type":"image\/webp"}],"author":"Jeanette","twitter_card":"summary_large_image","twitter_creator":"@eldiario_net","twitter_site":"@eldiario_net","twitter_misc":{"Escrito por":"Jeanette","Tiempo de lectura":"1 minuto"},"schema":{"@context":"https:\/\/schema.org","@graph":[{"@type":"Article","@id":"https:\/\/www.eldiario.net\/portal\/2026\/06\/13\/cinemark-vibro-con-el-preestreno-de-the-mandalorian-and-grogu\/#article","isPartOf":{"@id":"https:\/\/www.eldiario.net\/portal\/2026\/06\/13\/cinemark-vibro-con-el-preestreno-de-the-mandalorian-and-grogu\/"},"author":{"name":"Jeanette","@id":"https:\/\/www.eldiario.net\/portal\/#\/schema\/person\/f46445640444750d7d753ccd04ae01b7"},"headline":"Cinemark vibr\u00f3 con el preestreno de The Mandalorian and Grogu","datePublished":"2026-06-13T12:10:44+00:00","mainEntityOfPage":{"@id":"https:\/\/www.eldiario.net\/portal\/2026\/06\/13\/cinemark-vibro-con-el-preestreno-de-the-mandalorian-and-grogu\/"},"wordCount":183,"publisher":{"@id":"https:\/\/www.eldiario.net\/portal\/#organization"},"image":{"@id":"https:\/\/www.eldiario.net\/portal\/2026\/06\/13\/cinemark-vibro-con-el-preestreno-de-the-mandalorian-and-grogu\/#primaryimage"},"thumbnailUrl":"https:\/\/www.eldiario.net\/portal\/wp-content\/uploads\/2026\/06\/Club-de-fans-de-Star-Wars.webp","articleSection":["Sociales"],"inLanguage":"es"},{"@type":"WebPage","@id":"https:\/\/www.eldiario.net\/portal\/2026\/06\/13\/cinemark-vibro-con-el-preestreno-de-the-mandalorian-and-grogu\/","url":"https:\/\/www.eldiario.net\/portal\/2026\/06\/13\/cinemark-vibro-con-el-preestreno-de-the-mandalorian-and-grogu\/","name":"Cinemark vibr\u00f3 con el preestreno de The Mandalorian and Grogu - El Diario - Bolivia","isPartOf":{"@id":"https:\/\/www.eldiario.net\/portal\/#website"},"primaryImageOfPage":{"@id":"https:\/\/www.eldiario.net\/portal\/2026\/06\/13\/cinemark-vibro-con-el-preestreno-de-the-mandalorian-and-grogu\/#primaryimage"},"image":{"@id":"https:\/\/www.eldiario.net\/portal\/2026\/06\/13\/cinemark-vibro-con-el-preestreno-de-the-mandalorian-and-grogu\/#primaryimage"},"thumbnailUrl":"https:\/\/www.eldiario.net\/portal\/wp-content\/uploads\/2026\/06\/Club-de-fans-de-Star-Wars.webp","datePublished":"2026-06-13T12:10:44+00:00","breadcrumb":{"@id":"https:\/\/www.eldiario.net\/portal\/2026\/06\/13\/cinemark-vibro-con-el-preestreno-de-the-mandalorian-and-grogu\/#breadcrumb"},"inLanguage":"es","potentialAction":[{"@type":"ReadAction","target":["https:\/\/www.eldiario.net\/portal\/2026\/06\/13\/cinemark-vibro-con-el-preestreno-de-the-mandalorian-and-grogu\/"]}]},{"@type":"ImageObject","inLanguage":"es","@id":"https:\/\/www.eldiario.net\/portal\/2026\/06\/13\/cinemark-vibro-con-el-preestreno-de-the-mandalorian-and-grogu\/#primaryimage","url":"https:\/\/www.eldiario.net\/portal\/wp-content\/uploads\/2026\/06\/Club-de-fans-de-Star-Wars.webp","contentUrl":"https:\/\/www.eldiario.net\/portal\/wp-content\/uploads\/2026\/06\/Club-de-fans-de-Star-Wars.webp","width":1200,"height":799,"caption":"CLUB DE FANS DE STAR WARS"},{"@type":"BreadcrumbList","@id":"https:\/\/www.eldiario.net\/portal\/2026\/06\/13\/cinemark-vibro-con-el-preestreno-de-the-mandalorian-and-grogu\/#breadcrumb","itemListElement":[{"@type":"ListItem","position":1,"name":"Portada","item":"https:\/\/www.eldiario.net\/portal\/"},{"@type":"ListItem","position":2,"name":"Cinemark vibr\u00f3 con el preestreno de The Mandalorian and Grogu"}]},{"@type":"WebSite","@id":"https:\/\/www.eldiario.net\/portal\/#website","url":"https:\/\/www.eldiario.net\/portal\/","name":"El Diario - Decano de la prensa nacional","description":"El Diario - Decano de la prensa nacional","publisher":{"@id":"https:\/\/www.eldiario.net\/portal\/#organization"},"potentialAction":[{"@type":"SearchAction","target":{"@type":"EntryPoint","urlTemplate":"https:\/\/www.eldiario.net\/portal\/?s={search_term_string}"},"query-input":{"@type":"PropertyValueSpecification","valueRequired":true,"valueName":"search_term_string"}}],"inLanguage":"es"},{"@type":"Organization","@id":"https:\/\/www.eldiario.net\/portal\/#organization","name":"El Diario - Decano de la prensa nacional","url":"https:\/\/www.eldiario.net\/portal\/","logo":{"@type":"ImageObject","inLanguage":"es","@id":"https:\/\/www.eldiario.net\/portal\/#\/schema\/logo\/image\/","url":"https:\/\/www.eldiario.net\/portal\/wp-content\/uploads\/2023\/07\/logo_ED.jpg","contentUrl":"https:\/\/www.eldiario.net\/portal\/wp-content\/uploads\/2023\/07\/logo_ED.jpg","width":272,"height":52,"caption":"El Diario - Decano de la prensa nacional"},"image":{"@id":"https:\/\/www.eldiario.net\/portal\/#\/schema\/logo\/image\/"},"sameAs":["https:\/\/www.facebook.com\/eldiario.bolivia\/","https:\/\/x.com\/eldiario_net"]},{"@type":"Person","@id":"https:\/\/www.eldiario.net\/portal\/#\/schema\/person\/f46445640444750d7d753ccd04ae01b7","name":"Jeanette","image":{"@type":"ImageObject","inLanguage":"es","@id":"https:\/\/secure.gravatar.com\/avatar\/3ea2118a5f7dad2b7138b1187a6b7ee55f160b9968b66013c3a3ef39dd7e5798?s=96&d=mm&r=g","url":"https:\/\/secure.gravatar.com\/avatar\/3ea2118a5f7dad2b7138b1187a6b7ee55f160b9968b66013c3a3ef39dd7e5798?s=96&d=mm&r=g","contentUrl":"https:\/\/secure.gravatar.com\/avatar\/3ea2118a5f7dad2b7138b1187a6b7ee55f160b9968b66013c3a3ef39dd7e5798?s=96&d=mm&r=g","caption":"Jeanette"},"sameAs":["https:\/\/www.eldiario.net\/portal"],"url":"https:\/\/www.eldiario.net\/portal\/author\/jeanette\/"}]}},"_links":{"self":[{"href":"https:\/\/www.eldiario.net\/portal\/wp-json\/wp\/v2\/posts\/403397","targetHints":{"allow":["GET"]}}],"collection":[{"href":"https:\/\/www.eldiario.net\/portal\/wp-json\/wp\/v2\/posts"}],"about":[{"href":"https:\/\/www.eldiario.net\/portal\/wp-json\/wp\/v2\/types\/post"}],"author":[{"embeddable":true,"href":"https:\/\/www.eldiario.net\/portal\/wp-json\/wp\/v2\/users\/1"}],"replies":[{"embeddable":true,"href":"https:\/\/www.eldiario.net\/portal\/wp-json\/wp\/v2\/comments?post=403397"}],"version-history":[{"count":1,"href":"https:\/\/www.eldiario.net\/portal\/wp-json\/wp\/v2\/posts\/403397\/revisions"}],"predecessor-version":[{"id":403409,"href":"https:\/\/www.eldiario.net\/portal\/wp-json\/wp\/v2\/posts\/403397\/revisions\/403409"}],"wp:featuredmedia":[{"embeddable":true,"href":"https:\/\/www.eldiario.net\/portal\/wp-json\/wp\/v2\/media\/403399"}],"wp:attachment":[{"href":"https:\/\/www.eldiario.net\/portal\/wp-json\/wp\/v2\/media?parent=403397"}],"wp:term":[{"taxonomy":"category","embeddable":true,"href":"https:\/\/www.eldiario.net\/portal\/wp-json\/wp\/v2\/categories?post=403397"},{"taxonomy":"post_tag","embeddable":true,"href":"https:\/\/www.eldiario.net\/portal\/wp-json\/wp\/v2\/tags?post=403397"}],"curies":[{"name":"wp","href":"https:\/\/api.w.org\/{rel}","templated":true}]}}