{"id":403392,"date":"2026-06-13T08:08:09","date_gmt":"2026-06-13T12:08:09","guid":{"rendered":"https:\/\/www.eldiario.net\/portal\/?p=403392"},"modified":"2026-06-13T08:08:09","modified_gmt":"2026-06-13T12:08:09","slug":"belo-revoluciona-las-finanzas-de-los-freelancers","status":"publish","type":"post","link":"https:\/\/www.eldiario.net\/portal\/2026\/06\/13\/belo-revoluciona-las-finanzas-de-los-freelancers\/","title":{"rendered":"belo revoluciona las finanzas de los freelancers"},"content":{"rendered":"<p>Con un exclusivo lanzamiento en Santa Cruz de la Sierra, la reconocida plataforma de criptoactivos belo inici\u00f3 oficialmente sus operaciones en Bolivia. Tras consolidarse durante tres a\u00f1os en Argentina y Brasil, la compa\u00f1\u00eda llega al mercado nacional con una propuesta financiera \u00e1gil, moderna y dise\u00f1ada para reducir la burocracia, las demoras y los altos costos de la banca tradicional.<br \/>\nLa aplicaci\u00f3n busca convertirse en el aliado estrat\u00e9gico de una nueva generaci\u00f3n de profesionales \u2014como desarrolladores, creativos y consultores\u2014 que trabajan para el exterior y necesitan mover su dinero sin complicaciones t\u00e9cnicas ni p\u00e9rdidas por el tipo de cambio oficial.<br \/>\nbelo permite comprar, vender e intercambiar criptomonedas de forma tan sencilla que la tecnolog\u00eda blockchain se vuelve invisible, ofreciendo adem\u00e1s transferencias directas entre usuarios, pagos con c\u00f3digo QR en comercios locales y una tarjeta Mastercard virtual para compras internacionales.<br \/>\n\u201cLlegar a Bolivia es un momento importante para belo. Sabemos que hay miles de profesionales bolivianos que trabajan para el mundo y merecen una herramienta financiera que est\u00e9 a la altura de su forma de trabajar\u201d, explic\u00f3 Samanta Fiorentin, L\u00edder de comunicaciones LATAM de la firma.<br \/>\nCon este desembarco, la plataforma apuesta por el talento boliviano en plena era de la econom\u00eda digital, demostrando que el dinero ahora se mueve al mismo ritmo que sus usuarios.<\/p>\n\r\n                <style type=\"text\/css\">\r\n                    \r\n                    #tdi_1  .td-doubleSlider-2 .td-item1 {\r\n                        background: url(https:\/\/www.eldiario.net\/portal\/wp-content\/uploads\/2026\/06\/Belo-1-80x60.webp) 0 0 no-repeat;\r\n                    }\r\n                    #tdi_1  .td-doubleSlider-2 .td-item2 {\r\n                        background: url(https:\/\/www.eldiario.net\/portal\/wp-content\/uploads\/2026\/06\/Belo-2-80x60.webp) 0 0 no-repeat;\r\n                    }\r\n                    #tdi_1  .td-doubleSlider-2 .td-item3 {\r\n                        background: url(https:\/\/www.eldiario.net\/portal\/wp-content\/uploads\/2026\/06\/Belos-3-80x60.webp) 0 0 no-repeat;\r\n                    }\r\n                <\/style>\r\n\r\n                <div id=\"tdi_1\" class=\"td-gallery td-slide-on-2-columns\">\r\n                    <div class=\"post_td_gallery\">\r\n                        <div class=\"td-gallery-slide-top\">\r\n                           <div class=\"td-gallery-title\"><\/div>\r\n\r\n                            <div class=\"td-gallery-controls-wrapper\">\r\n                                <div class=\"td-gallery-slide-count\"><span class=\"td-gallery-slide-item-focus\">1<\/span> de 3<\/div>\r\n                                <div class=\"td-gallery-slide-prev-next-but\">\r\n                                    <i class = \"td-icon-left doubleSliderPrevButton\"><\/i>\r\n                                    <i class = \"td-icon-right doubleSliderNextButton\"><\/i>\r\n                                <\/div>\r\n                            <\/div>\r\n                        <\/div>\r\n\r\n                        <div class = \"td-doubleSlider-1 \">\r\n                            <div class = \"td-slider\">\r\n                                \r\n                    <div class = \"td-slide-item td-item1\">\r\n                        <figure class=\"td-slide-galery-figure td-slide-popup-gallery\">\r\n                            <a class=\"slide-gallery-image-link\" href=\"https:\/\/www.eldiario.net\/portal\/wp-content\/uploads\/2026\/06\/Belo-1.webp\" title=\"Belo-1\"  data-caption=\"\"  data-description=\"\">\r\n                                <img decoding=\"async\" src=\"https:\/\/www.eldiario.net\/portal\/wp-content\/uploads\/2026\/06\/Belo-1-630x420.webp\" srcset=\"https:\/\/www.eldiario.net\/portal\/wp-content\/uploads\/2026\/06\/Belo-1-630x420.webp 630w, https:\/\/www.eldiario.net\/portal\/wp-content\/uploads\/2026\/06\/Belo-1-300x200.webp 300w, https:\/\/www.eldiario.net\/portal\/wp-content\/uploads\/2026\/06\/Belo-1-1024x683.webp 1024w, https:\/\/www.eldiario.net\/portal\/wp-content\/uploads\/2026\/06\/Belo-1-768x512.webp 768w, https:\/\/www.eldiario.net\/portal\/wp-content\/uploads\/2026\/06\/Belo-1-150x100.webp 150w, https:\/\/www.eldiario.net\/portal\/wp-content\/uploads\/2026\/06\/Belo-1-696x464.webp 696w, https:\/\/www.eldiario.net\/portal\/wp-content\/uploads\/2026\/06\/Belo-1-1068x712.webp 1068w, https:\/\/www.eldiario.net\/portal\/wp-content\/uploads\/2026\/06\/Belo-1.webp 1200w\" sizes=\"(max-width: 630px) 100vw, 630px\" alt=\"\">\r\n                            <\/a>\r\n                            \r\n                        <\/figure>\r\n                    <\/div>\r\n                    <div class = \"td-slide-item td-item2\">\r\n                        <figure class=\"td-slide-galery-figure td-slide-popup-gallery\">\r\n                            <a class=\"slide-gallery-image-link\" href=\"https:\/\/www.eldiario.net\/portal\/wp-content\/uploads\/2026\/06\/Belo-2.webp\" title=\"Belo-2\"  data-caption=\"LOS \nINVITADOS ATENTOS A LA \nPRESENTACI\u00d3N DE LA \nPLATAFORMA.\"  data-description=\"LOS \nINVITADOS ATENTOS A LA \nPRESENTACI&Oacute;N DE LA \nPLATAFORMA.\">\r\n                                <img decoding=\"async\" src=\"https:\/\/www.eldiario.net\/portal\/wp-content\/uploads\/2026\/06\/Belo-2-630x420.webp\" srcset=\"https:\/\/www.eldiario.net\/portal\/wp-content\/uploads\/2026\/06\/Belo-2-630x420.webp 630w, https:\/\/www.eldiario.net\/portal\/wp-content\/uploads\/2026\/06\/Belo-2-300x200.webp 300w, https:\/\/www.eldiario.net\/portal\/wp-content\/uploads\/2026\/06\/Belo-2-1024x683.webp 1024w, https:\/\/www.eldiario.net\/portal\/wp-content\/uploads\/2026\/06\/Belo-2-768x512.webp 768w, https:\/\/www.eldiario.net\/portal\/wp-content\/uploads\/2026\/06\/Belo-2-150x100.webp 150w, https:\/\/www.eldiario.net\/portal\/wp-content\/uploads\/2026\/06\/Belo-2-696x464.webp 696w, https:\/\/www.eldiario.net\/portal\/wp-content\/uploads\/2026\/06\/Belo-2-1068x712.webp 1068w, https:\/\/www.eldiario.net\/portal\/wp-content\/uploads\/2026\/06\/Belo-2.webp 1200w\" sizes=\"(max-width: 630px) 100vw, 630px\" alt=\"\">\r\n                            <\/a>\r\n                            <figcaption class = \"td-slide-caption td-gallery-slide-content\"><div class = \"td-gallery-slide-copywrite\">LOS \nINVITADOS ATENTOS A LA \nPRESENTACI\u00d3N DE LA \nPLATAFORMA.<\/div><span>LOS \nINVITADOS ATENTOS A LA \nPRESENTACI\u00d3N DE LA \nPLATAFORMA.<\/span><\/figcaption>\r\n                        <\/figure>\r\n                    <\/div>\r\n                    <div class = \"td-slide-item td-item3\">\r\n                        <figure class=\"td-slide-galery-figure td-slide-popup-gallery\">\r\n                            <a class=\"slide-gallery-image-link\" href=\"https:\/\/www.eldiario.net\/portal\/wp-content\/uploads\/2026\/06\/Belos-3.webp\" title=\"Belos-3\"  data-caption=\"SAMANTA FIORENTIN JUNTO AL EXPERTO EN \nCRIPTOMONEDAS.\"  data-description=\"SAMANTA FIORENTIN JUNTO AL EXPERTO EN \nCRIPTOMONEDAS.\">\r\n                                <img decoding=\"async\" src=\"https:\/\/www.eldiario.net\/portal\/wp-content\/uploads\/2026\/06\/Belos-3-280x420.webp\" srcset=\"https:\/\/www.eldiario.net\/portal\/wp-content\/uploads\/2026\/06\/Belos-3-280x420.webp 280w, https:\/\/www.eldiario.net\/portal\/wp-content\/uploads\/2026\/06\/Belos-3-200x300.webp 200w, https:\/\/www.eldiario.net\/portal\/wp-content\/uploads\/2026\/06\/Belos-3-682x1024.webp 682w, https:\/\/www.eldiario.net\/portal\/wp-content\/uploads\/2026\/06\/Belos-3-768x1153.webp 768w, https:\/\/www.eldiario.net\/portal\/wp-content\/uploads\/2026\/06\/Belos-3-1023x1536.webp 1023w, https:\/\/www.eldiario.net\/portal\/wp-content\/uploads\/2026\/06\/Belos-3-150x225.webp 150w, https:\/\/www.eldiario.net\/portal\/wp-content\/uploads\/2026\/06\/Belos-3-300x450.webp 300w, https:\/\/www.eldiario.net\/portal\/wp-content\/uploads\/2026\/06\/Belos-3-696x1045.webp 696w, https:\/\/www.eldiario.net\/portal\/wp-content\/uploads\/2026\/06\/Belos-3.webp 1066w\" sizes=\"(max-width: 280px) 100vw, 280px\" alt=\"\">\r\n                            <\/a>\r\n                            <figcaption class = \"td-slide-caption td-gallery-slide-content\"><div class = \"td-gallery-slide-copywrite\">SAMANTA FIORENTIN JUNTO AL EXPERTO EN \nCRIPTOMONEDAS.<\/div><span>SAMANTA FIORENTIN JUNTO AL EXPERTO EN \nCRIPTOMONEDAS.<\/span><\/figcaption>\r\n                        <\/figure>\r\n                    <\/div>\r\n                            <\/div>\r\n                        <\/div>\r\n\r\n                        <div class = \"td-doubleSlider-2\">\r\n                            <div class = \"td-slider\">\r\n                                \r\n                    <div class = \"td-button td-item1\">\r\n                        <div class = \"td-border\"><\/div>\r\n                    <\/div>\r\n                    <div class = \"td-button td-item2\">\r\n                        <div class = \"td-border\"><\/div>\r\n                    <\/div>\r\n                    <div class = \"td-button td-item3\">\r\n                        <div class = \"td-border\"><\/div>\r\n                    <\/div>\r\n                            <\/div>\r\n                        <\/div>\r\n\r\n                    <\/div>\r\n\r\n                <\/div>\r\n                \n","protected":false},"excerpt":{"rendered":"<p>Con un exclusivo lanzamiento en Santa Cruz de la Sierra, la reconocida plataforma de criptoactivos belo inici\u00f3 oficialmente sus operaciones en Bolivia. Tras consolidarse durante tres a\u00f1os en Argentina y Brasil, la compa\u00f1\u00eda llega al mercado nacional con una propuesta financiera \u00e1gil, moderna y dise\u00f1ada para reducir la burocracia, las demoras y los altos costos [&hellip;]<\/p>\n","protected":false},"author":1,"featured_media":403393,"comment_status":"closed","ping_status":"open","sticky":false,"template":"","format":"standard","meta":{"_acf_changed":false,"footnotes":""},"categories":[40],"tags":[],"class_list":["post-403392","post","type-post","status-publish","format-standard","has-post-thumbnail","category-sociales"],"acf":{"antetitulo":""},"yoast_head":"<!-- This site is optimized with the Yoast SEO plugin v28.4 - https:\/\/yoast.com\/product\/yoast-seo-wordpress\/ -->\n<title>belo revoluciona las finanzas de los freelancers - El Diario - Bolivia<\/title>\n<meta name=\"robots\" content=\"index, follow, max-snippet:-1, max-image-preview:large, max-video-preview:-1\" \/>\n<link rel=\"canonical\" href=\"https:\/\/www.eldiario.net\/portal\/2026\/06\/13\/belo-revoluciona-las-finanzas-de-los-freelancers\/\" \/>\n<meta property=\"og:locale\" content=\"es_ES\" \/>\n<meta property=\"og:type\" content=\"article\" \/>\n<meta property=\"og:title\" content=\"belo revoluciona las finanzas de los freelancers - El Diario - Bolivia\" \/>\n<meta property=\"og:description\" content=\"Con un exclusivo lanzamiento en Santa Cruz de la Sierra, la reconocida plataforma de criptoactivos belo inici\u00f3 oficialmente sus operaciones en Bolivia. Tras consolidarse durante tres a\u00f1os en Argentina y Brasil, la compa\u00f1\u00eda llega al mercado nacional con una propuesta financiera \u00e1gil, moderna y dise\u00f1ada para reducir la burocracia, las demoras y los altos costos [&hellip;]\" \/>\n<meta property=\"og:url\" content=\"https:\/\/www.eldiario.net\/portal\/2026\/06\/13\/belo-revoluciona-las-finanzas-de-los-freelancers\/\" \/>\n<meta property=\"og:site_name\" content=\"El Diario - Bolivia\" \/>\n<meta property=\"article:publisher\" content=\"https:\/\/www.facebook.com\/eldiario.bolivia\/\" \/>\n<meta property=\"article:published_time\" content=\"2026-06-13T12:08:09+00:00\" \/>\n<meta property=\"og:image\" content=\"https:\/\/www.eldiario.net\/portal\/wp-content\/uploads\/2026\/06\/Belo-1.webp\" \/>\n\t<meta property=\"og:image:width\" content=\"1200\" \/>\n\t<meta property=\"og:image:height\" content=\"800\" \/>\n\t<meta property=\"og:image:type\" content=\"image\/webp\" \/>\n<meta name=\"author\" content=\"Jeanette\" \/>\n<meta name=\"twitter:card\" content=\"summary_large_image\" \/>\n<meta name=\"twitter:creator\" content=\"@eldiario_net\" \/>\n<meta name=\"twitter:site\" content=\"@eldiario_net\" \/>\n<meta name=\"twitter:label1\" content=\"Escrito por\" \/>\n\t<meta name=\"twitter:data1\" content=\"Jeanette\" \/>\n\t<meta name=\"twitter:label2\" content=\"Tiempo de lectura\" \/>\n\t<meta name=\"twitter:data2\" content=\"2 minutos\" \/>\n<script type=\"application\/ld+json\" class=\"yoast-schema-graph\">{\"@context\":\"https:\\\/\\\/schema.org\",\"@graph\":[{\"@type\":\"Article\",\"@id\":\"https:\\\/\\\/www.eldiario.net\\\/portal\\\/2026\\\/06\\\/13\\\/belo-revoluciona-las-finanzas-de-los-freelancers\\\/#article\",\"isPartOf\":{\"@id\":\"https:\\\/\\\/www.eldiario.net\\\/portal\\\/2026\\\/06\\\/13\\\/belo-revoluciona-las-finanzas-de-los-freelancers\\\/\"},\"author\":{\"name\":\"Jeanette\",\"@id\":\"https:\\\/\\\/www.eldiario.net\\\/portal\\\/#\\\/schema\\\/person\\\/f46445640444750d7d753ccd04ae01b7\"},\"headline\":\"belo revoluciona las finanzas de los freelancers\",\"datePublished\":\"2026-06-13T12:08:09+00:00\",\"mainEntityOfPage\":{\"@id\":\"https:\\\/\\\/www.eldiario.net\\\/portal\\\/2026\\\/06\\\/13\\\/belo-revoluciona-las-finanzas-de-los-freelancers\\\/\"},\"wordCount\":243,\"publisher\":{\"@id\":\"https:\\\/\\\/www.eldiario.net\\\/portal\\\/#organization\"},\"image\":{\"@id\":\"https:\\\/\\\/www.eldiario.net\\\/portal\\\/2026\\\/06\\\/13\\\/belo-revoluciona-las-finanzas-de-los-freelancers\\\/#primaryimage\"},\"thumbnailUrl\":\"https:\\\/\\\/www.eldiario.net\\\/portal\\\/wp-content\\\/uploads\\\/2026\\\/06\\\/Belo-1.webp\",\"articleSection\":[\"Sociales\"],\"inLanguage\":\"es\"},{\"@type\":\"WebPage\",\"@id\":\"https:\\\/\\\/www.eldiario.net\\\/portal\\\/2026\\\/06\\\/13\\\/belo-revoluciona-las-finanzas-de-los-freelancers\\\/\",\"url\":\"https:\\\/\\\/www.eldiario.net\\\/portal\\\/2026\\\/06\\\/13\\\/belo-revoluciona-las-finanzas-de-los-freelancers\\\/\",\"name\":\"belo revoluciona las finanzas de los freelancers - El Diario - Bolivia\",\"isPartOf\":{\"@id\":\"https:\\\/\\\/www.eldiario.net\\\/portal\\\/#website\"},\"primaryImageOfPage\":{\"@id\":\"https:\\\/\\\/www.eldiario.net\\\/portal\\\/2026\\\/06\\\/13\\\/belo-revoluciona-las-finanzas-de-los-freelancers\\\/#primaryimage\"},\"image\":{\"@id\":\"https:\\\/\\\/www.eldiario.net\\\/portal\\\/2026\\\/06\\\/13\\\/belo-revoluciona-las-finanzas-de-los-freelancers\\\/#primaryimage\"},\"thumbnailUrl\":\"https:\\\/\\\/www.eldiario.net\\\/portal\\\/wp-content\\\/uploads\\\/2026\\\/06\\\/Belo-1.webp\",\"datePublished\":\"2026-06-13T12:08:09+00:00\",\"breadcrumb\":{\"@id\":\"https:\\\/\\\/www.eldiario.net\\\/portal\\\/2026\\\/06\\\/13\\\/belo-revoluciona-las-finanzas-de-los-freelancers\\\/#breadcrumb\"},\"inLanguage\":\"es\",\"potentialAction\":[{\"@type\":\"ReadAction\",\"target\":[\"https:\\\/\\\/www.eldiario.net\\\/portal\\\/2026\\\/06\\\/13\\\/belo-revoluciona-las-finanzas-de-los-freelancers\\\/\"]}]},{\"@type\":\"ImageObject\",\"inLanguage\":\"es\",\"@id\":\"https:\\\/\\\/www.eldiario.net\\\/portal\\\/2026\\\/06\\\/13\\\/belo-revoluciona-las-finanzas-de-los-freelancers\\\/#primaryimage\",\"url\":\"https:\\\/\\\/www.eldiario.net\\\/portal\\\/wp-content\\\/uploads\\\/2026\\\/06\\\/Belo-1.webp\",\"contentUrl\":\"https:\\\/\\\/www.eldiario.net\\\/portal\\\/wp-content\\\/uploads\\\/2026\\\/06\\\/Belo-1.webp\",\"width\":1200,\"height\":800},{\"@type\":\"BreadcrumbList\",\"@id\":\"https:\\\/\\\/www.eldiario.net\\\/portal\\\/2026\\\/06\\\/13\\\/belo-revoluciona-las-finanzas-de-los-freelancers\\\/#breadcrumb\",\"itemListElement\":[{\"@type\":\"ListItem\",\"position\":1,\"name\":\"Portada\",\"item\":\"https:\\\/\\\/www.eldiario.net\\\/portal\\\/\"},{\"@type\":\"ListItem\",\"position\":2,\"name\":\"belo revoluciona las finanzas de los freelancers\"}]},{\"@type\":\"WebSite\",\"@id\":\"https:\\\/\\\/www.eldiario.net\\\/portal\\\/#website\",\"url\":\"https:\\\/\\\/www.eldiario.net\\\/portal\\\/\",\"name\":\"El Diario - Decano de la prensa nacional\",\"description\":\"El Diario - Decano de la prensa nacional\",\"publisher\":{\"@id\":\"https:\\\/\\\/www.eldiario.net\\\/portal\\\/#organization\"},\"potentialAction\":[{\"@type\":\"SearchAction\",\"target\":{\"@type\":\"EntryPoint\",\"urlTemplate\":\"https:\\\/\\\/www.eldiario.net\\\/portal\\\/?s={search_term_string}\"},\"query-input\":{\"@type\":\"PropertyValueSpecification\",\"valueRequired\":true,\"valueName\":\"search_term_string\"}}],\"inLanguage\":\"es\"},{\"@type\":\"Organization\",\"@id\":\"https:\\\/\\\/www.eldiario.net\\\/portal\\\/#organization\",\"name\":\"El Diario - Decano de la prensa nacional\",\"url\":\"https:\\\/\\\/www.eldiario.net\\\/portal\\\/\",\"logo\":{\"@type\":\"ImageObject\",\"inLanguage\":\"es\",\"@id\":\"https:\\\/\\\/www.eldiario.net\\\/portal\\\/#\\\/schema\\\/logo\\\/image\\\/\",\"url\":\"https:\\\/\\\/www.eldiario.net\\\/portal\\\/wp-content\\\/uploads\\\/2023\\\/07\\\/logo_ED.jpg\",\"contentUrl\":\"https:\\\/\\\/www.eldiario.net\\\/portal\\\/wp-content\\\/uploads\\\/2023\\\/07\\\/logo_ED.jpg\",\"width\":272,\"height\":52,\"caption\":\"El Diario - Decano de la prensa nacional\"},\"image\":{\"@id\":\"https:\\\/\\\/www.eldiario.net\\\/portal\\\/#\\\/schema\\\/logo\\\/image\\\/\"},\"sameAs\":[\"https:\\\/\\\/www.facebook.com\\\/eldiario.bolivia\\\/\",\"https:\\\/\\\/x.com\\\/eldiario_net\"]},{\"@type\":\"Person\",\"@id\":\"https:\\\/\\\/www.eldiario.net\\\/portal\\\/#\\\/schema\\\/person\\\/f46445640444750d7d753ccd04ae01b7\",\"name\":\"Jeanette\",\"image\":{\"@type\":\"ImageObject\",\"inLanguage\":\"es\",\"@id\":\"https:\\\/\\\/secure.gravatar.com\\\/avatar\\\/3ea2118a5f7dad2b7138b1187a6b7ee55f160b9968b66013c3a3ef39dd7e5798?s=96&d=mm&r=g\",\"url\":\"https:\\\/\\\/secure.gravatar.com\\\/avatar\\\/3ea2118a5f7dad2b7138b1187a6b7ee55f160b9968b66013c3a3ef39dd7e5798?s=96&d=mm&r=g\",\"contentUrl\":\"https:\\\/\\\/secure.gravatar.com\\\/avatar\\\/3ea2118a5f7dad2b7138b1187a6b7ee55f160b9968b66013c3a3ef39dd7e5798?s=96&d=mm&r=g\",\"caption\":\"Jeanette\"},\"sameAs\":[\"https:\\\/\\\/www.eldiario.net\\\/portal\"],\"url\":\"https:\\\/\\\/www.eldiario.net\\\/portal\\\/author\\\/jeanette\\\/\"}]}<\/script>\n<!-- \/ Yoast SEO plugin. -->","yoast_head_json":{"title":"belo revoluciona las finanzas de los freelancers - El Diario - Bolivia","robots":{"index":"index","follow":"follow","max-snippet":"max-snippet:-1","max-image-preview":"max-image-preview:large","max-video-preview":"max-video-preview:-1"},"canonical":"https:\/\/www.eldiario.net\/portal\/2026\/06\/13\/belo-revoluciona-las-finanzas-de-los-freelancers\/","og_locale":"es_ES","og_type":"article","og_title":"belo revoluciona las finanzas de los freelancers - El Diario - Bolivia","og_description":"Con un exclusivo lanzamiento en Santa Cruz de la Sierra, la reconocida plataforma de criptoactivos belo inici\u00f3 oficialmente sus operaciones en Bolivia. Tras consolidarse durante tres a\u00f1os en Argentina y Brasil, la compa\u00f1\u00eda llega al mercado nacional con una propuesta financiera \u00e1gil, moderna y dise\u00f1ada para reducir la burocracia, las demoras y los altos costos [&hellip;]","og_url":"https:\/\/www.eldiario.net\/portal\/2026\/06\/13\/belo-revoluciona-las-finanzas-de-los-freelancers\/","og_site_name":"El Diario - Bolivia","article_publisher":"https:\/\/www.facebook.com\/eldiario.bolivia\/","article_published_time":"2026-06-13T12:08:09+00:00","og_image":[{"width":1200,"height":800,"url":"https:\/\/www.eldiario.net\/portal\/wp-content\/uploads\/2026\/06\/Belo-1.webp","type":"image\/webp"}],"author":"Jeanette","twitter_card":"summary_large_image","twitter_creator":"@eldiario_net","twitter_site":"@eldiario_net","twitter_misc":{"Escrito por":"Jeanette","Tiempo de lectura":"2 minutos"},"schema":{"@context":"https:\/\/schema.org","@graph":[{"@type":"Article","@id":"https:\/\/www.eldiario.net\/portal\/2026\/06\/13\/belo-revoluciona-las-finanzas-de-los-freelancers\/#article","isPartOf":{"@id":"https:\/\/www.eldiario.net\/portal\/2026\/06\/13\/belo-revoluciona-las-finanzas-de-los-freelancers\/"},"author":{"name":"Jeanette","@id":"https:\/\/www.eldiario.net\/portal\/#\/schema\/person\/f46445640444750d7d753ccd04ae01b7"},"headline":"belo revoluciona las finanzas de los freelancers","datePublished":"2026-06-13T12:08:09+00:00","mainEntityOfPage":{"@id":"https:\/\/www.eldiario.net\/portal\/2026\/06\/13\/belo-revoluciona-las-finanzas-de-los-freelancers\/"},"wordCount":243,"publisher":{"@id":"https:\/\/www.eldiario.net\/portal\/#organization"},"image":{"@id":"https:\/\/www.eldiario.net\/portal\/2026\/06\/13\/belo-revoluciona-las-finanzas-de-los-freelancers\/#primaryimage"},"thumbnailUrl":"https:\/\/www.eldiario.net\/portal\/wp-content\/uploads\/2026\/06\/Belo-1.webp","articleSection":["Sociales"],"inLanguage":"es"},{"@type":"WebPage","@id":"https:\/\/www.eldiario.net\/portal\/2026\/06\/13\/belo-revoluciona-las-finanzas-de-los-freelancers\/","url":"https:\/\/www.eldiario.net\/portal\/2026\/06\/13\/belo-revoluciona-las-finanzas-de-los-freelancers\/","name":"belo revoluciona las finanzas de los freelancers - El Diario - Bolivia","isPartOf":{"@id":"https:\/\/www.eldiario.net\/portal\/#website"},"primaryImageOfPage":{"@id":"https:\/\/www.eldiario.net\/portal\/2026\/06\/13\/belo-revoluciona-las-finanzas-de-los-freelancers\/#primaryimage"},"image":{"@id":"https:\/\/www.eldiario.net\/portal\/2026\/06\/13\/belo-revoluciona-las-finanzas-de-los-freelancers\/#primaryimage"},"thumbnailUrl":"https:\/\/www.eldiario.net\/portal\/wp-content\/uploads\/2026\/06\/Belo-1.webp","datePublished":"2026-06-13T12:08:09+00:00","breadcrumb":{"@id":"https:\/\/www.eldiario.net\/portal\/2026\/06\/13\/belo-revoluciona-las-finanzas-de-los-freelancers\/#breadcrumb"},"inLanguage":"es","potentialAction":[{"@type":"ReadAction","target":["https:\/\/www.eldiario.net\/portal\/2026\/06\/13\/belo-revoluciona-las-finanzas-de-los-freelancers\/"]}]},{"@type":"ImageObject","inLanguage":"es","@id":"https:\/\/www.eldiario.net\/portal\/2026\/06\/13\/belo-revoluciona-las-finanzas-de-los-freelancers\/#primaryimage","url":"https:\/\/www.eldiario.net\/portal\/wp-content\/uploads\/2026\/06\/Belo-1.webp","contentUrl":"https:\/\/www.eldiario.net\/portal\/wp-content\/uploads\/2026\/06\/Belo-1.webp","width":1200,"height":800},{"@type":"BreadcrumbList","@id":"https:\/\/www.eldiario.net\/portal\/2026\/06\/13\/belo-revoluciona-las-finanzas-de-los-freelancers\/#breadcrumb","itemListElement":[{"@type":"ListItem","position":1,"name":"Portada","item":"https:\/\/www.eldiario.net\/portal\/"},{"@type":"ListItem","position":2,"name":"belo revoluciona las finanzas de los freelancers"}]},{"@type":"WebSite","@id":"https:\/\/www.eldiario.net\/portal\/#website","url":"https:\/\/www.eldiario.net\/portal\/","name":"El Diario - Decano de la prensa nacional","description":"El Diario - Decano de la prensa nacional","publisher":{"@id":"https:\/\/www.eldiario.net\/portal\/#organization"},"potentialAction":[{"@type":"SearchAction","target":{"@type":"EntryPoint","urlTemplate":"https:\/\/www.eldiario.net\/portal\/?s={search_term_string}"},"query-input":{"@type":"PropertyValueSpecification","valueRequired":true,"valueName":"search_term_string"}}],"inLanguage":"es"},{"@type":"Organization","@id":"https:\/\/www.eldiario.net\/portal\/#organization","name":"El Diario - Decano de la prensa nacional","url":"https:\/\/www.eldiario.net\/portal\/","logo":{"@type":"ImageObject","inLanguage":"es","@id":"https:\/\/www.eldiario.net\/portal\/#\/schema\/logo\/image\/","url":"https:\/\/www.eldiario.net\/portal\/wp-content\/uploads\/2023\/07\/logo_ED.jpg","contentUrl":"https:\/\/www.eldiario.net\/portal\/wp-content\/uploads\/2023\/07\/logo_ED.jpg","width":272,"height":52,"caption":"El Diario - Decano de la prensa nacional"},"image":{"@id":"https:\/\/www.eldiario.net\/portal\/#\/schema\/logo\/image\/"},"sameAs":["https:\/\/www.facebook.com\/eldiario.bolivia\/","https:\/\/x.com\/eldiario_net"]},{"@type":"Person","@id":"https:\/\/www.eldiario.net\/portal\/#\/schema\/person\/f46445640444750d7d753ccd04ae01b7","name":"Jeanette","image":{"@type":"ImageObject","inLanguage":"es","@id":"https:\/\/secure.gravatar.com\/avatar\/3ea2118a5f7dad2b7138b1187a6b7ee55f160b9968b66013c3a3ef39dd7e5798?s=96&d=mm&r=g","url":"https:\/\/secure.gravatar.com\/avatar\/3ea2118a5f7dad2b7138b1187a6b7ee55f160b9968b66013c3a3ef39dd7e5798?s=96&d=mm&r=g","contentUrl":"https:\/\/secure.gravatar.com\/avatar\/3ea2118a5f7dad2b7138b1187a6b7ee55f160b9968b66013c3a3ef39dd7e5798?s=96&d=mm&r=g","caption":"Jeanette"},"sameAs":["https:\/\/www.eldiario.net\/portal"],"url":"https:\/\/www.eldiario.net\/portal\/author\/jeanette\/"}]}},"_links":{"self":[{"href":"https:\/\/www.eldiario.net\/portal\/wp-json\/wp\/v2\/posts\/403392","targetHints":{"allow":["GET"]}}],"collection":[{"href":"https:\/\/www.eldiario.net\/portal\/wp-json\/wp\/v2\/posts"}],"about":[{"href":"https:\/\/www.eldiario.net\/portal\/wp-json\/wp\/v2\/types\/post"}],"author":[{"embeddable":true,"href":"https:\/\/www.eldiario.net\/portal\/wp-json\/wp\/v2\/users\/1"}],"replies":[{"embeddable":true,"href":"https:\/\/www.eldiario.net\/portal\/wp-json\/wp\/v2\/comments?post=403392"}],"version-history":[{"count":1,"href":"https:\/\/www.eldiario.net\/portal\/wp-json\/wp\/v2\/posts\/403392\/revisions"}],"predecessor-version":[{"id":403396,"href":"https:\/\/www.eldiario.net\/portal\/wp-json\/wp\/v2\/posts\/403392\/revisions\/403396"}],"wp:featuredmedia":[{"embeddable":true,"href":"https:\/\/www.eldiario.net\/portal\/wp-json\/wp\/v2\/media\/403393"}],"wp:attachment":[{"href":"https:\/\/www.eldiario.net\/portal\/wp-json\/wp\/v2\/media?parent=403392"}],"wp:term":[{"taxonomy":"category","embeddable":true,"href":"https:\/\/www.eldiario.net\/portal\/wp-json\/wp\/v2\/categories?post=403392"},{"taxonomy":"post_tag","embeddable":true,"href":"https:\/\/www.eldiario.net\/portal\/wp-json\/wp\/v2\/tags?post=403392"}],"curies":[{"name":"wp","href":"https:\/\/api.w.org\/{rel}","templated":true}]}}