{"id":403387,"date":"2026-06-13T07:59:05","date_gmt":"2026-06-13T11:59:05","guid":{"rendered":"https:\/\/www.eldiario.net\/portal\/?p=403387"},"modified":"2026-06-13T08:00:44","modified_gmt":"2026-06-13T12:00:44","slug":"don-quixote-regresa-a-escena-tras-una-decada-de-su-ultima-presentacion","status":"publish","type":"post","link":"https:\/\/www.eldiario.net\/portal\/2026\/06\/13\/don-quixote-regresa-a-escena-tras-una-decada-de-su-ultima-presentacion\/","title":{"rendered":"\u00abDon Quixote\u00bb regresa a escena tras una d\u00e9cada de su \u00faltima presentaci\u00f3n"},"content":{"rendered":"<p>Por Susana Guti\u00e9rrez<\/p>\n<p>La magia, el virtuosismo y la fuerza narrativa del ballet cl\u00e1sico volver\u00e1n a tomar el escenario pace\u00f1o con Don Quixote, una de las obras m\u00e1s celebradas del repertorio universal. Esta producci\u00f3n ser\u00e1 presentada por La Compa\u00f1\u00eda en dos \u00fanicas funciones los d\u00edas 18 y 19 de junio en el Teatro Municipal Alberto Saavedra P\u00e9rez. El proyecto cuenta con el respaldo institucional del Banco de Cr\u00e9dito BCP, en el marco de sus acciones para impulsar el acceso a la cultura y las artes.<\/p>\n<p>La direcci\u00f3n general del montaje est\u00e1 bajo la responsabilidad de Carolina Mercado, mientras que la reposici\u00f3n y la puesta en escena han sido estructuradas por Norma Quintana. Un elenco de m\u00e1s de 25 artistas asumir\u00e1 el reto t\u00e9cnico y conceptual de esta obra, la cual combina t\u00e9cnica, humor, romance y una gran riqueza visual. Don Quixote se mantiene como una de las piezas m\u00e1s exigentes del circuito internacional, admirada por su energ\u00eda en las interpretaciones solistas y la precisi\u00f3n de sus escenas colectivas.<\/p>\n<p><strong>Contexto hist\u00f3rico y estructura t\u00e9cnica de la obra<\/strong><\/p>\n<p>Estrenada originalmente en 1869 en el Teatro Bolsh\u00f3i de Mosc\u00fa, con coreograf\u00eda del maestro franc\u00e9s Marius Petipa y m\u00fasica del compositor austriaco Ludwig Minkus, esta pieza es un referente de la evoluci\u00f3n de la danza acad\u00e9mica del siglo XIX. La partitura de Minkus y el dise\u00f1o coreogr\u00e1fico original introdujeron elementos del folclore espa\u00f1ol adaptados a la rigurosa t\u00e9cnica de la escuela cl\u00e1sica, destacando por el uso din\u00e1mico del espacio, giros de alta velocidad y saltos de gran elevaci\u00f3n.<\/p>\n<p>Inspirada en el episodio \u00abLas bodas de Camacho\u00bb de la novela de Miguel de Cervantes, la producci\u00f3n sigue la historia de amor de Kitri y Basilio en una colorida Espa\u00f1a recreada por la tradici\u00f3n del ballet cl\u00e1sico. En paralelo, Don Quijote y su fiel escudero Sancho Panza atraviesan m\u00faltiples aventuras que aportan fantas\u00eda y profundidad a la trama, articulando la comedia costumbrista con la t\u00e9cnica pura de la danza esc\u00e9nica. Esta dualidad exige de los bailarines no solo un control f\u00edsico absoluto, sino tambi\u00e9n una notable capacidad histri\u00f3nica para transmitir el humor y la picard\u00eda de los personajes sin perder la l\u00ednea acad\u00e9mica.<\/p>\n<p><strong>Trayectoria de La Compa\u00f1\u00eda y la evoluci\u00f3n del montaje<\/strong><\/p>\n<p>La Compa\u00f1\u00eda, fundada por Norma Quintana hace 12 a\u00f1os, retoma esta producci\u00f3n despu\u00e9s de una d\u00e9cada de su primera presentaci\u00f3n en La Paz. Este retorno supone un indicador del crecimiento institucional y t\u00e9cnico del elenco. En esta nueva versi\u00f3n, la propuesta explora la transformaci\u00f3n del c\u00e9lebre personaje cervantino al lenguaje de la danza, sin dejar de resaltar los valores que lo consolidan como un s\u00edmbolo universal: la perseverancia, la imaginaci\u00f3n y la lucha incansable por sus ideales.<\/p>\n<p>El reestreno implica una actualizaci\u00f3n en los criterios de montaje, el dise\u00f1o de iluminaci\u00f3n y la adaptaci\u00f3n del vestuario a las exigencias contempor\u00e1neas. Las funciones demandan del cuerpo de baile una coordinaci\u00f3n exacta, particularmente en escenas complejas como el \u00abActo del Sue\u00f1o\u00bb. Este pasaje ic\u00f3nico, que introduce el concepto del ballet blanco dentro de una comedia, requiere un estricto control t\u00e9cnico y estil\u00edstico por parte de las bailarinas, quienes deben ejecutar variaciones un\u00edsonas que contrastan con el car\u00e1cter en\u00e9rgico de los actos ambientados en la plaza de Barcelona.<\/p>\n<p><strong>Gesti\u00f3n institucional y acceso a las industrias culturales<\/strong><\/p>\n<p>La viabilidad de producciones art\u00edsticas de gran formato en el circuito local depende de las alianzas estrat\u00e9gicas entre el sector danc\u00edstico y la empresa privada. La puesta en escena cuenta con el respaldo del Banco de Cr\u00e9dito BCP, entidad que reafirma su compromiso con el desarrollo cultural del pa\u00eds mediante el apoyo a iniciativas que promueven el acceso al arte y el fortalecimiento de las expresiones art\u00edsticas locales. Este modelo de patrocinio resulta fundamental para la sostenibilidad de las artes esc\u00e9nicas en el pa\u00eds, permitiendo democratizar la oferta cultural con propuestas que cumplen con est\u00e1ndares internacionales.<\/p>\n<p>Para el ingreso del p\u00fablico, la venta de entradas est\u00e1 habilitada de manera centralizada a trav\u00e9s de la plataforma digital Ticketsline. Esto facilita el proceso de reserva y adquisici\u00f3n de localidades para el Teatro Municipal Alberto Saavedra P\u00e9rez, el espacio cultural m\u00e1s antiguo de la ciudad y el escenario id\u00f3neo por sus condiciones ac\u00fasticas y dimensiones para recibir una puesta en escena de esta envergadura. Las funciones se perfilan como una de las propuestas principales dentro de la agenda de danza de la gesti\u00f3n 2026 en la Sede de Gobierno.<\/p>\n\r\n                <style type=\"text\/css\">\r\n                    \r\n                    #tdi_1  .td-doubleSlider-2 .td-item1 {\r\n                        background: url(https:\/\/www.eldiario.net\/portal\/wp-content\/uploads\/2026\/06\/FOTO-3-4-80x60.webp) 0 0 no-repeat;\r\n                    }\r\n                    #tdi_1  .td-doubleSlider-2 .td-item2 {\r\n                        background: url(https:\/\/www.eldiario.net\/portal\/wp-content\/uploads\/2026\/06\/FOTO-1-5-80x60.webp) 0 0 no-repeat;\r\n                    }\r\n                    #tdi_1  .td-doubleSlider-2 .td-item3 {\r\n                        background: url(https:\/\/www.eldiario.net\/portal\/wp-content\/uploads\/2026\/06\/FOTO-2-5-80x60.webp) 0 0 no-repeat;\r\n                    }\r\n                <\/style>\r\n\r\n                <div id=\"tdi_1\" class=\"td-gallery td-slide-on-2-columns\">\r\n                    <div class=\"post_td_gallery\">\r\n                        <div class=\"td-gallery-slide-top\">\r\n                           <div class=\"td-gallery-title\"><\/div>\r\n\r\n                            <div class=\"td-gallery-controls-wrapper\">\r\n                                <div class=\"td-gallery-slide-count\"><span class=\"td-gallery-slide-item-focus\">1<\/span> de 3<\/div>\r\n                                <div class=\"td-gallery-slide-prev-next-but\">\r\n                                    <i class = \"td-icon-left doubleSliderPrevButton\"><\/i>\r\n                                    <i class = \"td-icon-right doubleSliderNextButton\"><\/i>\r\n                                <\/div>\r\n                            <\/div>\r\n                        <\/div>\r\n\r\n                        <div class = \"td-doubleSlider-1 \">\r\n                            <div class = \"td-slider\">\r\n                                \r\n                    <div class = \"td-slide-item td-item1\">\r\n                        <figure class=\"td-slide-galery-figure td-slide-popup-gallery\">\r\n                            <a class=\"slide-gallery-image-link\" href=\"https:\/\/www.eldiario.net\/portal\/wp-content\/uploads\/2026\/06\/FOTO-3-4.webp\" title=\"FOTO-3\"  data-caption=\"\"  data-description=\"\">\r\n                                <img decoding=\"async\" src=\"https:\/\/www.eldiario.net\/portal\/wp-content\/uploads\/2026\/06\/FOTO-3-4-631x420.webp\" srcset=\"https:\/\/www.eldiario.net\/portal\/wp-content\/uploads\/2026\/06\/FOTO-3-4-631x420.webp 631w, https:\/\/www.eldiario.net\/portal\/wp-content\/uploads\/2026\/06\/FOTO-3-4-300x200.webp 300w, https:\/\/www.eldiario.net\/portal\/wp-content\/uploads\/2026\/06\/FOTO-3-4-768x511.webp 768w, https:\/\/www.eldiario.net\/portal\/wp-content\/uploads\/2026\/06\/FOTO-3-4-150x100.webp 150w, https:\/\/www.eldiario.net\/portal\/wp-content\/uploads\/2026\/06\/FOTO-3-4-696x463.webp 696w, https:\/\/www.eldiario.net\/portal\/wp-content\/uploads\/2026\/06\/FOTO-3-4.webp 1014w\" sizes=\"(max-width: 631px) 100vw, 631px\" alt=\"\">\r\n                            <\/a>\r\n                            \r\n                        <\/figure>\r\n                    <\/div>\r\n                    <div class = \"td-slide-item td-item2\">\r\n                        <figure class=\"td-slide-galery-figure td-slide-popup-gallery\">\r\n                            <a class=\"slide-gallery-image-link\" href=\"https:\/\/www.eldiario.net\/portal\/wp-content\/uploads\/2026\/06\/FOTO-1-5.webp\" title=\"FOTO-1\"  data-caption=\"\"  data-description=\"\">\r\n                                <img decoding=\"async\" src=\"https:\/\/www.eldiario.net\/portal\/wp-content\/uploads\/2026\/06\/FOTO-1-5-629x420.webp\" srcset=\"https:\/\/www.eldiario.net\/portal\/wp-content\/uploads\/2026\/06\/FOTO-1-5-629x420.webp 629w, https:\/\/www.eldiario.net\/portal\/wp-content\/uploads\/2026\/06\/FOTO-1-5-300x200.webp 300w, https:\/\/www.eldiario.net\/portal\/wp-content\/uploads\/2026\/06\/FOTO-1-5-768x513.webp 768w, https:\/\/www.eldiario.net\/portal\/wp-content\/uploads\/2026\/06\/FOTO-1-5-150x100.webp 150w, https:\/\/www.eldiario.net\/portal\/wp-content\/uploads\/2026\/06\/FOTO-1-5-696x465.webp 696w, https:\/\/www.eldiario.net\/portal\/wp-content\/uploads\/2026\/06\/FOTO-1-5.webp 1014w\" sizes=\"(max-width: 629px) 100vw, 629px\" alt=\"\">\r\n                            <\/a>\r\n                            \r\n                        <\/figure>\r\n                    <\/div>\r\n                    <div class = \"td-slide-item td-item3\">\r\n                        <figure class=\"td-slide-galery-figure td-slide-popup-gallery\">\r\n                            <a class=\"slide-gallery-image-link\" href=\"https:\/\/www.eldiario.net\/portal\/wp-content\/uploads\/2026\/06\/FOTO-2-5.webp\" title=\"FOTO-2\"  data-caption=\"\"  data-description=\"\">\r\n                                <img decoding=\"async\" src=\"https:\/\/www.eldiario.net\/portal\/wp-content\/uploads\/2026\/06\/FOTO-2-5-635x420.webp\" srcset=\"https:\/\/www.eldiario.net\/portal\/wp-content\/uploads\/2026\/06\/FOTO-2-5-635x420.webp 635w, https:\/\/www.eldiario.net\/portal\/wp-content\/uploads\/2026\/06\/FOTO-2-5-300x198.webp 300w, https:\/\/www.eldiario.net\/portal\/wp-content\/uploads\/2026\/06\/FOTO-2-5-768x508.webp 768w, https:\/\/www.eldiario.net\/portal\/wp-content\/uploads\/2026\/06\/FOTO-2-5-150x99.webp 150w, https:\/\/www.eldiario.net\/portal\/wp-content\/uploads\/2026\/06\/FOTO-2-5-696x460.webp 696w, https:\/\/www.eldiario.net\/portal\/wp-content\/uploads\/2026\/06\/FOTO-2-5.webp 1021w\" sizes=\"(max-width: 635px) 100vw, 635px\" alt=\"\">\r\n                            <\/a>\r\n                            \r\n                        <\/figure>\r\n                    <\/div>\r\n                            <\/div>\r\n                        <\/div>\r\n\r\n                        <div class = \"td-doubleSlider-2\">\r\n                            <div class = \"td-slider\">\r\n                                \r\n                    <div class = \"td-button td-item1\">\r\n                        <div class = \"td-border\"><\/div>\r\n                    <\/div>\r\n                    <div class = \"td-button td-item2\">\r\n                        <div class = \"td-border\"><\/div>\r\n                    <\/div>\r\n                    <div class = \"td-button td-item3\">\r\n                        <div class = \"td-border\"><\/div>\r\n                    <\/div>\r\n                            <\/div>\r\n                        <\/div>\r\n\r\n                    <\/div>\r\n\r\n                <\/div>\r\n                \n","protected":false},"excerpt":{"rendered":"<p>Por Susana Guti\u00e9rrez La magia, el virtuosismo y la fuerza narrativa del ballet cl\u00e1sico volver\u00e1n a tomar el escenario pace\u00f1o con Don Quixote, una de las obras m\u00e1s celebradas del repertorio universal. Esta producci\u00f3n ser\u00e1 presentada por La Compa\u00f1\u00eda en dos \u00fanicas funciones los d\u00edas 18 y 19 de junio en el Teatro Municipal Alberto [&hellip;]<\/p>\n","protected":false},"author":1,"featured_media":403389,"comment_status":"closed","ping_status":"open","sticky":false,"template":"","format":"standard","meta":{"_acf_changed":false,"footnotes":""},"categories":[8],"tags":[],"class_list":["post-403387","post","type-post","status-publish","format-standard","has-post-thumbnail","category-cultural"],"acf":{"antetitulo":"Ballet cl\u00e1sico"},"yoast_head":"<!-- This site is optimized with the Yoast SEO plugin v28.4 - https:\/\/yoast.com\/product\/yoast-seo-wordpress\/ -->\n<title>&quot;Don Quixote&quot; regresa a escena tras una d\u00e9cada de su \u00faltima presentaci\u00f3n - El Diario - Bolivia<\/title>\n<meta name=\"robots\" content=\"index, follow, max-snippet:-1, max-image-preview:large, max-video-preview:-1\" \/>\n<link rel=\"canonical\" href=\"https:\/\/www.eldiario.net\/portal\/2026\/06\/13\/don-quixote-regresa-a-escena-tras-una-decada-de-su-ultima-presentacion\/\" \/>\n<meta property=\"og:locale\" content=\"es_ES\" \/>\n<meta property=\"og:type\" content=\"article\" \/>\n<meta property=\"og:title\" content=\"&quot;Don Quixote&quot; regresa a escena tras una d\u00e9cada de su \u00faltima presentaci\u00f3n - El Diario - Bolivia\" \/>\n<meta property=\"og:description\" content=\"Por Susana Guti\u00e9rrez La magia, el virtuosismo y la fuerza narrativa del ballet cl\u00e1sico volver\u00e1n a tomar el escenario pace\u00f1o con Don Quixote, una de las obras m\u00e1s celebradas del repertorio universal. Esta producci\u00f3n ser\u00e1 presentada por La Compa\u00f1\u00eda en dos \u00fanicas funciones los d\u00edas 18 y 19 de junio en el Teatro Municipal Alberto [&hellip;]\" \/>\n<meta property=\"og:url\" content=\"https:\/\/www.eldiario.net\/portal\/2026\/06\/13\/don-quixote-regresa-a-escena-tras-una-decada-de-su-ultima-presentacion\/\" \/>\n<meta property=\"og:site_name\" content=\"El Diario - Bolivia\" \/>\n<meta property=\"article:publisher\" content=\"https:\/\/www.facebook.com\/eldiario.bolivia\/\" \/>\n<meta property=\"article:published_time\" content=\"2026-06-13T11:59:05+00:00\" \/>\n<meta property=\"article:modified_time\" content=\"2026-06-13T12:00:44+00:00\" \/>\n<meta property=\"og:image\" content=\"https:\/\/www.eldiario.net\/portal\/wp-content\/uploads\/2026\/06\/FOTO-1-5.webp\" \/>\n\t<meta property=\"og:image:width\" content=\"1014\" \/>\n\t<meta property=\"og:image:height\" content=\"677\" \/>\n\t<meta property=\"og:image:type\" content=\"image\/webp\" \/>\n<meta name=\"author\" content=\"Jeanette\" \/>\n<meta name=\"twitter:card\" content=\"summary_large_image\" \/>\n<meta name=\"twitter:creator\" content=\"@eldiario_net\" \/>\n<meta name=\"twitter:site\" content=\"@eldiario_net\" \/>\n<meta name=\"twitter:label1\" content=\"Escrito por\" \/>\n\t<meta name=\"twitter:data1\" content=\"Jeanette\" \/>\n\t<meta name=\"twitter:label2\" content=\"Tiempo de lectura\" \/>\n\t<meta name=\"twitter:data2\" content=\"4 minutos\" \/>\n<script type=\"application\/ld+json\" class=\"yoast-schema-graph\">{\"@context\":\"https:\\\/\\\/schema.org\",\"@graph\":[{\"@type\":\"Article\",\"@id\":\"https:\\\/\\\/www.eldiario.net\\\/portal\\\/2026\\\/06\\\/13\\\/don-quixote-regresa-a-escena-tras-una-decada-de-su-ultima-presentacion\\\/#article\",\"isPartOf\":{\"@id\":\"https:\\\/\\\/www.eldiario.net\\\/portal\\\/2026\\\/06\\\/13\\\/don-quixote-regresa-a-escena-tras-una-decada-de-su-ultima-presentacion\\\/\"},\"author\":{\"name\":\"Jeanette\",\"@id\":\"https:\\\/\\\/www.eldiario.net\\\/portal\\\/#\\\/schema\\\/person\\\/f46445640444750d7d753ccd04ae01b7\"},\"headline\":\"\u00abDon Quixote\u00bb regresa a escena tras una d\u00e9cada de su \u00faltima presentaci\u00f3n\",\"datePublished\":\"2026-06-13T11:59:05+00:00\",\"dateModified\":\"2026-06-13T12:00:44+00:00\",\"mainEntityOfPage\":{\"@id\":\"https:\\\/\\\/www.eldiario.net\\\/portal\\\/2026\\\/06\\\/13\\\/don-quixote-regresa-a-escena-tras-una-decada-de-su-ultima-presentacion\\\/\"},\"wordCount\":834,\"publisher\":{\"@id\":\"https:\\\/\\\/www.eldiario.net\\\/portal\\\/#organization\"},\"image\":{\"@id\":\"https:\\\/\\\/www.eldiario.net\\\/portal\\\/2026\\\/06\\\/13\\\/don-quixote-regresa-a-escena-tras-una-decada-de-su-ultima-presentacion\\\/#primaryimage\"},\"thumbnailUrl\":\"https:\\\/\\\/www.eldiario.net\\\/portal\\\/wp-content\\\/uploads\\\/2026\\\/06\\\/FOTO-1-5.webp\",\"articleSection\":[\"Cultural\"],\"inLanguage\":\"es\"},{\"@type\":\"WebPage\",\"@id\":\"https:\\\/\\\/www.eldiario.net\\\/portal\\\/2026\\\/06\\\/13\\\/don-quixote-regresa-a-escena-tras-una-decada-de-su-ultima-presentacion\\\/\",\"url\":\"https:\\\/\\\/www.eldiario.net\\\/portal\\\/2026\\\/06\\\/13\\\/don-quixote-regresa-a-escena-tras-una-decada-de-su-ultima-presentacion\\\/\",\"name\":\"\\\"Don Quixote\\\" regresa a escena tras una d\u00e9cada de su \u00faltima presentaci\u00f3n - El Diario - Bolivia\",\"isPartOf\":{\"@id\":\"https:\\\/\\\/www.eldiario.net\\\/portal\\\/#website\"},\"primaryImageOfPage\":{\"@id\":\"https:\\\/\\\/www.eldiario.net\\\/portal\\\/2026\\\/06\\\/13\\\/don-quixote-regresa-a-escena-tras-una-decada-de-su-ultima-presentacion\\\/#primaryimage\"},\"image\":{\"@id\":\"https:\\\/\\\/www.eldiario.net\\\/portal\\\/2026\\\/06\\\/13\\\/don-quixote-regresa-a-escena-tras-una-decada-de-su-ultima-presentacion\\\/#primaryimage\"},\"thumbnailUrl\":\"https:\\\/\\\/www.eldiario.net\\\/portal\\\/wp-content\\\/uploads\\\/2026\\\/06\\\/FOTO-1-5.webp\",\"datePublished\":\"2026-06-13T11:59:05+00:00\",\"dateModified\":\"2026-06-13T12:00:44+00:00\",\"breadcrumb\":{\"@id\":\"https:\\\/\\\/www.eldiario.net\\\/portal\\\/2026\\\/06\\\/13\\\/don-quixote-regresa-a-escena-tras-una-decada-de-su-ultima-presentacion\\\/#breadcrumb\"},\"inLanguage\":\"es\",\"potentialAction\":[{\"@type\":\"ReadAction\",\"target\":[\"https:\\\/\\\/www.eldiario.net\\\/portal\\\/2026\\\/06\\\/13\\\/don-quixote-regresa-a-escena-tras-una-decada-de-su-ultima-presentacion\\\/\"]}]},{\"@type\":\"ImageObject\",\"inLanguage\":\"es\",\"@id\":\"https:\\\/\\\/www.eldiario.net\\\/portal\\\/2026\\\/06\\\/13\\\/don-quixote-regresa-a-escena-tras-una-decada-de-su-ultima-presentacion\\\/#primaryimage\",\"url\":\"https:\\\/\\\/www.eldiario.net\\\/portal\\\/wp-content\\\/uploads\\\/2026\\\/06\\\/FOTO-1-5.webp\",\"contentUrl\":\"https:\\\/\\\/www.eldiario.net\\\/portal\\\/wp-content\\\/uploads\\\/2026\\\/06\\\/FOTO-1-5.webp\",\"width\":1014,\"height\":677},{\"@type\":\"BreadcrumbList\",\"@id\":\"https:\\\/\\\/www.eldiario.net\\\/portal\\\/2026\\\/06\\\/13\\\/don-quixote-regresa-a-escena-tras-una-decada-de-su-ultima-presentacion\\\/#breadcrumb\",\"itemListElement\":[{\"@type\":\"ListItem\",\"position\":1,\"name\":\"Portada\",\"item\":\"https:\\\/\\\/www.eldiario.net\\\/portal\\\/\"},{\"@type\":\"ListItem\",\"position\":2,\"name\":\"\u00abDon Quixote\u00bb regresa a escena tras una d\u00e9cada de su \u00faltima presentaci\u00f3n\"}]},{\"@type\":\"WebSite\",\"@id\":\"https:\\\/\\\/www.eldiario.net\\\/portal\\\/#website\",\"url\":\"https:\\\/\\\/www.eldiario.net\\\/portal\\\/\",\"name\":\"El Diario - Decano de la prensa nacional\",\"description\":\"El Diario - Decano de la prensa nacional\",\"publisher\":{\"@id\":\"https:\\\/\\\/www.eldiario.net\\\/portal\\\/#organization\"},\"potentialAction\":[{\"@type\":\"SearchAction\",\"target\":{\"@type\":\"EntryPoint\",\"urlTemplate\":\"https:\\\/\\\/www.eldiario.net\\\/portal\\\/?s={search_term_string}\"},\"query-input\":{\"@type\":\"PropertyValueSpecification\",\"valueRequired\":true,\"valueName\":\"search_term_string\"}}],\"inLanguage\":\"es\"},{\"@type\":\"Organization\",\"@id\":\"https:\\\/\\\/www.eldiario.net\\\/portal\\\/#organization\",\"name\":\"El Diario - Decano de la prensa nacional\",\"url\":\"https:\\\/\\\/www.eldiario.net\\\/portal\\\/\",\"logo\":{\"@type\":\"ImageObject\",\"inLanguage\":\"es\",\"@id\":\"https:\\\/\\\/www.eldiario.net\\\/portal\\\/#\\\/schema\\\/logo\\\/image\\\/\",\"url\":\"https:\\\/\\\/www.eldiario.net\\\/portal\\\/wp-content\\\/uploads\\\/2023\\\/07\\\/logo_ED.jpg\",\"contentUrl\":\"https:\\\/\\\/www.eldiario.net\\\/portal\\\/wp-content\\\/uploads\\\/2023\\\/07\\\/logo_ED.jpg\",\"width\":272,\"height\":52,\"caption\":\"El Diario - Decano de la prensa nacional\"},\"image\":{\"@id\":\"https:\\\/\\\/www.eldiario.net\\\/portal\\\/#\\\/schema\\\/logo\\\/image\\\/\"},\"sameAs\":[\"https:\\\/\\\/www.facebook.com\\\/eldiario.bolivia\\\/\",\"https:\\\/\\\/x.com\\\/eldiario_net\"]},{\"@type\":\"Person\",\"@id\":\"https:\\\/\\\/www.eldiario.net\\\/portal\\\/#\\\/schema\\\/person\\\/f46445640444750d7d753ccd04ae01b7\",\"name\":\"Jeanette\",\"image\":{\"@type\":\"ImageObject\",\"inLanguage\":\"es\",\"@id\":\"https:\\\/\\\/secure.gravatar.com\\\/avatar\\\/3ea2118a5f7dad2b7138b1187a6b7ee55f160b9968b66013c3a3ef39dd7e5798?s=96&d=mm&r=g\",\"url\":\"https:\\\/\\\/secure.gravatar.com\\\/avatar\\\/3ea2118a5f7dad2b7138b1187a6b7ee55f160b9968b66013c3a3ef39dd7e5798?s=96&d=mm&r=g\",\"contentUrl\":\"https:\\\/\\\/secure.gravatar.com\\\/avatar\\\/3ea2118a5f7dad2b7138b1187a6b7ee55f160b9968b66013c3a3ef39dd7e5798?s=96&d=mm&r=g\",\"caption\":\"Jeanette\"},\"sameAs\":[\"https:\\\/\\\/www.eldiario.net\\\/portal\"],\"url\":\"https:\\\/\\\/www.eldiario.net\\\/portal\\\/author\\\/jeanette\\\/\"}]}<\/script>\n<!-- \/ Yoast SEO plugin. -->","yoast_head_json":{"title":"\"Don Quixote\" regresa a escena tras una d\u00e9cada de su \u00faltima presentaci\u00f3n - El Diario - Bolivia","robots":{"index":"index","follow":"follow","max-snippet":"max-snippet:-1","max-image-preview":"max-image-preview:large","max-video-preview":"max-video-preview:-1"},"canonical":"https:\/\/www.eldiario.net\/portal\/2026\/06\/13\/don-quixote-regresa-a-escena-tras-una-decada-de-su-ultima-presentacion\/","og_locale":"es_ES","og_type":"article","og_title":"\"Don Quixote\" regresa a escena tras una d\u00e9cada de su \u00faltima presentaci\u00f3n - El Diario - Bolivia","og_description":"Por Susana Guti\u00e9rrez La magia, el virtuosismo y la fuerza narrativa del ballet cl\u00e1sico volver\u00e1n a tomar el escenario pace\u00f1o con Don Quixote, una de las obras m\u00e1s celebradas del repertorio universal. Esta producci\u00f3n ser\u00e1 presentada por La Compa\u00f1\u00eda en dos \u00fanicas funciones los d\u00edas 18 y 19 de junio en el Teatro Municipal Alberto [&hellip;]","og_url":"https:\/\/www.eldiario.net\/portal\/2026\/06\/13\/don-quixote-regresa-a-escena-tras-una-decada-de-su-ultima-presentacion\/","og_site_name":"El Diario - Bolivia","article_publisher":"https:\/\/www.facebook.com\/eldiario.bolivia\/","article_published_time":"2026-06-13T11:59:05+00:00","article_modified_time":"2026-06-13T12:00:44+00:00","og_image":[{"width":1014,"height":677,"url":"https:\/\/www.eldiario.net\/portal\/wp-content\/uploads\/2026\/06\/FOTO-1-5.webp","type":"image\/webp"}],"author":"Jeanette","twitter_card":"summary_large_image","twitter_creator":"@eldiario_net","twitter_site":"@eldiario_net","twitter_misc":{"Escrito por":"Jeanette","Tiempo de lectura":"4 minutos"},"schema":{"@context":"https:\/\/schema.org","@graph":[{"@type":"Article","@id":"https:\/\/www.eldiario.net\/portal\/2026\/06\/13\/don-quixote-regresa-a-escena-tras-una-decada-de-su-ultima-presentacion\/#article","isPartOf":{"@id":"https:\/\/www.eldiario.net\/portal\/2026\/06\/13\/don-quixote-regresa-a-escena-tras-una-decada-de-su-ultima-presentacion\/"},"author":{"name":"Jeanette","@id":"https:\/\/www.eldiario.net\/portal\/#\/schema\/person\/f46445640444750d7d753ccd04ae01b7"},"headline":"\u00abDon Quixote\u00bb regresa a escena tras una d\u00e9cada de su \u00faltima presentaci\u00f3n","datePublished":"2026-06-13T11:59:05+00:00","dateModified":"2026-06-13T12:00:44+00:00","mainEntityOfPage":{"@id":"https:\/\/www.eldiario.net\/portal\/2026\/06\/13\/don-quixote-regresa-a-escena-tras-una-decada-de-su-ultima-presentacion\/"},"wordCount":834,"publisher":{"@id":"https:\/\/www.eldiario.net\/portal\/#organization"},"image":{"@id":"https:\/\/www.eldiario.net\/portal\/2026\/06\/13\/don-quixote-regresa-a-escena-tras-una-decada-de-su-ultima-presentacion\/#primaryimage"},"thumbnailUrl":"https:\/\/www.eldiario.net\/portal\/wp-content\/uploads\/2026\/06\/FOTO-1-5.webp","articleSection":["Cultural"],"inLanguage":"es"},{"@type":"WebPage","@id":"https:\/\/www.eldiario.net\/portal\/2026\/06\/13\/don-quixote-regresa-a-escena-tras-una-decada-de-su-ultima-presentacion\/","url":"https:\/\/www.eldiario.net\/portal\/2026\/06\/13\/don-quixote-regresa-a-escena-tras-una-decada-de-su-ultima-presentacion\/","name":"\"Don Quixote\" regresa a escena tras una d\u00e9cada de su \u00faltima presentaci\u00f3n - El Diario - Bolivia","isPartOf":{"@id":"https:\/\/www.eldiario.net\/portal\/#website"},"primaryImageOfPage":{"@id":"https:\/\/www.eldiario.net\/portal\/2026\/06\/13\/don-quixote-regresa-a-escena-tras-una-decada-de-su-ultima-presentacion\/#primaryimage"},"image":{"@id":"https:\/\/www.eldiario.net\/portal\/2026\/06\/13\/don-quixote-regresa-a-escena-tras-una-decada-de-su-ultima-presentacion\/#primaryimage"},"thumbnailUrl":"https:\/\/www.eldiario.net\/portal\/wp-content\/uploads\/2026\/06\/FOTO-1-5.webp","datePublished":"2026-06-13T11:59:05+00:00","dateModified":"2026-06-13T12:00:44+00:00","breadcrumb":{"@id":"https:\/\/www.eldiario.net\/portal\/2026\/06\/13\/don-quixote-regresa-a-escena-tras-una-decada-de-su-ultima-presentacion\/#breadcrumb"},"inLanguage":"es","potentialAction":[{"@type":"ReadAction","target":["https:\/\/www.eldiario.net\/portal\/2026\/06\/13\/don-quixote-regresa-a-escena-tras-una-decada-de-su-ultima-presentacion\/"]}]},{"@type":"ImageObject","inLanguage":"es","@id":"https:\/\/www.eldiario.net\/portal\/2026\/06\/13\/don-quixote-regresa-a-escena-tras-una-decada-de-su-ultima-presentacion\/#primaryimage","url":"https:\/\/www.eldiario.net\/portal\/wp-content\/uploads\/2026\/06\/FOTO-1-5.webp","contentUrl":"https:\/\/www.eldiario.net\/portal\/wp-content\/uploads\/2026\/06\/FOTO-1-5.webp","width":1014,"height":677},{"@type":"BreadcrumbList","@id":"https:\/\/www.eldiario.net\/portal\/2026\/06\/13\/don-quixote-regresa-a-escena-tras-una-decada-de-su-ultima-presentacion\/#breadcrumb","itemListElement":[{"@type":"ListItem","position":1,"name":"Portada","item":"https:\/\/www.eldiario.net\/portal\/"},{"@type":"ListItem","position":2,"name":"\u00abDon Quixote\u00bb regresa a escena tras una d\u00e9cada de su \u00faltima presentaci\u00f3n"}]},{"@type":"WebSite","@id":"https:\/\/www.eldiario.net\/portal\/#website","url":"https:\/\/www.eldiario.net\/portal\/","name":"El Diario - Decano de la prensa nacional","description":"El Diario - Decano de la prensa nacional","publisher":{"@id":"https:\/\/www.eldiario.net\/portal\/#organization"},"potentialAction":[{"@type":"SearchAction","target":{"@type":"EntryPoint","urlTemplate":"https:\/\/www.eldiario.net\/portal\/?s={search_term_string}"},"query-input":{"@type":"PropertyValueSpecification","valueRequired":true,"valueName":"search_term_string"}}],"inLanguage":"es"},{"@type":"Organization","@id":"https:\/\/www.eldiario.net\/portal\/#organization","name":"El Diario - Decano de la prensa nacional","url":"https:\/\/www.eldiario.net\/portal\/","logo":{"@type":"ImageObject","inLanguage":"es","@id":"https:\/\/www.eldiario.net\/portal\/#\/schema\/logo\/image\/","url":"https:\/\/www.eldiario.net\/portal\/wp-content\/uploads\/2023\/07\/logo_ED.jpg","contentUrl":"https:\/\/www.eldiario.net\/portal\/wp-content\/uploads\/2023\/07\/logo_ED.jpg","width":272,"height":52,"caption":"El Diario - Decano de la prensa nacional"},"image":{"@id":"https:\/\/www.eldiario.net\/portal\/#\/schema\/logo\/image\/"},"sameAs":["https:\/\/www.facebook.com\/eldiario.bolivia\/","https:\/\/x.com\/eldiario_net"]},{"@type":"Person","@id":"https:\/\/www.eldiario.net\/portal\/#\/schema\/person\/f46445640444750d7d753ccd04ae01b7","name":"Jeanette","image":{"@type":"ImageObject","inLanguage":"es","@id":"https:\/\/secure.gravatar.com\/avatar\/3ea2118a5f7dad2b7138b1187a6b7ee55f160b9968b66013c3a3ef39dd7e5798?s=96&d=mm&r=g","url":"https:\/\/secure.gravatar.com\/avatar\/3ea2118a5f7dad2b7138b1187a6b7ee55f160b9968b66013c3a3ef39dd7e5798?s=96&d=mm&r=g","contentUrl":"https:\/\/secure.gravatar.com\/avatar\/3ea2118a5f7dad2b7138b1187a6b7ee55f160b9968b66013c3a3ef39dd7e5798?s=96&d=mm&r=g","caption":"Jeanette"},"sameAs":["https:\/\/www.eldiario.net\/portal"],"url":"https:\/\/www.eldiario.net\/portal\/author\/jeanette\/"}]}},"_links":{"self":[{"href":"https:\/\/www.eldiario.net\/portal\/wp-json\/wp\/v2\/posts\/403387","targetHints":{"allow":["GET"]}}],"collection":[{"href":"https:\/\/www.eldiario.net\/portal\/wp-json\/wp\/v2\/posts"}],"about":[{"href":"https:\/\/www.eldiario.net\/portal\/wp-json\/wp\/v2\/types\/post"}],"author":[{"embeddable":true,"href":"https:\/\/www.eldiario.net\/portal\/wp-json\/wp\/v2\/users\/1"}],"replies":[{"embeddable":true,"href":"https:\/\/www.eldiario.net\/portal\/wp-json\/wp\/v2\/comments?post=403387"}],"version-history":[{"count":1,"href":"https:\/\/www.eldiario.net\/portal\/wp-json\/wp\/v2\/posts\/403387\/revisions"}],"predecessor-version":[{"id":403391,"href":"https:\/\/www.eldiario.net\/portal\/wp-json\/wp\/v2\/posts\/403387\/revisions\/403391"}],"wp:featuredmedia":[{"embeddable":true,"href":"https:\/\/www.eldiario.net\/portal\/wp-json\/wp\/v2\/media\/403389"}],"wp:attachment":[{"href":"https:\/\/www.eldiario.net\/portal\/wp-json\/wp\/v2\/media?parent=403387"}],"wp:term":[{"taxonomy":"category","embeddable":true,"href":"https:\/\/www.eldiario.net\/portal\/wp-json\/wp\/v2\/categories?post=403387"},{"taxonomy":"post_tag","embeddable":true,"href":"https:\/\/www.eldiario.net\/portal\/wp-json\/wp\/v2\/tags?post=403387"}],"curies":[{"name":"wp","href":"https:\/\/api.w.org\/{rel}","templated":true}]}}