{"id":40337,"date":"2021-11-02T05:06:16","date_gmt":"2021-11-02T09:06:16","guid":{"rendered":"https:\/\/www.eldiario.net\/portal\/?p=40337"},"modified":"2021-11-02T05:06:16","modified_gmt":"2021-11-02T09:06:16","slug":"morales-dijo-al-volver-a-bolivia-organizar-milicias-armadas-igual-que-venezuela","status":"publish","type":"post","link":"https:\/\/www.eldiario.net\/portal\/2021\/11\/02\/morales-dijo-al-volver-a-bolivia-organizar-milicias-armadas-igual-que-venezuela\/","title":{"rendered":"Morales dijo \u201cal volver a Bolivia organizar milicias armadas igual que Venezuela\u201d"},"content":{"rendered":"<p>La Constituci\u00f3n Pol\u00edtica del Estado establece en el Art\u00edculo 393 que \u201cEl Estado reconoce, protege y garantiza la propiedad individual y comunitaria o colectiva de la tierra, en tanto cumpla una funci\u00f3n social o una funci\u00f3n econ\u00f3mica social, seg\u00fan corresponda\u201d.<\/p>\n<p>Cuando la econom\u00eda de Bolivia empieza a recobrar paulatinamente su ritmo &#8211;despu\u00e9s de la crisis sanitaria a nivel mundial, como es la pandemia, la corrupci\u00f3n y el despilfarro de los 14 a\u00f1os del gobierno del cocalero&#8211;, otra pandemia se desat\u00f3, como el avasallamiento de los que pretenden asentarse (identificados como interculturales, antes colonizadores, que responden al MAS) en tierras fiscales, tierras comunitarias y ahora en tierras productivas, para deforestar unos, con el af\u00e1n de sembrar coca destinada al narcotr\u00e1fico, que hoy azota a nuestros j\u00f3venes por el consumo de la coca\u00edna, y otros quieren terrenos para el engorde y despu\u00e9s venta.<\/p>\n<p>Fundaci\u00f3n Tierra denunci\u00f3 que el INRA otorg\u00f3 1.400 autorizaciones para el asentamiento de nuevas comunidades en Santa Cruz entre 2014 y 2019, pero que se escondi\u00f3 sistem\u00e1ticamente toda informaci\u00f3n sobre qui\u00e9nes son los beneficiarios. Se presume que son ex reos los que se beneficiaron.<\/p>\n<p>En septiembre se denunci\u00f3 el asentamiento ilegal y en un cabildo se dio plazo para su desarticulaci\u00f3n, porque esos grupos criminales ya hab\u00edan dejado heridos de bala y machete, pero el gobierno no cumple con su trabajo y pas\u00f3 al olvido esa alerta.<\/p>\n<p>El 23 de octubre se denunci\u00f3 que hubo avasallamiento a un predio privado en las Londras, se pidi\u00f3 verificar los perjuicios que dejan los avasalladores en la provincia Guarayos en el Departamento de Santa Cruz, sin embargo el gobierno tard\u00f3 una semana en enviar polic\u00edas al lugar. El 27 de octubre llegaron al predio para constatar el avasallamiento, videos muestran que fueron sorprendidos por un grupo armado de 70 encapuchados que hicieron disparos y emitieron amenazas en el momento de retenerlos. Con armas de fuego, armas punzo cortantes y machetes atacaron, los pusieron en el suelo y ah\u00ed los golpearon. Tomaron como rehenes a 21 personas, entre polic\u00edas, trabajadores y periodistas, los torturaron y luego los secuestraron durante 7 horas. Seg\u00fan testimonios de periodistas: \u201cNos dispararon alrededor de los pies, nos pusieron boca abajo, dispararon a las c\u00e1maras\u201d. Al Sargento Rider Condori lo reconocieron y lo quer\u00edan matar, por los golpes tiene tres costillas fisuradas. Se vio a ex reos entre los avasalladores.<\/p>\n<p>Estas organizaciones criminales han sido entrenadas para operar en el \u00e1rea rural, como grupo de asalto, con buenas condiciones f\u00edsicas y preparaci\u00f3n militar para el uso de armas. Empezaron con disparos sorpresivos en las llantas, emboscaron a los que estaban en la caravana y los secuestraron. Dos d\u00edas despu\u00e9s reci\u00e9n lleg\u00f3 la polic\u00eda al lugar, cuando ya los criminales escaparon y solo encontraron un campamento con cartuchos de dinamita, machetes, bombas caseras. Una persona dijo que solo \u201cquer\u00edan asustarlos\u201d, pero no se la detuvo, ni siquiera para investigaci\u00f3n.<\/p>\n<p>Existe evidencia de que delincuentes armados toman propiedades, roban ganado, en algunos casos ensangrentaron a sus propietarios con la intenci\u00f3n de quitarles sus tierras. Secuestran personas sin recibir, hasta el momento, acciones contundentes y ejemplificadoras que las leyes prev\u00e9n ante estos actos delictivos, causando terrorismo entre los productores agr\u00edcolas, que son de m\u00e1s de una decena de asociaciones. Como estos delitos van en aumento, nos preguntamos si se cumple la orden del cocalero: \u201cvolver a Bolivia a organizar milicias armadas como Venezuela\u201d (?).<\/p>\n<p>El gobierno es veloz para perseguir a los opositores (al soberano que se expresa en las calles), sentenciarlos y meterlos a la c\u00e1rcel en tiempo r\u00e9cord, como a los j\u00f3venes de la Resistencia Cochala, sembrando pruebas, como lo hicieron en el Hotel Las Am\u00e9ricas en la ciudad de Santa Cruz de la Sierra.<\/p>\n<p>Exigimos eficiencia para perseguir a los cabecillas de estas organizaciones armadas que operan en Santa Cruz. Tambi\u00e9n que el Director del INRA cumpla su funci\u00f3n constitucional de hacer respetar la tierra territorio, contra los avasallamientos y asentamientos ilegales que hoy est\u00e1n campeando en Santa Cruz, porque son cometidos delitos de secuestro, tortura y tenencia ilegal de armas de fuego.<\/p>\n<p>&nbsp;<\/p>\n<p><em>Ang\u00e9lica Siles Parrado, Abogada, ex Asamble\u00edsta Constituyente.<\/em><\/p>\n","protected":false},"excerpt":{"rendered":"<p>La Constituci\u00f3n Pol\u00edtica del Estado establece en el Art\u00edculo 393 que \u201cEl Estado reconoce, protege y garantiza la propiedad individual y comunitaria o colectiva de la tierra, en tanto cumpla una funci\u00f3n social o una funci\u00f3n econ\u00f3mica social, seg\u00fan corresponda\u201d. Cuando la econom\u00eda de Bolivia empieza a recobrar paulatinamente su ritmo &#8211;despu\u00e9s de la crisis [&hellip;]<\/p>\n","protected":false},"author":1,"featured_media":2714,"comment_status":"closed","ping_status":"closed","sticky":false,"template":"","format":"standard","meta":{"_acf_changed":false,"footnotes":""},"categories":[9],"tags":[],"class_list":["post-40337","post","type-post","status-publish","format-standard","has-post-thumbnail","category-opinion"],"acf":{"antetitulo":""},"yoast_head":"<!-- This site is optimized with the Yoast SEO plugin v28.4 - https:\/\/yoast.com\/product\/yoast-seo-wordpress\/ -->\n<title>Morales dijo \u201cal volver a Bolivia organizar milicias armadas igual que Venezuela\u201d - El Diario - Bolivia<\/title>\n<meta name=\"robots\" content=\"index, follow, max-snippet:-1, max-image-preview:large, max-video-preview:-1\" \/>\n<link rel=\"canonical\" href=\"https:\/\/www.eldiario.net\/portal\/2021\/11\/02\/morales-dijo-al-volver-a-bolivia-organizar-milicias-armadas-igual-que-venezuela\/\" \/>\n<meta property=\"og:locale\" content=\"es_ES\" \/>\n<meta property=\"og:type\" content=\"article\" \/>\n<meta property=\"og:title\" content=\"Morales dijo \u201cal volver a Bolivia organizar milicias armadas igual que Venezuela\u201d - El Diario - Bolivia\" \/>\n<meta property=\"og:description\" content=\"La Constituci\u00f3n Pol\u00edtica del Estado establece en el Art\u00edculo 393 que \u201cEl Estado reconoce, protege y garantiza la propiedad individual y comunitaria o colectiva de la tierra, en tanto cumpla una funci\u00f3n social o una funci\u00f3n econ\u00f3mica social, seg\u00fan corresponda\u201d. Cuando la econom\u00eda de Bolivia empieza a recobrar paulatinamente su ritmo &#8211;despu\u00e9s de la crisis [&hellip;]\" \/>\n<meta property=\"og:url\" content=\"https:\/\/www.eldiario.net\/portal\/2021\/11\/02\/morales-dijo-al-volver-a-bolivia-organizar-milicias-armadas-igual-que-venezuela\/\" \/>\n<meta property=\"og:site_name\" content=\"El Diario - Bolivia\" \/>\n<meta property=\"article:publisher\" content=\"https:\/\/www.facebook.com\/eldiario.bolivia\/\" \/>\n<meta property=\"article:published_time\" content=\"2021-11-02T09:06:16+00:00\" \/>\n<meta property=\"og:image\" content=\"https:\/\/www.eldiario.net\/portal\/wp-content\/uploads\/2021\/04\/angelica_siles-1.jpg\" \/>\n\t<meta property=\"og:image:width\" content=\"1200\" \/>\n\t<meta property=\"og:image:height\" content=\"628\" \/>\n\t<meta property=\"og:image:type\" content=\"image\/jpeg\" \/>\n<meta name=\"author\" content=\"Jeanette\" \/>\n<meta name=\"twitter:card\" content=\"summary_large_image\" \/>\n<meta name=\"twitter:creator\" content=\"@eldiario_net\" \/>\n<meta name=\"twitter:site\" content=\"@eldiario_net\" \/>\n<meta name=\"twitter:label1\" content=\"Escrito por\" \/>\n\t<meta name=\"twitter:data1\" content=\"Jeanette\" \/>\n\t<meta name=\"twitter:label2\" content=\"Tiempo de lectura\" \/>\n\t<meta name=\"twitter:data2\" content=\"3 minutos\" \/>\n<script type=\"application\/ld+json\" class=\"yoast-schema-graph\">{\"@context\":\"https:\\\/\\\/schema.org\",\"@graph\":[{\"@type\":\"Article\",\"@id\":\"https:\\\/\\\/www.eldiario.net\\\/portal\\\/2021\\\/11\\\/02\\\/morales-dijo-al-volver-a-bolivia-organizar-milicias-armadas-igual-que-venezuela\\\/#article\",\"isPartOf\":{\"@id\":\"https:\\\/\\\/www.eldiario.net\\\/portal\\\/2021\\\/11\\\/02\\\/morales-dijo-al-volver-a-bolivia-organizar-milicias-armadas-igual-que-venezuela\\\/\"},\"author\":{\"name\":\"Jeanette\",\"@id\":\"https:\\\/\\\/www.eldiario.net\\\/portal\\\/#\\\/schema\\\/person\\\/2c57cf2b7a7ae032e449e4c9b1019eac\"},\"headline\":\"Morales dijo \u201cal volver a Bolivia organizar milicias armadas igual que Venezuela\u201d\",\"datePublished\":\"2021-11-02T09:06:16+00:00\",\"mainEntityOfPage\":{\"@id\":\"https:\\\/\\\/www.eldiario.net\\\/portal\\\/2021\\\/11\\\/02\\\/morales-dijo-al-volver-a-bolivia-organizar-milicias-armadas-igual-que-venezuela\\\/\"},\"wordCount\":731,\"publisher\":{\"@id\":\"https:\\\/\\\/www.eldiario.net\\\/portal\\\/#organization\"},\"image\":{\"@id\":\"https:\\\/\\\/www.eldiario.net\\\/portal\\\/2021\\\/11\\\/02\\\/morales-dijo-al-volver-a-bolivia-organizar-milicias-armadas-igual-que-venezuela\\\/#primaryimage\"},\"thumbnailUrl\":\"https:\\\/\\\/www.eldiario.net\\\/portal\\\/wp-content\\\/uploads\\\/2021\\\/04\\\/angelica_siles-1.jpg\",\"articleSection\":[\"Opini\u00f3n\"],\"inLanguage\":\"es\"},{\"@type\":\"WebPage\",\"@id\":\"https:\\\/\\\/www.eldiario.net\\\/portal\\\/2021\\\/11\\\/02\\\/morales-dijo-al-volver-a-bolivia-organizar-milicias-armadas-igual-que-venezuela\\\/\",\"url\":\"https:\\\/\\\/www.eldiario.net\\\/portal\\\/2021\\\/11\\\/02\\\/morales-dijo-al-volver-a-bolivia-organizar-milicias-armadas-igual-que-venezuela\\\/\",\"name\":\"Morales dijo \u201cal volver a Bolivia organizar milicias armadas igual que Venezuela\u201d - El Diario - Bolivia\",\"isPartOf\":{\"@id\":\"https:\\\/\\\/www.eldiario.net\\\/portal\\\/#website\"},\"primaryImageOfPage\":{\"@id\":\"https:\\\/\\\/www.eldiario.net\\\/portal\\\/2021\\\/11\\\/02\\\/morales-dijo-al-volver-a-bolivia-organizar-milicias-armadas-igual-que-venezuela\\\/#primaryimage\"},\"image\":{\"@id\":\"https:\\\/\\\/www.eldiario.net\\\/portal\\\/2021\\\/11\\\/02\\\/morales-dijo-al-volver-a-bolivia-organizar-milicias-armadas-igual-que-venezuela\\\/#primaryimage\"},\"thumbnailUrl\":\"https:\\\/\\\/www.eldiario.net\\\/portal\\\/wp-content\\\/uploads\\\/2021\\\/04\\\/angelica_siles-1.jpg\",\"datePublished\":\"2021-11-02T09:06:16+00:00\",\"breadcrumb\":{\"@id\":\"https:\\\/\\\/www.eldiario.net\\\/portal\\\/2021\\\/11\\\/02\\\/morales-dijo-al-volver-a-bolivia-organizar-milicias-armadas-igual-que-venezuela\\\/#breadcrumb\"},\"inLanguage\":\"es\",\"potentialAction\":[{\"@type\":\"ReadAction\",\"target\":[\"https:\\\/\\\/www.eldiario.net\\\/portal\\\/2021\\\/11\\\/02\\\/morales-dijo-al-volver-a-bolivia-organizar-milicias-armadas-igual-que-venezuela\\\/\"]}]},{\"@type\":\"ImageObject\",\"inLanguage\":\"es\",\"@id\":\"https:\\\/\\\/www.eldiario.net\\\/portal\\\/2021\\\/11\\\/02\\\/morales-dijo-al-volver-a-bolivia-organizar-milicias-armadas-igual-que-venezuela\\\/#primaryimage\",\"url\":\"https:\\\/\\\/www.eldiario.net\\\/portal\\\/wp-content\\\/uploads\\\/2021\\\/04\\\/angelica_siles-1.jpg\",\"contentUrl\":\"https:\\\/\\\/www.eldiario.net\\\/portal\\\/wp-content\\\/uploads\\\/2021\\\/04\\\/angelica_siles-1.jpg\",\"width\":1200,\"height\":628},{\"@type\":\"BreadcrumbList\",\"@id\":\"https:\\\/\\\/www.eldiario.net\\\/portal\\\/2021\\\/11\\\/02\\\/morales-dijo-al-volver-a-bolivia-organizar-milicias-armadas-igual-que-venezuela\\\/#breadcrumb\",\"itemListElement\":[{\"@type\":\"ListItem\",\"position\":1,\"name\":\"Portada\",\"item\":\"https:\\\/\\\/www.eldiario.net\\\/portal\\\/\"},{\"@type\":\"ListItem\",\"position\":2,\"name\":\"Morales dijo \u201cal volver a Bolivia organizar milicias armadas igual que Venezuela\u201d\"}]},{\"@type\":\"WebSite\",\"@id\":\"https:\\\/\\\/www.eldiario.net\\\/portal\\\/#website\",\"url\":\"https:\\\/\\\/www.eldiario.net\\\/portal\\\/\",\"name\":\"El Diario - Decano de la prensa nacional\",\"description\":\"El Diario - Decano de la prensa nacional\",\"publisher\":{\"@id\":\"https:\\\/\\\/www.eldiario.net\\\/portal\\\/#organization\"},\"potentialAction\":[{\"@type\":\"SearchAction\",\"target\":{\"@type\":\"EntryPoint\",\"urlTemplate\":\"https:\\\/\\\/www.eldiario.net\\\/portal\\\/?s={search_term_string}\"},\"query-input\":{\"@type\":\"PropertyValueSpecification\",\"valueRequired\":true,\"valueName\":\"search_term_string\"}}],\"inLanguage\":\"es\"},{\"@type\":\"Organization\",\"@id\":\"https:\\\/\\\/www.eldiario.net\\\/portal\\\/#organization\",\"name\":\"El Diario - Decano de la prensa nacional\",\"url\":\"https:\\\/\\\/www.eldiario.net\\\/portal\\\/\",\"logo\":{\"@type\":\"ImageObject\",\"inLanguage\":\"es\",\"@id\":\"https:\\\/\\\/www.eldiario.net\\\/portal\\\/#\\\/schema\\\/logo\\\/image\\\/\",\"url\":\"https:\\\/\\\/www.eldiario.net\\\/portal\\\/wp-content\\\/uploads\\\/2023\\\/07\\\/logo_ED.jpg\",\"contentUrl\":\"https:\\\/\\\/www.eldiario.net\\\/portal\\\/wp-content\\\/uploads\\\/2023\\\/07\\\/logo_ED.jpg\",\"width\":272,\"height\":52,\"caption\":\"El Diario - Decano de la prensa nacional\"},\"image\":{\"@id\":\"https:\\\/\\\/www.eldiario.net\\\/portal\\\/#\\\/schema\\\/logo\\\/image\\\/\"},\"sameAs\":[\"https:\\\/\\\/www.facebook.com\\\/eldiario.bolivia\\\/\",\"https:\\\/\\\/x.com\\\/eldiario_net\"]},{\"@type\":\"Person\",\"@id\":\"https:\\\/\\\/www.eldiario.net\\\/portal\\\/#\\\/schema\\\/person\\\/2c57cf2b7a7ae032e449e4c9b1019eac\",\"name\":\"Jeanette\",\"image\":{\"@type\":\"ImageObject\",\"inLanguage\":\"es\",\"@id\":\"https:\\\/\\\/secure.gravatar.com\\\/avatar\\\/3ea2118a5f7dad2b7138b1187a6b7ee55f160b9968b66013c3a3ef39dd7e5798?s=96&d=mm&r=g\",\"url\":\"https:\\\/\\\/secure.gravatar.com\\\/avatar\\\/3ea2118a5f7dad2b7138b1187a6b7ee55f160b9968b66013c3a3ef39dd7e5798?s=96&d=mm&r=g\",\"contentUrl\":\"https:\\\/\\\/secure.gravatar.com\\\/avatar\\\/3ea2118a5f7dad2b7138b1187a6b7ee55f160b9968b66013c3a3ef39dd7e5798?s=96&d=mm&r=g\",\"caption\":\"Jeanette\"},\"sameAs\":[\"https:\\\/\\\/www.eldiario.net\\\/portal\"],\"url\":\"https:\\\/\\\/www.eldiario.net\\\/portal\\\/author\\\/jeanette\\\/\"}]}<\/script>\n<!-- \/ Yoast SEO plugin. -->","yoast_head_json":{"title":"Morales dijo \u201cal volver a Bolivia organizar milicias armadas igual que Venezuela\u201d - El Diario - Bolivia","robots":{"index":"index","follow":"follow","max-snippet":"max-snippet:-1","max-image-preview":"max-image-preview:large","max-video-preview":"max-video-preview:-1"},"canonical":"https:\/\/www.eldiario.net\/portal\/2021\/11\/02\/morales-dijo-al-volver-a-bolivia-organizar-milicias-armadas-igual-que-venezuela\/","og_locale":"es_ES","og_type":"article","og_title":"Morales dijo \u201cal volver a Bolivia organizar milicias armadas igual que Venezuela\u201d - El Diario - Bolivia","og_description":"La Constituci\u00f3n Pol\u00edtica del Estado establece en el Art\u00edculo 393 que \u201cEl Estado reconoce, protege y garantiza la propiedad individual y comunitaria o colectiva de la tierra, en tanto cumpla una funci\u00f3n social o una funci\u00f3n econ\u00f3mica social, seg\u00fan corresponda\u201d. Cuando la econom\u00eda de Bolivia empieza a recobrar paulatinamente su ritmo &#8211;despu\u00e9s de la crisis [&hellip;]","og_url":"https:\/\/www.eldiario.net\/portal\/2021\/11\/02\/morales-dijo-al-volver-a-bolivia-organizar-milicias-armadas-igual-que-venezuela\/","og_site_name":"El Diario - Bolivia","article_publisher":"https:\/\/www.facebook.com\/eldiario.bolivia\/","article_published_time":"2021-11-02T09:06:16+00:00","og_image":[{"width":1200,"height":628,"url":"https:\/\/www.eldiario.net\/portal\/wp-content\/uploads\/2021\/04\/angelica_siles-1.jpg","type":"image\/jpeg"}],"author":"Jeanette","twitter_card":"summary_large_image","twitter_creator":"@eldiario_net","twitter_site":"@eldiario_net","twitter_misc":{"Escrito por":"Jeanette","Tiempo de lectura":"3 minutos"},"schema":{"@context":"https:\/\/schema.org","@graph":[{"@type":"Article","@id":"https:\/\/www.eldiario.net\/portal\/2021\/11\/02\/morales-dijo-al-volver-a-bolivia-organizar-milicias-armadas-igual-que-venezuela\/#article","isPartOf":{"@id":"https:\/\/www.eldiario.net\/portal\/2021\/11\/02\/morales-dijo-al-volver-a-bolivia-organizar-milicias-armadas-igual-que-venezuela\/"},"author":{"name":"Jeanette","@id":"https:\/\/www.eldiario.net\/portal\/#\/schema\/person\/2c57cf2b7a7ae032e449e4c9b1019eac"},"headline":"Morales dijo \u201cal volver a Bolivia organizar milicias armadas igual que Venezuela\u201d","datePublished":"2021-11-02T09:06:16+00:00","mainEntityOfPage":{"@id":"https:\/\/www.eldiario.net\/portal\/2021\/11\/02\/morales-dijo-al-volver-a-bolivia-organizar-milicias-armadas-igual-que-venezuela\/"},"wordCount":731,"publisher":{"@id":"https:\/\/www.eldiario.net\/portal\/#organization"},"image":{"@id":"https:\/\/www.eldiario.net\/portal\/2021\/11\/02\/morales-dijo-al-volver-a-bolivia-organizar-milicias-armadas-igual-que-venezuela\/#primaryimage"},"thumbnailUrl":"https:\/\/www.eldiario.net\/portal\/wp-content\/uploads\/2021\/04\/angelica_siles-1.jpg","articleSection":["Opini\u00f3n"],"inLanguage":"es"},{"@type":"WebPage","@id":"https:\/\/www.eldiario.net\/portal\/2021\/11\/02\/morales-dijo-al-volver-a-bolivia-organizar-milicias-armadas-igual-que-venezuela\/","url":"https:\/\/www.eldiario.net\/portal\/2021\/11\/02\/morales-dijo-al-volver-a-bolivia-organizar-milicias-armadas-igual-que-venezuela\/","name":"Morales dijo \u201cal volver a Bolivia organizar milicias armadas igual que Venezuela\u201d - El Diario - Bolivia","isPartOf":{"@id":"https:\/\/www.eldiario.net\/portal\/#website"},"primaryImageOfPage":{"@id":"https:\/\/www.eldiario.net\/portal\/2021\/11\/02\/morales-dijo-al-volver-a-bolivia-organizar-milicias-armadas-igual-que-venezuela\/#primaryimage"},"image":{"@id":"https:\/\/www.eldiario.net\/portal\/2021\/11\/02\/morales-dijo-al-volver-a-bolivia-organizar-milicias-armadas-igual-que-venezuela\/#primaryimage"},"thumbnailUrl":"https:\/\/www.eldiario.net\/portal\/wp-content\/uploads\/2021\/04\/angelica_siles-1.jpg","datePublished":"2021-11-02T09:06:16+00:00","breadcrumb":{"@id":"https:\/\/www.eldiario.net\/portal\/2021\/11\/02\/morales-dijo-al-volver-a-bolivia-organizar-milicias-armadas-igual-que-venezuela\/#breadcrumb"},"inLanguage":"es","potentialAction":[{"@type":"ReadAction","target":["https:\/\/www.eldiario.net\/portal\/2021\/11\/02\/morales-dijo-al-volver-a-bolivia-organizar-milicias-armadas-igual-que-venezuela\/"]}]},{"@type":"ImageObject","inLanguage":"es","@id":"https:\/\/www.eldiario.net\/portal\/2021\/11\/02\/morales-dijo-al-volver-a-bolivia-organizar-milicias-armadas-igual-que-venezuela\/#primaryimage","url":"https:\/\/www.eldiario.net\/portal\/wp-content\/uploads\/2021\/04\/angelica_siles-1.jpg","contentUrl":"https:\/\/www.eldiario.net\/portal\/wp-content\/uploads\/2021\/04\/angelica_siles-1.jpg","width":1200,"height":628},{"@type":"BreadcrumbList","@id":"https:\/\/www.eldiario.net\/portal\/2021\/11\/02\/morales-dijo-al-volver-a-bolivia-organizar-milicias-armadas-igual-que-venezuela\/#breadcrumb","itemListElement":[{"@type":"ListItem","position":1,"name":"Portada","item":"https:\/\/www.eldiario.net\/portal\/"},{"@type":"ListItem","position":2,"name":"Morales dijo \u201cal volver a Bolivia organizar milicias armadas igual que Venezuela\u201d"}]},{"@type":"WebSite","@id":"https:\/\/www.eldiario.net\/portal\/#website","url":"https:\/\/www.eldiario.net\/portal\/","name":"El Diario - Decano de la prensa nacional","description":"El Diario - Decano de la prensa nacional","publisher":{"@id":"https:\/\/www.eldiario.net\/portal\/#organization"},"potentialAction":[{"@type":"SearchAction","target":{"@type":"EntryPoint","urlTemplate":"https:\/\/www.eldiario.net\/portal\/?s={search_term_string}"},"query-input":{"@type":"PropertyValueSpecification","valueRequired":true,"valueName":"search_term_string"}}],"inLanguage":"es"},{"@type":"Organization","@id":"https:\/\/www.eldiario.net\/portal\/#organization","name":"El Diario - Decano de la prensa nacional","url":"https:\/\/www.eldiario.net\/portal\/","logo":{"@type":"ImageObject","inLanguage":"es","@id":"https:\/\/www.eldiario.net\/portal\/#\/schema\/logo\/image\/","url":"https:\/\/www.eldiario.net\/portal\/wp-content\/uploads\/2023\/07\/logo_ED.jpg","contentUrl":"https:\/\/www.eldiario.net\/portal\/wp-content\/uploads\/2023\/07\/logo_ED.jpg","width":272,"height":52,"caption":"El Diario - Decano de la prensa nacional"},"image":{"@id":"https:\/\/www.eldiario.net\/portal\/#\/schema\/logo\/image\/"},"sameAs":["https:\/\/www.facebook.com\/eldiario.bolivia\/","https:\/\/x.com\/eldiario_net"]},{"@type":"Person","@id":"https:\/\/www.eldiario.net\/portal\/#\/schema\/person\/2c57cf2b7a7ae032e449e4c9b1019eac","name":"Jeanette","image":{"@type":"ImageObject","inLanguage":"es","@id":"https:\/\/secure.gravatar.com\/avatar\/3ea2118a5f7dad2b7138b1187a6b7ee55f160b9968b66013c3a3ef39dd7e5798?s=96&d=mm&r=g","url":"https:\/\/secure.gravatar.com\/avatar\/3ea2118a5f7dad2b7138b1187a6b7ee55f160b9968b66013c3a3ef39dd7e5798?s=96&d=mm&r=g","contentUrl":"https:\/\/secure.gravatar.com\/avatar\/3ea2118a5f7dad2b7138b1187a6b7ee55f160b9968b66013c3a3ef39dd7e5798?s=96&d=mm&r=g","caption":"Jeanette"},"sameAs":["https:\/\/www.eldiario.net\/portal"],"url":"https:\/\/www.eldiario.net\/portal\/author\/jeanette\/"}]}},"_links":{"self":[{"href":"https:\/\/www.eldiario.net\/portal\/wp-json\/wp\/v2\/posts\/40337","targetHints":{"allow":["GET"]}}],"collection":[{"href":"https:\/\/www.eldiario.net\/portal\/wp-json\/wp\/v2\/posts"}],"about":[{"href":"https:\/\/www.eldiario.net\/portal\/wp-json\/wp\/v2\/types\/post"}],"author":[{"embeddable":true,"href":"https:\/\/www.eldiario.net\/portal\/wp-json\/wp\/v2\/users\/1"}],"replies":[{"embeddable":true,"href":"https:\/\/www.eldiario.net\/portal\/wp-json\/wp\/v2\/comments?post=40337"}],"version-history":[{"count":0,"href":"https:\/\/www.eldiario.net\/portal\/wp-json\/wp\/v2\/posts\/40337\/revisions"}],"wp:featuredmedia":[{"embeddable":true,"href":"https:\/\/www.eldiario.net\/portal\/wp-json\/wp\/v2\/media\/2714"}],"wp:attachment":[{"href":"https:\/\/www.eldiario.net\/portal\/wp-json\/wp\/v2\/media?parent=40337"}],"wp:term":[{"taxonomy":"category","embeddable":true,"href":"https:\/\/www.eldiario.net\/portal\/wp-json\/wp\/v2\/categories?post=40337"},{"taxonomy":"post_tag","embeddable":true,"href":"https:\/\/www.eldiario.net\/portal\/wp-json\/wp\/v2\/tags?post=40337"}],"curies":[{"name":"wp","href":"https:\/\/api.w.org\/{rel}","templated":true}]}}