{"id":40335,"date":"2021-11-02T05:05:32","date_gmt":"2021-11-02T09:05:32","guid":{"rendered":"https:\/\/www.eldiario.net\/portal\/?p=40335"},"modified":"2021-11-02T05:05:32","modified_gmt":"2021-11-02T09:05:32","slug":"sostenibilidad","status":"publish","type":"post","link":"https:\/\/www.eldiario.net\/portal\/2021\/11\/02\/sostenibilidad\/","title":{"rendered":"Sostenibilidad"},"content":{"rendered":"<p>Sostenibilidad. \u00bfEst\u00e1 ah\u00ed dicho todo en Sanidad? Tal vez. En buena medida, porque por fin hemos entendido que la palabra talism\u00e1n de las \u00faltimas d\u00e9cadas \u2014rentabilidad\u2014 no es de aplicaci\u00f3n cuando se habla de servicios p\u00fablicos, y mucho menos cuando se habla de Sanidad P\u00fablica.<\/p>\n<p>Sostenible o no, y todo el dilema sanitario es ese. Por tanto, cualquier pr\u00e1ctica, invento, hospital o dispositivo asistencial debe ser sostenible, o quedar\u00e1 descalificado. En s\u00ed, la cuesti\u00f3n es de Perogrullo: lo que no se puede pagar, es inasumible, principio elemental de la econom\u00eda dom\u00e9stica. Claro que, si analizamos un poco los componentes de la ecuaci\u00f3n, le advertiremos los trucos y, por ende, las posibilidades de manipulaci\u00f3n, m\u00e1s o menos torticera o interesada.<\/p>\n<p>Supongamos, por ejemplo, un pa\u00eds que destina un porcentaje relativamente peque\u00f1o de su presupuesto a prestaciones sanitarias. Ello es, de por s\u00ed, de dif\u00edcil valoraci\u00f3n, tendr\u00edamos que hacerlo en comparaci\u00f3n con otros pa\u00edses de similar renta por habitantes o PIB por habitante. Lo que llamamos \u201cpa\u00edses de nuestro entorno\u201d. Solo as\u00ed pueden establecerse comparaciones, y solo despu\u00e9s de admitir factores de correcci\u00f3n, como, por ejemplo, los derivados de la demograf\u00eda y otros. Muy complejo, s\u00ed, se\u00f1or.<\/p>\n<p>Seguimos suponiendo, en nuestro ejemplo, que se plantea la incorporaci\u00f3n de una herramienta terap\u00e9utica nueva o una extensi\u00f3n de asistencia sanitaria hasta ahora no cubierta que beneficia a una proporci\u00f3n significativa de ciudadanos. La respuesta de los administradores del Sistema \u2014casi siempre\u2014 ser\u00e1 la resistencia, el escepticismo, el \u201cno\u201d, \u201cnos quedamos como estamos\u201d y, por fin, \u201cno es sostenible\u201d. Un mantra de lo m\u00e1s familiar, vaya.<\/p>\n<p>En mi ya larga experiencia profesional, encontr\u00e9 estas trabas varias veces. En los noventa, se resistieron a la incorporaci\u00f3n de la densitometr\u00eda \u00f3sea (invocaron que su capacidad de predecir el riesgo de fractura era limitada, comparada con otros factores). Penalizaron luego la prescripci\u00f3n de la insulina glargina, defendiendo las bondades de la antigua insulina NPH. Defendieron incluso la vigencia de la glibenclamida, aun cuando se les hac\u00eda ver que las Gu\u00edas de Pr\u00e1ctica Cl\u00ednica la consideraban un f\u00e1rmaco letal. Ejemplos que viv\u00ed personalmente \u2014cada especialidad tiene los suyos\u2014. Viejas batallas que hoy nos hacen sonre\u00edr, donde la palabra \u201csostenibilidad\u201d sal\u00eda a relucir, una vez y otra, como un talism\u00e1n del que ellos eran los guardianes m\u00e1gicos.<\/p>\n<p>Su poder institucional y su capacidad de intimidaci\u00f3n sobre los m\u00e9dicos de a pie lograron retrasar la incorporaci\u00f3n de estas y otras herramientas terap\u00e9uticas y, con ello, exhibir como un logro el freno del incremento del gasto terap\u00e9utico. Que, en algunos casos, fue acertado, al oponerse al imperio de la Industria Farmac\u00e9utica \u2014he escrito tambi\u00e9n al respecto\u2014, pero, por otra parte, hubo demasiado de presi\u00f3n por el miedo, sin m\u00e1s. Para los profesionales, se trataba de la persuasi\u00f3n del soborno, o casi, frente al temor a la jerarqu\u00eda, sin que esta se preocupara mucho de invertir en formaci\u00f3n. S\u00ed, han sido a\u00f1os duros, muy duros, los de la \u201csostenibilidad\u201d, reconozcamos en el t\u00e9rmino media verdad. Pero la otra media\u2026<\/p>\n<p>La otra media revelaba la urgencia por frenar el gasto farmac\u00e9utico y en prestaciones \u2014como fuera\u2014 sin reinvertirlo de forma adecuada. Hab\u00eda que prescribir por principio activo sin que ello redundara en mejores plantillas en los Centros de Atenci\u00f3n Primaria: m\u00e1s estables, m\u00e1s numerosas, menos presionadas, m\u00e1s libres de burocracia. Jornadas infernales contando minutos, recetas e indicadores, retrasando la incorporaci\u00f3n de novedades \u2014muchas veces con raz\u00f3n, pero algunas sin ella\u2014, solo para que arriba exhibieran medallas y que alguna que otra responsable se allanara una carrera pol\u00edtica mete\u00f3rica.<\/p>\n<p>Por la \u201csostenibilidad\u201d dimos altas forzadas y perge\u00f1amos actos a medias, suponiendo que \u201calguien\u201d, en el hiperespacio sanitario, completar\u00eda la otra mitad. Sin embargo, la \u201csostenibilidad\u201d era un argumento perfecto. Precioso. Tan hermoso, que era medio cierto. El problema de estas verdades a medias es que nunca las podemos verificar. Solo cumplir con nuestra parte, peg\u00e1ndonos pellizcos en el costado. El resto\u2026<\/p>\n<p>El resto es hacer el juego a una c\u00fapula, ah\u00ed arriba, que juega con un bal\u00f3n diferente, en una liga diferente, para los que la \u201csostenibilidad\u201d es diferente. Y, ojo, asumo que esto tambi\u00e9n es media verdad. Porque no afirmo que, en los despachos del poder, no haya conciencias honestas \u2014 no me ver\u00e1n en esa simpleza injusta \u2014. Pero que, junto a los anteriores, tambi\u00e9n pululan altos cargos cuya \u201csostenibilidad\u201d es simplemente sostenerse ah\u00ed en lo alto, lejos del olor a humanidad d\u00eda tras d\u00eda, a\u00f1o tras a\u00f1o. Y, despu\u00e9s de todos estos a\u00f1os, sigo sosteniendo esta opini\u00f3n. Que ha terminado por convertirse en mi \u201csostenibilidad\u201d particular.<\/p>\n<p>Quiero decir, con esto, que palabras importantes, llenas de contenido, lo pierden con el abuso y el manoseo. Sobre todo, si son empleadas, una vez y otra, como armas de la intimidaci\u00f3n contra la buena fe profesional, sin m\u00e1s. Y todo para cimentar y defender trayectorias de gesti\u00f3n, o carreras pol\u00edticas. Tenemos que revisar todo eso.<\/p>\n<p>&nbsp;<\/p>\n<p><em>Dr. Federico Relimpio, m\u00e9dico colegiado del Colegio de M\u00e9dicos de Sevilla, Espa\u00f1a. <\/em><\/p>\n<p>&nbsp;<\/p>\n<p>Medicosypacientes.com<\/p>\n","protected":false},"excerpt":{"rendered":"<p>Sostenibilidad. \u00bfEst\u00e1 ah\u00ed dicho todo en Sanidad? Tal vez. En buena medida, porque por fin hemos entendido que la palabra talism\u00e1n de las \u00faltimas d\u00e9cadas \u2014rentabilidad\u2014 no es de aplicaci\u00f3n cuando se habla de servicios p\u00fablicos, y mucho menos cuando se habla de Sanidad P\u00fablica. Sostenible o no, y todo el dilema sanitario es ese. [&hellip;]<\/p>\n","protected":false},"author":1,"featured_media":0,"comment_status":"closed","ping_status":"closed","sticky":false,"template":"","format":"standard","meta":{"_acf_changed":false,"footnotes":""},"categories":[9],"tags":[],"class_list":["post-40335","post","type-post","status-publish","format-standard","category-opinion"],"acf":{"antetitulo":""},"yoast_head":"<!-- This site is optimized with the Yoast SEO plugin v28.4 - https:\/\/yoast.com\/product\/yoast-seo-wordpress\/ -->\n<title>Sostenibilidad - El Diario - Bolivia<\/title>\n<meta name=\"robots\" content=\"index, follow, max-snippet:-1, max-image-preview:large, max-video-preview:-1\" \/>\n<link rel=\"canonical\" href=\"https:\/\/www.eldiario.net\/portal\/2021\/11\/02\/sostenibilidad\/\" \/>\n<meta property=\"og:locale\" content=\"es_ES\" \/>\n<meta property=\"og:type\" content=\"article\" \/>\n<meta property=\"og:title\" content=\"Sostenibilidad - El Diario - Bolivia\" \/>\n<meta property=\"og:description\" content=\"Sostenibilidad. \u00bfEst\u00e1 ah\u00ed dicho todo en Sanidad? Tal vez. En buena medida, porque por fin hemos entendido que la palabra talism\u00e1n de las \u00faltimas d\u00e9cadas \u2014rentabilidad\u2014 no es de aplicaci\u00f3n cuando se habla de servicios p\u00fablicos, y mucho menos cuando se habla de Sanidad P\u00fablica. Sostenible o no, y todo el dilema sanitario es ese. [&hellip;]\" \/>\n<meta property=\"og:url\" content=\"https:\/\/www.eldiario.net\/portal\/2021\/11\/02\/sostenibilidad\/\" \/>\n<meta property=\"og:site_name\" content=\"El Diario - Bolivia\" \/>\n<meta property=\"article:publisher\" content=\"https:\/\/www.facebook.com\/eldiario.bolivia\/\" \/>\n<meta property=\"article:published_time\" content=\"2021-11-02T09:05:32+00:00\" \/>\n<meta name=\"author\" content=\"Jeanette\" \/>\n<meta name=\"twitter:card\" content=\"summary_large_image\" \/>\n<meta name=\"twitter:creator\" content=\"@eldiario_net\" \/>\n<meta name=\"twitter:site\" content=\"@eldiario_net\" \/>\n<meta name=\"twitter:label1\" content=\"Escrito por\" \/>\n\t<meta name=\"twitter:data1\" content=\"Jeanette\" \/>\n\t<meta name=\"twitter:label2\" content=\"Tiempo de lectura\" \/>\n\t<meta name=\"twitter:data2\" content=\"4 minutos\" \/>\n<script type=\"application\/ld+json\" class=\"yoast-schema-graph\">{\"@context\":\"https:\\\/\\\/schema.org\",\"@graph\":[{\"@type\":\"Article\",\"@id\":\"https:\\\/\\\/www.eldiario.net\\\/portal\\\/2021\\\/11\\\/02\\\/sostenibilidad\\\/#article\",\"isPartOf\":{\"@id\":\"https:\\\/\\\/www.eldiario.net\\\/portal\\\/2021\\\/11\\\/02\\\/sostenibilidad\\\/\"},\"author\":{\"name\":\"Jeanette\",\"@id\":\"https:\\\/\\\/www.eldiario.net\\\/portal\\\/#\\\/schema\\\/person\\\/2c57cf2b7a7ae032e449e4c9b1019eac\"},\"headline\":\"Sostenibilidad\",\"datePublished\":\"2021-11-02T09:05:32+00:00\",\"mainEntityOfPage\":{\"@id\":\"https:\\\/\\\/www.eldiario.net\\\/portal\\\/2021\\\/11\\\/02\\\/sostenibilidad\\\/\"},\"wordCount\":912,\"publisher\":{\"@id\":\"https:\\\/\\\/www.eldiario.net\\\/portal\\\/#organization\"},\"articleSection\":[\"Opini\u00f3n\"],\"inLanguage\":\"es\"},{\"@type\":\"WebPage\",\"@id\":\"https:\\\/\\\/www.eldiario.net\\\/portal\\\/2021\\\/11\\\/02\\\/sostenibilidad\\\/\",\"url\":\"https:\\\/\\\/www.eldiario.net\\\/portal\\\/2021\\\/11\\\/02\\\/sostenibilidad\\\/\",\"name\":\"Sostenibilidad - El Diario - Bolivia\",\"isPartOf\":{\"@id\":\"https:\\\/\\\/www.eldiario.net\\\/portal\\\/#website\"},\"datePublished\":\"2021-11-02T09:05:32+00:00\",\"breadcrumb\":{\"@id\":\"https:\\\/\\\/www.eldiario.net\\\/portal\\\/2021\\\/11\\\/02\\\/sostenibilidad\\\/#breadcrumb\"},\"inLanguage\":\"es\",\"potentialAction\":[{\"@type\":\"ReadAction\",\"target\":[\"https:\\\/\\\/www.eldiario.net\\\/portal\\\/2021\\\/11\\\/02\\\/sostenibilidad\\\/\"]}]},{\"@type\":\"BreadcrumbList\",\"@id\":\"https:\\\/\\\/www.eldiario.net\\\/portal\\\/2021\\\/11\\\/02\\\/sostenibilidad\\\/#breadcrumb\",\"itemListElement\":[{\"@type\":\"ListItem\",\"position\":1,\"name\":\"Portada\",\"item\":\"https:\\\/\\\/www.eldiario.net\\\/portal\\\/\"},{\"@type\":\"ListItem\",\"position\":2,\"name\":\"Sostenibilidad\"}]},{\"@type\":\"WebSite\",\"@id\":\"https:\\\/\\\/www.eldiario.net\\\/portal\\\/#website\",\"url\":\"https:\\\/\\\/www.eldiario.net\\\/portal\\\/\",\"name\":\"El Diario - Decano de la prensa nacional\",\"description\":\"El Diario - Decano de la prensa nacional\",\"publisher\":{\"@id\":\"https:\\\/\\\/www.eldiario.net\\\/portal\\\/#organization\"},\"potentialAction\":[{\"@type\":\"SearchAction\",\"target\":{\"@type\":\"EntryPoint\",\"urlTemplate\":\"https:\\\/\\\/www.eldiario.net\\\/portal\\\/?s={search_term_string}\"},\"query-input\":{\"@type\":\"PropertyValueSpecification\",\"valueRequired\":true,\"valueName\":\"search_term_string\"}}],\"inLanguage\":\"es\"},{\"@type\":\"Organization\",\"@id\":\"https:\\\/\\\/www.eldiario.net\\\/portal\\\/#organization\",\"name\":\"El Diario - Decano de la prensa nacional\",\"url\":\"https:\\\/\\\/www.eldiario.net\\\/portal\\\/\",\"logo\":{\"@type\":\"ImageObject\",\"inLanguage\":\"es\",\"@id\":\"https:\\\/\\\/www.eldiario.net\\\/portal\\\/#\\\/schema\\\/logo\\\/image\\\/\",\"url\":\"https:\\\/\\\/www.eldiario.net\\\/portal\\\/wp-content\\\/uploads\\\/2023\\\/07\\\/logo_ED.jpg\",\"contentUrl\":\"https:\\\/\\\/www.eldiario.net\\\/portal\\\/wp-content\\\/uploads\\\/2023\\\/07\\\/logo_ED.jpg\",\"width\":272,\"height\":52,\"caption\":\"El Diario - Decano de la prensa nacional\"},\"image\":{\"@id\":\"https:\\\/\\\/www.eldiario.net\\\/portal\\\/#\\\/schema\\\/logo\\\/image\\\/\"},\"sameAs\":[\"https:\\\/\\\/www.facebook.com\\\/eldiario.bolivia\\\/\",\"https:\\\/\\\/x.com\\\/eldiario_net\"]},{\"@type\":\"Person\",\"@id\":\"https:\\\/\\\/www.eldiario.net\\\/portal\\\/#\\\/schema\\\/person\\\/2c57cf2b7a7ae032e449e4c9b1019eac\",\"name\":\"Jeanette\",\"image\":{\"@type\":\"ImageObject\",\"inLanguage\":\"es\",\"@id\":\"https:\\\/\\\/secure.gravatar.com\\\/avatar\\\/3ea2118a5f7dad2b7138b1187a6b7ee55f160b9968b66013c3a3ef39dd7e5798?s=96&d=mm&r=g\",\"url\":\"https:\\\/\\\/secure.gravatar.com\\\/avatar\\\/3ea2118a5f7dad2b7138b1187a6b7ee55f160b9968b66013c3a3ef39dd7e5798?s=96&d=mm&r=g\",\"contentUrl\":\"https:\\\/\\\/secure.gravatar.com\\\/avatar\\\/3ea2118a5f7dad2b7138b1187a6b7ee55f160b9968b66013c3a3ef39dd7e5798?s=96&d=mm&r=g\",\"caption\":\"Jeanette\"},\"sameAs\":[\"https:\\\/\\\/www.eldiario.net\\\/portal\"],\"url\":\"https:\\\/\\\/www.eldiario.net\\\/portal\\\/author\\\/jeanette\\\/\"}]}<\/script>\n<!-- \/ Yoast SEO plugin. -->","yoast_head_json":{"title":"Sostenibilidad - El Diario - Bolivia","robots":{"index":"index","follow":"follow","max-snippet":"max-snippet:-1","max-image-preview":"max-image-preview:large","max-video-preview":"max-video-preview:-1"},"canonical":"https:\/\/www.eldiario.net\/portal\/2021\/11\/02\/sostenibilidad\/","og_locale":"es_ES","og_type":"article","og_title":"Sostenibilidad - El Diario - Bolivia","og_description":"Sostenibilidad. \u00bfEst\u00e1 ah\u00ed dicho todo en Sanidad? Tal vez. En buena medida, porque por fin hemos entendido que la palabra talism\u00e1n de las \u00faltimas d\u00e9cadas \u2014rentabilidad\u2014 no es de aplicaci\u00f3n cuando se habla de servicios p\u00fablicos, y mucho menos cuando se habla de Sanidad P\u00fablica. Sostenible o no, y todo el dilema sanitario es ese. [&hellip;]","og_url":"https:\/\/www.eldiario.net\/portal\/2021\/11\/02\/sostenibilidad\/","og_site_name":"El Diario - Bolivia","article_publisher":"https:\/\/www.facebook.com\/eldiario.bolivia\/","article_published_time":"2021-11-02T09:05:32+00:00","author":"Jeanette","twitter_card":"summary_large_image","twitter_creator":"@eldiario_net","twitter_site":"@eldiario_net","twitter_misc":{"Escrito por":"Jeanette","Tiempo de lectura":"4 minutos"},"schema":{"@context":"https:\/\/schema.org","@graph":[{"@type":"Article","@id":"https:\/\/www.eldiario.net\/portal\/2021\/11\/02\/sostenibilidad\/#article","isPartOf":{"@id":"https:\/\/www.eldiario.net\/portal\/2021\/11\/02\/sostenibilidad\/"},"author":{"name":"Jeanette","@id":"https:\/\/www.eldiario.net\/portal\/#\/schema\/person\/2c57cf2b7a7ae032e449e4c9b1019eac"},"headline":"Sostenibilidad","datePublished":"2021-11-02T09:05:32+00:00","mainEntityOfPage":{"@id":"https:\/\/www.eldiario.net\/portal\/2021\/11\/02\/sostenibilidad\/"},"wordCount":912,"publisher":{"@id":"https:\/\/www.eldiario.net\/portal\/#organization"},"articleSection":["Opini\u00f3n"],"inLanguage":"es"},{"@type":"WebPage","@id":"https:\/\/www.eldiario.net\/portal\/2021\/11\/02\/sostenibilidad\/","url":"https:\/\/www.eldiario.net\/portal\/2021\/11\/02\/sostenibilidad\/","name":"Sostenibilidad - El Diario - Bolivia","isPartOf":{"@id":"https:\/\/www.eldiario.net\/portal\/#website"},"datePublished":"2021-11-02T09:05:32+00:00","breadcrumb":{"@id":"https:\/\/www.eldiario.net\/portal\/2021\/11\/02\/sostenibilidad\/#breadcrumb"},"inLanguage":"es","potentialAction":[{"@type":"ReadAction","target":["https:\/\/www.eldiario.net\/portal\/2021\/11\/02\/sostenibilidad\/"]}]},{"@type":"BreadcrumbList","@id":"https:\/\/www.eldiario.net\/portal\/2021\/11\/02\/sostenibilidad\/#breadcrumb","itemListElement":[{"@type":"ListItem","position":1,"name":"Portada","item":"https:\/\/www.eldiario.net\/portal\/"},{"@type":"ListItem","position":2,"name":"Sostenibilidad"}]},{"@type":"WebSite","@id":"https:\/\/www.eldiario.net\/portal\/#website","url":"https:\/\/www.eldiario.net\/portal\/","name":"El Diario - Decano de la prensa nacional","description":"El Diario - Decano de la prensa nacional","publisher":{"@id":"https:\/\/www.eldiario.net\/portal\/#organization"},"potentialAction":[{"@type":"SearchAction","target":{"@type":"EntryPoint","urlTemplate":"https:\/\/www.eldiario.net\/portal\/?s={search_term_string}"},"query-input":{"@type":"PropertyValueSpecification","valueRequired":true,"valueName":"search_term_string"}}],"inLanguage":"es"},{"@type":"Organization","@id":"https:\/\/www.eldiario.net\/portal\/#organization","name":"El Diario - Decano de la prensa nacional","url":"https:\/\/www.eldiario.net\/portal\/","logo":{"@type":"ImageObject","inLanguage":"es","@id":"https:\/\/www.eldiario.net\/portal\/#\/schema\/logo\/image\/","url":"https:\/\/www.eldiario.net\/portal\/wp-content\/uploads\/2023\/07\/logo_ED.jpg","contentUrl":"https:\/\/www.eldiario.net\/portal\/wp-content\/uploads\/2023\/07\/logo_ED.jpg","width":272,"height":52,"caption":"El Diario - Decano de la prensa nacional"},"image":{"@id":"https:\/\/www.eldiario.net\/portal\/#\/schema\/logo\/image\/"},"sameAs":["https:\/\/www.facebook.com\/eldiario.bolivia\/","https:\/\/x.com\/eldiario_net"]},{"@type":"Person","@id":"https:\/\/www.eldiario.net\/portal\/#\/schema\/person\/2c57cf2b7a7ae032e449e4c9b1019eac","name":"Jeanette","image":{"@type":"ImageObject","inLanguage":"es","@id":"https:\/\/secure.gravatar.com\/avatar\/3ea2118a5f7dad2b7138b1187a6b7ee55f160b9968b66013c3a3ef39dd7e5798?s=96&d=mm&r=g","url":"https:\/\/secure.gravatar.com\/avatar\/3ea2118a5f7dad2b7138b1187a6b7ee55f160b9968b66013c3a3ef39dd7e5798?s=96&d=mm&r=g","contentUrl":"https:\/\/secure.gravatar.com\/avatar\/3ea2118a5f7dad2b7138b1187a6b7ee55f160b9968b66013c3a3ef39dd7e5798?s=96&d=mm&r=g","caption":"Jeanette"},"sameAs":["https:\/\/www.eldiario.net\/portal"],"url":"https:\/\/www.eldiario.net\/portal\/author\/jeanette\/"}]}},"_links":{"self":[{"href":"https:\/\/www.eldiario.net\/portal\/wp-json\/wp\/v2\/posts\/40335","targetHints":{"allow":["GET"]}}],"collection":[{"href":"https:\/\/www.eldiario.net\/portal\/wp-json\/wp\/v2\/posts"}],"about":[{"href":"https:\/\/www.eldiario.net\/portal\/wp-json\/wp\/v2\/types\/post"}],"author":[{"embeddable":true,"href":"https:\/\/www.eldiario.net\/portal\/wp-json\/wp\/v2\/users\/1"}],"replies":[{"embeddable":true,"href":"https:\/\/www.eldiario.net\/portal\/wp-json\/wp\/v2\/comments?post=40335"}],"version-history":[{"count":0,"href":"https:\/\/www.eldiario.net\/portal\/wp-json\/wp\/v2\/posts\/40335\/revisions"}],"wp:attachment":[{"href":"https:\/\/www.eldiario.net\/portal\/wp-json\/wp\/v2\/media?parent=40335"}],"wp:term":[{"taxonomy":"category","embeddable":true,"href":"https:\/\/www.eldiario.net\/portal\/wp-json\/wp\/v2\/categories?post=40335"},{"taxonomy":"post_tag","embeddable":true,"href":"https:\/\/www.eldiario.net\/portal\/wp-json\/wp\/v2\/tags?post=40335"}],"curies":[{"name":"wp","href":"https:\/\/api.w.org\/{rel}","templated":true}]}}