{"id":40330,"date":"2021-11-02T05:02:22","date_gmt":"2021-11-02T09:02:22","guid":{"rendered":"https:\/\/www.eldiario.net\/portal\/?p=40330"},"modified":"2021-11-02T05:02:22","modified_gmt":"2021-11-02T09:02:22","slug":"40330","status":"publish","type":"post","link":"https:\/\/www.eldiario.net\/portal\/2021\/11\/02\/40330\/","title":{"rendered":"Qu\u00e9 s\u00e9, qu\u00e9 quiero saber, qu\u00e9 aprend\u00ed (SQA)"},"content":{"rendered":"<p>Resulta innegable en el presente y nuevo Siglo XXI, la incorporaci\u00f3n de un conjunto de acciones planificadas y dise\u00f1adas (estrategias) por el\/la docente, para facilitar la toma de decisiones y orientadas a alcanzar un determinado resultado, en nuestro caso las competencias de cada unidad o tema, por parte del estudiante.<\/p>\n<p>Nuestros j\u00f3venes a pesar de su corta edad e ingreso en un nuevo nivel de ense\u00f1anza (media) presentan conocimientos b\u00e1sicos de su entorno, aprendidos del nivel que le antecede, o bien del mundo exterior a trav\u00e9s de los medios masivos de comunicaci\u00f3n, como la televisi\u00f3n, el cine, as\u00ed como el uso de la tecnolog\u00eda de la informaci\u00f3n y la comunicaci\u00f3n (TIC) mediante el empleo de plataformas que dan acceso a un sinn\u00famero de informaci\u00f3n tales como textos, videos, inclusive clases virtuales y otros, lo que nos hace pensar que ese estudiante que tienes delante, no parte de \u201ccero\u201d en cuanto a conocimientos, \u00e9l o ella saben, tienen conocimientos previos.<\/p>\n<p>La estrategia est\u00e1 en saber \u201cextra\u00e9rselos\u201d de aqu\u00ed la necesidad de colaborar arm\u00f3nicamente con cada docente y estudiante de modo tal que el desempe\u00f1o de ambos, sea exitoso.<\/p>\n<p>A continuaci\u00f3n, te expondr\u00e9 una de diferentes estrategias<a href=\"#_ftn1\" name=\"_ftnref1\"><sup>[1]<\/sup><\/a>, relacionadas con unidades o temas que suelen abordase com\u00fanmente en la ense\u00f1anza media, pero tambi\u00e9n aplicable a otros niveles.\u00a0 Espero que te sean \u00fatiles.<\/p>\n<p><strong><em>\u00a0<\/em><\/strong><\/p>\n<p><strong>Estrategia: Qu\u00e9 s\u00e9, qu\u00e9 quiero saber, qu\u00e9 aprend\u00ed (SQA) <\/strong><\/p>\n<p><strong>\u00a0<\/strong><\/p>\n<p>Actividad que permite motivar el estudio, indagando previamente los conocimientos previos del estudiante, para posteriormente cuestionarse de lo que desea aprender y finalmente, verificar lo aprendido.<\/p>\n<p>&nbsp;<\/p>\n<p>\u00bfQu\u00e9 metodolog\u00eda debemos seguir para lograrlo?<\/p>\n<p>&nbsp;<\/p>\n<ol>\n<li>Se presenta un tema, un texto o una situaci\u00f3n y posteriormente se solicita a los estudiantes que determinen lo que saben acerca del tema.<\/li>\n<li>Los estudiantes (individual o por equipos) tendr\u00e1n que responder con base a las siguientes afirmaciones:<\/li>\n<\/ol>\n<ul>\n<li>Lo que s\u00e9: se refiere a los conocimientos previos.<\/li>\n<li>Lo que quiero saber: corresponde a dudas o interrogantes que se tienen sobre el tema, texto o situaci\u00f3n.<\/li>\n<li>Lo que aprend\u00ed: Con ello se verifica el aprendizaje significativo alcanzado.<\/li>\n<\/ul>\n<p>&nbsp;<\/p>\n<ol start=\"3\">\n<li>La \u00faltima afirmaci\u00f3n (lo que aprend\u00ed) se debe responder al finalizar el proceso de ense\u00f1anza y aprendizaje, en la etapa de la evaluaci\u00f3n.<\/li>\n<li>Se puede construir una tabla de tres columnas o utilizando ordenadores gr\u00e1ficos<a href=\"#_ftn2\" name=\"_ftnref2\"><sup>[2]<\/sup><\/a>.<\/li>\n<li>Esta actividad puede ser utilizada a modo de introducci\u00f3n en una nueva unidad o tema, as\u00ed como orientado mediante una actividad no presencial o tarea a nivel de equipo de estudio, para ser presentado en la clase siguiente.<\/li>\n<\/ol>\n<p>&nbsp;<\/p>\n<p>Te brindo a continuaci\u00f3n una serie de ejemplos, que si bien hemos seleccionado unidades concretas apoy\u00e1ndonos en libros de textos, queda en sus manos, profesor, realizar su propia selecci\u00f3n.<\/p>\n<p>&nbsp;<\/p>\n<p>Unidad #I: \u201cEl M\u00e9todo Cient\u00edfico en la Investigaci\u00f3n\u201d<\/p>\n<p>&nbsp;<\/p>\n<p>Tema: Modelos cient\u00edficos.<\/p>\n<p>&nbsp;<\/p>\n<table>\n<tbody>\n<tr>\n<td width=\"189\">LO QUE S\u00c9<\/td>\n<td width=\"189\">LO QUE QUIERO SABER<\/td>\n<td width=\"189\">LO QUE APREND\u00cd<\/td>\n<\/tr>\n<tr>\n<td width=\"189\">\u00b7<\/p>\n<p>\u00b7<\/p>\n<p>\u00b7<\/td>\n<td width=\"189\">o<\/p>\n<p>o<\/p>\n<p>o<\/td>\n<td width=\"189\">\u00a7<\/p>\n<p>\u00a7<\/p>\n<p>\u00a7<\/td>\n<\/tr>\n<\/tbody>\n<\/table>\n<p>&nbsp;<\/p>\n<p>&nbsp;<\/p>\n<p>Unidad # III: \u201cLos Vertebrados\u201d<\/p>\n<p>&nbsp;<\/p>\n<p>Tema: Importancia biol\u00f3gica, econ\u00f3mica y cultural.<\/p>\n<p><a href=\"https:\/\/www.eldiario.net\/portal\/wp-content\/uploads\/2021\/11\/grafico.png\"><img loading=\"lazy\" decoding=\"async\" class=\"aligncenter size-full wp-image-40331\" src=\"https:\/\/www.eldiario.net\/portal\/wp-content\/uploads\/2021\/11\/grafico.png\" alt=\"\" width=\"572\" height=\"154\" \/><\/a><\/p>\n<table>\n<tbody>\n<tr>\n<td width=\"0\"><\/td>\n<td width=\"136\"><\/td>\n<td width=\"67\"><\/td>\n<td width=\"137\"><\/td>\n<\/tr>\n<tr>\n<td><\/td>\n<td rowspan=\"2\"><\/td>\n<\/tr>\n<tr>\n<td><\/td>\n<td><\/td>\n<td><\/td>\n<\/tr>\n<\/tbody>\n<\/table>\n<p>&nbsp;<\/p>\n<p>Unidad # VII: \u201cEl medio ambiente y los recursos naturales\u201d<\/p>\n<p>&nbsp;<\/p>\n<p>Tema: Ciclo hidrol\u00f3gico o ciclo del agua.<\/p>\n<p>&nbsp;<\/p>\n<p>\u00a1Continuaremos!<\/p>\n<p>&nbsp;<\/p>\n<p><em>El autor es licenciado en Ciencias Pedag\u00f3gicas, con postgrados en Educaci\u00f3n Superior.<\/em><\/p>\n<p><a href=\"#_ftnref1\" name=\"_ftn1\">[1]<\/a> Es necesario que el\/la docente tome su tiempo y programe previamente, notificando a sus estudiantes en que consiste cada estrategia (definici\u00f3n, metodolog\u00eda a emplear, recursos, etc.)<\/p>\n<p><a href=\"#_ftnref2\" name=\"_ftn2\">[2]<\/a> Ordenador gr\u00e1fico: son t\u00e9cnicas activas de aprendizaje mediante las cuales se representan los conceptos en esquemas visuales. Hay de diferentes tipos, los cuales son estructurados de una manera l\u00f3gica y ordenada.<\/p>\n","protected":false},"excerpt":{"rendered":"<p>Resulta innegable en el presente y nuevo Siglo XXI, la incorporaci\u00f3n de un conjunto de acciones planificadas y dise\u00f1adas (estrategias) por el\/la docente, para facilitar la toma de decisiones y orientadas a alcanzar un determinado resultado, en nuestro caso las competencias de cada unidad o tema, por parte del estudiante. Nuestros j\u00f3venes a pesar de [&hellip;]<\/p>\n","protected":false},"author":1,"featured_media":30173,"comment_status":"closed","ping_status":"closed","sticky":false,"template":"","format":"standard","meta":{"_acf_changed":false,"footnotes":""},"categories":[9],"tags":[],"class_list":["post-40330","post","type-post","status-publish","format-standard","has-post-thumbnail","category-opinion"],"acf":{"antetitulo":""},"yoast_head":"<!-- This site is optimized with the Yoast SEO plugin v28.4 - https:\/\/yoast.com\/product\/yoast-seo-wordpress\/ -->\n<title>Qu\u00e9 s\u00e9, qu\u00e9 quiero saber, qu\u00e9 aprend\u00ed (SQA) - El Diario - Bolivia<\/title>\n<meta name=\"robots\" content=\"index, follow, max-snippet:-1, max-image-preview:large, max-video-preview:-1\" \/>\n<link rel=\"canonical\" href=\"https:\/\/www.eldiario.net\/portal\/2021\/11\/02\/40330\/\" \/>\n<meta property=\"og:locale\" content=\"es_ES\" \/>\n<meta property=\"og:type\" content=\"article\" \/>\n<meta property=\"og:title\" content=\"Qu\u00e9 s\u00e9, qu\u00e9 quiero saber, qu\u00e9 aprend\u00ed (SQA) - El Diario - Bolivia\" \/>\n<meta property=\"og:description\" content=\"Resulta innegable en el presente y nuevo Siglo XXI, la incorporaci\u00f3n de un conjunto de acciones planificadas y dise\u00f1adas (estrategias) por el\/la docente, para facilitar la toma de decisiones y orientadas a alcanzar un determinado resultado, en nuestro caso las competencias de cada unidad o tema, por parte del estudiante. Nuestros j\u00f3venes a pesar de [&hellip;]\" \/>\n<meta property=\"og:url\" content=\"https:\/\/www.eldiario.net\/portal\/2021\/11\/02\/40330\/\" \/>\n<meta property=\"og:site_name\" content=\"El Diario - Bolivia\" \/>\n<meta property=\"article:publisher\" content=\"https:\/\/www.facebook.com\/eldiario.bolivia\/\" \/>\n<meta property=\"article:published_time\" content=\"2021-11-02T09:02:22+00:00\" \/>\n<meta name=\"author\" content=\"Jeanette\" \/>\n<meta name=\"twitter:card\" content=\"summary_large_image\" \/>\n<meta name=\"twitter:creator\" content=\"@eldiario_net\" \/>\n<meta name=\"twitter:site\" content=\"@eldiario_net\" \/>\n<meta name=\"twitter:label1\" content=\"Escrito por\" \/>\n\t<meta name=\"twitter:data1\" content=\"Jeanette\" \/>\n\t<meta name=\"twitter:label2\" content=\"Tiempo de lectura\" \/>\n\t<meta name=\"twitter:data2\" content=\"3 minutos\" \/>\n<script type=\"application\/ld+json\" class=\"yoast-schema-graph\">{\"@context\":\"https:\\\/\\\/schema.org\",\"@graph\":[{\"@type\":\"Article\",\"@id\":\"https:\\\/\\\/www.eldiario.net\\\/portal\\\/2021\\\/11\\\/02\\\/40330\\\/#article\",\"isPartOf\":{\"@id\":\"https:\\\/\\\/www.eldiario.net\\\/portal\\\/2021\\\/11\\\/02\\\/40330\\\/\"},\"author\":{\"name\":\"Jeanette\",\"@id\":\"https:\\\/\\\/www.eldiario.net\\\/portal\\\/#\\\/schema\\\/person\\\/2c57cf2b7a7ae032e449e4c9b1019eac\"},\"headline\":\"Qu\u00e9 s\u00e9, qu\u00e9 quiero saber, qu\u00e9 aprend\u00ed (SQA)\",\"datePublished\":\"2021-11-02T09:02:22+00:00\",\"mainEntityOfPage\":{\"@id\":\"https:\\\/\\\/www.eldiario.net\\\/portal\\\/2021\\\/11\\\/02\\\/40330\\\/\"},\"wordCount\":629,\"publisher\":{\"@id\":\"https:\\\/\\\/www.eldiario.net\\\/portal\\\/#organization\"},\"image\":{\"@id\":\"https:\\\/\\\/www.eldiario.net\\\/portal\\\/2021\\\/11\\\/02\\\/40330\\\/#primaryimage\"},\"thumbnailUrl\":\"\",\"articleSection\":[\"Opini\u00f3n\"],\"inLanguage\":\"es\"},{\"@type\":\"WebPage\",\"@id\":\"https:\\\/\\\/www.eldiario.net\\\/portal\\\/2021\\\/11\\\/02\\\/40330\\\/\",\"url\":\"https:\\\/\\\/www.eldiario.net\\\/portal\\\/2021\\\/11\\\/02\\\/40330\\\/\",\"name\":\"Qu\u00e9 s\u00e9, qu\u00e9 quiero saber, qu\u00e9 aprend\u00ed (SQA) - El Diario - Bolivia\",\"isPartOf\":{\"@id\":\"https:\\\/\\\/www.eldiario.net\\\/portal\\\/#website\"},\"primaryImageOfPage\":{\"@id\":\"https:\\\/\\\/www.eldiario.net\\\/portal\\\/2021\\\/11\\\/02\\\/40330\\\/#primaryimage\"},\"image\":{\"@id\":\"https:\\\/\\\/www.eldiario.net\\\/portal\\\/2021\\\/11\\\/02\\\/40330\\\/#primaryimage\"},\"thumbnailUrl\":\"\",\"datePublished\":\"2021-11-02T09:02:22+00:00\",\"breadcrumb\":{\"@id\":\"https:\\\/\\\/www.eldiario.net\\\/portal\\\/2021\\\/11\\\/02\\\/40330\\\/#breadcrumb\"},\"inLanguage\":\"es\",\"potentialAction\":[{\"@type\":\"ReadAction\",\"target\":[\"https:\\\/\\\/www.eldiario.net\\\/portal\\\/2021\\\/11\\\/02\\\/40330\\\/\"]}]},{\"@type\":\"ImageObject\",\"inLanguage\":\"es\",\"@id\":\"https:\\\/\\\/www.eldiario.net\\\/portal\\\/2021\\\/11\\\/02\\\/40330\\\/#primaryimage\",\"url\":\"\",\"contentUrl\":\"\"},{\"@type\":\"BreadcrumbList\",\"@id\":\"https:\\\/\\\/www.eldiario.net\\\/portal\\\/2021\\\/11\\\/02\\\/40330\\\/#breadcrumb\",\"itemListElement\":[{\"@type\":\"ListItem\",\"position\":1,\"name\":\"Portada\",\"item\":\"https:\\\/\\\/www.eldiario.net\\\/portal\\\/\"},{\"@type\":\"ListItem\",\"position\":2,\"name\":\"Qu\u00e9 s\u00e9, qu\u00e9 quiero saber, qu\u00e9 aprend\u00ed (SQA)\"}]},{\"@type\":\"WebSite\",\"@id\":\"https:\\\/\\\/www.eldiario.net\\\/portal\\\/#website\",\"url\":\"https:\\\/\\\/www.eldiario.net\\\/portal\\\/\",\"name\":\"El Diario - Decano de la prensa nacional\",\"description\":\"El Diario - Decano de la prensa nacional\",\"publisher\":{\"@id\":\"https:\\\/\\\/www.eldiario.net\\\/portal\\\/#organization\"},\"potentialAction\":[{\"@type\":\"SearchAction\",\"target\":{\"@type\":\"EntryPoint\",\"urlTemplate\":\"https:\\\/\\\/www.eldiario.net\\\/portal\\\/?s={search_term_string}\"},\"query-input\":{\"@type\":\"PropertyValueSpecification\",\"valueRequired\":true,\"valueName\":\"search_term_string\"}}],\"inLanguage\":\"es\"},{\"@type\":\"Organization\",\"@id\":\"https:\\\/\\\/www.eldiario.net\\\/portal\\\/#organization\",\"name\":\"El Diario - Decano de la prensa nacional\",\"url\":\"https:\\\/\\\/www.eldiario.net\\\/portal\\\/\",\"logo\":{\"@type\":\"ImageObject\",\"inLanguage\":\"es\",\"@id\":\"https:\\\/\\\/www.eldiario.net\\\/portal\\\/#\\\/schema\\\/logo\\\/image\\\/\",\"url\":\"https:\\\/\\\/www.eldiario.net\\\/portal\\\/wp-content\\\/uploads\\\/2023\\\/07\\\/logo_ED.jpg\",\"contentUrl\":\"https:\\\/\\\/www.eldiario.net\\\/portal\\\/wp-content\\\/uploads\\\/2023\\\/07\\\/logo_ED.jpg\",\"width\":272,\"height\":52,\"caption\":\"El Diario - Decano de la prensa nacional\"},\"image\":{\"@id\":\"https:\\\/\\\/www.eldiario.net\\\/portal\\\/#\\\/schema\\\/logo\\\/image\\\/\"},\"sameAs\":[\"https:\\\/\\\/www.facebook.com\\\/eldiario.bolivia\\\/\",\"https:\\\/\\\/x.com\\\/eldiario_net\"]},{\"@type\":\"Person\",\"@id\":\"https:\\\/\\\/www.eldiario.net\\\/portal\\\/#\\\/schema\\\/person\\\/2c57cf2b7a7ae032e449e4c9b1019eac\",\"name\":\"Jeanette\",\"image\":{\"@type\":\"ImageObject\",\"inLanguage\":\"es\",\"@id\":\"https:\\\/\\\/secure.gravatar.com\\\/avatar\\\/3ea2118a5f7dad2b7138b1187a6b7ee55f160b9968b66013c3a3ef39dd7e5798?s=96&d=mm&r=g\",\"url\":\"https:\\\/\\\/secure.gravatar.com\\\/avatar\\\/3ea2118a5f7dad2b7138b1187a6b7ee55f160b9968b66013c3a3ef39dd7e5798?s=96&d=mm&r=g\",\"contentUrl\":\"https:\\\/\\\/secure.gravatar.com\\\/avatar\\\/3ea2118a5f7dad2b7138b1187a6b7ee55f160b9968b66013c3a3ef39dd7e5798?s=96&d=mm&r=g\",\"caption\":\"Jeanette\"},\"sameAs\":[\"https:\\\/\\\/www.eldiario.net\\\/portal\"],\"url\":\"https:\\\/\\\/www.eldiario.net\\\/portal\\\/author\\\/jeanette\\\/\"}]}<\/script>\n<!-- \/ Yoast SEO plugin. -->","yoast_head_json":{"title":"Qu\u00e9 s\u00e9, qu\u00e9 quiero saber, qu\u00e9 aprend\u00ed (SQA) - El Diario - Bolivia","robots":{"index":"index","follow":"follow","max-snippet":"max-snippet:-1","max-image-preview":"max-image-preview:large","max-video-preview":"max-video-preview:-1"},"canonical":"https:\/\/www.eldiario.net\/portal\/2021\/11\/02\/40330\/","og_locale":"es_ES","og_type":"article","og_title":"Qu\u00e9 s\u00e9, qu\u00e9 quiero saber, qu\u00e9 aprend\u00ed (SQA) - El Diario - Bolivia","og_description":"Resulta innegable en el presente y nuevo Siglo XXI, la incorporaci\u00f3n de un conjunto de acciones planificadas y dise\u00f1adas (estrategias) por el\/la docente, para facilitar la toma de decisiones y orientadas a alcanzar un determinado resultado, en nuestro caso las competencias de cada unidad o tema, por parte del estudiante. Nuestros j\u00f3venes a pesar de [&hellip;]","og_url":"https:\/\/www.eldiario.net\/portal\/2021\/11\/02\/40330\/","og_site_name":"El Diario - Bolivia","article_publisher":"https:\/\/www.facebook.com\/eldiario.bolivia\/","article_published_time":"2021-11-02T09:02:22+00:00","author":"Jeanette","twitter_card":"summary_large_image","twitter_creator":"@eldiario_net","twitter_site":"@eldiario_net","twitter_misc":{"Escrito por":"Jeanette","Tiempo de lectura":"3 minutos"},"schema":{"@context":"https:\/\/schema.org","@graph":[{"@type":"Article","@id":"https:\/\/www.eldiario.net\/portal\/2021\/11\/02\/40330\/#article","isPartOf":{"@id":"https:\/\/www.eldiario.net\/portal\/2021\/11\/02\/40330\/"},"author":{"name":"Jeanette","@id":"https:\/\/www.eldiario.net\/portal\/#\/schema\/person\/2c57cf2b7a7ae032e449e4c9b1019eac"},"headline":"Qu\u00e9 s\u00e9, qu\u00e9 quiero saber, qu\u00e9 aprend\u00ed (SQA)","datePublished":"2021-11-02T09:02:22+00:00","mainEntityOfPage":{"@id":"https:\/\/www.eldiario.net\/portal\/2021\/11\/02\/40330\/"},"wordCount":629,"publisher":{"@id":"https:\/\/www.eldiario.net\/portal\/#organization"},"image":{"@id":"https:\/\/www.eldiario.net\/portal\/2021\/11\/02\/40330\/#primaryimage"},"thumbnailUrl":"","articleSection":["Opini\u00f3n"],"inLanguage":"es"},{"@type":"WebPage","@id":"https:\/\/www.eldiario.net\/portal\/2021\/11\/02\/40330\/","url":"https:\/\/www.eldiario.net\/portal\/2021\/11\/02\/40330\/","name":"Qu\u00e9 s\u00e9, qu\u00e9 quiero saber, qu\u00e9 aprend\u00ed (SQA) - El Diario - Bolivia","isPartOf":{"@id":"https:\/\/www.eldiario.net\/portal\/#website"},"primaryImageOfPage":{"@id":"https:\/\/www.eldiario.net\/portal\/2021\/11\/02\/40330\/#primaryimage"},"image":{"@id":"https:\/\/www.eldiario.net\/portal\/2021\/11\/02\/40330\/#primaryimage"},"thumbnailUrl":"","datePublished":"2021-11-02T09:02:22+00:00","breadcrumb":{"@id":"https:\/\/www.eldiario.net\/portal\/2021\/11\/02\/40330\/#breadcrumb"},"inLanguage":"es","potentialAction":[{"@type":"ReadAction","target":["https:\/\/www.eldiario.net\/portal\/2021\/11\/02\/40330\/"]}]},{"@type":"ImageObject","inLanguage":"es","@id":"https:\/\/www.eldiario.net\/portal\/2021\/11\/02\/40330\/#primaryimage","url":"","contentUrl":""},{"@type":"BreadcrumbList","@id":"https:\/\/www.eldiario.net\/portal\/2021\/11\/02\/40330\/#breadcrumb","itemListElement":[{"@type":"ListItem","position":1,"name":"Portada","item":"https:\/\/www.eldiario.net\/portal\/"},{"@type":"ListItem","position":2,"name":"Qu\u00e9 s\u00e9, qu\u00e9 quiero saber, qu\u00e9 aprend\u00ed (SQA)"}]},{"@type":"WebSite","@id":"https:\/\/www.eldiario.net\/portal\/#website","url":"https:\/\/www.eldiario.net\/portal\/","name":"El Diario - Decano de la prensa nacional","description":"El Diario - Decano de la prensa nacional","publisher":{"@id":"https:\/\/www.eldiario.net\/portal\/#organization"},"potentialAction":[{"@type":"SearchAction","target":{"@type":"EntryPoint","urlTemplate":"https:\/\/www.eldiario.net\/portal\/?s={search_term_string}"},"query-input":{"@type":"PropertyValueSpecification","valueRequired":true,"valueName":"search_term_string"}}],"inLanguage":"es"},{"@type":"Organization","@id":"https:\/\/www.eldiario.net\/portal\/#organization","name":"El Diario - Decano de la prensa nacional","url":"https:\/\/www.eldiario.net\/portal\/","logo":{"@type":"ImageObject","inLanguage":"es","@id":"https:\/\/www.eldiario.net\/portal\/#\/schema\/logo\/image\/","url":"https:\/\/www.eldiario.net\/portal\/wp-content\/uploads\/2023\/07\/logo_ED.jpg","contentUrl":"https:\/\/www.eldiario.net\/portal\/wp-content\/uploads\/2023\/07\/logo_ED.jpg","width":272,"height":52,"caption":"El Diario - Decano de la prensa nacional"},"image":{"@id":"https:\/\/www.eldiario.net\/portal\/#\/schema\/logo\/image\/"},"sameAs":["https:\/\/www.facebook.com\/eldiario.bolivia\/","https:\/\/x.com\/eldiario_net"]},{"@type":"Person","@id":"https:\/\/www.eldiario.net\/portal\/#\/schema\/person\/2c57cf2b7a7ae032e449e4c9b1019eac","name":"Jeanette","image":{"@type":"ImageObject","inLanguage":"es","@id":"https:\/\/secure.gravatar.com\/avatar\/3ea2118a5f7dad2b7138b1187a6b7ee55f160b9968b66013c3a3ef39dd7e5798?s=96&d=mm&r=g","url":"https:\/\/secure.gravatar.com\/avatar\/3ea2118a5f7dad2b7138b1187a6b7ee55f160b9968b66013c3a3ef39dd7e5798?s=96&d=mm&r=g","contentUrl":"https:\/\/secure.gravatar.com\/avatar\/3ea2118a5f7dad2b7138b1187a6b7ee55f160b9968b66013c3a3ef39dd7e5798?s=96&d=mm&r=g","caption":"Jeanette"},"sameAs":["https:\/\/www.eldiario.net\/portal"],"url":"https:\/\/www.eldiario.net\/portal\/author\/jeanette\/"}]}},"_links":{"self":[{"href":"https:\/\/www.eldiario.net\/portal\/wp-json\/wp\/v2\/posts\/40330","targetHints":{"allow":["GET"]}}],"collection":[{"href":"https:\/\/www.eldiario.net\/portal\/wp-json\/wp\/v2\/posts"}],"about":[{"href":"https:\/\/www.eldiario.net\/portal\/wp-json\/wp\/v2\/types\/post"}],"author":[{"embeddable":true,"href":"https:\/\/www.eldiario.net\/portal\/wp-json\/wp\/v2\/users\/1"}],"replies":[{"embeddable":true,"href":"https:\/\/www.eldiario.net\/portal\/wp-json\/wp\/v2\/comments?post=40330"}],"version-history":[{"count":0,"href":"https:\/\/www.eldiario.net\/portal\/wp-json\/wp\/v2\/posts\/40330\/revisions"}],"wp:attachment":[{"href":"https:\/\/www.eldiario.net\/portal\/wp-json\/wp\/v2\/media?parent=40330"}],"wp:term":[{"taxonomy":"category","embeddable":true,"href":"https:\/\/www.eldiario.net\/portal\/wp-json\/wp\/v2\/categories?post=40330"},{"taxonomy":"post_tag","embeddable":true,"href":"https:\/\/www.eldiario.net\/portal\/wp-json\/wp\/v2\/tags?post=40330"}],"curies":[{"name":"wp","href":"https:\/\/api.w.org\/{rel}","templated":true}]}}