{"id":4033,"date":"2021-05-15T08:16:09","date_gmt":"2021-05-15T12:16:09","guid":{"rendered":"https:\/\/www.eldiario.net\/portal\/?p=4033"},"modified":"2021-05-15T08:16:09","modified_gmt":"2021-05-15T12:16:09","slug":"demandan-presencia-policial-por-delincuencia-en-barrios-del-d-3","status":"publish","type":"post","link":"https:\/\/www.eldiario.net\/portal\/2021\/05\/15\/demandan-presencia-policial-por-delincuencia-en-barrios-del-d-3\/","title":{"rendered":"Demandan presencia policial por delincuencia en barrios del D-3"},"content":{"rendered":"<p>M\u00e1s de 200.000 habitantes del Distrito 3 de la urbe alte\u00f1a exigen mayor presencia policial, debido a los actos delincuenciales, quienes aprovechan la falta de alumbrado p\u00fablico, el cual fue descuidado por el anterior Gobierno Municipal, seg\u00fan el subalcalde del sector, Mariano Condori.<br \/>\nLa autoridad que hace dos d\u00edas asumi\u00f3 el cargo dijo que existe mucho abandono en varios temas de infraestructura, como mejoramiento de calles, cordones de acera, entre otros, pero que la preocupaci\u00f3n fundamental est\u00e1 en el tema de la seguridad ciudadana, donde 108 urbanizaciones tienen m\u00e1s de 200.000 habitantes y los pocos efectivos policiales no llegan a cubrir ni el 20 %, en el control de sus calles.<br \/>\n\u201cEs una de las preocupaciones en nuestro distrito, porque de tener m\u00f3dulos policiales, tenemos, pero el n\u00famero de efectivos del orden es insuficiente, adem\u00e1s los pocos que se encuentran en nuestros barrios no alanzan a cubrir los m\u00e1s de 108 barrios que hay y todo este problema ha generado en la proliferaci\u00f3n de la delincuencia, lo cual hay que tomar en cuenta para resguardar la integridad f\u00edsica de nuestros vecinos\u201d, se\u00f1al\u00f3 la autoridad.<br \/>\nSobre el tema, el Subalcalde del Distrito 3 anunci\u00f3 que pedir\u00e1 una reuni\u00f3n con las autoridades policiales del Comando Regional de la Polic\u00eda de El Alto, para ver la posibilidad de poder contar con m\u00e1s efectivos del orden y de esta manera paliar en algo esta necesidad.<br \/>\nOtro de los problemas que ha generado inseguridad ciudadana, en las calles del Distrito 3, donde muchos barrios se encuentran en penumbras, es la falta de alumbrado p\u00fablico, en la mayor\u00eda de los casos se tiene que cambiar los focos quemados y en otros es imprescindible la implementaci\u00f3n de nuevas luminarias.<\/p>\n<p>DESCUIDO DE<br \/>\nANTERIOR<br \/>\nGOBIERNO MUNICIPAL<br \/>\nSobre el tema, el subalcalde Condori dijo que todo este problema fue generado por la mala administraci\u00f3n del anterior Gobierno Municipal, autoridades que han abandonado la atenci\u00f3n en estos temas en favor de los vecinos.<br \/>\n\u201cEs una pena que tengamos que recibir por parte de las autoridades de la Subalcald\u00eda saliente en este estado nuestras calles, sin iluminaci\u00f3n, v\u00edas oscuras y abandonadas, es por eso que hemos decidido que en el tiempo menos posible solucionar estos problemas, porque son los que provocan la generaci\u00f3n de inseguridad en nuestras calles, donde la delincuencia aprovecha la oscuridad de la noche para asaltar y robar en las casas\u201d, explic\u00f3 la autoridad.<br \/>\nEn cuanto a la infraestructura, se tiene planificado el mejoramiento de calles y avenidas, donde bajo un cronograma de trabajo se tiene programado visitar aquellos barrios, que presentan mayores deficiencias en estos temas.<br \/>\nPara el efecto se tiene previsto la coordinaci\u00f3n con los presidentes de zonas, quienes deber\u00e1n hacer conocer sus diferentes necesidades as\u00ed como las deficiencias en parques y plazas que, luego de una primera inspecci\u00f3n realizada, se conoce que presentan deficiencias por el abandono.<\/p>\n","protected":false},"excerpt":{"rendered":"<p>M\u00e1s de 200.000 habitantes del Distrito 3 de la urbe alte\u00f1a exigen mayor presencia policial, debido a los actos delincuenciales, quienes aprovechan la falta de alumbrado p\u00fablico, el cual fue descuidado por el anterior Gobierno Municipal, seg\u00fan el subalcalde del sector, Mariano Condori. La autoridad que hace dos d\u00edas asumi\u00f3 el cargo dijo que existe [&hellip;]<\/p>\n","protected":false},"author":1,"featured_media":4034,"comment_status":"closed","ping_status":"closed","sticky":false,"template":"","format":"standard","meta":{"_acf_changed":false,"footnotes":""},"categories":[12],"tags":[],"class_list":["post-4033","post","type-post","status-publish","format-standard","has-post-thumbnail","category-nacional"],"acf":{"antetitulo":""},"yoast_head":"<!-- This site is optimized with the Yoast SEO plugin v28.3 - https:\/\/yoast.com\/product\/yoast-seo-wordpress\/ -->\n<title>Demandan presencia policial por delincuencia en barrios del D-3 - El Diario - Bolivia<\/title>\n<meta name=\"robots\" content=\"index, follow, max-snippet:-1, max-image-preview:large, max-video-preview:-1\" \/>\n<link rel=\"canonical\" href=\"https:\/\/www.eldiario.net\/portal\/2021\/05\/15\/demandan-presencia-policial-por-delincuencia-en-barrios-del-d-3\/\" \/>\n<meta property=\"og:locale\" content=\"es_ES\" \/>\n<meta property=\"og:type\" content=\"article\" \/>\n<meta property=\"og:title\" content=\"Demandan presencia policial por delincuencia en barrios del D-3 - El Diario - Bolivia\" \/>\n<meta property=\"og:description\" content=\"M\u00e1s de 200.000 habitantes del Distrito 3 de la urbe alte\u00f1a exigen mayor presencia policial, debido a los actos delincuenciales, quienes aprovechan la falta de alumbrado p\u00fablico, el cual fue descuidado por el anterior Gobierno Municipal, seg\u00fan el subalcalde del sector, Mariano Condori. La autoridad que hace dos d\u00edas asumi\u00f3 el cargo dijo que existe [&hellip;]\" \/>\n<meta property=\"og:url\" content=\"https:\/\/www.eldiario.net\/portal\/2021\/05\/15\/demandan-presencia-policial-por-delincuencia-en-barrios-del-d-3\/\" \/>\n<meta property=\"og:site_name\" content=\"El Diario - Bolivia\" \/>\n<meta property=\"article:publisher\" content=\"https:\/\/www.facebook.com\/eldiario.bolivia\/\" \/>\n<meta property=\"article:published_time\" content=\"2021-05-15T12:16:09+00:00\" \/>\n<meta name=\"author\" content=\"Jeanette\" \/>\n<meta name=\"twitter:card\" content=\"summary_large_image\" \/>\n<meta name=\"twitter:creator\" content=\"@eldiario_net\" \/>\n<meta name=\"twitter:site\" content=\"@eldiario_net\" \/>\n<meta name=\"twitter:label1\" content=\"Escrito por\" \/>\n\t<meta name=\"twitter:data1\" content=\"Jeanette\" \/>\n\t<meta name=\"twitter:label2\" content=\"Tiempo de lectura\" \/>\n\t<meta name=\"twitter:data2\" content=\"3 minutos\" \/>\n<script type=\"application\/ld+json\" class=\"yoast-schema-graph\">{\"@context\":\"https:\\\/\\\/schema.org\",\"@graph\":[{\"@type\":\"Article\",\"@id\":\"https:\\\/\\\/www.eldiario.net\\\/portal\\\/2021\\\/05\\\/15\\\/demandan-presencia-policial-por-delincuencia-en-barrios-del-d-3\\\/#article\",\"isPartOf\":{\"@id\":\"https:\\\/\\\/www.eldiario.net\\\/portal\\\/2021\\\/05\\\/15\\\/demandan-presencia-policial-por-delincuencia-en-barrios-del-d-3\\\/\"},\"author\":{\"name\":\"Jeanette\",\"@id\":\"https:\\\/\\\/www.eldiario.net\\\/portal\\\/#\\\/schema\\\/person\\\/f46445640444750d7d753ccd04ae01b7\"},\"headline\":\"Demandan presencia policial por delincuencia en barrios del D-3\",\"datePublished\":\"2021-05-15T12:16:09+00:00\",\"mainEntityOfPage\":{\"@id\":\"https:\\\/\\\/www.eldiario.net\\\/portal\\\/2021\\\/05\\\/15\\\/demandan-presencia-policial-por-delincuencia-en-barrios-del-d-3\\\/\"},\"wordCount\":500,\"publisher\":{\"@id\":\"https:\\\/\\\/www.eldiario.net\\\/portal\\\/#organization\"},\"image\":{\"@id\":\"https:\\\/\\\/www.eldiario.net\\\/portal\\\/2021\\\/05\\\/15\\\/demandan-presencia-policial-por-delincuencia-en-barrios-del-d-3\\\/#primaryimage\"},\"thumbnailUrl\":\"\",\"articleSection\":[\"Nacional\"],\"inLanguage\":\"es\"},{\"@type\":\"WebPage\",\"@id\":\"https:\\\/\\\/www.eldiario.net\\\/portal\\\/2021\\\/05\\\/15\\\/demandan-presencia-policial-por-delincuencia-en-barrios-del-d-3\\\/\",\"url\":\"https:\\\/\\\/www.eldiario.net\\\/portal\\\/2021\\\/05\\\/15\\\/demandan-presencia-policial-por-delincuencia-en-barrios-del-d-3\\\/\",\"name\":\"Demandan presencia policial por delincuencia en barrios del D-3 - El Diario - Bolivia\",\"isPartOf\":{\"@id\":\"https:\\\/\\\/www.eldiario.net\\\/portal\\\/#website\"},\"primaryImageOfPage\":{\"@id\":\"https:\\\/\\\/www.eldiario.net\\\/portal\\\/2021\\\/05\\\/15\\\/demandan-presencia-policial-por-delincuencia-en-barrios-del-d-3\\\/#primaryimage\"},\"image\":{\"@id\":\"https:\\\/\\\/www.eldiario.net\\\/portal\\\/2021\\\/05\\\/15\\\/demandan-presencia-policial-por-delincuencia-en-barrios-del-d-3\\\/#primaryimage\"},\"thumbnailUrl\":\"\",\"datePublished\":\"2021-05-15T12:16:09+00:00\",\"breadcrumb\":{\"@id\":\"https:\\\/\\\/www.eldiario.net\\\/portal\\\/2021\\\/05\\\/15\\\/demandan-presencia-policial-por-delincuencia-en-barrios-del-d-3\\\/#breadcrumb\"},\"inLanguage\":\"es\",\"potentialAction\":[{\"@type\":\"ReadAction\",\"target\":[\"https:\\\/\\\/www.eldiario.net\\\/portal\\\/2021\\\/05\\\/15\\\/demandan-presencia-policial-por-delincuencia-en-barrios-del-d-3\\\/\"]}]},{\"@type\":\"ImageObject\",\"inLanguage\":\"es\",\"@id\":\"https:\\\/\\\/www.eldiario.net\\\/portal\\\/2021\\\/05\\\/15\\\/demandan-presencia-policial-por-delincuencia-en-barrios-del-d-3\\\/#primaryimage\",\"url\":\"\",\"contentUrl\":\"\"},{\"@type\":\"BreadcrumbList\",\"@id\":\"https:\\\/\\\/www.eldiario.net\\\/portal\\\/2021\\\/05\\\/15\\\/demandan-presencia-policial-por-delincuencia-en-barrios-del-d-3\\\/#breadcrumb\",\"itemListElement\":[{\"@type\":\"ListItem\",\"position\":1,\"name\":\"Portada\",\"item\":\"https:\\\/\\\/www.eldiario.net\\\/portal\\\/\"},{\"@type\":\"ListItem\",\"position\":2,\"name\":\"Demandan presencia policial por delincuencia en barrios del D-3\"}]},{\"@type\":\"WebSite\",\"@id\":\"https:\\\/\\\/www.eldiario.net\\\/portal\\\/#website\",\"url\":\"https:\\\/\\\/www.eldiario.net\\\/portal\\\/\",\"name\":\"El Diario - Decano de la prensa nacional\",\"description\":\"El Diario - Decano de la prensa nacional\",\"publisher\":{\"@id\":\"https:\\\/\\\/www.eldiario.net\\\/portal\\\/#organization\"},\"potentialAction\":[{\"@type\":\"SearchAction\",\"target\":{\"@type\":\"EntryPoint\",\"urlTemplate\":\"https:\\\/\\\/www.eldiario.net\\\/portal\\\/?s={search_term_string}\"},\"query-input\":{\"@type\":\"PropertyValueSpecification\",\"valueRequired\":true,\"valueName\":\"search_term_string\"}}],\"inLanguage\":\"es\"},{\"@type\":\"Organization\",\"@id\":\"https:\\\/\\\/www.eldiario.net\\\/portal\\\/#organization\",\"name\":\"El Diario - Decano de la prensa nacional\",\"url\":\"https:\\\/\\\/www.eldiario.net\\\/portal\\\/\",\"logo\":{\"@type\":\"ImageObject\",\"inLanguage\":\"es\",\"@id\":\"https:\\\/\\\/www.eldiario.net\\\/portal\\\/#\\\/schema\\\/logo\\\/image\\\/\",\"url\":\"https:\\\/\\\/www.eldiario.net\\\/portal\\\/wp-content\\\/uploads\\\/2023\\\/07\\\/logo_ED.jpg\",\"contentUrl\":\"https:\\\/\\\/www.eldiario.net\\\/portal\\\/wp-content\\\/uploads\\\/2023\\\/07\\\/logo_ED.jpg\",\"width\":272,\"height\":52,\"caption\":\"El Diario - Decano de la prensa nacional\"},\"image\":{\"@id\":\"https:\\\/\\\/www.eldiario.net\\\/portal\\\/#\\\/schema\\\/logo\\\/image\\\/\"},\"sameAs\":[\"https:\\\/\\\/www.facebook.com\\\/eldiario.bolivia\\\/\",\"https:\\\/\\\/x.com\\\/eldiario_net\"]},{\"@type\":\"Person\",\"@id\":\"https:\\\/\\\/www.eldiario.net\\\/portal\\\/#\\\/schema\\\/person\\\/f46445640444750d7d753ccd04ae01b7\",\"name\":\"Jeanette\",\"image\":{\"@type\":\"ImageObject\",\"inLanguage\":\"es\",\"@id\":\"https:\\\/\\\/secure.gravatar.com\\\/avatar\\\/3ea2118a5f7dad2b7138b1187a6b7ee55f160b9968b66013c3a3ef39dd7e5798?s=96&d=mm&r=g\",\"url\":\"https:\\\/\\\/secure.gravatar.com\\\/avatar\\\/3ea2118a5f7dad2b7138b1187a6b7ee55f160b9968b66013c3a3ef39dd7e5798?s=96&d=mm&r=g\",\"contentUrl\":\"https:\\\/\\\/secure.gravatar.com\\\/avatar\\\/3ea2118a5f7dad2b7138b1187a6b7ee55f160b9968b66013c3a3ef39dd7e5798?s=96&d=mm&r=g\",\"caption\":\"Jeanette\"},\"sameAs\":[\"https:\\\/\\\/www.eldiario.net\\\/portal\"],\"url\":\"https:\\\/\\\/www.eldiario.net\\\/portal\\\/author\\\/jeanette\\\/\"}]}<\/script>\n<!-- \/ Yoast SEO plugin. -->","yoast_head_json":{"title":"Demandan presencia policial por delincuencia en barrios del D-3 - El Diario - Bolivia","robots":{"index":"index","follow":"follow","max-snippet":"max-snippet:-1","max-image-preview":"max-image-preview:large","max-video-preview":"max-video-preview:-1"},"canonical":"https:\/\/www.eldiario.net\/portal\/2021\/05\/15\/demandan-presencia-policial-por-delincuencia-en-barrios-del-d-3\/","og_locale":"es_ES","og_type":"article","og_title":"Demandan presencia policial por delincuencia en barrios del D-3 - El Diario - Bolivia","og_description":"M\u00e1s de 200.000 habitantes del Distrito 3 de la urbe alte\u00f1a exigen mayor presencia policial, debido a los actos delincuenciales, quienes aprovechan la falta de alumbrado p\u00fablico, el cual fue descuidado por el anterior Gobierno Municipal, seg\u00fan el subalcalde del sector, Mariano Condori. La autoridad que hace dos d\u00edas asumi\u00f3 el cargo dijo que existe [&hellip;]","og_url":"https:\/\/www.eldiario.net\/portal\/2021\/05\/15\/demandan-presencia-policial-por-delincuencia-en-barrios-del-d-3\/","og_site_name":"El Diario - Bolivia","article_publisher":"https:\/\/www.facebook.com\/eldiario.bolivia\/","article_published_time":"2021-05-15T12:16:09+00:00","author":"Jeanette","twitter_card":"summary_large_image","twitter_creator":"@eldiario_net","twitter_site":"@eldiario_net","twitter_misc":{"Escrito por":"Jeanette","Tiempo de lectura":"3 minutos"},"schema":{"@context":"https:\/\/schema.org","@graph":[{"@type":"Article","@id":"https:\/\/www.eldiario.net\/portal\/2021\/05\/15\/demandan-presencia-policial-por-delincuencia-en-barrios-del-d-3\/#article","isPartOf":{"@id":"https:\/\/www.eldiario.net\/portal\/2021\/05\/15\/demandan-presencia-policial-por-delincuencia-en-barrios-del-d-3\/"},"author":{"name":"Jeanette","@id":"https:\/\/www.eldiario.net\/portal\/#\/schema\/person\/f46445640444750d7d753ccd04ae01b7"},"headline":"Demandan presencia policial por delincuencia en barrios del D-3","datePublished":"2021-05-15T12:16:09+00:00","mainEntityOfPage":{"@id":"https:\/\/www.eldiario.net\/portal\/2021\/05\/15\/demandan-presencia-policial-por-delincuencia-en-barrios-del-d-3\/"},"wordCount":500,"publisher":{"@id":"https:\/\/www.eldiario.net\/portal\/#organization"},"image":{"@id":"https:\/\/www.eldiario.net\/portal\/2021\/05\/15\/demandan-presencia-policial-por-delincuencia-en-barrios-del-d-3\/#primaryimage"},"thumbnailUrl":"","articleSection":["Nacional"],"inLanguage":"es"},{"@type":"WebPage","@id":"https:\/\/www.eldiario.net\/portal\/2021\/05\/15\/demandan-presencia-policial-por-delincuencia-en-barrios-del-d-3\/","url":"https:\/\/www.eldiario.net\/portal\/2021\/05\/15\/demandan-presencia-policial-por-delincuencia-en-barrios-del-d-3\/","name":"Demandan presencia policial por delincuencia en barrios del D-3 - El Diario - Bolivia","isPartOf":{"@id":"https:\/\/www.eldiario.net\/portal\/#website"},"primaryImageOfPage":{"@id":"https:\/\/www.eldiario.net\/portal\/2021\/05\/15\/demandan-presencia-policial-por-delincuencia-en-barrios-del-d-3\/#primaryimage"},"image":{"@id":"https:\/\/www.eldiario.net\/portal\/2021\/05\/15\/demandan-presencia-policial-por-delincuencia-en-barrios-del-d-3\/#primaryimage"},"thumbnailUrl":"","datePublished":"2021-05-15T12:16:09+00:00","breadcrumb":{"@id":"https:\/\/www.eldiario.net\/portal\/2021\/05\/15\/demandan-presencia-policial-por-delincuencia-en-barrios-del-d-3\/#breadcrumb"},"inLanguage":"es","potentialAction":[{"@type":"ReadAction","target":["https:\/\/www.eldiario.net\/portal\/2021\/05\/15\/demandan-presencia-policial-por-delincuencia-en-barrios-del-d-3\/"]}]},{"@type":"ImageObject","inLanguage":"es","@id":"https:\/\/www.eldiario.net\/portal\/2021\/05\/15\/demandan-presencia-policial-por-delincuencia-en-barrios-del-d-3\/#primaryimage","url":"","contentUrl":""},{"@type":"BreadcrumbList","@id":"https:\/\/www.eldiario.net\/portal\/2021\/05\/15\/demandan-presencia-policial-por-delincuencia-en-barrios-del-d-3\/#breadcrumb","itemListElement":[{"@type":"ListItem","position":1,"name":"Portada","item":"https:\/\/www.eldiario.net\/portal\/"},{"@type":"ListItem","position":2,"name":"Demandan presencia policial por delincuencia en barrios del D-3"}]},{"@type":"WebSite","@id":"https:\/\/www.eldiario.net\/portal\/#website","url":"https:\/\/www.eldiario.net\/portal\/","name":"El Diario - Decano de la prensa nacional","description":"El Diario - Decano de la prensa nacional","publisher":{"@id":"https:\/\/www.eldiario.net\/portal\/#organization"},"potentialAction":[{"@type":"SearchAction","target":{"@type":"EntryPoint","urlTemplate":"https:\/\/www.eldiario.net\/portal\/?s={search_term_string}"},"query-input":{"@type":"PropertyValueSpecification","valueRequired":true,"valueName":"search_term_string"}}],"inLanguage":"es"},{"@type":"Organization","@id":"https:\/\/www.eldiario.net\/portal\/#organization","name":"El Diario - Decano de la prensa nacional","url":"https:\/\/www.eldiario.net\/portal\/","logo":{"@type":"ImageObject","inLanguage":"es","@id":"https:\/\/www.eldiario.net\/portal\/#\/schema\/logo\/image\/","url":"https:\/\/www.eldiario.net\/portal\/wp-content\/uploads\/2023\/07\/logo_ED.jpg","contentUrl":"https:\/\/www.eldiario.net\/portal\/wp-content\/uploads\/2023\/07\/logo_ED.jpg","width":272,"height":52,"caption":"El Diario - Decano de la prensa nacional"},"image":{"@id":"https:\/\/www.eldiario.net\/portal\/#\/schema\/logo\/image\/"},"sameAs":["https:\/\/www.facebook.com\/eldiario.bolivia\/","https:\/\/x.com\/eldiario_net"]},{"@type":"Person","@id":"https:\/\/www.eldiario.net\/portal\/#\/schema\/person\/f46445640444750d7d753ccd04ae01b7","name":"Jeanette","image":{"@type":"ImageObject","inLanguage":"es","@id":"https:\/\/secure.gravatar.com\/avatar\/3ea2118a5f7dad2b7138b1187a6b7ee55f160b9968b66013c3a3ef39dd7e5798?s=96&d=mm&r=g","url":"https:\/\/secure.gravatar.com\/avatar\/3ea2118a5f7dad2b7138b1187a6b7ee55f160b9968b66013c3a3ef39dd7e5798?s=96&d=mm&r=g","contentUrl":"https:\/\/secure.gravatar.com\/avatar\/3ea2118a5f7dad2b7138b1187a6b7ee55f160b9968b66013c3a3ef39dd7e5798?s=96&d=mm&r=g","caption":"Jeanette"},"sameAs":["https:\/\/www.eldiario.net\/portal"],"url":"https:\/\/www.eldiario.net\/portal\/author\/jeanette\/"}]}},"_links":{"self":[{"href":"https:\/\/www.eldiario.net\/portal\/wp-json\/wp\/v2\/posts\/4033","targetHints":{"allow":["GET"]}}],"collection":[{"href":"https:\/\/www.eldiario.net\/portal\/wp-json\/wp\/v2\/posts"}],"about":[{"href":"https:\/\/www.eldiario.net\/portal\/wp-json\/wp\/v2\/types\/post"}],"author":[{"embeddable":true,"href":"https:\/\/www.eldiario.net\/portal\/wp-json\/wp\/v2\/users\/1"}],"replies":[{"embeddable":true,"href":"https:\/\/www.eldiario.net\/portal\/wp-json\/wp\/v2\/comments?post=4033"}],"version-history":[{"count":0,"href":"https:\/\/www.eldiario.net\/portal\/wp-json\/wp\/v2\/posts\/4033\/revisions"}],"wp:attachment":[{"href":"https:\/\/www.eldiario.net\/portal\/wp-json\/wp\/v2\/media?parent=4033"}],"wp:term":[{"taxonomy":"category","embeddable":true,"href":"https:\/\/www.eldiario.net\/portal\/wp-json\/wp\/v2\/categories?post=4033"},{"taxonomy":"post_tag","embeddable":true,"href":"https:\/\/www.eldiario.net\/portal\/wp-json\/wp\/v2\/tags?post=4033"}],"curies":[{"name":"wp","href":"https:\/\/api.w.org\/{rel}","templated":true}]}}