{"id":40328,"date":"2021-11-02T04:53:37","date_gmt":"2021-11-02T08:53:37","guid":{"rendered":"https:\/\/www.eldiario.net\/portal\/?p=40328"},"modified":"2021-11-02T04:53:37","modified_gmt":"2021-11-02T08:53:37","slug":"patrones-de-dano-pulmonar-en-victimas-de-covid-19-2","status":"publish","type":"post","link":"https:\/\/www.eldiario.net\/portal\/2021\/11\/02\/patrones-de-dano-pulmonar-en-victimas-de-covid-19-2\/","title":{"rendered":"Patrones de da\u00f1o pulmonar  en v\u00edctimas de Covid-19"},"content":{"rendered":"<p><strong>Parte II<\/strong><\/p>\n<p>&nbsp;<\/p>\n<p>&nbsp;<\/p>\n<p><strong>El patr\u00f3n respiratorio<\/strong><\/p>\n<p>&nbsp;<\/p>\n<p>En el art\u00edculo, los autores informan que durante los d\u00edas que precedieron a sus muertes, los pacientes con el fenotipo fibr\u00f3tico sufrieron una declinaci\u00f3n progresiva del \u00edndice de oxigenaci\u00f3n \u2013medido de acuerdo con la relaci\u00f3n entre la presi\u00f3n parcial del ox\u00edgeno arterial con la fracci\u00f3n de ox\u00edgeno aspirada (PaO2\/FiO2)\u2013, aparte de la p\u00e9rdida de la complacencia pulmonar (la capacidad de los pulmones de expandirse y contraerse durante la respiraci\u00f3n) y el aumento de la producci\u00f3n de col\u00e1geno (uno de los principales componentes del tejido fibr\u00f3tico) en los \u00f3rganos.<\/p>\n<p>En tanto, en los pacientes del grupo tromb\u00f3tico se report\u00f3 una mejor\u00eda de los patrones respiratorios durante los d\u00edas anteriores a la muerte, como as\u00ed tambi\u00e9n un alto nivel de complacencia pulmonar durante todo el per\u00edodo de internaci\u00f3n. \u201cEn algunos casos, el m\u00e9dico inform\u00f3 que llegaron cerca de que se les diese el alta y luego fallecieron\u201d, comenta Fabro.<\/p>\n<p>Por otra parte, en los enfermos de este segundo grupo se registr\u00f3 una elevaci\u00f3n del nivel de plaquetas (las c\u00e9lulas sangu\u00edneas que act\u00faan en la formaci\u00f3n de co\u00e1gulos) y en la formaci\u00f3n de trombos. Asimismo, se observ\u00f3 que al momento del ingreso hospitalario ten\u00edan niveles m\u00e1s altos del d\u00edmero D \u2013una prote\u00edna a la que se considera como un marcador de trombosis\u2013 que la media de los pacientes analizados.<\/p>\n<p>\u201cEstos hallazgos refuerzan que, pese a que la infecci\u00f3n es la misma, la respuesta al virus var\u00eda bastante, incluso entre los casos graves. Y esto puede tener implicaciones cl\u00ednicas. Estos hallazgos sugieren que los pacientes de cada grupo requieren tratamientos diferenciados. En el art\u00edculo demostramos que la evoluci\u00f3n de los par\u00e1metros respiratorios [PaO2\/FiO2] y el nivel de d\u00edmero D al momento de la internaci\u00f3n, por ejemplo, pueden ayudar a los m\u00e9dicos a diferenciar esos fenotipos\u201d, dice Fabro.<\/p>\n<p>Seg\u00fan el investigador, este estudio retrata c\u00f3mo empieza el proceso de fibrosis pulmonar que ha dejado sus secuelas en muchos sobrevivientes del COVID-19. \u201cLa cuesti\u00f3n cient\u00edfica actual reside en c\u00f3mo tratar y c\u00f3mo impedir que este proceso evolucione y se vuelva permanente. Existen algunas medicaciones antifibr\u00f3ticas, pero a\u00fan no se las ha testeado en el contexto pos-COVID\u201d, afirma\u2026<\/p>\n<p>&nbsp;<\/p>\n<p>Agencia FAPESP<\/p>\n","protected":false},"excerpt":{"rendered":"<p>Parte II &nbsp; &nbsp; El patr\u00f3n respiratorio &nbsp; En el art\u00edculo, los autores informan que durante los d\u00edas que precedieron a sus muertes, los pacientes con el fenotipo fibr\u00f3tico sufrieron una declinaci\u00f3n progresiva del \u00edndice de oxigenaci\u00f3n \u2013medido de acuerdo con la relaci\u00f3n entre la presi\u00f3n parcial del ox\u00edgeno arterial con la fracci\u00f3n de ox\u00edgeno [&hellip;]<\/p>\n","protected":false},"author":1,"featured_media":0,"comment_status":"closed","ping_status":"closed","sticky":false,"template":"","format":"standard","meta":{"_acf_changed":false,"footnotes":""},"categories":[9],"tags":[],"class_list":["post-40328","post","type-post","status-publish","format-standard","category-opinion"],"acf":{"antetitulo":""},"yoast_head":"<!-- This site is optimized with the Yoast SEO plugin v28.4 - https:\/\/yoast.com\/product\/yoast-seo-wordpress\/ -->\n<title>Patrones de da\u00f1o pulmonar en v\u00edctimas de Covid-19 - El Diario - Bolivia<\/title>\n<meta name=\"robots\" content=\"index, follow, max-snippet:-1, max-image-preview:large, max-video-preview:-1\" \/>\n<link rel=\"canonical\" href=\"https:\/\/www.eldiario.net\/portal\/2021\/11\/02\/patrones-de-dano-pulmonar-en-victimas-de-covid-19-2\/\" \/>\n<meta property=\"og:locale\" content=\"es_ES\" \/>\n<meta property=\"og:type\" content=\"article\" \/>\n<meta property=\"og:title\" content=\"Patrones de da\u00f1o pulmonar en v\u00edctimas de Covid-19 - El Diario - Bolivia\" \/>\n<meta property=\"og:description\" content=\"Parte II &nbsp; &nbsp; El patr\u00f3n respiratorio &nbsp; En el art\u00edculo, los autores informan que durante los d\u00edas que precedieron a sus muertes, los pacientes con el fenotipo fibr\u00f3tico sufrieron una declinaci\u00f3n progresiva del \u00edndice de oxigenaci\u00f3n \u2013medido de acuerdo con la relaci\u00f3n entre la presi\u00f3n parcial del ox\u00edgeno arterial con la fracci\u00f3n de ox\u00edgeno [&hellip;]\" \/>\n<meta property=\"og:url\" content=\"https:\/\/www.eldiario.net\/portal\/2021\/11\/02\/patrones-de-dano-pulmonar-en-victimas-de-covid-19-2\/\" \/>\n<meta property=\"og:site_name\" content=\"El Diario - Bolivia\" \/>\n<meta property=\"article:publisher\" content=\"https:\/\/www.facebook.com\/eldiario.bolivia\/\" \/>\n<meta property=\"article:published_time\" content=\"2021-11-02T08:53:37+00:00\" \/>\n<meta name=\"author\" content=\"Jeanette\" \/>\n<meta name=\"twitter:card\" content=\"summary_large_image\" \/>\n<meta name=\"twitter:creator\" content=\"@eldiario_net\" \/>\n<meta name=\"twitter:site\" content=\"@eldiario_net\" \/>\n<meta name=\"twitter:label1\" content=\"Escrito por\" \/>\n\t<meta name=\"twitter:data1\" content=\"Jeanette\" \/>\n\t<meta name=\"twitter:label2\" content=\"Tiempo de lectura\" \/>\n\t<meta name=\"twitter:data2\" content=\"2 minutos\" \/>\n<script type=\"application\/ld+json\" class=\"yoast-schema-graph\">{\"@context\":\"https:\\\/\\\/schema.org\",\"@graph\":[{\"@type\":\"Article\",\"@id\":\"https:\\\/\\\/www.eldiario.net\\\/portal\\\/2021\\\/11\\\/02\\\/patrones-de-dano-pulmonar-en-victimas-de-covid-19-2\\\/#article\",\"isPartOf\":{\"@id\":\"https:\\\/\\\/www.eldiario.net\\\/portal\\\/2021\\\/11\\\/02\\\/patrones-de-dano-pulmonar-en-victimas-de-covid-19-2\\\/\"},\"author\":{\"name\":\"Jeanette\",\"@id\":\"https:\\\/\\\/www.eldiario.net\\\/portal\\\/#\\\/schema\\\/person\\\/2c57cf2b7a7ae032e449e4c9b1019eac\"},\"headline\":\"Patrones de da\u00f1o pulmonar en v\u00edctimas de Covid-19\",\"datePublished\":\"2021-11-02T08:53:37+00:00\",\"mainEntityOfPage\":{\"@id\":\"https:\\\/\\\/www.eldiario.net\\\/portal\\\/2021\\\/11\\\/02\\\/patrones-de-dano-pulmonar-en-victimas-de-covid-19-2\\\/\"},\"wordCount\":425,\"publisher\":{\"@id\":\"https:\\\/\\\/www.eldiario.net\\\/portal\\\/#organization\"},\"articleSection\":[\"Opini\u00f3n\"],\"inLanguage\":\"es\"},{\"@type\":\"WebPage\",\"@id\":\"https:\\\/\\\/www.eldiario.net\\\/portal\\\/2021\\\/11\\\/02\\\/patrones-de-dano-pulmonar-en-victimas-de-covid-19-2\\\/\",\"url\":\"https:\\\/\\\/www.eldiario.net\\\/portal\\\/2021\\\/11\\\/02\\\/patrones-de-dano-pulmonar-en-victimas-de-covid-19-2\\\/\",\"name\":\"Patrones de da\u00f1o pulmonar en v\u00edctimas de Covid-19 - El Diario - Bolivia\",\"isPartOf\":{\"@id\":\"https:\\\/\\\/www.eldiario.net\\\/portal\\\/#website\"},\"datePublished\":\"2021-11-02T08:53:37+00:00\",\"breadcrumb\":{\"@id\":\"https:\\\/\\\/www.eldiario.net\\\/portal\\\/2021\\\/11\\\/02\\\/patrones-de-dano-pulmonar-en-victimas-de-covid-19-2\\\/#breadcrumb\"},\"inLanguage\":\"es\",\"potentialAction\":[{\"@type\":\"ReadAction\",\"target\":[\"https:\\\/\\\/www.eldiario.net\\\/portal\\\/2021\\\/11\\\/02\\\/patrones-de-dano-pulmonar-en-victimas-de-covid-19-2\\\/\"]}]},{\"@type\":\"BreadcrumbList\",\"@id\":\"https:\\\/\\\/www.eldiario.net\\\/portal\\\/2021\\\/11\\\/02\\\/patrones-de-dano-pulmonar-en-victimas-de-covid-19-2\\\/#breadcrumb\",\"itemListElement\":[{\"@type\":\"ListItem\",\"position\":1,\"name\":\"Portada\",\"item\":\"https:\\\/\\\/www.eldiario.net\\\/portal\\\/\"},{\"@type\":\"ListItem\",\"position\":2,\"name\":\"Patrones de da\u00f1o pulmonar en v\u00edctimas de Covid-19\"}]},{\"@type\":\"WebSite\",\"@id\":\"https:\\\/\\\/www.eldiario.net\\\/portal\\\/#website\",\"url\":\"https:\\\/\\\/www.eldiario.net\\\/portal\\\/\",\"name\":\"El Diario - Decano de la prensa nacional\",\"description\":\"El Diario - Decano de la prensa nacional\",\"publisher\":{\"@id\":\"https:\\\/\\\/www.eldiario.net\\\/portal\\\/#organization\"},\"potentialAction\":[{\"@type\":\"SearchAction\",\"target\":{\"@type\":\"EntryPoint\",\"urlTemplate\":\"https:\\\/\\\/www.eldiario.net\\\/portal\\\/?s={search_term_string}\"},\"query-input\":{\"@type\":\"PropertyValueSpecification\",\"valueRequired\":true,\"valueName\":\"search_term_string\"}}],\"inLanguage\":\"es\"},{\"@type\":\"Organization\",\"@id\":\"https:\\\/\\\/www.eldiario.net\\\/portal\\\/#organization\",\"name\":\"El Diario - Decano de la prensa nacional\",\"url\":\"https:\\\/\\\/www.eldiario.net\\\/portal\\\/\",\"logo\":{\"@type\":\"ImageObject\",\"inLanguage\":\"es\",\"@id\":\"https:\\\/\\\/www.eldiario.net\\\/portal\\\/#\\\/schema\\\/logo\\\/image\\\/\",\"url\":\"https:\\\/\\\/www.eldiario.net\\\/portal\\\/wp-content\\\/uploads\\\/2023\\\/07\\\/logo_ED.jpg\",\"contentUrl\":\"https:\\\/\\\/www.eldiario.net\\\/portal\\\/wp-content\\\/uploads\\\/2023\\\/07\\\/logo_ED.jpg\",\"width\":272,\"height\":52,\"caption\":\"El Diario - Decano de la prensa nacional\"},\"image\":{\"@id\":\"https:\\\/\\\/www.eldiario.net\\\/portal\\\/#\\\/schema\\\/logo\\\/image\\\/\"},\"sameAs\":[\"https:\\\/\\\/www.facebook.com\\\/eldiario.bolivia\\\/\",\"https:\\\/\\\/x.com\\\/eldiario_net\"]},{\"@type\":\"Person\",\"@id\":\"https:\\\/\\\/www.eldiario.net\\\/portal\\\/#\\\/schema\\\/person\\\/2c57cf2b7a7ae032e449e4c9b1019eac\",\"name\":\"Jeanette\",\"image\":{\"@type\":\"ImageObject\",\"inLanguage\":\"es\",\"@id\":\"https:\\\/\\\/secure.gravatar.com\\\/avatar\\\/3ea2118a5f7dad2b7138b1187a6b7ee55f160b9968b66013c3a3ef39dd7e5798?s=96&d=mm&r=g\",\"url\":\"https:\\\/\\\/secure.gravatar.com\\\/avatar\\\/3ea2118a5f7dad2b7138b1187a6b7ee55f160b9968b66013c3a3ef39dd7e5798?s=96&d=mm&r=g\",\"contentUrl\":\"https:\\\/\\\/secure.gravatar.com\\\/avatar\\\/3ea2118a5f7dad2b7138b1187a6b7ee55f160b9968b66013c3a3ef39dd7e5798?s=96&d=mm&r=g\",\"caption\":\"Jeanette\"},\"sameAs\":[\"https:\\\/\\\/www.eldiario.net\\\/portal\"],\"url\":\"https:\\\/\\\/www.eldiario.net\\\/portal\\\/author\\\/jeanette\\\/\"}]}<\/script>\n<!-- \/ Yoast SEO plugin. -->","yoast_head_json":{"title":"Patrones de da\u00f1o pulmonar en v\u00edctimas de Covid-19 - El Diario - Bolivia","robots":{"index":"index","follow":"follow","max-snippet":"max-snippet:-1","max-image-preview":"max-image-preview:large","max-video-preview":"max-video-preview:-1"},"canonical":"https:\/\/www.eldiario.net\/portal\/2021\/11\/02\/patrones-de-dano-pulmonar-en-victimas-de-covid-19-2\/","og_locale":"es_ES","og_type":"article","og_title":"Patrones de da\u00f1o pulmonar en v\u00edctimas de Covid-19 - El Diario - Bolivia","og_description":"Parte II &nbsp; &nbsp; El patr\u00f3n respiratorio &nbsp; En el art\u00edculo, los autores informan que durante los d\u00edas que precedieron a sus muertes, los pacientes con el fenotipo fibr\u00f3tico sufrieron una declinaci\u00f3n progresiva del \u00edndice de oxigenaci\u00f3n \u2013medido de acuerdo con la relaci\u00f3n entre la presi\u00f3n parcial del ox\u00edgeno arterial con la fracci\u00f3n de ox\u00edgeno [&hellip;]","og_url":"https:\/\/www.eldiario.net\/portal\/2021\/11\/02\/patrones-de-dano-pulmonar-en-victimas-de-covid-19-2\/","og_site_name":"El Diario - Bolivia","article_publisher":"https:\/\/www.facebook.com\/eldiario.bolivia\/","article_published_time":"2021-11-02T08:53:37+00:00","author":"Jeanette","twitter_card":"summary_large_image","twitter_creator":"@eldiario_net","twitter_site":"@eldiario_net","twitter_misc":{"Escrito por":"Jeanette","Tiempo de lectura":"2 minutos"},"schema":{"@context":"https:\/\/schema.org","@graph":[{"@type":"Article","@id":"https:\/\/www.eldiario.net\/portal\/2021\/11\/02\/patrones-de-dano-pulmonar-en-victimas-de-covid-19-2\/#article","isPartOf":{"@id":"https:\/\/www.eldiario.net\/portal\/2021\/11\/02\/patrones-de-dano-pulmonar-en-victimas-de-covid-19-2\/"},"author":{"name":"Jeanette","@id":"https:\/\/www.eldiario.net\/portal\/#\/schema\/person\/2c57cf2b7a7ae032e449e4c9b1019eac"},"headline":"Patrones de da\u00f1o pulmonar en v\u00edctimas de Covid-19","datePublished":"2021-11-02T08:53:37+00:00","mainEntityOfPage":{"@id":"https:\/\/www.eldiario.net\/portal\/2021\/11\/02\/patrones-de-dano-pulmonar-en-victimas-de-covid-19-2\/"},"wordCount":425,"publisher":{"@id":"https:\/\/www.eldiario.net\/portal\/#organization"},"articleSection":["Opini\u00f3n"],"inLanguage":"es"},{"@type":"WebPage","@id":"https:\/\/www.eldiario.net\/portal\/2021\/11\/02\/patrones-de-dano-pulmonar-en-victimas-de-covid-19-2\/","url":"https:\/\/www.eldiario.net\/portal\/2021\/11\/02\/patrones-de-dano-pulmonar-en-victimas-de-covid-19-2\/","name":"Patrones de da\u00f1o pulmonar en v\u00edctimas de Covid-19 - El Diario - Bolivia","isPartOf":{"@id":"https:\/\/www.eldiario.net\/portal\/#website"},"datePublished":"2021-11-02T08:53:37+00:00","breadcrumb":{"@id":"https:\/\/www.eldiario.net\/portal\/2021\/11\/02\/patrones-de-dano-pulmonar-en-victimas-de-covid-19-2\/#breadcrumb"},"inLanguage":"es","potentialAction":[{"@type":"ReadAction","target":["https:\/\/www.eldiario.net\/portal\/2021\/11\/02\/patrones-de-dano-pulmonar-en-victimas-de-covid-19-2\/"]}]},{"@type":"BreadcrumbList","@id":"https:\/\/www.eldiario.net\/portal\/2021\/11\/02\/patrones-de-dano-pulmonar-en-victimas-de-covid-19-2\/#breadcrumb","itemListElement":[{"@type":"ListItem","position":1,"name":"Portada","item":"https:\/\/www.eldiario.net\/portal\/"},{"@type":"ListItem","position":2,"name":"Patrones de da\u00f1o pulmonar en v\u00edctimas de Covid-19"}]},{"@type":"WebSite","@id":"https:\/\/www.eldiario.net\/portal\/#website","url":"https:\/\/www.eldiario.net\/portal\/","name":"El Diario - Decano de la prensa nacional","description":"El Diario - Decano de la prensa nacional","publisher":{"@id":"https:\/\/www.eldiario.net\/portal\/#organization"},"potentialAction":[{"@type":"SearchAction","target":{"@type":"EntryPoint","urlTemplate":"https:\/\/www.eldiario.net\/portal\/?s={search_term_string}"},"query-input":{"@type":"PropertyValueSpecification","valueRequired":true,"valueName":"search_term_string"}}],"inLanguage":"es"},{"@type":"Organization","@id":"https:\/\/www.eldiario.net\/portal\/#organization","name":"El Diario - Decano de la prensa nacional","url":"https:\/\/www.eldiario.net\/portal\/","logo":{"@type":"ImageObject","inLanguage":"es","@id":"https:\/\/www.eldiario.net\/portal\/#\/schema\/logo\/image\/","url":"https:\/\/www.eldiario.net\/portal\/wp-content\/uploads\/2023\/07\/logo_ED.jpg","contentUrl":"https:\/\/www.eldiario.net\/portal\/wp-content\/uploads\/2023\/07\/logo_ED.jpg","width":272,"height":52,"caption":"El Diario - Decano de la prensa nacional"},"image":{"@id":"https:\/\/www.eldiario.net\/portal\/#\/schema\/logo\/image\/"},"sameAs":["https:\/\/www.facebook.com\/eldiario.bolivia\/","https:\/\/x.com\/eldiario_net"]},{"@type":"Person","@id":"https:\/\/www.eldiario.net\/portal\/#\/schema\/person\/2c57cf2b7a7ae032e449e4c9b1019eac","name":"Jeanette","image":{"@type":"ImageObject","inLanguage":"es","@id":"https:\/\/secure.gravatar.com\/avatar\/3ea2118a5f7dad2b7138b1187a6b7ee55f160b9968b66013c3a3ef39dd7e5798?s=96&d=mm&r=g","url":"https:\/\/secure.gravatar.com\/avatar\/3ea2118a5f7dad2b7138b1187a6b7ee55f160b9968b66013c3a3ef39dd7e5798?s=96&d=mm&r=g","contentUrl":"https:\/\/secure.gravatar.com\/avatar\/3ea2118a5f7dad2b7138b1187a6b7ee55f160b9968b66013c3a3ef39dd7e5798?s=96&d=mm&r=g","caption":"Jeanette"},"sameAs":["https:\/\/www.eldiario.net\/portal"],"url":"https:\/\/www.eldiario.net\/portal\/author\/jeanette\/"}]}},"_links":{"self":[{"href":"https:\/\/www.eldiario.net\/portal\/wp-json\/wp\/v2\/posts\/40328","targetHints":{"allow":["GET"]}}],"collection":[{"href":"https:\/\/www.eldiario.net\/portal\/wp-json\/wp\/v2\/posts"}],"about":[{"href":"https:\/\/www.eldiario.net\/portal\/wp-json\/wp\/v2\/types\/post"}],"author":[{"embeddable":true,"href":"https:\/\/www.eldiario.net\/portal\/wp-json\/wp\/v2\/users\/1"}],"replies":[{"embeddable":true,"href":"https:\/\/www.eldiario.net\/portal\/wp-json\/wp\/v2\/comments?post=40328"}],"version-history":[{"count":0,"href":"https:\/\/www.eldiario.net\/portal\/wp-json\/wp\/v2\/posts\/40328\/revisions"}],"wp:attachment":[{"href":"https:\/\/www.eldiario.net\/portal\/wp-json\/wp\/v2\/media?parent=40328"}],"wp:term":[{"taxonomy":"category","embeddable":true,"href":"https:\/\/www.eldiario.net\/portal\/wp-json\/wp\/v2\/categories?post=40328"},{"taxonomy":"post_tag","embeddable":true,"href":"https:\/\/www.eldiario.net\/portal\/wp-json\/wp\/v2\/tags?post=40328"}],"curies":[{"name":"wp","href":"https:\/\/api.w.org\/{rel}","templated":true}]}}