{"id":403057,"date":"2026-06-12T07:37:53","date_gmt":"2026-06-12T11:37:53","guid":{"rendered":"https:\/\/www.eldiario.net\/portal\/?p=403057"},"modified":"2026-06-12T07:37:53","modified_gmt":"2026-06-12T11:37:53","slug":"madre-demanda-a-openai-por-impulsar-el-suicidio-de-su-hija","status":"publish","type":"post","link":"https:\/\/www.eldiario.net\/portal\/2026\/06\/12\/madre-demanda-a-openai-por-impulsar-el-suicidio-de-su-hija\/","title":{"rendered":"Madre demanda a OpenAI por  impulsar el suicidio de su hija"},"content":{"rendered":"<p class=\"v1MsoNormal\">Una madre canadiense demand\u00f3 ayer a OpenAI y a su director ejecutivo, Sam Altman, ante un tribunal estadounidense, alegando que ChatGPT incit\u00f3 a su hija a suicidarse. Esta demanda es la m\u00e1s reciente de una serie de acusaciones contra la empresa por no abordar las peligrosas conversaciones entre los usuarios y su chatbot.<\/p>\n<p class=\"v1MsoNormal\">Kristie Carrier afirm\u00f3 en una demanda presentada ante un tribunal estatal de San Francisco que su hija, Alice, le cont\u00f3 a ChatGPT sobre sus ideas suicidas en m\u00e1s de una docena de ocasiones antes de su muerte, pero que los sistemas de seguridad de OpenAI nunca se\u00f1alaron las conversaciones para su revisi\u00f3n humana ni las interrumpieron.<\/p>\n<p class=\"v1MsoNormal\">\u00abChatGPT asumi\u00f3 el papel de confidente, de mejor amigo, de terapeuta en ocasiones, aunque no era capaz de interactuar de forma segura y responsable con mi hijo de esa manera\u00bb, sostuvo Carrier en un comunicado.<\/p>\n<p class=\"v1MsoNormal\">OpenAI declar\u00f3 que entrena sus modelos para orientar a las personas que expresan su intenci\u00f3n de hacerse da\u00f1o hacia la b\u00fasqueda de ayuda y la conexi\u00f3n con recursos del mundo real.<\/p>\n<p class=\"v1MsoNormal\">\u00abEsta es una situaci\u00f3n desgarradora y nuestros pensamientos est\u00e1n con todos los afectados. Actualmente estamos revisando la demanda, que indica que estas interacciones tuvieron lugar en una versi\u00f3n anterior de ChatGPT que ya no est\u00e1 disponible\u00bb, se\u00f1al\u00f3 Drew Pusateri, portavoz de OpenAI.<\/p>\n<p class=\"v1MsoNormal\">La plataforma inicialmente le se\u00f1al\u00f3 a Alice Carrier que buscara ayuda en una l\u00ednea de ayuda para crisis o en los servicios de emergencia. Pero a medida que OpenAI actualiz\u00f3 ChatGPT para que sus respuestas sonaran m\u00e1s humanas, sus interacciones con la plataforma se intensificaron: Alice Carrier comparti\u00f3 informaci\u00f3n m\u00e1s personal y ChatGPT respondi\u00f3 de una manera que imitaba a un amigo o terapeuta, seg\u00fan la demanda.<\/p>\n<p class=\"v1MsoNormal\">La demanda alega que el chatbot critic\u00f3 a la pareja de Alice Carrier y las l\u00edneas de ayuda para crisis, valid\u00f3 sus pensamientos suicidas y la inst\u00f3 a seguir hablando con \u00e9l. Cuando Alice Carrier sostuvo que ten\u00eda pensamientos suicidas y que hab\u00eda intentado quitarse la vida, el chatbot le sugiri\u00f3 nuevamente una l\u00ednea de ayuda para crisis, seg\u00fan la demanda.<\/p>\n<p class=\"v1MsoNormal\">Seg\u00fan la demanda, Alice Carrier trabajaba como desarrolladora web en Montreal cuando comenz\u00f3 a usar ChatGPT en 2023 para solucionar problemas con ordenadores y consolas de videojuegos.<\/p>\n<p class=\"v1MsoNormal\">Al a\u00f1o siguiente, su relaci\u00f3n con la plataforma cambi\u00f3, cuando recurri\u00f3 a ChatGPT con preguntas sobre qu\u00e9 hacer con sus pensamientos suicidas, as\u00ed como sobre m\u00e9todos de suicidio.<\/p>\n<p class=\"v1MsoNormal\">Seg\u00fan la documentaci\u00f3n presentada, Alice Carrier afirm\u00f3 que las l\u00edneas telef\u00f3nicas de ayuda en casos de crisis no eran \u00fatiles, y ChatGPT se hizo eco de esas declaraciones.<\/p>\n<p class=\"v1MsoNormal\">\u00abQuiz\u00e1s este sea el final\u00bb, le se\u00f1al\u00f3 ChatGPT, seg\u00fan consta en la demanda.<\/p>\n<p class=\"v1MsoNormal\">Seg\u00fan alega su madre, estos sucesos llevaron a Alice Carrier a suicidarse el a\u00f1o pasado a la edad de 24 a\u00f1os.<\/p>\n<p class=\"v1MsoNormal\">La demanda, que acusa a OpenAI de negligencia en el dise\u00f1o de ChatGPT y de no advertir a los usuarios de los peligros del producto, exige una indemnizaci\u00f3n por da\u00f1os y perjuicios y una orden judicial que obligue a OpenAI a finalizar autom\u00e1ticamente las conversaciones sobre autolesiones y a mostrar advertencias sobre su plataforma.<\/p>\n<p class=\"v1MsoNormal\">OpenAI ya enfrenta 18 demandas similares presentadas por familiares de personas que se suicidaron o intentaron suicidarse, en un proceso coordinado ante un tribunal estatal de California, seg\u00fan los abogados de Kristie Carrier. Google enfrenta una demanda similar por el presunto acoso inducido por su chatbot Gemini.<\/p>\n<p class=\"v1MsoNormal\">M\u00e1s de un mill\u00f3n de usuarios de ChatGPT env\u00edan mensajes cada semana que incluyen \u00abindicadores expl\u00edcitos de posible planificaci\u00f3n o intenci\u00f3n suicida\u00bb, seg\u00fan una publicaci\u00f3n de blog de OpenAI de octubre de 2025. Adem\u00e1s, OpenAI afirm\u00f3 que alrededor del 0,07 % de los usuarios activos en una semana determinada (unos 560.000 de los 800 millones de usuarios semanales que el bot registraba entonces) muestran \u00abposibles signos de emergencias de salud mental relacionadas con psicosis o man\u00eda\u00bb.<\/p>\n<p class=\"v1MsoNormal\">\u00abSi bien ChatGPT no sustituye la atenci\u00f3n m\u00e9dica ni la atenci\u00f3n de salud mental, hemos seguido mejorando su capacidad de respuesta en situaciones delicadas y agudas con la colaboraci\u00f3n de expertos en salud mental. Nuestras medidas de seguridad est\u00e1n dise\u00f1adas para identificar situaciones de angustia, gestionar de forma segura las solicitudes perjudiciales y orientar a los usuarios hacia ayuda profesional. Este trabajo es continuo y seguimos mejor\u00e1ndolo en estrecha colaboraci\u00f3n con profesionales cl\u00ednicos\u00bb, declar\u00f3 Pusateri, portavoz de OpenAI.<\/p>\n<p class=\"v1MsoNormal\">Sus modelos tambi\u00e9n est\u00e1n entrenados para rechazar solicitudes que podr\u00edan \u00abfacilitar de manera significativa la violencia\u00bb y para notificar a las fuerzas del orden cuando las conversaciones sugieren \u00abun riesgo inminente y cre\u00edble de da\u00f1o a otros\u00bb, con la ayuda de expertos en salud mental para evaluar los casos l\u00edmite, seg\u00fan publicaciones en el blog de OpenAI.<\/p>\n<p class=\"v1MsoNormal\">Adem\u00e1s de las demandas relacionadas con el suicidio, la empresa se enfrenta a demandas que la acusan de ayudar a autores de tiroteos escolares y de no haber alertado a las autoridades sobre esas conversaciones. Familiares de siete v\u00edctimas de un tiroteo masivo en una escuela secundaria de la Columbia Brit\u00e1nica est\u00e1n demandando a OpenAI y a Altman por negligencia, ya que la empresa no alert\u00f3 a las autoridades sobre las inquietantes conversaciones del atacante con ChatGPT.<\/p>\n<p class=\"v1MsoNormal\">A principios de este mes, Florida se convirti\u00f3 en el primer estado de EEUU en demandar a OpenAI, acusando a la compa\u00f1\u00eda de perjudicar a los ni\u00f1os al proporcionar informaci\u00f3n a autores de tiroteos escolares, ofrecer orientaci\u00f3n sobre autolesiones y generar adicci\u00f3n entre los j\u00f3venes usuarios. El fiscal general del estado tambi\u00e9n ha abierto una investigaci\u00f3n penal contra OpenAI por la presunta participaci\u00f3n del chatbot en un tiroteo.<\/p>\n<p class=\"v1MsoNormal\">En Estados Unidos, puedes llamar o enviar un mensaje de texto a la L\u00ednea de Ayuda para la Prevenci\u00f3n del Suicidio y las Crisis (988) al 988 o chatear en\u00a0<a href=\"http:\/\/988lifeline.org\/\" target=\"_blank\" rel=\"noopener noreferrer\">988lifeline.org<\/a>\u00a0. En el Reino Unido e Irlanda, puedes contactar con Samaritans llamando gratis al 116 123. En Australia, el servicio de apoyo en crisis Lifeline es el 13 11 14. Puedes encontrar otras l\u00edneas de ayuda internacionales en befrienders.org.(The Guardian)<\/p>\n","protected":false},"excerpt":{"rendered":"<p>Una madre canadiense demand\u00f3 ayer a OpenAI y a su director ejecutivo, Sam Altman, ante un tribunal estadounidense, alegando que ChatGPT incit\u00f3 a su hija a suicidarse. Esta demanda es la m\u00e1s reciente de una serie de acusaciones contra la empresa por no abordar las peligrosas conversaciones entre los usuarios y su chatbot. Kristie Carrier [&hellip;]<\/p>\n","protected":false},"author":1,"featured_media":403058,"comment_status":"closed","ping_status":"open","sticky":false,"template":"","format":"standard","meta":{"_acf_changed":false,"footnotes":""},"categories":[3],"tags":[],"class_list":["post-403057","post","type-post","status-publish","format-standard","has-post-thumbnail","category-internacional"],"acf":{"antetitulo":"Estados Unidos"},"yoast_head":"<!-- This site is optimized with the Yoast SEO plugin v28.4 - https:\/\/yoast.com\/product\/yoast-seo-wordpress\/ -->\n<title>Madre demanda a OpenAI por impulsar el suicidio de su hija - El Diario - Bolivia<\/title>\n<meta name=\"robots\" content=\"index, follow, max-snippet:-1, max-image-preview:large, max-video-preview:-1\" \/>\n<link rel=\"canonical\" href=\"https:\/\/www.eldiario.net\/portal\/2026\/06\/12\/madre-demanda-a-openai-por-impulsar-el-suicidio-de-su-hija\/\" \/>\n<meta property=\"og:locale\" content=\"es_ES\" \/>\n<meta property=\"og:type\" content=\"article\" \/>\n<meta property=\"og:title\" content=\"Madre demanda a OpenAI por impulsar el suicidio de su hija - El Diario - Bolivia\" \/>\n<meta property=\"og:description\" content=\"Una madre canadiense demand\u00f3 ayer a OpenAI y a su director ejecutivo, Sam Altman, ante un tribunal estadounidense, alegando que ChatGPT incit\u00f3 a su hija a suicidarse. Esta demanda es la m\u00e1s reciente de una serie de acusaciones contra la empresa por no abordar las peligrosas conversaciones entre los usuarios y su chatbot. Kristie Carrier [&hellip;]\" \/>\n<meta property=\"og:url\" content=\"https:\/\/www.eldiario.net\/portal\/2026\/06\/12\/madre-demanda-a-openai-por-impulsar-el-suicidio-de-su-hija\/\" \/>\n<meta property=\"og:site_name\" content=\"El Diario - Bolivia\" \/>\n<meta property=\"article:publisher\" content=\"https:\/\/www.facebook.com\/eldiario.bolivia\/\" \/>\n<meta property=\"article:published_time\" content=\"2026-06-12T11:37:53+00:00\" \/>\n<meta property=\"og:image\" content=\"https:\/\/www.eldiario.net\/portal\/wp-content\/uploads\/2026\/06\/CHAT-Getty-Images.webp\" \/>\n\t<meta property=\"og:image:width\" content=\"620\" \/>\n\t<meta property=\"og:image:height\" content=\"496\" \/>\n\t<meta property=\"og:image:type\" content=\"image\/webp\" \/>\n<meta name=\"author\" content=\"Jeanette\" \/>\n<meta name=\"twitter:card\" content=\"summary_large_image\" \/>\n<meta name=\"twitter:creator\" content=\"@eldiario_net\" \/>\n<meta name=\"twitter:site\" content=\"@eldiario_net\" \/>\n<meta name=\"twitter:label1\" content=\"Escrito por\" \/>\n\t<meta name=\"twitter:data1\" content=\"Jeanette\" \/>\n\t<meta name=\"twitter:label2\" content=\"Tiempo de lectura\" \/>\n\t<meta name=\"twitter:data2\" content=\"5 minutos\" \/>\n<script type=\"application\/ld+json\" class=\"yoast-schema-graph\">{\"@context\":\"https:\\\/\\\/schema.org\",\"@graph\":[{\"@type\":\"Article\",\"@id\":\"https:\\\/\\\/www.eldiario.net\\\/portal\\\/2026\\\/06\\\/12\\\/madre-demanda-a-openai-por-impulsar-el-suicidio-de-su-hija\\\/#article\",\"isPartOf\":{\"@id\":\"https:\\\/\\\/www.eldiario.net\\\/portal\\\/2026\\\/06\\\/12\\\/madre-demanda-a-openai-por-impulsar-el-suicidio-de-su-hija\\\/\"},\"author\":{\"name\":\"Jeanette\",\"@id\":\"https:\\\/\\\/www.eldiario.net\\\/portal\\\/#\\\/schema\\\/person\\\/2c57cf2b7a7ae032e449e4c9b1019eac\"},\"headline\":\"Madre demanda a OpenAI por impulsar el suicidio de su hija\",\"datePublished\":\"2026-06-12T11:37:53+00:00\",\"mainEntityOfPage\":{\"@id\":\"https:\\\/\\\/www.eldiario.net\\\/portal\\\/2026\\\/06\\\/12\\\/madre-demanda-a-openai-por-impulsar-el-suicidio-de-su-hija\\\/\"},\"wordCount\":1072,\"publisher\":{\"@id\":\"https:\\\/\\\/www.eldiario.net\\\/portal\\\/#organization\"},\"image\":{\"@id\":\"https:\\\/\\\/www.eldiario.net\\\/portal\\\/2026\\\/06\\\/12\\\/madre-demanda-a-openai-por-impulsar-el-suicidio-de-su-hija\\\/#primaryimage\"},\"thumbnailUrl\":\"https:\\\/\\\/www.eldiario.net\\\/portal\\\/wp-content\\\/uploads\\\/2026\\\/06\\\/CHAT-Getty-Images.webp\",\"articleSection\":[\"Internacional\"],\"inLanguage\":\"es\"},{\"@type\":\"WebPage\",\"@id\":\"https:\\\/\\\/www.eldiario.net\\\/portal\\\/2026\\\/06\\\/12\\\/madre-demanda-a-openai-por-impulsar-el-suicidio-de-su-hija\\\/\",\"url\":\"https:\\\/\\\/www.eldiario.net\\\/portal\\\/2026\\\/06\\\/12\\\/madre-demanda-a-openai-por-impulsar-el-suicidio-de-su-hija\\\/\",\"name\":\"Madre demanda a OpenAI por impulsar el suicidio de su hija - El Diario - Bolivia\",\"isPartOf\":{\"@id\":\"https:\\\/\\\/www.eldiario.net\\\/portal\\\/#website\"},\"primaryImageOfPage\":{\"@id\":\"https:\\\/\\\/www.eldiario.net\\\/portal\\\/2026\\\/06\\\/12\\\/madre-demanda-a-openai-por-impulsar-el-suicidio-de-su-hija\\\/#primaryimage\"},\"image\":{\"@id\":\"https:\\\/\\\/www.eldiario.net\\\/portal\\\/2026\\\/06\\\/12\\\/madre-demanda-a-openai-por-impulsar-el-suicidio-de-su-hija\\\/#primaryimage\"},\"thumbnailUrl\":\"https:\\\/\\\/www.eldiario.net\\\/portal\\\/wp-content\\\/uploads\\\/2026\\\/06\\\/CHAT-Getty-Images.webp\",\"datePublished\":\"2026-06-12T11:37:53+00:00\",\"breadcrumb\":{\"@id\":\"https:\\\/\\\/www.eldiario.net\\\/portal\\\/2026\\\/06\\\/12\\\/madre-demanda-a-openai-por-impulsar-el-suicidio-de-su-hija\\\/#breadcrumb\"},\"inLanguage\":\"es\",\"potentialAction\":[{\"@type\":\"ReadAction\",\"target\":[\"https:\\\/\\\/www.eldiario.net\\\/portal\\\/2026\\\/06\\\/12\\\/madre-demanda-a-openai-por-impulsar-el-suicidio-de-su-hija\\\/\"]}]},{\"@type\":\"ImageObject\",\"inLanguage\":\"es\",\"@id\":\"https:\\\/\\\/www.eldiario.net\\\/portal\\\/2026\\\/06\\\/12\\\/madre-demanda-a-openai-por-impulsar-el-suicidio-de-su-hija\\\/#primaryimage\",\"url\":\"https:\\\/\\\/www.eldiario.net\\\/portal\\\/wp-content\\\/uploads\\\/2026\\\/06\\\/CHAT-Getty-Images.webp\",\"contentUrl\":\"https:\\\/\\\/www.eldiario.net\\\/portal\\\/wp-content\\\/uploads\\\/2026\\\/06\\\/CHAT-Getty-Images.webp\",\"width\":620,\"height\":496,\"caption\":\"La demanda busca indemnizaci\u00f3n por da\u00f1os y perjuicios a OpenIA. CREDITO: Getty Images\"},{\"@type\":\"BreadcrumbList\",\"@id\":\"https:\\\/\\\/www.eldiario.net\\\/portal\\\/2026\\\/06\\\/12\\\/madre-demanda-a-openai-por-impulsar-el-suicidio-de-su-hija\\\/#breadcrumb\",\"itemListElement\":[{\"@type\":\"ListItem\",\"position\":1,\"name\":\"Portada\",\"item\":\"https:\\\/\\\/www.eldiario.net\\\/portal\\\/\"},{\"@type\":\"ListItem\",\"position\":2,\"name\":\"Madre demanda a OpenAI por impulsar el suicidio de su hija\"}]},{\"@type\":\"WebSite\",\"@id\":\"https:\\\/\\\/www.eldiario.net\\\/portal\\\/#website\",\"url\":\"https:\\\/\\\/www.eldiario.net\\\/portal\\\/\",\"name\":\"El Diario - Decano de la prensa nacional\",\"description\":\"El Diario - Decano de la prensa nacional\",\"publisher\":{\"@id\":\"https:\\\/\\\/www.eldiario.net\\\/portal\\\/#organization\"},\"potentialAction\":[{\"@type\":\"SearchAction\",\"target\":{\"@type\":\"EntryPoint\",\"urlTemplate\":\"https:\\\/\\\/www.eldiario.net\\\/portal\\\/?s={search_term_string}\"},\"query-input\":{\"@type\":\"PropertyValueSpecification\",\"valueRequired\":true,\"valueName\":\"search_term_string\"}}],\"inLanguage\":\"es\"},{\"@type\":\"Organization\",\"@id\":\"https:\\\/\\\/www.eldiario.net\\\/portal\\\/#organization\",\"name\":\"El Diario - Decano de la prensa nacional\",\"url\":\"https:\\\/\\\/www.eldiario.net\\\/portal\\\/\",\"logo\":{\"@type\":\"ImageObject\",\"inLanguage\":\"es\",\"@id\":\"https:\\\/\\\/www.eldiario.net\\\/portal\\\/#\\\/schema\\\/logo\\\/image\\\/\",\"url\":\"https:\\\/\\\/www.eldiario.net\\\/portal\\\/wp-content\\\/uploads\\\/2023\\\/07\\\/logo_ED.jpg\",\"contentUrl\":\"https:\\\/\\\/www.eldiario.net\\\/portal\\\/wp-content\\\/uploads\\\/2023\\\/07\\\/logo_ED.jpg\",\"width\":272,\"height\":52,\"caption\":\"El Diario - Decano de la prensa nacional\"},\"image\":{\"@id\":\"https:\\\/\\\/www.eldiario.net\\\/portal\\\/#\\\/schema\\\/logo\\\/image\\\/\"},\"sameAs\":[\"https:\\\/\\\/www.facebook.com\\\/eldiario.bolivia\\\/\",\"https:\\\/\\\/x.com\\\/eldiario_net\"]},{\"@type\":\"Person\",\"@id\":\"https:\\\/\\\/www.eldiario.net\\\/portal\\\/#\\\/schema\\\/person\\\/2c57cf2b7a7ae032e449e4c9b1019eac\",\"name\":\"Jeanette\",\"image\":{\"@type\":\"ImageObject\",\"inLanguage\":\"es\",\"@id\":\"https:\\\/\\\/secure.gravatar.com\\\/avatar\\\/3ea2118a5f7dad2b7138b1187a6b7ee55f160b9968b66013c3a3ef39dd7e5798?s=96&d=mm&r=g\",\"url\":\"https:\\\/\\\/secure.gravatar.com\\\/avatar\\\/3ea2118a5f7dad2b7138b1187a6b7ee55f160b9968b66013c3a3ef39dd7e5798?s=96&d=mm&r=g\",\"contentUrl\":\"https:\\\/\\\/secure.gravatar.com\\\/avatar\\\/3ea2118a5f7dad2b7138b1187a6b7ee55f160b9968b66013c3a3ef39dd7e5798?s=96&d=mm&r=g\",\"caption\":\"Jeanette\"},\"sameAs\":[\"https:\\\/\\\/www.eldiario.net\\\/portal\"],\"url\":\"https:\\\/\\\/www.eldiario.net\\\/portal\\\/author\\\/jeanette\\\/\"}]}<\/script>\n<!-- \/ Yoast SEO plugin. -->","yoast_head_json":{"title":"Madre demanda a OpenAI por impulsar el suicidio de su hija - El Diario - Bolivia","robots":{"index":"index","follow":"follow","max-snippet":"max-snippet:-1","max-image-preview":"max-image-preview:large","max-video-preview":"max-video-preview:-1"},"canonical":"https:\/\/www.eldiario.net\/portal\/2026\/06\/12\/madre-demanda-a-openai-por-impulsar-el-suicidio-de-su-hija\/","og_locale":"es_ES","og_type":"article","og_title":"Madre demanda a OpenAI por impulsar el suicidio de su hija - El Diario - Bolivia","og_description":"Una madre canadiense demand\u00f3 ayer a OpenAI y a su director ejecutivo, Sam Altman, ante un tribunal estadounidense, alegando que ChatGPT incit\u00f3 a su hija a suicidarse. Esta demanda es la m\u00e1s reciente de una serie de acusaciones contra la empresa por no abordar las peligrosas conversaciones entre los usuarios y su chatbot. Kristie Carrier [&hellip;]","og_url":"https:\/\/www.eldiario.net\/portal\/2026\/06\/12\/madre-demanda-a-openai-por-impulsar-el-suicidio-de-su-hija\/","og_site_name":"El Diario - Bolivia","article_publisher":"https:\/\/www.facebook.com\/eldiario.bolivia\/","article_published_time":"2026-06-12T11:37:53+00:00","og_image":[{"width":620,"height":496,"url":"https:\/\/www.eldiario.net\/portal\/wp-content\/uploads\/2026\/06\/CHAT-Getty-Images.webp","type":"image\/webp"}],"author":"Jeanette","twitter_card":"summary_large_image","twitter_creator":"@eldiario_net","twitter_site":"@eldiario_net","twitter_misc":{"Escrito por":"Jeanette","Tiempo de lectura":"5 minutos"},"schema":{"@context":"https:\/\/schema.org","@graph":[{"@type":"Article","@id":"https:\/\/www.eldiario.net\/portal\/2026\/06\/12\/madre-demanda-a-openai-por-impulsar-el-suicidio-de-su-hija\/#article","isPartOf":{"@id":"https:\/\/www.eldiario.net\/portal\/2026\/06\/12\/madre-demanda-a-openai-por-impulsar-el-suicidio-de-su-hija\/"},"author":{"name":"Jeanette","@id":"https:\/\/www.eldiario.net\/portal\/#\/schema\/person\/2c57cf2b7a7ae032e449e4c9b1019eac"},"headline":"Madre demanda a OpenAI por impulsar el suicidio de su hija","datePublished":"2026-06-12T11:37:53+00:00","mainEntityOfPage":{"@id":"https:\/\/www.eldiario.net\/portal\/2026\/06\/12\/madre-demanda-a-openai-por-impulsar-el-suicidio-de-su-hija\/"},"wordCount":1072,"publisher":{"@id":"https:\/\/www.eldiario.net\/portal\/#organization"},"image":{"@id":"https:\/\/www.eldiario.net\/portal\/2026\/06\/12\/madre-demanda-a-openai-por-impulsar-el-suicidio-de-su-hija\/#primaryimage"},"thumbnailUrl":"https:\/\/www.eldiario.net\/portal\/wp-content\/uploads\/2026\/06\/CHAT-Getty-Images.webp","articleSection":["Internacional"],"inLanguage":"es"},{"@type":"WebPage","@id":"https:\/\/www.eldiario.net\/portal\/2026\/06\/12\/madre-demanda-a-openai-por-impulsar-el-suicidio-de-su-hija\/","url":"https:\/\/www.eldiario.net\/portal\/2026\/06\/12\/madre-demanda-a-openai-por-impulsar-el-suicidio-de-su-hija\/","name":"Madre demanda a OpenAI por impulsar el suicidio de su hija - El Diario - Bolivia","isPartOf":{"@id":"https:\/\/www.eldiario.net\/portal\/#website"},"primaryImageOfPage":{"@id":"https:\/\/www.eldiario.net\/portal\/2026\/06\/12\/madre-demanda-a-openai-por-impulsar-el-suicidio-de-su-hija\/#primaryimage"},"image":{"@id":"https:\/\/www.eldiario.net\/portal\/2026\/06\/12\/madre-demanda-a-openai-por-impulsar-el-suicidio-de-su-hija\/#primaryimage"},"thumbnailUrl":"https:\/\/www.eldiario.net\/portal\/wp-content\/uploads\/2026\/06\/CHAT-Getty-Images.webp","datePublished":"2026-06-12T11:37:53+00:00","breadcrumb":{"@id":"https:\/\/www.eldiario.net\/portal\/2026\/06\/12\/madre-demanda-a-openai-por-impulsar-el-suicidio-de-su-hija\/#breadcrumb"},"inLanguage":"es","potentialAction":[{"@type":"ReadAction","target":["https:\/\/www.eldiario.net\/portal\/2026\/06\/12\/madre-demanda-a-openai-por-impulsar-el-suicidio-de-su-hija\/"]}]},{"@type":"ImageObject","inLanguage":"es","@id":"https:\/\/www.eldiario.net\/portal\/2026\/06\/12\/madre-demanda-a-openai-por-impulsar-el-suicidio-de-su-hija\/#primaryimage","url":"https:\/\/www.eldiario.net\/portal\/wp-content\/uploads\/2026\/06\/CHAT-Getty-Images.webp","contentUrl":"https:\/\/www.eldiario.net\/portal\/wp-content\/uploads\/2026\/06\/CHAT-Getty-Images.webp","width":620,"height":496,"caption":"La demanda busca indemnizaci\u00f3n por da\u00f1os y perjuicios a OpenIA. CREDITO: Getty Images"},{"@type":"BreadcrumbList","@id":"https:\/\/www.eldiario.net\/portal\/2026\/06\/12\/madre-demanda-a-openai-por-impulsar-el-suicidio-de-su-hija\/#breadcrumb","itemListElement":[{"@type":"ListItem","position":1,"name":"Portada","item":"https:\/\/www.eldiario.net\/portal\/"},{"@type":"ListItem","position":2,"name":"Madre demanda a OpenAI por impulsar el suicidio de su hija"}]},{"@type":"WebSite","@id":"https:\/\/www.eldiario.net\/portal\/#website","url":"https:\/\/www.eldiario.net\/portal\/","name":"El Diario - Decano de la prensa nacional","description":"El Diario - Decano de la prensa nacional","publisher":{"@id":"https:\/\/www.eldiario.net\/portal\/#organization"},"potentialAction":[{"@type":"SearchAction","target":{"@type":"EntryPoint","urlTemplate":"https:\/\/www.eldiario.net\/portal\/?s={search_term_string}"},"query-input":{"@type":"PropertyValueSpecification","valueRequired":true,"valueName":"search_term_string"}}],"inLanguage":"es"},{"@type":"Organization","@id":"https:\/\/www.eldiario.net\/portal\/#organization","name":"El Diario - Decano de la prensa nacional","url":"https:\/\/www.eldiario.net\/portal\/","logo":{"@type":"ImageObject","inLanguage":"es","@id":"https:\/\/www.eldiario.net\/portal\/#\/schema\/logo\/image\/","url":"https:\/\/www.eldiario.net\/portal\/wp-content\/uploads\/2023\/07\/logo_ED.jpg","contentUrl":"https:\/\/www.eldiario.net\/portal\/wp-content\/uploads\/2023\/07\/logo_ED.jpg","width":272,"height":52,"caption":"El Diario - Decano de la prensa nacional"},"image":{"@id":"https:\/\/www.eldiario.net\/portal\/#\/schema\/logo\/image\/"},"sameAs":["https:\/\/www.facebook.com\/eldiario.bolivia\/","https:\/\/x.com\/eldiario_net"]},{"@type":"Person","@id":"https:\/\/www.eldiario.net\/portal\/#\/schema\/person\/2c57cf2b7a7ae032e449e4c9b1019eac","name":"Jeanette","image":{"@type":"ImageObject","inLanguage":"es","@id":"https:\/\/secure.gravatar.com\/avatar\/3ea2118a5f7dad2b7138b1187a6b7ee55f160b9968b66013c3a3ef39dd7e5798?s=96&d=mm&r=g","url":"https:\/\/secure.gravatar.com\/avatar\/3ea2118a5f7dad2b7138b1187a6b7ee55f160b9968b66013c3a3ef39dd7e5798?s=96&d=mm&r=g","contentUrl":"https:\/\/secure.gravatar.com\/avatar\/3ea2118a5f7dad2b7138b1187a6b7ee55f160b9968b66013c3a3ef39dd7e5798?s=96&d=mm&r=g","caption":"Jeanette"},"sameAs":["https:\/\/www.eldiario.net\/portal"],"url":"https:\/\/www.eldiario.net\/portal\/author\/jeanette\/"}]}},"_links":{"self":[{"href":"https:\/\/www.eldiario.net\/portal\/wp-json\/wp\/v2\/posts\/403057","targetHints":{"allow":["GET"]}}],"collection":[{"href":"https:\/\/www.eldiario.net\/portal\/wp-json\/wp\/v2\/posts"}],"about":[{"href":"https:\/\/www.eldiario.net\/portal\/wp-json\/wp\/v2\/types\/post"}],"author":[{"embeddable":true,"href":"https:\/\/www.eldiario.net\/portal\/wp-json\/wp\/v2\/users\/1"}],"replies":[{"embeddable":true,"href":"https:\/\/www.eldiario.net\/portal\/wp-json\/wp\/v2\/comments?post=403057"}],"version-history":[{"count":1,"href":"https:\/\/www.eldiario.net\/portal\/wp-json\/wp\/v2\/posts\/403057\/revisions"}],"predecessor-version":[{"id":403059,"href":"https:\/\/www.eldiario.net\/portal\/wp-json\/wp\/v2\/posts\/403057\/revisions\/403059"}],"wp:featuredmedia":[{"embeddable":true,"href":"https:\/\/www.eldiario.net\/portal\/wp-json\/wp\/v2\/media\/403058"}],"wp:attachment":[{"href":"https:\/\/www.eldiario.net\/portal\/wp-json\/wp\/v2\/media?parent=403057"}],"wp:term":[{"taxonomy":"category","embeddable":true,"href":"https:\/\/www.eldiario.net\/portal\/wp-json\/wp\/v2\/categories?post=403057"},{"taxonomy":"post_tag","embeddable":true,"href":"https:\/\/www.eldiario.net\/portal\/wp-json\/wp\/v2\/tags?post=403057"}],"curies":[{"name":"wp","href":"https:\/\/api.w.org\/{rel}","templated":true}]}}