{"id":4030,"date":"2021-05-15T08:15:07","date_gmt":"2021-05-15T12:15:07","guid":{"rendered":"https:\/\/www.eldiario.net\/portal\/?p=4030"},"modified":"2021-05-15T08:15:07","modified_gmt":"2021-05-15T12:15:07","slug":"clausuran-negocios-de-venta-de-bebidas-alcoholicas","status":"publish","type":"post","link":"https:\/\/www.eldiario.net\/portal\/2021\/05\/15\/clausuran-negocios-de-venta-de-bebidas-alcoholicas\/","title":{"rendered":"Clausuran negocios de venta  de bebidas alcoh\u00f3licas"},"content":{"rendered":"<p>La Intendencia Municipal de El Alto clausur\u00f3 tres negocios de venta de bebidas alcoh\u00f3licas en la zona de Villa Dolores, los que no contaban con licencia de funcionamiento, adem\u00e1s expend\u00edan productos de dudosa calidad y sin registro sanitario.<br \/>\nLuego de que los operativos de control se reanudaron por parte de las autoridades de la Intendencia Municipal, se ha podido establecer que este tipo de negocios como bares y discotecas volvieron a reabrir estos negocios, con muchos riesgos de un contagio masivo del coronavirus, porque ninguna de estas actividades econ\u00f3micas cumple con las normas de bioseguridad.<br \/>\nLa autoridad policial a cargo de dicha instancia edil, capital Ren\u00e9 Rojas, se\u00f1al\u00f3 que estos negocios presentan muchas falencias de salud, donde no existe ninguna previsi\u00f3n en el tema de las normas de bioseguridad, donde en todos estos bares que fueron clausurados se comprob\u00f3 la aglomeraci\u00f3n de personas en estado de ebriedad.<br \/>\n\u201cSon varias las irregularidades que estaban cometiendo estos tres negocios que hemos clausurado como la falta de licencia de funcionamiento, y por su puesto a causa de esto la falta del pago de patentes, y muchas otras falta a las normas de bioseguridad, donde estos lugares se han convertido en verdaderos centros del riesgo de un contagio masivo del coronavirus\u201d, dijo la autoridad de la Intendencia.<br \/>\nDe la misma forma, se ha decomisado una gran cantidad de bebidas alcoh\u00f3licas de diferentes marcas que seg\u00fan el an\u00e1lisis por parte de los encargados de inocuidad de la Intendencia, se ha podido establecer que son productos de dudosa calidad, los mismos que no contaban con el Registro Sanitario, otorgado por el Senasag, por lo que se ha podido establecer que su elaboraci\u00f3n fue ilegal.<br \/>\nLos personeros de la Intendencia Municipal de El Alto se\u00f1alaron que a partir de la fecha los operativos de control de bares y discotecas se incrementar\u00e1n, puesto esta instancia edil ya cuenta con una autoridad a la cabeza del coronel Jos\u00e9 Luis Mendivil, quien tiene conocimiento de todo el trabajo que se tiene que realizar, debido a que anteriormente ya ocup\u00f3 este cargo.<br \/>\nDe la misma forma, la Guardia Municipal ya podr\u00e1 entrar en funcionamiento en los pr\u00f3ximos d\u00edas, personal con el cual se tiene previsto realizar los controles a todas las actividades econ\u00f3micas que significan la venta ilegal de bebidas alcoh\u00f3licas, como discotecas y bares, adem\u00e1s del control de los alojamientos ilegales, negocios que infringen de manera continua con hospedajes a personas indocumentadas que utilizan sus ambientes como lugares de consumo de bebidas alcoh\u00f3licas.<\/p>\n","protected":false},"excerpt":{"rendered":"<p>La Intendencia Municipal de El Alto clausur\u00f3 tres negocios de venta de bebidas alcoh\u00f3licas en la zona de Villa Dolores, los que no contaban con licencia de funcionamiento, adem\u00e1s expend\u00edan productos de dudosa calidad y sin registro sanitario. Luego de que los operativos de control se reanudaron por parte de las autoridades de la Intendencia [&hellip;]<\/p>\n","protected":false},"author":1,"featured_media":4031,"comment_status":"closed","ping_status":"closed","sticky":false,"template":"","format":"standard","meta":{"_acf_changed":false,"footnotes":""},"categories":[12],"tags":[],"class_list":["post-4030","post","type-post","status-publish","format-standard","has-post-thumbnail","category-nacional"],"acf":{"antetitulo":""},"yoast_head":"<!-- This site is optimized with the Yoast SEO plugin v28.3 - https:\/\/yoast.com\/product\/yoast-seo-wordpress\/ -->\n<title>Clausuran negocios de venta de bebidas alcoh\u00f3licas - El Diario - Bolivia<\/title>\n<meta name=\"robots\" content=\"index, follow, max-snippet:-1, max-image-preview:large, max-video-preview:-1\" \/>\n<link rel=\"canonical\" href=\"https:\/\/www.eldiario.net\/portal\/2021\/05\/15\/clausuran-negocios-de-venta-de-bebidas-alcoholicas\/\" \/>\n<meta property=\"og:locale\" content=\"es_ES\" \/>\n<meta property=\"og:type\" content=\"article\" \/>\n<meta property=\"og:title\" content=\"Clausuran negocios de venta de bebidas alcoh\u00f3licas - El Diario - Bolivia\" \/>\n<meta property=\"og:description\" content=\"La Intendencia Municipal de El Alto clausur\u00f3 tres negocios de venta de bebidas alcoh\u00f3licas en la zona de Villa Dolores, los que no contaban con licencia de funcionamiento, adem\u00e1s expend\u00edan productos de dudosa calidad y sin registro sanitario. Luego de que los operativos de control se reanudaron por parte de las autoridades de la Intendencia [&hellip;]\" \/>\n<meta property=\"og:url\" content=\"https:\/\/www.eldiario.net\/portal\/2021\/05\/15\/clausuran-negocios-de-venta-de-bebidas-alcoholicas\/\" \/>\n<meta property=\"og:site_name\" content=\"El Diario - Bolivia\" \/>\n<meta property=\"article:publisher\" content=\"https:\/\/www.facebook.com\/eldiario.bolivia\/\" \/>\n<meta property=\"article:published_time\" content=\"2021-05-15T12:15:07+00:00\" \/>\n<meta name=\"author\" content=\"Jeanette\" \/>\n<meta name=\"twitter:card\" content=\"summary_large_image\" \/>\n<meta name=\"twitter:creator\" content=\"@eldiario_net\" \/>\n<meta name=\"twitter:site\" content=\"@eldiario_net\" \/>\n<meta name=\"twitter:label1\" content=\"Escrito por\" \/>\n\t<meta name=\"twitter:data1\" content=\"Jeanette\" \/>\n\t<meta name=\"twitter:label2\" content=\"Tiempo de lectura\" \/>\n\t<meta name=\"twitter:data2\" content=\"2 minutos\" \/>\n<script type=\"application\/ld+json\" class=\"yoast-schema-graph\">{\"@context\":\"https:\\\/\\\/schema.org\",\"@graph\":[{\"@type\":\"Article\",\"@id\":\"https:\\\/\\\/www.eldiario.net\\\/portal\\\/2021\\\/05\\\/15\\\/clausuran-negocios-de-venta-de-bebidas-alcoholicas\\\/#article\",\"isPartOf\":{\"@id\":\"https:\\\/\\\/www.eldiario.net\\\/portal\\\/2021\\\/05\\\/15\\\/clausuran-negocios-de-venta-de-bebidas-alcoholicas\\\/\"},\"author\":{\"name\":\"Jeanette\",\"@id\":\"https:\\\/\\\/www.eldiario.net\\\/portal\\\/#\\\/schema\\\/person\\\/f46445640444750d7d753ccd04ae01b7\"},\"headline\":\"Clausuran negocios de venta de bebidas alcoh\u00f3licas\",\"datePublished\":\"2021-05-15T12:15:07+00:00\",\"mainEntityOfPage\":{\"@id\":\"https:\\\/\\\/www.eldiario.net\\\/portal\\\/2021\\\/05\\\/15\\\/clausuran-negocios-de-venta-de-bebidas-alcoholicas\\\/\"},\"wordCount\":440,\"publisher\":{\"@id\":\"https:\\\/\\\/www.eldiario.net\\\/portal\\\/#organization\"},\"image\":{\"@id\":\"https:\\\/\\\/www.eldiario.net\\\/portal\\\/2021\\\/05\\\/15\\\/clausuran-negocios-de-venta-de-bebidas-alcoholicas\\\/#primaryimage\"},\"thumbnailUrl\":\"\",\"articleSection\":[\"Nacional\"],\"inLanguage\":\"es\"},{\"@type\":\"WebPage\",\"@id\":\"https:\\\/\\\/www.eldiario.net\\\/portal\\\/2021\\\/05\\\/15\\\/clausuran-negocios-de-venta-de-bebidas-alcoholicas\\\/\",\"url\":\"https:\\\/\\\/www.eldiario.net\\\/portal\\\/2021\\\/05\\\/15\\\/clausuran-negocios-de-venta-de-bebidas-alcoholicas\\\/\",\"name\":\"Clausuran negocios de venta de bebidas alcoh\u00f3licas - El Diario - Bolivia\",\"isPartOf\":{\"@id\":\"https:\\\/\\\/www.eldiario.net\\\/portal\\\/#website\"},\"primaryImageOfPage\":{\"@id\":\"https:\\\/\\\/www.eldiario.net\\\/portal\\\/2021\\\/05\\\/15\\\/clausuran-negocios-de-venta-de-bebidas-alcoholicas\\\/#primaryimage\"},\"image\":{\"@id\":\"https:\\\/\\\/www.eldiario.net\\\/portal\\\/2021\\\/05\\\/15\\\/clausuran-negocios-de-venta-de-bebidas-alcoholicas\\\/#primaryimage\"},\"thumbnailUrl\":\"\",\"datePublished\":\"2021-05-15T12:15:07+00:00\",\"breadcrumb\":{\"@id\":\"https:\\\/\\\/www.eldiario.net\\\/portal\\\/2021\\\/05\\\/15\\\/clausuran-negocios-de-venta-de-bebidas-alcoholicas\\\/#breadcrumb\"},\"inLanguage\":\"es\",\"potentialAction\":[{\"@type\":\"ReadAction\",\"target\":[\"https:\\\/\\\/www.eldiario.net\\\/portal\\\/2021\\\/05\\\/15\\\/clausuran-negocios-de-venta-de-bebidas-alcoholicas\\\/\"]}]},{\"@type\":\"ImageObject\",\"inLanguage\":\"es\",\"@id\":\"https:\\\/\\\/www.eldiario.net\\\/portal\\\/2021\\\/05\\\/15\\\/clausuran-negocios-de-venta-de-bebidas-alcoholicas\\\/#primaryimage\",\"url\":\"\",\"contentUrl\":\"\"},{\"@type\":\"BreadcrumbList\",\"@id\":\"https:\\\/\\\/www.eldiario.net\\\/portal\\\/2021\\\/05\\\/15\\\/clausuran-negocios-de-venta-de-bebidas-alcoholicas\\\/#breadcrumb\",\"itemListElement\":[{\"@type\":\"ListItem\",\"position\":1,\"name\":\"Portada\",\"item\":\"https:\\\/\\\/www.eldiario.net\\\/portal\\\/\"},{\"@type\":\"ListItem\",\"position\":2,\"name\":\"Clausuran negocios de venta de bebidas alcoh\u00f3licas\"}]},{\"@type\":\"WebSite\",\"@id\":\"https:\\\/\\\/www.eldiario.net\\\/portal\\\/#website\",\"url\":\"https:\\\/\\\/www.eldiario.net\\\/portal\\\/\",\"name\":\"El Diario - Decano de la prensa nacional\",\"description\":\"El Diario - Decano de la prensa nacional\",\"publisher\":{\"@id\":\"https:\\\/\\\/www.eldiario.net\\\/portal\\\/#organization\"},\"potentialAction\":[{\"@type\":\"SearchAction\",\"target\":{\"@type\":\"EntryPoint\",\"urlTemplate\":\"https:\\\/\\\/www.eldiario.net\\\/portal\\\/?s={search_term_string}\"},\"query-input\":{\"@type\":\"PropertyValueSpecification\",\"valueRequired\":true,\"valueName\":\"search_term_string\"}}],\"inLanguage\":\"es\"},{\"@type\":\"Organization\",\"@id\":\"https:\\\/\\\/www.eldiario.net\\\/portal\\\/#organization\",\"name\":\"El Diario - Decano de la prensa nacional\",\"url\":\"https:\\\/\\\/www.eldiario.net\\\/portal\\\/\",\"logo\":{\"@type\":\"ImageObject\",\"inLanguage\":\"es\",\"@id\":\"https:\\\/\\\/www.eldiario.net\\\/portal\\\/#\\\/schema\\\/logo\\\/image\\\/\",\"url\":\"https:\\\/\\\/www.eldiario.net\\\/portal\\\/wp-content\\\/uploads\\\/2023\\\/07\\\/logo_ED.jpg\",\"contentUrl\":\"https:\\\/\\\/www.eldiario.net\\\/portal\\\/wp-content\\\/uploads\\\/2023\\\/07\\\/logo_ED.jpg\",\"width\":272,\"height\":52,\"caption\":\"El Diario - Decano de la prensa nacional\"},\"image\":{\"@id\":\"https:\\\/\\\/www.eldiario.net\\\/portal\\\/#\\\/schema\\\/logo\\\/image\\\/\"},\"sameAs\":[\"https:\\\/\\\/www.facebook.com\\\/eldiario.bolivia\\\/\",\"https:\\\/\\\/x.com\\\/eldiario_net\"]},{\"@type\":\"Person\",\"@id\":\"https:\\\/\\\/www.eldiario.net\\\/portal\\\/#\\\/schema\\\/person\\\/f46445640444750d7d753ccd04ae01b7\",\"name\":\"Jeanette\",\"image\":{\"@type\":\"ImageObject\",\"inLanguage\":\"es\",\"@id\":\"https:\\\/\\\/secure.gravatar.com\\\/avatar\\\/3ea2118a5f7dad2b7138b1187a6b7ee55f160b9968b66013c3a3ef39dd7e5798?s=96&d=mm&r=g\",\"url\":\"https:\\\/\\\/secure.gravatar.com\\\/avatar\\\/3ea2118a5f7dad2b7138b1187a6b7ee55f160b9968b66013c3a3ef39dd7e5798?s=96&d=mm&r=g\",\"contentUrl\":\"https:\\\/\\\/secure.gravatar.com\\\/avatar\\\/3ea2118a5f7dad2b7138b1187a6b7ee55f160b9968b66013c3a3ef39dd7e5798?s=96&d=mm&r=g\",\"caption\":\"Jeanette\"},\"sameAs\":[\"https:\\\/\\\/www.eldiario.net\\\/portal\"],\"url\":\"https:\\\/\\\/www.eldiario.net\\\/portal\\\/author\\\/jeanette\\\/\"}]}<\/script>\n<!-- \/ Yoast SEO plugin. -->","yoast_head_json":{"title":"Clausuran negocios de venta de bebidas alcoh\u00f3licas - El Diario - Bolivia","robots":{"index":"index","follow":"follow","max-snippet":"max-snippet:-1","max-image-preview":"max-image-preview:large","max-video-preview":"max-video-preview:-1"},"canonical":"https:\/\/www.eldiario.net\/portal\/2021\/05\/15\/clausuran-negocios-de-venta-de-bebidas-alcoholicas\/","og_locale":"es_ES","og_type":"article","og_title":"Clausuran negocios de venta de bebidas alcoh\u00f3licas - El Diario - Bolivia","og_description":"La Intendencia Municipal de El Alto clausur\u00f3 tres negocios de venta de bebidas alcoh\u00f3licas en la zona de Villa Dolores, los que no contaban con licencia de funcionamiento, adem\u00e1s expend\u00edan productos de dudosa calidad y sin registro sanitario. Luego de que los operativos de control se reanudaron por parte de las autoridades de la Intendencia [&hellip;]","og_url":"https:\/\/www.eldiario.net\/portal\/2021\/05\/15\/clausuran-negocios-de-venta-de-bebidas-alcoholicas\/","og_site_name":"El Diario - Bolivia","article_publisher":"https:\/\/www.facebook.com\/eldiario.bolivia\/","article_published_time":"2021-05-15T12:15:07+00:00","author":"Jeanette","twitter_card":"summary_large_image","twitter_creator":"@eldiario_net","twitter_site":"@eldiario_net","twitter_misc":{"Escrito por":"Jeanette","Tiempo de lectura":"2 minutos"},"schema":{"@context":"https:\/\/schema.org","@graph":[{"@type":"Article","@id":"https:\/\/www.eldiario.net\/portal\/2021\/05\/15\/clausuran-negocios-de-venta-de-bebidas-alcoholicas\/#article","isPartOf":{"@id":"https:\/\/www.eldiario.net\/portal\/2021\/05\/15\/clausuran-negocios-de-venta-de-bebidas-alcoholicas\/"},"author":{"name":"Jeanette","@id":"https:\/\/www.eldiario.net\/portal\/#\/schema\/person\/f46445640444750d7d753ccd04ae01b7"},"headline":"Clausuran negocios de venta de bebidas alcoh\u00f3licas","datePublished":"2021-05-15T12:15:07+00:00","mainEntityOfPage":{"@id":"https:\/\/www.eldiario.net\/portal\/2021\/05\/15\/clausuran-negocios-de-venta-de-bebidas-alcoholicas\/"},"wordCount":440,"publisher":{"@id":"https:\/\/www.eldiario.net\/portal\/#organization"},"image":{"@id":"https:\/\/www.eldiario.net\/portal\/2021\/05\/15\/clausuran-negocios-de-venta-de-bebidas-alcoholicas\/#primaryimage"},"thumbnailUrl":"","articleSection":["Nacional"],"inLanguage":"es"},{"@type":"WebPage","@id":"https:\/\/www.eldiario.net\/portal\/2021\/05\/15\/clausuran-negocios-de-venta-de-bebidas-alcoholicas\/","url":"https:\/\/www.eldiario.net\/portal\/2021\/05\/15\/clausuran-negocios-de-venta-de-bebidas-alcoholicas\/","name":"Clausuran negocios de venta de bebidas alcoh\u00f3licas - El Diario - Bolivia","isPartOf":{"@id":"https:\/\/www.eldiario.net\/portal\/#website"},"primaryImageOfPage":{"@id":"https:\/\/www.eldiario.net\/portal\/2021\/05\/15\/clausuran-negocios-de-venta-de-bebidas-alcoholicas\/#primaryimage"},"image":{"@id":"https:\/\/www.eldiario.net\/portal\/2021\/05\/15\/clausuran-negocios-de-venta-de-bebidas-alcoholicas\/#primaryimage"},"thumbnailUrl":"","datePublished":"2021-05-15T12:15:07+00:00","breadcrumb":{"@id":"https:\/\/www.eldiario.net\/portal\/2021\/05\/15\/clausuran-negocios-de-venta-de-bebidas-alcoholicas\/#breadcrumb"},"inLanguage":"es","potentialAction":[{"@type":"ReadAction","target":["https:\/\/www.eldiario.net\/portal\/2021\/05\/15\/clausuran-negocios-de-venta-de-bebidas-alcoholicas\/"]}]},{"@type":"ImageObject","inLanguage":"es","@id":"https:\/\/www.eldiario.net\/portal\/2021\/05\/15\/clausuran-negocios-de-venta-de-bebidas-alcoholicas\/#primaryimage","url":"","contentUrl":""},{"@type":"BreadcrumbList","@id":"https:\/\/www.eldiario.net\/portal\/2021\/05\/15\/clausuran-negocios-de-venta-de-bebidas-alcoholicas\/#breadcrumb","itemListElement":[{"@type":"ListItem","position":1,"name":"Portada","item":"https:\/\/www.eldiario.net\/portal\/"},{"@type":"ListItem","position":2,"name":"Clausuran negocios de venta de bebidas alcoh\u00f3licas"}]},{"@type":"WebSite","@id":"https:\/\/www.eldiario.net\/portal\/#website","url":"https:\/\/www.eldiario.net\/portal\/","name":"El Diario - Decano de la prensa nacional","description":"El Diario - Decano de la prensa nacional","publisher":{"@id":"https:\/\/www.eldiario.net\/portal\/#organization"},"potentialAction":[{"@type":"SearchAction","target":{"@type":"EntryPoint","urlTemplate":"https:\/\/www.eldiario.net\/portal\/?s={search_term_string}"},"query-input":{"@type":"PropertyValueSpecification","valueRequired":true,"valueName":"search_term_string"}}],"inLanguage":"es"},{"@type":"Organization","@id":"https:\/\/www.eldiario.net\/portal\/#organization","name":"El Diario - Decano de la prensa nacional","url":"https:\/\/www.eldiario.net\/portal\/","logo":{"@type":"ImageObject","inLanguage":"es","@id":"https:\/\/www.eldiario.net\/portal\/#\/schema\/logo\/image\/","url":"https:\/\/www.eldiario.net\/portal\/wp-content\/uploads\/2023\/07\/logo_ED.jpg","contentUrl":"https:\/\/www.eldiario.net\/portal\/wp-content\/uploads\/2023\/07\/logo_ED.jpg","width":272,"height":52,"caption":"El Diario - Decano de la prensa nacional"},"image":{"@id":"https:\/\/www.eldiario.net\/portal\/#\/schema\/logo\/image\/"},"sameAs":["https:\/\/www.facebook.com\/eldiario.bolivia\/","https:\/\/x.com\/eldiario_net"]},{"@type":"Person","@id":"https:\/\/www.eldiario.net\/portal\/#\/schema\/person\/f46445640444750d7d753ccd04ae01b7","name":"Jeanette","image":{"@type":"ImageObject","inLanguage":"es","@id":"https:\/\/secure.gravatar.com\/avatar\/3ea2118a5f7dad2b7138b1187a6b7ee55f160b9968b66013c3a3ef39dd7e5798?s=96&d=mm&r=g","url":"https:\/\/secure.gravatar.com\/avatar\/3ea2118a5f7dad2b7138b1187a6b7ee55f160b9968b66013c3a3ef39dd7e5798?s=96&d=mm&r=g","contentUrl":"https:\/\/secure.gravatar.com\/avatar\/3ea2118a5f7dad2b7138b1187a6b7ee55f160b9968b66013c3a3ef39dd7e5798?s=96&d=mm&r=g","caption":"Jeanette"},"sameAs":["https:\/\/www.eldiario.net\/portal"],"url":"https:\/\/www.eldiario.net\/portal\/author\/jeanette\/"}]}},"_links":{"self":[{"href":"https:\/\/www.eldiario.net\/portal\/wp-json\/wp\/v2\/posts\/4030","targetHints":{"allow":["GET"]}}],"collection":[{"href":"https:\/\/www.eldiario.net\/portal\/wp-json\/wp\/v2\/posts"}],"about":[{"href":"https:\/\/www.eldiario.net\/portal\/wp-json\/wp\/v2\/types\/post"}],"author":[{"embeddable":true,"href":"https:\/\/www.eldiario.net\/portal\/wp-json\/wp\/v2\/users\/1"}],"replies":[{"embeddable":true,"href":"https:\/\/www.eldiario.net\/portal\/wp-json\/wp\/v2\/comments?post=4030"}],"version-history":[{"count":0,"href":"https:\/\/www.eldiario.net\/portal\/wp-json\/wp\/v2\/posts\/4030\/revisions"}],"wp:attachment":[{"href":"https:\/\/www.eldiario.net\/portal\/wp-json\/wp\/v2\/media?parent=4030"}],"wp:term":[{"taxonomy":"category","embeddable":true,"href":"https:\/\/www.eldiario.net\/portal\/wp-json\/wp\/v2\/categories?post=4030"},{"taxonomy":"post_tag","embeddable":true,"href":"https:\/\/www.eldiario.net\/portal\/wp-json\/wp\/v2\/tags?post=4030"}],"curies":[{"name":"wp","href":"https:\/\/api.w.org\/{rel}","templated":true}]}}