{"id":402935,"date":"2026-06-12T00:07:23","date_gmt":"2026-06-12T04:07:23","guid":{"rendered":"https:\/\/www.eldiario.net\/portal\/?p=402935"},"modified":"2026-06-11T23:08:46","modified_gmt":"2026-06-12T03:08:46","slug":"exposicion-a-dispositivos-digitales-educacion-o-simple-sobreexposicion-5","status":"publish","type":"post","link":"https:\/\/www.eldiario.net\/portal\/2026\/06\/12\/exposicion-a-dispositivos-digitales-educacion-o-simple-sobreexposicion-5\/","title":{"rendered":"Exposici\u00f3n a dispositivos digitales Educaci\u00f3n o simple sobreexposici\u00f3n"},"content":{"rendered":"<p><strong>Por. Lic. H\u00e9ctor Molina<\/strong><\/p>\n<p>&nbsp;<\/p>\n<p><strong>Recordemos que\u2026<\/strong><\/p>\n<p>&nbsp;<\/p>\n<p>La comprensi\u00f3n del cerebro humano en la era contempor\u00e1nea exige un an\u00e1lisis profundo de c\u00f3mo los entornos artificiales modifican la arquitectura neuronal. La exposici\u00f3n a dispositivos digitales se define como el proceso de interacci\u00f3n sensorial, cognitiva y motriz entre un individuo y una interfaz electr\u00f3nica (smartphones, tablets, computadoras o consolas). Desde la biolog\u00eda celular y las neurociencias, esta interacci\u00f3n no es un acto pasivo; es un bombardeo de est\u00edmulos que activa circuitos espec\u00edficos y puede reconfigurar la sinapsis mediante la neuroplasticidad.<\/p>\n<p>&nbsp;<\/p>\n<p>La exposici\u00f3n a entornos digitales se ha convertido en un eje central de la vida de los adolescentes, influyendo de manera directa en su desarrollo cognitivo, emocional y social. Desde la perspectiva de las neurociencias y la psicolog\u00eda educativa, este fen\u00f3meno presenta una dualidad compleja que impacta la plasticidad cerebral, es decir, la capacidad del cerebro para adaptarse y reorganizarse seg\u00fan las experiencias vividas.<\/p>\n<p>&nbsp;<\/p>\n<p><strong>C\u00f3mo corregir los problemas generados por la exposici\u00f3n digital inadecuada<\/strong><\/p>\n<p>&nbsp;<\/p>\n<p>El entorno digital se ha transformado en el escenario principal donde se construye la identidad, se gestionan las relaciones sociales y se busca la aprobaci\u00f3n del entorno. Sin embargo, cuando la inmersi\u00f3n en las pantallas deja de ser una herramienta y se convierte en una sobreexposici\u00f3n inadecuada, el dise\u00f1o arquitect\u00f3nico de las plataformas digitales empieza a competir directamente con el dise\u00f1o evolutivo del sistema nervioso central.<\/p>\n<p>&nbsp;<\/p>\n<p>Abordar y solucionar las consecuencias de este fen\u00f3meno requiere comprender los mecanismos neuronales y conductuales en juego, aplicando estrategias validadas por la ciencia para recuperar el equilibrio sin necesidad de satanizar la tecnolog\u00eda.<\/p>\n<p>&nbsp;<\/p>\n<p><strong>El impacto en la pizarra cerebral &#8211; Neurobiolog\u00eda de la sobreexposici\u00f3n<\/strong><\/p>\n<p>&nbsp;<\/p>\n<p>El cerebro durante la adolescencia se encuentra en una fase cr\u00edtica de poda sin\u00e1ptica y mielinizaci\u00f3n, procesos destinados a optimizar las conexiones m\u00e1s utilizadas. Cuando el est\u00edmulo principal proviene de entornos digitales de consumo r\u00e1pido, el desarrollo de la corteza prefrontal \u2014la regi\u00f3n encargada de la autorregulaci\u00f3n, la atenci\u00f3n sostenida y la gratificaci\u00f3n aplazada\u2014 experimenta una alteraci\u00f3n en sus prioridades de cableado neuronal.<\/p>\n<p>&nbsp;<\/p>\n<p>Las redes sociales y los videojuegos operan bajo un modelo de refuerzo intermitente de base variable, un concepto cl\u00e1sico de la psicolog\u00eda conductual introducido por B.F. Skinner. El cerebro recibe recompensas (likes, notificaciones, victorias) de manera impredecible, lo que genera descargas constantes de dopamina en el sistema de recompensa del cerebro (el n\u00facleo accumbens).<\/p>\n<p>&nbsp;<\/p>\n<p>Esta sobreestimulaci\u00f3n eleva el umbral del placer, provocando que las actividades del mundo real, cuyos resultados requieren esfuerzo y tiempo (como estudiar o leer), se perciban como aburridas o carentes de est\u00edmulo. Cient\u00edficos del desarrollo como Michael Rich de la Universidad de Harvard se\u00f1alan que esta exposici\u00f3n inadecuada no destruye neuronas, sino que entrena al cerebro para ser eficiente \u00fanicamente en la distracci\u00f3n y la reactividad emocional, debilitando la capacidad de enfoque profundo.<\/p>\n<p>&nbsp;<\/p>\n<p><strong>Estrategias de correcci\u00f3n conductual y neurocognitiva<\/strong><\/p>\n<p>&nbsp;<\/p>\n<p>Para revertir los problemas de atenci\u00f3n, la ansiedad por la desconexi\u00f3n (conocida como FOMO) y la alteraci\u00f3n de los ciclos de sue\u00f1o, la psicolog\u00eda conductual y las neurociencias proponen intervenciones basadas en la neuroplasticidad, es decir, la capacidad del cerebro para reorganizarse y crear nuevos caminos neuronales.<\/p>\n<p>&nbsp;<\/p>\n<ol>\n<li><strong> Reconfiguraci\u00f3n ambiental y control de est\u00edmulos<\/strong><\/li>\n<\/ol>\n<p>&nbsp;<\/p>\n<p>La fuerza de voluntad es un recurso limitado y el cerebro siempre buscar\u00e1 la ruta de menor resistencia energ\u00e9tica. La correcci\u00f3n conductual no se basa en prohibir, sino en modificar el entorno para que el acceso a la distracci\u00f3n sea dif\u00edcil y el acceso al enfoque sea sencillo.<\/p>\n<p>&nbsp;<\/p>\n<p>Eliminar las notificaciones no esenciales, mantener los dispositivos fuera de la habitaci\u00f3n durante las horas de sue\u00f1o y establecer zonas libres de tecnolog\u00eda en el hogar reduce dr\u00e1sticamente la \u00abfatiga por decisi\u00f3n\u00bb. Al retirar el est\u00edmulo visual del tel\u00e9fono, los niveles de cortisol (la hormona del estr\u00e9s) disminuyen, permitiendo que la atenci\u00f3n regrese de forma natural a la tarea presente.<\/p>\n<p>&nbsp;<\/p>\n<ol start=\"2\">\n<li><strong> El ayuno de dopamina continuo &#8211; Boredom training<\/strong><\/li>\n<\/ol>\n<p>&nbsp;<\/p>\n<p>Aprender a tolerar el aburrimiento es una habilidad cognitiva de alto nivel. Cuando el cerebro experimenta un vac\u00edo de est\u00edmulos, se activa la Red Neuronal por Defecto (RND), una estructura cerebral asociada con la introspecci\u00f3n, la creatividad y la consolidaci\u00f3n de la memoria autobiogr\u00e1fica.<\/p>\n<p>&nbsp;<\/p>\n<p>La correcci\u00f3n de la hiperestimulaci\u00f3n digital implica programar periodos diarios de desconexi\u00f3n total donde el individuo se permita experimentar la ausencia de entretenimiento inmediato. Esta pr\u00e1ctica ayuda a recalibrar los receptores de dopamina, haciendo que el cerebro recupere la sensibilidad ante los est\u00edmulos cotidianos y de baja intensidad, mejorando el estado de \u00e1nimo y la paciencia.<\/p>\n<p>&nbsp;<\/p>\n<ol start=\"3\">\n<li><strong> Sustituci\u00f3n conductual adaptativa<\/strong><\/li>\n<\/ol>\n<p>&nbsp;<\/p>\n<p>El principio conductual de la extinci\u00f3n demuestra que un h\u00e1bito arraigado no se elimina simplemente dejando un espacio vac\u00edo; se debe sustituir por otra conducta que active v\u00edas de recompensa similares pero saludables.<\/p>\n<p>&nbsp;<\/p>\n<p>El ejercicio f\u00edsico de alta intensidad, la pr\u00e1ctica de un instrumento musical o las interacciones sociales cara a cara estimulan la producci\u00f3n de endorfinas y oxitocina. Estas sustancias qu\u00edmicas proporcionan una sensaci\u00f3n de bienestar y pertenencia mucho m\u00e1s s\u00f3lida y duradera que la validaci\u00f3n ef\u00edmera de una pantalla, ayudando a reconstruir la autoestima y las habilidades sociales debilitadas por el aislamiento digital.<\/p>\n<p>&nbsp;<\/p>\n<p><strong>La arquitectura del sue\u00f1o como prioridad biol\u00f3gica<\/strong><\/p>\n<p>&nbsp;<\/p>\n<p>Uno de los da\u00f1os m\u00e1s severos de la exposici\u00f3n digital inadecuada es la disrupci\u00f3n del ritmo circadiano. La exposici\u00f3n a la luz azul de onda corta emitida por las pantallas durante la noche activa las c\u00e9lulas ganglionares de la retina, las cuales env\u00edan una se\u00f1al equ\u00edvoca al n\u00facleo supraquiasm\u00e1tico del hipot\u00e1lamo, indic\u00e1ndole al organismo que a\u00fan es de d\u00eda.<\/p>\n<p>&nbsp;<\/p>\n<p>Como consecuencia, la secreci\u00f3n de melatonina (la hormona del sue\u00f1o) se retrasa o se inhibe por completo. Un cerebro privado de sue\u00f1o profundo no logra activar eficazmente el sistema glinf\u00e1tico, encargado de limpiar los desechos metab\u00f3licos acumulados durante el d\u00eda. La correcci\u00f3n biol\u00f3gica exige un \u00abtoque de queda digital\u00bb al menos sesenta minutos antes de dormir, permitiendo que la transici\u00f3n neuroqu\u00edmica hacia el descanso ocurra sin interferencias artificiales, lo que optimiza la memoria, el control emocional y el rendimiento acad\u00e9mico al d\u00eda siguiente.<\/p>\n\r\n                <style type=\"text\/css\">\r\n                    \r\n                    #tdi_1  .td-doubleSlider-2 .td-item1 {\r\n                        background: url(https:\/\/www.eldiario.net\/portal\/wp-content\/uploads\/2026\/06\/Socio-La-arquitectura-del-sueno-como-prioridad-biologica-80x60.webp) 0 0 no-repeat;\r\n                    }\r\n                    #tdi_1  .td-doubleSlider-2 .td-item2 {\r\n                        background: url(https:\/\/www.eldiario.net\/portal\/wp-content\/uploads\/2026\/06\/Socio-Correccion-conductual-y-neurocognitiva-80x60.webp) 0 0 no-repeat;\r\n                    }\r\n                <\/style>\r\n\r\n                <div id=\"tdi_1\" class=\"td-gallery td-slide-on-2-columns\">\r\n                    <div class=\"post_td_gallery\">\r\n                        <div class=\"td-gallery-slide-top\">\r\n                           <div class=\"td-gallery-title\"><\/div>\r\n\r\n                            <div class=\"td-gallery-controls-wrapper\">\r\n                                <div class=\"td-gallery-slide-count\"><span class=\"td-gallery-slide-item-focus\">1<\/span> de 2<\/div>\r\n                                <div class=\"td-gallery-slide-prev-next-but\">\r\n                                    <i class = \"td-icon-left doubleSliderPrevButton\"><\/i>\r\n                                    <i class = \"td-icon-right doubleSliderNextButton\"><\/i>\r\n                                <\/div>\r\n                            <\/div>\r\n                        <\/div>\r\n\r\n                        <div class = \"td-doubleSlider-1 \">\r\n                            <div class = \"td-slider\">\r\n                                \r\n                    <div class = \"td-slide-item td-item1\">\r\n                        <figure class=\"td-slide-galery-figure td-slide-popup-gallery\">\r\n                            <a class=\"slide-gallery-image-link\" href=\"https:\/\/www.eldiario.net\/portal\/wp-content\/uploads\/2026\/06\/Socio-La-arquitectura-del-sueno-como-prioridad-biologica.webp\" title=\"Socio - La arquitectura del sue\u00f1o como prioridad biol\u00f3gica\"  data-caption=\"\"  data-description=\"\">\r\n                                <img decoding=\"async\" src=\"https:\/\/www.eldiario.net\/portal\/wp-content\/uploads\/2026\/06\/Socio-La-arquitectura-del-sueno-como-prioridad-biologica-769x420.webp\" srcset=\"https:\/\/www.eldiario.net\/portal\/wp-content\/uploads\/2026\/06\/Socio-La-arquitectura-del-sueno-como-prioridad-biologica-769x420.webp 769w, https:\/\/www.eldiario.net\/portal\/wp-content\/uploads\/2026\/06\/Socio-La-arquitectura-del-sueno-como-prioridad-biologica-300x164.webp 300w, https:\/\/www.eldiario.net\/portal\/wp-content\/uploads\/2026\/06\/Socio-La-arquitectura-del-sueno-como-prioridad-biologica-768x419.webp 768w, https:\/\/www.eldiario.net\/portal\/wp-content\/uploads\/2026\/06\/Socio-La-arquitectura-del-sueno-como-prioridad-biologica-150x82.webp 150w, https:\/\/www.eldiario.net\/portal\/wp-content\/uploads\/2026\/06\/Socio-La-arquitectura-del-sueno-como-prioridad-biologica-696x380.webp 696w, https:\/\/www.eldiario.net\/portal\/wp-content\/uploads\/2026\/06\/Socio-La-arquitectura-del-sueno-como-prioridad-biologica.webp 1024w\" sizes=\"(max-width: 769px) 100vw, 769px\" alt=\"\">\r\n                            <\/a>\r\n                            \r\n                        <\/figure>\r\n                    <\/div>\r\n                    <div class = \"td-slide-item td-item2\">\r\n                        <figure class=\"td-slide-galery-figure td-slide-popup-gallery\">\r\n                            <a class=\"slide-gallery-image-link\" href=\"https:\/\/www.eldiario.net\/portal\/wp-content\/uploads\/2026\/06\/Socio-Correccion-conductual-y-neurocognitiva.webp\" title=\"Socio - Correcci\u00f3n conductual y neurocognitiva\"  data-caption=\"\"  data-description=\"\">\r\n                                <img decoding=\"async\" src=\"https:\/\/www.eldiario.net\/portal\/wp-content\/uploads\/2026\/06\/Socio-Correccion-conductual-y-neurocognitiva-769x420.webp\" srcset=\"https:\/\/www.eldiario.net\/portal\/wp-content\/uploads\/2026\/06\/Socio-Correccion-conductual-y-neurocognitiva-769x420.webp 769w, https:\/\/www.eldiario.net\/portal\/wp-content\/uploads\/2026\/06\/Socio-Correccion-conductual-y-neurocognitiva-300x164.webp 300w, https:\/\/www.eldiario.net\/portal\/wp-content\/uploads\/2026\/06\/Socio-Correccion-conductual-y-neurocognitiva-768x419.webp 768w, https:\/\/www.eldiario.net\/portal\/wp-content\/uploads\/2026\/06\/Socio-Correccion-conductual-y-neurocognitiva-150x82.webp 150w, https:\/\/www.eldiario.net\/portal\/wp-content\/uploads\/2026\/06\/Socio-Correccion-conductual-y-neurocognitiva-696x380.webp 696w, https:\/\/www.eldiario.net\/portal\/wp-content\/uploads\/2026\/06\/Socio-Correccion-conductual-y-neurocognitiva.webp 1024w\" sizes=\"(max-width: 769px) 100vw, 769px\" alt=\"\">\r\n                            <\/a>\r\n                            \r\n                        <\/figure>\r\n                    <\/div>\r\n                            <\/div>\r\n                        <\/div>\r\n\r\n                        <div class = \"td-doubleSlider-2\">\r\n                            <div class = \"td-slider\">\r\n                                \r\n                    <div class = \"td-button td-item1\">\r\n                        <div class = \"td-border\"><\/div>\r\n                    <\/div>\r\n                    <div class = \"td-button td-item2\">\r\n                        <div class = \"td-border\"><\/div>\r\n                    <\/div>\r\n                            <\/div>\r\n                        <\/div>\r\n\r\n                    <\/div>\r\n\r\n                <\/div>\r\n                \n","protected":false},"excerpt":{"rendered":"<p>Por. Lic. H\u00e9ctor Molina &nbsp; Recordemos que\u2026 &nbsp; La comprensi\u00f3n del cerebro humano en la era contempor\u00e1nea exige un an\u00e1lisis profundo de c\u00f3mo los entornos artificiales modifican la arquitectura neuronal. La exposici\u00f3n a dispositivos digitales se define como el proceso de interacci\u00f3n sensorial, cognitiva y motriz entre un individuo y una interfaz electr\u00f3nica (smartphones, tablets, [&hellip;]<\/p>\n","protected":false},"author":1,"featured_media":402936,"comment_status":"closed","ping_status":"open","sticky":false,"template":"","format":"standard","meta":{"_acf_changed":false,"footnotes":""},"categories":[43],"tags":[],"class_list":["post-402935","post","type-post","status-publish","format-standard","has-post-thumbnail","category-nuevos-horizontes"],"acf":{"antetitulo":"Quinta Parte"},"yoast_head":"<!-- This site is optimized with the Yoast SEO plugin v28.4 - https:\/\/yoast.com\/product\/yoast-seo-wordpress\/ -->\n<title>Exposici\u00f3n a dispositivos digitales Educaci\u00f3n o simple sobreexposici\u00f3n - El Diario - Bolivia<\/title>\n<meta name=\"robots\" content=\"index, follow, max-snippet:-1, max-image-preview:large, max-video-preview:-1\" \/>\n<link rel=\"canonical\" href=\"https:\/\/www.eldiario.net\/portal\/2026\/06\/12\/exposicion-a-dispositivos-digitales-educacion-o-simple-sobreexposicion-5\/\" \/>\n<meta property=\"og:locale\" content=\"es_ES\" \/>\n<meta property=\"og:type\" content=\"article\" \/>\n<meta property=\"og:title\" content=\"Exposici\u00f3n a dispositivos digitales Educaci\u00f3n o simple sobreexposici\u00f3n - El Diario - Bolivia\" \/>\n<meta property=\"og:description\" content=\"Por. Lic. H\u00e9ctor Molina &nbsp; Recordemos que\u2026 &nbsp; La comprensi\u00f3n del cerebro humano en la era contempor\u00e1nea exige un an\u00e1lisis profundo de c\u00f3mo los entornos artificiales modifican la arquitectura neuronal. La exposici\u00f3n a dispositivos digitales se define como el proceso de interacci\u00f3n sensorial, cognitiva y motriz entre un individuo y una interfaz electr\u00f3nica (smartphones, tablets, [&hellip;]\" \/>\n<meta property=\"og:url\" content=\"https:\/\/www.eldiario.net\/portal\/2026\/06\/12\/exposicion-a-dispositivos-digitales-educacion-o-simple-sobreexposicion-5\/\" \/>\n<meta property=\"og:site_name\" content=\"El Diario - Bolivia\" \/>\n<meta property=\"article:publisher\" content=\"https:\/\/www.facebook.com\/eldiario.bolivia\/\" \/>\n<meta property=\"article:published_time\" content=\"2026-06-12T04:07:23+00:00\" \/>\n<meta property=\"og:image\" content=\"https:\/\/www.eldiario.net\/portal\/wp-content\/uploads\/2026\/06\/Socio-La-arquitectura-del-sueno-como-prioridad-biologica.webp\" \/>\n\t<meta property=\"og:image:width\" content=\"1024\" \/>\n\t<meta property=\"og:image:height\" content=\"559\" \/>\n\t<meta property=\"og:image:type\" content=\"image\/webp\" \/>\n<meta name=\"author\" content=\"Jeanette\" \/>\n<meta name=\"twitter:card\" content=\"summary_large_image\" \/>\n<meta name=\"twitter:creator\" content=\"@eldiario_net\" \/>\n<meta name=\"twitter:site\" content=\"@eldiario_net\" \/>\n<meta name=\"twitter:label1\" content=\"Escrito por\" \/>\n\t<meta name=\"twitter:data1\" content=\"Jeanette\" \/>\n\t<meta name=\"twitter:label2\" content=\"Tiempo de lectura\" \/>\n\t<meta name=\"twitter:data2\" content=\"5 minutos\" \/>\n<script type=\"application\/ld+json\" class=\"yoast-schema-graph\">{\"@context\":\"https:\\\/\\\/schema.org\",\"@graph\":[{\"@type\":\"Article\",\"@id\":\"https:\\\/\\\/www.eldiario.net\\\/portal\\\/2026\\\/06\\\/12\\\/exposicion-a-dispositivos-digitales-educacion-o-simple-sobreexposicion-5\\\/#article\",\"isPartOf\":{\"@id\":\"https:\\\/\\\/www.eldiario.net\\\/portal\\\/2026\\\/06\\\/12\\\/exposicion-a-dispositivos-digitales-educacion-o-simple-sobreexposicion-5\\\/\"},\"author\":{\"name\":\"Jeanette\",\"@id\":\"https:\\\/\\\/www.eldiario.net\\\/portal\\\/#\\\/schema\\\/person\\\/2c57cf2b7a7ae032e449e4c9b1019eac\"},\"headline\":\"Exposici\u00f3n a dispositivos digitales Educaci\u00f3n o simple sobreexposici\u00f3n\",\"datePublished\":\"2026-06-12T04:07:23+00:00\",\"mainEntityOfPage\":{\"@id\":\"https:\\\/\\\/www.eldiario.net\\\/portal\\\/2026\\\/06\\\/12\\\/exposicion-a-dispositivos-digitales-educacion-o-simple-sobreexposicion-5\\\/\"},\"wordCount\":1150,\"publisher\":{\"@id\":\"https:\\\/\\\/www.eldiario.net\\\/portal\\\/#organization\"},\"image\":{\"@id\":\"https:\\\/\\\/www.eldiario.net\\\/portal\\\/2026\\\/06\\\/12\\\/exposicion-a-dispositivos-digitales-educacion-o-simple-sobreexposicion-5\\\/#primaryimage\"},\"thumbnailUrl\":\"https:\\\/\\\/www.eldiario.net\\\/portal\\\/wp-content\\\/uploads\\\/2026\\\/06\\\/Socio-La-arquitectura-del-sueno-como-prioridad-biologica.webp\",\"articleSection\":[\"Nuevos Horizontes\"],\"inLanguage\":\"es\"},{\"@type\":\"WebPage\",\"@id\":\"https:\\\/\\\/www.eldiario.net\\\/portal\\\/2026\\\/06\\\/12\\\/exposicion-a-dispositivos-digitales-educacion-o-simple-sobreexposicion-5\\\/\",\"url\":\"https:\\\/\\\/www.eldiario.net\\\/portal\\\/2026\\\/06\\\/12\\\/exposicion-a-dispositivos-digitales-educacion-o-simple-sobreexposicion-5\\\/\",\"name\":\"Exposici\u00f3n a dispositivos digitales Educaci\u00f3n o simple sobreexposici\u00f3n - El Diario - Bolivia\",\"isPartOf\":{\"@id\":\"https:\\\/\\\/www.eldiario.net\\\/portal\\\/#website\"},\"primaryImageOfPage\":{\"@id\":\"https:\\\/\\\/www.eldiario.net\\\/portal\\\/2026\\\/06\\\/12\\\/exposicion-a-dispositivos-digitales-educacion-o-simple-sobreexposicion-5\\\/#primaryimage\"},\"image\":{\"@id\":\"https:\\\/\\\/www.eldiario.net\\\/portal\\\/2026\\\/06\\\/12\\\/exposicion-a-dispositivos-digitales-educacion-o-simple-sobreexposicion-5\\\/#primaryimage\"},\"thumbnailUrl\":\"https:\\\/\\\/www.eldiario.net\\\/portal\\\/wp-content\\\/uploads\\\/2026\\\/06\\\/Socio-La-arquitectura-del-sueno-como-prioridad-biologica.webp\",\"datePublished\":\"2026-06-12T04:07:23+00:00\",\"breadcrumb\":{\"@id\":\"https:\\\/\\\/www.eldiario.net\\\/portal\\\/2026\\\/06\\\/12\\\/exposicion-a-dispositivos-digitales-educacion-o-simple-sobreexposicion-5\\\/#breadcrumb\"},\"inLanguage\":\"es\",\"potentialAction\":[{\"@type\":\"ReadAction\",\"target\":[\"https:\\\/\\\/www.eldiario.net\\\/portal\\\/2026\\\/06\\\/12\\\/exposicion-a-dispositivos-digitales-educacion-o-simple-sobreexposicion-5\\\/\"]}]},{\"@type\":\"ImageObject\",\"inLanguage\":\"es\",\"@id\":\"https:\\\/\\\/www.eldiario.net\\\/portal\\\/2026\\\/06\\\/12\\\/exposicion-a-dispositivos-digitales-educacion-o-simple-sobreexposicion-5\\\/#primaryimage\",\"url\":\"https:\\\/\\\/www.eldiario.net\\\/portal\\\/wp-content\\\/uploads\\\/2026\\\/06\\\/Socio-La-arquitectura-del-sueno-como-prioridad-biologica.webp\",\"contentUrl\":\"https:\\\/\\\/www.eldiario.net\\\/portal\\\/wp-content\\\/uploads\\\/2026\\\/06\\\/Socio-La-arquitectura-del-sueno-como-prioridad-biologica.webp\",\"width\":1024,\"height\":559},{\"@type\":\"BreadcrumbList\",\"@id\":\"https:\\\/\\\/www.eldiario.net\\\/portal\\\/2026\\\/06\\\/12\\\/exposicion-a-dispositivos-digitales-educacion-o-simple-sobreexposicion-5\\\/#breadcrumb\",\"itemListElement\":[{\"@type\":\"ListItem\",\"position\":1,\"name\":\"Portada\",\"item\":\"https:\\\/\\\/www.eldiario.net\\\/portal\\\/\"},{\"@type\":\"ListItem\",\"position\":2,\"name\":\"Exposici\u00f3n a dispositivos digitales Educaci\u00f3n o simple sobreexposici\u00f3n\"}]},{\"@type\":\"WebSite\",\"@id\":\"https:\\\/\\\/www.eldiario.net\\\/portal\\\/#website\",\"url\":\"https:\\\/\\\/www.eldiario.net\\\/portal\\\/\",\"name\":\"El Diario - Decano de la prensa nacional\",\"description\":\"El Diario - Decano de la prensa nacional\",\"publisher\":{\"@id\":\"https:\\\/\\\/www.eldiario.net\\\/portal\\\/#organization\"},\"potentialAction\":[{\"@type\":\"SearchAction\",\"target\":{\"@type\":\"EntryPoint\",\"urlTemplate\":\"https:\\\/\\\/www.eldiario.net\\\/portal\\\/?s={search_term_string}\"},\"query-input\":{\"@type\":\"PropertyValueSpecification\",\"valueRequired\":true,\"valueName\":\"search_term_string\"}}],\"inLanguage\":\"es\"},{\"@type\":\"Organization\",\"@id\":\"https:\\\/\\\/www.eldiario.net\\\/portal\\\/#organization\",\"name\":\"El Diario - Decano de la prensa nacional\",\"url\":\"https:\\\/\\\/www.eldiario.net\\\/portal\\\/\",\"logo\":{\"@type\":\"ImageObject\",\"inLanguage\":\"es\",\"@id\":\"https:\\\/\\\/www.eldiario.net\\\/portal\\\/#\\\/schema\\\/logo\\\/image\\\/\",\"url\":\"https:\\\/\\\/www.eldiario.net\\\/portal\\\/wp-content\\\/uploads\\\/2023\\\/07\\\/logo_ED.jpg\",\"contentUrl\":\"https:\\\/\\\/www.eldiario.net\\\/portal\\\/wp-content\\\/uploads\\\/2023\\\/07\\\/logo_ED.jpg\",\"width\":272,\"height\":52,\"caption\":\"El Diario - Decano de la prensa nacional\"},\"image\":{\"@id\":\"https:\\\/\\\/www.eldiario.net\\\/portal\\\/#\\\/schema\\\/logo\\\/image\\\/\"},\"sameAs\":[\"https:\\\/\\\/www.facebook.com\\\/eldiario.bolivia\\\/\",\"https:\\\/\\\/x.com\\\/eldiario_net\"]},{\"@type\":\"Person\",\"@id\":\"https:\\\/\\\/www.eldiario.net\\\/portal\\\/#\\\/schema\\\/person\\\/2c57cf2b7a7ae032e449e4c9b1019eac\",\"name\":\"Jeanette\",\"image\":{\"@type\":\"ImageObject\",\"inLanguage\":\"es\",\"@id\":\"https:\\\/\\\/secure.gravatar.com\\\/avatar\\\/3ea2118a5f7dad2b7138b1187a6b7ee55f160b9968b66013c3a3ef39dd7e5798?s=96&d=mm&r=g\",\"url\":\"https:\\\/\\\/secure.gravatar.com\\\/avatar\\\/3ea2118a5f7dad2b7138b1187a6b7ee55f160b9968b66013c3a3ef39dd7e5798?s=96&d=mm&r=g\",\"contentUrl\":\"https:\\\/\\\/secure.gravatar.com\\\/avatar\\\/3ea2118a5f7dad2b7138b1187a6b7ee55f160b9968b66013c3a3ef39dd7e5798?s=96&d=mm&r=g\",\"caption\":\"Jeanette\"},\"sameAs\":[\"https:\\\/\\\/www.eldiario.net\\\/portal\"],\"url\":\"https:\\\/\\\/www.eldiario.net\\\/portal\\\/author\\\/jeanette\\\/\"}]}<\/script>\n<!-- \/ Yoast SEO plugin. -->","yoast_head_json":{"title":"Exposici\u00f3n a dispositivos digitales Educaci\u00f3n o simple sobreexposici\u00f3n - El Diario - Bolivia","robots":{"index":"index","follow":"follow","max-snippet":"max-snippet:-1","max-image-preview":"max-image-preview:large","max-video-preview":"max-video-preview:-1"},"canonical":"https:\/\/www.eldiario.net\/portal\/2026\/06\/12\/exposicion-a-dispositivos-digitales-educacion-o-simple-sobreexposicion-5\/","og_locale":"es_ES","og_type":"article","og_title":"Exposici\u00f3n a dispositivos digitales Educaci\u00f3n o simple sobreexposici\u00f3n - El Diario - Bolivia","og_description":"Por. Lic. H\u00e9ctor Molina &nbsp; Recordemos que\u2026 &nbsp; La comprensi\u00f3n del cerebro humano en la era contempor\u00e1nea exige un an\u00e1lisis profundo de c\u00f3mo los entornos artificiales modifican la arquitectura neuronal. La exposici\u00f3n a dispositivos digitales se define como el proceso de interacci\u00f3n sensorial, cognitiva y motriz entre un individuo y una interfaz electr\u00f3nica (smartphones, tablets, [&hellip;]","og_url":"https:\/\/www.eldiario.net\/portal\/2026\/06\/12\/exposicion-a-dispositivos-digitales-educacion-o-simple-sobreexposicion-5\/","og_site_name":"El Diario - Bolivia","article_publisher":"https:\/\/www.facebook.com\/eldiario.bolivia\/","article_published_time":"2026-06-12T04:07:23+00:00","og_image":[{"width":1024,"height":559,"url":"https:\/\/www.eldiario.net\/portal\/wp-content\/uploads\/2026\/06\/Socio-La-arquitectura-del-sueno-como-prioridad-biologica.webp","type":"image\/webp"}],"author":"Jeanette","twitter_card":"summary_large_image","twitter_creator":"@eldiario_net","twitter_site":"@eldiario_net","twitter_misc":{"Escrito por":"Jeanette","Tiempo de lectura":"5 minutos"},"schema":{"@context":"https:\/\/schema.org","@graph":[{"@type":"Article","@id":"https:\/\/www.eldiario.net\/portal\/2026\/06\/12\/exposicion-a-dispositivos-digitales-educacion-o-simple-sobreexposicion-5\/#article","isPartOf":{"@id":"https:\/\/www.eldiario.net\/portal\/2026\/06\/12\/exposicion-a-dispositivos-digitales-educacion-o-simple-sobreexposicion-5\/"},"author":{"name":"Jeanette","@id":"https:\/\/www.eldiario.net\/portal\/#\/schema\/person\/2c57cf2b7a7ae032e449e4c9b1019eac"},"headline":"Exposici\u00f3n a dispositivos digitales Educaci\u00f3n o simple sobreexposici\u00f3n","datePublished":"2026-06-12T04:07:23+00:00","mainEntityOfPage":{"@id":"https:\/\/www.eldiario.net\/portal\/2026\/06\/12\/exposicion-a-dispositivos-digitales-educacion-o-simple-sobreexposicion-5\/"},"wordCount":1150,"publisher":{"@id":"https:\/\/www.eldiario.net\/portal\/#organization"},"image":{"@id":"https:\/\/www.eldiario.net\/portal\/2026\/06\/12\/exposicion-a-dispositivos-digitales-educacion-o-simple-sobreexposicion-5\/#primaryimage"},"thumbnailUrl":"https:\/\/www.eldiario.net\/portal\/wp-content\/uploads\/2026\/06\/Socio-La-arquitectura-del-sueno-como-prioridad-biologica.webp","articleSection":["Nuevos Horizontes"],"inLanguage":"es"},{"@type":"WebPage","@id":"https:\/\/www.eldiario.net\/portal\/2026\/06\/12\/exposicion-a-dispositivos-digitales-educacion-o-simple-sobreexposicion-5\/","url":"https:\/\/www.eldiario.net\/portal\/2026\/06\/12\/exposicion-a-dispositivos-digitales-educacion-o-simple-sobreexposicion-5\/","name":"Exposici\u00f3n a dispositivos digitales Educaci\u00f3n o simple sobreexposici\u00f3n - El Diario - Bolivia","isPartOf":{"@id":"https:\/\/www.eldiario.net\/portal\/#website"},"primaryImageOfPage":{"@id":"https:\/\/www.eldiario.net\/portal\/2026\/06\/12\/exposicion-a-dispositivos-digitales-educacion-o-simple-sobreexposicion-5\/#primaryimage"},"image":{"@id":"https:\/\/www.eldiario.net\/portal\/2026\/06\/12\/exposicion-a-dispositivos-digitales-educacion-o-simple-sobreexposicion-5\/#primaryimage"},"thumbnailUrl":"https:\/\/www.eldiario.net\/portal\/wp-content\/uploads\/2026\/06\/Socio-La-arquitectura-del-sueno-como-prioridad-biologica.webp","datePublished":"2026-06-12T04:07:23+00:00","breadcrumb":{"@id":"https:\/\/www.eldiario.net\/portal\/2026\/06\/12\/exposicion-a-dispositivos-digitales-educacion-o-simple-sobreexposicion-5\/#breadcrumb"},"inLanguage":"es","potentialAction":[{"@type":"ReadAction","target":["https:\/\/www.eldiario.net\/portal\/2026\/06\/12\/exposicion-a-dispositivos-digitales-educacion-o-simple-sobreexposicion-5\/"]}]},{"@type":"ImageObject","inLanguage":"es","@id":"https:\/\/www.eldiario.net\/portal\/2026\/06\/12\/exposicion-a-dispositivos-digitales-educacion-o-simple-sobreexposicion-5\/#primaryimage","url":"https:\/\/www.eldiario.net\/portal\/wp-content\/uploads\/2026\/06\/Socio-La-arquitectura-del-sueno-como-prioridad-biologica.webp","contentUrl":"https:\/\/www.eldiario.net\/portal\/wp-content\/uploads\/2026\/06\/Socio-La-arquitectura-del-sueno-como-prioridad-biologica.webp","width":1024,"height":559},{"@type":"BreadcrumbList","@id":"https:\/\/www.eldiario.net\/portal\/2026\/06\/12\/exposicion-a-dispositivos-digitales-educacion-o-simple-sobreexposicion-5\/#breadcrumb","itemListElement":[{"@type":"ListItem","position":1,"name":"Portada","item":"https:\/\/www.eldiario.net\/portal\/"},{"@type":"ListItem","position":2,"name":"Exposici\u00f3n a dispositivos digitales Educaci\u00f3n o simple sobreexposici\u00f3n"}]},{"@type":"WebSite","@id":"https:\/\/www.eldiario.net\/portal\/#website","url":"https:\/\/www.eldiario.net\/portal\/","name":"El Diario - Decano de la prensa nacional","description":"El Diario - Decano de la prensa nacional","publisher":{"@id":"https:\/\/www.eldiario.net\/portal\/#organization"},"potentialAction":[{"@type":"SearchAction","target":{"@type":"EntryPoint","urlTemplate":"https:\/\/www.eldiario.net\/portal\/?s={search_term_string}"},"query-input":{"@type":"PropertyValueSpecification","valueRequired":true,"valueName":"search_term_string"}}],"inLanguage":"es"},{"@type":"Organization","@id":"https:\/\/www.eldiario.net\/portal\/#organization","name":"El Diario - Decano de la prensa nacional","url":"https:\/\/www.eldiario.net\/portal\/","logo":{"@type":"ImageObject","inLanguage":"es","@id":"https:\/\/www.eldiario.net\/portal\/#\/schema\/logo\/image\/","url":"https:\/\/www.eldiario.net\/portal\/wp-content\/uploads\/2023\/07\/logo_ED.jpg","contentUrl":"https:\/\/www.eldiario.net\/portal\/wp-content\/uploads\/2023\/07\/logo_ED.jpg","width":272,"height":52,"caption":"El Diario - Decano de la prensa nacional"},"image":{"@id":"https:\/\/www.eldiario.net\/portal\/#\/schema\/logo\/image\/"},"sameAs":["https:\/\/www.facebook.com\/eldiario.bolivia\/","https:\/\/x.com\/eldiario_net"]},{"@type":"Person","@id":"https:\/\/www.eldiario.net\/portal\/#\/schema\/person\/2c57cf2b7a7ae032e449e4c9b1019eac","name":"Jeanette","image":{"@type":"ImageObject","inLanguage":"es","@id":"https:\/\/secure.gravatar.com\/avatar\/3ea2118a5f7dad2b7138b1187a6b7ee55f160b9968b66013c3a3ef39dd7e5798?s=96&d=mm&r=g","url":"https:\/\/secure.gravatar.com\/avatar\/3ea2118a5f7dad2b7138b1187a6b7ee55f160b9968b66013c3a3ef39dd7e5798?s=96&d=mm&r=g","contentUrl":"https:\/\/secure.gravatar.com\/avatar\/3ea2118a5f7dad2b7138b1187a6b7ee55f160b9968b66013c3a3ef39dd7e5798?s=96&d=mm&r=g","caption":"Jeanette"},"sameAs":["https:\/\/www.eldiario.net\/portal"],"url":"https:\/\/www.eldiario.net\/portal\/author\/jeanette\/"}]}},"_links":{"self":[{"href":"https:\/\/www.eldiario.net\/portal\/wp-json\/wp\/v2\/posts\/402935","targetHints":{"allow":["GET"]}}],"collection":[{"href":"https:\/\/www.eldiario.net\/portal\/wp-json\/wp\/v2\/posts"}],"about":[{"href":"https:\/\/www.eldiario.net\/portal\/wp-json\/wp\/v2\/types\/post"}],"author":[{"embeddable":true,"href":"https:\/\/www.eldiario.net\/portal\/wp-json\/wp\/v2\/users\/1"}],"replies":[{"embeddable":true,"href":"https:\/\/www.eldiario.net\/portal\/wp-json\/wp\/v2\/comments?post=402935"}],"version-history":[{"count":1,"href":"https:\/\/www.eldiario.net\/portal\/wp-json\/wp\/v2\/posts\/402935\/revisions"}],"predecessor-version":[{"id":402938,"href":"https:\/\/www.eldiario.net\/portal\/wp-json\/wp\/v2\/posts\/402935\/revisions\/402938"}],"wp:featuredmedia":[{"embeddable":true,"href":"https:\/\/www.eldiario.net\/portal\/wp-json\/wp\/v2\/media\/402936"}],"wp:attachment":[{"href":"https:\/\/www.eldiario.net\/portal\/wp-json\/wp\/v2\/media?parent=402935"}],"wp:term":[{"taxonomy":"category","embeddable":true,"href":"https:\/\/www.eldiario.net\/portal\/wp-json\/wp\/v2\/categories?post=402935"},{"taxonomy":"post_tag","embeddable":true,"href":"https:\/\/www.eldiario.net\/portal\/wp-json\/wp\/v2\/tags?post=402935"}],"curies":[{"name":"wp","href":"https:\/\/api.w.org\/{rel}","templated":true}]}}