{"id":402930,"date":"2026-06-12T00:05:39","date_gmt":"2026-06-12T04:05:39","guid":{"rendered":"https:\/\/www.eldiario.net\/portal\/?p=402930"},"modified":"2026-06-11T23:06:48","modified_gmt":"2026-06-12T03:06:48","slug":"argumentacion-y-debate-el-poder-de-la-persuasion-2","status":"publish","type":"post","link":"https:\/\/www.eldiario.net\/portal\/2026\/06\/12\/argumentacion-y-debate-el-poder-de-la-persuasion-2\/","title":{"rendered":"Argumentaci\u00f3n y debate El poder de la persuasi\u00f3n"},"content":{"rendered":"<p><strong>Por. Lic. H\u00e9ctor Molina<\/strong><\/p>\n<p>&nbsp;<\/p>\n<p><strong>Recordemos que\u2026<\/strong><\/p>\n<p>&nbsp;<\/p>\n<p>La argumentaci\u00f3n se define como el proceso cognitivo y ling\u00fc\u00edstico mediante el cual se construyen razonamientos l\u00f3gicos con el objetivo de demostrar, justificar o refutar una postura determinada. No consiste en una simple manifestaci\u00f3n de opiniones o preferencias personales, sino en la articulaci\u00f3n estructurada de ideas respaldadas por evidencias, hechos comprobables y fundamentos s\u00f3lidos.<\/p>\n<p>&nbsp;<\/p>\n<p>Asimismo, el debate es una t\u00e9cnica pedag\u00f3gica y una pr\u00e1ctica comunicativa formal en la que dos o m\u00e1s personas exponen y confrontan sus diferentes puntos de vista sobre un tema determinado. Se rige por un marco de reglas preestablecidas, tiempos de intervenci\u00f3n delimitados y la presencia de un moderador, transformando la discrepancia verbal en un ejercicio de construcci\u00f3n intelectual respetuoso.<\/p>\n<p>&nbsp;<\/p>\n<p>Y por \u00faltimo, pero no menos importante, recordar que la persuasi\u00f3n es el arte y la ciencia de influir en las creencias, actitudes, intenciones o comportamientos de los dem\u00e1s a trav\u00e9s del uso de la palabra. A diferencia de la manipulaci\u00f3n o la coacci\u00f3n (que anulan la libertad del individuo mediante el enga\u00f1o o la fuerza), la persuasi\u00f3n busca convencer de manera voluntaria, utilizando herramientas ret\u00f3ricas que conectan la l\u00f3gica del mensaje con la psicolog\u00eda del receptor.<\/p>\n<p>&nbsp;<\/p>\n<p><strong>C\u00f3mo la argumentaci\u00f3n puede conducir a la persuasi\u00f3n<\/strong><\/p>\n<p>&nbsp;<\/p>\n<p>Para que una simple idea puede encender una revoluci\u00f3n en la mente de alguien se debe entender que cada d\u00eda, el cerebro humano procesa miles de est\u00edmulos, pero solo unos pocos logran derribar los muros de la indiferencia y transformar radicalmente una forma de pensar o actuar. Detr\u00e1s de ese fen\u00f3meno no hay magia ni trucos de magia, sino un fascinante choque de fuerzas donde la neurociencia, la psicolog\u00eda del desarrollo y la comunicaci\u00f3n estrat\u00e9gica se fusionan: la transformaci\u00f3n de un argumento s\u00f3lido en un arma de persuasi\u00f3n masiva.<\/p>\n<p>&nbsp;<\/p>\n<p><strong>La arquitectura de la persuasi\u00f3n &#8211; El cerebro ante los argumentos<\/strong><\/p>\n<p>&nbsp;<\/p>\n<p>Para entender c\u00f3mo un argumento se convierte en persuasi\u00f3n, primero se debe mirar dentro de la cabeza. El cerebro de un adolescente se encuentra en una etapa maravillosa de remodelaci\u00f3n masiva. La corteza prefrontal, la zona encargada del razonamiento l\u00f3gico, el control de impulsos y la toma de decisiones, todav\u00eda se est\u00e1 conectando. Por lo tanto, el procesamiento de la informaci\u00f3n sigue una ruta muy particular.<\/p>\n<p>&nbsp;<\/p>\n<p>La neurociencia demuestra que la persuasi\u00f3n efectiva activa dos v\u00edas principales en el cerebro, un concepto que los psic\u00f3logos Richard Petty y John Cacioppo (1986) denominaron el Modelo de Probabilidad de Elaboraci\u00f3n:<\/p>\n<p>&nbsp;<\/p>\n<ul>\n<li><strong>La ruta central &#8211; El camino de la l\u00f3gica.<\/strong> Se activa cuando el mensaje es analizado de forma cr\u00edtica. Aqu\u00ed es donde los argumentos s\u00f3lidos, respaldados por datos y evidencias, cobran valor. El cerebro procesa la informaci\u00f3n en el \u00e1rea del pensamiento abstracto y, si el argumento es s\u00f3lido, genera un cambio de actitud duradero y resistente al cambio.<\/li>\n<\/ul>\n<p>&nbsp;<\/p>\n<ul>\n<li><strong>La ruta perif\u00e9rica &#8211; El camino de la emoci\u00f3n y el entorno.<\/strong> Es una v\u00eda r\u00e1pida. El cerebro decide si acepta una idea bas\u00e1ndose en elementos secundarios: el atractivo de quien habla, la m\u00fasica de fondo, el dise\u00f1o visual o la aprobaci\u00f3n social (lo que piensen los amigos). En el cerebro joven, la am\u00edgdala \u2014el centro de procesamiento emocional\u2014 est\u00e1 muy activa, por lo que esta ruta tiene un impacto inmediato, aunque menos permanente.<\/li>\n<\/ul>\n<p>&nbsp;<\/p>\n<p>Para que la argumentaci\u00f3n conduzca a la persuasi\u00f3n real, se necesita activar ambas rutas. Un argumento puramente l\u00f3gico sin emoci\u00f3n se siente aburrido; una emoci\u00f3n sin l\u00f3gica se evapora r\u00e1pido.<\/p>\n<p>&nbsp;<\/p>\n<p><strong>Los tres pilares de la persuasi\u00f3n &#8211; De la Grecia antigua a las relaciones p\u00fablicas modernas<\/strong><\/p>\n<p>&nbsp;<\/p>\n<p>Hace m\u00e1s de dos mil a\u00f1os, el fil\u00f3sofo Arist\u00f3teles identific\u00f3 tres elementos necesarios para convencer a una audiencia. Hoy en d\u00eda, las agencias de relaciones p\u00fablicas y los cient\u00edficos de la comunicaci\u00f3n siguen utilizando exactamente la misma f\u00f3rmula porque est\u00e1 profundamente ligada a la psicolog\u00eda del desarrollo humano:<\/p>\n<p>&nbsp;<\/p>\n<ol>\n<li><strong> El Ethos &#8211; La credibilidad y confianza<\/strong><\/li>\n<\/ol>\n<p><strong>\u00a0<\/strong><\/p>\n<p>Nadie escucha un consejo de cocina de alguien que siempre quema el agua. El ethos es la reputaci\u00f3n. Desde el punto de vista psicopedag\u00f3gico, los seres humanos buscan figuras de referencia que demuestren autenticidad y conocimiento. En las relaciones p\u00fablicas, la credibilidad se construye mostrando transparencia y coherencia. Si la fuente del argumento es percibida como confiable y experta, el cerebro reduce sus defensas naturales y se abre a escuchar.<\/p>\n<p>&nbsp;<\/p>\n<ol start=\"2\">\n<li><strong> El Logos &#8211; La l\u00f3gica y la evidencia<\/strong><\/li>\n<\/ol>\n<p>&nbsp;<\/p>\n<p>Este es el cuerpo del argumento. No basta con decir que algo es \u00abbueno\u00bb o \u00abmalo\u00bb; se debe demostrar el porqu\u00e9. El logos utiliza datos duros, estad\u00edsticas y relaciones de causa y efecto. Cuando se presenta un argumento con una estructura clara (Premisa A + Premisa B = Conclusi\u00f3n), el cerebro experimenta una sensaci\u00f3n de orden y menor carga cognitiva, lo que facilita la aceptaci\u00f3n de la nueva idea.<\/p>\n<p>&nbsp;<\/p>\n<ol start=\"3\">\n<li><strong> El Pathos &#8211; La conexi\u00f3n emocional<\/strong><\/li>\n<\/ol>\n<p>&nbsp;<\/p>\n<p>Este es el combustible de la persuasi\u00f3n. Las neurociencias, a trav\u00e9s de estudios de resonancia magn\u00e9tica funcional, han comprobado que las decisiones humanas se toman primero a nivel emocional en el sistema l\u00edmbico y luego se justifican con la l\u00f3gica en la corteza prefrontal. Historias reales, met\u00e1foras poderosas o el uso del humor generan la liberaci\u00f3n de neurotransmisores como la dopamina (que fija la atenci\u00f3n) y la oxitocina (que genera empat\u00eda y conexi\u00f3n). Un argumento que logra que la audiencia se sienta identificada es un argumento que ya tiene la mitad del camino ganado.<\/p>\n<p>&nbsp;<\/p>\n<p><strong>El proceso de cambio &#8211; \u00bfC\u00f3mo se mueve la mente?<\/strong><\/p>\n<p>&nbsp;<\/p>\n<p>La argumentaci\u00f3n no busca ganar una discusi\u00f3n a la fuerza, sino invitar al otro a ver el mundo desde otra perspectiva. En la psicolog\u00eda cognitiva, la persuasi\u00f3n se entiende como un proceso de reestructuraci\u00f3n de esquemas mentales.<\/p>\n<p>&nbsp;<\/p>\n<p>Cuando un argumento bien construido choca con una creencia previa, se produce un fen\u00f3meno llamado disonancia cognitiva (Festinger, 1957). Esta es una sensaci\u00f3n inc\u00f3moda de tensi\u00f3n mental. Para resolver esa incomodidad, el cerebro tiene dos opciones: o rechaza el nuevo argumento por completo (mecanismo de defensa), o modifica su creencia anterior para adaptarse a la nueva y l\u00f3gica informaci\u00f3n.<\/p>\n<p>&nbsp;<\/p>\n<p>Es aqu\u00ed donde el especialista en relaciones p\u00fablicas y comunicaci\u00f3n estrat\u00e9gica aplica el principio de la asimilaci\u00f3n gradual. Los argumentos no deben presentarse como un ataque directo a la identidad del receptor, sino como una evoluci\u00f3n natural de lo que ya cree. Al reducir la amenaza, se logra que el individuo asimile la nueva postura como si fuera una idea propia, alcanzando as\u00ed el punto m\u00e1ximo de la persuasi\u00f3n.<\/p>\n\r\n                <style type=\"text\/css\">\r\n                    \r\n                    #tdi_1  .td-doubleSlider-2 .td-item1 {\r\n                        background: url(https:\/\/www.eldiario.net\/portal\/wp-content\/uploads\/2026\/06\/Len-El-Pathos-La-conexion-emocional-80x60.webp) 0 0 no-repeat;\r\n                    }\r\n                    #tdi_1  .td-doubleSlider-2 .td-item2 {\r\n                        background: url(https:\/\/www.eldiario.net\/portal\/wp-content\/uploads\/2026\/06\/Len-El-cerebro-ante-los-argumentos-80x60.webp) 0 0 no-repeat;\r\n                    }\r\n                    #tdi_1  .td-doubleSlider-2 .td-item3 {\r\n                        background: url(https:\/\/www.eldiario.net\/portal\/wp-content\/uploads\/2026\/06\/Len-El-Ethos-La-credibilidad-y-confianza-80x60.webp) 0 0 no-repeat;\r\n                    }\r\n                <\/style>\r\n\r\n                <div id=\"tdi_1\" class=\"td-gallery td-slide-on-2-columns\">\r\n                    <div class=\"post_td_gallery\">\r\n                        <div class=\"td-gallery-slide-top\">\r\n                           <div class=\"td-gallery-title\"><\/div>\r\n\r\n                            <div class=\"td-gallery-controls-wrapper\">\r\n                                <div class=\"td-gallery-slide-count\"><span class=\"td-gallery-slide-item-focus\">1<\/span> de 3<\/div>\r\n                                <div class=\"td-gallery-slide-prev-next-but\">\r\n                                    <i class = \"td-icon-left doubleSliderPrevButton\"><\/i>\r\n                                    <i class = \"td-icon-right doubleSliderNextButton\"><\/i>\r\n                                <\/div>\r\n                            <\/div>\r\n                        <\/div>\r\n\r\n                        <div class = \"td-doubleSlider-1 \">\r\n                            <div class = \"td-slider\">\r\n                                \r\n                    <div class = \"td-slide-item td-item1\">\r\n                        <figure class=\"td-slide-galery-figure td-slide-popup-gallery\">\r\n                            <a class=\"slide-gallery-image-link\" href=\"https:\/\/www.eldiario.net\/portal\/wp-content\/uploads\/2026\/06\/Len-El-Pathos-La-conexion-emocional.webp\" title=\"Len - El Pathos - La conexi\u00f3n emocional\"  data-caption=\"\"  data-description=\"\">\r\n                                <img decoding=\"async\" src=\"https:\/\/www.eldiario.net\/portal\/wp-content\/uploads\/2026\/06\/Len-El-Pathos-La-conexion-emocional-573x420.webp\" srcset=\"https:\/\/www.eldiario.net\/portal\/wp-content\/uploads\/2026\/06\/Len-El-Pathos-La-conexion-emocional-573x420.webp 573w, https:\/\/www.eldiario.net\/portal\/wp-content\/uploads\/2026\/06\/Len-El-Pathos-La-conexion-emocional-300x220.webp 300w, https:\/\/www.eldiario.net\/portal\/wp-content\/uploads\/2026\/06\/Len-El-Pathos-La-conexion-emocional-80x60.webp 80w, https:\/\/www.eldiario.net\/portal\/wp-content\/uploads\/2026\/06\/Len-El-Pathos-La-conexion-emocional-150x110.webp 150w, https:\/\/www.eldiario.net\/portal\/wp-content\/uploads\/2026\/06\/Len-El-Pathos-La-conexion-emocional-696x510.webp 696w, https:\/\/www.eldiario.net\/portal\/wp-content\/uploads\/2026\/06\/Len-El-Pathos-La-conexion-emocional.webp 720w\" sizes=\"(max-width: 573px) 100vw, 573px\" alt=\"\">\r\n                            <\/a>\r\n                            \r\n                        <\/figure>\r\n                    <\/div>\r\n                    <div class = \"td-slide-item td-item2\">\r\n                        <figure class=\"td-slide-galery-figure td-slide-popup-gallery\">\r\n                            <a class=\"slide-gallery-image-link\" href=\"https:\/\/www.eldiario.net\/portal\/wp-content\/uploads\/2026\/06\/Len-El-cerebro-ante-los-argumentos.webp\" title=\"Len - El cerebro ante los argumentos\"  data-caption=\"\"  data-description=\"\">\r\n                                <img decoding=\"async\" src=\"https:\/\/www.eldiario.net\/portal\/wp-content\/uploads\/2026\/06\/Len-El-cerebro-ante-los-argumentos.webp\" srcset=\"https:\/\/www.eldiario.net\/portal\/wp-content\/uploads\/2026\/06\/Len-El-cerebro-ante-los-argumentos.webp 400w, https:\/\/www.eldiario.net\/portal\/wp-content\/uploads\/2026\/06\/Len-El-cerebro-ante-los-argumentos-300x187.webp 300w, https:\/\/www.eldiario.net\/portal\/wp-content\/uploads\/2026\/06\/Len-El-cerebro-ante-los-argumentos-150x93.webp 150w\" sizes=\"(max-width: 400px) 100vw, 400px\" alt=\"\">\r\n                            <\/a>\r\n                            \r\n                        <\/figure>\r\n                    <\/div>\r\n                    <div class = \"td-slide-item td-item3\">\r\n                        <figure class=\"td-slide-galery-figure td-slide-popup-gallery\">\r\n                            <a class=\"slide-gallery-image-link\" href=\"https:\/\/www.eldiario.net\/portal\/wp-content\/uploads\/2026\/06\/Len-El-Ethos-La-credibilidad-y-confianza.webp\" title=\"Len - El Ethos - La credibilidad y confianza\"  data-caption=\"\"  data-description=\"\">\r\n                                <img decoding=\"async\" src=\"https:\/\/www.eldiario.net\/portal\/wp-content\/uploads\/2026\/06\/Len-El-Ethos-La-credibilidad-y-confianza-769x420.webp\" srcset=\"https:\/\/www.eldiario.net\/portal\/wp-content\/uploads\/2026\/06\/Len-El-Ethos-La-credibilidad-y-confianza-769x420.webp 769w, https:\/\/www.eldiario.net\/portal\/wp-content\/uploads\/2026\/06\/Len-El-Ethos-La-credibilidad-y-confianza-300x164.webp 300w, https:\/\/www.eldiario.net\/portal\/wp-content\/uploads\/2026\/06\/Len-El-Ethos-La-credibilidad-y-confianza-768x419.webp 768w, https:\/\/www.eldiario.net\/portal\/wp-content\/uploads\/2026\/06\/Len-El-Ethos-La-credibilidad-y-confianza-150x82.webp 150w, https:\/\/www.eldiario.net\/portal\/wp-content\/uploads\/2026\/06\/Len-El-Ethos-La-credibilidad-y-confianza-696x380.webp 696w, https:\/\/www.eldiario.net\/portal\/wp-content\/uploads\/2026\/06\/Len-El-Ethos-La-credibilidad-y-confianza.webp 1024w\" sizes=\"(max-width: 769px) 100vw, 769px\" alt=\"\">\r\n                            <\/a>\r\n                            \r\n                        <\/figure>\r\n                    <\/div>\r\n                            <\/div>\r\n                        <\/div>\r\n\r\n                        <div class = \"td-doubleSlider-2\">\r\n                            <div class = \"td-slider\">\r\n                                \r\n                    <div class = \"td-button td-item1\">\r\n                        <div class = \"td-border\"><\/div>\r\n                    <\/div>\r\n                    <div class = \"td-button td-item2\">\r\n                        <div class = \"td-border\"><\/div>\r\n                    <\/div>\r\n                    <div class = \"td-button td-item3\">\r\n                        <div class = \"td-border\"><\/div>\r\n                    <\/div>\r\n                            <\/div>\r\n                        <\/div>\r\n\r\n                    <\/div>\r\n\r\n                <\/div>\r\n                \n","protected":false},"excerpt":{"rendered":"<p>Por. Lic. H\u00e9ctor Molina &nbsp; Recordemos que\u2026 &nbsp; La argumentaci\u00f3n se define como el proceso cognitivo y ling\u00fc\u00edstico mediante el cual se construyen razonamientos l\u00f3gicos con el objetivo de demostrar, justificar o refutar una postura determinada. No consiste en una simple manifestaci\u00f3n de opiniones o preferencias personales, sino en la articulaci\u00f3n estructurada de ideas respaldadas [&hellip;]<\/p>\n","protected":false},"author":1,"featured_media":402933,"comment_status":"closed","ping_status":"open","sticky":false,"template":"","format":"standard","meta":{"_acf_changed":false,"footnotes":""},"categories":[43],"tags":[],"class_list":["post-402930","post","type-post","status-publish","format-standard","has-post-thumbnail","category-nuevos-horizontes"],"acf":{"antetitulo":"Tercera Parte"},"yoast_head":"<!-- This site is optimized with the Yoast SEO plugin v28.4 - https:\/\/yoast.com\/product\/yoast-seo-wordpress\/ -->\n<title>Argumentaci\u00f3n y debate El poder de la persuasi\u00f3n - El Diario - Bolivia<\/title>\n<meta name=\"robots\" content=\"index, follow, max-snippet:-1, max-image-preview:large, max-video-preview:-1\" \/>\n<link rel=\"canonical\" href=\"https:\/\/www.eldiario.net\/portal\/2026\/06\/12\/argumentacion-y-debate-el-poder-de-la-persuasion-2\/\" \/>\n<meta property=\"og:locale\" content=\"es_ES\" \/>\n<meta property=\"og:type\" content=\"article\" \/>\n<meta property=\"og:title\" content=\"Argumentaci\u00f3n y debate El poder de la persuasi\u00f3n - El Diario - Bolivia\" \/>\n<meta property=\"og:description\" content=\"Por. Lic. H\u00e9ctor Molina &nbsp; Recordemos que\u2026 &nbsp; La argumentaci\u00f3n se define como el proceso cognitivo y ling\u00fc\u00edstico mediante el cual se construyen razonamientos l\u00f3gicos con el objetivo de demostrar, justificar o refutar una postura determinada. No consiste en una simple manifestaci\u00f3n de opiniones o preferencias personales, sino en la articulaci\u00f3n estructurada de ideas respaldadas [&hellip;]\" \/>\n<meta property=\"og:url\" content=\"https:\/\/www.eldiario.net\/portal\/2026\/06\/12\/argumentacion-y-debate-el-poder-de-la-persuasion-2\/\" \/>\n<meta property=\"og:site_name\" content=\"El Diario - Bolivia\" \/>\n<meta property=\"article:publisher\" content=\"https:\/\/www.facebook.com\/eldiario.bolivia\/\" \/>\n<meta property=\"article:published_time\" content=\"2026-06-12T04:05:39+00:00\" \/>\n<meta property=\"og:image\" content=\"https:\/\/www.eldiario.net\/portal\/wp-content\/uploads\/2026\/06\/Len-El-Ethos-La-credibilidad-y-confianza.webp\" \/>\n\t<meta property=\"og:image:width\" content=\"1024\" \/>\n\t<meta property=\"og:image:height\" content=\"559\" \/>\n\t<meta property=\"og:image:type\" content=\"image\/webp\" \/>\n<meta name=\"author\" content=\"Jeanette\" \/>\n<meta name=\"twitter:card\" content=\"summary_large_image\" \/>\n<meta name=\"twitter:creator\" content=\"@eldiario_net\" \/>\n<meta name=\"twitter:site\" content=\"@eldiario_net\" \/>\n<meta name=\"twitter:label1\" content=\"Escrito por\" \/>\n\t<meta name=\"twitter:data1\" content=\"Jeanette\" \/>\n\t<meta name=\"twitter:label2\" content=\"Tiempo de lectura\" \/>\n\t<meta name=\"twitter:data2\" content=\"6 minutos\" \/>\n<script type=\"application\/ld+json\" class=\"yoast-schema-graph\">{\"@context\":\"https:\\\/\\\/schema.org\",\"@graph\":[{\"@type\":\"Article\",\"@id\":\"https:\\\/\\\/www.eldiario.net\\\/portal\\\/2026\\\/06\\\/12\\\/argumentacion-y-debate-el-poder-de-la-persuasion-2\\\/#article\",\"isPartOf\":{\"@id\":\"https:\\\/\\\/www.eldiario.net\\\/portal\\\/2026\\\/06\\\/12\\\/argumentacion-y-debate-el-poder-de-la-persuasion-2\\\/\"},\"author\":{\"name\":\"Jeanette\",\"@id\":\"https:\\\/\\\/www.eldiario.net\\\/portal\\\/#\\\/schema\\\/person\\\/2c57cf2b7a7ae032e449e4c9b1019eac\"},\"headline\":\"Argumentaci\u00f3n y debate El poder de la persuasi\u00f3n\",\"datePublished\":\"2026-06-12T04:05:39+00:00\",\"mainEntityOfPage\":{\"@id\":\"https:\\\/\\\/www.eldiario.net\\\/portal\\\/2026\\\/06\\\/12\\\/argumentacion-y-debate-el-poder-de-la-persuasion-2\\\/\"},\"wordCount\":1216,\"publisher\":{\"@id\":\"https:\\\/\\\/www.eldiario.net\\\/portal\\\/#organization\"},\"image\":{\"@id\":\"https:\\\/\\\/www.eldiario.net\\\/portal\\\/2026\\\/06\\\/12\\\/argumentacion-y-debate-el-poder-de-la-persuasion-2\\\/#primaryimage\"},\"thumbnailUrl\":\"https:\\\/\\\/www.eldiario.net\\\/portal\\\/wp-content\\\/uploads\\\/2026\\\/06\\\/Len-El-Ethos-La-credibilidad-y-confianza.webp\",\"articleSection\":[\"Nuevos Horizontes\"],\"inLanguage\":\"es\"},{\"@type\":\"WebPage\",\"@id\":\"https:\\\/\\\/www.eldiario.net\\\/portal\\\/2026\\\/06\\\/12\\\/argumentacion-y-debate-el-poder-de-la-persuasion-2\\\/\",\"url\":\"https:\\\/\\\/www.eldiario.net\\\/portal\\\/2026\\\/06\\\/12\\\/argumentacion-y-debate-el-poder-de-la-persuasion-2\\\/\",\"name\":\"Argumentaci\u00f3n y debate El poder de la persuasi\u00f3n - El Diario - Bolivia\",\"isPartOf\":{\"@id\":\"https:\\\/\\\/www.eldiario.net\\\/portal\\\/#website\"},\"primaryImageOfPage\":{\"@id\":\"https:\\\/\\\/www.eldiario.net\\\/portal\\\/2026\\\/06\\\/12\\\/argumentacion-y-debate-el-poder-de-la-persuasion-2\\\/#primaryimage\"},\"image\":{\"@id\":\"https:\\\/\\\/www.eldiario.net\\\/portal\\\/2026\\\/06\\\/12\\\/argumentacion-y-debate-el-poder-de-la-persuasion-2\\\/#primaryimage\"},\"thumbnailUrl\":\"https:\\\/\\\/www.eldiario.net\\\/portal\\\/wp-content\\\/uploads\\\/2026\\\/06\\\/Len-El-Ethos-La-credibilidad-y-confianza.webp\",\"datePublished\":\"2026-06-12T04:05:39+00:00\",\"breadcrumb\":{\"@id\":\"https:\\\/\\\/www.eldiario.net\\\/portal\\\/2026\\\/06\\\/12\\\/argumentacion-y-debate-el-poder-de-la-persuasion-2\\\/#breadcrumb\"},\"inLanguage\":\"es\",\"potentialAction\":[{\"@type\":\"ReadAction\",\"target\":[\"https:\\\/\\\/www.eldiario.net\\\/portal\\\/2026\\\/06\\\/12\\\/argumentacion-y-debate-el-poder-de-la-persuasion-2\\\/\"]}]},{\"@type\":\"ImageObject\",\"inLanguage\":\"es\",\"@id\":\"https:\\\/\\\/www.eldiario.net\\\/portal\\\/2026\\\/06\\\/12\\\/argumentacion-y-debate-el-poder-de-la-persuasion-2\\\/#primaryimage\",\"url\":\"https:\\\/\\\/www.eldiario.net\\\/portal\\\/wp-content\\\/uploads\\\/2026\\\/06\\\/Len-El-Ethos-La-credibilidad-y-confianza.webp\",\"contentUrl\":\"https:\\\/\\\/www.eldiario.net\\\/portal\\\/wp-content\\\/uploads\\\/2026\\\/06\\\/Len-El-Ethos-La-credibilidad-y-confianza.webp\",\"width\":1024,\"height\":559},{\"@type\":\"BreadcrumbList\",\"@id\":\"https:\\\/\\\/www.eldiario.net\\\/portal\\\/2026\\\/06\\\/12\\\/argumentacion-y-debate-el-poder-de-la-persuasion-2\\\/#breadcrumb\",\"itemListElement\":[{\"@type\":\"ListItem\",\"position\":1,\"name\":\"Portada\",\"item\":\"https:\\\/\\\/www.eldiario.net\\\/portal\\\/\"},{\"@type\":\"ListItem\",\"position\":2,\"name\":\"Argumentaci\u00f3n y debate El poder de la persuasi\u00f3n\"}]},{\"@type\":\"WebSite\",\"@id\":\"https:\\\/\\\/www.eldiario.net\\\/portal\\\/#website\",\"url\":\"https:\\\/\\\/www.eldiario.net\\\/portal\\\/\",\"name\":\"El Diario - Decano de la prensa nacional\",\"description\":\"El Diario - Decano de la prensa nacional\",\"publisher\":{\"@id\":\"https:\\\/\\\/www.eldiario.net\\\/portal\\\/#organization\"},\"potentialAction\":[{\"@type\":\"SearchAction\",\"target\":{\"@type\":\"EntryPoint\",\"urlTemplate\":\"https:\\\/\\\/www.eldiario.net\\\/portal\\\/?s={search_term_string}\"},\"query-input\":{\"@type\":\"PropertyValueSpecification\",\"valueRequired\":true,\"valueName\":\"search_term_string\"}}],\"inLanguage\":\"es\"},{\"@type\":\"Organization\",\"@id\":\"https:\\\/\\\/www.eldiario.net\\\/portal\\\/#organization\",\"name\":\"El Diario - Decano de la prensa nacional\",\"url\":\"https:\\\/\\\/www.eldiario.net\\\/portal\\\/\",\"logo\":{\"@type\":\"ImageObject\",\"inLanguage\":\"es\",\"@id\":\"https:\\\/\\\/www.eldiario.net\\\/portal\\\/#\\\/schema\\\/logo\\\/image\\\/\",\"url\":\"https:\\\/\\\/www.eldiario.net\\\/portal\\\/wp-content\\\/uploads\\\/2023\\\/07\\\/logo_ED.jpg\",\"contentUrl\":\"https:\\\/\\\/www.eldiario.net\\\/portal\\\/wp-content\\\/uploads\\\/2023\\\/07\\\/logo_ED.jpg\",\"width\":272,\"height\":52,\"caption\":\"El Diario - Decano de la prensa nacional\"},\"image\":{\"@id\":\"https:\\\/\\\/www.eldiario.net\\\/portal\\\/#\\\/schema\\\/logo\\\/image\\\/\"},\"sameAs\":[\"https:\\\/\\\/www.facebook.com\\\/eldiario.bolivia\\\/\",\"https:\\\/\\\/x.com\\\/eldiario_net\"]},{\"@type\":\"Person\",\"@id\":\"https:\\\/\\\/www.eldiario.net\\\/portal\\\/#\\\/schema\\\/person\\\/2c57cf2b7a7ae032e449e4c9b1019eac\",\"name\":\"Jeanette\",\"image\":{\"@type\":\"ImageObject\",\"inLanguage\":\"es\",\"@id\":\"https:\\\/\\\/secure.gravatar.com\\\/avatar\\\/3ea2118a5f7dad2b7138b1187a6b7ee55f160b9968b66013c3a3ef39dd7e5798?s=96&d=mm&r=g\",\"url\":\"https:\\\/\\\/secure.gravatar.com\\\/avatar\\\/3ea2118a5f7dad2b7138b1187a6b7ee55f160b9968b66013c3a3ef39dd7e5798?s=96&d=mm&r=g\",\"contentUrl\":\"https:\\\/\\\/secure.gravatar.com\\\/avatar\\\/3ea2118a5f7dad2b7138b1187a6b7ee55f160b9968b66013c3a3ef39dd7e5798?s=96&d=mm&r=g\",\"caption\":\"Jeanette\"},\"sameAs\":[\"https:\\\/\\\/www.eldiario.net\\\/portal\"],\"url\":\"https:\\\/\\\/www.eldiario.net\\\/portal\\\/author\\\/jeanette\\\/\"}]}<\/script>\n<!-- \/ Yoast SEO plugin. -->","yoast_head_json":{"title":"Argumentaci\u00f3n y debate El poder de la persuasi\u00f3n - El Diario - Bolivia","robots":{"index":"index","follow":"follow","max-snippet":"max-snippet:-1","max-image-preview":"max-image-preview:large","max-video-preview":"max-video-preview:-1"},"canonical":"https:\/\/www.eldiario.net\/portal\/2026\/06\/12\/argumentacion-y-debate-el-poder-de-la-persuasion-2\/","og_locale":"es_ES","og_type":"article","og_title":"Argumentaci\u00f3n y debate El poder de la persuasi\u00f3n - El Diario - Bolivia","og_description":"Por. Lic. H\u00e9ctor Molina &nbsp; Recordemos que\u2026 &nbsp; La argumentaci\u00f3n se define como el proceso cognitivo y ling\u00fc\u00edstico mediante el cual se construyen razonamientos l\u00f3gicos con el objetivo de demostrar, justificar o refutar una postura determinada. No consiste en una simple manifestaci\u00f3n de opiniones o preferencias personales, sino en la articulaci\u00f3n estructurada de ideas respaldadas [&hellip;]","og_url":"https:\/\/www.eldiario.net\/portal\/2026\/06\/12\/argumentacion-y-debate-el-poder-de-la-persuasion-2\/","og_site_name":"El Diario - Bolivia","article_publisher":"https:\/\/www.facebook.com\/eldiario.bolivia\/","article_published_time":"2026-06-12T04:05:39+00:00","og_image":[{"width":1024,"height":559,"url":"https:\/\/www.eldiario.net\/portal\/wp-content\/uploads\/2026\/06\/Len-El-Ethos-La-credibilidad-y-confianza.webp","type":"image\/webp"}],"author":"Jeanette","twitter_card":"summary_large_image","twitter_creator":"@eldiario_net","twitter_site":"@eldiario_net","twitter_misc":{"Escrito por":"Jeanette","Tiempo de lectura":"6 minutos"},"schema":{"@context":"https:\/\/schema.org","@graph":[{"@type":"Article","@id":"https:\/\/www.eldiario.net\/portal\/2026\/06\/12\/argumentacion-y-debate-el-poder-de-la-persuasion-2\/#article","isPartOf":{"@id":"https:\/\/www.eldiario.net\/portal\/2026\/06\/12\/argumentacion-y-debate-el-poder-de-la-persuasion-2\/"},"author":{"name":"Jeanette","@id":"https:\/\/www.eldiario.net\/portal\/#\/schema\/person\/2c57cf2b7a7ae032e449e4c9b1019eac"},"headline":"Argumentaci\u00f3n y debate El poder de la persuasi\u00f3n","datePublished":"2026-06-12T04:05:39+00:00","mainEntityOfPage":{"@id":"https:\/\/www.eldiario.net\/portal\/2026\/06\/12\/argumentacion-y-debate-el-poder-de-la-persuasion-2\/"},"wordCount":1216,"publisher":{"@id":"https:\/\/www.eldiario.net\/portal\/#organization"},"image":{"@id":"https:\/\/www.eldiario.net\/portal\/2026\/06\/12\/argumentacion-y-debate-el-poder-de-la-persuasion-2\/#primaryimage"},"thumbnailUrl":"https:\/\/www.eldiario.net\/portal\/wp-content\/uploads\/2026\/06\/Len-El-Ethos-La-credibilidad-y-confianza.webp","articleSection":["Nuevos Horizontes"],"inLanguage":"es"},{"@type":"WebPage","@id":"https:\/\/www.eldiario.net\/portal\/2026\/06\/12\/argumentacion-y-debate-el-poder-de-la-persuasion-2\/","url":"https:\/\/www.eldiario.net\/portal\/2026\/06\/12\/argumentacion-y-debate-el-poder-de-la-persuasion-2\/","name":"Argumentaci\u00f3n y debate El poder de la persuasi\u00f3n - El Diario - Bolivia","isPartOf":{"@id":"https:\/\/www.eldiario.net\/portal\/#website"},"primaryImageOfPage":{"@id":"https:\/\/www.eldiario.net\/portal\/2026\/06\/12\/argumentacion-y-debate-el-poder-de-la-persuasion-2\/#primaryimage"},"image":{"@id":"https:\/\/www.eldiario.net\/portal\/2026\/06\/12\/argumentacion-y-debate-el-poder-de-la-persuasion-2\/#primaryimage"},"thumbnailUrl":"https:\/\/www.eldiario.net\/portal\/wp-content\/uploads\/2026\/06\/Len-El-Ethos-La-credibilidad-y-confianza.webp","datePublished":"2026-06-12T04:05:39+00:00","breadcrumb":{"@id":"https:\/\/www.eldiario.net\/portal\/2026\/06\/12\/argumentacion-y-debate-el-poder-de-la-persuasion-2\/#breadcrumb"},"inLanguage":"es","potentialAction":[{"@type":"ReadAction","target":["https:\/\/www.eldiario.net\/portal\/2026\/06\/12\/argumentacion-y-debate-el-poder-de-la-persuasion-2\/"]}]},{"@type":"ImageObject","inLanguage":"es","@id":"https:\/\/www.eldiario.net\/portal\/2026\/06\/12\/argumentacion-y-debate-el-poder-de-la-persuasion-2\/#primaryimage","url":"https:\/\/www.eldiario.net\/portal\/wp-content\/uploads\/2026\/06\/Len-El-Ethos-La-credibilidad-y-confianza.webp","contentUrl":"https:\/\/www.eldiario.net\/portal\/wp-content\/uploads\/2026\/06\/Len-El-Ethos-La-credibilidad-y-confianza.webp","width":1024,"height":559},{"@type":"BreadcrumbList","@id":"https:\/\/www.eldiario.net\/portal\/2026\/06\/12\/argumentacion-y-debate-el-poder-de-la-persuasion-2\/#breadcrumb","itemListElement":[{"@type":"ListItem","position":1,"name":"Portada","item":"https:\/\/www.eldiario.net\/portal\/"},{"@type":"ListItem","position":2,"name":"Argumentaci\u00f3n y debate El poder de la persuasi\u00f3n"}]},{"@type":"WebSite","@id":"https:\/\/www.eldiario.net\/portal\/#website","url":"https:\/\/www.eldiario.net\/portal\/","name":"El Diario - Decano de la prensa nacional","description":"El Diario - Decano de la prensa nacional","publisher":{"@id":"https:\/\/www.eldiario.net\/portal\/#organization"},"potentialAction":[{"@type":"SearchAction","target":{"@type":"EntryPoint","urlTemplate":"https:\/\/www.eldiario.net\/portal\/?s={search_term_string}"},"query-input":{"@type":"PropertyValueSpecification","valueRequired":true,"valueName":"search_term_string"}}],"inLanguage":"es"},{"@type":"Organization","@id":"https:\/\/www.eldiario.net\/portal\/#organization","name":"El Diario - Decano de la prensa nacional","url":"https:\/\/www.eldiario.net\/portal\/","logo":{"@type":"ImageObject","inLanguage":"es","@id":"https:\/\/www.eldiario.net\/portal\/#\/schema\/logo\/image\/","url":"https:\/\/www.eldiario.net\/portal\/wp-content\/uploads\/2023\/07\/logo_ED.jpg","contentUrl":"https:\/\/www.eldiario.net\/portal\/wp-content\/uploads\/2023\/07\/logo_ED.jpg","width":272,"height":52,"caption":"El Diario - Decano de la prensa nacional"},"image":{"@id":"https:\/\/www.eldiario.net\/portal\/#\/schema\/logo\/image\/"},"sameAs":["https:\/\/www.facebook.com\/eldiario.bolivia\/","https:\/\/x.com\/eldiario_net"]},{"@type":"Person","@id":"https:\/\/www.eldiario.net\/portal\/#\/schema\/person\/2c57cf2b7a7ae032e449e4c9b1019eac","name":"Jeanette","image":{"@type":"ImageObject","inLanguage":"es","@id":"https:\/\/secure.gravatar.com\/avatar\/3ea2118a5f7dad2b7138b1187a6b7ee55f160b9968b66013c3a3ef39dd7e5798?s=96&d=mm&r=g","url":"https:\/\/secure.gravatar.com\/avatar\/3ea2118a5f7dad2b7138b1187a6b7ee55f160b9968b66013c3a3ef39dd7e5798?s=96&d=mm&r=g","contentUrl":"https:\/\/secure.gravatar.com\/avatar\/3ea2118a5f7dad2b7138b1187a6b7ee55f160b9968b66013c3a3ef39dd7e5798?s=96&d=mm&r=g","caption":"Jeanette"},"sameAs":["https:\/\/www.eldiario.net\/portal"],"url":"https:\/\/www.eldiario.net\/portal\/author\/jeanette\/"}]}},"_links":{"self":[{"href":"https:\/\/www.eldiario.net\/portal\/wp-json\/wp\/v2\/posts\/402930","targetHints":{"allow":["GET"]}}],"collection":[{"href":"https:\/\/www.eldiario.net\/portal\/wp-json\/wp\/v2\/posts"}],"about":[{"href":"https:\/\/www.eldiario.net\/portal\/wp-json\/wp\/v2\/types\/post"}],"author":[{"embeddable":true,"href":"https:\/\/www.eldiario.net\/portal\/wp-json\/wp\/v2\/users\/1"}],"replies":[{"embeddable":true,"href":"https:\/\/www.eldiario.net\/portal\/wp-json\/wp\/v2\/comments?post=402930"}],"version-history":[{"count":1,"href":"https:\/\/www.eldiario.net\/portal\/wp-json\/wp\/v2\/posts\/402930\/revisions"}],"predecessor-version":[{"id":402934,"href":"https:\/\/www.eldiario.net\/portal\/wp-json\/wp\/v2\/posts\/402930\/revisions\/402934"}],"wp:featuredmedia":[{"embeddable":true,"href":"https:\/\/www.eldiario.net\/portal\/wp-json\/wp\/v2\/media\/402933"}],"wp:attachment":[{"href":"https:\/\/www.eldiario.net\/portal\/wp-json\/wp\/v2\/media?parent=402930"}],"wp:term":[{"taxonomy":"category","embeddable":true,"href":"https:\/\/www.eldiario.net\/portal\/wp-json\/wp\/v2\/categories?post=402930"},{"taxonomy":"post_tag","embeddable":true,"href":"https:\/\/www.eldiario.net\/portal\/wp-json\/wp\/v2\/tags?post=402930"}],"curies":[{"name":"wp","href":"https:\/\/api.w.org\/{rel}","templated":true}]}}