{"id":402771,"date":"2026-06-12T08:50:07","date_gmt":"2026-06-12T12:50:07","guid":{"rendered":"https:\/\/www.eldiario.net\/portal\/?p=402771"},"modified":"2026-06-11T14:17:54","modified_gmt":"2026-06-11T18:17:54","slug":"bolivia-entra-al-futuro-con-red-de-electrolineras-privadas-0850","status":"publish","type":"post","link":"https:\/\/www.eldiario.net\/portal\/2026\/06\/12\/bolivia-entra-al-futuro-con-red-de-electrolineras-privadas-0850\/","title":{"rendered":"BOLIVIA entra al futuro con red de ELECTROLINERAS PRIVADAS (08:50)"},"content":{"rendered":"<p><iframe loading=\"lazy\" title=\"BOLIVIA entra al futuro con red de ELECTROLINERAS PRIVADAS\" width=\"696\" height=\"392\" src=\"https:\/\/www.youtube.com\/embed\/oSNC0oQeFUs?feature=oembed\" frameborder=\"0\" allow=\"accelerometer; autoplay; clipboard-write; encrypted-media; gyroscope; picture-in-picture; web-share\" referrerpolicy=\"strict-origin-when-cross-origin\" allowfullscreen><\/iframe><\/p>\n<p>Bolivia suma un nuevo hito en movilidad sostenible con el lanzamiento por parte de la empresa E2V de ElectroPoint, la primera red de estaciones de energ\u00eda vehicular s\u00faper r\u00e1pida del pa\u00eds, desarrollada para acelerar la adopci\u00f3n de veh\u00edculos el\u00e9ctricos e h\u00edbridos enchufables de rango extendido y responder a uno de los principales desaf\u00edos del sector: la falta de infraestructura de carga accesible y eficiente.<\/p>\n<p>El primer punto, ubicado en Santa Cruz, cuenta con una capacidad de 240 kW, puede atender hasta seis veh\u00edculos simult\u00e1neamente y permite realizar cargas al 80% en menos de 30 minutos, reduciendo dr\u00e1sticamente los tiempos frente a soluciones convencionales de carga lenta que demoran varias horas.<\/p>\n","protected":false},"excerpt":{"rendered":"<p>Bolivia suma un nuevo hito en movilidad sostenible con el lanzamiento por parte de la empresa E2V de ElectroPoint, la primera red de estaciones de energ\u00eda vehicular s\u00faper r\u00e1pida del pa\u00eds, desarrollada para acelerar la adopci\u00f3n de veh\u00edculos el\u00e9ctricos e h\u00edbridos enchufables de rango extendido y responder a uno de los principales desaf\u00edos del sector: [&hellip;]<\/p>\n","protected":false},"author":6,"featured_media":402774,"comment_status":"closed","ping_status":"open","sticky":false,"template":"","format":"video","meta":{"_acf_changed":false,"footnotes":""},"categories":[51],"tags":[],"class_list":["post-402771","post","type-post","status-publish","format-video","has-post-thumbnail","category-ultima-hora","post_format-post-format-video"],"acf":{"antetitulo":""},"yoast_head":"<!-- This site is optimized with the Yoast SEO plugin v28.4 - https:\/\/yoast.com\/product\/yoast-seo-wordpress\/ -->\n<title>BOLIVIA entra al futuro con red de ELECTROLINERAS PRIVADAS (08:50) - El Diario - Bolivia<\/title>\n<meta name=\"robots\" content=\"index, follow, max-snippet:-1, max-image-preview:large, max-video-preview:-1\" \/>\n<link rel=\"canonical\" href=\"https:\/\/www.eldiario.net\/portal\/2026\/06\/12\/bolivia-entra-al-futuro-con-red-de-electrolineras-privadas-0850\/\" \/>\n<meta property=\"og:locale\" content=\"es_ES\" \/>\n<meta property=\"og:type\" content=\"article\" \/>\n<meta property=\"og:title\" content=\"BOLIVIA entra al futuro con red de ELECTROLINERAS PRIVADAS (08:50) - El Diario - Bolivia\" \/>\n<meta property=\"og:description\" content=\"Bolivia suma un nuevo hito en movilidad sostenible con el lanzamiento por parte de la empresa E2V de ElectroPoint, la primera red de estaciones de energ\u00eda vehicular s\u00faper r\u00e1pida del pa\u00eds, desarrollada para acelerar la adopci\u00f3n de veh\u00edculos el\u00e9ctricos e h\u00edbridos enchufables de rango extendido y responder a uno de los principales desaf\u00edos del sector: [&hellip;]\" \/>\n<meta property=\"og:url\" content=\"https:\/\/www.eldiario.net\/portal\/2026\/06\/12\/bolivia-entra-al-futuro-con-red-de-electrolineras-privadas-0850\/\" \/>\n<meta property=\"og:site_name\" content=\"El Diario - Bolivia\" \/>\n<meta property=\"article:publisher\" content=\"https:\/\/www.facebook.com\/eldiario.bolivia\/\" \/>\n<meta property=\"article:published_time\" content=\"2026-06-12T12:50:07+00:00\" \/>\n<meta property=\"og:image\" content=\"https:\/\/www.eldiario.net\/portal\/wp-content\/uploads\/2026\/06\/WhatsApp-Image-2026-06-11-at-11.23.34-AM-1-e1781201822386.jpeg\" \/>\n\t<meta property=\"og:image:width\" content=\"400\" \/>\n\t<meta property=\"og:image:height\" content=\"211\" \/>\n\t<meta property=\"og:image:type\" content=\"image\/jpeg\" \/>\n<meta name=\"author\" content=\"Mariana Garnica\" \/>\n<meta name=\"twitter:card\" content=\"summary_large_image\" \/>\n<meta name=\"twitter:creator\" content=\"@eldiario_net\" \/>\n<meta name=\"twitter:site\" content=\"@eldiario_net\" \/>\n<meta name=\"twitter:label1\" content=\"Escrito por\" \/>\n\t<meta name=\"twitter:data1\" content=\"Mariana Garnica\" \/>\n\t<meta name=\"twitter:label2\" content=\"Tiempo de lectura\" \/>\n\t<meta name=\"twitter:data2\" content=\"1 minuto\" \/>\n<script type=\"application\/ld+json\" class=\"yoast-schema-graph\">{\"@context\":\"https:\\\/\\\/schema.org\",\"@graph\":[{\"@type\":\"Article\",\"@id\":\"https:\\\/\\\/www.eldiario.net\\\/portal\\\/2026\\\/06\\\/12\\\/bolivia-entra-al-futuro-con-red-de-electrolineras-privadas-0850\\\/#article\",\"isPartOf\":{\"@id\":\"https:\\\/\\\/www.eldiario.net\\\/portal\\\/2026\\\/06\\\/12\\\/bolivia-entra-al-futuro-con-red-de-electrolineras-privadas-0850\\\/\"},\"author\":{\"name\":\"Mariana Garnica\",\"@id\":\"https:\\\/\\\/www.eldiario.net\\\/portal\\\/#\\\/schema\\\/person\\\/b02ed27b456c3e0bd38941da92e05130\"},\"headline\":\"BOLIVIA entra al futuro con red de ELECTROLINERAS PRIVADAS (08:50)\",\"datePublished\":\"2026-06-12T12:50:07+00:00\",\"mainEntityOfPage\":{\"@id\":\"https:\\\/\\\/www.eldiario.net\\\/portal\\\/2026\\\/06\\\/12\\\/bolivia-entra-al-futuro-con-red-de-electrolineras-privadas-0850\\\/\"},\"wordCount\":136,\"publisher\":{\"@id\":\"https:\\\/\\\/www.eldiario.net\\\/portal\\\/#organization\"},\"image\":{\"@id\":\"https:\\\/\\\/www.eldiario.net\\\/portal\\\/2026\\\/06\\\/12\\\/bolivia-entra-al-futuro-con-red-de-electrolineras-privadas-0850\\\/#primaryimage\"},\"thumbnailUrl\":\"https:\\\/\\\/www.eldiario.net\\\/portal\\\/wp-content\\\/uploads\\\/2026\\\/06\\\/WhatsApp-Image-2026-06-11-at-11.23.34-AM-1-e1781201822386.jpeg\",\"articleSection\":[\"\u00daltima Hora\"],\"inLanguage\":\"es\"},{\"@type\":\"WebPage\",\"@id\":\"https:\\\/\\\/www.eldiario.net\\\/portal\\\/2026\\\/06\\\/12\\\/bolivia-entra-al-futuro-con-red-de-electrolineras-privadas-0850\\\/\",\"url\":\"https:\\\/\\\/www.eldiario.net\\\/portal\\\/2026\\\/06\\\/12\\\/bolivia-entra-al-futuro-con-red-de-electrolineras-privadas-0850\\\/\",\"name\":\"BOLIVIA entra al futuro con red de ELECTROLINERAS PRIVADAS (08:50) - El Diario - Bolivia\",\"isPartOf\":{\"@id\":\"https:\\\/\\\/www.eldiario.net\\\/portal\\\/#website\"},\"primaryImageOfPage\":{\"@id\":\"https:\\\/\\\/www.eldiario.net\\\/portal\\\/2026\\\/06\\\/12\\\/bolivia-entra-al-futuro-con-red-de-electrolineras-privadas-0850\\\/#primaryimage\"},\"image\":{\"@id\":\"https:\\\/\\\/www.eldiario.net\\\/portal\\\/2026\\\/06\\\/12\\\/bolivia-entra-al-futuro-con-red-de-electrolineras-privadas-0850\\\/#primaryimage\"},\"thumbnailUrl\":\"https:\\\/\\\/www.eldiario.net\\\/portal\\\/wp-content\\\/uploads\\\/2026\\\/06\\\/WhatsApp-Image-2026-06-11-at-11.23.34-AM-1-e1781201822386.jpeg\",\"datePublished\":\"2026-06-12T12:50:07+00:00\",\"breadcrumb\":{\"@id\":\"https:\\\/\\\/www.eldiario.net\\\/portal\\\/2026\\\/06\\\/12\\\/bolivia-entra-al-futuro-con-red-de-electrolineras-privadas-0850\\\/#breadcrumb\"},\"inLanguage\":\"es\",\"potentialAction\":[{\"@type\":\"ReadAction\",\"target\":[\"https:\\\/\\\/www.eldiario.net\\\/portal\\\/2026\\\/06\\\/12\\\/bolivia-entra-al-futuro-con-red-de-electrolineras-privadas-0850\\\/\"]}]},{\"@type\":\"ImageObject\",\"inLanguage\":\"es\",\"@id\":\"https:\\\/\\\/www.eldiario.net\\\/portal\\\/2026\\\/06\\\/12\\\/bolivia-entra-al-futuro-con-red-de-electrolineras-privadas-0850\\\/#primaryimage\",\"url\":\"https:\\\/\\\/www.eldiario.net\\\/portal\\\/wp-content\\\/uploads\\\/2026\\\/06\\\/WhatsApp-Image-2026-06-11-at-11.23.34-AM-1-e1781201822386.jpeg\",\"contentUrl\":\"https:\\\/\\\/www.eldiario.net\\\/portal\\\/wp-content\\\/uploads\\\/2026\\\/06\\\/WhatsApp-Image-2026-06-11-at-11.23.34-AM-1-e1781201822386.jpeg\",\"width\":400,\"height\":211},{\"@type\":\"BreadcrumbList\",\"@id\":\"https:\\\/\\\/www.eldiario.net\\\/portal\\\/2026\\\/06\\\/12\\\/bolivia-entra-al-futuro-con-red-de-electrolineras-privadas-0850\\\/#breadcrumb\",\"itemListElement\":[{\"@type\":\"ListItem\",\"position\":1,\"name\":\"Portada\",\"item\":\"https:\\\/\\\/www.eldiario.net\\\/portal\\\/\"},{\"@type\":\"ListItem\",\"position\":2,\"name\":\"BOLIVIA entra al futuro con red de ELECTROLINERAS PRIVADAS (08:50)\"}]},{\"@type\":\"WebSite\",\"@id\":\"https:\\\/\\\/www.eldiario.net\\\/portal\\\/#website\",\"url\":\"https:\\\/\\\/www.eldiario.net\\\/portal\\\/\",\"name\":\"El Diario - Decano de la prensa nacional\",\"description\":\"El Diario - Decano de la prensa nacional\",\"publisher\":{\"@id\":\"https:\\\/\\\/www.eldiario.net\\\/portal\\\/#organization\"},\"potentialAction\":[{\"@type\":\"SearchAction\",\"target\":{\"@type\":\"EntryPoint\",\"urlTemplate\":\"https:\\\/\\\/www.eldiario.net\\\/portal\\\/?s={search_term_string}\"},\"query-input\":{\"@type\":\"PropertyValueSpecification\",\"valueRequired\":true,\"valueName\":\"search_term_string\"}}],\"inLanguage\":\"es\"},{\"@type\":\"Organization\",\"@id\":\"https:\\\/\\\/www.eldiario.net\\\/portal\\\/#organization\",\"name\":\"El Diario - Decano de la prensa nacional\",\"url\":\"https:\\\/\\\/www.eldiario.net\\\/portal\\\/\",\"logo\":{\"@type\":\"ImageObject\",\"inLanguage\":\"es\",\"@id\":\"https:\\\/\\\/www.eldiario.net\\\/portal\\\/#\\\/schema\\\/logo\\\/image\\\/\",\"url\":\"https:\\\/\\\/www.eldiario.net\\\/portal\\\/wp-content\\\/uploads\\\/2023\\\/07\\\/logo_ED.jpg\",\"contentUrl\":\"https:\\\/\\\/www.eldiario.net\\\/portal\\\/wp-content\\\/uploads\\\/2023\\\/07\\\/logo_ED.jpg\",\"width\":272,\"height\":52,\"caption\":\"El Diario - Decano de la prensa nacional\"},\"image\":{\"@id\":\"https:\\\/\\\/www.eldiario.net\\\/portal\\\/#\\\/schema\\\/logo\\\/image\\\/\"},\"sameAs\":[\"https:\\\/\\\/www.facebook.com\\\/eldiario.bolivia\\\/\",\"https:\\\/\\\/x.com\\\/eldiario_net\"]},{\"@type\":\"Person\",\"@id\":\"https:\\\/\\\/www.eldiario.net\\\/portal\\\/#\\\/schema\\\/person\\\/b02ed27b456c3e0bd38941da92e05130\",\"name\":\"Mariana Garnica\",\"image\":{\"@type\":\"ImageObject\",\"inLanguage\":\"es\",\"@id\":\"https:\\\/\\\/secure.gravatar.com\\\/avatar\\\/41ff8773a042930478027d27070a9bf5dfb25b1f36d7245a4372dea1f9f295bf?s=96&d=mm&r=g\",\"url\":\"https:\\\/\\\/secure.gravatar.com\\\/avatar\\\/41ff8773a042930478027d27070a9bf5dfb25b1f36d7245a4372dea1f9f295bf?s=96&d=mm&r=g\",\"contentUrl\":\"https:\\\/\\\/secure.gravatar.com\\\/avatar\\\/41ff8773a042930478027d27070a9bf5dfb25b1f36d7245a4372dea1f9f295bf?s=96&d=mm&r=g\",\"caption\":\"Mariana Garnica\"},\"url\":\"https:\\\/\\\/www.eldiario.net\\\/portal\\\/author\\\/manzanita\\\/\"}]}<\/script>\n<!-- \/ Yoast SEO plugin. -->","yoast_head_json":{"title":"BOLIVIA entra al futuro con red de ELECTROLINERAS PRIVADAS (08:50) - El Diario - Bolivia","robots":{"index":"index","follow":"follow","max-snippet":"max-snippet:-1","max-image-preview":"max-image-preview:large","max-video-preview":"max-video-preview:-1"},"canonical":"https:\/\/www.eldiario.net\/portal\/2026\/06\/12\/bolivia-entra-al-futuro-con-red-de-electrolineras-privadas-0850\/","og_locale":"es_ES","og_type":"article","og_title":"BOLIVIA entra al futuro con red de ELECTROLINERAS PRIVADAS (08:50) - El Diario - Bolivia","og_description":"Bolivia suma un nuevo hito en movilidad sostenible con el lanzamiento por parte de la empresa E2V de ElectroPoint, la primera red de estaciones de energ\u00eda vehicular s\u00faper r\u00e1pida del pa\u00eds, desarrollada para acelerar la adopci\u00f3n de veh\u00edculos el\u00e9ctricos e h\u00edbridos enchufables de rango extendido y responder a uno de los principales desaf\u00edos del sector: [&hellip;]","og_url":"https:\/\/www.eldiario.net\/portal\/2026\/06\/12\/bolivia-entra-al-futuro-con-red-de-electrolineras-privadas-0850\/","og_site_name":"El Diario - Bolivia","article_publisher":"https:\/\/www.facebook.com\/eldiario.bolivia\/","article_published_time":"2026-06-12T12:50:07+00:00","og_image":[{"width":400,"height":211,"url":"https:\/\/www.eldiario.net\/portal\/wp-content\/uploads\/2026\/06\/WhatsApp-Image-2026-06-11-at-11.23.34-AM-1-e1781201822386.jpeg","type":"image\/jpeg"}],"author":"Mariana Garnica","twitter_card":"summary_large_image","twitter_creator":"@eldiario_net","twitter_site":"@eldiario_net","twitter_misc":{"Escrito por":"Mariana Garnica","Tiempo de lectura":"1 minuto"},"schema":{"@context":"https:\/\/schema.org","@graph":[{"@type":"Article","@id":"https:\/\/www.eldiario.net\/portal\/2026\/06\/12\/bolivia-entra-al-futuro-con-red-de-electrolineras-privadas-0850\/#article","isPartOf":{"@id":"https:\/\/www.eldiario.net\/portal\/2026\/06\/12\/bolivia-entra-al-futuro-con-red-de-electrolineras-privadas-0850\/"},"author":{"name":"Mariana Garnica","@id":"https:\/\/www.eldiario.net\/portal\/#\/schema\/person\/b02ed27b456c3e0bd38941da92e05130"},"headline":"BOLIVIA entra al futuro con red de ELECTROLINERAS PRIVADAS (08:50)","datePublished":"2026-06-12T12:50:07+00:00","mainEntityOfPage":{"@id":"https:\/\/www.eldiario.net\/portal\/2026\/06\/12\/bolivia-entra-al-futuro-con-red-de-electrolineras-privadas-0850\/"},"wordCount":136,"publisher":{"@id":"https:\/\/www.eldiario.net\/portal\/#organization"},"image":{"@id":"https:\/\/www.eldiario.net\/portal\/2026\/06\/12\/bolivia-entra-al-futuro-con-red-de-electrolineras-privadas-0850\/#primaryimage"},"thumbnailUrl":"https:\/\/www.eldiario.net\/portal\/wp-content\/uploads\/2026\/06\/WhatsApp-Image-2026-06-11-at-11.23.34-AM-1-e1781201822386.jpeg","articleSection":["\u00daltima Hora"],"inLanguage":"es"},{"@type":"WebPage","@id":"https:\/\/www.eldiario.net\/portal\/2026\/06\/12\/bolivia-entra-al-futuro-con-red-de-electrolineras-privadas-0850\/","url":"https:\/\/www.eldiario.net\/portal\/2026\/06\/12\/bolivia-entra-al-futuro-con-red-de-electrolineras-privadas-0850\/","name":"BOLIVIA entra al futuro con red de ELECTROLINERAS PRIVADAS (08:50) - El Diario - Bolivia","isPartOf":{"@id":"https:\/\/www.eldiario.net\/portal\/#website"},"primaryImageOfPage":{"@id":"https:\/\/www.eldiario.net\/portal\/2026\/06\/12\/bolivia-entra-al-futuro-con-red-de-electrolineras-privadas-0850\/#primaryimage"},"image":{"@id":"https:\/\/www.eldiario.net\/portal\/2026\/06\/12\/bolivia-entra-al-futuro-con-red-de-electrolineras-privadas-0850\/#primaryimage"},"thumbnailUrl":"https:\/\/www.eldiario.net\/portal\/wp-content\/uploads\/2026\/06\/WhatsApp-Image-2026-06-11-at-11.23.34-AM-1-e1781201822386.jpeg","datePublished":"2026-06-12T12:50:07+00:00","breadcrumb":{"@id":"https:\/\/www.eldiario.net\/portal\/2026\/06\/12\/bolivia-entra-al-futuro-con-red-de-electrolineras-privadas-0850\/#breadcrumb"},"inLanguage":"es","potentialAction":[{"@type":"ReadAction","target":["https:\/\/www.eldiario.net\/portal\/2026\/06\/12\/bolivia-entra-al-futuro-con-red-de-electrolineras-privadas-0850\/"]}]},{"@type":"ImageObject","inLanguage":"es","@id":"https:\/\/www.eldiario.net\/portal\/2026\/06\/12\/bolivia-entra-al-futuro-con-red-de-electrolineras-privadas-0850\/#primaryimage","url":"https:\/\/www.eldiario.net\/portal\/wp-content\/uploads\/2026\/06\/WhatsApp-Image-2026-06-11-at-11.23.34-AM-1-e1781201822386.jpeg","contentUrl":"https:\/\/www.eldiario.net\/portal\/wp-content\/uploads\/2026\/06\/WhatsApp-Image-2026-06-11-at-11.23.34-AM-1-e1781201822386.jpeg","width":400,"height":211},{"@type":"BreadcrumbList","@id":"https:\/\/www.eldiario.net\/portal\/2026\/06\/12\/bolivia-entra-al-futuro-con-red-de-electrolineras-privadas-0850\/#breadcrumb","itemListElement":[{"@type":"ListItem","position":1,"name":"Portada","item":"https:\/\/www.eldiario.net\/portal\/"},{"@type":"ListItem","position":2,"name":"BOLIVIA entra al futuro con red de ELECTROLINERAS PRIVADAS (08:50)"}]},{"@type":"WebSite","@id":"https:\/\/www.eldiario.net\/portal\/#website","url":"https:\/\/www.eldiario.net\/portal\/","name":"El Diario - Decano de la prensa nacional","description":"El Diario - Decano de la prensa nacional","publisher":{"@id":"https:\/\/www.eldiario.net\/portal\/#organization"},"potentialAction":[{"@type":"SearchAction","target":{"@type":"EntryPoint","urlTemplate":"https:\/\/www.eldiario.net\/portal\/?s={search_term_string}"},"query-input":{"@type":"PropertyValueSpecification","valueRequired":true,"valueName":"search_term_string"}}],"inLanguage":"es"},{"@type":"Organization","@id":"https:\/\/www.eldiario.net\/portal\/#organization","name":"El Diario - Decano de la prensa nacional","url":"https:\/\/www.eldiario.net\/portal\/","logo":{"@type":"ImageObject","inLanguage":"es","@id":"https:\/\/www.eldiario.net\/portal\/#\/schema\/logo\/image\/","url":"https:\/\/www.eldiario.net\/portal\/wp-content\/uploads\/2023\/07\/logo_ED.jpg","contentUrl":"https:\/\/www.eldiario.net\/portal\/wp-content\/uploads\/2023\/07\/logo_ED.jpg","width":272,"height":52,"caption":"El Diario - Decano de la prensa nacional"},"image":{"@id":"https:\/\/www.eldiario.net\/portal\/#\/schema\/logo\/image\/"},"sameAs":["https:\/\/www.facebook.com\/eldiario.bolivia\/","https:\/\/x.com\/eldiario_net"]},{"@type":"Person","@id":"https:\/\/www.eldiario.net\/portal\/#\/schema\/person\/b02ed27b456c3e0bd38941da92e05130","name":"Mariana Garnica","image":{"@type":"ImageObject","inLanguage":"es","@id":"https:\/\/secure.gravatar.com\/avatar\/41ff8773a042930478027d27070a9bf5dfb25b1f36d7245a4372dea1f9f295bf?s=96&d=mm&r=g","url":"https:\/\/secure.gravatar.com\/avatar\/41ff8773a042930478027d27070a9bf5dfb25b1f36d7245a4372dea1f9f295bf?s=96&d=mm&r=g","contentUrl":"https:\/\/secure.gravatar.com\/avatar\/41ff8773a042930478027d27070a9bf5dfb25b1f36d7245a4372dea1f9f295bf?s=96&d=mm&r=g","caption":"Mariana Garnica"},"url":"https:\/\/www.eldiario.net\/portal\/author\/manzanita\/"}]}},"_links":{"self":[{"href":"https:\/\/www.eldiario.net\/portal\/wp-json\/wp\/v2\/posts\/402771","targetHints":{"allow":["GET"]}}],"collection":[{"href":"https:\/\/www.eldiario.net\/portal\/wp-json\/wp\/v2\/posts"}],"about":[{"href":"https:\/\/www.eldiario.net\/portal\/wp-json\/wp\/v2\/types\/post"}],"author":[{"embeddable":true,"href":"https:\/\/www.eldiario.net\/portal\/wp-json\/wp\/v2\/users\/6"}],"replies":[{"embeddable":true,"href":"https:\/\/www.eldiario.net\/portal\/wp-json\/wp\/v2\/comments?post=402771"}],"version-history":[{"count":1,"href":"https:\/\/www.eldiario.net\/portal\/wp-json\/wp\/v2\/posts\/402771\/revisions"}],"predecessor-version":[{"id":402775,"href":"https:\/\/www.eldiario.net\/portal\/wp-json\/wp\/v2\/posts\/402771\/revisions\/402775"}],"wp:featuredmedia":[{"embeddable":true,"href":"https:\/\/www.eldiario.net\/portal\/wp-json\/wp\/v2\/media\/402774"}],"wp:attachment":[{"href":"https:\/\/www.eldiario.net\/portal\/wp-json\/wp\/v2\/media?parent=402771"}],"wp:term":[{"taxonomy":"category","embeddable":true,"href":"https:\/\/www.eldiario.net\/portal\/wp-json\/wp\/v2\/categories?post=402771"},{"taxonomy":"post_tag","embeddable":true,"href":"https:\/\/www.eldiario.net\/portal\/wp-json\/wp\/v2\/tags?post=402771"}],"curies":[{"name":"wp","href":"https:\/\/api.w.org\/{rel}","templated":true}]}}