{"id":40187,"date":"2021-11-01T05:39:52","date_gmt":"2021-11-01T09:39:52","guid":{"rendered":"https:\/\/www.eldiario.net\/portal\/?p=40187"},"modified":"2021-11-01T05:39:52","modified_gmt":"2021-11-01T09:39:52","slug":"gobierno-socializa-avances-de-reforma-judicial","status":"publish","type":"post","link":"https:\/\/www.eldiario.net\/portal\/2021\/11\/01\/gobierno-socializa-avances-de-reforma-judicial\/","title":{"rendered":"Gobierno socializa  avances de  reforma judicial"},"content":{"rendered":"<p>Los seis ejes tem\u00e1ticos para desarrollar la reforma de la justicia para el corto plazo son el balanceo del conflicto, el sistema de acceso a la justicia, la independencia judicial, las soluciones TIC, el desarrollo normativo y la transparencia institucional.<br \/>\nEl viceministro de Justicia, Cesar Siles, present\u00f3 los avances, insumos y resultados parciales de la reforma judicial ante representantes de organizaciones sociales.<br \/>\n\u201cEl primer insumo de cualquier reforma es la Constituci\u00f3n Pol\u00edtica del Estado, un segundo insumo es el informe del Grupo Interdisciplinario de Expertos Independientes (GIEI) y finalmente las recomendaciones de la Cumbre de Justicia\u201d, explic\u00f3 Siles en la presentaci\u00f3n de los avances de la reforma judicial el 19 de octubre pasado.<br \/>\nSiles manifest\u00f3 que durante el proceso de socializaci\u00f3n de los seis ejes de la reforma planteados por esta cartera de Estado, se logr\u00f3 recabar importantes propuestas presentadas por administradores de justicia, adem\u00e1s se recogieron datos que permiten tener en cuenta el estado situacional de cada regi\u00f3n del pa\u00eds.<br \/>\nEn cumplimiento a la ruta cr\u00edtica anunciada el 1 de septiembre por el ministro de Justicia, Iv\u00e1n Lima, se cumple el objetivo de llegar a las organizaciones sociales para conocer sus propuestas.<br \/>\n\u201cNo podr\u00edamos seguir con este trabajo si no incorporamos al pueblo, la sociedad, para recibir todos los insumos, estamos todos interesados en reformar la justicia en el pa\u00eds\u201d, indic\u00f3 Siles.<br \/>\nLa autoridad anunci\u00f3 que tambi\u00e9n se desarrollar\u00e1n encuentros con presidentes de colegios de abogados, salas plenas de las m\u00e1ximas instancias del \u00d3rgano Judicial, grupos de oposici\u00f3n, representantes del sistema universitario y otros.<\/p>\n<p>EJES TEM\u00c1TICOS<br \/>\nLos seis ejes tem\u00e1ticos para desarrollar la reforma de la justicia para el corto plazo son el balanceo del conflicto, el sistema de acceso a la justicia, la independencia judicial, las soluciones TIC, el desarrollo normativo y la transparencia institucional.<br \/>\n\u201cEn desarrollo normativo trabajamos ya en leyes, esa es la diferencia, mostrar resultados alcanzados. La Ley 1390 de Fortalecimiento para la Lucha Contra la Corrupci\u00f3n, por ejemplo, ya es parte de la reforma; las modificaciones al C\u00f3digo Penal para las adopciones \u00e1giles y seguras, tambi\u00e9n; es decir planes de corto, mediano y largo plazo para responder a los problemas estructurales de la justicia\u201d, destall\u00f3 Siles.<br \/>\nLa secretaria ejecutiva de la Confederaci\u00f3n Nacional de Mujeres Interculturales de Bolivia, Amalia Yanarico, indic\u00f3 que las organizaciones piden \u201cque haya una administraci\u00f3n transparente de la justicia, en feminicidios, infanticidios; los operadores no hacen bien\u201d, dijo.<br \/>\nMientras que el secretario ejecutivo de la Confederaci\u00f3n General de Trabajadores Fabriles de Bolivia, Vicente Pacosillo, sostuvo que el proceso de reforma es necesario y es tarea de todos.<br \/>\n\u201cTodos nos quejamos de la justicia, de la corrupci\u00f3n y de la retardaci\u00f3n. Cuando esta se\u00f1ora (Jeanine) A\u00f1ez se autoproclam\u00f3, hasta ahora no hay justicia para los hermanos que murieron el a\u00f1o 2019 y con el pretexto de la pandemia muchas f\u00e1bricas despidieron a miles de trabajadores, pero el empresariado compr\u00f3 fiscales y jueces para no aplicar lo que manda la justicia, por eso los sectores pedimos la reforma de la justicia, esa reforma no la va a hacer s\u00f3lo el ministro Lima, nosotros tenemos que aportar\u201d, inst\u00f3 Pacosillo.<\/p>\n","protected":false},"excerpt":{"rendered":"<p>Los seis ejes tem\u00e1ticos para desarrollar la reforma de la justicia para el corto plazo son el balanceo del conflicto, el sistema de acceso a la justicia, la independencia judicial, las soluciones TIC, el desarrollo normativo y la transparencia institucional. El viceministro de Justicia, Cesar Siles, present\u00f3 los avances, insumos y resultados parciales de la [&hellip;]<\/p>\n","protected":false},"author":1,"featured_media":40188,"comment_status":"closed","ping_status":"closed","sticky":false,"template":"","format":"standard","meta":{"_acf_changed":false,"footnotes":""},"categories":[39],"tags":[],"class_list":["post-40187","post","type-post","status-publish","format-standard","has-post-thumbnail","category-sociedad"],"acf":{"antetitulo":""},"yoast_head":"<!-- This site is optimized with the Yoast SEO plugin v28.4 - https:\/\/yoast.com\/product\/yoast-seo-wordpress\/ -->\n<title>Gobierno socializa avances de reforma judicial - El Diario - Bolivia<\/title>\n<meta name=\"robots\" content=\"index, follow, max-snippet:-1, max-image-preview:large, max-video-preview:-1\" \/>\n<link rel=\"canonical\" href=\"https:\/\/www.eldiario.net\/portal\/2021\/11\/01\/gobierno-socializa-avances-de-reforma-judicial\/\" \/>\n<meta property=\"og:locale\" content=\"es_ES\" \/>\n<meta property=\"og:type\" content=\"article\" \/>\n<meta property=\"og:title\" content=\"Gobierno socializa avances de reforma judicial - El Diario - Bolivia\" \/>\n<meta property=\"og:description\" content=\"Los seis ejes tem\u00e1ticos para desarrollar la reforma de la justicia para el corto plazo son el balanceo del conflicto, el sistema de acceso a la justicia, la independencia judicial, las soluciones TIC, el desarrollo normativo y la transparencia institucional. El viceministro de Justicia, Cesar Siles, present\u00f3 los avances, insumos y resultados parciales de la [&hellip;]\" \/>\n<meta property=\"og:url\" content=\"https:\/\/www.eldiario.net\/portal\/2021\/11\/01\/gobierno-socializa-avances-de-reforma-judicial\/\" \/>\n<meta property=\"og:site_name\" content=\"El Diario - Bolivia\" \/>\n<meta property=\"article:publisher\" content=\"https:\/\/www.facebook.com\/eldiario.bolivia\/\" \/>\n<meta property=\"article:published_time\" content=\"2021-11-01T09:39:52+00:00\" \/>\n<meta name=\"author\" content=\"Jeanette\" \/>\n<meta name=\"twitter:card\" content=\"summary_large_image\" \/>\n<meta name=\"twitter:creator\" content=\"@eldiario_net\" \/>\n<meta name=\"twitter:site\" content=\"@eldiario_net\" \/>\n<meta name=\"twitter:label1\" content=\"Escrito por\" \/>\n\t<meta name=\"twitter:data1\" content=\"Jeanette\" \/>\n\t<meta name=\"twitter:label2\" content=\"Tiempo de lectura\" \/>\n\t<meta name=\"twitter:data2\" content=\"3 minutos\" \/>\n<script type=\"application\/ld+json\" class=\"yoast-schema-graph\">{\"@context\":\"https:\\\/\\\/schema.org\",\"@graph\":[{\"@type\":\"Article\",\"@id\":\"https:\\\/\\\/www.eldiario.net\\\/portal\\\/2021\\\/11\\\/01\\\/gobierno-socializa-avances-de-reforma-judicial\\\/#article\",\"isPartOf\":{\"@id\":\"https:\\\/\\\/www.eldiario.net\\\/portal\\\/2021\\\/11\\\/01\\\/gobierno-socializa-avances-de-reforma-judicial\\\/\"},\"author\":{\"name\":\"Jeanette\",\"@id\":\"https:\\\/\\\/www.eldiario.net\\\/portal\\\/#\\\/schema\\\/person\\\/f46445640444750d7d753ccd04ae01b7\"},\"headline\":\"Gobierno socializa avances de reforma judicial\",\"datePublished\":\"2021-11-01T09:39:52+00:00\",\"mainEntityOfPage\":{\"@id\":\"https:\\\/\\\/www.eldiario.net\\\/portal\\\/2021\\\/11\\\/01\\\/gobierno-socializa-avances-de-reforma-judicial\\\/\"},\"wordCount\":549,\"publisher\":{\"@id\":\"https:\\\/\\\/www.eldiario.net\\\/portal\\\/#organization\"},\"image\":{\"@id\":\"https:\\\/\\\/www.eldiario.net\\\/portal\\\/2021\\\/11\\\/01\\\/gobierno-socializa-avances-de-reforma-judicial\\\/#primaryimage\"},\"thumbnailUrl\":\"\",\"articleSection\":[\"Sociedad - Seguridad\"],\"inLanguage\":\"es\"},{\"@type\":\"WebPage\",\"@id\":\"https:\\\/\\\/www.eldiario.net\\\/portal\\\/2021\\\/11\\\/01\\\/gobierno-socializa-avances-de-reforma-judicial\\\/\",\"url\":\"https:\\\/\\\/www.eldiario.net\\\/portal\\\/2021\\\/11\\\/01\\\/gobierno-socializa-avances-de-reforma-judicial\\\/\",\"name\":\"Gobierno socializa avances de reforma judicial - El Diario - Bolivia\",\"isPartOf\":{\"@id\":\"https:\\\/\\\/www.eldiario.net\\\/portal\\\/#website\"},\"primaryImageOfPage\":{\"@id\":\"https:\\\/\\\/www.eldiario.net\\\/portal\\\/2021\\\/11\\\/01\\\/gobierno-socializa-avances-de-reforma-judicial\\\/#primaryimage\"},\"image\":{\"@id\":\"https:\\\/\\\/www.eldiario.net\\\/portal\\\/2021\\\/11\\\/01\\\/gobierno-socializa-avances-de-reforma-judicial\\\/#primaryimage\"},\"thumbnailUrl\":\"\",\"datePublished\":\"2021-11-01T09:39:52+00:00\",\"breadcrumb\":{\"@id\":\"https:\\\/\\\/www.eldiario.net\\\/portal\\\/2021\\\/11\\\/01\\\/gobierno-socializa-avances-de-reforma-judicial\\\/#breadcrumb\"},\"inLanguage\":\"es\",\"potentialAction\":[{\"@type\":\"ReadAction\",\"target\":[\"https:\\\/\\\/www.eldiario.net\\\/portal\\\/2021\\\/11\\\/01\\\/gobierno-socializa-avances-de-reforma-judicial\\\/\"]}]},{\"@type\":\"ImageObject\",\"inLanguage\":\"es\",\"@id\":\"https:\\\/\\\/www.eldiario.net\\\/portal\\\/2021\\\/11\\\/01\\\/gobierno-socializa-avances-de-reforma-judicial\\\/#primaryimage\",\"url\":\"\",\"contentUrl\":\"\"},{\"@type\":\"BreadcrumbList\",\"@id\":\"https:\\\/\\\/www.eldiario.net\\\/portal\\\/2021\\\/11\\\/01\\\/gobierno-socializa-avances-de-reforma-judicial\\\/#breadcrumb\",\"itemListElement\":[{\"@type\":\"ListItem\",\"position\":1,\"name\":\"Portada\",\"item\":\"https:\\\/\\\/www.eldiario.net\\\/portal\\\/\"},{\"@type\":\"ListItem\",\"position\":2,\"name\":\"Gobierno socializa avances de reforma judicial\"}]},{\"@type\":\"WebSite\",\"@id\":\"https:\\\/\\\/www.eldiario.net\\\/portal\\\/#website\",\"url\":\"https:\\\/\\\/www.eldiario.net\\\/portal\\\/\",\"name\":\"El Diario - Decano de la prensa nacional\",\"description\":\"El Diario - Decano de la prensa nacional\",\"publisher\":{\"@id\":\"https:\\\/\\\/www.eldiario.net\\\/portal\\\/#organization\"},\"potentialAction\":[{\"@type\":\"SearchAction\",\"target\":{\"@type\":\"EntryPoint\",\"urlTemplate\":\"https:\\\/\\\/www.eldiario.net\\\/portal\\\/?s={search_term_string}\"},\"query-input\":{\"@type\":\"PropertyValueSpecification\",\"valueRequired\":true,\"valueName\":\"search_term_string\"}}],\"inLanguage\":\"es\"},{\"@type\":\"Organization\",\"@id\":\"https:\\\/\\\/www.eldiario.net\\\/portal\\\/#organization\",\"name\":\"El Diario - Decano de la prensa nacional\",\"url\":\"https:\\\/\\\/www.eldiario.net\\\/portal\\\/\",\"logo\":{\"@type\":\"ImageObject\",\"inLanguage\":\"es\",\"@id\":\"https:\\\/\\\/www.eldiario.net\\\/portal\\\/#\\\/schema\\\/logo\\\/image\\\/\",\"url\":\"https:\\\/\\\/www.eldiario.net\\\/portal\\\/wp-content\\\/uploads\\\/2023\\\/07\\\/logo_ED.jpg\",\"contentUrl\":\"https:\\\/\\\/www.eldiario.net\\\/portal\\\/wp-content\\\/uploads\\\/2023\\\/07\\\/logo_ED.jpg\",\"width\":272,\"height\":52,\"caption\":\"El Diario - Decano de la prensa nacional\"},\"image\":{\"@id\":\"https:\\\/\\\/www.eldiario.net\\\/portal\\\/#\\\/schema\\\/logo\\\/image\\\/\"},\"sameAs\":[\"https:\\\/\\\/www.facebook.com\\\/eldiario.bolivia\\\/\",\"https:\\\/\\\/x.com\\\/eldiario_net\"]},{\"@type\":\"Person\",\"@id\":\"https:\\\/\\\/www.eldiario.net\\\/portal\\\/#\\\/schema\\\/person\\\/f46445640444750d7d753ccd04ae01b7\",\"name\":\"Jeanette\",\"image\":{\"@type\":\"ImageObject\",\"inLanguage\":\"es\",\"@id\":\"https:\\\/\\\/secure.gravatar.com\\\/avatar\\\/3ea2118a5f7dad2b7138b1187a6b7ee55f160b9968b66013c3a3ef39dd7e5798?s=96&d=mm&r=g\",\"url\":\"https:\\\/\\\/secure.gravatar.com\\\/avatar\\\/3ea2118a5f7dad2b7138b1187a6b7ee55f160b9968b66013c3a3ef39dd7e5798?s=96&d=mm&r=g\",\"contentUrl\":\"https:\\\/\\\/secure.gravatar.com\\\/avatar\\\/3ea2118a5f7dad2b7138b1187a6b7ee55f160b9968b66013c3a3ef39dd7e5798?s=96&d=mm&r=g\",\"caption\":\"Jeanette\"},\"sameAs\":[\"https:\\\/\\\/www.eldiario.net\\\/portal\"],\"url\":\"https:\\\/\\\/www.eldiario.net\\\/portal\\\/author\\\/jeanette\\\/\"}]}<\/script>\n<!-- \/ Yoast SEO plugin. -->","yoast_head_json":{"title":"Gobierno socializa avances de reforma judicial - El Diario - Bolivia","robots":{"index":"index","follow":"follow","max-snippet":"max-snippet:-1","max-image-preview":"max-image-preview:large","max-video-preview":"max-video-preview:-1"},"canonical":"https:\/\/www.eldiario.net\/portal\/2021\/11\/01\/gobierno-socializa-avances-de-reforma-judicial\/","og_locale":"es_ES","og_type":"article","og_title":"Gobierno socializa avances de reforma judicial - El Diario - Bolivia","og_description":"Los seis ejes tem\u00e1ticos para desarrollar la reforma de la justicia para el corto plazo son el balanceo del conflicto, el sistema de acceso a la justicia, la independencia judicial, las soluciones TIC, el desarrollo normativo y la transparencia institucional. El viceministro de Justicia, Cesar Siles, present\u00f3 los avances, insumos y resultados parciales de la [&hellip;]","og_url":"https:\/\/www.eldiario.net\/portal\/2021\/11\/01\/gobierno-socializa-avances-de-reforma-judicial\/","og_site_name":"El Diario - Bolivia","article_publisher":"https:\/\/www.facebook.com\/eldiario.bolivia\/","article_published_time":"2021-11-01T09:39:52+00:00","author":"Jeanette","twitter_card":"summary_large_image","twitter_creator":"@eldiario_net","twitter_site":"@eldiario_net","twitter_misc":{"Escrito por":"Jeanette","Tiempo de lectura":"3 minutos"},"schema":{"@context":"https:\/\/schema.org","@graph":[{"@type":"Article","@id":"https:\/\/www.eldiario.net\/portal\/2021\/11\/01\/gobierno-socializa-avances-de-reforma-judicial\/#article","isPartOf":{"@id":"https:\/\/www.eldiario.net\/portal\/2021\/11\/01\/gobierno-socializa-avances-de-reforma-judicial\/"},"author":{"name":"Jeanette","@id":"https:\/\/www.eldiario.net\/portal\/#\/schema\/person\/f46445640444750d7d753ccd04ae01b7"},"headline":"Gobierno socializa avances de reforma judicial","datePublished":"2021-11-01T09:39:52+00:00","mainEntityOfPage":{"@id":"https:\/\/www.eldiario.net\/portal\/2021\/11\/01\/gobierno-socializa-avances-de-reforma-judicial\/"},"wordCount":549,"publisher":{"@id":"https:\/\/www.eldiario.net\/portal\/#organization"},"image":{"@id":"https:\/\/www.eldiario.net\/portal\/2021\/11\/01\/gobierno-socializa-avances-de-reforma-judicial\/#primaryimage"},"thumbnailUrl":"","articleSection":["Sociedad - Seguridad"],"inLanguage":"es"},{"@type":"WebPage","@id":"https:\/\/www.eldiario.net\/portal\/2021\/11\/01\/gobierno-socializa-avances-de-reforma-judicial\/","url":"https:\/\/www.eldiario.net\/portal\/2021\/11\/01\/gobierno-socializa-avances-de-reforma-judicial\/","name":"Gobierno socializa avances de reforma judicial - El Diario - Bolivia","isPartOf":{"@id":"https:\/\/www.eldiario.net\/portal\/#website"},"primaryImageOfPage":{"@id":"https:\/\/www.eldiario.net\/portal\/2021\/11\/01\/gobierno-socializa-avances-de-reforma-judicial\/#primaryimage"},"image":{"@id":"https:\/\/www.eldiario.net\/portal\/2021\/11\/01\/gobierno-socializa-avances-de-reforma-judicial\/#primaryimage"},"thumbnailUrl":"","datePublished":"2021-11-01T09:39:52+00:00","breadcrumb":{"@id":"https:\/\/www.eldiario.net\/portal\/2021\/11\/01\/gobierno-socializa-avances-de-reforma-judicial\/#breadcrumb"},"inLanguage":"es","potentialAction":[{"@type":"ReadAction","target":["https:\/\/www.eldiario.net\/portal\/2021\/11\/01\/gobierno-socializa-avances-de-reforma-judicial\/"]}]},{"@type":"ImageObject","inLanguage":"es","@id":"https:\/\/www.eldiario.net\/portal\/2021\/11\/01\/gobierno-socializa-avances-de-reforma-judicial\/#primaryimage","url":"","contentUrl":""},{"@type":"BreadcrumbList","@id":"https:\/\/www.eldiario.net\/portal\/2021\/11\/01\/gobierno-socializa-avances-de-reforma-judicial\/#breadcrumb","itemListElement":[{"@type":"ListItem","position":1,"name":"Portada","item":"https:\/\/www.eldiario.net\/portal\/"},{"@type":"ListItem","position":2,"name":"Gobierno socializa avances de reforma judicial"}]},{"@type":"WebSite","@id":"https:\/\/www.eldiario.net\/portal\/#website","url":"https:\/\/www.eldiario.net\/portal\/","name":"El Diario - Decano de la prensa nacional","description":"El Diario - Decano de la prensa nacional","publisher":{"@id":"https:\/\/www.eldiario.net\/portal\/#organization"},"potentialAction":[{"@type":"SearchAction","target":{"@type":"EntryPoint","urlTemplate":"https:\/\/www.eldiario.net\/portal\/?s={search_term_string}"},"query-input":{"@type":"PropertyValueSpecification","valueRequired":true,"valueName":"search_term_string"}}],"inLanguage":"es"},{"@type":"Organization","@id":"https:\/\/www.eldiario.net\/portal\/#organization","name":"El Diario - Decano de la prensa nacional","url":"https:\/\/www.eldiario.net\/portal\/","logo":{"@type":"ImageObject","inLanguage":"es","@id":"https:\/\/www.eldiario.net\/portal\/#\/schema\/logo\/image\/","url":"https:\/\/www.eldiario.net\/portal\/wp-content\/uploads\/2023\/07\/logo_ED.jpg","contentUrl":"https:\/\/www.eldiario.net\/portal\/wp-content\/uploads\/2023\/07\/logo_ED.jpg","width":272,"height":52,"caption":"El Diario - Decano de la prensa nacional"},"image":{"@id":"https:\/\/www.eldiario.net\/portal\/#\/schema\/logo\/image\/"},"sameAs":["https:\/\/www.facebook.com\/eldiario.bolivia\/","https:\/\/x.com\/eldiario_net"]},{"@type":"Person","@id":"https:\/\/www.eldiario.net\/portal\/#\/schema\/person\/f46445640444750d7d753ccd04ae01b7","name":"Jeanette","image":{"@type":"ImageObject","inLanguage":"es","@id":"https:\/\/secure.gravatar.com\/avatar\/3ea2118a5f7dad2b7138b1187a6b7ee55f160b9968b66013c3a3ef39dd7e5798?s=96&d=mm&r=g","url":"https:\/\/secure.gravatar.com\/avatar\/3ea2118a5f7dad2b7138b1187a6b7ee55f160b9968b66013c3a3ef39dd7e5798?s=96&d=mm&r=g","contentUrl":"https:\/\/secure.gravatar.com\/avatar\/3ea2118a5f7dad2b7138b1187a6b7ee55f160b9968b66013c3a3ef39dd7e5798?s=96&d=mm&r=g","caption":"Jeanette"},"sameAs":["https:\/\/www.eldiario.net\/portal"],"url":"https:\/\/www.eldiario.net\/portal\/author\/jeanette\/"}]}},"_links":{"self":[{"href":"https:\/\/www.eldiario.net\/portal\/wp-json\/wp\/v2\/posts\/40187","targetHints":{"allow":["GET"]}}],"collection":[{"href":"https:\/\/www.eldiario.net\/portal\/wp-json\/wp\/v2\/posts"}],"about":[{"href":"https:\/\/www.eldiario.net\/portal\/wp-json\/wp\/v2\/types\/post"}],"author":[{"embeddable":true,"href":"https:\/\/www.eldiario.net\/portal\/wp-json\/wp\/v2\/users\/1"}],"replies":[{"embeddable":true,"href":"https:\/\/www.eldiario.net\/portal\/wp-json\/wp\/v2\/comments?post=40187"}],"version-history":[{"count":0,"href":"https:\/\/www.eldiario.net\/portal\/wp-json\/wp\/v2\/posts\/40187\/revisions"}],"wp:attachment":[{"href":"https:\/\/www.eldiario.net\/portal\/wp-json\/wp\/v2\/media?parent=40187"}],"wp:term":[{"taxonomy":"category","embeddable":true,"href":"https:\/\/www.eldiario.net\/portal\/wp-json\/wp\/v2\/categories?post=40187"},{"taxonomy":"post_tag","embeddable":true,"href":"https:\/\/www.eldiario.net\/portal\/wp-json\/wp\/v2\/tags?post=40187"}],"curies":[{"name":"wp","href":"https:\/\/api.w.org\/{rel}","templated":true}]}}