{"id":40181,"date":"2021-11-01T05:37:49","date_gmt":"2021-11-01T09:37:49","guid":{"rendered":"https:\/\/www.eldiario.net\/portal\/?p=40181"},"modified":"2021-11-01T05:37:49","modified_gmt":"2021-11-01T09:37:49","slug":"impulsan-premio-nacional-para-tesistas-de-pregrado-en-cultivos","status":"publish","type":"post","link":"https:\/\/www.eldiario.net\/portal\/2021\/11\/01\/impulsan-premio-nacional-para-tesistas-de-pregrado-en-cultivos\/","title":{"rendered":"Impulsan premio nacional para tesistas de pregrado en cultivos"},"content":{"rendered":"<p>Con la finalidad de promover la investigaci\u00f3n sobre los cultivos andinos, la Fundaci\u00f3n Para la Promoci\u00f3n e Investigaci\u00f3n de Productos Andinos-Proinpa lanza la primera versi\u00f3n del Premio \u201cAntonio Gandarillas Antezana\u201d, dirigida a tesistas de pregrado del pa\u00eds, quienes investigan en propuestas sobre degradaci\u00f3n de suelos, manejo de agua, cambios clim\u00e1ticos, sistemas sostenibles de producci\u00f3n, entre otros.<br \/>\nEl premio sobre investigaciones en cultivos andinos fue establecido en homenaje al cient\u00edfico, investigador, gerente general, creador de Proinpa y Acad\u00e9mico de N\u00famero de la Academia Nacional de Ciencias, Acad. Antonio Gandarillas Antezana Ph.D.(+), quien falleci\u00f3 el pasado 2020. Tiene el objetivo de despertar el inter\u00e9s por investigar e informar en \u00e1reas importantes en materia productiva, como la degradaci\u00f3n de suelos, fertilidad de suelos, riego, sistemas sostenibles de producci\u00f3n, producci\u00f3n org\u00e1nica, producci\u00f3n de semillas, manejo de plagas y mejoramiento gen\u00e9tico.<br \/>\nLa elecci\u00f3n de dichos temas responde a la urgencia nacional de resaltar y darle el valor que amerita a la variedad de cultivos andinos y sus distintos procedimientos de producci\u00f3n, con miras a su desarrollo, en la cual deben estar involucrados los productores, gobernantes y empresarios, seg\u00fan informa Proinpa.<br \/>\nLas propuestas de investigaci\u00f3n pueden ser presentadas del 9 de julio al 10 de noviembre, las mismas que ser\u00e1n evaluadas del 11 al 18 de noviembre, la publicaci\u00f3n de los resultados, se realizar\u00e1 en 22 de noviembre, en los sitios web de la Fundaci\u00f3n Proinpa, y la premiaci\u00f3n de los participantes ganadores del concurso ser\u00e1 el 25 de noviembre del presente a\u00f1o.<br \/>\nEl Premio \u201cAntonio Gandarillas Antezana\u201d fue creado con el auspicio de Mc Knigth Foundation, el apoyo de la Academia Nacional de Ciencias (ANC) y otras instituciones, con la finalidad de incentivar la investigaci\u00f3n de j\u00f3venes cient\u00edficos en cultivos andinos, fomentar la investigaci\u00f3n cient\u00edfica, sobre las innovaciones realizadas en la producci\u00f3n de cultivos andinos y sus proyecciones en el pa\u00eds. Las bases del concurso pueden ser consultadas en: www.proinpa.org y en www.aciencias.org.bo<\/p>\n","protected":false},"excerpt":{"rendered":"<p>Con la finalidad de promover la investigaci\u00f3n sobre los cultivos andinos, la Fundaci\u00f3n Para la Promoci\u00f3n e Investigaci\u00f3n de Productos Andinos-Proinpa lanza la primera versi\u00f3n del Premio \u201cAntonio Gandarillas Antezana\u201d, dirigida a tesistas de pregrado del pa\u00eds, quienes investigan en propuestas sobre degradaci\u00f3n de suelos, manejo de agua, cambios clim\u00e1ticos, sistemas sostenibles de producci\u00f3n, entre [&hellip;]<\/p>\n","protected":false},"author":1,"featured_media":40182,"comment_status":"closed","ping_status":"closed","sticky":false,"template":"","format":"standard","meta":{"_acf_changed":false,"footnotes":""},"categories":[12],"tags":[],"class_list":["post-40181","post","type-post","status-publish","format-standard","has-post-thumbnail","category-nacional"],"acf":{"antetitulo":""},"yoast_head":"<!-- This site is optimized with the Yoast SEO plugin v28.4 - https:\/\/yoast.com\/product\/yoast-seo-wordpress\/ -->\n<title>Impulsan premio nacional para tesistas de pregrado en cultivos - El Diario - Bolivia<\/title>\n<meta name=\"robots\" content=\"index, follow, max-snippet:-1, max-image-preview:large, max-video-preview:-1\" \/>\n<link rel=\"canonical\" href=\"https:\/\/www.eldiario.net\/portal\/2021\/11\/01\/impulsan-premio-nacional-para-tesistas-de-pregrado-en-cultivos\/\" \/>\n<meta property=\"og:locale\" content=\"es_ES\" \/>\n<meta property=\"og:type\" content=\"article\" \/>\n<meta property=\"og:title\" content=\"Impulsan premio nacional para tesistas de pregrado en cultivos - El Diario - Bolivia\" \/>\n<meta property=\"og:description\" content=\"Con la finalidad de promover la investigaci\u00f3n sobre los cultivos andinos, la Fundaci\u00f3n Para la Promoci\u00f3n e Investigaci\u00f3n de Productos Andinos-Proinpa lanza la primera versi\u00f3n del Premio \u201cAntonio Gandarillas Antezana\u201d, dirigida a tesistas de pregrado del pa\u00eds, quienes investigan en propuestas sobre degradaci\u00f3n de suelos, manejo de agua, cambios clim\u00e1ticos, sistemas sostenibles de producci\u00f3n, entre [&hellip;]\" \/>\n<meta property=\"og:url\" content=\"https:\/\/www.eldiario.net\/portal\/2021\/11\/01\/impulsan-premio-nacional-para-tesistas-de-pregrado-en-cultivos\/\" \/>\n<meta property=\"og:site_name\" content=\"El Diario - Bolivia\" \/>\n<meta property=\"article:publisher\" content=\"https:\/\/www.facebook.com\/eldiario.bolivia\/\" \/>\n<meta property=\"article:published_time\" content=\"2021-11-01T09:37:49+00:00\" \/>\n<meta property=\"og:image\" content=\"https:\/\/www.eldiario.net\/portal\/wp-content\/uploads\/2021\/11\/2AL.jpg\" \/>\n\t<meta property=\"og:image:width\" content=\"1\" \/>\n\t<meta property=\"og:image:height\" content=\"1\" \/>\n\t<meta property=\"og:image:type\" content=\"image\/jpeg\" \/>\n<meta name=\"author\" content=\"Jeanette\" \/>\n<meta name=\"twitter:card\" content=\"summary_large_image\" \/>\n<meta name=\"twitter:creator\" content=\"@eldiario_net\" \/>\n<meta name=\"twitter:site\" content=\"@eldiario_net\" \/>\n<meta name=\"twitter:label1\" content=\"Escrito por\" \/>\n\t<meta name=\"twitter:data1\" content=\"Jeanette\" \/>\n\t<meta name=\"twitter:label2\" content=\"Tiempo de lectura\" \/>\n\t<meta name=\"twitter:data2\" content=\"2 minutos\" \/>\n<script type=\"application\/ld+json\" class=\"yoast-schema-graph\">{\"@context\":\"https:\\\/\\\/schema.org\",\"@graph\":[{\"@type\":\"Article\",\"@id\":\"https:\\\/\\\/www.eldiario.net\\\/portal\\\/2021\\\/11\\\/01\\\/impulsan-premio-nacional-para-tesistas-de-pregrado-en-cultivos\\\/#article\",\"isPartOf\":{\"@id\":\"https:\\\/\\\/www.eldiario.net\\\/portal\\\/2021\\\/11\\\/01\\\/impulsan-premio-nacional-para-tesistas-de-pregrado-en-cultivos\\\/\"},\"author\":{\"name\":\"Jeanette\",\"@id\":\"https:\\\/\\\/www.eldiario.net\\\/portal\\\/#\\\/schema\\\/person\\\/f46445640444750d7d753ccd04ae01b7\"},\"headline\":\"Impulsan premio nacional para tesistas de pregrado en cultivos\",\"datePublished\":\"2021-11-01T09:37:49+00:00\",\"mainEntityOfPage\":{\"@id\":\"https:\\\/\\\/www.eldiario.net\\\/portal\\\/2021\\\/11\\\/01\\\/impulsan-premio-nacional-para-tesistas-de-pregrado-en-cultivos\\\/\"},\"wordCount\":361,\"publisher\":{\"@id\":\"https:\\\/\\\/www.eldiario.net\\\/portal\\\/#organization\"},\"image\":{\"@id\":\"https:\\\/\\\/www.eldiario.net\\\/portal\\\/2021\\\/11\\\/01\\\/impulsan-premio-nacional-para-tesistas-de-pregrado-en-cultivos\\\/#primaryimage\"},\"thumbnailUrl\":\"https:\\\/\\\/www.eldiario.net\\\/portal\\\/wp-content\\\/uploads\\\/2021\\\/11\\\/2AL.jpg\",\"articleSection\":[\"Nacional\"],\"inLanguage\":\"es\"},{\"@type\":\"WebPage\",\"@id\":\"https:\\\/\\\/www.eldiario.net\\\/portal\\\/2021\\\/11\\\/01\\\/impulsan-premio-nacional-para-tesistas-de-pregrado-en-cultivos\\\/\",\"url\":\"https:\\\/\\\/www.eldiario.net\\\/portal\\\/2021\\\/11\\\/01\\\/impulsan-premio-nacional-para-tesistas-de-pregrado-en-cultivos\\\/\",\"name\":\"Impulsan premio nacional para tesistas de pregrado en cultivos - El Diario - Bolivia\",\"isPartOf\":{\"@id\":\"https:\\\/\\\/www.eldiario.net\\\/portal\\\/#website\"},\"primaryImageOfPage\":{\"@id\":\"https:\\\/\\\/www.eldiario.net\\\/portal\\\/2021\\\/11\\\/01\\\/impulsan-premio-nacional-para-tesistas-de-pregrado-en-cultivos\\\/#primaryimage\"},\"image\":{\"@id\":\"https:\\\/\\\/www.eldiario.net\\\/portal\\\/2021\\\/11\\\/01\\\/impulsan-premio-nacional-para-tesistas-de-pregrado-en-cultivos\\\/#primaryimage\"},\"thumbnailUrl\":\"https:\\\/\\\/www.eldiario.net\\\/portal\\\/wp-content\\\/uploads\\\/2021\\\/11\\\/2AL.jpg\",\"datePublished\":\"2021-11-01T09:37:49+00:00\",\"breadcrumb\":{\"@id\":\"https:\\\/\\\/www.eldiario.net\\\/portal\\\/2021\\\/11\\\/01\\\/impulsan-premio-nacional-para-tesistas-de-pregrado-en-cultivos\\\/#breadcrumb\"},\"inLanguage\":\"es\",\"potentialAction\":[{\"@type\":\"ReadAction\",\"target\":[\"https:\\\/\\\/www.eldiario.net\\\/portal\\\/2021\\\/11\\\/01\\\/impulsan-premio-nacional-para-tesistas-de-pregrado-en-cultivos\\\/\"]}]},{\"@type\":\"ImageObject\",\"inLanguage\":\"es\",\"@id\":\"https:\\\/\\\/www.eldiario.net\\\/portal\\\/2021\\\/11\\\/01\\\/impulsan-premio-nacional-para-tesistas-de-pregrado-en-cultivos\\\/#primaryimage\",\"url\":\"https:\\\/\\\/www.eldiario.net\\\/portal\\\/wp-content\\\/uploads\\\/2021\\\/11\\\/2AL.jpg\",\"contentUrl\":\"https:\\\/\\\/www.eldiario.net\\\/portal\\\/wp-content\\\/uploads\\\/2021\\\/11\\\/2AL.jpg\",\"caption\":\"Acad. Antonio Gandarillas Antezana (+) destac\u00f3 la importancia de la producci\u00f3n andina.\"},{\"@type\":\"BreadcrumbList\",\"@id\":\"https:\\\/\\\/www.eldiario.net\\\/portal\\\/2021\\\/11\\\/01\\\/impulsan-premio-nacional-para-tesistas-de-pregrado-en-cultivos\\\/#breadcrumb\",\"itemListElement\":[{\"@type\":\"ListItem\",\"position\":1,\"name\":\"Portada\",\"item\":\"https:\\\/\\\/www.eldiario.net\\\/portal\\\/\"},{\"@type\":\"ListItem\",\"position\":2,\"name\":\"Impulsan premio nacional para tesistas de pregrado en cultivos\"}]},{\"@type\":\"WebSite\",\"@id\":\"https:\\\/\\\/www.eldiario.net\\\/portal\\\/#website\",\"url\":\"https:\\\/\\\/www.eldiario.net\\\/portal\\\/\",\"name\":\"El Diario - Decano de la prensa nacional\",\"description\":\"El Diario - Decano de la prensa nacional\",\"publisher\":{\"@id\":\"https:\\\/\\\/www.eldiario.net\\\/portal\\\/#organization\"},\"potentialAction\":[{\"@type\":\"SearchAction\",\"target\":{\"@type\":\"EntryPoint\",\"urlTemplate\":\"https:\\\/\\\/www.eldiario.net\\\/portal\\\/?s={search_term_string}\"},\"query-input\":{\"@type\":\"PropertyValueSpecification\",\"valueRequired\":true,\"valueName\":\"search_term_string\"}}],\"inLanguage\":\"es\"},{\"@type\":\"Organization\",\"@id\":\"https:\\\/\\\/www.eldiario.net\\\/portal\\\/#organization\",\"name\":\"El Diario - Decano de la prensa nacional\",\"url\":\"https:\\\/\\\/www.eldiario.net\\\/portal\\\/\",\"logo\":{\"@type\":\"ImageObject\",\"inLanguage\":\"es\",\"@id\":\"https:\\\/\\\/www.eldiario.net\\\/portal\\\/#\\\/schema\\\/logo\\\/image\\\/\",\"url\":\"https:\\\/\\\/www.eldiario.net\\\/portal\\\/wp-content\\\/uploads\\\/2023\\\/07\\\/logo_ED.jpg\",\"contentUrl\":\"https:\\\/\\\/www.eldiario.net\\\/portal\\\/wp-content\\\/uploads\\\/2023\\\/07\\\/logo_ED.jpg\",\"width\":272,\"height\":52,\"caption\":\"El Diario - Decano de la prensa nacional\"},\"image\":{\"@id\":\"https:\\\/\\\/www.eldiario.net\\\/portal\\\/#\\\/schema\\\/logo\\\/image\\\/\"},\"sameAs\":[\"https:\\\/\\\/www.facebook.com\\\/eldiario.bolivia\\\/\",\"https:\\\/\\\/x.com\\\/eldiario_net\"]},{\"@type\":\"Person\",\"@id\":\"https:\\\/\\\/www.eldiario.net\\\/portal\\\/#\\\/schema\\\/person\\\/f46445640444750d7d753ccd04ae01b7\",\"name\":\"Jeanette\",\"image\":{\"@type\":\"ImageObject\",\"inLanguage\":\"es\",\"@id\":\"https:\\\/\\\/secure.gravatar.com\\\/avatar\\\/3ea2118a5f7dad2b7138b1187a6b7ee55f160b9968b66013c3a3ef39dd7e5798?s=96&d=mm&r=g\",\"url\":\"https:\\\/\\\/secure.gravatar.com\\\/avatar\\\/3ea2118a5f7dad2b7138b1187a6b7ee55f160b9968b66013c3a3ef39dd7e5798?s=96&d=mm&r=g\",\"contentUrl\":\"https:\\\/\\\/secure.gravatar.com\\\/avatar\\\/3ea2118a5f7dad2b7138b1187a6b7ee55f160b9968b66013c3a3ef39dd7e5798?s=96&d=mm&r=g\",\"caption\":\"Jeanette\"},\"sameAs\":[\"https:\\\/\\\/www.eldiario.net\\\/portal\"],\"url\":\"https:\\\/\\\/www.eldiario.net\\\/portal\\\/author\\\/jeanette\\\/\"}]}<\/script>\n<!-- \/ Yoast SEO plugin. -->","yoast_head_json":{"title":"Impulsan premio nacional para tesistas de pregrado en cultivos - El Diario - Bolivia","robots":{"index":"index","follow":"follow","max-snippet":"max-snippet:-1","max-image-preview":"max-image-preview:large","max-video-preview":"max-video-preview:-1"},"canonical":"https:\/\/www.eldiario.net\/portal\/2021\/11\/01\/impulsan-premio-nacional-para-tesistas-de-pregrado-en-cultivos\/","og_locale":"es_ES","og_type":"article","og_title":"Impulsan premio nacional para tesistas de pregrado en cultivos - El Diario - Bolivia","og_description":"Con la finalidad de promover la investigaci\u00f3n sobre los cultivos andinos, la Fundaci\u00f3n Para la Promoci\u00f3n e Investigaci\u00f3n de Productos Andinos-Proinpa lanza la primera versi\u00f3n del Premio \u201cAntonio Gandarillas Antezana\u201d, dirigida a tesistas de pregrado del pa\u00eds, quienes investigan en propuestas sobre degradaci\u00f3n de suelos, manejo de agua, cambios clim\u00e1ticos, sistemas sostenibles de producci\u00f3n, entre [&hellip;]","og_url":"https:\/\/www.eldiario.net\/portal\/2021\/11\/01\/impulsan-premio-nacional-para-tesistas-de-pregrado-en-cultivos\/","og_site_name":"El Diario - Bolivia","article_publisher":"https:\/\/www.facebook.com\/eldiario.bolivia\/","article_published_time":"2021-11-01T09:37:49+00:00","og_image":[{"url":"https:\/\/www.eldiario.net\/portal\/wp-content\/uploads\/2021\/11\/2AL.jpg","width":1,"height":1,"type":"image\/jpeg"}],"author":"Jeanette","twitter_card":"summary_large_image","twitter_creator":"@eldiario_net","twitter_site":"@eldiario_net","twitter_misc":{"Escrito por":"Jeanette","Tiempo de lectura":"2 minutos"},"schema":{"@context":"https:\/\/schema.org","@graph":[{"@type":"Article","@id":"https:\/\/www.eldiario.net\/portal\/2021\/11\/01\/impulsan-premio-nacional-para-tesistas-de-pregrado-en-cultivos\/#article","isPartOf":{"@id":"https:\/\/www.eldiario.net\/portal\/2021\/11\/01\/impulsan-premio-nacional-para-tesistas-de-pregrado-en-cultivos\/"},"author":{"name":"Jeanette","@id":"https:\/\/www.eldiario.net\/portal\/#\/schema\/person\/f46445640444750d7d753ccd04ae01b7"},"headline":"Impulsan premio nacional para tesistas de pregrado en cultivos","datePublished":"2021-11-01T09:37:49+00:00","mainEntityOfPage":{"@id":"https:\/\/www.eldiario.net\/portal\/2021\/11\/01\/impulsan-premio-nacional-para-tesistas-de-pregrado-en-cultivos\/"},"wordCount":361,"publisher":{"@id":"https:\/\/www.eldiario.net\/portal\/#organization"},"image":{"@id":"https:\/\/www.eldiario.net\/portal\/2021\/11\/01\/impulsan-premio-nacional-para-tesistas-de-pregrado-en-cultivos\/#primaryimage"},"thumbnailUrl":"https:\/\/www.eldiario.net\/portal\/wp-content\/uploads\/2021\/11\/2AL.jpg","articleSection":["Nacional"],"inLanguage":"es"},{"@type":"WebPage","@id":"https:\/\/www.eldiario.net\/portal\/2021\/11\/01\/impulsan-premio-nacional-para-tesistas-de-pregrado-en-cultivos\/","url":"https:\/\/www.eldiario.net\/portal\/2021\/11\/01\/impulsan-premio-nacional-para-tesistas-de-pregrado-en-cultivos\/","name":"Impulsan premio nacional para tesistas de pregrado en cultivos - El Diario - Bolivia","isPartOf":{"@id":"https:\/\/www.eldiario.net\/portal\/#website"},"primaryImageOfPage":{"@id":"https:\/\/www.eldiario.net\/portal\/2021\/11\/01\/impulsan-premio-nacional-para-tesistas-de-pregrado-en-cultivos\/#primaryimage"},"image":{"@id":"https:\/\/www.eldiario.net\/portal\/2021\/11\/01\/impulsan-premio-nacional-para-tesistas-de-pregrado-en-cultivos\/#primaryimage"},"thumbnailUrl":"https:\/\/www.eldiario.net\/portal\/wp-content\/uploads\/2021\/11\/2AL.jpg","datePublished":"2021-11-01T09:37:49+00:00","breadcrumb":{"@id":"https:\/\/www.eldiario.net\/portal\/2021\/11\/01\/impulsan-premio-nacional-para-tesistas-de-pregrado-en-cultivos\/#breadcrumb"},"inLanguage":"es","potentialAction":[{"@type":"ReadAction","target":["https:\/\/www.eldiario.net\/portal\/2021\/11\/01\/impulsan-premio-nacional-para-tesistas-de-pregrado-en-cultivos\/"]}]},{"@type":"ImageObject","inLanguage":"es","@id":"https:\/\/www.eldiario.net\/portal\/2021\/11\/01\/impulsan-premio-nacional-para-tesistas-de-pregrado-en-cultivos\/#primaryimage","url":"https:\/\/www.eldiario.net\/portal\/wp-content\/uploads\/2021\/11\/2AL.jpg","contentUrl":"https:\/\/www.eldiario.net\/portal\/wp-content\/uploads\/2021\/11\/2AL.jpg","caption":"Acad. Antonio Gandarillas Antezana (+) destac\u00f3 la importancia de la producci\u00f3n andina."},{"@type":"BreadcrumbList","@id":"https:\/\/www.eldiario.net\/portal\/2021\/11\/01\/impulsan-premio-nacional-para-tesistas-de-pregrado-en-cultivos\/#breadcrumb","itemListElement":[{"@type":"ListItem","position":1,"name":"Portada","item":"https:\/\/www.eldiario.net\/portal\/"},{"@type":"ListItem","position":2,"name":"Impulsan premio nacional para tesistas de pregrado en cultivos"}]},{"@type":"WebSite","@id":"https:\/\/www.eldiario.net\/portal\/#website","url":"https:\/\/www.eldiario.net\/portal\/","name":"El Diario - Decano de la prensa nacional","description":"El Diario - Decano de la prensa nacional","publisher":{"@id":"https:\/\/www.eldiario.net\/portal\/#organization"},"potentialAction":[{"@type":"SearchAction","target":{"@type":"EntryPoint","urlTemplate":"https:\/\/www.eldiario.net\/portal\/?s={search_term_string}"},"query-input":{"@type":"PropertyValueSpecification","valueRequired":true,"valueName":"search_term_string"}}],"inLanguage":"es"},{"@type":"Organization","@id":"https:\/\/www.eldiario.net\/portal\/#organization","name":"El Diario - Decano de la prensa nacional","url":"https:\/\/www.eldiario.net\/portal\/","logo":{"@type":"ImageObject","inLanguage":"es","@id":"https:\/\/www.eldiario.net\/portal\/#\/schema\/logo\/image\/","url":"https:\/\/www.eldiario.net\/portal\/wp-content\/uploads\/2023\/07\/logo_ED.jpg","contentUrl":"https:\/\/www.eldiario.net\/portal\/wp-content\/uploads\/2023\/07\/logo_ED.jpg","width":272,"height":52,"caption":"El Diario - Decano de la prensa nacional"},"image":{"@id":"https:\/\/www.eldiario.net\/portal\/#\/schema\/logo\/image\/"},"sameAs":["https:\/\/www.facebook.com\/eldiario.bolivia\/","https:\/\/x.com\/eldiario_net"]},{"@type":"Person","@id":"https:\/\/www.eldiario.net\/portal\/#\/schema\/person\/f46445640444750d7d753ccd04ae01b7","name":"Jeanette","image":{"@type":"ImageObject","inLanguage":"es","@id":"https:\/\/secure.gravatar.com\/avatar\/3ea2118a5f7dad2b7138b1187a6b7ee55f160b9968b66013c3a3ef39dd7e5798?s=96&d=mm&r=g","url":"https:\/\/secure.gravatar.com\/avatar\/3ea2118a5f7dad2b7138b1187a6b7ee55f160b9968b66013c3a3ef39dd7e5798?s=96&d=mm&r=g","contentUrl":"https:\/\/secure.gravatar.com\/avatar\/3ea2118a5f7dad2b7138b1187a6b7ee55f160b9968b66013c3a3ef39dd7e5798?s=96&d=mm&r=g","caption":"Jeanette"},"sameAs":["https:\/\/www.eldiario.net\/portal"],"url":"https:\/\/www.eldiario.net\/portal\/author\/jeanette\/"}]}},"_links":{"self":[{"href":"https:\/\/www.eldiario.net\/portal\/wp-json\/wp\/v2\/posts\/40181","targetHints":{"allow":["GET"]}}],"collection":[{"href":"https:\/\/www.eldiario.net\/portal\/wp-json\/wp\/v2\/posts"}],"about":[{"href":"https:\/\/www.eldiario.net\/portal\/wp-json\/wp\/v2\/types\/post"}],"author":[{"embeddable":true,"href":"https:\/\/www.eldiario.net\/portal\/wp-json\/wp\/v2\/users\/1"}],"replies":[{"embeddable":true,"href":"https:\/\/www.eldiario.net\/portal\/wp-json\/wp\/v2\/comments?post=40181"}],"version-history":[{"count":0,"href":"https:\/\/www.eldiario.net\/portal\/wp-json\/wp\/v2\/posts\/40181\/revisions"}],"wp:featuredmedia":[{"embeddable":true,"href":"https:\/\/www.eldiario.net\/portal\/wp-json\/wp\/v2\/media\/40182"}],"wp:attachment":[{"href":"https:\/\/www.eldiario.net\/portal\/wp-json\/wp\/v2\/media?parent=40181"}],"wp:term":[{"taxonomy":"category","embeddable":true,"href":"https:\/\/www.eldiario.net\/portal\/wp-json\/wp\/v2\/categories?post=40181"},{"taxonomy":"post_tag","embeddable":true,"href":"https:\/\/www.eldiario.net\/portal\/wp-json\/wp\/v2\/tags?post=40181"}],"curies":[{"name":"wp","href":"https:\/\/api.w.org\/{rel}","templated":true}]}}