{"id":40177,"date":"2021-11-01T05:36:40","date_gmt":"2021-11-01T09:36:40","guid":{"rendered":"https:\/\/www.eldiario.net\/portal\/?p=40177"},"modified":"2021-11-01T05:36:40","modified_gmt":"2021-11-01T09:36:40","slug":"cuestionan-alertas-migratorias-por-no-estar-enmarcadas-en-cpe","status":"publish","type":"post","link":"https:\/\/www.eldiario.net\/portal\/2021\/11\/01\/cuestionan-alertas-migratorias-por-no-estar-enmarcadas-en-cpe\/","title":{"rendered":"Cuestionan alertas migratorias  por no estar enmarcadas en CPE"},"content":{"rendered":"<p>El senador Erick Mor\u00f3n (Creemos) cuestion\u00f3 que el Gobierno mantenga en vigencia la figura de las alertas migratorias, en coordinaci\u00f3n con la Fiscal\u00eda General del Estado (FGE), por estar en contra de la Constituci\u00f3n Pol\u00edtica del Estado (CPE), que garantiza la libre movilidad de los ciudadanos.<br \/>\nSe\u00f1al\u00f3 que en la actualidad se contin\u00faa aplicando, de forma ilegal, la figura de alerta migratoria, que no est\u00e1 contemplada en la Constituci\u00f3n Pol\u00edtica del Estado (CPE) ni otras normativas vigentes en la legislaci\u00f3n boliviana.<br \/>\n\u201cEs una ilegalidad que se est\u00e1 cometiendo desde el gobierno de transici\u00f3n hasta la fecha, es una herencia maldita que estamos teniendo los bolivianos que es el tema de las alertas migratorias\u201d, indic\u00f3 el legislador.<br \/>\nSostuvo que esta figura procede de un convenio gestionado por el exministro de Gobierno, Arturo Murillo, y la Fiscal\u00eda General del Estado (FGE), que en su momento fue denunciada por el Movimiento al Socialismo (MAS) y que ahora contin\u00faa siendo aplicada de forma irregular.<br \/>\n\u201cEl Ministro de Gobierno, quien en el pasado denunci\u00f3 y se quej\u00f3 de que las alertas migratorias estaban fuera de la ley, lamentablemente ahora se queda en silencio y, m\u00e1s a\u00fan, se mantiene la disposici\u00f3n que ellos mismos denunciaron\u201d, dijo.<br \/>\nMor\u00f3n advirti\u00f3 que con este tipo de recursos se mantiene a la poblaci\u00f3n en estado de indefensi\u00f3n, en lo relacionado a la movilidad, pues son los jueces los encargados de determinar que ciudadanos no pueden movilizarse, por tener procesos pendientes.<br \/>\n\u201cLa alerta migratoria es una figura que se usa y puede ser instrumentalizada para la persecuci\u00f3n de cualquier ciudadano boliviano, sin haber pasado por un juez que emita una orden de arraigo\u201d, indic\u00f3.<br \/>\nAnunci\u00f3, adem\u00e1s, que en su calidad de asamble\u00edsta nacional present\u00f3 una petici\u00f3n de informe escrito al Ministerio P\u00fablico y al Ministerio de Gobierno, con la finalidad de que estas instancias expliquen por qu\u00e9 se contin\u00faa usando esta figura sin que este contemplada en la CPE.<br \/>\nUna alerta migratoria, te\u00f3ricamente, es una medida precautoria que ordena a los funcionarios encargados de cuidar las fronteras, que se incremente la vigilancia y que no se permita la salida o el ingreso de una persona imputada contra la cual se activ\u00f3 la alerta.<br \/>\nSin embargo, si una persona est\u00e1 siendo perseguida y acosada pol\u00edticamente sin que se le haya podido probar ning\u00fan delito, la alerta migratoria estar\u00eda violando su derecho a la libre circulaci\u00f3n, que incluye la salida e ingreso al pa\u00eds y que est\u00e1 establecido en el art\u00edculo 21 de la Constituci\u00f3n Pol\u00edtica del Estado (CPE).<br \/>\nEl fiscal general del Estado, Juan Lanchipa, entonces ministro de Gobierno, Arturo Murillo, y el ex director general de Migraci\u00f3n, Marcel Rivas, en enero de 2020, suscribieron un convenio interinstitucional de cooperaci\u00f3n, que puso en vigencia mecanismos de acceso a informaci\u00f3n del Flujo Migratorio de la Direcci\u00f3n General de Migraci\u00f3n, con datos del Sistema Inform\u00e1tico Justicia Libre de la Fiscal\u00eda, para que se tenga informaci\u00f3n respecto a los mandamientos de aprehensi\u00f3n y arraigos de determinados ciudadanos.<\/p>\n","protected":false},"excerpt":{"rendered":"<p>El senador Erick Mor\u00f3n (Creemos) cuestion\u00f3 que el Gobierno mantenga en vigencia la figura de las alertas migratorias, en coordinaci\u00f3n con la Fiscal\u00eda General del Estado (FGE), por estar en contra de la Constituci\u00f3n Pol\u00edtica del Estado (CPE), que garantiza la libre movilidad de los ciudadanos. Se\u00f1al\u00f3 que en la actualidad se contin\u00faa aplicando, de [&hellip;]<\/p>\n","protected":false},"author":1,"featured_media":40178,"comment_status":"closed","ping_status":"closed","sticky":false,"template":"","format":"standard","meta":{"_acf_changed":false,"footnotes":""},"categories":[14],"tags":[],"class_list":["post-40177","post","type-post","status-publish","format-standard","has-post-thumbnail","category-politica"],"acf":{"antetitulo":""},"yoast_head":"<!-- This site is optimized with the Yoast SEO plugin v28.4 - https:\/\/yoast.com\/product\/yoast-seo-wordpress\/ -->\n<title>Cuestionan alertas migratorias por no estar enmarcadas en CPE - El Diario - Bolivia<\/title>\n<meta name=\"robots\" content=\"index, follow, max-snippet:-1, max-image-preview:large, max-video-preview:-1\" \/>\n<link rel=\"canonical\" href=\"https:\/\/www.eldiario.net\/portal\/2021\/11\/01\/cuestionan-alertas-migratorias-por-no-estar-enmarcadas-en-cpe\/\" \/>\n<meta property=\"og:locale\" content=\"es_ES\" \/>\n<meta property=\"og:type\" content=\"article\" \/>\n<meta property=\"og:title\" content=\"Cuestionan alertas migratorias por no estar enmarcadas en CPE - El Diario - Bolivia\" \/>\n<meta property=\"og:description\" content=\"El senador Erick Mor\u00f3n (Creemos) cuestion\u00f3 que el Gobierno mantenga en vigencia la figura de las alertas migratorias, en coordinaci\u00f3n con la Fiscal\u00eda General del Estado (FGE), por estar en contra de la Constituci\u00f3n Pol\u00edtica del Estado (CPE), que garantiza la libre movilidad de los ciudadanos. Se\u00f1al\u00f3 que en la actualidad se contin\u00faa aplicando, de [&hellip;]\" \/>\n<meta property=\"og:url\" content=\"https:\/\/www.eldiario.net\/portal\/2021\/11\/01\/cuestionan-alertas-migratorias-por-no-estar-enmarcadas-en-cpe\/\" \/>\n<meta property=\"og:site_name\" content=\"El Diario - Bolivia\" \/>\n<meta property=\"article:publisher\" content=\"https:\/\/www.facebook.com\/eldiario.bolivia\/\" \/>\n<meta property=\"article:published_time\" content=\"2021-11-01T09:36:40+00:00\" \/>\n<meta name=\"author\" content=\"Jeanette\" \/>\n<meta name=\"twitter:card\" content=\"summary_large_image\" \/>\n<meta name=\"twitter:creator\" content=\"@eldiario_net\" \/>\n<meta name=\"twitter:site\" content=\"@eldiario_net\" \/>\n<meta name=\"twitter:label1\" content=\"Escrito por\" \/>\n\t<meta name=\"twitter:data1\" content=\"Jeanette\" \/>\n\t<meta name=\"twitter:label2\" content=\"Tiempo de lectura\" \/>\n\t<meta name=\"twitter:data2\" content=\"3 minutos\" \/>\n<script type=\"application\/ld+json\" class=\"yoast-schema-graph\">{\"@context\":\"https:\\\/\\\/schema.org\",\"@graph\":[{\"@type\":\"Article\",\"@id\":\"https:\\\/\\\/www.eldiario.net\\\/portal\\\/2021\\\/11\\\/01\\\/cuestionan-alertas-migratorias-por-no-estar-enmarcadas-en-cpe\\\/#article\",\"isPartOf\":{\"@id\":\"https:\\\/\\\/www.eldiario.net\\\/portal\\\/2021\\\/11\\\/01\\\/cuestionan-alertas-migratorias-por-no-estar-enmarcadas-en-cpe\\\/\"},\"author\":{\"name\":\"Jeanette\",\"@id\":\"https:\\\/\\\/www.eldiario.net\\\/portal\\\/#\\\/schema\\\/person\\\/f46445640444750d7d753ccd04ae01b7\"},\"headline\":\"Cuestionan alertas migratorias por no estar enmarcadas en CPE\",\"datePublished\":\"2021-11-01T09:36:40+00:00\",\"mainEntityOfPage\":{\"@id\":\"https:\\\/\\\/www.eldiario.net\\\/portal\\\/2021\\\/11\\\/01\\\/cuestionan-alertas-migratorias-por-no-estar-enmarcadas-en-cpe\\\/\"},\"wordCount\":542,\"publisher\":{\"@id\":\"https:\\\/\\\/www.eldiario.net\\\/portal\\\/#organization\"},\"image\":{\"@id\":\"https:\\\/\\\/www.eldiario.net\\\/portal\\\/2021\\\/11\\\/01\\\/cuestionan-alertas-migratorias-por-no-estar-enmarcadas-en-cpe\\\/#primaryimage\"},\"thumbnailUrl\":\"\",\"articleSection\":[\"Pol\u00edtica\"],\"inLanguage\":\"es\"},{\"@type\":\"WebPage\",\"@id\":\"https:\\\/\\\/www.eldiario.net\\\/portal\\\/2021\\\/11\\\/01\\\/cuestionan-alertas-migratorias-por-no-estar-enmarcadas-en-cpe\\\/\",\"url\":\"https:\\\/\\\/www.eldiario.net\\\/portal\\\/2021\\\/11\\\/01\\\/cuestionan-alertas-migratorias-por-no-estar-enmarcadas-en-cpe\\\/\",\"name\":\"Cuestionan alertas migratorias por no estar enmarcadas en CPE - El Diario - Bolivia\",\"isPartOf\":{\"@id\":\"https:\\\/\\\/www.eldiario.net\\\/portal\\\/#website\"},\"primaryImageOfPage\":{\"@id\":\"https:\\\/\\\/www.eldiario.net\\\/portal\\\/2021\\\/11\\\/01\\\/cuestionan-alertas-migratorias-por-no-estar-enmarcadas-en-cpe\\\/#primaryimage\"},\"image\":{\"@id\":\"https:\\\/\\\/www.eldiario.net\\\/portal\\\/2021\\\/11\\\/01\\\/cuestionan-alertas-migratorias-por-no-estar-enmarcadas-en-cpe\\\/#primaryimage\"},\"thumbnailUrl\":\"\",\"datePublished\":\"2021-11-01T09:36:40+00:00\",\"breadcrumb\":{\"@id\":\"https:\\\/\\\/www.eldiario.net\\\/portal\\\/2021\\\/11\\\/01\\\/cuestionan-alertas-migratorias-por-no-estar-enmarcadas-en-cpe\\\/#breadcrumb\"},\"inLanguage\":\"es\",\"potentialAction\":[{\"@type\":\"ReadAction\",\"target\":[\"https:\\\/\\\/www.eldiario.net\\\/portal\\\/2021\\\/11\\\/01\\\/cuestionan-alertas-migratorias-por-no-estar-enmarcadas-en-cpe\\\/\"]}]},{\"@type\":\"ImageObject\",\"inLanguage\":\"es\",\"@id\":\"https:\\\/\\\/www.eldiario.net\\\/portal\\\/2021\\\/11\\\/01\\\/cuestionan-alertas-migratorias-por-no-estar-enmarcadas-en-cpe\\\/#primaryimage\",\"url\":\"\",\"contentUrl\":\"\"},{\"@type\":\"BreadcrumbList\",\"@id\":\"https:\\\/\\\/www.eldiario.net\\\/portal\\\/2021\\\/11\\\/01\\\/cuestionan-alertas-migratorias-por-no-estar-enmarcadas-en-cpe\\\/#breadcrumb\",\"itemListElement\":[{\"@type\":\"ListItem\",\"position\":1,\"name\":\"Portada\",\"item\":\"https:\\\/\\\/www.eldiario.net\\\/portal\\\/\"},{\"@type\":\"ListItem\",\"position\":2,\"name\":\"Cuestionan alertas migratorias por no estar enmarcadas en CPE\"}]},{\"@type\":\"WebSite\",\"@id\":\"https:\\\/\\\/www.eldiario.net\\\/portal\\\/#website\",\"url\":\"https:\\\/\\\/www.eldiario.net\\\/portal\\\/\",\"name\":\"El Diario - Decano de la prensa nacional\",\"description\":\"El Diario - Decano de la prensa nacional\",\"publisher\":{\"@id\":\"https:\\\/\\\/www.eldiario.net\\\/portal\\\/#organization\"},\"potentialAction\":[{\"@type\":\"SearchAction\",\"target\":{\"@type\":\"EntryPoint\",\"urlTemplate\":\"https:\\\/\\\/www.eldiario.net\\\/portal\\\/?s={search_term_string}\"},\"query-input\":{\"@type\":\"PropertyValueSpecification\",\"valueRequired\":true,\"valueName\":\"search_term_string\"}}],\"inLanguage\":\"es\"},{\"@type\":\"Organization\",\"@id\":\"https:\\\/\\\/www.eldiario.net\\\/portal\\\/#organization\",\"name\":\"El Diario - Decano de la prensa nacional\",\"url\":\"https:\\\/\\\/www.eldiario.net\\\/portal\\\/\",\"logo\":{\"@type\":\"ImageObject\",\"inLanguage\":\"es\",\"@id\":\"https:\\\/\\\/www.eldiario.net\\\/portal\\\/#\\\/schema\\\/logo\\\/image\\\/\",\"url\":\"https:\\\/\\\/www.eldiario.net\\\/portal\\\/wp-content\\\/uploads\\\/2023\\\/07\\\/logo_ED.jpg\",\"contentUrl\":\"https:\\\/\\\/www.eldiario.net\\\/portal\\\/wp-content\\\/uploads\\\/2023\\\/07\\\/logo_ED.jpg\",\"width\":272,\"height\":52,\"caption\":\"El Diario - Decano de la prensa nacional\"},\"image\":{\"@id\":\"https:\\\/\\\/www.eldiario.net\\\/portal\\\/#\\\/schema\\\/logo\\\/image\\\/\"},\"sameAs\":[\"https:\\\/\\\/www.facebook.com\\\/eldiario.bolivia\\\/\",\"https:\\\/\\\/x.com\\\/eldiario_net\"]},{\"@type\":\"Person\",\"@id\":\"https:\\\/\\\/www.eldiario.net\\\/portal\\\/#\\\/schema\\\/person\\\/f46445640444750d7d753ccd04ae01b7\",\"name\":\"Jeanette\",\"image\":{\"@type\":\"ImageObject\",\"inLanguage\":\"es\",\"@id\":\"https:\\\/\\\/secure.gravatar.com\\\/avatar\\\/3ea2118a5f7dad2b7138b1187a6b7ee55f160b9968b66013c3a3ef39dd7e5798?s=96&d=mm&r=g\",\"url\":\"https:\\\/\\\/secure.gravatar.com\\\/avatar\\\/3ea2118a5f7dad2b7138b1187a6b7ee55f160b9968b66013c3a3ef39dd7e5798?s=96&d=mm&r=g\",\"contentUrl\":\"https:\\\/\\\/secure.gravatar.com\\\/avatar\\\/3ea2118a5f7dad2b7138b1187a6b7ee55f160b9968b66013c3a3ef39dd7e5798?s=96&d=mm&r=g\",\"caption\":\"Jeanette\"},\"sameAs\":[\"https:\\\/\\\/www.eldiario.net\\\/portal\"],\"url\":\"https:\\\/\\\/www.eldiario.net\\\/portal\\\/author\\\/jeanette\\\/\"}]}<\/script>\n<!-- \/ Yoast SEO plugin. -->","yoast_head_json":{"title":"Cuestionan alertas migratorias por no estar enmarcadas en CPE - El Diario - Bolivia","robots":{"index":"index","follow":"follow","max-snippet":"max-snippet:-1","max-image-preview":"max-image-preview:large","max-video-preview":"max-video-preview:-1"},"canonical":"https:\/\/www.eldiario.net\/portal\/2021\/11\/01\/cuestionan-alertas-migratorias-por-no-estar-enmarcadas-en-cpe\/","og_locale":"es_ES","og_type":"article","og_title":"Cuestionan alertas migratorias por no estar enmarcadas en CPE - El Diario - Bolivia","og_description":"El senador Erick Mor\u00f3n (Creemos) cuestion\u00f3 que el Gobierno mantenga en vigencia la figura de las alertas migratorias, en coordinaci\u00f3n con la Fiscal\u00eda General del Estado (FGE), por estar en contra de la Constituci\u00f3n Pol\u00edtica del Estado (CPE), que garantiza la libre movilidad de los ciudadanos. Se\u00f1al\u00f3 que en la actualidad se contin\u00faa aplicando, de [&hellip;]","og_url":"https:\/\/www.eldiario.net\/portal\/2021\/11\/01\/cuestionan-alertas-migratorias-por-no-estar-enmarcadas-en-cpe\/","og_site_name":"El Diario - Bolivia","article_publisher":"https:\/\/www.facebook.com\/eldiario.bolivia\/","article_published_time":"2021-11-01T09:36:40+00:00","author":"Jeanette","twitter_card":"summary_large_image","twitter_creator":"@eldiario_net","twitter_site":"@eldiario_net","twitter_misc":{"Escrito por":"Jeanette","Tiempo de lectura":"3 minutos"},"schema":{"@context":"https:\/\/schema.org","@graph":[{"@type":"Article","@id":"https:\/\/www.eldiario.net\/portal\/2021\/11\/01\/cuestionan-alertas-migratorias-por-no-estar-enmarcadas-en-cpe\/#article","isPartOf":{"@id":"https:\/\/www.eldiario.net\/portal\/2021\/11\/01\/cuestionan-alertas-migratorias-por-no-estar-enmarcadas-en-cpe\/"},"author":{"name":"Jeanette","@id":"https:\/\/www.eldiario.net\/portal\/#\/schema\/person\/f46445640444750d7d753ccd04ae01b7"},"headline":"Cuestionan alertas migratorias por no estar enmarcadas en CPE","datePublished":"2021-11-01T09:36:40+00:00","mainEntityOfPage":{"@id":"https:\/\/www.eldiario.net\/portal\/2021\/11\/01\/cuestionan-alertas-migratorias-por-no-estar-enmarcadas-en-cpe\/"},"wordCount":542,"publisher":{"@id":"https:\/\/www.eldiario.net\/portal\/#organization"},"image":{"@id":"https:\/\/www.eldiario.net\/portal\/2021\/11\/01\/cuestionan-alertas-migratorias-por-no-estar-enmarcadas-en-cpe\/#primaryimage"},"thumbnailUrl":"","articleSection":["Pol\u00edtica"],"inLanguage":"es"},{"@type":"WebPage","@id":"https:\/\/www.eldiario.net\/portal\/2021\/11\/01\/cuestionan-alertas-migratorias-por-no-estar-enmarcadas-en-cpe\/","url":"https:\/\/www.eldiario.net\/portal\/2021\/11\/01\/cuestionan-alertas-migratorias-por-no-estar-enmarcadas-en-cpe\/","name":"Cuestionan alertas migratorias por no estar enmarcadas en CPE - El Diario - Bolivia","isPartOf":{"@id":"https:\/\/www.eldiario.net\/portal\/#website"},"primaryImageOfPage":{"@id":"https:\/\/www.eldiario.net\/portal\/2021\/11\/01\/cuestionan-alertas-migratorias-por-no-estar-enmarcadas-en-cpe\/#primaryimage"},"image":{"@id":"https:\/\/www.eldiario.net\/portal\/2021\/11\/01\/cuestionan-alertas-migratorias-por-no-estar-enmarcadas-en-cpe\/#primaryimage"},"thumbnailUrl":"","datePublished":"2021-11-01T09:36:40+00:00","breadcrumb":{"@id":"https:\/\/www.eldiario.net\/portal\/2021\/11\/01\/cuestionan-alertas-migratorias-por-no-estar-enmarcadas-en-cpe\/#breadcrumb"},"inLanguage":"es","potentialAction":[{"@type":"ReadAction","target":["https:\/\/www.eldiario.net\/portal\/2021\/11\/01\/cuestionan-alertas-migratorias-por-no-estar-enmarcadas-en-cpe\/"]}]},{"@type":"ImageObject","inLanguage":"es","@id":"https:\/\/www.eldiario.net\/portal\/2021\/11\/01\/cuestionan-alertas-migratorias-por-no-estar-enmarcadas-en-cpe\/#primaryimage","url":"","contentUrl":""},{"@type":"BreadcrumbList","@id":"https:\/\/www.eldiario.net\/portal\/2021\/11\/01\/cuestionan-alertas-migratorias-por-no-estar-enmarcadas-en-cpe\/#breadcrumb","itemListElement":[{"@type":"ListItem","position":1,"name":"Portada","item":"https:\/\/www.eldiario.net\/portal\/"},{"@type":"ListItem","position":2,"name":"Cuestionan alertas migratorias por no estar enmarcadas en CPE"}]},{"@type":"WebSite","@id":"https:\/\/www.eldiario.net\/portal\/#website","url":"https:\/\/www.eldiario.net\/portal\/","name":"El Diario - Decano de la prensa nacional","description":"El Diario - Decano de la prensa nacional","publisher":{"@id":"https:\/\/www.eldiario.net\/portal\/#organization"},"potentialAction":[{"@type":"SearchAction","target":{"@type":"EntryPoint","urlTemplate":"https:\/\/www.eldiario.net\/portal\/?s={search_term_string}"},"query-input":{"@type":"PropertyValueSpecification","valueRequired":true,"valueName":"search_term_string"}}],"inLanguage":"es"},{"@type":"Organization","@id":"https:\/\/www.eldiario.net\/portal\/#organization","name":"El Diario - Decano de la prensa nacional","url":"https:\/\/www.eldiario.net\/portal\/","logo":{"@type":"ImageObject","inLanguage":"es","@id":"https:\/\/www.eldiario.net\/portal\/#\/schema\/logo\/image\/","url":"https:\/\/www.eldiario.net\/portal\/wp-content\/uploads\/2023\/07\/logo_ED.jpg","contentUrl":"https:\/\/www.eldiario.net\/portal\/wp-content\/uploads\/2023\/07\/logo_ED.jpg","width":272,"height":52,"caption":"El Diario - Decano de la prensa nacional"},"image":{"@id":"https:\/\/www.eldiario.net\/portal\/#\/schema\/logo\/image\/"},"sameAs":["https:\/\/www.facebook.com\/eldiario.bolivia\/","https:\/\/x.com\/eldiario_net"]},{"@type":"Person","@id":"https:\/\/www.eldiario.net\/portal\/#\/schema\/person\/f46445640444750d7d753ccd04ae01b7","name":"Jeanette","image":{"@type":"ImageObject","inLanguage":"es","@id":"https:\/\/secure.gravatar.com\/avatar\/3ea2118a5f7dad2b7138b1187a6b7ee55f160b9968b66013c3a3ef39dd7e5798?s=96&d=mm&r=g","url":"https:\/\/secure.gravatar.com\/avatar\/3ea2118a5f7dad2b7138b1187a6b7ee55f160b9968b66013c3a3ef39dd7e5798?s=96&d=mm&r=g","contentUrl":"https:\/\/secure.gravatar.com\/avatar\/3ea2118a5f7dad2b7138b1187a6b7ee55f160b9968b66013c3a3ef39dd7e5798?s=96&d=mm&r=g","caption":"Jeanette"},"sameAs":["https:\/\/www.eldiario.net\/portal"],"url":"https:\/\/www.eldiario.net\/portal\/author\/jeanette\/"}]}},"_links":{"self":[{"href":"https:\/\/www.eldiario.net\/portal\/wp-json\/wp\/v2\/posts\/40177","targetHints":{"allow":["GET"]}}],"collection":[{"href":"https:\/\/www.eldiario.net\/portal\/wp-json\/wp\/v2\/posts"}],"about":[{"href":"https:\/\/www.eldiario.net\/portal\/wp-json\/wp\/v2\/types\/post"}],"author":[{"embeddable":true,"href":"https:\/\/www.eldiario.net\/portal\/wp-json\/wp\/v2\/users\/1"}],"replies":[{"embeddable":true,"href":"https:\/\/www.eldiario.net\/portal\/wp-json\/wp\/v2\/comments?post=40177"}],"version-history":[{"count":0,"href":"https:\/\/www.eldiario.net\/portal\/wp-json\/wp\/v2\/posts\/40177\/revisions"}],"wp:attachment":[{"href":"https:\/\/www.eldiario.net\/portal\/wp-json\/wp\/v2\/media?parent=40177"}],"wp:term":[{"taxonomy":"category","embeddable":true,"href":"https:\/\/www.eldiario.net\/portal\/wp-json\/wp\/v2\/categories?post=40177"},{"taxonomy":"post_tag","embeddable":true,"href":"https:\/\/www.eldiario.net\/portal\/wp-json\/wp\/v2\/tags?post=40177"}],"curies":[{"name":"wp","href":"https:\/\/api.w.org\/{rel}","templated":true}]}}