{"id":40171,"date":"2021-11-01T05:34:56","date_gmt":"2021-11-01T09:34:56","guid":{"rendered":"https:\/\/www.eldiario.net\/portal\/?p=40171"},"modified":"2021-11-01T05:34:56","modified_gmt":"2021-11-01T09:34:56","slug":"poblacion-debe-estar-en-alerta-por-tratamiento-de-ley-342-en-senado","status":"publish","type":"post","link":"https:\/\/www.eldiario.net\/portal\/2021\/11\/01\/poblacion-debe-estar-en-alerta-por-tratamiento-de-ley-342-en-senado\/","title":{"rendered":"Poblaci\u00f3n debe estar en alerta por  tratamiento de Ley 342 en Senado"},"content":{"rendered":"<p>El senador Rodrigo Paz Pereira (CC) llam\u00f3 a la poblaci\u00f3n a estar en alerta ante el tratamiento del proyecto de ley 342 del Plan de Desarrollo Econ\u00f3mico 2021-2025, que ser\u00e1 considerado el 1 de noviembre pr\u00f3ximo por la C\u00e1mara de Senadores.<br \/>\nSe\u00f1al\u00f3 que el cuestionado proyecto de norma intenta imponer la visi\u00f3n del Gobierno en la administraci\u00f3n de recursos en gobernaciones, alcald\u00edas y en otras instancias civiles.<br \/>\n\u201cEsta ley impone la visi\u00f3n del Gobierno a las administraciones regionales, sin haber consensuado con ning\u00fan departamento ni municipio una sola l\u00ednea de la propuesta normativa. No socializ\u00f3 la norma con los sectores sociales, gremiales, constructores ni trasportistas\u201d, dijo.<br \/>\nEl legislador lament\u00f3 exista prisa por la aprobaci\u00f3n de esta norma, sin que se haya concertado con representantes de las gobernaciones y municipios, antes de imponer que los presupuestos vayan con la \u201cvisi\u00f3n \u00fanica\u201d del oficialismo.<br \/>\nEn este sentido, exhort\u00f3 a la poblaci\u00f3n a informarse y exigir a sus representantes en la Asamblea Legislativa que prioricen las medidas en apoyo a la ciudadan\u00eda y no a una agrupaci\u00f3n pol\u00edtica.<br \/>\n\u201cPidan explicaciones, si van a votar por las autonom\u00edas de los municipios y sectores sociales o van a respaldar a un gobierno que, sin importar que sea de izquierda o de derecha es abusivo, porque no consensua e impone leyes para controlar las gobernaciones, municipios y al ciudadano\u201d, indic\u00f3 Paz.<br \/>\nEste proyecto \u2013dijo\u2013 trastoca las competencias auton\u00f3micas, por no haberse socializado con las alcald\u00edas, gobernaciones, universidades y otras entidades territoriales.<br \/>\nCuestion\u00f3 que en los reportes sobre socializaci\u00f3n de esta norma, se mencione a las cumbres organizadas por el Gobierno en cada departamento, cuando \u00e9stas se llevan adelante solo con sectores afines al oficialismo.<br \/>\nTras la sesi\u00f3n de la C\u00e1mara de Diputados en la que se trat\u00f3 este proyecto de norma, el diputado oficialista y presidente de la Comisi\u00f3n de Planificaci\u00f3n, Pol\u00edtica Econ\u00f3mica y Finanzas, Omar Yujra, manifest\u00f3 que la ley busca establecer un enfoque pol\u00edtico de la planificaci\u00f3n para el desarrollo para los pr\u00f3ximos cinco a\u00f1os.<br \/>\n\u201cEstamos hablando de 33.197 millones de d\u00f3lares de inversi\u00f3n que vamos a hacer los pr\u00f3ximos cinco a\u00f1os en el \u00e1rea productiva, infraestructura y social, principalmente educaci\u00f3n y salud. La ley que tratamos emergi\u00f3 de las nueve cumbres departamentales y una cumbre nacional\u201d, sostuvo.<\/p>\n","protected":false},"excerpt":{"rendered":"<p>El senador Rodrigo Paz Pereira (CC) llam\u00f3 a la poblaci\u00f3n a estar en alerta ante el tratamiento del proyecto de ley 342 del Plan de Desarrollo Econ\u00f3mico 2021-2025, que ser\u00e1 considerado el 1 de noviembre pr\u00f3ximo por la C\u00e1mara de Senadores. Se\u00f1al\u00f3 que el cuestionado proyecto de norma intenta imponer la visi\u00f3n del Gobierno en [&hellip;]<\/p>\n","protected":false},"author":1,"featured_media":40172,"comment_status":"closed","ping_status":"closed","sticky":false,"template":"","format":"standard","meta":{"_acf_changed":false,"footnotes":""},"categories":[14],"tags":[],"class_list":["post-40171","post","type-post","status-publish","format-standard","has-post-thumbnail","category-politica"],"acf":{"antetitulo":""},"yoast_head":"<!-- This site is optimized with the Yoast SEO plugin v28.4 - https:\/\/yoast.com\/product\/yoast-seo-wordpress\/ -->\n<title>Poblaci\u00f3n debe estar en alerta por tratamiento de Ley 342 en Senado - El Diario - Bolivia<\/title>\n<meta name=\"robots\" content=\"index, follow, max-snippet:-1, max-image-preview:large, max-video-preview:-1\" \/>\n<link rel=\"canonical\" href=\"https:\/\/www.eldiario.net\/portal\/2021\/11\/01\/poblacion-debe-estar-en-alerta-por-tratamiento-de-ley-342-en-senado\/\" \/>\n<meta property=\"og:locale\" content=\"es_ES\" \/>\n<meta property=\"og:type\" content=\"article\" \/>\n<meta property=\"og:title\" content=\"Poblaci\u00f3n debe estar en alerta por tratamiento de Ley 342 en Senado - El Diario - Bolivia\" \/>\n<meta property=\"og:description\" content=\"El senador Rodrigo Paz Pereira (CC) llam\u00f3 a la poblaci\u00f3n a estar en alerta ante el tratamiento del proyecto de ley 342 del Plan de Desarrollo Econ\u00f3mico 2021-2025, que ser\u00e1 considerado el 1 de noviembre pr\u00f3ximo por la C\u00e1mara de Senadores. Se\u00f1al\u00f3 que el cuestionado proyecto de norma intenta imponer la visi\u00f3n del Gobierno en [&hellip;]\" \/>\n<meta property=\"og:url\" content=\"https:\/\/www.eldiario.net\/portal\/2021\/11\/01\/poblacion-debe-estar-en-alerta-por-tratamiento-de-ley-342-en-senado\/\" \/>\n<meta property=\"og:site_name\" content=\"El Diario - Bolivia\" \/>\n<meta property=\"article:publisher\" content=\"https:\/\/www.facebook.com\/eldiario.bolivia\/\" \/>\n<meta property=\"article:published_time\" content=\"2021-11-01T09:34:56+00:00\" \/>\n<meta name=\"author\" content=\"Jeanette\" \/>\n<meta name=\"twitter:card\" content=\"summary_large_image\" \/>\n<meta name=\"twitter:creator\" content=\"@eldiario_net\" \/>\n<meta name=\"twitter:site\" content=\"@eldiario_net\" \/>\n<meta name=\"twitter:label1\" content=\"Escrito por\" \/>\n\t<meta name=\"twitter:data1\" content=\"Jeanette\" \/>\n\t<meta name=\"twitter:label2\" content=\"Tiempo de lectura\" \/>\n\t<meta name=\"twitter:data2\" content=\"2 minutos\" \/>\n<script type=\"application\/ld+json\" class=\"yoast-schema-graph\">{\"@context\":\"https:\\\/\\\/schema.org\",\"@graph\":[{\"@type\":\"Article\",\"@id\":\"https:\\\/\\\/www.eldiario.net\\\/portal\\\/2021\\\/11\\\/01\\\/poblacion-debe-estar-en-alerta-por-tratamiento-de-ley-342-en-senado\\\/#article\",\"isPartOf\":{\"@id\":\"https:\\\/\\\/www.eldiario.net\\\/portal\\\/2021\\\/11\\\/01\\\/poblacion-debe-estar-en-alerta-por-tratamiento-de-ley-342-en-senado\\\/\"},\"author\":{\"name\":\"Jeanette\",\"@id\":\"https:\\\/\\\/www.eldiario.net\\\/portal\\\/#\\\/schema\\\/person\\\/f46445640444750d7d753ccd04ae01b7\"},\"headline\":\"Poblaci\u00f3n debe estar en alerta por tratamiento de Ley 342 en Senado\",\"datePublished\":\"2021-11-01T09:34:56+00:00\",\"mainEntityOfPage\":{\"@id\":\"https:\\\/\\\/www.eldiario.net\\\/portal\\\/2021\\\/11\\\/01\\\/poblacion-debe-estar-en-alerta-por-tratamiento-de-ley-342-en-senado\\\/\"},\"wordCount\":419,\"publisher\":{\"@id\":\"https:\\\/\\\/www.eldiario.net\\\/portal\\\/#organization\"},\"image\":{\"@id\":\"https:\\\/\\\/www.eldiario.net\\\/portal\\\/2021\\\/11\\\/01\\\/poblacion-debe-estar-en-alerta-por-tratamiento-de-ley-342-en-senado\\\/#primaryimage\"},\"thumbnailUrl\":\"\",\"articleSection\":[\"Pol\u00edtica\"],\"inLanguage\":\"es\"},{\"@type\":\"WebPage\",\"@id\":\"https:\\\/\\\/www.eldiario.net\\\/portal\\\/2021\\\/11\\\/01\\\/poblacion-debe-estar-en-alerta-por-tratamiento-de-ley-342-en-senado\\\/\",\"url\":\"https:\\\/\\\/www.eldiario.net\\\/portal\\\/2021\\\/11\\\/01\\\/poblacion-debe-estar-en-alerta-por-tratamiento-de-ley-342-en-senado\\\/\",\"name\":\"Poblaci\u00f3n debe estar en alerta por tratamiento de Ley 342 en Senado - El Diario - Bolivia\",\"isPartOf\":{\"@id\":\"https:\\\/\\\/www.eldiario.net\\\/portal\\\/#website\"},\"primaryImageOfPage\":{\"@id\":\"https:\\\/\\\/www.eldiario.net\\\/portal\\\/2021\\\/11\\\/01\\\/poblacion-debe-estar-en-alerta-por-tratamiento-de-ley-342-en-senado\\\/#primaryimage\"},\"image\":{\"@id\":\"https:\\\/\\\/www.eldiario.net\\\/portal\\\/2021\\\/11\\\/01\\\/poblacion-debe-estar-en-alerta-por-tratamiento-de-ley-342-en-senado\\\/#primaryimage\"},\"thumbnailUrl\":\"\",\"datePublished\":\"2021-11-01T09:34:56+00:00\",\"breadcrumb\":{\"@id\":\"https:\\\/\\\/www.eldiario.net\\\/portal\\\/2021\\\/11\\\/01\\\/poblacion-debe-estar-en-alerta-por-tratamiento-de-ley-342-en-senado\\\/#breadcrumb\"},\"inLanguage\":\"es\",\"potentialAction\":[{\"@type\":\"ReadAction\",\"target\":[\"https:\\\/\\\/www.eldiario.net\\\/portal\\\/2021\\\/11\\\/01\\\/poblacion-debe-estar-en-alerta-por-tratamiento-de-ley-342-en-senado\\\/\"]}]},{\"@type\":\"ImageObject\",\"inLanguage\":\"es\",\"@id\":\"https:\\\/\\\/www.eldiario.net\\\/portal\\\/2021\\\/11\\\/01\\\/poblacion-debe-estar-en-alerta-por-tratamiento-de-ley-342-en-senado\\\/#primaryimage\",\"url\":\"\",\"contentUrl\":\"\"},{\"@type\":\"BreadcrumbList\",\"@id\":\"https:\\\/\\\/www.eldiario.net\\\/portal\\\/2021\\\/11\\\/01\\\/poblacion-debe-estar-en-alerta-por-tratamiento-de-ley-342-en-senado\\\/#breadcrumb\",\"itemListElement\":[{\"@type\":\"ListItem\",\"position\":1,\"name\":\"Portada\",\"item\":\"https:\\\/\\\/www.eldiario.net\\\/portal\\\/\"},{\"@type\":\"ListItem\",\"position\":2,\"name\":\"Poblaci\u00f3n debe estar en alerta por tratamiento de Ley 342 en Senado\"}]},{\"@type\":\"WebSite\",\"@id\":\"https:\\\/\\\/www.eldiario.net\\\/portal\\\/#website\",\"url\":\"https:\\\/\\\/www.eldiario.net\\\/portal\\\/\",\"name\":\"El Diario - Decano de la prensa nacional\",\"description\":\"El Diario - Decano de la prensa nacional\",\"publisher\":{\"@id\":\"https:\\\/\\\/www.eldiario.net\\\/portal\\\/#organization\"},\"potentialAction\":[{\"@type\":\"SearchAction\",\"target\":{\"@type\":\"EntryPoint\",\"urlTemplate\":\"https:\\\/\\\/www.eldiario.net\\\/portal\\\/?s={search_term_string}\"},\"query-input\":{\"@type\":\"PropertyValueSpecification\",\"valueRequired\":true,\"valueName\":\"search_term_string\"}}],\"inLanguage\":\"es\"},{\"@type\":\"Organization\",\"@id\":\"https:\\\/\\\/www.eldiario.net\\\/portal\\\/#organization\",\"name\":\"El Diario - Decano de la prensa nacional\",\"url\":\"https:\\\/\\\/www.eldiario.net\\\/portal\\\/\",\"logo\":{\"@type\":\"ImageObject\",\"inLanguage\":\"es\",\"@id\":\"https:\\\/\\\/www.eldiario.net\\\/portal\\\/#\\\/schema\\\/logo\\\/image\\\/\",\"url\":\"https:\\\/\\\/www.eldiario.net\\\/portal\\\/wp-content\\\/uploads\\\/2023\\\/07\\\/logo_ED.jpg\",\"contentUrl\":\"https:\\\/\\\/www.eldiario.net\\\/portal\\\/wp-content\\\/uploads\\\/2023\\\/07\\\/logo_ED.jpg\",\"width\":272,\"height\":52,\"caption\":\"El Diario - Decano de la prensa nacional\"},\"image\":{\"@id\":\"https:\\\/\\\/www.eldiario.net\\\/portal\\\/#\\\/schema\\\/logo\\\/image\\\/\"},\"sameAs\":[\"https:\\\/\\\/www.facebook.com\\\/eldiario.bolivia\\\/\",\"https:\\\/\\\/x.com\\\/eldiario_net\"]},{\"@type\":\"Person\",\"@id\":\"https:\\\/\\\/www.eldiario.net\\\/portal\\\/#\\\/schema\\\/person\\\/f46445640444750d7d753ccd04ae01b7\",\"name\":\"Jeanette\",\"image\":{\"@type\":\"ImageObject\",\"inLanguage\":\"es\",\"@id\":\"https:\\\/\\\/secure.gravatar.com\\\/avatar\\\/3ea2118a5f7dad2b7138b1187a6b7ee55f160b9968b66013c3a3ef39dd7e5798?s=96&d=mm&r=g\",\"url\":\"https:\\\/\\\/secure.gravatar.com\\\/avatar\\\/3ea2118a5f7dad2b7138b1187a6b7ee55f160b9968b66013c3a3ef39dd7e5798?s=96&d=mm&r=g\",\"contentUrl\":\"https:\\\/\\\/secure.gravatar.com\\\/avatar\\\/3ea2118a5f7dad2b7138b1187a6b7ee55f160b9968b66013c3a3ef39dd7e5798?s=96&d=mm&r=g\",\"caption\":\"Jeanette\"},\"sameAs\":[\"https:\\\/\\\/www.eldiario.net\\\/portal\"],\"url\":\"https:\\\/\\\/www.eldiario.net\\\/portal\\\/author\\\/jeanette\\\/\"}]}<\/script>\n<!-- \/ Yoast SEO plugin. -->","yoast_head_json":{"title":"Poblaci\u00f3n debe estar en alerta por tratamiento de Ley 342 en Senado - El Diario - Bolivia","robots":{"index":"index","follow":"follow","max-snippet":"max-snippet:-1","max-image-preview":"max-image-preview:large","max-video-preview":"max-video-preview:-1"},"canonical":"https:\/\/www.eldiario.net\/portal\/2021\/11\/01\/poblacion-debe-estar-en-alerta-por-tratamiento-de-ley-342-en-senado\/","og_locale":"es_ES","og_type":"article","og_title":"Poblaci\u00f3n debe estar en alerta por tratamiento de Ley 342 en Senado - El Diario - Bolivia","og_description":"El senador Rodrigo Paz Pereira (CC) llam\u00f3 a la poblaci\u00f3n a estar en alerta ante el tratamiento del proyecto de ley 342 del Plan de Desarrollo Econ\u00f3mico 2021-2025, que ser\u00e1 considerado el 1 de noviembre pr\u00f3ximo por la C\u00e1mara de Senadores. Se\u00f1al\u00f3 que el cuestionado proyecto de norma intenta imponer la visi\u00f3n del Gobierno en [&hellip;]","og_url":"https:\/\/www.eldiario.net\/portal\/2021\/11\/01\/poblacion-debe-estar-en-alerta-por-tratamiento-de-ley-342-en-senado\/","og_site_name":"El Diario - Bolivia","article_publisher":"https:\/\/www.facebook.com\/eldiario.bolivia\/","article_published_time":"2021-11-01T09:34:56+00:00","author":"Jeanette","twitter_card":"summary_large_image","twitter_creator":"@eldiario_net","twitter_site":"@eldiario_net","twitter_misc":{"Escrito por":"Jeanette","Tiempo de lectura":"2 minutos"},"schema":{"@context":"https:\/\/schema.org","@graph":[{"@type":"Article","@id":"https:\/\/www.eldiario.net\/portal\/2021\/11\/01\/poblacion-debe-estar-en-alerta-por-tratamiento-de-ley-342-en-senado\/#article","isPartOf":{"@id":"https:\/\/www.eldiario.net\/portal\/2021\/11\/01\/poblacion-debe-estar-en-alerta-por-tratamiento-de-ley-342-en-senado\/"},"author":{"name":"Jeanette","@id":"https:\/\/www.eldiario.net\/portal\/#\/schema\/person\/f46445640444750d7d753ccd04ae01b7"},"headline":"Poblaci\u00f3n debe estar en alerta por tratamiento de Ley 342 en Senado","datePublished":"2021-11-01T09:34:56+00:00","mainEntityOfPage":{"@id":"https:\/\/www.eldiario.net\/portal\/2021\/11\/01\/poblacion-debe-estar-en-alerta-por-tratamiento-de-ley-342-en-senado\/"},"wordCount":419,"publisher":{"@id":"https:\/\/www.eldiario.net\/portal\/#organization"},"image":{"@id":"https:\/\/www.eldiario.net\/portal\/2021\/11\/01\/poblacion-debe-estar-en-alerta-por-tratamiento-de-ley-342-en-senado\/#primaryimage"},"thumbnailUrl":"","articleSection":["Pol\u00edtica"],"inLanguage":"es"},{"@type":"WebPage","@id":"https:\/\/www.eldiario.net\/portal\/2021\/11\/01\/poblacion-debe-estar-en-alerta-por-tratamiento-de-ley-342-en-senado\/","url":"https:\/\/www.eldiario.net\/portal\/2021\/11\/01\/poblacion-debe-estar-en-alerta-por-tratamiento-de-ley-342-en-senado\/","name":"Poblaci\u00f3n debe estar en alerta por tratamiento de Ley 342 en Senado - El Diario - Bolivia","isPartOf":{"@id":"https:\/\/www.eldiario.net\/portal\/#website"},"primaryImageOfPage":{"@id":"https:\/\/www.eldiario.net\/portal\/2021\/11\/01\/poblacion-debe-estar-en-alerta-por-tratamiento-de-ley-342-en-senado\/#primaryimage"},"image":{"@id":"https:\/\/www.eldiario.net\/portal\/2021\/11\/01\/poblacion-debe-estar-en-alerta-por-tratamiento-de-ley-342-en-senado\/#primaryimage"},"thumbnailUrl":"","datePublished":"2021-11-01T09:34:56+00:00","breadcrumb":{"@id":"https:\/\/www.eldiario.net\/portal\/2021\/11\/01\/poblacion-debe-estar-en-alerta-por-tratamiento-de-ley-342-en-senado\/#breadcrumb"},"inLanguage":"es","potentialAction":[{"@type":"ReadAction","target":["https:\/\/www.eldiario.net\/portal\/2021\/11\/01\/poblacion-debe-estar-en-alerta-por-tratamiento-de-ley-342-en-senado\/"]}]},{"@type":"ImageObject","inLanguage":"es","@id":"https:\/\/www.eldiario.net\/portal\/2021\/11\/01\/poblacion-debe-estar-en-alerta-por-tratamiento-de-ley-342-en-senado\/#primaryimage","url":"","contentUrl":""},{"@type":"BreadcrumbList","@id":"https:\/\/www.eldiario.net\/portal\/2021\/11\/01\/poblacion-debe-estar-en-alerta-por-tratamiento-de-ley-342-en-senado\/#breadcrumb","itemListElement":[{"@type":"ListItem","position":1,"name":"Portada","item":"https:\/\/www.eldiario.net\/portal\/"},{"@type":"ListItem","position":2,"name":"Poblaci\u00f3n debe estar en alerta por tratamiento de Ley 342 en Senado"}]},{"@type":"WebSite","@id":"https:\/\/www.eldiario.net\/portal\/#website","url":"https:\/\/www.eldiario.net\/portal\/","name":"El Diario - Decano de la prensa nacional","description":"El Diario - Decano de la prensa nacional","publisher":{"@id":"https:\/\/www.eldiario.net\/portal\/#organization"},"potentialAction":[{"@type":"SearchAction","target":{"@type":"EntryPoint","urlTemplate":"https:\/\/www.eldiario.net\/portal\/?s={search_term_string}"},"query-input":{"@type":"PropertyValueSpecification","valueRequired":true,"valueName":"search_term_string"}}],"inLanguage":"es"},{"@type":"Organization","@id":"https:\/\/www.eldiario.net\/portal\/#organization","name":"El Diario - Decano de la prensa nacional","url":"https:\/\/www.eldiario.net\/portal\/","logo":{"@type":"ImageObject","inLanguage":"es","@id":"https:\/\/www.eldiario.net\/portal\/#\/schema\/logo\/image\/","url":"https:\/\/www.eldiario.net\/portal\/wp-content\/uploads\/2023\/07\/logo_ED.jpg","contentUrl":"https:\/\/www.eldiario.net\/portal\/wp-content\/uploads\/2023\/07\/logo_ED.jpg","width":272,"height":52,"caption":"El Diario - Decano de la prensa nacional"},"image":{"@id":"https:\/\/www.eldiario.net\/portal\/#\/schema\/logo\/image\/"},"sameAs":["https:\/\/www.facebook.com\/eldiario.bolivia\/","https:\/\/x.com\/eldiario_net"]},{"@type":"Person","@id":"https:\/\/www.eldiario.net\/portal\/#\/schema\/person\/f46445640444750d7d753ccd04ae01b7","name":"Jeanette","image":{"@type":"ImageObject","inLanguage":"es","@id":"https:\/\/secure.gravatar.com\/avatar\/3ea2118a5f7dad2b7138b1187a6b7ee55f160b9968b66013c3a3ef39dd7e5798?s=96&d=mm&r=g","url":"https:\/\/secure.gravatar.com\/avatar\/3ea2118a5f7dad2b7138b1187a6b7ee55f160b9968b66013c3a3ef39dd7e5798?s=96&d=mm&r=g","contentUrl":"https:\/\/secure.gravatar.com\/avatar\/3ea2118a5f7dad2b7138b1187a6b7ee55f160b9968b66013c3a3ef39dd7e5798?s=96&d=mm&r=g","caption":"Jeanette"},"sameAs":["https:\/\/www.eldiario.net\/portal"],"url":"https:\/\/www.eldiario.net\/portal\/author\/jeanette\/"}]}},"_links":{"self":[{"href":"https:\/\/www.eldiario.net\/portal\/wp-json\/wp\/v2\/posts\/40171","targetHints":{"allow":["GET"]}}],"collection":[{"href":"https:\/\/www.eldiario.net\/portal\/wp-json\/wp\/v2\/posts"}],"about":[{"href":"https:\/\/www.eldiario.net\/portal\/wp-json\/wp\/v2\/types\/post"}],"author":[{"embeddable":true,"href":"https:\/\/www.eldiario.net\/portal\/wp-json\/wp\/v2\/users\/1"}],"replies":[{"embeddable":true,"href":"https:\/\/www.eldiario.net\/portal\/wp-json\/wp\/v2\/comments?post=40171"}],"version-history":[{"count":0,"href":"https:\/\/www.eldiario.net\/portal\/wp-json\/wp\/v2\/posts\/40171\/revisions"}],"wp:attachment":[{"href":"https:\/\/www.eldiario.net\/portal\/wp-json\/wp\/v2\/media?parent=40171"}],"wp:term":[{"taxonomy":"category","embeddable":true,"href":"https:\/\/www.eldiario.net\/portal\/wp-json\/wp\/v2\/categories?post=40171"},{"taxonomy":"post_tag","embeddable":true,"href":"https:\/\/www.eldiario.net\/portal\/wp-json\/wp\/v2\/tags?post=40171"}],"curies":[{"name":"wp","href":"https:\/\/api.w.org\/{rel}","templated":true}]}}