{"id":40166,"date":"2021-11-01T05:33:06","date_gmt":"2021-11-01T09:33:06","guid":{"rendered":"https:\/\/www.eldiario.net\/portal\/?p=40166"},"modified":"2021-11-01T05:33:06","modified_gmt":"2021-11-01T09:33:06","slug":"presidente-arce-brindara-informe-el-8-de-noviembre","status":"publish","type":"post","link":"https:\/\/www.eldiario.net\/portal\/2021\/11\/01\/presidente-arce-brindara-informe-el-8-de-noviembre\/","title":{"rendered":"Presidente Arce  brindar\u00e1 informe  el 8 de noviembre"},"content":{"rendered":"<p>El 8 de noviembre pr\u00f3ximo, el presidente del Estado, Luis Arce Catacora, brindar\u00e1 un informe al pa\u00eds, tras cumplirse un a\u00f1o de su gesti\u00f3n, resaltando aspectos relacionados a la reconstrucci\u00f3n econ\u00f3mica y productiva del pa\u00eds, seg\u00fan inform\u00f3 la ministra de la Presidencia, Mar\u00eda Nela Prada.<br \/>\n\u201cEl d\u00eda 8 de noviembre nuestro hermano presidente del Estado realizar\u00e1 un informe de la gesti\u00f3n que hemos venido realizando a un a\u00f1o de nuestro Gobierno, donde informaremos sobre todo los temas que hacen a la reconstrucci\u00f3n econ\u00f3mica y productiva de nuestro pa\u00eds, que sabemos que es una de las principales preocupaciones que tiene el pueblo boliviano\u201d, mencion\u00f3.<br \/>\nTambi\u00e9n se informar\u00e1 sobre la gesti\u00f3n que se realiz\u00f3 en cuanto a la lucha contra la pandemia del covid-19 y principalmente al trabajo desarrollado para la reconstrucci\u00f3n del pa\u00eds.<br \/>\n\u201cEn volver a restituir nuestro Estado Plurinacional de Bolivia, volver a restituir el modelo econ\u00f3mico, social, comunitario, productivo boliviano y, por supuesto, tambi\u00e9n lo que hace al mandato que hemos recibido de pedido de justicia para el pueblo boliviano por las masacres, por las violaciones a los derechos humanos, las ejecuciones sumarias, lo que est\u00e1 establecido en varios informes, entre ellos el del Grupo Interdisciplinario de Expertos Independientes (GIEI)\u201d, se\u00f1al\u00f3.<br \/>\nEl 8 de noviembre de 2020, Bolivia presenci\u00f3 la toma de posesi\u00f3n de su nuevo presidente, el economista Luis Arce, quien asumi\u00f3 el Gobierno casi un a\u00f1o despu\u00e9s del golpe de Estado y tras haber obtenido m\u00e1s del 55 % de votaci\u00f3n en las elecciones generales de octubre de la misma gesti\u00f3n.<\/p>\n","protected":false},"excerpt":{"rendered":"<p>El 8 de noviembre pr\u00f3ximo, el presidente del Estado, Luis Arce Catacora, brindar\u00e1 un informe al pa\u00eds, tras cumplirse un a\u00f1o de su gesti\u00f3n, resaltando aspectos relacionados a la reconstrucci\u00f3n econ\u00f3mica y productiva del pa\u00eds, seg\u00fan inform\u00f3 la ministra de la Presidencia, Mar\u00eda Nela Prada. \u201cEl d\u00eda 8 de noviembre nuestro hermano presidente del Estado [&hellip;]<\/p>\n","protected":false},"author":1,"featured_media":0,"comment_status":"closed","ping_status":"closed","sticky":false,"template":"","format":"standard","meta":{"_acf_changed":false,"footnotes":""},"categories":[14],"tags":[],"class_list":["post-40166","post","type-post","status-publish","format-standard","category-politica"],"acf":{"antetitulo":""},"yoast_head":"<!-- This site is optimized with the Yoast SEO plugin v28.4 - https:\/\/yoast.com\/product\/yoast-seo-wordpress\/ -->\n<title>Presidente Arce brindar\u00e1 informe el 8 de noviembre - El Diario - Bolivia<\/title>\n<meta name=\"robots\" content=\"index, follow, max-snippet:-1, max-image-preview:large, max-video-preview:-1\" \/>\n<link rel=\"canonical\" href=\"https:\/\/www.eldiario.net\/portal\/2021\/11\/01\/presidente-arce-brindara-informe-el-8-de-noviembre\/\" \/>\n<meta property=\"og:locale\" content=\"es_ES\" \/>\n<meta property=\"og:type\" content=\"article\" \/>\n<meta property=\"og:title\" content=\"Presidente Arce brindar\u00e1 informe el 8 de noviembre - El Diario - Bolivia\" \/>\n<meta property=\"og:description\" content=\"El 8 de noviembre pr\u00f3ximo, el presidente del Estado, Luis Arce Catacora, brindar\u00e1 un informe al pa\u00eds, tras cumplirse un a\u00f1o de su gesti\u00f3n, resaltando aspectos relacionados a la reconstrucci\u00f3n econ\u00f3mica y productiva del pa\u00eds, seg\u00fan inform\u00f3 la ministra de la Presidencia, Mar\u00eda Nela Prada. \u201cEl d\u00eda 8 de noviembre nuestro hermano presidente del Estado [&hellip;]\" \/>\n<meta property=\"og:url\" content=\"https:\/\/www.eldiario.net\/portal\/2021\/11\/01\/presidente-arce-brindara-informe-el-8-de-noviembre\/\" \/>\n<meta property=\"og:site_name\" content=\"El Diario - Bolivia\" \/>\n<meta property=\"article:publisher\" content=\"https:\/\/www.facebook.com\/eldiario.bolivia\/\" \/>\n<meta property=\"article:published_time\" content=\"2021-11-01T09:33:06+00:00\" \/>\n<meta name=\"author\" content=\"Jeanette\" \/>\n<meta name=\"twitter:card\" content=\"summary_large_image\" \/>\n<meta name=\"twitter:creator\" content=\"@eldiario_net\" \/>\n<meta name=\"twitter:site\" content=\"@eldiario_net\" \/>\n<meta name=\"twitter:label1\" content=\"Escrito por\" \/>\n\t<meta name=\"twitter:data1\" content=\"Jeanette\" \/>\n\t<meta name=\"twitter:label2\" content=\"Tiempo de lectura\" \/>\n\t<meta name=\"twitter:data2\" content=\"2 minutos\" \/>\n<script type=\"application\/ld+json\" class=\"yoast-schema-graph\">{\"@context\":\"https:\\\/\\\/schema.org\",\"@graph\":[{\"@type\":\"Article\",\"@id\":\"https:\\\/\\\/www.eldiario.net\\\/portal\\\/2021\\\/11\\\/01\\\/presidente-arce-brindara-informe-el-8-de-noviembre\\\/#article\",\"isPartOf\":{\"@id\":\"https:\\\/\\\/www.eldiario.net\\\/portal\\\/2021\\\/11\\\/01\\\/presidente-arce-brindara-informe-el-8-de-noviembre\\\/\"},\"author\":{\"name\":\"Jeanette\",\"@id\":\"https:\\\/\\\/www.eldiario.net\\\/portal\\\/#\\\/schema\\\/person\\\/f46445640444750d7d753ccd04ae01b7\"},\"headline\":\"Presidente Arce brindar\u00e1 informe el 8 de noviembre\",\"datePublished\":\"2021-11-01T09:33:06+00:00\",\"mainEntityOfPage\":{\"@id\":\"https:\\\/\\\/www.eldiario.net\\\/portal\\\/2021\\\/11\\\/01\\\/presidente-arce-brindara-informe-el-8-de-noviembre\\\/\"},\"wordCount\":283,\"publisher\":{\"@id\":\"https:\\\/\\\/www.eldiario.net\\\/portal\\\/#organization\"},\"articleSection\":[\"Pol\u00edtica\"],\"inLanguage\":\"es\"},{\"@type\":\"WebPage\",\"@id\":\"https:\\\/\\\/www.eldiario.net\\\/portal\\\/2021\\\/11\\\/01\\\/presidente-arce-brindara-informe-el-8-de-noviembre\\\/\",\"url\":\"https:\\\/\\\/www.eldiario.net\\\/portal\\\/2021\\\/11\\\/01\\\/presidente-arce-brindara-informe-el-8-de-noviembre\\\/\",\"name\":\"Presidente Arce brindar\u00e1 informe el 8 de noviembre - El Diario - Bolivia\",\"isPartOf\":{\"@id\":\"https:\\\/\\\/www.eldiario.net\\\/portal\\\/#website\"},\"datePublished\":\"2021-11-01T09:33:06+00:00\",\"breadcrumb\":{\"@id\":\"https:\\\/\\\/www.eldiario.net\\\/portal\\\/2021\\\/11\\\/01\\\/presidente-arce-brindara-informe-el-8-de-noviembre\\\/#breadcrumb\"},\"inLanguage\":\"es\",\"potentialAction\":[{\"@type\":\"ReadAction\",\"target\":[\"https:\\\/\\\/www.eldiario.net\\\/portal\\\/2021\\\/11\\\/01\\\/presidente-arce-brindara-informe-el-8-de-noviembre\\\/\"]}]},{\"@type\":\"BreadcrumbList\",\"@id\":\"https:\\\/\\\/www.eldiario.net\\\/portal\\\/2021\\\/11\\\/01\\\/presidente-arce-brindara-informe-el-8-de-noviembre\\\/#breadcrumb\",\"itemListElement\":[{\"@type\":\"ListItem\",\"position\":1,\"name\":\"Portada\",\"item\":\"https:\\\/\\\/www.eldiario.net\\\/portal\\\/\"},{\"@type\":\"ListItem\",\"position\":2,\"name\":\"Presidente Arce brindar\u00e1 informe el 8 de noviembre\"}]},{\"@type\":\"WebSite\",\"@id\":\"https:\\\/\\\/www.eldiario.net\\\/portal\\\/#website\",\"url\":\"https:\\\/\\\/www.eldiario.net\\\/portal\\\/\",\"name\":\"El Diario - Decano de la prensa nacional\",\"description\":\"El Diario - Decano de la prensa nacional\",\"publisher\":{\"@id\":\"https:\\\/\\\/www.eldiario.net\\\/portal\\\/#organization\"},\"potentialAction\":[{\"@type\":\"SearchAction\",\"target\":{\"@type\":\"EntryPoint\",\"urlTemplate\":\"https:\\\/\\\/www.eldiario.net\\\/portal\\\/?s={search_term_string}\"},\"query-input\":{\"@type\":\"PropertyValueSpecification\",\"valueRequired\":true,\"valueName\":\"search_term_string\"}}],\"inLanguage\":\"es\"},{\"@type\":\"Organization\",\"@id\":\"https:\\\/\\\/www.eldiario.net\\\/portal\\\/#organization\",\"name\":\"El Diario - Decano de la prensa nacional\",\"url\":\"https:\\\/\\\/www.eldiario.net\\\/portal\\\/\",\"logo\":{\"@type\":\"ImageObject\",\"inLanguage\":\"es\",\"@id\":\"https:\\\/\\\/www.eldiario.net\\\/portal\\\/#\\\/schema\\\/logo\\\/image\\\/\",\"url\":\"https:\\\/\\\/www.eldiario.net\\\/portal\\\/wp-content\\\/uploads\\\/2023\\\/07\\\/logo_ED.jpg\",\"contentUrl\":\"https:\\\/\\\/www.eldiario.net\\\/portal\\\/wp-content\\\/uploads\\\/2023\\\/07\\\/logo_ED.jpg\",\"width\":272,\"height\":52,\"caption\":\"El Diario - Decano de la prensa nacional\"},\"image\":{\"@id\":\"https:\\\/\\\/www.eldiario.net\\\/portal\\\/#\\\/schema\\\/logo\\\/image\\\/\"},\"sameAs\":[\"https:\\\/\\\/www.facebook.com\\\/eldiario.bolivia\\\/\",\"https:\\\/\\\/x.com\\\/eldiario_net\"]},{\"@type\":\"Person\",\"@id\":\"https:\\\/\\\/www.eldiario.net\\\/portal\\\/#\\\/schema\\\/person\\\/f46445640444750d7d753ccd04ae01b7\",\"name\":\"Jeanette\",\"image\":{\"@type\":\"ImageObject\",\"inLanguage\":\"es\",\"@id\":\"https:\\\/\\\/secure.gravatar.com\\\/avatar\\\/3ea2118a5f7dad2b7138b1187a6b7ee55f160b9968b66013c3a3ef39dd7e5798?s=96&d=mm&r=g\",\"url\":\"https:\\\/\\\/secure.gravatar.com\\\/avatar\\\/3ea2118a5f7dad2b7138b1187a6b7ee55f160b9968b66013c3a3ef39dd7e5798?s=96&d=mm&r=g\",\"contentUrl\":\"https:\\\/\\\/secure.gravatar.com\\\/avatar\\\/3ea2118a5f7dad2b7138b1187a6b7ee55f160b9968b66013c3a3ef39dd7e5798?s=96&d=mm&r=g\",\"caption\":\"Jeanette\"},\"sameAs\":[\"https:\\\/\\\/www.eldiario.net\\\/portal\"],\"url\":\"https:\\\/\\\/www.eldiario.net\\\/portal\\\/author\\\/jeanette\\\/\"}]}<\/script>\n<!-- \/ Yoast SEO plugin. -->","yoast_head_json":{"title":"Presidente Arce brindar\u00e1 informe el 8 de noviembre - El Diario - Bolivia","robots":{"index":"index","follow":"follow","max-snippet":"max-snippet:-1","max-image-preview":"max-image-preview:large","max-video-preview":"max-video-preview:-1"},"canonical":"https:\/\/www.eldiario.net\/portal\/2021\/11\/01\/presidente-arce-brindara-informe-el-8-de-noviembre\/","og_locale":"es_ES","og_type":"article","og_title":"Presidente Arce brindar\u00e1 informe el 8 de noviembre - El Diario - Bolivia","og_description":"El 8 de noviembre pr\u00f3ximo, el presidente del Estado, Luis Arce Catacora, brindar\u00e1 un informe al pa\u00eds, tras cumplirse un a\u00f1o de su gesti\u00f3n, resaltando aspectos relacionados a la reconstrucci\u00f3n econ\u00f3mica y productiva del pa\u00eds, seg\u00fan inform\u00f3 la ministra de la Presidencia, Mar\u00eda Nela Prada. \u201cEl d\u00eda 8 de noviembre nuestro hermano presidente del Estado [&hellip;]","og_url":"https:\/\/www.eldiario.net\/portal\/2021\/11\/01\/presidente-arce-brindara-informe-el-8-de-noviembre\/","og_site_name":"El Diario - Bolivia","article_publisher":"https:\/\/www.facebook.com\/eldiario.bolivia\/","article_published_time":"2021-11-01T09:33:06+00:00","author":"Jeanette","twitter_card":"summary_large_image","twitter_creator":"@eldiario_net","twitter_site":"@eldiario_net","twitter_misc":{"Escrito por":"Jeanette","Tiempo de lectura":"2 minutos"},"schema":{"@context":"https:\/\/schema.org","@graph":[{"@type":"Article","@id":"https:\/\/www.eldiario.net\/portal\/2021\/11\/01\/presidente-arce-brindara-informe-el-8-de-noviembre\/#article","isPartOf":{"@id":"https:\/\/www.eldiario.net\/portal\/2021\/11\/01\/presidente-arce-brindara-informe-el-8-de-noviembre\/"},"author":{"name":"Jeanette","@id":"https:\/\/www.eldiario.net\/portal\/#\/schema\/person\/f46445640444750d7d753ccd04ae01b7"},"headline":"Presidente Arce brindar\u00e1 informe el 8 de noviembre","datePublished":"2021-11-01T09:33:06+00:00","mainEntityOfPage":{"@id":"https:\/\/www.eldiario.net\/portal\/2021\/11\/01\/presidente-arce-brindara-informe-el-8-de-noviembre\/"},"wordCount":283,"publisher":{"@id":"https:\/\/www.eldiario.net\/portal\/#organization"},"articleSection":["Pol\u00edtica"],"inLanguage":"es"},{"@type":"WebPage","@id":"https:\/\/www.eldiario.net\/portal\/2021\/11\/01\/presidente-arce-brindara-informe-el-8-de-noviembre\/","url":"https:\/\/www.eldiario.net\/portal\/2021\/11\/01\/presidente-arce-brindara-informe-el-8-de-noviembre\/","name":"Presidente Arce brindar\u00e1 informe el 8 de noviembre - El Diario - Bolivia","isPartOf":{"@id":"https:\/\/www.eldiario.net\/portal\/#website"},"datePublished":"2021-11-01T09:33:06+00:00","breadcrumb":{"@id":"https:\/\/www.eldiario.net\/portal\/2021\/11\/01\/presidente-arce-brindara-informe-el-8-de-noviembre\/#breadcrumb"},"inLanguage":"es","potentialAction":[{"@type":"ReadAction","target":["https:\/\/www.eldiario.net\/portal\/2021\/11\/01\/presidente-arce-brindara-informe-el-8-de-noviembre\/"]}]},{"@type":"BreadcrumbList","@id":"https:\/\/www.eldiario.net\/portal\/2021\/11\/01\/presidente-arce-brindara-informe-el-8-de-noviembre\/#breadcrumb","itemListElement":[{"@type":"ListItem","position":1,"name":"Portada","item":"https:\/\/www.eldiario.net\/portal\/"},{"@type":"ListItem","position":2,"name":"Presidente Arce brindar\u00e1 informe el 8 de noviembre"}]},{"@type":"WebSite","@id":"https:\/\/www.eldiario.net\/portal\/#website","url":"https:\/\/www.eldiario.net\/portal\/","name":"El Diario - Decano de la prensa nacional","description":"El Diario - Decano de la prensa nacional","publisher":{"@id":"https:\/\/www.eldiario.net\/portal\/#organization"},"potentialAction":[{"@type":"SearchAction","target":{"@type":"EntryPoint","urlTemplate":"https:\/\/www.eldiario.net\/portal\/?s={search_term_string}"},"query-input":{"@type":"PropertyValueSpecification","valueRequired":true,"valueName":"search_term_string"}}],"inLanguage":"es"},{"@type":"Organization","@id":"https:\/\/www.eldiario.net\/portal\/#organization","name":"El Diario - Decano de la prensa nacional","url":"https:\/\/www.eldiario.net\/portal\/","logo":{"@type":"ImageObject","inLanguage":"es","@id":"https:\/\/www.eldiario.net\/portal\/#\/schema\/logo\/image\/","url":"https:\/\/www.eldiario.net\/portal\/wp-content\/uploads\/2023\/07\/logo_ED.jpg","contentUrl":"https:\/\/www.eldiario.net\/portal\/wp-content\/uploads\/2023\/07\/logo_ED.jpg","width":272,"height":52,"caption":"El Diario - Decano de la prensa nacional"},"image":{"@id":"https:\/\/www.eldiario.net\/portal\/#\/schema\/logo\/image\/"},"sameAs":["https:\/\/www.facebook.com\/eldiario.bolivia\/","https:\/\/x.com\/eldiario_net"]},{"@type":"Person","@id":"https:\/\/www.eldiario.net\/portal\/#\/schema\/person\/f46445640444750d7d753ccd04ae01b7","name":"Jeanette","image":{"@type":"ImageObject","inLanguage":"es","@id":"https:\/\/secure.gravatar.com\/avatar\/3ea2118a5f7dad2b7138b1187a6b7ee55f160b9968b66013c3a3ef39dd7e5798?s=96&d=mm&r=g","url":"https:\/\/secure.gravatar.com\/avatar\/3ea2118a5f7dad2b7138b1187a6b7ee55f160b9968b66013c3a3ef39dd7e5798?s=96&d=mm&r=g","contentUrl":"https:\/\/secure.gravatar.com\/avatar\/3ea2118a5f7dad2b7138b1187a6b7ee55f160b9968b66013c3a3ef39dd7e5798?s=96&d=mm&r=g","caption":"Jeanette"},"sameAs":["https:\/\/www.eldiario.net\/portal"],"url":"https:\/\/www.eldiario.net\/portal\/author\/jeanette\/"}]}},"_links":{"self":[{"href":"https:\/\/www.eldiario.net\/portal\/wp-json\/wp\/v2\/posts\/40166","targetHints":{"allow":["GET"]}}],"collection":[{"href":"https:\/\/www.eldiario.net\/portal\/wp-json\/wp\/v2\/posts"}],"about":[{"href":"https:\/\/www.eldiario.net\/portal\/wp-json\/wp\/v2\/types\/post"}],"author":[{"embeddable":true,"href":"https:\/\/www.eldiario.net\/portal\/wp-json\/wp\/v2\/users\/1"}],"replies":[{"embeddable":true,"href":"https:\/\/www.eldiario.net\/portal\/wp-json\/wp\/v2\/comments?post=40166"}],"version-history":[{"count":0,"href":"https:\/\/www.eldiario.net\/portal\/wp-json\/wp\/v2\/posts\/40166\/revisions"}],"wp:attachment":[{"href":"https:\/\/www.eldiario.net\/portal\/wp-json\/wp\/v2\/media?parent=40166"}],"wp:term":[{"taxonomy":"category","embeddable":true,"href":"https:\/\/www.eldiario.net\/portal\/wp-json\/wp\/v2\/categories?post=40166"},{"taxonomy":"post_tag","embeddable":true,"href":"https:\/\/www.eldiario.net\/portal\/wp-json\/wp\/v2\/tags?post=40166"}],"curies":[{"name":"wp","href":"https:\/\/api.w.org\/{rel}","templated":true}]}}