{"id":40157,"date":"2021-11-01T05:30:40","date_gmt":"2021-11-01T09:30:40","guid":{"rendered":"https:\/\/www.eldiario.net\/portal\/?p=40157"},"modified":"2021-11-01T05:30:40","modified_gmt":"2021-11-01T09:30:40","slug":"estudiantes-de-esfm-presentaron-proyectos-en-varias-especialidades","status":"publish","type":"post","link":"https:\/\/www.eldiario.net\/portal\/2021\/11\/01\/estudiantes-de-esfm-presentaron-proyectos-en-varias-especialidades\/","title":{"rendered":"Estudiantes de ESFM presentaron  proyectos en varias especialidades"},"content":{"rendered":"<p>El cuarto encuentro interactivo t\u00e9cnico tecnol\u00f3gico productivo de materiales educativos de la Escuela de Formaci\u00f3n de Maestros Mariscal Andr\u00e9s de Santa Cruz y Calahumana present\u00f3, durante un evento, proyectos elaborados por los j\u00f3venes estudiantes de las diferentes especialidades t\u00e9cnicas.<br \/>\nLos participantes del encuentro realizado recientemente han sido merecedores de felicitaciones, por la calidad de sus proyectos que en su mayor\u00eda son innovadores.<br \/>\nCon la presencia de las autoridades de la Escuela de Formaci\u00f3n de Maestros (ESFM) dirigida por Edy Lupa Juarez, director general de la Instituci\u00f3n, docentes, plantel administrativo y estudiantes, se realiz\u00f3 el evento t\u00e9cnico.<br \/>\nEn esta oportunidad obtuvo el primer lugar el proyecto educativo construcci\u00f3n de una motocicleta estilo Bobber, aplicando la producci\u00f3n de conocimientos. El armado del m\u00f3vil fue realizado por los estudiantes de primer a\u00f1o de formaci\u00f3n, especialidad mec\u00e1nica automotriz, bajo la direcci\u00f3n del docente de la especialidad, Eustaquio Condori Mamani, inform\u00f3 Martha Enith Flores Alfaro, docente de la instituci\u00f3n.<br \/>\nLa ESFM forma a estudiantes, quienes ingresan a este recinto en las carreras de electr\u00f3nica, electricidad, mec\u00e1nica automotriz y transformaci\u00f3n de alimentos, tambi\u00e9n existe la especialidad de electromec\u00e1nica.<br \/>\nLa escuela se encuentra ubicada en la zona pace\u00f1a de Munaypata, en la calle 21 de Julio esquina Naciones Unidas<br \/>\nEste centro de formaci\u00f3n es el \u00fanico en su g\u00e9nero en todo el territorio boliviano, de sus aulas egresan maestros de ramas t\u00e9cnicas, seg\u00fan explic\u00f3 Flores Alfaro.<\/p>\n","protected":false},"excerpt":{"rendered":"<p>El cuarto encuentro interactivo t\u00e9cnico tecnol\u00f3gico productivo de materiales educativos de la Escuela de Formaci\u00f3n de Maestros Mariscal Andr\u00e9s de Santa Cruz y Calahumana present\u00f3, durante un evento, proyectos elaborados por los j\u00f3venes estudiantes de las diferentes especialidades t\u00e9cnicas. Los participantes del encuentro realizado recientemente han sido merecedores de felicitaciones, por la calidad de sus [&hellip;]<\/p>\n","protected":false},"author":1,"featured_media":40158,"comment_status":"closed","ping_status":"closed","sticky":false,"template":"","format":"standard","meta":{"_acf_changed":false,"footnotes":""},"categories":[12],"tags":[],"class_list":["post-40157","post","type-post","status-publish","format-standard","has-post-thumbnail","category-nacional"],"acf":{"antetitulo":""},"yoast_head":"<!-- This site is optimized with the Yoast SEO plugin v28.4 - https:\/\/yoast.com\/product\/yoast-seo-wordpress\/ -->\n<title>Estudiantes de ESFM presentaron proyectos en varias especialidades - El Diario - Bolivia<\/title>\n<meta name=\"robots\" content=\"index, follow, max-snippet:-1, max-image-preview:large, max-video-preview:-1\" \/>\n<link rel=\"canonical\" href=\"https:\/\/www.eldiario.net\/portal\/2021\/11\/01\/estudiantes-de-esfm-presentaron-proyectos-en-varias-especialidades\/\" \/>\n<meta property=\"og:locale\" content=\"es_ES\" \/>\n<meta property=\"og:type\" content=\"article\" \/>\n<meta property=\"og:title\" content=\"Estudiantes de ESFM presentaron proyectos en varias especialidades - El Diario - Bolivia\" \/>\n<meta property=\"og:description\" content=\"El cuarto encuentro interactivo t\u00e9cnico tecnol\u00f3gico productivo de materiales educativos de la Escuela de Formaci\u00f3n de Maestros Mariscal Andr\u00e9s de Santa Cruz y Calahumana present\u00f3, durante un evento, proyectos elaborados por los j\u00f3venes estudiantes de las diferentes especialidades t\u00e9cnicas. Los participantes del encuentro realizado recientemente han sido merecedores de felicitaciones, por la calidad de sus [&hellip;]\" \/>\n<meta property=\"og:url\" content=\"https:\/\/www.eldiario.net\/portal\/2021\/11\/01\/estudiantes-de-esfm-presentaron-proyectos-en-varias-especialidades\/\" \/>\n<meta property=\"og:site_name\" content=\"El Diario - Bolivia\" \/>\n<meta property=\"article:publisher\" content=\"https:\/\/www.facebook.com\/eldiario.bolivia\/\" \/>\n<meta property=\"article:published_time\" content=\"2021-11-01T09:30:40+00:00\" \/>\n<meta name=\"author\" content=\"Jeanette\" \/>\n<meta name=\"twitter:card\" content=\"summary_large_image\" \/>\n<meta name=\"twitter:creator\" content=\"@eldiario_net\" \/>\n<meta name=\"twitter:site\" content=\"@eldiario_net\" \/>\n<meta name=\"twitter:label1\" content=\"Escrito por\" \/>\n\t<meta name=\"twitter:data1\" content=\"Jeanette\" \/>\n\t<meta name=\"twitter:label2\" content=\"Tiempo de lectura\" \/>\n\t<meta name=\"twitter:data2\" content=\"2 minutos\" \/>\n<script type=\"application\/ld+json\" class=\"yoast-schema-graph\">{\"@context\":\"https:\\\/\\\/schema.org\",\"@graph\":[{\"@type\":\"Article\",\"@id\":\"https:\\\/\\\/www.eldiario.net\\\/portal\\\/2021\\\/11\\\/01\\\/estudiantes-de-esfm-presentaron-proyectos-en-varias-especialidades\\\/#article\",\"isPartOf\":{\"@id\":\"https:\\\/\\\/www.eldiario.net\\\/portal\\\/2021\\\/11\\\/01\\\/estudiantes-de-esfm-presentaron-proyectos-en-varias-especialidades\\\/\"},\"author\":{\"name\":\"Jeanette\",\"@id\":\"https:\\\/\\\/www.eldiario.net\\\/portal\\\/#\\\/schema\\\/person\\\/f46445640444750d7d753ccd04ae01b7\"},\"headline\":\"Estudiantes de ESFM presentaron proyectos en varias especialidades\",\"datePublished\":\"2021-11-01T09:30:40+00:00\",\"mainEntityOfPage\":{\"@id\":\"https:\\\/\\\/www.eldiario.net\\\/portal\\\/2021\\\/11\\\/01\\\/estudiantes-de-esfm-presentaron-proyectos-en-varias-especialidades\\\/\"},\"wordCount\":264,\"publisher\":{\"@id\":\"https:\\\/\\\/www.eldiario.net\\\/portal\\\/#organization\"},\"image\":{\"@id\":\"https:\\\/\\\/www.eldiario.net\\\/portal\\\/2021\\\/11\\\/01\\\/estudiantes-de-esfm-presentaron-proyectos-en-varias-especialidades\\\/#primaryimage\"},\"thumbnailUrl\":\"\",\"articleSection\":[\"Nacional\"],\"inLanguage\":\"es\"},{\"@type\":\"WebPage\",\"@id\":\"https:\\\/\\\/www.eldiario.net\\\/portal\\\/2021\\\/11\\\/01\\\/estudiantes-de-esfm-presentaron-proyectos-en-varias-especialidades\\\/\",\"url\":\"https:\\\/\\\/www.eldiario.net\\\/portal\\\/2021\\\/11\\\/01\\\/estudiantes-de-esfm-presentaron-proyectos-en-varias-especialidades\\\/\",\"name\":\"Estudiantes de ESFM presentaron proyectos en varias especialidades - El Diario - Bolivia\",\"isPartOf\":{\"@id\":\"https:\\\/\\\/www.eldiario.net\\\/portal\\\/#website\"},\"primaryImageOfPage\":{\"@id\":\"https:\\\/\\\/www.eldiario.net\\\/portal\\\/2021\\\/11\\\/01\\\/estudiantes-de-esfm-presentaron-proyectos-en-varias-especialidades\\\/#primaryimage\"},\"image\":{\"@id\":\"https:\\\/\\\/www.eldiario.net\\\/portal\\\/2021\\\/11\\\/01\\\/estudiantes-de-esfm-presentaron-proyectos-en-varias-especialidades\\\/#primaryimage\"},\"thumbnailUrl\":\"\",\"datePublished\":\"2021-11-01T09:30:40+00:00\",\"breadcrumb\":{\"@id\":\"https:\\\/\\\/www.eldiario.net\\\/portal\\\/2021\\\/11\\\/01\\\/estudiantes-de-esfm-presentaron-proyectos-en-varias-especialidades\\\/#breadcrumb\"},\"inLanguage\":\"es\",\"potentialAction\":[{\"@type\":\"ReadAction\",\"target\":[\"https:\\\/\\\/www.eldiario.net\\\/portal\\\/2021\\\/11\\\/01\\\/estudiantes-de-esfm-presentaron-proyectos-en-varias-especialidades\\\/\"]}]},{\"@type\":\"ImageObject\",\"inLanguage\":\"es\",\"@id\":\"https:\\\/\\\/www.eldiario.net\\\/portal\\\/2021\\\/11\\\/01\\\/estudiantes-de-esfm-presentaron-proyectos-en-varias-especialidades\\\/#primaryimage\",\"url\":\"\",\"contentUrl\":\"\"},{\"@type\":\"BreadcrumbList\",\"@id\":\"https:\\\/\\\/www.eldiario.net\\\/portal\\\/2021\\\/11\\\/01\\\/estudiantes-de-esfm-presentaron-proyectos-en-varias-especialidades\\\/#breadcrumb\",\"itemListElement\":[{\"@type\":\"ListItem\",\"position\":1,\"name\":\"Portada\",\"item\":\"https:\\\/\\\/www.eldiario.net\\\/portal\\\/\"},{\"@type\":\"ListItem\",\"position\":2,\"name\":\"Estudiantes de ESFM presentaron proyectos en varias especialidades\"}]},{\"@type\":\"WebSite\",\"@id\":\"https:\\\/\\\/www.eldiario.net\\\/portal\\\/#website\",\"url\":\"https:\\\/\\\/www.eldiario.net\\\/portal\\\/\",\"name\":\"El Diario - Decano de la prensa nacional\",\"description\":\"El Diario - Decano de la prensa nacional\",\"publisher\":{\"@id\":\"https:\\\/\\\/www.eldiario.net\\\/portal\\\/#organization\"},\"potentialAction\":[{\"@type\":\"SearchAction\",\"target\":{\"@type\":\"EntryPoint\",\"urlTemplate\":\"https:\\\/\\\/www.eldiario.net\\\/portal\\\/?s={search_term_string}\"},\"query-input\":{\"@type\":\"PropertyValueSpecification\",\"valueRequired\":true,\"valueName\":\"search_term_string\"}}],\"inLanguage\":\"es\"},{\"@type\":\"Organization\",\"@id\":\"https:\\\/\\\/www.eldiario.net\\\/portal\\\/#organization\",\"name\":\"El Diario - Decano de la prensa nacional\",\"url\":\"https:\\\/\\\/www.eldiario.net\\\/portal\\\/\",\"logo\":{\"@type\":\"ImageObject\",\"inLanguage\":\"es\",\"@id\":\"https:\\\/\\\/www.eldiario.net\\\/portal\\\/#\\\/schema\\\/logo\\\/image\\\/\",\"url\":\"https:\\\/\\\/www.eldiario.net\\\/portal\\\/wp-content\\\/uploads\\\/2023\\\/07\\\/logo_ED.jpg\",\"contentUrl\":\"https:\\\/\\\/www.eldiario.net\\\/portal\\\/wp-content\\\/uploads\\\/2023\\\/07\\\/logo_ED.jpg\",\"width\":272,\"height\":52,\"caption\":\"El Diario - Decano de la prensa nacional\"},\"image\":{\"@id\":\"https:\\\/\\\/www.eldiario.net\\\/portal\\\/#\\\/schema\\\/logo\\\/image\\\/\"},\"sameAs\":[\"https:\\\/\\\/www.facebook.com\\\/eldiario.bolivia\\\/\",\"https:\\\/\\\/x.com\\\/eldiario_net\"]},{\"@type\":\"Person\",\"@id\":\"https:\\\/\\\/www.eldiario.net\\\/portal\\\/#\\\/schema\\\/person\\\/f46445640444750d7d753ccd04ae01b7\",\"name\":\"Jeanette\",\"image\":{\"@type\":\"ImageObject\",\"inLanguage\":\"es\",\"@id\":\"https:\\\/\\\/secure.gravatar.com\\\/avatar\\\/3ea2118a5f7dad2b7138b1187a6b7ee55f160b9968b66013c3a3ef39dd7e5798?s=96&d=mm&r=g\",\"url\":\"https:\\\/\\\/secure.gravatar.com\\\/avatar\\\/3ea2118a5f7dad2b7138b1187a6b7ee55f160b9968b66013c3a3ef39dd7e5798?s=96&d=mm&r=g\",\"contentUrl\":\"https:\\\/\\\/secure.gravatar.com\\\/avatar\\\/3ea2118a5f7dad2b7138b1187a6b7ee55f160b9968b66013c3a3ef39dd7e5798?s=96&d=mm&r=g\",\"caption\":\"Jeanette\"},\"sameAs\":[\"https:\\\/\\\/www.eldiario.net\\\/portal\"],\"url\":\"https:\\\/\\\/www.eldiario.net\\\/portal\\\/author\\\/jeanette\\\/\"}]}<\/script>\n<!-- \/ Yoast SEO plugin. -->","yoast_head_json":{"title":"Estudiantes de ESFM presentaron proyectos en varias especialidades - El Diario - Bolivia","robots":{"index":"index","follow":"follow","max-snippet":"max-snippet:-1","max-image-preview":"max-image-preview:large","max-video-preview":"max-video-preview:-1"},"canonical":"https:\/\/www.eldiario.net\/portal\/2021\/11\/01\/estudiantes-de-esfm-presentaron-proyectos-en-varias-especialidades\/","og_locale":"es_ES","og_type":"article","og_title":"Estudiantes de ESFM presentaron proyectos en varias especialidades - El Diario - Bolivia","og_description":"El cuarto encuentro interactivo t\u00e9cnico tecnol\u00f3gico productivo de materiales educativos de la Escuela de Formaci\u00f3n de Maestros Mariscal Andr\u00e9s de Santa Cruz y Calahumana present\u00f3, durante un evento, proyectos elaborados por los j\u00f3venes estudiantes de las diferentes especialidades t\u00e9cnicas. Los participantes del encuentro realizado recientemente han sido merecedores de felicitaciones, por la calidad de sus [&hellip;]","og_url":"https:\/\/www.eldiario.net\/portal\/2021\/11\/01\/estudiantes-de-esfm-presentaron-proyectos-en-varias-especialidades\/","og_site_name":"El Diario - Bolivia","article_publisher":"https:\/\/www.facebook.com\/eldiario.bolivia\/","article_published_time":"2021-11-01T09:30:40+00:00","author":"Jeanette","twitter_card":"summary_large_image","twitter_creator":"@eldiario_net","twitter_site":"@eldiario_net","twitter_misc":{"Escrito por":"Jeanette","Tiempo de lectura":"2 minutos"},"schema":{"@context":"https:\/\/schema.org","@graph":[{"@type":"Article","@id":"https:\/\/www.eldiario.net\/portal\/2021\/11\/01\/estudiantes-de-esfm-presentaron-proyectos-en-varias-especialidades\/#article","isPartOf":{"@id":"https:\/\/www.eldiario.net\/portal\/2021\/11\/01\/estudiantes-de-esfm-presentaron-proyectos-en-varias-especialidades\/"},"author":{"name":"Jeanette","@id":"https:\/\/www.eldiario.net\/portal\/#\/schema\/person\/f46445640444750d7d753ccd04ae01b7"},"headline":"Estudiantes de ESFM presentaron proyectos en varias especialidades","datePublished":"2021-11-01T09:30:40+00:00","mainEntityOfPage":{"@id":"https:\/\/www.eldiario.net\/portal\/2021\/11\/01\/estudiantes-de-esfm-presentaron-proyectos-en-varias-especialidades\/"},"wordCount":264,"publisher":{"@id":"https:\/\/www.eldiario.net\/portal\/#organization"},"image":{"@id":"https:\/\/www.eldiario.net\/portal\/2021\/11\/01\/estudiantes-de-esfm-presentaron-proyectos-en-varias-especialidades\/#primaryimage"},"thumbnailUrl":"","articleSection":["Nacional"],"inLanguage":"es"},{"@type":"WebPage","@id":"https:\/\/www.eldiario.net\/portal\/2021\/11\/01\/estudiantes-de-esfm-presentaron-proyectos-en-varias-especialidades\/","url":"https:\/\/www.eldiario.net\/portal\/2021\/11\/01\/estudiantes-de-esfm-presentaron-proyectos-en-varias-especialidades\/","name":"Estudiantes de ESFM presentaron proyectos en varias especialidades - El Diario - Bolivia","isPartOf":{"@id":"https:\/\/www.eldiario.net\/portal\/#website"},"primaryImageOfPage":{"@id":"https:\/\/www.eldiario.net\/portal\/2021\/11\/01\/estudiantes-de-esfm-presentaron-proyectos-en-varias-especialidades\/#primaryimage"},"image":{"@id":"https:\/\/www.eldiario.net\/portal\/2021\/11\/01\/estudiantes-de-esfm-presentaron-proyectos-en-varias-especialidades\/#primaryimage"},"thumbnailUrl":"","datePublished":"2021-11-01T09:30:40+00:00","breadcrumb":{"@id":"https:\/\/www.eldiario.net\/portal\/2021\/11\/01\/estudiantes-de-esfm-presentaron-proyectos-en-varias-especialidades\/#breadcrumb"},"inLanguage":"es","potentialAction":[{"@type":"ReadAction","target":["https:\/\/www.eldiario.net\/portal\/2021\/11\/01\/estudiantes-de-esfm-presentaron-proyectos-en-varias-especialidades\/"]}]},{"@type":"ImageObject","inLanguage":"es","@id":"https:\/\/www.eldiario.net\/portal\/2021\/11\/01\/estudiantes-de-esfm-presentaron-proyectos-en-varias-especialidades\/#primaryimage","url":"","contentUrl":""},{"@type":"BreadcrumbList","@id":"https:\/\/www.eldiario.net\/portal\/2021\/11\/01\/estudiantes-de-esfm-presentaron-proyectos-en-varias-especialidades\/#breadcrumb","itemListElement":[{"@type":"ListItem","position":1,"name":"Portada","item":"https:\/\/www.eldiario.net\/portal\/"},{"@type":"ListItem","position":2,"name":"Estudiantes de ESFM presentaron proyectos en varias especialidades"}]},{"@type":"WebSite","@id":"https:\/\/www.eldiario.net\/portal\/#website","url":"https:\/\/www.eldiario.net\/portal\/","name":"El Diario - Decano de la prensa nacional","description":"El Diario - Decano de la prensa nacional","publisher":{"@id":"https:\/\/www.eldiario.net\/portal\/#organization"},"potentialAction":[{"@type":"SearchAction","target":{"@type":"EntryPoint","urlTemplate":"https:\/\/www.eldiario.net\/portal\/?s={search_term_string}"},"query-input":{"@type":"PropertyValueSpecification","valueRequired":true,"valueName":"search_term_string"}}],"inLanguage":"es"},{"@type":"Organization","@id":"https:\/\/www.eldiario.net\/portal\/#organization","name":"El Diario - Decano de la prensa nacional","url":"https:\/\/www.eldiario.net\/portal\/","logo":{"@type":"ImageObject","inLanguage":"es","@id":"https:\/\/www.eldiario.net\/portal\/#\/schema\/logo\/image\/","url":"https:\/\/www.eldiario.net\/portal\/wp-content\/uploads\/2023\/07\/logo_ED.jpg","contentUrl":"https:\/\/www.eldiario.net\/portal\/wp-content\/uploads\/2023\/07\/logo_ED.jpg","width":272,"height":52,"caption":"El Diario - Decano de la prensa nacional"},"image":{"@id":"https:\/\/www.eldiario.net\/portal\/#\/schema\/logo\/image\/"},"sameAs":["https:\/\/www.facebook.com\/eldiario.bolivia\/","https:\/\/x.com\/eldiario_net"]},{"@type":"Person","@id":"https:\/\/www.eldiario.net\/portal\/#\/schema\/person\/f46445640444750d7d753ccd04ae01b7","name":"Jeanette","image":{"@type":"ImageObject","inLanguage":"es","@id":"https:\/\/secure.gravatar.com\/avatar\/3ea2118a5f7dad2b7138b1187a6b7ee55f160b9968b66013c3a3ef39dd7e5798?s=96&d=mm&r=g","url":"https:\/\/secure.gravatar.com\/avatar\/3ea2118a5f7dad2b7138b1187a6b7ee55f160b9968b66013c3a3ef39dd7e5798?s=96&d=mm&r=g","contentUrl":"https:\/\/secure.gravatar.com\/avatar\/3ea2118a5f7dad2b7138b1187a6b7ee55f160b9968b66013c3a3ef39dd7e5798?s=96&d=mm&r=g","caption":"Jeanette"},"sameAs":["https:\/\/www.eldiario.net\/portal"],"url":"https:\/\/www.eldiario.net\/portal\/author\/jeanette\/"}]}},"_links":{"self":[{"href":"https:\/\/www.eldiario.net\/portal\/wp-json\/wp\/v2\/posts\/40157","targetHints":{"allow":["GET"]}}],"collection":[{"href":"https:\/\/www.eldiario.net\/portal\/wp-json\/wp\/v2\/posts"}],"about":[{"href":"https:\/\/www.eldiario.net\/portal\/wp-json\/wp\/v2\/types\/post"}],"author":[{"embeddable":true,"href":"https:\/\/www.eldiario.net\/portal\/wp-json\/wp\/v2\/users\/1"}],"replies":[{"embeddable":true,"href":"https:\/\/www.eldiario.net\/portal\/wp-json\/wp\/v2\/comments?post=40157"}],"version-history":[{"count":0,"href":"https:\/\/www.eldiario.net\/portal\/wp-json\/wp\/v2\/posts\/40157\/revisions"}],"wp:attachment":[{"href":"https:\/\/www.eldiario.net\/portal\/wp-json\/wp\/v2\/media?parent=40157"}],"wp:term":[{"taxonomy":"category","embeddable":true,"href":"https:\/\/www.eldiario.net\/portal\/wp-json\/wp\/v2\/categories?post=40157"},{"taxonomy":"post_tag","embeddable":true,"href":"https:\/\/www.eldiario.net\/portal\/wp-json\/wp\/v2\/tags?post=40157"}],"curies":[{"name":"wp","href":"https:\/\/api.w.org\/{rel}","templated":true}]}}