{"id":4015,"date":"2021-05-15T08:09:48","date_gmt":"2021-05-15T12:09:48","guid":{"rendered":"https:\/\/www.eldiario.net\/portal\/?p=4015"},"modified":"2021-05-15T08:09:48","modified_gmt":"2021-05-15T12:09:48","slug":"asentamiento-ilegal-de-vendedores-alarma-a-vecinos-de-plaza-espana","status":"publish","type":"post","link":"https:\/\/www.eldiario.net\/portal\/2021\/05\/15\/asentamiento-ilegal-de-vendedores-alarma-a-vecinos-de-plaza-espana\/","title":{"rendered":"Asentamiento ilegal de vendedores alarma a vecinos de plaza Espa\u00f1a"},"content":{"rendered":"<p>Los vecinos de la plaza Espa\u00f1a, en la zona pace\u00f1a de Sopocachi, se encuentran alarmados ante el asentamiento ilegal de decenas de comerciantes en las aceras de todo el sector.<br \/>\nLa preocupaci\u00f3n es porque la organizaci\u00f3n de vendedores empez\u00f3 a tramitar patentes para que el asentamiento tenga legalidad en una zona residencial, donde existen inmuebles declarados como patrimonio pace\u00f1o.<br \/>\nDurante la cuarentena r\u00edgida por la pandemia del covid-19 del a\u00f1o pasado, decenas de vendedores pusieron sus puestos de venta en todo este sector, lo cual fue aceptado temporalmente por la emergencia sanitaria de ese momento, pero ahora los comerciantes que a\u00fan permanecen pretenden quedarse permanentemente y para ello hacen, mediante una asociaci\u00f3n o sindicato que formaron recientemente, adelanto de patentes en la entidad correspondiente, relataron los afectados.<br \/>\nAfirmaron que son cerca de quince puestos con todo tipo de mercanc\u00edas, desde alimentos, ropa nueva y usada, hasta productos de limpieza entre otros; la venta se instala desde las ocho de la ma\u00f1ana y se extiende a las seis de la tarde, en este lapso echan basura a las bocas de tormenta con el peligro de taponamientos y mantienen sucias las aceras, algunos usan las paredes de propiedad privada para exponer los art\u00edculos que est\u00e1n para vender.<br \/>\nLa Guardia Municipal hace espor\u00e1dicos controles, pero en cuanto se van los efectivos los comerciantes vuelven a las aceras a obstaculizar el paso de peatones, aseguraron.<br \/>\nLos afectados enviaron varias cartas a las reparticiones municipales, pero alegaron, para no actuar al respecto, que est\u00e1n en transici\u00f3n de autoridades y que la pr\u00f3xima gesti\u00f3n tomar\u00eda las decisiones, aunque recientemente tambi\u00e9n se hizo el reclamo formal por la misma v\u00eda.<br \/>\nLa intenci\u00f3n de los vendedores es establecer puestos fijos y tomar todas las aceras, especialmente en la avenida V\u00edctor Sanjinez y la calle M\u00e9ndez Arcos, adem\u00e1s de la Plaza Espa\u00f1a donde existe un supermercado y una universidad.<br \/>\nLos propietarios de inmuebles piden que las autoridades municipales de la Subalcald\u00eda de Cotahuma que tomen decisiones al respecto y se impida el asentamiento de comerciantes, ya que se trata de una zona residencial con casas patrimoniales que son protegidas por las normas nacionales.<\/p>\n<figure id=\"attachment_4017\" aria-describedby=\"caption-attachment-4017\" style=\"width: 2560px\" class=\"wp-caption aligncenter\"><img loading=\"lazy\" decoding=\"async\" class=\"size-full wp-image-4017\" src=\"https:\/\/www.eldiario.net\/portal\/wp-content\/uploads\/2021\/05\/3LP-2-scaled.jpg\" alt=\"\" width=\"2560\" height=\"1707\" \/><figcaption id=\"caption-attachment-4017\" class=\"wp-caption-text\">Los vecinos afirman que es zona residencial con casas declaradas patrimonio pace\u00f1o.<\/figcaption><\/figure>\n","protected":false},"excerpt":{"rendered":"<p>Los vecinos de la plaza Espa\u00f1a, en la zona pace\u00f1a de Sopocachi, se encuentran alarmados ante el asentamiento ilegal de decenas de comerciantes en las aceras de todo el sector. La preocupaci\u00f3n es porque la organizaci\u00f3n de vendedores empez\u00f3 a tramitar patentes para que el asentamiento tenga legalidad en una zona residencial, donde existen inmuebles [&hellip;]<\/p>\n","protected":false},"author":1,"featured_media":4016,"comment_status":"closed","ping_status":"closed","sticky":false,"template":"","format":"standard","meta":{"_acf_changed":false,"footnotes":""},"categories":[12],"tags":[],"class_list":["post-4015","post","type-post","status-publish","format-standard","has-post-thumbnail","category-nacional"],"acf":{"antetitulo":""},"yoast_head":"<!-- This site is optimized with the Yoast SEO plugin v28.4 - https:\/\/yoast.com\/product\/yoast-seo-wordpress\/ -->\n<title>Asentamiento ilegal de vendedores alarma a vecinos de plaza Espa\u00f1a - El Diario - Bolivia<\/title>\n<meta name=\"robots\" content=\"index, follow, max-snippet:-1, max-image-preview:large, max-video-preview:-1\" \/>\n<link rel=\"canonical\" href=\"https:\/\/www.eldiario.net\/portal\/2021\/05\/15\/asentamiento-ilegal-de-vendedores-alarma-a-vecinos-de-plaza-espana\/\" \/>\n<meta property=\"og:locale\" content=\"es_ES\" \/>\n<meta property=\"og:type\" content=\"article\" \/>\n<meta property=\"og:title\" content=\"Asentamiento ilegal de vendedores alarma a vecinos de plaza Espa\u00f1a - El Diario - Bolivia\" \/>\n<meta property=\"og:description\" content=\"Los vecinos de la plaza Espa\u00f1a, en la zona pace\u00f1a de Sopocachi, se encuentran alarmados ante el asentamiento ilegal de decenas de comerciantes en las aceras de todo el sector. La preocupaci\u00f3n es porque la organizaci\u00f3n de vendedores empez\u00f3 a tramitar patentes para que el asentamiento tenga legalidad en una zona residencial, donde existen inmuebles [&hellip;]\" \/>\n<meta property=\"og:url\" content=\"https:\/\/www.eldiario.net\/portal\/2021\/05\/15\/asentamiento-ilegal-de-vendedores-alarma-a-vecinos-de-plaza-espana\/\" \/>\n<meta property=\"og:site_name\" content=\"El Diario - Bolivia\" \/>\n<meta property=\"article:publisher\" content=\"https:\/\/www.facebook.com\/eldiario.bolivia\/\" \/>\n<meta property=\"article:published_time\" content=\"2021-05-15T12:09:48+00:00\" \/>\n<meta name=\"author\" content=\"Jeanette\" \/>\n<meta name=\"twitter:card\" content=\"summary_large_image\" \/>\n<meta name=\"twitter:creator\" content=\"@eldiario_net\" \/>\n<meta name=\"twitter:site\" content=\"@eldiario_net\" \/>\n<meta name=\"twitter:label1\" content=\"Escrito por\" \/>\n\t<meta name=\"twitter:data1\" content=\"Jeanette\" \/>\n\t<meta name=\"twitter:label2\" content=\"Tiempo de lectura\" \/>\n\t<meta name=\"twitter:data2\" content=\"2 minutos\" \/>\n<script type=\"application\/ld+json\" class=\"yoast-schema-graph\">{\"@context\":\"https:\\\/\\\/schema.org\",\"@graph\":[{\"@type\":\"Article\",\"@id\":\"https:\\\/\\\/www.eldiario.net\\\/portal\\\/2021\\\/05\\\/15\\\/asentamiento-ilegal-de-vendedores-alarma-a-vecinos-de-plaza-espana\\\/#article\",\"isPartOf\":{\"@id\":\"https:\\\/\\\/www.eldiario.net\\\/portal\\\/2021\\\/05\\\/15\\\/asentamiento-ilegal-de-vendedores-alarma-a-vecinos-de-plaza-espana\\\/\"},\"author\":{\"name\":\"Jeanette\",\"@id\":\"https:\\\/\\\/www.eldiario.net\\\/portal\\\/#\\\/schema\\\/person\\\/2c57cf2b7a7ae032e449e4c9b1019eac\"},\"headline\":\"Asentamiento ilegal de vendedores alarma a vecinos de plaza Espa\u00f1a\",\"datePublished\":\"2021-05-15T12:09:48+00:00\",\"mainEntityOfPage\":{\"@id\":\"https:\\\/\\\/www.eldiario.net\\\/portal\\\/2021\\\/05\\\/15\\\/asentamiento-ilegal-de-vendedores-alarma-a-vecinos-de-plaza-espana\\\/\"},\"wordCount\":412,\"publisher\":{\"@id\":\"https:\\\/\\\/www.eldiario.net\\\/portal\\\/#organization\"},\"image\":{\"@id\":\"https:\\\/\\\/www.eldiario.net\\\/portal\\\/2021\\\/05\\\/15\\\/asentamiento-ilegal-de-vendedores-alarma-a-vecinos-de-plaza-espana\\\/#primaryimage\"},\"thumbnailUrl\":\"\",\"articleSection\":[\"Nacional\"],\"inLanguage\":\"es\"},{\"@type\":\"WebPage\",\"@id\":\"https:\\\/\\\/www.eldiario.net\\\/portal\\\/2021\\\/05\\\/15\\\/asentamiento-ilegal-de-vendedores-alarma-a-vecinos-de-plaza-espana\\\/\",\"url\":\"https:\\\/\\\/www.eldiario.net\\\/portal\\\/2021\\\/05\\\/15\\\/asentamiento-ilegal-de-vendedores-alarma-a-vecinos-de-plaza-espana\\\/\",\"name\":\"Asentamiento ilegal de vendedores alarma a vecinos de plaza Espa\u00f1a - El Diario - Bolivia\",\"isPartOf\":{\"@id\":\"https:\\\/\\\/www.eldiario.net\\\/portal\\\/#website\"},\"primaryImageOfPage\":{\"@id\":\"https:\\\/\\\/www.eldiario.net\\\/portal\\\/2021\\\/05\\\/15\\\/asentamiento-ilegal-de-vendedores-alarma-a-vecinos-de-plaza-espana\\\/#primaryimage\"},\"image\":{\"@id\":\"https:\\\/\\\/www.eldiario.net\\\/portal\\\/2021\\\/05\\\/15\\\/asentamiento-ilegal-de-vendedores-alarma-a-vecinos-de-plaza-espana\\\/#primaryimage\"},\"thumbnailUrl\":\"\",\"datePublished\":\"2021-05-15T12:09:48+00:00\",\"breadcrumb\":{\"@id\":\"https:\\\/\\\/www.eldiario.net\\\/portal\\\/2021\\\/05\\\/15\\\/asentamiento-ilegal-de-vendedores-alarma-a-vecinos-de-plaza-espana\\\/#breadcrumb\"},\"inLanguage\":\"es\",\"potentialAction\":[{\"@type\":\"ReadAction\",\"target\":[\"https:\\\/\\\/www.eldiario.net\\\/portal\\\/2021\\\/05\\\/15\\\/asentamiento-ilegal-de-vendedores-alarma-a-vecinos-de-plaza-espana\\\/\"]}]},{\"@type\":\"ImageObject\",\"inLanguage\":\"es\",\"@id\":\"https:\\\/\\\/www.eldiario.net\\\/portal\\\/2021\\\/05\\\/15\\\/asentamiento-ilegal-de-vendedores-alarma-a-vecinos-de-plaza-espana\\\/#primaryimage\",\"url\":\"\",\"contentUrl\":\"\"},{\"@type\":\"BreadcrumbList\",\"@id\":\"https:\\\/\\\/www.eldiario.net\\\/portal\\\/2021\\\/05\\\/15\\\/asentamiento-ilegal-de-vendedores-alarma-a-vecinos-de-plaza-espana\\\/#breadcrumb\",\"itemListElement\":[{\"@type\":\"ListItem\",\"position\":1,\"name\":\"Portada\",\"item\":\"https:\\\/\\\/www.eldiario.net\\\/portal\\\/\"},{\"@type\":\"ListItem\",\"position\":2,\"name\":\"Asentamiento ilegal de vendedores alarma a vecinos de plaza Espa\u00f1a\"}]},{\"@type\":\"WebSite\",\"@id\":\"https:\\\/\\\/www.eldiario.net\\\/portal\\\/#website\",\"url\":\"https:\\\/\\\/www.eldiario.net\\\/portal\\\/\",\"name\":\"El Diario - Decano de la prensa nacional\",\"description\":\"El Diario - Decano de la prensa nacional\",\"publisher\":{\"@id\":\"https:\\\/\\\/www.eldiario.net\\\/portal\\\/#organization\"},\"potentialAction\":[{\"@type\":\"SearchAction\",\"target\":{\"@type\":\"EntryPoint\",\"urlTemplate\":\"https:\\\/\\\/www.eldiario.net\\\/portal\\\/?s={search_term_string}\"},\"query-input\":{\"@type\":\"PropertyValueSpecification\",\"valueRequired\":true,\"valueName\":\"search_term_string\"}}],\"inLanguage\":\"es\"},{\"@type\":\"Organization\",\"@id\":\"https:\\\/\\\/www.eldiario.net\\\/portal\\\/#organization\",\"name\":\"El Diario - Decano de la prensa nacional\",\"url\":\"https:\\\/\\\/www.eldiario.net\\\/portal\\\/\",\"logo\":{\"@type\":\"ImageObject\",\"inLanguage\":\"es\",\"@id\":\"https:\\\/\\\/www.eldiario.net\\\/portal\\\/#\\\/schema\\\/logo\\\/image\\\/\",\"url\":\"https:\\\/\\\/www.eldiario.net\\\/portal\\\/wp-content\\\/uploads\\\/2023\\\/07\\\/logo_ED.jpg\",\"contentUrl\":\"https:\\\/\\\/www.eldiario.net\\\/portal\\\/wp-content\\\/uploads\\\/2023\\\/07\\\/logo_ED.jpg\",\"width\":272,\"height\":52,\"caption\":\"El Diario - Decano de la prensa nacional\"},\"image\":{\"@id\":\"https:\\\/\\\/www.eldiario.net\\\/portal\\\/#\\\/schema\\\/logo\\\/image\\\/\"},\"sameAs\":[\"https:\\\/\\\/www.facebook.com\\\/eldiario.bolivia\\\/\",\"https:\\\/\\\/x.com\\\/eldiario_net\"]},{\"@type\":\"Person\",\"@id\":\"https:\\\/\\\/www.eldiario.net\\\/portal\\\/#\\\/schema\\\/person\\\/2c57cf2b7a7ae032e449e4c9b1019eac\",\"name\":\"Jeanette\",\"image\":{\"@type\":\"ImageObject\",\"inLanguage\":\"es\",\"@id\":\"https:\\\/\\\/secure.gravatar.com\\\/avatar\\\/3ea2118a5f7dad2b7138b1187a6b7ee55f160b9968b66013c3a3ef39dd7e5798?s=96&d=mm&r=g\",\"url\":\"https:\\\/\\\/secure.gravatar.com\\\/avatar\\\/3ea2118a5f7dad2b7138b1187a6b7ee55f160b9968b66013c3a3ef39dd7e5798?s=96&d=mm&r=g\",\"contentUrl\":\"https:\\\/\\\/secure.gravatar.com\\\/avatar\\\/3ea2118a5f7dad2b7138b1187a6b7ee55f160b9968b66013c3a3ef39dd7e5798?s=96&d=mm&r=g\",\"caption\":\"Jeanette\"},\"sameAs\":[\"https:\\\/\\\/www.eldiario.net\\\/portal\"],\"url\":\"https:\\\/\\\/www.eldiario.net\\\/portal\\\/author\\\/jeanette\\\/\"}]}<\/script>\n<!-- \/ Yoast SEO plugin. -->","yoast_head_json":{"title":"Asentamiento ilegal de vendedores alarma a vecinos de plaza Espa\u00f1a - El Diario - Bolivia","robots":{"index":"index","follow":"follow","max-snippet":"max-snippet:-1","max-image-preview":"max-image-preview:large","max-video-preview":"max-video-preview:-1"},"canonical":"https:\/\/www.eldiario.net\/portal\/2021\/05\/15\/asentamiento-ilegal-de-vendedores-alarma-a-vecinos-de-plaza-espana\/","og_locale":"es_ES","og_type":"article","og_title":"Asentamiento ilegal de vendedores alarma a vecinos de plaza Espa\u00f1a - El Diario - Bolivia","og_description":"Los vecinos de la plaza Espa\u00f1a, en la zona pace\u00f1a de Sopocachi, se encuentran alarmados ante el asentamiento ilegal de decenas de comerciantes en las aceras de todo el sector. La preocupaci\u00f3n es porque la organizaci\u00f3n de vendedores empez\u00f3 a tramitar patentes para que el asentamiento tenga legalidad en una zona residencial, donde existen inmuebles [&hellip;]","og_url":"https:\/\/www.eldiario.net\/portal\/2021\/05\/15\/asentamiento-ilegal-de-vendedores-alarma-a-vecinos-de-plaza-espana\/","og_site_name":"El Diario - Bolivia","article_publisher":"https:\/\/www.facebook.com\/eldiario.bolivia\/","article_published_time":"2021-05-15T12:09:48+00:00","author":"Jeanette","twitter_card":"summary_large_image","twitter_creator":"@eldiario_net","twitter_site":"@eldiario_net","twitter_misc":{"Escrito por":"Jeanette","Tiempo de lectura":"2 minutos"},"schema":{"@context":"https:\/\/schema.org","@graph":[{"@type":"Article","@id":"https:\/\/www.eldiario.net\/portal\/2021\/05\/15\/asentamiento-ilegal-de-vendedores-alarma-a-vecinos-de-plaza-espana\/#article","isPartOf":{"@id":"https:\/\/www.eldiario.net\/portal\/2021\/05\/15\/asentamiento-ilegal-de-vendedores-alarma-a-vecinos-de-plaza-espana\/"},"author":{"name":"Jeanette","@id":"https:\/\/www.eldiario.net\/portal\/#\/schema\/person\/2c57cf2b7a7ae032e449e4c9b1019eac"},"headline":"Asentamiento ilegal de vendedores alarma a vecinos de plaza Espa\u00f1a","datePublished":"2021-05-15T12:09:48+00:00","mainEntityOfPage":{"@id":"https:\/\/www.eldiario.net\/portal\/2021\/05\/15\/asentamiento-ilegal-de-vendedores-alarma-a-vecinos-de-plaza-espana\/"},"wordCount":412,"publisher":{"@id":"https:\/\/www.eldiario.net\/portal\/#organization"},"image":{"@id":"https:\/\/www.eldiario.net\/portal\/2021\/05\/15\/asentamiento-ilegal-de-vendedores-alarma-a-vecinos-de-plaza-espana\/#primaryimage"},"thumbnailUrl":"","articleSection":["Nacional"],"inLanguage":"es"},{"@type":"WebPage","@id":"https:\/\/www.eldiario.net\/portal\/2021\/05\/15\/asentamiento-ilegal-de-vendedores-alarma-a-vecinos-de-plaza-espana\/","url":"https:\/\/www.eldiario.net\/portal\/2021\/05\/15\/asentamiento-ilegal-de-vendedores-alarma-a-vecinos-de-plaza-espana\/","name":"Asentamiento ilegal de vendedores alarma a vecinos de plaza Espa\u00f1a - El Diario - Bolivia","isPartOf":{"@id":"https:\/\/www.eldiario.net\/portal\/#website"},"primaryImageOfPage":{"@id":"https:\/\/www.eldiario.net\/portal\/2021\/05\/15\/asentamiento-ilegal-de-vendedores-alarma-a-vecinos-de-plaza-espana\/#primaryimage"},"image":{"@id":"https:\/\/www.eldiario.net\/portal\/2021\/05\/15\/asentamiento-ilegal-de-vendedores-alarma-a-vecinos-de-plaza-espana\/#primaryimage"},"thumbnailUrl":"","datePublished":"2021-05-15T12:09:48+00:00","breadcrumb":{"@id":"https:\/\/www.eldiario.net\/portal\/2021\/05\/15\/asentamiento-ilegal-de-vendedores-alarma-a-vecinos-de-plaza-espana\/#breadcrumb"},"inLanguage":"es","potentialAction":[{"@type":"ReadAction","target":["https:\/\/www.eldiario.net\/portal\/2021\/05\/15\/asentamiento-ilegal-de-vendedores-alarma-a-vecinos-de-plaza-espana\/"]}]},{"@type":"ImageObject","inLanguage":"es","@id":"https:\/\/www.eldiario.net\/portal\/2021\/05\/15\/asentamiento-ilegal-de-vendedores-alarma-a-vecinos-de-plaza-espana\/#primaryimage","url":"","contentUrl":""},{"@type":"BreadcrumbList","@id":"https:\/\/www.eldiario.net\/portal\/2021\/05\/15\/asentamiento-ilegal-de-vendedores-alarma-a-vecinos-de-plaza-espana\/#breadcrumb","itemListElement":[{"@type":"ListItem","position":1,"name":"Portada","item":"https:\/\/www.eldiario.net\/portal\/"},{"@type":"ListItem","position":2,"name":"Asentamiento ilegal de vendedores alarma a vecinos de plaza Espa\u00f1a"}]},{"@type":"WebSite","@id":"https:\/\/www.eldiario.net\/portal\/#website","url":"https:\/\/www.eldiario.net\/portal\/","name":"El Diario - Decano de la prensa nacional","description":"El Diario - Decano de la prensa nacional","publisher":{"@id":"https:\/\/www.eldiario.net\/portal\/#organization"},"potentialAction":[{"@type":"SearchAction","target":{"@type":"EntryPoint","urlTemplate":"https:\/\/www.eldiario.net\/portal\/?s={search_term_string}"},"query-input":{"@type":"PropertyValueSpecification","valueRequired":true,"valueName":"search_term_string"}}],"inLanguage":"es"},{"@type":"Organization","@id":"https:\/\/www.eldiario.net\/portal\/#organization","name":"El Diario - Decano de la prensa nacional","url":"https:\/\/www.eldiario.net\/portal\/","logo":{"@type":"ImageObject","inLanguage":"es","@id":"https:\/\/www.eldiario.net\/portal\/#\/schema\/logo\/image\/","url":"https:\/\/www.eldiario.net\/portal\/wp-content\/uploads\/2023\/07\/logo_ED.jpg","contentUrl":"https:\/\/www.eldiario.net\/portal\/wp-content\/uploads\/2023\/07\/logo_ED.jpg","width":272,"height":52,"caption":"El Diario - Decano de la prensa nacional"},"image":{"@id":"https:\/\/www.eldiario.net\/portal\/#\/schema\/logo\/image\/"},"sameAs":["https:\/\/www.facebook.com\/eldiario.bolivia\/","https:\/\/x.com\/eldiario_net"]},{"@type":"Person","@id":"https:\/\/www.eldiario.net\/portal\/#\/schema\/person\/2c57cf2b7a7ae032e449e4c9b1019eac","name":"Jeanette","image":{"@type":"ImageObject","inLanguage":"es","@id":"https:\/\/secure.gravatar.com\/avatar\/3ea2118a5f7dad2b7138b1187a6b7ee55f160b9968b66013c3a3ef39dd7e5798?s=96&d=mm&r=g","url":"https:\/\/secure.gravatar.com\/avatar\/3ea2118a5f7dad2b7138b1187a6b7ee55f160b9968b66013c3a3ef39dd7e5798?s=96&d=mm&r=g","contentUrl":"https:\/\/secure.gravatar.com\/avatar\/3ea2118a5f7dad2b7138b1187a6b7ee55f160b9968b66013c3a3ef39dd7e5798?s=96&d=mm&r=g","caption":"Jeanette"},"sameAs":["https:\/\/www.eldiario.net\/portal"],"url":"https:\/\/www.eldiario.net\/portal\/author\/jeanette\/"}]}},"_links":{"self":[{"href":"https:\/\/www.eldiario.net\/portal\/wp-json\/wp\/v2\/posts\/4015","targetHints":{"allow":["GET"]}}],"collection":[{"href":"https:\/\/www.eldiario.net\/portal\/wp-json\/wp\/v2\/posts"}],"about":[{"href":"https:\/\/www.eldiario.net\/portal\/wp-json\/wp\/v2\/types\/post"}],"author":[{"embeddable":true,"href":"https:\/\/www.eldiario.net\/portal\/wp-json\/wp\/v2\/users\/1"}],"replies":[{"embeddable":true,"href":"https:\/\/www.eldiario.net\/portal\/wp-json\/wp\/v2\/comments?post=4015"}],"version-history":[{"count":0,"href":"https:\/\/www.eldiario.net\/portal\/wp-json\/wp\/v2\/posts\/4015\/revisions"}],"wp:attachment":[{"href":"https:\/\/www.eldiario.net\/portal\/wp-json\/wp\/v2\/media?parent=4015"}],"wp:term":[{"taxonomy":"category","embeddable":true,"href":"https:\/\/www.eldiario.net\/portal\/wp-json\/wp\/v2\/categories?post=4015"},{"taxonomy":"post_tag","embeddable":true,"href":"https:\/\/www.eldiario.net\/portal\/wp-json\/wp\/v2\/tags?post=4015"}],"curies":[{"name":"wp","href":"https:\/\/api.w.org\/{rel}","templated":true}]}}