{"id":401480,"date":"2026-06-07T06:56:09","date_gmt":"2026-06-07T10:56:09","guid":{"rendered":"https:\/\/www.eldiario.net\/portal\/?p=401480"},"modified":"2026-06-07T06:56:09","modified_gmt":"2026-06-07T10:56:09","slug":"problemas-en-los-huesos-y-las-articulaciones-relacionados-con-la-diabetes","status":"publish","type":"post","link":"https:\/\/www.eldiario.net\/portal\/2026\/06\/07\/problemas-en-los-huesos-y-las-articulaciones-relacionados-con-la-diabetes\/","title":{"rendered":"PROBLEMAS EN LOS HUESOS Y LAS ARTICULACIONES RELACIONADOS CON LA DIABETES"},"content":{"rendered":"<p>Si tiene diabetes, el riesgo de presentar varios trastornos \u00f3seos y de articulaciones es mayor. Algunos factores, como el da\u00f1o neural (tambi\u00e9n conocido como neuropat\u00eda diab\u00e9tica), la enfermedad arterial y la obesidad, pueden ocasionar estos problemas, pero a menudo la causa es desconocida.<\/p>\n<p>Inf\u00f3rmese m\u00e1s sobre los diferentes trastornos \u00f3seos y de las articulaciones, as\u00ed como de los s\u00edntomas y el tratamiento.<\/p>\n<p><strong>Articulaci\u00f3n de Charcot<\/strong><\/p>\n<p><strong>\u00bfQu\u00e9 es?<\/strong><\/p>\n<p>La articulaci\u00f3n de Charcot, tambi\u00e9n conocida como artropat\u00eda neurop\u00e1tica, ocurre cuando una articulaci\u00f3n se deteriora debido al da\u00f1o de los nervios, algo que es una complicaci\u00f3n frecuente de la diabetes. La articulaci\u00f3n de Charcot afecta principalmente los pies.<\/p>\n<p><strong>\u00bfCu\u00e1les son los s\u00edntomas?<\/strong><\/p>\n<p>Podr\u00eda presentar entumecimiento y hormigueo o una p\u00e9rdida de la sensibilidad en las articulaciones afectadas. Es posible que las sienta calientes, se enrojezcan y se hinchen y que se vuelvan inestables o se deformen. Tal vez no sienta mucho dolor en la articulaci\u00f3n afectada, a pesar de su aspecto.<\/p>\n<p><strong>\u00bfC\u00f3mo se trata?<\/strong><\/p>\n<p>Si se detecta en etapas tempranas, la progresi\u00f3n de la enfermedad se puede hacer m\u00e1s lenta. Es recomendable limitar las actividades en las que se soporta peso sobre la articulaci\u00f3n afectada y las estructuras que la rodean y usar apoyos ortop\u00e9dicos.<\/p>\n<p><strong>Movilidad articular reducida<\/strong><\/p>\n<p><strong>\u00bfQu\u00e9 es?<\/strong><\/p>\n<p>La movilidad articular reducida, tambi\u00e9n llamada s\u00edndrome de la mano diab\u00e9tica o queiroartropat\u00eda, es la rigidez de las articulaciones que afecta m\u00e1s com\u00fanmente a las peque\u00f1as articulaciones de las manos. La piel de las manos puede engrosarse y volverse cerosa. Con el tiempo, se reduce la movilidad de los dedos. Pueden afectarse otras articulaciones, como los hombros, los pies y los tobillos. Se desconoce la causa de la movilidad articular reducida. Es m\u00e1s com\u00fan en personas que padecen diabetes desde hace mucho tiempo.<\/p>\n<p><strong>\u00bfCu\u00e1les son los s\u00edntomas?<\/strong><\/p>\n<p>Tal vez tenga incapacidad de extender completamente los dedos o de presionar las palmas entre s\u00ed en forma plana.<\/p>\n<p><strong>\u00bfC\u00f3mo se trata?<\/strong><\/p>\n<p>Mejorar el control de los niveles de glucosa sangu\u00ednea y la fisioterapia pueden frenar el progreso de esta afecci\u00f3n, pero la movilidad reducida posiblemente no sea reversible.<\/p>\n<p><strong>Osteoporosis<\/strong><\/p>\n<p><strong>\u00bfQu\u00e9 es?<\/strong><\/p>\n<p>La osteoporosis es un trastorno que hace que los huesos se debiliten y aumenta el riesgo de que se quiebren. Las personas que tienen diabetes tipo 1 tienen un riesgo m\u00e1s alto para osteoporosis.<\/p>\n<p><strong>\u00bfCu\u00e1les son los s\u00edntomas?<\/strong><\/p>\n<p>La osteoporosis rara vez causa s\u00edntomas en las etapas iniciales. Con el tiempo, cuando la enfermedad est\u00e1 m\u00e1s avanzada, puede presentar p\u00e9rdida de estatura, postura encorvada o fracturas \u00f3seas.<\/p>\n<p><strong>\u00bfC\u00f3mo se trata?<\/strong><\/p>\n<p>Las mejores formas de tratar esta afecci\u00f3n son llevar un estilo de vida saludable, que incluya ejercicio que soporta el peso corporal, caminatas y una alimentaci\u00f3n equilibrada rica en calcio y vitamina D, incluido un suplemento si es necesario. Es posible que algunos pacientes con enfermedad m\u00e1s grave o avanzada tengan que tomar medicamentos para prevenir una mayor p\u00e9rdida de hueso o para aumentar la masa \u00f3sea.<\/p>\n<p><strong>Artrosis<\/strong><\/p>\n<p><strong>\u00bfQu\u00e9 es?<\/strong><\/p>\n<p>La artrosis es un trastorno que se caracteriza por el deterioro del cart\u00edlago de las articulaciones. Puede afectar cualquier articulaci\u00f3n del cuerpo. Las personas que tienen diabetes tipo 2 corren un riesgo m\u00e1s alto para artrosis, probablemente debido a la obesidad (un factor de riesgo para la diabetes tipo 2) y no tanto debido a la diabetes propiamente dicha.<\/p>\n<p><strong>\u00bfCu\u00e1les son los s\u00edntomas?<\/strong><\/p>\n<p>Es posible que la artrosis cause dolor de las articulaciones, hinchaz\u00f3n y rigidez, as\u00ed como una p\u00e9rdida de flexibilidad y movimiento de las articulaciones.<\/p>\n<p><strong>\u00bfC\u00f3mo se trata?<\/strong><\/p>\n<p>El tratamiento consiste en hacer ejercicio, mantener un peso saludable, cuidar y dar reposo a la articulaci\u00f3n afectada, recibir fisioterapia y tomar analg\u00e9sicos. El tratamiento tambi\u00e9n puede consistir en cirug\u00eda, como por ejemplo, de reemplazo de rodilla o cadera. Los tratamientos complementarios, tales como la acupuntura y los masajes, probablemente tambi\u00e9n sean \u00fatiles para controlar el dolor.<\/p>\n<p><strong>Hiperostosis esquel\u00e9tica idiop\u00e1tica difusa<\/strong><\/p>\n<p><strong>\u00bfQu\u00e9 es?<\/strong><\/p>\n<p>La hiperostosis esquel\u00e9tica idiop\u00e1tica difusa, tambi\u00e9n llamada enfermedad de Forestier, es el endurecimiento de los tendones y los ligamentos que por lo general afecta a la columna vertebral. Puede estar asociada con diabetes tipo 2, tal vez debido a la insulina o a los factores insul\u00ednicos de crecimiento que favorecen el crecimiento de huesos nuevos.<\/p>\n<p><strong>\u00bfCu\u00e1les son los s\u00edntomas?<\/strong><\/p>\n<p>Probablemente sienta dolor, rigidez o una disminuci\u00f3n en el rango de movimiento de cualquier parte afectada del cuerpo. Si afecta la columna vertebral, tal vez presente rigidez en la espalda o el cuello.<\/p>\n<p><strong>\u00bfC\u00f3mo se trata?<\/strong><\/p>\n<p>El tratamiento consiste en el control de los s\u00edntomas, por lo general con analg\u00e9sicos como el acetaminof\u00e9n (Tylenol y otros) e ibuprofeno (Advil, Motrin IB y otros) e inyecciones de corticoides.<\/p>\n<p><strong>Contractura de Dupuytren<\/strong><\/p>\n<p><strong>\u00bfQu\u00e9 es?<\/strong><\/p>\n<p>La contractura de Dupuytren es una deformidad en la cual uno o m\u00e1s dedos se encuentran flexionados hacia la palma de la mano. Es el resultado del engrosamiento y la cicatrizaci\u00f3n del tejido conectivo en la palma de la mano y en los dedos. La contractura de Dupuytren es m\u00e1s com\u00fan en personas que padecen diabetes desde hace mucho tiempo.<\/p>\n<p><strong>\u00bfCu\u00e1les son los s\u00edntomas?<\/strong><\/p>\n<p>Podr\u00e1 notar un engrosamiento de la piel de la palma de la mano. Con el tiempo, es posible que no pueda estirar completamente uno o m\u00e1s dedos.<\/p>\n<p><strong>\u00bfC\u00f3mo se trata?<\/strong><\/p>\n<p>Si siente dolor, una infiltraci\u00f3n con esteroides puede ayudarle a reducir la inflamaci\u00f3n. Si la afecci\u00f3n no le permite agarrar objetos, otras opciones son la cirug\u00eda, la inyecci\u00f3n de la enzima colagenasa y una t\u00e9cnica de invasi\u00f3n m\u00ednima llamada aponeurotom\u00eda que rompe el tejido grueso.<\/p>\n<p><strong>Hombro congelado<\/strong><\/p>\n<p><strong>\u00bfQu\u00e9 es?<\/strong><\/p>\n<p>El hombro r\u00edgido es una afecci\u00f3n que causa dolor en el hombro y limita la amplitud de movimiento. Normalmente afecta un solo hombro. Si bien la causa por lo general es desconocida, la diabetes es un factor de riesgo com\u00fan.<\/p>\n<p><strong>\u00bfCu\u00e1les son los s\u00edntomas?<\/strong><\/p>\n<p>El hombro r\u00edgido causa dolor o sensibilidad al mover el hombro, rigidez en la articulaci\u00f3n y limitaci\u00f3n en la amplitud de movimiento.<\/p>\n<p><strong>\u00bfC\u00f3mo se trata?<\/strong><\/p>\n<p>Si se inicia a tiempo, la fisioterapia puede ayudar a preservar la movilidad y la amplitud de movimiento de la articulaci\u00f3n. Un profesional de atenci\u00f3n m\u00e9dica puede administrar inyecciones de glucocorticoides a las personas que tienen s\u00edntomas moderados a graves.<\/p>\n<p>Fuente: Mayo Clinic<\/p>\n<p>&nbsp;<\/p>\n","protected":false},"excerpt":{"rendered":"<p>Si tiene diabetes, el riesgo de presentar varios trastornos \u00f3seos y de articulaciones es mayor. Algunos factores, como el da\u00f1o neural (tambi\u00e9n conocido como neuropat\u00eda diab\u00e9tica), la enfermedad arterial y la obesidad, pueden ocasionar estos problemas, pero a menudo la causa es desconocida. Inf\u00f3rmese m\u00e1s sobre los diferentes trastornos \u00f3seos y de las articulaciones, as\u00ed [&hellip;]<\/p>\n","protected":false},"author":1,"featured_media":401481,"comment_status":"closed","ping_status":"open","sticky":false,"template":"","format":"standard","meta":{"_acf_changed":false,"footnotes":""},"categories":[52],"tags":[],"class_list":["post-401480","post","type-post","status-publish","format-standard","has-post-thumbnail","category-de-salud-mas-vida"],"acf":{"antetitulo":""},"yoast_head":"<!-- This site is optimized with the Yoast SEO plugin v28.4 - https:\/\/yoast.com\/product\/yoast-seo-wordpress\/ -->\n<title>PROBLEMAS EN LOS HUESOS Y LAS ARTICULACIONES RELACIONADOS CON LA DIABETES - El Diario - Bolivia<\/title>\n<meta name=\"robots\" content=\"index, follow, max-snippet:-1, max-image-preview:large, max-video-preview:-1\" \/>\n<link rel=\"canonical\" href=\"https:\/\/www.eldiario.net\/portal\/2026\/06\/07\/problemas-en-los-huesos-y-las-articulaciones-relacionados-con-la-diabetes\/\" \/>\n<meta property=\"og:locale\" content=\"es_ES\" \/>\n<meta property=\"og:type\" content=\"article\" \/>\n<meta property=\"og:title\" content=\"PROBLEMAS EN LOS HUESOS Y LAS ARTICULACIONES RELACIONADOS CON LA DIABETES - El Diario - Bolivia\" \/>\n<meta property=\"og:description\" content=\"Si tiene diabetes, el riesgo de presentar varios trastornos \u00f3seos y de articulaciones es mayor. Algunos factores, como el da\u00f1o neural (tambi\u00e9n conocido como neuropat\u00eda diab\u00e9tica), la enfermedad arterial y la obesidad, pueden ocasionar estos problemas, pero a menudo la causa es desconocida. Inf\u00f3rmese m\u00e1s sobre los diferentes trastornos \u00f3seos y de las articulaciones, as\u00ed [&hellip;]\" \/>\n<meta property=\"og:url\" content=\"https:\/\/www.eldiario.net\/portal\/2026\/06\/07\/problemas-en-los-huesos-y-las-articulaciones-relacionados-con-la-diabetes\/\" \/>\n<meta property=\"og:site_name\" content=\"El Diario - Bolivia\" \/>\n<meta property=\"article:publisher\" content=\"https:\/\/www.facebook.com\/eldiario.bolivia\/\" \/>\n<meta property=\"article:published_time\" content=\"2026-06-07T10:56:09+00:00\" \/>\n<meta property=\"og:image\" content=\"https:\/\/www.eldiario.net\/portal\/wp-content\/uploads\/2026\/06\/PROBLEMAS-EN-LOS-HUESOS-Y-LAS-ARTICULACIONES-RELACIONADOS-CON-LA-DIABETES.webp\" \/>\n\t<meta property=\"og:image:width\" content=\"1000\" \/>\n\t<meta property=\"og:image:height\" content=\"750\" \/>\n\t<meta property=\"og:image:type\" content=\"image\/webp\" \/>\n<meta name=\"author\" content=\"Jeanette\" \/>\n<meta name=\"twitter:card\" content=\"summary_large_image\" \/>\n<meta name=\"twitter:creator\" content=\"@eldiario_net\" \/>\n<meta name=\"twitter:site\" content=\"@eldiario_net\" \/>\n<meta name=\"twitter:label1\" content=\"Escrito por\" \/>\n\t<meta name=\"twitter:data1\" content=\"Jeanette\" \/>\n\t<meta name=\"twitter:label2\" content=\"Tiempo de lectura\" \/>\n\t<meta name=\"twitter:data2\" content=\"5 minutos\" \/>\n<script type=\"application\/ld+json\" class=\"yoast-schema-graph\">{\"@context\":\"https:\\\/\\\/schema.org\",\"@graph\":[{\"@type\":\"Article\",\"@id\":\"https:\\\/\\\/www.eldiario.net\\\/portal\\\/2026\\\/06\\\/07\\\/problemas-en-los-huesos-y-las-articulaciones-relacionados-con-la-diabetes\\\/#article\",\"isPartOf\":{\"@id\":\"https:\\\/\\\/www.eldiario.net\\\/portal\\\/2026\\\/06\\\/07\\\/problemas-en-los-huesos-y-las-articulaciones-relacionados-con-la-diabetes\\\/\"},\"author\":{\"name\":\"Jeanette\",\"@id\":\"https:\\\/\\\/www.eldiario.net\\\/portal\\\/#\\\/schema\\\/person\\\/2c57cf2b7a7ae032e449e4c9b1019eac\"},\"headline\":\"PROBLEMAS EN LOS HUESOS Y LAS ARTICULACIONES RELACIONADOS CON LA DIABETES\",\"datePublished\":\"2026-06-07T10:56:09+00:00\",\"mainEntityOfPage\":{\"@id\":\"https:\\\/\\\/www.eldiario.net\\\/portal\\\/2026\\\/06\\\/07\\\/problemas-en-los-huesos-y-las-articulaciones-relacionados-con-la-diabetes\\\/\"},\"wordCount\":1140,\"publisher\":{\"@id\":\"https:\\\/\\\/www.eldiario.net\\\/portal\\\/#organization\"},\"image\":{\"@id\":\"https:\\\/\\\/www.eldiario.net\\\/portal\\\/2026\\\/06\\\/07\\\/problemas-en-los-huesos-y-las-articulaciones-relacionados-con-la-diabetes\\\/#primaryimage\"},\"thumbnailUrl\":\"https:\\\/\\\/www.eldiario.net\\\/portal\\\/wp-content\\\/uploads\\\/2026\\\/06\\\/PROBLEMAS-EN-LOS-HUESOS-Y-LAS-ARTICULACIONES-RELACIONADOS-CON-LA-DIABETES.webp\",\"articleSection\":[\"De Salud + vida\"],\"inLanguage\":\"es\"},{\"@type\":\"WebPage\",\"@id\":\"https:\\\/\\\/www.eldiario.net\\\/portal\\\/2026\\\/06\\\/07\\\/problemas-en-los-huesos-y-las-articulaciones-relacionados-con-la-diabetes\\\/\",\"url\":\"https:\\\/\\\/www.eldiario.net\\\/portal\\\/2026\\\/06\\\/07\\\/problemas-en-los-huesos-y-las-articulaciones-relacionados-con-la-diabetes\\\/\",\"name\":\"PROBLEMAS EN LOS HUESOS Y LAS ARTICULACIONES RELACIONADOS CON LA DIABETES - El Diario - Bolivia\",\"isPartOf\":{\"@id\":\"https:\\\/\\\/www.eldiario.net\\\/portal\\\/#website\"},\"primaryImageOfPage\":{\"@id\":\"https:\\\/\\\/www.eldiario.net\\\/portal\\\/2026\\\/06\\\/07\\\/problemas-en-los-huesos-y-las-articulaciones-relacionados-con-la-diabetes\\\/#primaryimage\"},\"image\":{\"@id\":\"https:\\\/\\\/www.eldiario.net\\\/portal\\\/2026\\\/06\\\/07\\\/problemas-en-los-huesos-y-las-articulaciones-relacionados-con-la-diabetes\\\/#primaryimage\"},\"thumbnailUrl\":\"https:\\\/\\\/www.eldiario.net\\\/portal\\\/wp-content\\\/uploads\\\/2026\\\/06\\\/PROBLEMAS-EN-LOS-HUESOS-Y-LAS-ARTICULACIONES-RELACIONADOS-CON-LA-DIABETES.webp\",\"datePublished\":\"2026-06-07T10:56:09+00:00\",\"breadcrumb\":{\"@id\":\"https:\\\/\\\/www.eldiario.net\\\/portal\\\/2026\\\/06\\\/07\\\/problemas-en-los-huesos-y-las-articulaciones-relacionados-con-la-diabetes\\\/#breadcrumb\"},\"inLanguage\":\"es\",\"potentialAction\":[{\"@type\":\"ReadAction\",\"target\":[\"https:\\\/\\\/www.eldiario.net\\\/portal\\\/2026\\\/06\\\/07\\\/problemas-en-los-huesos-y-las-articulaciones-relacionados-con-la-diabetes\\\/\"]}]},{\"@type\":\"ImageObject\",\"inLanguage\":\"es\",\"@id\":\"https:\\\/\\\/www.eldiario.net\\\/portal\\\/2026\\\/06\\\/07\\\/problemas-en-los-huesos-y-las-articulaciones-relacionados-con-la-diabetes\\\/#primaryimage\",\"url\":\"https:\\\/\\\/www.eldiario.net\\\/portal\\\/wp-content\\\/uploads\\\/2026\\\/06\\\/PROBLEMAS-EN-LOS-HUESOS-Y-LAS-ARTICULACIONES-RELACIONADOS-CON-LA-DIABETES.webp\",\"contentUrl\":\"https:\\\/\\\/www.eldiario.net\\\/portal\\\/wp-content\\\/uploads\\\/2026\\\/06\\\/PROBLEMAS-EN-LOS-HUESOS-Y-LAS-ARTICULACIONES-RELACIONADOS-CON-LA-DIABETES.webp\",\"width\":1000,\"height\":750},{\"@type\":\"BreadcrumbList\",\"@id\":\"https:\\\/\\\/www.eldiario.net\\\/portal\\\/2026\\\/06\\\/07\\\/problemas-en-los-huesos-y-las-articulaciones-relacionados-con-la-diabetes\\\/#breadcrumb\",\"itemListElement\":[{\"@type\":\"ListItem\",\"position\":1,\"name\":\"Portada\",\"item\":\"https:\\\/\\\/www.eldiario.net\\\/portal\\\/\"},{\"@type\":\"ListItem\",\"position\":2,\"name\":\"PROBLEMAS EN LOS HUESOS Y LAS ARTICULACIONES RELACIONADOS CON LA DIABETES\"}]},{\"@type\":\"WebSite\",\"@id\":\"https:\\\/\\\/www.eldiario.net\\\/portal\\\/#website\",\"url\":\"https:\\\/\\\/www.eldiario.net\\\/portal\\\/\",\"name\":\"El Diario - Decano de la prensa nacional\",\"description\":\"El Diario - Decano de la prensa nacional\",\"publisher\":{\"@id\":\"https:\\\/\\\/www.eldiario.net\\\/portal\\\/#organization\"},\"potentialAction\":[{\"@type\":\"SearchAction\",\"target\":{\"@type\":\"EntryPoint\",\"urlTemplate\":\"https:\\\/\\\/www.eldiario.net\\\/portal\\\/?s={search_term_string}\"},\"query-input\":{\"@type\":\"PropertyValueSpecification\",\"valueRequired\":true,\"valueName\":\"search_term_string\"}}],\"inLanguage\":\"es\"},{\"@type\":\"Organization\",\"@id\":\"https:\\\/\\\/www.eldiario.net\\\/portal\\\/#organization\",\"name\":\"El Diario - Decano de la prensa nacional\",\"url\":\"https:\\\/\\\/www.eldiario.net\\\/portal\\\/\",\"logo\":{\"@type\":\"ImageObject\",\"inLanguage\":\"es\",\"@id\":\"https:\\\/\\\/www.eldiario.net\\\/portal\\\/#\\\/schema\\\/logo\\\/image\\\/\",\"url\":\"https:\\\/\\\/www.eldiario.net\\\/portal\\\/wp-content\\\/uploads\\\/2023\\\/07\\\/logo_ED.jpg\",\"contentUrl\":\"https:\\\/\\\/www.eldiario.net\\\/portal\\\/wp-content\\\/uploads\\\/2023\\\/07\\\/logo_ED.jpg\",\"width\":272,\"height\":52,\"caption\":\"El Diario - Decano de la prensa nacional\"},\"image\":{\"@id\":\"https:\\\/\\\/www.eldiario.net\\\/portal\\\/#\\\/schema\\\/logo\\\/image\\\/\"},\"sameAs\":[\"https:\\\/\\\/www.facebook.com\\\/eldiario.bolivia\\\/\",\"https:\\\/\\\/x.com\\\/eldiario_net\"]},{\"@type\":\"Person\",\"@id\":\"https:\\\/\\\/www.eldiario.net\\\/portal\\\/#\\\/schema\\\/person\\\/2c57cf2b7a7ae032e449e4c9b1019eac\",\"name\":\"Jeanette\",\"image\":{\"@type\":\"ImageObject\",\"inLanguage\":\"es\",\"@id\":\"https:\\\/\\\/secure.gravatar.com\\\/avatar\\\/3ea2118a5f7dad2b7138b1187a6b7ee55f160b9968b66013c3a3ef39dd7e5798?s=96&d=mm&r=g\",\"url\":\"https:\\\/\\\/secure.gravatar.com\\\/avatar\\\/3ea2118a5f7dad2b7138b1187a6b7ee55f160b9968b66013c3a3ef39dd7e5798?s=96&d=mm&r=g\",\"contentUrl\":\"https:\\\/\\\/secure.gravatar.com\\\/avatar\\\/3ea2118a5f7dad2b7138b1187a6b7ee55f160b9968b66013c3a3ef39dd7e5798?s=96&d=mm&r=g\",\"caption\":\"Jeanette\"},\"sameAs\":[\"https:\\\/\\\/www.eldiario.net\\\/portal\"],\"url\":\"https:\\\/\\\/www.eldiario.net\\\/portal\\\/author\\\/jeanette\\\/\"}]}<\/script>\n<!-- \/ Yoast SEO plugin. -->","yoast_head_json":{"title":"PROBLEMAS EN LOS HUESOS Y LAS ARTICULACIONES RELACIONADOS CON LA DIABETES - El Diario - Bolivia","robots":{"index":"index","follow":"follow","max-snippet":"max-snippet:-1","max-image-preview":"max-image-preview:large","max-video-preview":"max-video-preview:-1"},"canonical":"https:\/\/www.eldiario.net\/portal\/2026\/06\/07\/problemas-en-los-huesos-y-las-articulaciones-relacionados-con-la-diabetes\/","og_locale":"es_ES","og_type":"article","og_title":"PROBLEMAS EN LOS HUESOS Y LAS ARTICULACIONES RELACIONADOS CON LA DIABETES - El Diario - Bolivia","og_description":"Si tiene diabetes, el riesgo de presentar varios trastornos \u00f3seos y de articulaciones es mayor. Algunos factores, como el da\u00f1o neural (tambi\u00e9n conocido como neuropat\u00eda diab\u00e9tica), la enfermedad arterial y la obesidad, pueden ocasionar estos problemas, pero a menudo la causa es desconocida. Inf\u00f3rmese m\u00e1s sobre los diferentes trastornos \u00f3seos y de las articulaciones, as\u00ed [&hellip;]","og_url":"https:\/\/www.eldiario.net\/portal\/2026\/06\/07\/problemas-en-los-huesos-y-las-articulaciones-relacionados-con-la-diabetes\/","og_site_name":"El Diario - Bolivia","article_publisher":"https:\/\/www.facebook.com\/eldiario.bolivia\/","article_published_time":"2026-06-07T10:56:09+00:00","og_image":[{"width":1000,"height":750,"url":"https:\/\/www.eldiario.net\/portal\/wp-content\/uploads\/2026\/06\/PROBLEMAS-EN-LOS-HUESOS-Y-LAS-ARTICULACIONES-RELACIONADOS-CON-LA-DIABETES.webp","type":"image\/webp"}],"author":"Jeanette","twitter_card":"summary_large_image","twitter_creator":"@eldiario_net","twitter_site":"@eldiario_net","twitter_misc":{"Escrito por":"Jeanette","Tiempo de lectura":"5 minutos"},"schema":{"@context":"https:\/\/schema.org","@graph":[{"@type":"Article","@id":"https:\/\/www.eldiario.net\/portal\/2026\/06\/07\/problemas-en-los-huesos-y-las-articulaciones-relacionados-con-la-diabetes\/#article","isPartOf":{"@id":"https:\/\/www.eldiario.net\/portal\/2026\/06\/07\/problemas-en-los-huesos-y-las-articulaciones-relacionados-con-la-diabetes\/"},"author":{"name":"Jeanette","@id":"https:\/\/www.eldiario.net\/portal\/#\/schema\/person\/2c57cf2b7a7ae032e449e4c9b1019eac"},"headline":"PROBLEMAS EN LOS HUESOS Y LAS ARTICULACIONES RELACIONADOS CON LA DIABETES","datePublished":"2026-06-07T10:56:09+00:00","mainEntityOfPage":{"@id":"https:\/\/www.eldiario.net\/portal\/2026\/06\/07\/problemas-en-los-huesos-y-las-articulaciones-relacionados-con-la-diabetes\/"},"wordCount":1140,"publisher":{"@id":"https:\/\/www.eldiario.net\/portal\/#organization"},"image":{"@id":"https:\/\/www.eldiario.net\/portal\/2026\/06\/07\/problemas-en-los-huesos-y-las-articulaciones-relacionados-con-la-diabetes\/#primaryimage"},"thumbnailUrl":"https:\/\/www.eldiario.net\/portal\/wp-content\/uploads\/2026\/06\/PROBLEMAS-EN-LOS-HUESOS-Y-LAS-ARTICULACIONES-RELACIONADOS-CON-LA-DIABETES.webp","articleSection":["De Salud + vida"],"inLanguage":"es"},{"@type":"WebPage","@id":"https:\/\/www.eldiario.net\/portal\/2026\/06\/07\/problemas-en-los-huesos-y-las-articulaciones-relacionados-con-la-diabetes\/","url":"https:\/\/www.eldiario.net\/portal\/2026\/06\/07\/problemas-en-los-huesos-y-las-articulaciones-relacionados-con-la-diabetes\/","name":"PROBLEMAS EN LOS HUESOS Y LAS ARTICULACIONES RELACIONADOS CON LA DIABETES - El Diario - Bolivia","isPartOf":{"@id":"https:\/\/www.eldiario.net\/portal\/#website"},"primaryImageOfPage":{"@id":"https:\/\/www.eldiario.net\/portal\/2026\/06\/07\/problemas-en-los-huesos-y-las-articulaciones-relacionados-con-la-diabetes\/#primaryimage"},"image":{"@id":"https:\/\/www.eldiario.net\/portal\/2026\/06\/07\/problemas-en-los-huesos-y-las-articulaciones-relacionados-con-la-diabetes\/#primaryimage"},"thumbnailUrl":"https:\/\/www.eldiario.net\/portal\/wp-content\/uploads\/2026\/06\/PROBLEMAS-EN-LOS-HUESOS-Y-LAS-ARTICULACIONES-RELACIONADOS-CON-LA-DIABETES.webp","datePublished":"2026-06-07T10:56:09+00:00","breadcrumb":{"@id":"https:\/\/www.eldiario.net\/portal\/2026\/06\/07\/problemas-en-los-huesos-y-las-articulaciones-relacionados-con-la-diabetes\/#breadcrumb"},"inLanguage":"es","potentialAction":[{"@type":"ReadAction","target":["https:\/\/www.eldiario.net\/portal\/2026\/06\/07\/problemas-en-los-huesos-y-las-articulaciones-relacionados-con-la-diabetes\/"]}]},{"@type":"ImageObject","inLanguage":"es","@id":"https:\/\/www.eldiario.net\/portal\/2026\/06\/07\/problemas-en-los-huesos-y-las-articulaciones-relacionados-con-la-diabetes\/#primaryimage","url":"https:\/\/www.eldiario.net\/portal\/wp-content\/uploads\/2026\/06\/PROBLEMAS-EN-LOS-HUESOS-Y-LAS-ARTICULACIONES-RELACIONADOS-CON-LA-DIABETES.webp","contentUrl":"https:\/\/www.eldiario.net\/portal\/wp-content\/uploads\/2026\/06\/PROBLEMAS-EN-LOS-HUESOS-Y-LAS-ARTICULACIONES-RELACIONADOS-CON-LA-DIABETES.webp","width":1000,"height":750},{"@type":"BreadcrumbList","@id":"https:\/\/www.eldiario.net\/portal\/2026\/06\/07\/problemas-en-los-huesos-y-las-articulaciones-relacionados-con-la-diabetes\/#breadcrumb","itemListElement":[{"@type":"ListItem","position":1,"name":"Portada","item":"https:\/\/www.eldiario.net\/portal\/"},{"@type":"ListItem","position":2,"name":"PROBLEMAS EN LOS HUESOS Y LAS ARTICULACIONES RELACIONADOS CON LA DIABETES"}]},{"@type":"WebSite","@id":"https:\/\/www.eldiario.net\/portal\/#website","url":"https:\/\/www.eldiario.net\/portal\/","name":"El Diario - Decano de la prensa nacional","description":"El Diario - Decano de la prensa nacional","publisher":{"@id":"https:\/\/www.eldiario.net\/portal\/#organization"},"potentialAction":[{"@type":"SearchAction","target":{"@type":"EntryPoint","urlTemplate":"https:\/\/www.eldiario.net\/portal\/?s={search_term_string}"},"query-input":{"@type":"PropertyValueSpecification","valueRequired":true,"valueName":"search_term_string"}}],"inLanguage":"es"},{"@type":"Organization","@id":"https:\/\/www.eldiario.net\/portal\/#organization","name":"El Diario - Decano de la prensa nacional","url":"https:\/\/www.eldiario.net\/portal\/","logo":{"@type":"ImageObject","inLanguage":"es","@id":"https:\/\/www.eldiario.net\/portal\/#\/schema\/logo\/image\/","url":"https:\/\/www.eldiario.net\/portal\/wp-content\/uploads\/2023\/07\/logo_ED.jpg","contentUrl":"https:\/\/www.eldiario.net\/portal\/wp-content\/uploads\/2023\/07\/logo_ED.jpg","width":272,"height":52,"caption":"El Diario - Decano de la prensa nacional"},"image":{"@id":"https:\/\/www.eldiario.net\/portal\/#\/schema\/logo\/image\/"},"sameAs":["https:\/\/www.facebook.com\/eldiario.bolivia\/","https:\/\/x.com\/eldiario_net"]},{"@type":"Person","@id":"https:\/\/www.eldiario.net\/portal\/#\/schema\/person\/2c57cf2b7a7ae032e449e4c9b1019eac","name":"Jeanette","image":{"@type":"ImageObject","inLanguage":"es","@id":"https:\/\/secure.gravatar.com\/avatar\/3ea2118a5f7dad2b7138b1187a6b7ee55f160b9968b66013c3a3ef39dd7e5798?s=96&d=mm&r=g","url":"https:\/\/secure.gravatar.com\/avatar\/3ea2118a5f7dad2b7138b1187a6b7ee55f160b9968b66013c3a3ef39dd7e5798?s=96&d=mm&r=g","contentUrl":"https:\/\/secure.gravatar.com\/avatar\/3ea2118a5f7dad2b7138b1187a6b7ee55f160b9968b66013c3a3ef39dd7e5798?s=96&d=mm&r=g","caption":"Jeanette"},"sameAs":["https:\/\/www.eldiario.net\/portal"],"url":"https:\/\/www.eldiario.net\/portal\/author\/jeanette\/"}]}},"_links":{"self":[{"href":"https:\/\/www.eldiario.net\/portal\/wp-json\/wp\/v2\/posts\/401480","targetHints":{"allow":["GET"]}}],"collection":[{"href":"https:\/\/www.eldiario.net\/portal\/wp-json\/wp\/v2\/posts"}],"about":[{"href":"https:\/\/www.eldiario.net\/portal\/wp-json\/wp\/v2\/types\/post"}],"author":[{"embeddable":true,"href":"https:\/\/www.eldiario.net\/portal\/wp-json\/wp\/v2\/users\/1"}],"replies":[{"embeddable":true,"href":"https:\/\/www.eldiario.net\/portal\/wp-json\/wp\/v2\/comments?post=401480"}],"version-history":[{"count":1,"href":"https:\/\/www.eldiario.net\/portal\/wp-json\/wp\/v2\/posts\/401480\/revisions"}],"predecessor-version":[{"id":401482,"href":"https:\/\/www.eldiario.net\/portal\/wp-json\/wp\/v2\/posts\/401480\/revisions\/401482"}],"wp:featuredmedia":[{"embeddable":true,"href":"https:\/\/www.eldiario.net\/portal\/wp-json\/wp\/v2\/media\/401481"}],"wp:attachment":[{"href":"https:\/\/www.eldiario.net\/portal\/wp-json\/wp\/v2\/media?parent=401480"}],"wp:term":[{"taxonomy":"category","embeddable":true,"href":"https:\/\/www.eldiario.net\/portal\/wp-json\/wp\/v2\/categories?post=401480"},{"taxonomy":"post_tag","embeddable":true,"href":"https:\/\/www.eldiario.net\/portal\/wp-json\/wp\/v2\/tags?post=401480"}],"curies":[{"name":"wp","href":"https:\/\/api.w.org\/{rel}","templated":true}]}}