{"id":40146,"date":"2021-11-01T05:27:57","date_gmt":"2021-11-01T09:27:57","guid":{"rendered":"https:\/\/www.eldiario.net\/portal\/?p=40146"},"modified":"2021-11-01T05:27:57","modified_gmt":"2021-11-01T09:27:57","slug":"mejora-economica-anulada-por-crisis-interna","status":"publish","type":"post","link":"https:\/\/www.eldiario.net\/portal\/2021\/11\/01\/mejora-economica-anulada-por-crisis-interna\/","title":{"rendered":"Mejora econ\u00f3mica  anulada por crisis interna"},"content":{"rendered":"<p><em><span class=\"dropcap \" style=\"background-color: #ffffff; color: #000000; border-color: #ffffff;\">E<\/span>n la misma forma que cuando alrededor de hace de quince a\u00f1os, el pa\u00eds mejor\u00f3 su estado econ\u00f3mico debido el alza s\u00fabita y desconocida de los precios de las materias primas que exportaba el pa\u00eds (gas, esta\u00f1o y otros), al presente se produce un fen\u00f3meno parecido que podr\u00eda originar una nueva etapa de abundancia.<\/em><br \/>\n<em>En efecto, el precio del petr\u00f3leo, que hab\u00eda ca\u00eddo a los 40 d\u00f3lares el barril (y que no daba muestras de recuperaci\u00f3n), en recuentes semanas ha subido a algo m\u00e1s de 84 d\u00f3lares el barril, ofreciendo llegar a los cien d\u00f3lares.<\/em><br \/>\n<em>Por otro lado, el precio de la soya se ha duplicado, de 300 a 600 d\u00f3lares la tonelada, mientras los precios de otras materias primas tienden a seguir el mismo ritmo. Al mismo tiempo, otra notable fuente de ingresos para el pa\u00eds es el env\u00edo de remesas a Bolivia por parte de trabajadores nacionales, que sacrifican parte de su salario de hambre para favorecer a sus familiares.<\/em><br \/>\n<em>Es de destacar que esos nuevos ingresos, todav\u00eda no ser\u00e1n tan altos como en el per\u00edodo de gobierno de Evo Morales que dur\u00f3 catorce a\u00f1os, cuando el petr\u00f3leo subi\u00f3 de 20 a 150 d\u00f3lares el barril, el del esta\u00f1o de 20 a m\u00e1s de 70 d\u00f3lares la libra y otros productos con promedios parecidos, mientras las remesas de nuestros paisanos fluctuaron anualmente en los mil millones de d\u00f3lares.<\/em><br \/>\n<em>Esa recuperaci\u00f3n de los ingresos provenientes del exterior, sin lugar a duda, crear\u00e1n una mejora en el ambiente financiero del pa\u00eds, pero hay que observar que esa mejor\u00eda no se deber\u00e1 al aumento de la producci\u00f3n interna, sino exclusivamente a la subida de los precios externos. Es m\u00e1s, hay que considerar que la producci\u00f3n interna no est\u00e1 creciendo y que, por el contrario, estar\u00eda disminuyendo por diversos factores, entre ellos la intranquilidad social que tiende a aumentar. En tal sentido, crecen la deuda p\u00fablica y el endeudamiento, la incertidumbre en la econom\u00eda mundial y otros factores que por ser obvios no los citamos.<\/em><br \/>\n<em>Pero lo que principalmente se debe subrayar, es que si el ritmo de mejora de la econom\u00eda (pese a que su origen es exclusivamente externo) se estabiliza o crece m\u00e1s, no se debe repetir el craso error de dedicarse a la corrupci\u00f3n, el despilfarro, la carencia de perspectiva pol\u00edtica en los gastos y otros factores que, en los dos decenios anteriores, no fueron tomados en cuenta para sacar al pa\u00eds del atraso cr\u00f3nico e incre\u00edble que padece, por mal uso de las reservas monetarias.<\/em><br \/>\n<em>Las experiencias recientes en la vida nacional obligan a revisar las pol\u00edticas econ\u00f3micas, de tal manera de reconocer los errores, rectificarlos y, en lo esencial, no repetirlos, lo cual ser\u00eda una estupidez. En ese sentido, el futuro del pa\u00eds se encuentra entre la prosperidad y un nuevo fracaso de proporciones inmensurables.<\/em><\/p>\n","protected":false},"excerpt":{"rendered":"<p>En la misma forma que cuando alrededor de hace de quince a\u00f1os, el pa\u00eds mejor\u00f3 su estado econ\u00f3mico debido el alza s\u00fabita y desconocida de los precios de las materias primas que exportaba el pa\u00eds (gas, esta\u00f1o y otros), al presente se produce un fen\u00f3meno parecido que podr\u00eda originar una nueva etapa de abundancia. En [&hellip;]<\/p>\n","protected":false},"author":1,"featured_media":0,"comment_status":"closed","ping_status":"closed","sticky":false,"template":"","format":"standard","meta":{"_acf_changed":false,"footnotes":""},"categories":[4],"tags":[],"class_list":["post-40146","post","type-post","status-publish","format-standard","category-editorial"],"acf":{"antetitulo":""},"yoast_head":"<!-- This site is optimized with the Yoast SEO plugin v28.4 - https:\/\/yoast.com\/product\/yoast-seo-wordpress\/ -->\n<title>Mejora econ\u00f3mica anulada por crisis interna - El Diario - Bolivia<\/title>\n<meta name=\"robots\" content=\"index, follow, max-snippet:-1, max-image-preview:large, max-video-preview:-1\" \/>\n<link rel=\"canonical\" href=\"https:\/\/www.eldiario.net\/portal\/2021\/11\/01\/mejora-economica-anulada-por-crisis-interna\/\" \/>\n<meta property=\"og:locale\" content=\"es_ES\" \/>\n<meta property=\"og:type\" content=\"article\" \/>\n<meta property=\"og:title\" content=\"Mejora econ\u00f3mica anulada por crisis interna - El Diario - Bolivia\" \/>\n<meta property=\"og:description\" content=\"En la misma forma que cuando alrededor de hace de quince a\u00f1os, el pa\u00eds mejor\u00f3 su estado econ\u00f3mico debido el alza s\u00fabita y desconocida de los precios de las materias primas que exportaba el pa\u00eds (gas, esta\u00f1o y otros), al presente se produce un fen\u00f3meno parecido que podr\u00eda originar una nueva etapa de abundancia. En [&hellip;]\" \/>\n<meta property=\"og:url\" content=\"https:\/\/www.eldiario.net\/portal\/2021\/11\/01\/mejora-economica-anulada-por-crisis-interna\/\" \/>\n<meta property=\"og:site_name\" content=\"El Diario - Bolivia\" \/>\n<meta property=\"article:publisher\" content=\"https:\/\/www.facebook.com\/eldiario.bolivia\/\" \/>\n<meta property=\"article:published_time\" content=\"2021-11-01T09:27:57+00:00\" \/>\n<meta name=\"author\" content=\"Jeanette\" \/>\n<meta name=\"twitter:card\" content=\"summary_large_image\" \/>\n<meta name=\"twitter:creator\" content=\"@eldiario_net\" \/>\n<meta name=\"twitter:site\" content=\"@eldiario_net\" \/>\n<meta name=\"twitter:label1\" content=\"Escrito por\" \/>\n\t<meta name=\"twitter:data1\" content=\"Jeanette\" \/>\n\t<meta name=\"twitter:label2\" content=\"Tiempo de lectura\" \/>\n\t<meta name=\"twitter:data2\" content=\"3 minutos\" \/>\n<script type=\"application\/ld+json\" class=\"yoast-schema-graph\">{\"@context\":\"https:\\\/\\\/schema.org\",\"@graph\":[{\"@type\":\"Article\",\"@id\":\"https:\\\/\\\/www.eldiario.net\\\/portal\\\/2021\\\/11\\\/01\\\/mejora-economica-anulada-por-crisis-interna\\\/#article\",\"isPartOf\":{\"@id\":\"https:\\\/\\\/www.eldiario.net\\\/portal\\\/2021\\\/11\\\/01\\\/mejora-economica-anulada-por-crisis-interna\\\/\"},\"author\":{\"name\":\"Jeanette\",\"@id\":\"https:\\\/\\\/www.eldiario.net\\\/portal\\\/#\\\/schema\\\/person\\\/f46445640444750d7d753ccd04ae01b7\"},\"headline\":\"Mejora econ\u00f3mica anulada por crisis interna\",\"datePublished\":\"2021-11-01T09:27:57+00:00\",\"mainEntityOfPage\":{\"@id\":\"https:\\\/\\\/www.eldiario.net\\\/portal\\\/2021\\\/11\\\/01\\\/mejora-economica-anulada-por-crisis-interna\\\/\"},\"wordCount\":517,\"publisher\":{\"@id\":\"https:\\\/\\\/www.eldiario.net\\\/portal\\\/#organization\"},\"articleSection\":[\"Editorial\"],\"inLanguage\":\"es\"},{\"@type\":\"WebPage\",\"@id\":\"https:\\\/\\\/www.eldiario.net\\\/portal\\\/2021\\\/11\\\/01\\\/mejora-economica-anulada-por-crisis-interna\\\/\",\"url\":\"https:\\\/\\\/www.eldiario.net\\\/portal\\\/2021\\\/11\\\/01\\\/mejora-economica-anulada-por-crisis-interna\\\/\",\"name\":\"Mejora econ\u00f3mica anulada por crisis interna - El Diario - Bolivia\",\"isPartOf\":{\"@id\":\"https:\\\/\\\/www.eldiario.net\\\/portal\\\/#website\"},\"datePublished\":\"2021-11-01T09:27:57+00:00\",\"breadcrumb\":{\"@id\":\"https:\\\/\\\/www.eldiario.net\\\/portal\\\/2021\\\/11\\\/01\\\/mejora-economica-anulada-por-crisis-interna\\\/#breadcrumb\"},\"inLanguage\":\"es\",\"potentialAction\":[{\"@type\":\"ReadAction\",\"target\":[\"https:\\\/\\\/www.eldiario.net\\\/portal\\\/2021\\\/11\\\/01\\\/mejora-economica-anulada-por-crisis-interna\\\/\"]}]},{\"@type\":\"BreadcrumbList\",\"@id\":\"https:\\\/\\\/www.eldiario.net\\\/portal\\\/2021\\\/11\\\/01\\\/mejora-economica-anulada-por-crisis-interna\\\/#breadcrumb\",\"itemListElement\":[{\"@type\":\"ListItem\",\"position\":1,\"name\":\"Portada\",\"item\":\"https:\\\/\\\/www.eldiario.net\\\/portal\\\/\"},{\"@type\":\"ListItem\",\"position\":2,\"name\":\"Mejora econ\u00f3mica anulada por crisis interna\"}]},{\"@type\":\"WebSite\",\"@id\":\"https:\\\/\\\/www.eldiario.net\\\/portal\\\/#website\",\"url\":\"https:\\\/\\\/www.eldiario.net\\\/portal\\\/\",\"name\":\"El Diario - Decano de la prensa nacional\",\"description\":\"El Diario - Decano de la prensa nacional\",\"publisher\":{\"@id\":\"https:\\\/\\\/www.eldiario.net\\\/portal\\\/#organization\"},\"potentialAction\":[{\"@type\":\"SearchAction\",\"target\":{\"@type\":\"EntryPoint\",\"urlTemplate\":\"https:\\\/\\\/www.eldiario.net\\\/portal\\\/?s={search_term_string}\"},\"query-input\":{\"@type\":\"PropertyValueSpecification\",\"valueRequired\":true,\"valueName\":\"search_term_string\"}}],\"inLanguage\":\"es\"},{\"@type\":\"Organization\",\"@id\":\"https:\\\/\\\/www.eldiario.net\\\/portal\\\/#organization\",\"name\":\"El Diario - Decano de la prensa nacional\",\"url\":\"https:\\\/\\\/www.eldiario.net\\\/portal\\\/\",\"logo\":{\"@type\":\"ImageObject\",\"inLanguage\":\"es\",\"@id\":\"https:\\\/\\\/www.eldiario.net\\\/portal\\\/#\\\/schema\\\/logo\\\/image\\\/\",\"url\":\"https:\\\/\\\/www.eldiario.net\\\/portal\\\/wp-content\\\/uploads\\\/2023\\\/07\\\/logo_ED.jpg\",\"contentUrl\":\"https:\\\/\\\/www.eldiario.net\\\/portal\\\/wp-content\\\/uploads\\\/2023\\\/07\\\/logo_ED.jpg\",\"width\":272,\"height\":52,\"caption\":\"El Diario - Decano de la prensa nacional\"},\"image\":{\"@id\":\"https:\\\/\\\/www.eldiario.net\\\/portal\\\/#\\\/schema\\\/logo\\\/image\\\/\"},\"sameAs\":[\"https:\\\/\\\/www.facebook.com\\\/eldiario.bolivia\\\/\",\"https:\\\/\\\/x.com\\\/eldiario_net\"]},{\"@type\":\"Person\",\"@id\":\"https:\\\/\\\/www.eldiario.net\\\/portal\\\/#\\\/schema\\\/person\\\/f46445640444750d7d753ccd04ae01b7\",\"name\":\"Jeanette\",\"image\":{\"@type\":\"ImageObject\",\"inLanguage\":\"es\",\"@id\":\"https:\\\/\\\/secure.gravatar.com\\\/avatar\\\/3ea2118a5f7dad2b7138b1187a6b7ee55f160b9968b66013c3a3ef39dd7e5798?s=96&d=mm&r=g\",\"url\":\"https:\\\/\\\/secure.gravatar.com\\\/avatar\\\/3ea2118a5f7dad2b7138b1187a6b7ee55f160b9968b66013c3a3ef39dd7e5798?s=96&d=mm&r=g\",\"contentUrl\":\"https:\\\/\\\/secure.gravatar.com\\\/avatar\\\/3ea2118a5f7dad2b7138b1187a6b7ee55f160b9968b66013c3a3ef39dd7e5798?s=96&d=mm&r=g\",\"caption\":\"Jeanette\"},\"sameAs\":[\"https:\\\/\\\/www.eldiario.net\\\/portal\"],\"url\":\"https:\\\/\\\/www.eldiario.net\\\/portal\\\/author\\\/jeanette\\\/\"}]}<\/script>\n<!-- \/ Yoast SEO plugin. -->","yoast_head_json":{"title":"Mejora econ\u00f3mica anulada por crisis interna - El Diario - Bolivia","robots":{"index":"index","follow":"follow","max-snippet":"max-snippet:-1","max-image-preview":"max-image-preview:large","max-video-preview":"max-video-preview:-1"},"canonical":"https:\/\/www.eldiario.net\/portal\/2021\/11\/01\/mejora-economica-anulada-por-crisis-interna\/","og_locale":"es_ES","og_type":"article","og_title":"Mejora econ\u00f3mica anulada por crisis interna - El Diario - Bolivia","og_description":"En la misma forma que cuando alrededor de hace de quince a\u00f1os, el pa\u00eds mejor\u00f3 su estado econ\u00f3mico debido el alza s\u00fabita y desconocida de los precios de las materias primas que exportaba el pa\u00eds (gas, esta\u00f1o y otros), al presente se produce un fen\u00f3meno parecido que podr\u00eda originar una nueva etapa de abundancia. En [&hellip;]","og_url":"https:\/\/www.eldiario.net\/portal\/2021\/11\/01\/mejora-economica-anulada-por-crisis-interna\/","og_site_name":"El Diario - Bolivia","article_publisher":"https:\/\/www.facebook.com\/eldiario.bolivia\/","article_published_time":"2021-11-01T09:27:57+00:00","author":"Jeanette","twitter_card":"summary_large_image","twitter_creator":"@eldiario_net","twitter_site":"@eldiario_net","twitter_misc":{"Escrito por":"Jeanette","Tiempo de lectura":"3 minutos"},"schema":{"@context":"https:\/\/schema.org","@graph":[{"@type":"Article","@id":"https:\/\/www.eldiario.net\/portal\/2021\/11\/01\/mejora-economica-anulada-por-crisis-interna\/#article","isPartOf":{"@id":"https:\/\/www.eldiario.net\/portal\/2021\/11\/01\/mejora-economica-anulada-por-crisis-interna\/"},"author":{"name":"Jeanette","@id":"https:\/\/www.eldiario.net\/portal\/#\/schema\/person\/f46445640444750d7d753ccd04ae01b7"},"headline":"Mejora econ\u00f3mica anulada por crisis interna","datePublished":"2021-11-01T09:27:57+00:00","mainEntityOfPage":{"@id":"https:\/\/www.eldiario.net\/portal\/2021\/11\/01\/mejora-economica-anulada-por-crisis-interna\/"},"wordCount":517,"publisher":{"@id":"https:\/\/www.eldiario.net\/portal\/#organization"},"articleSection":["Editorial"],"inLanguage":"es"},{"@type":"WebPage","@id":"https:\/\/www.eldiario.net\/portal\/2021\/11\/01\/mejora-economica-anulada-por-crisis-interna\/","url":"https:\/\/www.eldiario.net\/portal\/2021\/11\/01\/mejora-economica-anulada-por-crisis-interna\/","name":"Mejora econ\u00f3mica anulada por crisis interna - El Diario - Bolivia","isPartOf":{"@id":"https:\/\/www.eldiario.net\/portal\/#website"},"datePublished":"2021-11-01T09:27:57+00:00","breadcrumb":{"@id":"https:\/\/www.eldiario.net\/portal\/2021\/11\/01\/mejora-economica-anulada-por-crisis-interna\/#breadcrumb"},"inLanguage":"es","potentialAction":[{"@type":"ReadAction","target":["https:\/\/www.eldiario.net\/portal\/2021\/11\/01\/mejora-economica-anulada-por-crisis-interna\/"]}]},{"@type":"BreadcrumbList","@id":"https:\/\/www.eldiario.net\/portal\/2021\/11\/01\/mejora-economica-anulada-por-crisis-interna\/#breadcrumb","itemListElement":[{"@type":"ListItem","position":1,"name":"Portada","item":"https:\/\/www.eldiario.net\/portal\/"},{"@type":"ListItem","position":2,"name":"Mejora econ\u00f3mica anulada por crisis interna"}]},{"@type":"WebSite","@id":"https:\/\/www.eldiario.net\/portal\/#website","url":"https:\/\/www.eldiario.net\/portal\/","name":"El Diario - Decano de la prensa nacional","description":"El Diario - Decano de la prensa nacional","publisher":{"@id":"https:\/\/www.eldiario.net\/portal\/#organization"},"potentialAction":[{"@type":"SearchAction","target":{"@type":"EntryPoint","urlTemplate":"https:\/\/www.eldiario.net\/portal\/?s={search_term_string}"},"query-input":{"@type":"PropertyValueSpecification","valueRequired":true,"valueName":"search_term_string"}}],"inLanguage":"es"},{"@type":"Organization","@id":"https:\/\/www.eldiario.net\/portal\/#organization","name":"El Diario - Decano de la prensa nacional","url":"https:\/\/www.eldiario.net\/portal\/","logo":{"@type":"ImageObject","inLanguage":"es","@id":"https:\/\/www.eldiario.net\/portal\/#\/schema\/logo\/image\/","url":"https:\/\/www.eldiario.net\/portal\/wp-content\/uploads\/2023\/07\/logo_ED.jpg","contentUrl":"https:\/\/www.eldiario.net\/portal\/wp-content\/uploads\/2023\/07\/logo_ED.jpg","width":272,"height":52,"caption":"El Diario - Decano de la prensa nacional"},"image":{"@id":"https:\/\/www.eldiario.net\/portal\/#\/schema\/logo\/image\/"},"sameAs":["https:\/\/www.facebook.com\/eldiario.bolivia\/","https:\/\/x.com\/eldiario_net"]},{"@type":"Person","@id":"https:\/\/www.eldiario.net\/portal\/#\/schema\/person\/f46445640444750d7d753ccd04ae01b7","name":"Jeanette","image":{"@type":"ImageObject","inLanguage":"es","@id":"https:\/\/secure.gravatar.com\/avatar\/3ea2118a5f7dad2b7138b1187a6b7ee55f160b9968b66013c3a3ef39dd7e5798?s=96&d=mm&r=g","url":"https:\/\/secure.gravatar.com\/avatar\/3ea2118a5f7dad2b7138b1187a6b7ee55f160b9968b66013c3a3ef39dd7e5798?s=96&d=mm&r=g","contentUrl":"https:\/\/secure.gravatar.com\/avatar\/3ea2118a5f7dad2b7138b1187a6b7ee55f160b9968b66013c3a3ef39dd7e5798?s=96&d=mm&r=g","caption":"Jeanette"},"sameAs":["https:\/\/www.eldiario.net\/portal"],"url":"https:\/\/www.eldiario.net\/portal\/author\/jeanette\/"}]}},"_links":{"self":[{"href":"https:\/\/www.eldiario.net\/portal\/wp-json\/wp\/v2\/posts\/40146","targetHints":{"allow":["GET"]}}],"collection":[{"href":"https:\/\/www.eldiario.net\/portal\/wp-json\/wp\/v2\/posts"}],"about":[{"href":"https:\/\/www.eldiario.net\/portal\/wp-json\/wp\/v2\/types\/post"}],"author":[{"embeddable":true,"href":"https:\/\/www.eldiario.net\/portal\/wp-json\/wp\/v2\/users\/1"}],"replies":[{"embeddable":true,"href":"https:\/\/www.eldiario.net\/portal\/wp-json\/wp\/v2\/comments?post=40146"}],"version-history":[{"count":0,"href":"https:\/\/www.eldiario.net\/portal\/wp-json\/wp\/v2\/posts\/40146\/revisions"}],"wp:attachment":[{"href":"https:\/\/www.eldiario.net\/portal\/wp-json\/wp\/v2\/media?parent=40146"}],"wp:term":[{"taxonomy":"category","embeddable":true,"href":"https:\/\/www.eldiario.net\/portal\/wp-json\/wp\/v2\/categories?post=40146"},{"taxonomy":"post_tag","embeddable":true,"href":"https:\/\/www.eldiario.net\/portal\/wp-json\/wp\/v2\/tags?post=40146"}],"curies":[{"name":"wp","href":"https:\/\/api.w.org\/{rel}","templated":true}]}}